{"id":11846,"date":"2017-10-11T19:21:01","date_gmt":"2017-10-12T00:21:01","guid":{"rendered":"http:\/\/www.zonacaral.gob.pe\/?p=11846"},"modified":"2017-10-11T19:21:01","modified_gmt":"2017-10-12T00:21:01","slug":"revelan-rostro-de-la-dama-de-los-cuatro-tupus-soberana-de-la-civilizacion-caral","status":"publish","type":"post","link":"http:\/\/zonacaral.gob.pe\/en\/noticias\/revelan-rostro-de-la-dama-de-los-cuatro-tupus-soberana-de-la-civilizacion-caral\/","title":{"rendered":"Revelan rostro de la Dama de los Cuatro Tupus"},"content":{"rendered":"<figure class=\"pic-autor\" style=\"color: #4d4d4d; text-align: justify;\"><\/figure>\n<p style=\"text-align: justify;\">El misterio que embargaba sobre la identidad de una mujer de alto estatus social en la civilizaci\u00f3n Caral, llamada la \u201cDama de los Cuatro Tupus\u201d, cuyos restos fueron encontrados en el sitio arqueol\u00f3gico \u00c1spero, fue revelado hoy con la presentaci\u00f3n de su rostro reconstruido gracias a la tecnolog\u00eda en tercera dimensi\u00f3n o 3D.<\/p>\n<p style=\"text-align: justify;\"><img fetchpriority=\"high\" decoding=\"async\" class=\"alignnone wp-image-11852\" src=\"http:\/\/www.zonacaral.gob.pe\/wp-content\/uploads\/2017\/10\/dama-cuatro-tupus-rostro-02.jpg\" alt=\"dama-cuatro-tupus-rostro-02\" width=\"300\" height=\"200\" srcset=\"https:\/\/zonacaral.gob.pe\/wp-content\/uploads\/2017\/10\/dama-cuatro-tupus-rostro-02.jpg 1800w, https:\/\/zonacaral.gob.pe\/wp-content\/uploads\/2017\/10\/dama-cuatro-tupus-rostro-02-300x200.jpg 300w, https:\/\/zonacaral.gob.pe\/wp-content\/uploads\/2017\/10\/dama-cuatro-tupus-rostro-02-1024x683.jpg 1024w, https:\/\/zonacaral.gob.pe\/wp-content\/uploads\/2017\/10\/dama-cuatro-tupus-rostro-02-768x512.jpg 768w, https:\/\/zonacaral.gob.pe\/wp-content\/uploads\/2017\/10\/dama-cuatro-tupus-rostro-02-1536x1024.jpg 1536w\" sizes=\"(max-width: 300px) 100vw, 300px\" \/><img decoding=\"async\" class=\"alignnone wp-image-11851\" src=\"http:\/\/www.zonacaral.gob.pe\/wp-content\/uploads\/2017\/10\/dama-cuatro-tupus-rostro-03.jpg\" alt=\"dama-cuatro-tupus-rostro-03\" width=\"300\" height=\"200\" srcset=\"https:\/\/zonacaral.gob.pe\/wp-content\/uploads\/2017\/10\/dama-cuatro-tupus-rostro-03.jpg 1800w, https:\/\/zonacaral.gob.pe\/wp-content\/uploads\/2017\/10\/dama-cuatro-tupus-rostro-03-300x200.jpg 300w, https:\/\/zonacaral.gob.pe\/wp-content\/uploads\/2017\/10\/dama-cuatro-tupus-rostro-03-1024x683.jpg 1024w, https:\/\/zonacaral.gob.pe\/wp-content\/uploads\/2017\/10\/dama-cuatro-tupus-rostro-03-768x512.jpg 768w, https:\/\/zonacaral.gob.pe\/wp-content\/uploads\/2017\/10\/dama-cuatro-tupus-rostro-03-1536x1024.jpg 1536w\" sizes=\"(max-width: 300px) 100vw, 300px\" \/><\/p>\n<p style=\"text-align: justify;\">En conferencia de prensa, el dise\u00f1ador en 3D brasile\u00f1o C\u00edcero Moraes, encargado de esta compleja labor, destac\u00f3 que este es el resultado de la aplicaci\u00f3n de nuevas tecnolog\u00edas a la reconstrucci\u00f3n facial forense que demand\u00f3 un plazo de dos meses y tuvo un car\u00e1cter multidisciplinario dado que se coordin\u00f3 estrechamente con los arque\u00f3logos de la Zona Arqueol\u00f3gica Caral.<\/p>\n<p style=\"text-align: justify;\"><img decoding=\"async\" class=\"alignnone wp-image-11847 size-full\" src=\"http:\/\/www.zonacaral.gob.pe\/wp-content\/uploads\/2017\/10\/dama-cuatro-tupus-rostro-07.jpg\" alt=\"dama-cuatro-tupus-rostro-07\" width=\"500\" height=\"333\" srcset=\"https:\/\/zonacaral.gob.pe\/wp-content\/uploads\/2017\/10\/dama-cuatro-tupus-rostro-07.jpg 500w, https:\/\/zonacaral.gob.pe\/wp-content\/uploads\/2017\/10\/dama-cuatro-tupus-rostro-07-300x200.jpg 300w\" sizes=\"(max-width: 500px) 100vw, 500px\" \/><\/p>\n<p style=\"text-align: justify;\">Refiri\u00f3 que este logro fue posible tambi\u00e9n gracias al acuerdo de cooperaci\u00f3n institucional que suscribieron en mayo de este a\u00f1o la Zona Arqueol\u00f3gica Caral y la Universidad Inca Garcilaso de la Vega, para llevar a cabo el proyecto \u201cReconstrucci\u00f3n facial forense de la Dama de los Cuatro Tupus\u201d.<\/p>\n<p style=\"text-align: justify;\">Moraes -quien tambi\u00e9n tuvo a su cargo la reconstrucci\u00f3n facial de los santos peruanos Santa Rosa de Lima y San Mart\u00edn de Porres, as\u00ed como del Se\u00f1or de Sip\u00e1n y de la Se\u00f1ora de K\u2019anamarka- sostuvo que en el caso de la Dama de los Cuatro Tupus, el trabajo fue distinto dado que, a diferencia de los restos \u00f3seos de los casos antes mencionados, en el de este personaje femenino se encontr\u00f3 una deformaci\u00f3n en la estructura izquierda del rostro.<\/p>\n<p style=\"text-align: justify;\"><img loading=\"lazy\" decoding=\"async\" class=\"alignnone wp-image-11850\" src=\"http:\/\/www.zonacaral.gob.pe\/wp-content\/uploads\/2017\/10\/dama-cuatro-tupus-rostro-04.jpg\" alt=\"dama-cuatro-tupus-rostro-04\" width=\"500\" height=\"333\" srcset=\"https:\/\/zonacaral.gob.pe\/wp-content\/uploads\/2017\/10\/dama-cuatro-tupus-rostro-04.jpg 1800w, https:\/\/zonacaral.gob.pe\/wp-content\/uploads\/2017\/10\/dama-cuatro-tupus-rostro-04-300x200.jpg 300w, https:\/\/zonacaral.gob.pe\/wp-content\/uploads\/2017\/10\/dama-cuatro-tupus-rostro-04-1024x683.jpg 1024w, https:\/\/zonacaral.gob.pe\/wp-content\/uploads\/2017\/10\/dama-cuatro-tupus-rostro-04-768x512.jpg 768w, https:\/\/zonacaral.gob.pe\/wp-content\/uploads\/2017\/10\/dama-cuatro-tupus-rostro-04-1536x1024.jpg 1536w\" sizes=\"(max-width: 500px) 100vw, 500px\" \/><\/p>\n<p style=\"text-align: justify;\">\u201cAqu\u00ed tuvimos que tener mucho cuidado para hacer esta reconstrucci\u00f3n y tuvimos que hablar mucho con los arque\u00f3logos para realizar una reconstrucci\u00f3n cient\u00edfica para que sea compatible con el rostro de la persona\u201d, manifest\u00f3.<\/p>\n<p style=\"text-align: justify;\">El experto dijo que el proceso comenz\u00f3 con la toma de fotograf\u00edas del cr\u00e1neo en su totalidad y despu\u00e9s se retir\u00f3 la masa oscura que ten\u00eda en la zona izquierda. A continuaci\u00f3n, se reconstruy\u00f3 esa zona reproduciendo a manera de \u201cespejo\u201d con el lado derecho de la cara. Una vez resuelto el desaf\u00edo de la conformaci\u00f3n \u00f3sea, se procedi\u00f3 a colocar m\u00fasculo, piel, cabello, ojos y los dem\u00e1s elementos que permitieran dar forma final a la faz, teniendo siempre presente la informaci\u00f3n proporcionada por los arque\u00f3logos y especialistas de la Zona Arqueol\u00f3gica Caral.<\/p>\n<p style=\"text-align: justify;\"><img loading=\"lazy\" decoding=\"async\" class=\"alignnone wp-image-11849 size-full\" src=\"http:\/\/www.zonacaral.gob.pe\/wp-content\/uploads\/2017\/10\/dama-cuatro-tupus-rostro-05.jpg\" alt=\"dama-cuatro-tupus-rostro-05\" width=\"500\" height=\"333\" srcset=\"https:\/\/zonacaral.gob.pe\/wp-content\/uploads\/2017\/10\/dama-cuatro-tupus-rostro-05.jpg 500w, https:\/\/zonacaral.gob.pe\/wp-content\/uploads\/2017\/10\/dama-cuatro-tupus-rostro-05-300x200.jpg 300w\" sizes=\"(max-width: 500px) 100vw, 500px\" \/><\/p>\n<p style=\"text-align: justify;\">Por su parte, la directora de la Zona Arqueol\u00f3gica Caral, Ruth Shady, destac\u00f3 la revelaci\u00f3n del rostro de la Dama de los Cuatro Tupus y record\u00f3 que el a\u00f1o pasado fue presentado al mundo el hallazgo de un entierro de esta mujer de alto estatus social, encontrado en el sitio arqueol\u00f3gico \u00c1spero, la ciudad pesquera de Caral, ubicada en la localidad de Supe Puerto.<\/p>\n<p style=\"text-align: justify;\">Refiri\u00f3 que los an\u00e1lisis hechos a los restos \u00f3seos indicaron que se trataba de una mujer de aproximadamente 40 a\u00f1os, la cual fue enterrada de acuerdo a su importancia social, con importantes ofrendas y como parte del ajuar funerario fueron colocados objetos muy apreciados en tiempos de la civilizaci\u00f3n Caral.<\/p>\n<p style=\"text-align: justify;\">Se trata de un collar de cuentas de spondylus, un dije en forma de gota elaborado con la valva de un caracol y cuatro \u201ctupus\u201d o prendedores (de ah\u00ed la denominaci\u00f3n de este personaje femenino) con dise\u00f1os de aves y monos, finamente confeccionados con hueso de mam\u00edferos.<\/p>\n<p style=\"text-align: justify;\">\u201cDe acuerdo al lugar donde fue encontrado el entierro de la Dama de los Cuatro Tupus y de los materiales asociados se infiere el alto estatus social que alcanz\u00f3 este personaje femenino hace 4,100 a\u00f1os, as\u00ed como de la interacci\u00f3n intercultural entre la costa, sierra y selva del pa\u00eds, valores socioculturales como la equidad de g\u00e9nero, y el respeto entre diversas culturas con visi\u00f3n de integraci\u00f3n para alcanzar beneficios compartidos\u201d, subray\u00f3 Shady.<\/p>\n<p style=\"text-align: justify;\"><img loading=\"lazy\" decoding=\"async\" class=\"alignnone wp-image-11848 size-full\" src=\"http:\/\/www.zonacaral.gob.pe\/wp-content\/uploads\/2017\/10\/dama-cuatro-tupus-rostro-06.jpg\" alt=\"dama-cuatro-tupus-rostro-06\" width=\"500\" height=\"333\" srcset=\"https:\/\/zonacaral.gob.pe\/wp-content\/uploads\/2017\/10\/dama-cuatro-tupus-rostro-06.jpg 500w, https:\/\/zonacaral.gob.pe\/wp-content\/uploads\/2017\/10\/dama-cuatro-tupus-rostro-06-300x200.jpg 300w\" sizes=\"(max-width: 500px) 100vw, 500px\" \/><\/p>\n<p style=\"text-align: justify;\">La presentaci\u00f3n del rostro de la Dama de los Cuatro Tupus se realiz\u00f3 en el marco de la conmemoraci\u00f3n de los 23 a\u00f1os de investigaci\u00f3n de la civilizaci\u00f3n Caral, acto realizado en la sede del Ministerio de Cultura.<\/p>\n<p style=\"text-align: justify;\"><strong>Fuente:\u00a0<span style=\"color: #993300;\"><a href=\"http:\/\/www.andina.com.pe\/Agencia\/noticia-revelan-rostro-de-dama-los-cuatro-tupus-soberana-de-civilizacion-caral-686068.aspx\"><span style=\"color: #993300;\">Agencia Andina<\/span><\/a><\/span><\/strong><\/p>\n<div style=\"color: #1f1f1f;\">\n<p style=\"text-align: justify;\">Fecha de publicaci\u00f3n: 11\/10\/2017<\/p>\n<\/div>","protected":false},"excerpt":{"rendered":"<p>El misterio que embargaba sobre la identidad de una mujer de alto estatus social en la civilizaci\u00f3n Caral, llamada la [&hellip;]<\/p>\n","protected":false},"author":1,"featured_media":11853,"comment_status":"closed","ping_status":"open","sticky":false,"template":"","format":"standard","meta":{"_acf_changed":false,"site-sidebar-layout":"default","site-content-layout":"","ast-site-content-layout":"default","site-content-style":"default","site-sidebar-style":"default","ast-global-header-display":"","ast-banner-title-visibility":"","ast-main-header-display":"","ast-hfb-above-header-display":"","ast-hfb-below-header-display":"","ast-hfb-mobile-header-display":"","site-post-title":"","ast-breadcrumbs-content":"","ast-featured-img":"","footer-sml-layout":"","ast-disable-related-posts":"","theme-transparent-header-meta":"","adv-header-id-meta":"","stick-header-meta":"","header-above-stick-meta":"","header-main-stick-meta":"","header-below-stick-meta":"","astra-migrate-meta-layouts":"default","ast-page-background-enabled":"default","ast-page-background-meta":{"desktop":{"background-color":"var(--ast-global-color-5)","background-image":"","background-repeat":"repeat","background-position":"center center","background-size":"auto","background-attachment":"scroll","background-type":"","background-media":"","overlay-type":"","overlay-color":"","overlay-opacity":"","overlay-gradient":""},"tablet":{"background-color":"","background-image":"","background-repeat":"repeat","background-position":"center center","background-size":"auto","background-attachment":"scroll","background-type":"","background-media":"","overlay-type":"","overlay-color":"","overlay-opacity":"","overlay-gradient":""},"mobile":{"background-color":"","background-image":"","background-repeat":"repeat","background-position":"center center","background-size":"auto","background-attachment":"scroll","background-type":"","background-media":"","overlay-type":"","overlay-color":"","overlay-opacity":"","overlay-gradient":""}},"ast-content-background-meta":{"desktop":{"background-color":"var(--ast-global-color-4)","background-image":"","background-repeat":"repeat","background-position":"center center","background-size":"auto","background-attachment":"scroll","background-type":"","background-media":"","overlay-type":"","overlay-color":"","overlay-opacity":"","overlay-gradient":""},"tablet":{"background-color":"var(--ast-global-color-4)","background-image":"","background-repeat":"repeat","background-position":"center center","background-size":"auto","background-attachment":"scroll","background-type":"","background-media":"","overlay-type":"","overlay-color":"","overlay-opacity":"","overlay-gradient":""},"mobile":{"background-color":"var(--ast-global-color-4)","background-image":"","background-repeat":"repeat","background-position":"center center","background-size":"auto","background-attachment":"scroll","background-type":"","background-media":"","overlay-type":"","overlay-color":"","overlay-opacity":"","overlay-gradient":""}},"footnotes":""},"categories":[208],"tags":[137,138],"class_list":["post-11846","post","type-post","status-publish","format-standard","has-post-thumbnail","hentry","category-noticias","tag-aniversario-caral","tag-dama-cuatro-tupus"],"acf":[],"yoast_head":"<!-- This site is optimized with the Yoast SEO plugin v27.3 - https:\/\/yoast.com\/product\/yoast-seo-wordpress\/ -->\n<title>Revelan rostro de la Dama de los Cuatro Tupus<\/title>\n<meta name=\"description\" content=\"La identidad de una mujer de alto estatus social en la civilizaci\u00f3n Caral, llamada la \u201cDama de los Cuatro Tupus\u201d, cuyos restos fueron encontrados en el sitio arqueol\u00f3gico \u00c1spero, fue revelado hoy con la presentaci\u00f3n de su rostro reconstruido gracias a la tecnolog\u00eda en tercera dimensi\u00f3n o 3D.\" \/>\n<meta name=\"robots\" content=\"index, follow, max-snippet:-1, max-image-preview:large, max-video-preview:-1\" \/>\n<link rel=\"canonical\" href=\"https:\/\/zonacaral.gob.pe\/en\/noticias\/revelan-rostro-de-la-dama-de-los-cuatro-tupus-soberana-de-la-civilizacion-caral\/\" \/>\n<meta property=\"og:locale\" content=\"en_US\" \/>\n<meta property=\"og:type\" content=\"article\" \/>\n<meta property=\"og:title\" content=\"Revelan rostro de la Dama de los Cuatro Tupus\" \/>\n<meta property=\"og:description\" content=\"La identidad de una mujer de alto estatus social en la civilizaci\u00f3n Caral, llamada la \u201cDama de los Cuatro Tupus\u201d, cuyos restos fueron encontrados en el sitio arqueol\u00f3gico \u00c1spero, fue revelado hoy con la presentaci\u00f3n de su rostro reconstruido gracias a la tecnolog\u00eda en tercera dimensi\u00f3n o 3D.\" \/>\n<meta property=\"og:url\" content=\"https:\/\/zonacaral.gob.pe\/en\/noticias\/revelan-rostro-de-la-dama-de-los-cuatro-tupus-soberana-de-la-civilizacion-caral\/\" \/>\n<meta property=\"og:site_name\" content=\"Zona Caral\" \/>\n<meta property=\"article:published_time\" content=\"2017-10-12T00:21:01+00:00\" \/>\n<meta property=\"og:image\" content=\"https:\/\/zonacaral.gob.pe\/wp-content\/uploads\/2017\/10\/dama-cuatro-tupus-rostro-01.jpg\" \/>\n\t<meta property=\"og:image:width\" content=\"1800\" \/>\n\t<meta property=\"og:image:height\" content=\"1139\" \/>\n\t<meta property=\"og:image:type\" content=\"image\/jpeg\" \/>\n<meta name=\"author\" content=\"Zona Caral Administrador\" \/>\n<meta name=\"twitter:card\" content=\"summary_large_image\" \/>\n<meta name=\"twitter:label1\" content=\"Written by\" \/>\n\t<meta name=\"twitter:data1\" content=\"Zona Caral Administrador\" \/>\n\t<meta name=\"twitter:label2\" content=\"Est. reading time\" \/>\n\t<meta name=\"twitter:data2\" content=\"4 minutes\" \/>\n<script type=\"application\/ld+json\" class=\"yoast-schema-graph\">{\"@context\":\"https:\\\/\\\/schema.org\",\"@graph\":[{\"@type\":\"Article\",\"@id\":\"https:\\\/\\\/zonacaral.gob.pe\\\/es\\\/noticias\\\/revelan-rostro-de-la-dama-de-los-cuatro-tupus-soberana-de-la-civilizacion-caral\\\/#article\",\"isPartOf\":{\"@id\":\"https:\\\/\\\/zonacaral.gob.pe\\\/es\\\/noticias\\\/revelan-rostro-de-la-dama-de-los-cuatro-tupus-soberana-de-la-civilizacion-caral\\\/\"},\"author\":{\"name\":\"Zona Caral Administrador\",\"@id\":\"https:\\\/\\\/zonacaral.gob.pe\\\/es\\\/#\\\/schema\\\/person\\\/beddb4d22f71a7230c5b90913270a0ee\"},\"headline\":\"Revelan rostro de la Dama de los Cuatro Tupus\",\"datePublished\":\"2017-10-12T00:21:01+00:00\",\"mainEntityOfPage\":{\"@id\":\"https:\\\/\\\/zonacaral.gob.pe\\\/es\\\/noticias\\\/revelan-rostro-de-la-dama-de-los-cuatro-tupus-soberana-de-la-civilizacion-caral\\\/\"},\"wordCount\":714,\"image\":{\"@id\":\"https:\\\/\\\/zonacaral.gob.pe\\\/es\\\/noticias\\\/revelan-rostro-de-la-dama-de-los-cuatro-tupus-soberana-de-la-civilizacion-caral\\\/#primaryimage\"},\"thumbnailUrl\":\"https:\\\/\\\/zonacaral.gob.pe\\\/wp-content\\\/uploads\\\/2017\\\/10\\\/dama-cuatro-tupus-rostro-01.jpg\",\"keywords\":[\"aniversario caral\",\"dama cuatro tupus\"],\"articleSection\":[\"noticias\"],\"inLanguage\":\"en-US\"},{\"@type\":\"WebPage\",\"@id\":\"https:\\\/\\\/zonacaral.gob.pe\\\/es\\\/noticias\\\/revelan-rostro-de-la-dama-de-los-cuatro-tupus-soberana-de-la-civilizacion-caral\\\/\",\"url\":\"https:\\\/\\\/zonacaral.gob.pe\\\/es\\\/noticias\\\/revelan-rostro-de-la-dama-de-los-cuatro-tupus-soberana-de-la-civilizacion-caral\\\/\",\"name\":\"Revelan rostro de la Dama de los Cuatro Tupus\",\"isPartOf\":{\"@id\":\"https:\\\/\\\/zonacaral.gob.pe\\\/es\\\/#website\"},\"primaryImageOfPage\":{\"@id\":\"https:\\\/\\\/zonacaral.gob.pe\\\/es\\\/noticias\\\/revelan-rostro-de-la-dama-de-los-cuatro-tupus-soberana-de-la-civilizacion-caral\\\/#primaryimage\"},\"image\":{\"@id\":\"https:\\\/\\\/zonacaral.gob.pe\\\/es\\\/noticias\\\/revelan-rostro-de-la-dama-de-los-cuatro-tupus-soberana-de-la-civilizacion-caral\\\/#primaryimage\"},\"thumbnailUrl\":\"https:\\\/\\\/zonacaral.gob.pe\\\/wp-content\\\/uploads\\\/2017\\\/10\\\/dama-cuatro-tupus-rostro-01.jpg\",\"datePublished\":\"2017-10-12T00:21:01+00:00\",\"author\":{\"@id\":\"https:\\\/\\\/zonacaral.gob.pe\\\/es\\\/#\\\/schema\\\/person\\\/beddb4d22f71a7230c5b90913270a0ee\"},\"description\":\"La identidad de una mujer de alto estatus social en la civilizaci\u00f3n Caral, llamada la \u201cDama de los Cuatro Tupus\u201d, cuyos restos fueron encontrados en el sitio arqueol\u00f3gico \u00c1spero, fue revelado hoy con la presentaci\u00f3n de su rostro reconstruido gracias a la tecnolog\u00eda en tercera dimensi\u00f3n o 3D.\",\"breadcrumb\":{\"@id\":\"https:\\\/\\\/zonacaral.gob.pe\\\/es\\\/noticias\\\/revelan-rostro-de-la-dama-de-los-cuatro-tupus-soberana-de-la-civilizacion-caral\\\/#breadcrumb\"},\"inLanguage\":\"en-US\",\"potentialAction\":[{\"@type\":\"ReadAction\",\"target\":[\"https:\\\/\\\/zonacaral.gob.pe\\\/es\\\/noticias\\\/revelan-rostro-de-la-dama-de-los-cuatro-tupus-soberana-de-la-civilizacion-caral\\\/\"]}]},{\"@type\":\"ImageObject\",\"inLanguage\":\"en-US\",\"@id\":\"https:\\\/\\\/zonacaral.gob.pe\\\/es\\\/noticias\\\/revelan-rostro-de-la-dama-de-los-cuatro-tupus-soberana-de-la-civilizacion-caral\\\/#primaryimage\",\"url\":\"https:\\\/\\\/zonacaral.gob.pe\\\/wp-content\\\/uploads\\\/2017\\\/10\\\/dama-cuatro-tupus-rostro-01.jpg\",\"contentUrl\":\"https:\\\/\\\/zonacaral.gob.pe\\\/wp-content\\\/uploads\\\/2017\\\/10\\\/dama-cuatro-tupus-rostro-01.jpg\",\"width\":1800,\"height\":1139},{\"@type\":\"BreadcrumbList\",\"@id\":\"https:\\\/\\\/zonacaral.gob.pe\\\/es\\\/noticias\\\/revelan-rostro-de-la-dama-de-los-cuatro-tupus-soberana-de-la-civilizacion-caral\\\/#breadcrumb\",\"itemListElement\":[{\"@type\":\"ListItem\",\"position\":1,\"name\":\"Portada\",\"item\":\"https:\\\/\\\/zonacaral.gob.pe\\\/\"},{\"@type\":\"ListItem\",\"position\":2,\"name\":\"Revelan rostro de la Dama de los Cuatro Tupus\"}]},{\"@type\":\"WebSite\",\"@id\":\"https:\\\/\\\/zonacaral.gob.pe\\\/es\\\/#website\",\"url\":\"https:\\\/\\\/zonacaral.gob.pe\\\/es\\\/\",\"name\":\"Zona Caral\",\"description\":\"Investigamos, conservamos y difundimos el patrimonio cultural de la Civilizaci\u00f3n Caral, la m\u00e1s antigua de Am\u00e9rica.\",\"potentialAction\":[{\"@type\":\"SearchAction\",\"target\":{\"@type\":\"EntryPoint\",\"urlTemplate\":\"https:\\\/\\\/zonacaral.gob.pe\\\/es\\\/?s={search_term_string}\"},\"query-input\":{\"@type\":\"PropertyValueSpecification\",\"valueRequired\":true,\"valueName\":\"search_term_string\"}}],\"inLanguage\":\"en-US\"},{\"@type\":\"Person\",\"@id\":\"https:\\\/\\\/zonacaral.gob.pe\\\/es\\\/#\\\/schema\\\/person\\\/beddb4d22f71a7230c5b90913270a0ee\",\"name\":\"Zona Caral Administrador\",\"image\":{\"@type\":\"ImageObject\",\"inLanguage\":\"en-US\",\"@id\":\"https:\\\/\\\/secure.gravatar.com\\\/avatar\\\/e4be162918a696358376de6446614e0f0f4062bdc5d170d6d540ada3d8b58c12?s=96&d=mm&r=g\",\"url\":\"https:\\\/\\\/secure.gravatar.com\\\/avatar\\\/e4be162918a696358376de6446614e0f0f4062bdc5d170d6d540ada3d8b58c12?s=96&d=mm&r=g\",\"contentUrl\":\"https:\\\/\\\/secure.gravatar.com\\\/avatar\\\/e4be162918a696358376de6446614e0f0f4062bdc5d170d6d540ada3d8b58c12?s=96&d=mm&r=g\",\"caption\":\"Zona Caral Administrador\"},\"sameAs\":[\"https:\\\/\\\/zonacaral.gob.pe\"],\"url\":\"http:\\\/\\\/zonacaral.gob.pe\\\/en\\\/noticias\\\/author\\\/ad_zonacaral\\\/\"}]}<\/script>\n<!-- \/ Yoast SEO plugin. -->","yoast_head_json":{"title":"Revelan rostro de la Dama de los Cuatro Tupus","description":"La identidad de una mujer de alto estatus social en la civilizaci\u00f3n Caral, llamada la \u201cDama de los Cuatro Tupus\u201d, cuyos restos fueron encontrados en el sitio arqueol\u00f3gico \u00c1spero, fue revelado hoy con la presentaci\u00f3n de su rostro reconstruido gracias a la tecnolog\u00eda en tercera dimensi\u00f3n o 3D.","robots":{"index":"index","follow":"follow","max-snippet":"max-snippet:-1","max-image-preview":"max-image-preview:large","max-video-preview":"max-video-preview:-1"},"canonical":"https:\/\/zonacaral.gob.pe\/en\/noticias\/revelan-rostro-de-la-dama-de-los-cuatro-tupus-soberana-de-la-civilizacion-caral\/","og_locale":"en_US","og_type":"article","og_title":"Revelan rostro de la Dama de los Cuatro Tupus","og_description":"La identidad de una mujer de alto estatus social en la civilizaci\u00f3n Caral, llamada la \u201cDama de los Cuatro Tupus\u201d, cuyos restos fueron encontrados en el sitio arqueol\u00f3gico \u00c1spero, fue revelado hoy con la presentaci\u00f3n de su rostro reconstruido gracias a la tecnolog\u00eda en tercera dimensi\u00f3n o 3D.","og_url":"https:\/\/zonacaral.gob.pe\/en\/noticias\/revelan-rostro-de-la-dama-de-los-cuatro-tupus-soberana-de-la-civilizacion-caral\/","og_site_name":"Zona Caral","article_published_time":"2017-10-12T00:21:01+00:00","og_image":[{"width":1800,"height":1139,"url":"https:\/\/zonacaral.gob.pe\/wp-content\/uploads\/2017\/10\/dama-cuatro-tupus-rostro-01.jpg","type":"image\/jpeg"}],"author":"Zona Caral Administrador","twitter_card":"summary_large_image","twitter_misc":{"Written by":"Zona Caral Administrador","Est. reading time":"4 minutes"},"schema":{"@context":"https:\/\/schema.org","@graph":[{"@type":"Article","@id":"https:\/\/zonacaral.gob.pe\/es\/noticias\/revelan-rostro-de-la-dama-de-los-cuatro-tupus-soberana-de-la-civilizacion-caral\/#article","isPartOf":{"@id":"https:\/\/zonacaral.gob.pe\/es\/noticias\/revelan-rostro-de-la-dama-de-los-cuatro-tupus-soberana-de-la-civilizacion-caral\/"},"author":{"name":"Zona Caral Administrador","@id":"https:\/\/zonacaral.gob.pe\/es\/#\/schema\/person\/beddb4d22f71a7230c5b90913270a0ee"},"headline":"Revelan rostro de la Dama de los Cuatro Tupus","datePublished":"2017-10-12T00:21:01+00:00","mainEntityOfPage":{"@id":"https:\/\/zonacaral.gob.pe\/es\/noticias\/revelan-rostro-de-la-dama-de-los-cuatro-tupus-soberana-de-la-civilizacion-caral\/"},"wordCount":714,"image":{"@id":"https:\/\/zonacaral.gob.pe\/es\/noticias\/revelan-rostro-de-la-dama-de-los-cuatro-tupus-soberana-de-la-civilizacion-caral\/#primaryimage"},"thumbnailUrl":"https:\/\/zonacaral.gob.pe\/wp-content\/uploads\/2017\/10\/dama-cuatro-tupus-rostro-01.jpg","keywords":["aniversario caral","dama cuatro tupus"],"articleSection":["noticias"],"inLanguage":"en-US"},{"@type":"WebPage","@id":"https:\/\/zonacaral.gob.pe\/es\/noticias\/revelan-rostro-de-la-dama-de-los-cuatro-tupus-soberana-de-la-civilizacion-caral\/","url":"https:\/\/zonacaral.gob.pe\/es\/noticias\/revelan-rostro-de-la-dama-de-los-cuatro-tupus-soberana-de-la-civilizacion-caral\/","name":"Revelan rostro de la Dama de los Cuatro Tupus","isPartOf":{"@id":"https:\/\/zonacaral.gob.pe\/es\/#website"},"primaryImageOfPage":{"@id":"https:\/\/zonacaral.gob.pe\/es\/noticias\/revelan-rostro-de-la-dama-de-los-cuatro-tupus-soberana-de-la-civilizacion-caral\/#primaryimage"},"image":{"@id":"https:\/\/zonacaral.gob.pe\/es\/noticias\/revelan-rostro-de-la-dama-de-los-cuatro-tupus-soberana-de-la-civilizacion-caral\/#primaryimage"},"thumbnailUrl":"https:\/\/zonacaral.gob.pe\/wp-content\/uploads\/2017\/10\/dama-cuatro-tupus-rostro-01.jpg","datePublished":"2017-10-12T00:21:01+00:00","author":{"@id":"https:\/\/zonacaral.gob.pe\/es\/#\/schema\/person\/beddb4d22f71a7230c5b90913270a0ee"},"description":"La identidad de una mujer de alto estatus social en la civilizaci\u00f3n Caral, llamada la \u201cDama de los Cuatro Tupus\u201d, cuyos restos fueron encontrados en el sitio arqueol\u00f3gico \u00c1spero, fue revelado hoy con la presentaci\u00f3n de su rostro reconstruido gracias a la tecnolog\u00eda en tercera dimensi\u00f3n o 3D.","breadcrumb":{"@id":"https:\/\/zonacaral.gob.pe\/es\/noticias\/revelan-rostro-de-la-dama-de-los-cuatro-tupus-soberana-de-la-civilizacion-caral\/#breadcrumb"},"inLanguage":"en-US","potentialAction":[{"@type":"ReadAction","target":["https:\/\/zonacaral.gob.pe\/es\/noticias\/revelan-rostro-de-la-dama-de-los-cuatro-tupus-soberana-de-la-civilizacion-caral\/"]}]},{"@type":"ImageObject","inLanguage":"en-US","@id":"https:\/\/zonacaral.gob.pe\/es\/noticias\/revelan-rostro-de-la-dama-de-los-cuatro-tupus-soberana-de-la-civilizacion-caral\/#primaryimage","url":"https:\/\/zonacaral.gob.pe\/wp-content\/uploads\/2017\/10\/dama-cuatro-tupus-rostro-01.jpg","contentUrl":"https:\/\/zonacaral.gob.pe\/wp-content\/uploads\/2017\/10\/dama-cuatro-tupus-rostro-01.jpg","width":1800,"height":1139},{"@type":"BreadcrumbList","@id":"https:\/\/zonacaral.gob.pe\/es\/noticias\/revelan-rostro-de-la-dama-de-los-cuatro-tupus-soberana-de-la-civilizacion-caral\/#breadcrumb","itemListElement":[{"@type":"ListItem","position":1,"name":"Portada","item":"https:\/\/zonacaral.gob.pe\/"},{"@type":"ListItem","position":2,"name":"Revelan rostro de la Dama de los Cuatro Tupus"}]},{"@type":"WebSite","@id":"https:\/\/zonacaral.gob.pe\/es\/#website","url":"https:\/\/zonacaral.gob.pe\/es\/","name":"Zona Caral","description":"Investigamos, conservamos y difundimos el patrimonio cultural de la Civilizaci\u00f3n Caral, la m\u00e1s antigua de Am\u00e9rica.","potentialAction":[{"@type":"SearchAction","target":{"@type":"EntryPoint","urlTemplate":"https:\/\/zonacaral.gob.pe\/es\/?s={search_term_string}"},"query-input":{"@type":"PropertyValueSpecification","valueRequired":true,"valueName":"search_term_string"}}],"inLanguage":"en-US"},{"@type":"Person","@id":"https:\/\/zonacaral.gob.pe\/es\/#\/schema\/person\/beddb4d22f71a7230c5b90913270a0ee","name":"Zona Caral Administrador","image":{"@type":"ImageObject","inLanguage":"en-US","@id":"https:\/\/secure.gravatar.com\/avatar\/e4be162918a696358376de6446614e0f0f4062bdc5d170d6d540ada3d8b58c12?s=96&d=mm&r=g","url":"https:\/\/secure.gravatar.com\/avatar\/e4be162918a696358376de6446614e0f0f4062bdc5d170d6d540ada3d8b58c12?s=96&d=mm&r=g","contentUrl":"https:\/\/secure.gravatar.com\/avatar\/e4be162918a696358376de6446614e0f0f4062bdc5d170d6d540ada3d8b58c12?s=96&d=mm&r=g","caption":"Zona Caral Administrador"},"sameAs":["https:\/\/zonacaral.gob.pe"],"url":"http:\/\/zonacaral.gob.pe\/en\/noticias\/author\/ad_zonacaral\/"}]}},"_links":{"self":[{"href":"http:\/\/zonacaral.gob.pe\/en\/wp-json\/wp\/v2\/posts\/11846","targetHints":{"allow":["GET"]}}],"collection":[{"href":"http:\/\/zonacaral.gob.pe\/en\/wp-json\/wp\/v2\/posts"}],"about":[{"href":"http:\/\/zonacaral.gob.pe\/en\/wp-json\/wp\/v2\/types\/post"}],"author":[{"embeddable":true,"href":"http:\/\/zonacaral.gob.pe\/en\/wp-json\/wp\/v2\/users\/1"}],"replies":[{"embeddable":true,"href":"http:\/\/zonacaral.gob.pe\/en\/wp-json\/wp\/v2\/comments?post=11846"}],"version-history":[{"count":0,"href":"http:\/\/zonacaral.gob.pe\/en\/wp-json\/wp\/v2\/posts\/11846\/revisions"}],"wp:featuredmedia":[{"embeddable":true,"href":"http:\/\/zonacaral.gob.pe\/en\/wp-json\/wp\/v2\/media\/11853"}],"wp:attachment":[{"href":"http:\/\/zonacaral.gob.pe\/en\/wp-json\/wp\/v2\/media?parent=11846"}],"wp:term":[{"taxonomy":"category","embeddable":true,"href":"http:\/\/zonacaral.gob.pe\/en\/wp-json\/wp\/v2\/categories?post=11846"},{"taxonomy":"post_tag","embeddable":true,"href":"http:\/\/zonacaral.gob.pe\/en\/wp-json\/wp\/v2\/tags?post=11846"}],"curies":[{"name":"wp","href":"https:\/\/api.w.org\/{rel}","templated":true}]}}