{"id":8890,"date":"2014-12-26T10:56:13","date_gmt":"2014-12-26T15:56:13","guid":{"rendered":"http:\/\/www.zonacaral.gob.pe\/?p=8890"},"modified":"2014-12-26T10:56:13","modified_gmt":"2014-12-26T15:56:13","slug":"ciudadela-de-vichama-una-narrativa-ancestral","status":"publish","type":"post","link":"http:\/\/zonacaral.gob.pe\/en\/noticias\/ciudadela-de-vichama-una-narrativa-ancestral\/","title":{"rendered":"Ciudadela de Vichama: Una narrativa ancestral"},"content":{"rendered":"<blockquote>\n<p style=\"text-align: justify;\"><span style=\"color: #000000;\">La provincia de Huaura, en Per\u00fa, alberga el sitio arqueol\u00f3gico de Vichama, que se remonta al a\u00f1o 3000 a.C<\/span><\/p>\n<\/blockquote>\n<p style=\"text-align: justify;\">Tras un caser\u00edo espont\u00e1neo en el distrito de V\u00e9gueta, en la provincia peruana de Huaura, se alberga un importante hallazgo.<\/p>\n<p style=\"text-align: justify;\">M\u00e1s de 3 mil a\u00f1os enterrados bajo la arenisca no pudieron desintegrar el historial de los primeros ocupantes del continente americano.<\/p>\n<p style=\"text-align: justify;\">Es as\u00ed como al norte de la carretera Panamericana se erige un conjunto de edificaciones petrificado en el tiempo y a la espera de ser decodificado.<\/p>\n<p style=\"text-align: justify;\">As\u00ed lo dan a entender los especialistas a cargo del sitio arqueol\u00f3gico Vichama, que luego de su hallazgo en 2007, han puesto empe\u00f1o en conocer las particularidades de esta ciudadela.<\/p>\n<p style=\"text-align: justify;\">En un recorrido por esta zona, organizado por el Ministerio de Ambiente de Per\u00fa, este diario pudo conocer, de primera mano, algunos avances logrados en el yacimiento.<\/p>\n<p style=\"text-align: justify;\">Durante el trayecto, el arque\u00f3logo y jefe de campo de Vichama, Pedro Vargas, explic\u00f3 que el asentamiento fue hallado por la antrop\u00f3loga peruana Ruth Shady, reconocida por el proyecto de revalorizaci\u00f3n arqueol\u00f3gica en la Ciudad Sagrada de Caral, Per\u00fa.<\/p>\n<p style=\"text-align: justify;\">Unas 136 hect\u00e1reas comprenden el complejo formado por estructuras piramidales y monumentos pertenecientes al per\u00edodo arcaico tard\u00edo, aproximadamente entre el a\u00f1o 3000 a 1800 a.C.<\/p>\n<p style=\"text-align: justify;\">A Vichama se le relaciona con la cultura caralina, conocida tambi\u00e9n como la primera civilizaci\u00f3n andina.<\/p>\n<p style=\"text-align: justify;\">\u201cParticip\u00f3 en las primeras redes de interacci\u00f3n de Caral\u201d, informa el sitio oficial del Municipio de V\u00e9gueta, que expone en el centro de esa comunidad una muestra permanente con los hallazgos rescatados por el equipo de investigadores en Vichama.<\/p>\n<h3 style=\"text-align: justify;\">\u00a0AGROPESQUEROS<\/h3>\n<p style=\"text-align: justify;\">Como Caral, la ciudad de Vichama sobresale como un asentamiento sostenible por sus pr\u00e1cticas de reciclaje, eficiencia energ\u00e9tica y tecnolog\u00eda de construcci\u00f3n.<\/p>\n<p style=\"text-align: justify;\">De acuerdo con la arque\u00f3loga Tania Abad, el complejo actual cuenta con estructuras cuyas funciones a\u00fan se encuentran en estudio. Empero, a la fecha se han contabilizado 12 mont\u00edculos de gran volumen y de mediana altura, adem\u00e1s de otras edificaciones m\u00e1s peque\u00f1as, que cuentan con amplios espacios que pudieron servir para posibles actividades dom\u00e9sticas.<\/p>\n<p style=\"text-align: justify;\">Vichama se halla situada en una explanada contigua a los cerros Halconcillo, pr\u00f3ximo al r\u00edo Huaura y bastante cerca de la costa del Pac\u00edfico. De ah\u00ed que se le relacione como una ciudad agropesquera, por su ubicaci\u00f3n estrat\u00e9gica entre terreno f\u00e9rtil y el litoral.<\/p>\n<h3 style=\"text-align: justify;\">T\u00c9CNICA PERFECCIONADA<\/h3>\n<p style=\"text-align: justify;\">Durante el recorrido, los arque\u00f3logos explicaron que los pobladores de Vichama fueron sucesores de la antigua civilizaci\u00f3n de Caral que comenzaba a sucumbir.<\/p>\n<p style=\"text-align: justify;\">Es por eso que hay muchos elementos y t\u00e9cnicas similares a las encontradas por Shady en sus exploraciones en ese sitio en la d\u00e9cada de 1990.<\/p>\n<p style=\"text-align: justify;\">Al igual que Caral, la ciudadela agropesquera cuenta con modelos de construcci\u00f3n sostenible, pensada para un territorio de recurrencia s\u00edsmica.<\/p>\n<p style=\"text-align: justify;\">Edificaciones de quincha, piedra y shicras (redes de fibra vegetal) sirvieron como fundamento de construcci\u00f3n, detall\u00f3 Abad, quien a\u00f1adi\u00f3 que asimismo utilizaban los residuos de moluscos y de otras actividades del campo, para crear mezclas que sirvieran de sost\u00e9n para sus edificaciones.<\/p>\n<p style=\"text-align: justify;\">El Sol, el viento y el fuego, fueron sus principales recursos de energ\u00eda. Mientras que los productos de la tierra y proteicos de origen marino, representaron su pir\u00e1mide alimenticia.<\/p>\n<h3 style=\"text-align: justify;\">CAMBIO CLIM\u00c1TICO<\/h3>\n<p style=\"text-align: justify;\">Una gran sequ\u00eda supuso para la civilizaci\u00f3n una problem\u00e1tica que pudo poner en riesgo su seguridad alimentaria y calidad de vida.<\/p>\n<p style=\"text-align: justify;\">As\u00ed suponen los investigadores de Vichama, tras el hallazgo de una serie de figuras en altorrelieve con arcilla.<\/p>\n<p style=\"text-align: justify;\">Los tallados, que han sido encontrados a partir de 2009, podr\u00edan, seg\u00fan la especialista, revelar la posibilidad de un per\u00edodo de sequedad o hambruna que pudo azotar al poblado.<\/p>\n<p style=\"text-align: justify;\">Los vestigios, desvelados en la hondura de un templo ceremonial dentro del complejo de Vichama, muestran una serie de frisos y figuras humanas de aproximadamente 1.70 metro de altura en un supuesto ritual \u201cdonde se hace notoriedad de la deficiencia alimentaria padecida\u201d, explic\u00f3 Abad.<\/p>\n<p style=\"text-align: justify;\">Aunque los exploradores a\u00fan contin\u00faan las investigaciones sobre esta hip\u00f3tesis y el per\u00edodo exacto en que ocurri\u00f3, hasta el momento se presume que la sequ\u00eda pudo haberse desatado en el \u00faltimo per\u00edodo del poblado, por unos 100 a\u00f1os, probablemente.<\/p>\n<p style=\"text-align: justify;\">Por otro lado, otro hallazgo en la parte superior de este templo muestra el relieve de un batracio o sapo fustigado en la frente por un rayo, que, seg\u00fan explicaron los arque\u00f3logos, podr\u00eda tratarse del inicio de una etapa lluviosa que pondr\u00eda fin a la fase de agostamiento.<\/p>\n<p style=\"text-align: justify;\">Esta \u00faltima imagen, seg\u00fan Abad, podr\u00eda interpretarse de esta forma, ya que en la cosmovisi\u00f3n andina el sapo est\u00e1 relacionado con el agua.<\/p>\n<p style=\"text-align: justify;\">Los complejos de Caral y Vichama son contempor\u00e1neos con otras civilizaciones milenarias como la china, la egipcia y la mesopot\u00e1mica, por su complejidad arquitect\u00f3nica organizada con edificios piramidales, plazas y pr\u00e1cticas urbanas definidas.<\/p>\n<p style=\"text-align: justify;\">Hay recorridos guiados disponibles para turistas y personas interesadas en conocer m\u00e1s sobre ambas ciudadelas, a un costo aproximado de 11 nuevos soles (3.70 d\u00f3lares).<\/p>\n<p style=\"text-align: justify;\"><span style=\"color: #000000;\">Fuente:\u00a0<\/span><span style=\"color: #800000;\">(<\/span><a href=\"http:\/\/www.prensa.com\/salud_y_ciencia\/Ciudadela-Vichama-narrativa-ancestral_0_4101340112.html\" target=\"_blank\">www.prensa.com<\/a><span style=\"color: #800000;\">)<\/span><\/p>\n<p style=\"text-align: justify;\">Fecha de publicaci\u00f3n: 23\/12\/2014<\/p>","protected":false},"excerpt":{"rendered":"<p>La provincia de Huaura, en Per\u00fa, alberga el sitio arqueol\u00f3gico de Vichama, que se remonta al a\u00f1o 3000 a.C Tras [&hellip;]<\/p>\n","protected":false},"author":1,"featured_media":8891,"comment_status":"closed","ping_status":"open","sticky":false,"template":"","format":"standard","meta":{"_acf_changed":false,"site-sidebar-layout":"default","site-content-layout":"","ast-site-content-layout":"default","site-content-style":"default","site-sidebar-style":"default","ast-global-header-display":"","ast-banner-title-visibility":"","ast-main-header-display":"","ast-hfb-above-header-display":"","ast-hfb-below-header-display":"","ast-hfb-mobile-header-display":"","site-post-title":"","ast-breadcrumbs-content":"","ast-featured-img":"","footer-sml-layout":"","ast-disable-related-posts":"","theme-transparent-header-meta":"","adv-header-id-meta":"","stick-header-meta":"","header-above-stick-meta":"","header-main-stick-meta":"","header-below-stick-meta":"","astra-migrate-meta-layouts":"default","ast-page-background-enabled":"default","ast-page-background-meta":{"desktop":{"background-color":"var(--ast-global-color-5)","background-image":"","background-repeat":"repeat","background-position":"center center","background-size":"auto","background-attachment":"scroll","background-type":"","background-media":"","overlay-type":"","overlay-color":"","overlay-opacity":"","overlay-gradient":""},"tablet":{"background-color":"","background-image":"","background-repeat":"repeat","background-position":"center center","background-size":"auto","background-attachment":"scroll","background-type":"","background-media":"","overlay-type":"","overlay-color":"","overlay-opacity":"","overlay-gradient":""},"mobile":{"background-color":"","background-image":"","background-repeat":"repeat","background-position":"center center","background-size":"auto","background-attachment":"scroll","background-type":"","background-media":"","overlay-type":"","overlay-color":"","overlay-opacity":"","overlay-gradient":""}},"ast-content-background-meta":{"desktop":{"background-color":"var(--ast-global-color-4)","background-image":"","background-repeat":"repeat","background-position":"center center","background-size":"auto","background-attachment":"scroll","background-type":"","background-media":"","overlay-type":"","overlay-color":"","overlay-opacity":"","overlay-gradient":""},"tablet":{"background-color":"var(--ast-global-color-4)","background-image":"","background-repeat":"repeat","background-position":"center center","background-size":"auto","background-attachment":"scroll","background-type":"","background-media":"","overlay-type":"","overlay-color":"","overlay-opacity":"","overlay-gradient":""},"mobile":{"background-color":"var(--ast-global-color-4)","background-image":"","background-repeat":"repeat","background-position":"center center","background-size":"auto","background-attachment":"scroll","background-type":"","background-media":"","overlay-type":"","overlay-color":"","overlay-opacity":"","overlay-gradient":""}},"footnotes":""},"categories":[208],"tags":[55,71],"class_list":["post-8890","post","type-post","status-publish","format-standard","has-post-thumbnail","hentry","category-noticias","tag-caral","tag-viajes-educativos"],"acf":[],"yoast_head":"<!-- This site is optimized with the Yoast SEO plugin v27.3 - https:\/\/yoast.com\/product\/yoast-seo-wordpress\/ -->\n<title>Ciudadela de Vichama: Una narrativa ancestral - Zona Caral<\/title>\n<meta name=\"robots\" content=\"index, follow, max-snippet:-1, max-image-preview:large, max-video-preview:-1\" \/>\n<link rel=\"canonical\" href=\"https:\/\/zonacaral.gob.pe\/en\/noticias\/ciudadela-de-vichama-una-narrativa-ancestral\/\" \/>\n<meta property=\"og:locale\" content=\"en_US\" \/>\n<meta property=\"og:type\" content=\"article\" \/>\n<meta property=\"og:title\" content=\"Ciudadela de Vichama: Una narrativa ancestral - Zona Caral\" \/>\n<meta property=\"og:description\" content=\"La provincia de Huaura, en Per\u00fa, alberga el sitio arqueol\u00f3gico de Vichama, que se remonta al a\u00f1o 3000 a.C Tras [&hellip;]\" \/>\n<meta property=\"og:url\" content=\"https:\/\/zonacaral.gob.pe\/en\/noticias\/ciudadela-de-vichama-una-narrativa-ancestral\/\" \/>\n<meta property=\"og:site_name\" content=\"Zona Caral\" \/>\n<meta property=\"article:published_time\" content=\"2014-12-26T15:56:13+00:00\" \/>\n<meta property=\"og:image\" content=\"https:\/\/zonacaral.gob.pe\/wp-content\/uploads\/2014\/12\/prensa-25-12-2014.jpg\" \/>\n\t<meta property=\"og:image:width\" content=\"667\" \/>\n\t<meta property=\"og:image:height\" content=\"375\" \/>\n\t<meta property=\"og:image:type\" content=\"image\/jpeg\" \/>\n<meta name=\"author\" content=\"Zona Caral Administrador\" \/>\n<meta name=\"twitter:card\" content=\"summary_large_image\" \/>\n<meta name=\"twitter:label1\" content=\"Written by\" \/>\n\t<meta name=\"twitter:data1\" content=\"Zona Caral Administrador\" \/>\n\t<meta name=\"twitter:label2\" content=\"Est. reading time\" \/>\n\t<meta name=\"twitter:data2\" content=\"4 minutes\" \/>\n<script type=\"application\/ld+json\" class=\"yoast-schema-graph\">{\"@context\":\"https:\\\/\\\/schema.org\",\"@graph\":[{\"@type\":\"Article\",\"@id\":\"https:\\\/\\\/zonacaral.gob.pe\\\/en\\\/noticias\\\/ciudadela-de-vichama-una-narrativa-ancestral\\\/#article\",\"isPartOf\":{\"@id\":\"https:\\\/\\\/zonacaral.gob.pe\\\/en\\\/noticias\\\/ciudadela-de-vichama-una-narrativa-ancestral\\\/\"},\"author\":{\"name\":\"Zona Caral Administrador\",\"@id\":\"https:\\\/\\\/zonacaral.gob.pe\\\/es\\\/#\\\/schema\\\/person\\\/beddb4d22f71a7230c5b90913270a0ee\"},\"headline\":\"Ciudadela de Vichama: Una narrativa ancestral\",\"datePublished\":\"2014-12-26T15:56:13+00:00\",\"mainEntityOfPage\":{\"@id\":\"https:\\\/\\\/zonacaral.gob.pe\\\/en\\\/noticias\\\/ciudadela-de-vichama-una-narrativa-ancestral\\\/\"},\"wordCount\":887,\"image\":{\"@id\":\"https:\\\/\\\/zonacaral.gob.pe\\\/en\\\/noticias\\\/ciudadela-de-vichama-una-narrativa-ancestral\\\/#primaryimage\"},\"thumbnailUrl\":\"https:\\\/\\\/zonacaral.gob.pe\\\/wp-content\\\/uploads\\\/2014\\\/12\\\/prensa-25-12-2014.jpg\",\"keywords\":[\"caral\",\"viajes educativos\"],\"articleSection\":[\"noticias\"],\"inLanguage\":\"en-US\"},{\"@type\":\"WebPage\",\"@id\":\"https:\\\/\\\/zonacaral.gob.pe\\\/en\\\/noticias\\\/ciudadela-de-vichama-una-narrativa-ancestral\\\/\",\"url\":\"https:\\\/\\\/zonacaral.gob.pe\\\/en\\\/noticias\\\/ciudadela-de-vichama-una-narrativa-ancestral\\\/\",\"name\":\"Ciudadela de Vichama: Una narrativa ancestral - Zona Caral\",\"isPartOf\":{\"@id\":\"https:\\\/\\\/zonacaral.gob.pe\\\/es\\\/#website\"},\"primaryImageOfPage\":{\"@id\":\"https:\\\/\\\/zonacaral.gob.pe\\\/en\\\/noticias\\\/ciudadela-de-vichama-una-narrativa-ancestral\\\/#primaryimage\"},\"image\":{\"@id\":\"https:\\\/\\\/zonacaral.gob.pe\\\/en\\\/noticias\\\/ciudadela-de-vichama-una-narrativa-ancestral\\\/#primaryimage\"},\"thumbnailUrl\":\"https:\\\/\\\/zonacaral.gob.pe\\\/wp-content\\\/uploads\\\/2014\\\/12\\\/prensa-25-12-2014.jpg\",\"datePublished\":\"2014-12-26T15:56:13+00:00\",\"author\":{\"@id\":\"https:\\\/\\\/zonacaral.gob.pe\\\/es\\\/#\\\/schema\\\/person\\\/beddb4d22f71a7230c5b90913270a0ee\"},\"breadcrumb\":{\"@id\":\"https:\\\/\\\/zonacaral.gob.pe\\\/en\\\/noticias\\\/ciudadela-de-vichama-una-narrativa-ancestral\\\/#breadcrumb\"},\"inLanguage\":\"en-US\",\"potentialAction\":[{\"@type\":\"ReadAction\",\"target\":[\"https:\\\/\\\/zonacaral.gob.pe\\\/en\\\/noticias\\\/ciudadela-de-vichama-una-narrativa-ancestral\\\/\"]}]},{\"@type\":\"ImageObject\",\"inLanguage\":\"en-US\",\"@id\":\"https:\\\/\\\/zonacaral.gob.pe\\\/en\\\/noticias\\\/ciudadela-de-vichama-una-narrativa-ancestral\\\/#primaryimage\",\"url\":\"https:\\\/\\\/zonacaral.gob.pe\\\/wp-content\\\/uploads\\\/2014\\\/12\\\/prensa-25-12-2014.jpg\",\"contentUrl\":\"https:\\\/\\\/zonacaral.gob.pe\\\/wp-content\\\/uploads\\\/2014\\\/12\\\/prensa-25-12-2014.jpg\",\"width\":667,\"height\":375},{\"@type\":\"BreadcrumbList\",\"@id\":\"https:\\\/\\\/zonacaral.gob.pe\\\/en\\\/noticias\\\/ciudadela-de-vichama-una-narrativa-ancestral\\\/#breadcrumb\",\"itemListElement\":[{\"@type\":\"ListItem\",\"position\":1,\"name\":\"Portada\",\"item\":\"https:\\\/\\\/zonacaral.gob.pe\\\/\"},{\"@type\":\"ListItem\",\"position\":2,\"name\":\"Ciudadela de Vichama: Una narrativa ancestral\"}]},{\"@type\":\"WebSite\",\"@id\":\"https:\\\/\\\/zonacaral.gob.pe\\\/es\\\/#website\",\"url\":\"https:\\\/\\\/zonacaral.gob.pe\\\/es\\\/\",\"name\":\"Zona Caral\",\"description\":\"Investigamos, conservamos y difundimos el patrimonio cultural de la Civilizaci\u00f3n Caral, la m\u00e1s antigua de Am\u00e9rica.\",\"potentialAction\":[{\"@type\":\"SearchAction\",\"target\":{\"@type\":\"EntryPoint\",\"urlTemplate\":\"https:\\\/\\\/zonacaral.gob.pe\\\/es\\\/?s={search_term_string}\"},\"query-input\":{\"@type\":\"PropertyValueSpecification\",\"valueRequired\":true,\"valueName\":\"search_term_string\"}}],\"inLanguage\":\"en-US\"},{\"@type\":\"Person\",\"@id\":\"https:\\\/\\\/zonacaral.gob.pe\\\/es\\\/#\\\/schema\\\/person\\\/beddb4d22f71a7230c5b90913270a0ee\",\"name\":\"Zona Caral Administrador\",\"image\":{\"@type\":\"ImageObject\",\"inLanguage\":\"en-US\",\"@id\":\"https:\\\/\\\/secure.gravatar.com\\\/avatar\\\/e4be162918a696358376de6446614e0f0f4062bdc5d170d6d540ada3d8b58c12?s=96&d=mm&r=g\",\"url\":\"https:\\\/\\\/secure.gravatar.com\\\/avatar\\\/e4be162918a696358376de6446614e0f0f4062bdc5d170d6d540ada3d8b58c12?s=96&d=mm&r=g\",\"contentUrl\":\"https:\\\/\\\/secure.gravatar.com\\\/avatar\\\/e4be162918a696358376de6446614e0f0f4062bdc5d170d6d540ada3d8b58c12?s=96&d=mm&r=g\",\"caption\":\"Zona Caral Administrador\"},\"sameAs\":[\"https:\\\/\\\/zonacaral.gob.pe\"],\"url\":\"http:\\\/\\\/zonacaral.gob.pe\\\/en\\\/noticias\\\/author\\\/ad_zonacaral\\\/\"}]}<\/script>\n<!-- \/ Yoast SEO plugin. -->","yoast_head_json":{"title":"Ciudadela de Vichama: Una narrativa ancestral - Zona Caral","robots":{"index":"index","follow":"follow","max-snippet":"max-snippet:-1","max-image-preview":"max-image-preview:large","max-video-preview":"max-video-preview:-1"},"canonical":"https:\/\/zonacaral.gob.pe\/en\/noticias\/ciudadela-de-vichama-una-narrativa-ancestral\/","og_locale":"en_US","og_type":"article","og_title":"Ciudadela de Vichama: Una narrativa ancestral - Zona Caral","og_description":"La provincia de Huaura, en Per\u00fa, alberga el sitio arqueol\u00f3gico de Vichama, que se remonta al a\u00f1o 3000 a.C Tras [&hellip;]","og_url":"https:\/\/zonacaral.gob.pe\/en\/noticias\/ciudadela-de-vichama-una-narrativa-ancestral\/","og_site_name":"Zona Caral","article_published_time":"2014-12-26T15:56:13+00:00","og_image":[{"width":667,"height":375,"url":"https:\/\/zonacaral.gob.pe\/wp-content\/uploads\/2014\/12\/prensa-25-12-2014.jpg","type":"image\/jpeg"}],"author":"Zona Caral Administrador","twitter_card":"summary_large_image","twitter_misc":{"Written by":"Zona Caral Administrador","Est. reading time":"4 minutes"},"schema":{"@context":"https:\/\/schema.org","@graph":[{"@type":"Article","@id":"https:\/\/zonacaral.gob.pe\/en\/noticias\/ciudadela-de-vichama-una-narrativa-ancestral\/#article","isPartOf":{"@id":"https:\/\/zonacaral.gob.pe\/en\/noticias\/ciudadela-de-vichama-una-narrativa-ancestral\/"},"author":{"name":"Zona Caral Administrador","@id":"https:\/\/zonacaral.gob.pe\/es\/#\/schema\/person\/beddb4d22f71a7230c5b90913270a0ee"},"headline":"Ciudadela de Vichama: Una narrativa ancestral","datePublished":"2014-12-26T15:56:13+00:00","mainEntityOfPage":{"@id":"https:\/\/zonacaral.gob.pe\/en\/noticias\/ciudadela-de-vichama-una-narrativa-ancestral\/"},"wordCount":887,"image":{"@id":"https:\/\/zonacaral.gob.pe\/en\/noticias\/ciudadela-de-vichama-una-narrativa-ancestral\/#primaryimage"},"thumbnailUrl":"https:\/\/zonacaral.gob.pe\/wp-content\/uploads\/2014\/12\/prensa-25-12-2014.jpg","keywords":["caral","viajes educativos"],"articleSection":["noticias"],"inLanguage":"en-US"},{"@type":"WebPage","@id":"https:\/\/zonacaral.gob.pe\/en\/noticias\/ciudadela-de-vichama-una-narrativa-ancestral\/","url":"https:\/\/zonacaral.gob.pe\/en\/noticias\/ciudadela-de-vichama-una-narrativa-ancestral\/","name":"Ciudadela de Vichama: Una narrativa ancestral - Zona Caral","isPartOf":{"@id":"https:\/\/zonacaral.gob.pe\/es\/#website"},"primaryImageOfPage":{"@id":"https:\/\/zonacaral.gob.pe\/en\/noticias\/ciudadela-de-vichama-una-narrativa-ancestral\/#primaryimage"},"image":{"@id":"https:\/\/zonacaral.gob.pe\/en\/noticias\/ciudadela-de-vichama-una-narrativa-ancestral\/#primaryimage"},"thumbnailUrl":"https:\/\/zonacaral.gob.pe\/wp-content\/uploads\/2014\/12\/prensa-25-12-2014.jpg","datePublished":"2014-12-26T15:56:13+00:00","author":{"@id":"https:\/\/zonacaral.gob.pe\/es\/#\/schema\/person\/beddb4d22f71a7230c5b90913270a0ee"},"breadcrumb":{"@id":"https:\/\/zonacaral.gob.pe\/en\/noticias\/ciudadela-de-vichama-una-narrativa-ancestral\/#breadcrumb"},"inLanguage":"en-US","potentialAction":[{"@type":"ReadAction","target":["https:\/\/zonacaral.gob.pe\/en\/noticias\/ciudadela-de-vichama-una-narrativa-ancestral\/"]}]},{"@type":"ImageObject","inLanguage":"en-US","@id":"https:\/\/zonacaral.gob.pe\/en\/noticias\/ciudadela-de-vichama-una-narrativa-ancestral\/#primaryimage","url":"https:\/\/zonacaral.gob.pe\/wp-content\/uploads\/2014\/12\/prensa-25-12-2014.jpg","contentUrl":"https:\/\/zonacaral.gob.pe\/wp-content\/uploads\/2014\/12\/prensa-25-12-2014.jpg","width":667,"height":375},{"@type":"BreadcrumbList","@id":"https:\/\/zonacaral.gob.pe\/en\/noticias\/ciudadela-de-vichama-una-narrativa-ancestral\/#breadcrumb","itemListElement":[{"@type":"ListItem","position":1,"name":"Portada","item":"https:\/\/zonacaral.gob.pe\/"},{"@type":"ListItem","position":2,"name":"Ciudadela de Vichama: Una narrativa ancestral"}]},{"@type":"WebSite","@id":"https:\/\/zonacaral.gob.pe\/es\/#website","url":"https:\/\/zonacaral.gob.pe\/es\/","name":"Zona Caral","description":"Investigamos, conservamos y difundimos el patrimonio cultural de la Civilizaci\u00f3n Caral, la m\u00e1s antigua de Am\u00e9rica.","potentialAction":[{"@type":"SearchAction","target":{"@type":"EntryPoint","urlTemplate":"https:\/\/zonacaral.gob.pe\/es\/?s={search_term_string}"},"query-input":{"@type":"PropertyValueSpecification","valueRequired":true,"valueName":"search_term_string"}}],"inLanguage":"en-US"},{"@type":"Person","@id":"https:\/\/zonacaral.gob.pe\/es\/#\/schema\/person\/beddb4d22f71a7230c5b90913270a0ee","name":"Zona Caral Administrador","image":{"@type":"ImageObject","inLanguage":"en-US","@id":"https:\/\/secure.gravatar.com\/avatar\/e4be162918a696358376de6446614e0f0f4062bdc5d170d6d540ada3d8b58c12?s=96&d=mm&r=g","url":"https:\/\/secure.gravatar.com\/avatar\/e4be162918a696358376de6446614e0f0f4062bdc5d170d6d540ada3d8b58c12?s=96&d=mm&r=g","contentUrl":"https:\/\/secure.gravatar.com\/avatar\/e4be162918a696358376de6446614e0f0f4062bdc5d170d6d540ada3d8b58c12?s=96&d=mm&r=g","caption":"Zona Caral Administrador"},"sameAs":["https:\/\/zonacaral.gob.pe"],"url":"http:\/\/zonacaral.gob.pe\/en\/noticias\/author\/ad_zonacaral\/"}]}},"_links":{"self":[{"href":"http:\/\/zonacaral.gob.pe\/en\/wp-json\/wp\/v2\/posts\/8890","targetHints":{"allow":["GET"]}}],"collection":[{"href":"http:\/\/zonacaral.gob.pe\/en\/wp-json\/wp\/v2\/posts"}],"about":[{"href":"http:\/\/zonacaral.gob.pe\/en\/wp-json\/wp\/v2\/types\/post"}],"author":[{"embeddable":true,"href":"http:\/\/zonacaral.gob.pe\/en\/wp-json\/wp\/v2\/users\/1"}],"replies":[{"embeddable":true,"href":"http:\/\/zonacaral.gob.pe\/en\/wp-json\/wp\/v2\/comments?post=8890"}],"version-history":[{"count":0,"href":"http:\/\/zonacaral.gob.pe\/en\/wp-json\/wp\/v2\/posts\/8890\/revisions"}],"wp:featuredmedia":[{"embeddable":true,"href":"http:\/\/zonacaral.gob.pe\/en\/wp-json\/wp\/v2\/media\/8891"}],"wp:attachment":[{"href":"http:\/\/zonacaral.gob.pe\/en\/wp-json\/wp\/v2\/media?parent=8890"}],"wp:term":[{"taxonomy":"category","embeddable":true,"href":"http:\/\/zonacaral.gob.pe\/en\/wp-json\/wp\/v2\/categories?post=8890"},{"taxonomy":"post_tag","embeddable":true,"href":"http:\/\/zonacaral.gob.pe\/en\/wp-json\/wp\/v2\/tags?post=8890"}],"curies":[{"name":"wp","href":"https:\/\/api.w.org\/{rel}","templated":true}]}}