{"id":24436,"date":"2026-04-29T16:59:16","date_gmt":"2026-04-29T21:59:16","guid":{"rendered":"https:\/\/zonacaral.gob.pe\/?p=24436"},"modified":"2026-04-29T17:22:21","modified_gmt":"2026-04-29T22:22:21","slug":"asi-se-vivio-el-aspero-raymi-2026-milenaria-celebracion-en-supe-puerto","status":"publish","type":"post","link":"http:\/\/zonacaral.gob.pe\/es\/noticias\/asi-se-vivio-el-aspero-raymi-2026-milenaria-celebracion-en-supe-puerto\/","title":{"rendered":"As\u00ed se vivi\u00f3 el \u201c\u00c1spero Raymi 2026\u201d: milenaria celebraci\u00f3n en Supe Puerto"},"content":{"rendered":"\n<blockquote class=\"wp-block-quote is-layout-flow wp-block-quote-is-layout-flow\">\n<p><em><em><em><em><em><em><strong><em><em><em><em>La festividad cultural congreg\u00f3 a decenas de personas en torno a la historia y tradici\u00f3n.<\/em><\/em><\/em><\/em><\/strong><\/em><\/em><\/em><\/em><\/em><\/em><\/p>\n<\/blockquote>\n\n\n\n<p>El \u00faltimo fin de semana, los d\u00edas 24 y 25 de abril, se desarroll\u00f3 con \u00e9xito el \u201c\u00c1spero Raymi 2026\u201d, celebraci\u00f3n cultural organizada por la <a href=\"https:\/\/www.gob.pe\/caral\"><strong>Zona Arqueol\u00f3gica Caral<\/strong><\/a> (ZAC), Unidad Ejecutora 003 del Ministerio de Cultura, en <a href=\"https:\/\/zonacaral.gob.pe\/es\/ruta-caral\/zona-arqueologica-aspero\/\"><strong>\u00c1spero<\/strong><\/a>, ciudad pesquera de la Civilizaci\u00f3n Caral, ubicada en el distrito de Supe Puerto, provincia de Barranca.<\/p>\n\n\n\n<p>La actividad congreg\u00f3 a visitantes, pobladores locales, estudiantes, autoridades y turistas nacionales, quienes participaron en una variada programaci\u00f3n orientada a revalorar la historia milenaria de \u00c1spero, al conmemorarse 21 a\u00f1os del inicio de los trabajos de investigaci\u00f3n, conservaci\u00f3n y difusi\u00f3n liderados por la <a href=\"https:\/\/www.youtube.com\/watch?v=eCHc2v9-jzM\"><strong>doctora Ruth Shady Sol\u00eds<\/strong><\/a>.<\/p>\n\n\n\n<p>Durante las dos jornadas se desarrollaron actividades culturales, educativas y art\u00edsticas que fortalecieron la identidad cultural y promovieron el conocimiento sobre el rol del recurso marino, la organizaci\u00f3n social y las pr\u00e1cticas vinculadas a la observaci\u00f3n astron\u00f3mica en las antiguas sociedades andinas.<\/p>\n\n\n\n<h6 class=\"wp-block-heading\"><strong>Primer d\u00eda: identidad y tradici\u00f3n en Supe Puerto<\/strong><\/h6>\n\n\n\n<p>El viernes 24 de abril, las actividades iniciaron en la Plaza Grau de Supe Puerto con un pasacalle protagonizado por ni\u00f1os, j\u00f3venes y docentes de instituciones educativas de nivel inicial, primaria y secundaria. Los participantes recorrieron las calles del distrito con coloridas representaciones hist\u00f3ricas, vestimentas tradicionales y expresiones art\u00edsticas inspiradas en \u00c1spero y su herencia cultural, reforzando la identidad local y el reconocimiento de la memoria hist\u00f3rica.<\/p>\n\n\n\n<p>Al caer la noche se realiz\u00f3 uno de los momentos m\u00e1s simb\u00f3licos del evento: la ceremonia de Pago a la Cochamama alrededor del \u201cfuego sagrado\u201d, ritual ancestral de agradecimiento por los bienes recibidos durante el a\u00f1o.<\/p>\n\n\n\n<p>Asimismo, estudiantes de la Instituci\u00f3n Educativa Jos\u00e9 Olaya Balandra representaron el intercambio pesquero-agr\u00edcola desarrollado entre \u00c1spero y la Ciudad Sagrada de Caral, as\u00ed como con poblaciones de la sierra y la selva, destacando la importancia de las redes de integraci\u00f3n sociocultural en tiempos milenarios.<\/p>\n\n\n\n<h6 class=\"wp-block-heading\"><strong>Segundo d\u00eda: aprendizaje y participaci\u00f3n comunitaria<\/strong><\/h6>\n\n\n\n<p>El s\u00e1bado 25 de abril, los asistentes participaron en recorridos especializados y gratuitos por el sitio arqueol\u00f3gico, donde conocieron los recientes avances en investigaci\u00f3n, conservaci\u00f3n y puesta en valor ejecutados por el equipo multidisciplinario de la Zona Arqueol\u00f3gica Caral.<\/p>\n\n\n\n<p>La programaci\u00f3n incluy\u00f3 presentaciones art\u00edsticas y culturales como la estampa de marinera de la academia <em>Somos Flores<\/em>, el elenco musical de la Universidad Nacional de Barranca, la danza tradicional de caporales a cargo de la Asociaci\u00f3n Cultural <em>Sambos Caporales del Per\u00fa \u2013 Barranca<\/em>, exhibiciones de caballos de paso y la participaci\u00f3n del elenco del taller \u00ab<em>Revitalizaci\u00f3n de la tradici\u00f3n musical de los or\u00edgenes de la civilizaci\u00f3n en el valle de Supe, Supe Puerto y V\u00e9gueta\u00bb<\/em>, adem\u00e1s de la presentaci\u00f3n del ni\u00f1o cantante Joel Vargas Cabrejos.<\/p>\n\n\n\n<p>Los visitantes tambi\u00e9n participaron en los \u201cTalleres Saberes Milenarios\u201d de la ZAC, donde se difundieron conocimientos tradicionales mediante las experiencias de \u00ab<em>Cer\u00e1mica funcional y decorativa\u00bb<\/em> y \u00ab<em>Fomento del tejido con fibra vegetal (junco) en el valle de Supe y su \u00e1rea de influencia\u00bb<\/em>.<\/p>\n\n\n\n<p>Las exhibiciones culturales, actividades educativas para ni\u00f1os y j\u00f3venes y espacios de participaci\u00f3n comunitaria reafirmaron el compromiso institucional con el desarrollo social sostenible y la valoraci\u00f3n del patrimonio cultural.<\/p>\n\n\n\n<h6 class=\"wp-block-heading\"><strong>Gastronom\u00eda y productos marinos<\/strong><\/h6>\n\n\n\n<p>Como parte de la celebraci\u00f3n, se realiz\u00f3 el \u00abCatu \u00c1spero\u00bb, espacio dedicado a la exposici\u00f3n y venta de productos agroecol\u00f3gicos y artesanales elaborados por pobladores de Supe Puerto, Supe y Barranca.<\/p>\n\n\n\n<p>Asimismo, se desarroll\u00f3 la exposici\u00f3n, venta y degustaci\u00f3n de platos de la gastronom\u00eda local elaborados a base de pescados y mariscos, destacando el valor nutricional de la anchoveta como recurso fundamental para la alimentaci\u00f3n saludable y el desarrollo humano.<\/p>\n\n\n\n<p>De esta manera, el \u00c1spero Raymi se consolida como una de las celebraciones culturales m\u00e1s representativas de la provincia de Barranca, promoviendo el turismo cultural responsable y fortaleciendo el v\u00ednculo entre el patrimonio arqueol\u00f3gico y la sociedad contempor\u00e1nea.<\/p>\n\n\n\n<h6 class=\"wp-block-heading\"><strong>DATO<\/strong><\/h6>\n\n\n\n<p>Las actividades del \u00c1spero Raymi 2026 se realizaron con el apoyo de instituciones y empresas p\u00fablicas y privadas comprometidas con la protecci\u00f3n y difusi\u00f3n del patrimonio cultural de Supe Puerto, a quienes la Zona Arqueol\u00f3gica Caral extiende su agradecimiento.<\/p>\n\n\n\n<p><em>Para m\u00e1s noticias de la Zona Arqueol\u00f3gica Caral, s\u00edguenos en <\/em><a href=\"https:\/\/www.instagram.com\/caralperu\/?hl=es\"><em>Instagram<\/em><\/a><em>, <\/em><a href=\"https:\/\/www.tiktok.com\/@caral_peru?lang=es\"><em>Tik Tok<\/em><\/a><em>, <\/em><a href=\"https:\/\/www.facebook.com\/CARALPERU\/\"><em>Facebook<\/em><\/a><em>, <\/em><a href=\"https:\/\/x.com\/Peru_Caral\"><em>X<\/em><\/a><em>, <\/em><a href=\"https:\/\/www.youtube.com\/PeruCaral\"><em>YouTube<\/em><\/a><em> y en nuestro canal de <\/em><a href=\"https:\/\/t.me\/Caral_Peru\"><em>Telegram<\/em><\/a><em>.<\/em><\/p>\n\n\n\n<p><em>Conoce m\u00e1s de la civilizaci\u00f3n Caral en nuestro&nbsp;<a href=\"https:\/\/zonacaral.gob.pe\/es\/museo-caral-virtual\/\">museo virtual<\/a>.&nbsp;<\/em><\/p>\n\n\n\n<p><\/p>\n","protected":false},"excerpt":{"rendered":"<p>La festividad cultural congreg\u00f3 a decenas de personas en torno a la historia y tradici\u00f3n. El \u00faltimo fin de semana, [&hellip;]<\/p>\n","protected":false},"author":4,"featured_media":24444,"comment_status":"open","ping_status":"open","sticky":false,"template":"","format":"standard","meta":{"_acf_changed":false,"site-sidebar-layout":"default","site-content-layout":"","ast-site-content-layout":"default","site-content-style":"default","site-sidebar-style":"default","ast-global-header-display":"","ast-banner-title-visibility":"","ast-main-header-display":"","ast-hfb-above-header-display":"","ast-hfb-below-header-display":"","ast-hfb-mobile-header-display":"","site-post-title":"","ast-breadcrumbs-content":"","ast-featured-img":"","footer-sml-layout":"","ast-disable-related-posts":"","theme-transparent-header-meta":"","adv-header-id-meta":"","stick-header-meta":"","header-above-stick-meta":"","header-main-stick-meta":"","header-below-stick-meta":"","astra-migrate-meta-layouts":"default","ast-page-background-enabled":"default","ast-page-background-meta":{"desktop":{"background-color":"var(--ast-global-color-5)","background-image":"","background-repeat":"repeat","background-position":"center center","background-size":"auto","background-attachment":"scroll","background-type":"","background-media":"","overlay-type":"","overlay-color":"","overlay-opacity":"","overlay-gradient":""},"tablet":{"background-color":"","background-image":"","background-repeat":"repeat","background-position":"center center","background-size":"auto","background-attachment":"scroll","background-type":"","background-media":"","overlay-type":"","overlay-color":"","overlay-opacity":"","overlay-gradient":""},"mobile":{"background-color":"","background-image":"","background-repeat":"repeat","background-position":"center center","background-size":"auto","background-attachment":"scroll","background-type":"","background-media":"","overlay-type":"","overlay-color":"","overlay-opacity":"","overlay-gradient":""}},"ast-content-background-meta":{"desktop":{"background-color":"var(--ast-global-color-4)","background-image":"","background-repeat":"repeat","background-position":"center center","background-size":"auto","background-attachment":"scroll","background-type":"","background-media":"","overlay-type":"","overlay-color":"","overlay-opacity":"","overlay-gradient":""},"tablet":{"background-color":"var(--ast-global-color-4)","background-image":"","background-repeat":"repeat","background-position":"center center","background-size":"auto","background-attachment":"scroll","background-type":"","background-media":"","overlay-type":"","overlay-color":"","overlay-opacity":"","overlay-gradient":""},"mobile":{"background-color":"var(--ast-global-color-4)","background-image":"","background-repeat":"repeat","background-position":"center center","background-size":"auto","background-attachment":"scroll","background-type":"","background-media":"","overlay-type":"","overlay-color":"","overlay-opacity":"","overlay-gradient":""}},"footnotes":""},"categories":[208],"tags":[262,127,225,263,265,261,266,257,264,56,70,255],"class_list":["post-24436","post","type-post","status-publish","format-standard","has-post-thumbnail","hentry","category-noticias","tag-aniversario-aspero","tag-arqueologia","tag-aspero-2","tag-aspero-raymi","tag-astronomia","tag-barranca","tag-investigacion","tag-lima","tag-pasacalle","tag-supe","tag-viajes","tag-zona-arqueologica-caral"],"acf":[],"yoast_head":"<!-- This site is optimized with the Yoast SEO plugin v27.3 - https:\/\/yoast.com\/product\/yoast-seo-wordpress\/ -->\n<title>As\u00ed se vivi\u00f3 el \u201c\u00c1spero Raymi 2026\u201d: milenaria celebraci\u00f3n en Supe Puerto - Zona Caral<\/title>\n<meta name=\"description\" content=\"El \u00faltimo fin de semana, los d\u00edas 24 y 25 de abril, se desarroll\u00f3 con \u00e9xito el \u201c\u00c1spero Raymi 2026\u201d, celebraci\u00f3n cultural organizada por la Zona Arqueol\u00f3gica Caral (ZAC), Unidad Ejecutora 003 del Ministerio de Cultura, en \u00c1spero, ciudad pesquera de la Civilizaci\u00f3n Caral, ubicada en el distrito de Supe Puerto, provincia de Barranca.\" \/>\n<meta name=\"robots\" content=\"index, follow, max-snippet:-1, max-image-preview:large, max-video-preview:-1\" \/>\n<link rel=\"canonical\" href=\"https:\/\/zonacaral.gob.pe\/es\/noticias\/asi-se-vivio-el-aspero-raymi-2026-milenaria-celebracion-en-supe-puerto\/\" \/>\n<meta property=\"og:locale\" content=\"es_ES\" \/>\n<meta property=\"og:type\" content=\"article\" \/>\n<meta property=\"og:title\" content=\"As\u00ed se vivi\u00f3 el \u201c\u00c1spero Raymi 2026\u201d: milenaria celebraci\u00f3n en Supe Puerto - Zona Caral\" \/>\n<meta property=\"og:description\" content=\"El \u00faltimo fin de semana, los d\u00edas 24 y 25 de abril, se desarroll\u00f3 con \u00e9xito el \u201c\u00c1spero Raymi 2026\u201d, celebraci\u00f3n cultural organizada por la Zona Arqueol\u00f3gica Caral (ZAC), Unidad Ejecutora 003 del Ministerio de Cultura, en \u00c1spero, ciudad pesquera de la Civilizaci\u00f3n Caral, ubicada en el distrito de Supe Puerto, provincia de Barranca.\" \/>\n<meta property=\"og:url\" content=\"https:\/\/zonacaral.gob.pe\/es\/noticias\/asi-se-vivio-el-aspero-raymi-2026-milenaria-celebracion-en-supe-puerto\/\" \/>\n<meta property=\"og:site_name\" content=\"Zona Caral\" \/>\n<meta property=\"article:published_time\" content=\"2026-04-29T21:59:16+00:00\" \/>\n<meta property=\"article:modified_time\" content=\"2026-04-29T22:22:21+00:00\" \/>\n<meta property=\"og:image\" content=\"https:\/\/zonacaral.gob.pe\/wp-content\/uploads\/2026\/04\/1-22-1.png\" \/>\n\t<meta property=\"og:image:width\" content=\"1200\" \/>\n\t<meta property=\"og:image:height\" content=\"675\" \/>\n\t<meta property=\"og:image:type\" content=\"image\/png\" \/>\n<meta name=\"author\" content=\"webmaster\" \/>\n<meta name=\"twitter:card\" content=\"summary_large_image\" \/>\n<meta name=\"twitter:label1\" content=\"Written by\" \/>\n\t<meta name=\"twitter:data1\" content=\"webmaster\" \/>\n\t<meta name=\"twitter:label2\" content=\"Est. reading time\" \/>\n\t<meta name=\"twitter:data2\" content=\"4 minutos\" \/>\n<script type=\"application\/ld+json\" class=\"yoast-schema-graph\">{\"@context\":\"https:\\\/\\\/schema.org\",\"@graph\":[{\"@type\":\"Article\",\"@id\":\"https:\\\/\\\/zonacaral.gob.pe\\\/noticias\\\/asi-se-vivio-el-aspero-raymi-2026-milenaria-celebracion-en-supe-puerto\\\/#article\",\"isPartOf\":{\"@id\":\"https:\\\/\\\/zonacaral.gob.pe\\\/noticias\\\/asi-se-vivio-el-aspero-raymi-2026-milenaria-celebracion-en-supe-puerto\\\/\"},\"author\":{\"name\":\"webmaster\",\"@id\":\"https:\\\/\\\/zonacaral.gob.pe\\\/es\\\/#\\\/schema\\\/person\\\/c3fbf557c7f65281e36e4e45873334e0\"},\"headline\":\"As\u00ed se vivi\u00f3 el \u201c\u00c1spero Raymi 2026\u201d: milenaria celebraci\u00f3n en Supe Puerto\",\"datePublished\":\"2026-04-29T21:59:16+00:00\",\"dateModified\":\"2026-04-29T22:22:21+00:00\",\"mainEntityOfPage\":{\"@id\":\"https:\\\/\\\/zonacaral.gob.pe\\\/noticias\\\/asi-se-vivio-el-aspero-raymi-2026-milenaria-celebracion-en-supe-puerto\\\/\"},\"wordCount\":779,\"commentCount\":0,\"image\":{\"@id\":\"https:\\\/\\\/zonacaral.gob.pe\\\/noticias\\\/asi-se-vivio-el-aspero-raymi-2026-milenaria-celebracion-en-supe-puerto\\\/#primaryimage\"},\"thumbnailUrl\":\"https:\\\/\\\/zonacaral.gob.pe\\\/wp-content\\\/uploads\\\/2026\\\/04\\\/1-22-1.png\",\"keywords\":[\"Aniversario \u00c1spero\",\"arqueolog\u00eda\",\"\u00c1spero\",\"\u00c1spero Raymi\",\"Astronom\u00eda\",\"Barranca\",\"Investigaci\u00f3n\",\"Lima\",\"Pasacalle\",\"supe\",\"viajes\",\"Zona Arqueol\u00f3gica Caral\"],\"articleSection\":[\"noticias\"],\"inLanguage\":\"es-PE\",\"potentialAction\":[{\"@type\":\"CommentAction\",\"name\":\"Comment\",\"target\":[\"https:\\\/\\\/zonacaral.gob.pe\\\/noticias\\\/asi-se-vivio-el-aspero-raymi-2026-milenaria-celebracion-en-supe-puerto\\\/#respond\"]}]},{\"@type\":\"WebPage\",\"@id\":\"https:\\\/\\\/zonacaral.gob.pe\\\/noticias\\\/asi-se-vivio-el-aspero-raymi-2026-milenaria-celebracion-en-supe-puerto\\\/\",\"url\":\"https:\\\/\\\/zonacaral.gob.pe\\\/noticias\\\/asi-se-vivio-el-aspero-raymi-2026-milenaria-celebracion-en-supe-puerto\\\/\",\"name\":\"As\u00ed se vivi\u00f3 el \u201c\u00c1spero Raymi 2026\u201d: milenaria celebraci\u00f3n en Supe Puerto - Zona Caral\",\"isPartOf\":{\"@id\":\"https:\\\/\\\/zonacaral.gob.pe\\\/es\\\/#website\"},\"primaryImageOfPage\":{\"@id\":\"https:\\\/\\\/zonacaral.gob.pe\\\/noticias\\\/asi-se-vivio-el-aspero-raymi-2026-milenaria-celebracion-en-supe-puerto\\\/#primaryimage\"},\"image\":{\"@id\":\"https:\\\/\\\/zonacaral.gob.pe\\\/noticias\\\/asi-se-vivio-el-aspero-raymi-2026-milenaria-celebracion-en-supe-puerto\\\/#primaryimage\"},\"thumbnailUrl\":\"https:\\\/\\\/zonacaral.gob.pe\\\/wp-content\\\/uploads\\\/2026\\\/04\\\/1-22-1.png\",\"datePublished\":\"2026-04-29T21:59:16+00:00\",\"dateModified\":\"2026-04-29T22:22:21+00:00\",\"author\":{\"@id\":\"https:\\\/\\\/zonacaral.gob.pe\\\/es\\\/#\\\/schema\\\/person\\\/c3fbf557c7f65281e36e4e45873334e0\"},\"description\":\"El \u00faltimo fin de semana, los d\u00edas 24 y 25 de abril, se desarroll\u00f3 con \u00e9xito el \u201c\u00c1spero Raymi 2026\u201d, celebraci\u00f3n cultural organizada por la Zona Arqueol\u00f3gica Caral (ZAC), Unidad Ejecutora 003 del Ministerio de Cultura, en \u00c1spero, ciudad pesquera de la Civilizaci\u00f3n Caral, ubicada en el distrito de Supe Puerto, provincia de Barranca.\",\"breadcrumb\":{\"@id\":\"https:\\\/\\\/zonacaral.gob.pe\\\/noticias\\\/asi-se-vivio-el-aspero-raymi-2026-milenaria-celebracion-en-supe-puerto\\\/#breadcrumb\"},\"inLanguage\":\"es-PE\",\"potentialAction\":[{\"@type\":\"ReadAction\",\"target\":[\"https:\\\/\\\/zonacaral.gob.pe\\\/noticias\\\/asi-se-vivio-el-aspero-raymi-2026-milenaria-celebracion-en-supe-puerto\\\/\"]}]},{\"@type\":\"ImageObject\",\"inLanguage\":\"es-PE\",\"@id\":\"https:\\\/\\\/zonacaral.gob.pe\\\/noticias\\\/asi-se-vivio-el-aspero-raymi-2026-milenaria-celebracion-en-supe-puerto\\\/#primaryimage\",\"url\":\"https:\\\/\\\/zonacaral.gob.pe\\\/wp-content\\\/uploads\\\/2026\\\/04\\\/1-22-1.png\",\"contentUrl\":\"https:\\\/\\\/zonacaral.gob.pe\\\/wp-content\\\/uploads\\\/2026\\\/04\\\/1-22-1.png\",\"width\":1200,\"height\":675},{\"@type\":\"BreadcrumbList\",\"@id\":\"https:\\\/\\\/zonacaral.gob.pe\\\/noticias\\\/asi-se-vivio-el-aspero-raymi-2026-milenaria-celebracion-en-supe-puerto\\\/#breadcrumb\",\"itemListElement\":[{\"@type\":\"ListItem\",\"position\":1,\"name\":\"Portada\",\"item\":\"https:\\\/\\\/zonacaral.gob.pe\\\/\"},{\"@type\":\"ListItem\",\"position\":2,\"name\":\"As\u00ed se vivi\u00f3 el \u201c\u00c1spero Raymi 2026\u201d: milenaria celebraci\u00f3n en Supe Puerto\"}]},{\"@type\":\"WebSite\",\"@id\":\"https:\\\/\\\/zonacaral.gob.pe\\\/es\\\/#website\",\"url\":\"https:\\\/\\\/zonacaral.gob.pe\\\/es\\\/\",\"name\":\"Zona Caral\",\"description\":\"Investigamos, conservamos y difundimos el patrimonio cultural de la Civilizaci\u00f3n Caral, la m\u00e1s antigua de Am\u00e9rica.\",\"potentialAction\":[{\"@type\":\"SearchAction\",\"target\":{\"@type\":\"EntryPoint\",\"urlTemplate\":\"https:\\\/\\\/zonacaral.gob.pe\\\/es\\\/?s={search_term_string}\"},\"query-input\":{\"@type\":\"PropertyValueSpecification\",\"valueRequired\":true,\"valueName\":\"search_term_string\"}}],\"inLanguage\":\"es-PE\"},{\"@type\":\"Person\",\"@id\":\"https:\\\/\\\/zonacaral.gob.pe\\\/es\\\/#\\\/schema\\\/person\\\/c3fbf557c7f65281e36e4e45873334e0\",\"name\":\"webmaster\",\"image\":{\"@type\":\"ImageObject\",\"inLanguage\":\"es-PE\",\"@id\":\"https:\\\/\\\/secure.gravatar.com\\\/avatar\\\/8164655a0d908be71943f534b536cb394851ecb8a615a9f115545b1a90b0ce5b?s=96&d=mm&r=g\",\"url\":\"https:\\\/\\\/secure.gravatar.com\\\/avatar\\\/8164655a0d908be71943f534b536cb394851ecb8a615a9f115545b1a90b0ce5b?s=96&d=mm&r=g\",\"contentUrl\":\"https:\\\/\\\/secure.gravatar.com\\\/avatar\\\/8164655a0d908be71943f534b536cb394851ecb8a615a9f115545b1a90b0ce5b?s=96&d=mm&r=g\",\"caption\":\"webmaster\"},\"url\":\"http:\\\/\\\/zonacaral.gob.pe\\\/es\\\/noticias\\\/author\\\/webmaster\\\/\"}]}<\/script>\n<!-- \/ Yoast SEO plugin. -->","yoast_head_json":{"title":"As\u00ed se vivi\u00f3 el \u201c\u00c1spero Raymi 2026\u201d: milenaria celebraci\u00f3n en Supe Puerto - Zona Caral","description":"El \u00faltimo fin de semana, los d\u00edas 24 y 25 de abril, se desarroll\u00f3 con \u00e9xito el \u201c\u00c1spero Raymi 2026\u201d, celebraci\u00f3n cultural organizada por la Zona Arqueol\u00f3gica Caral (ZAC), Unidad Ejecutora 003 del Ministerio de Cultura, en \u00c1spero, ciudad pesquera de la Civilizaci\u00f3n Caral, ubicada en el distrito de Supe Puerto, provincia de Barranca.","robots":{"index":"index","follow":"follow","max-snippet":"max-snippet:-1","max-image-preview":"max-image-preview:large","max-video-preview":"max-video-preview:-1"},"canonical":"https:\/\/zonacaral.gob.pe\/es\/noticias\/asi-se-vivio-el-aspero-raymi-2026-milenaria-celebracion-en-supe-puerto\/","og_locale":"es_ES","og_type":"article","og_title":"As\u00ed se vivi\u00f3 el \u201c\u00c1spero Raymi 2026\u201d: milenaria celebraci\u00f3n en Supe Puerto - Zona Caral","og_description":"El \u00faltimo fin de semana, los d\u00edas 24 y 25 de abril, se desarroll\u00f3 con \u00e9xito el \u201c\u00c1spero Raymi 2026\u201d, celebraci\u00f3n cultural organizada por la Zona Arqueol\u00f3gica Caral (ZAC), Unidad Ejecutora 003 del Ministerio de Cultura, en \u00c1spero, ciudad pesquera de la Civilizaci\u00f3n Caral, ubicada en el distrito de Supe Puerto, provincia de Barranca.","og_url":"https:\/\/zonacaral.gob.pe\/es\/noticias\/asi-se-vivio-el-aspero-raymi-2026-milenaria-celebracion-en-supe-puerto\/","og_site_name":"Zona Caral","article_published_time":"2026-04-29T21:59:16+00:00","article_modified_time":"2026-04-29T22:22:21+00:00","og_image":[{"width":1200,"height":675,"url":"https:\/\/zonacaral.gob.pe\/wp-content\/uploads\/2026\/04\/1-22-1.png","type":"image\/png"}],"author":"webmaster","twitter_card":"summary_large_image","twitter_misc":{"Written by":"webmaster","Est. reading time":"4 minutos"},"schema":{"@context":"https:\/\/schema.org","@graph":[{"@type":"Article","@id":"https:\/\/zonacaral.gob.pe\/noticias\/asi-se-vivio-el-aspero-raymi-2026-milenaria-celebracion-en-supe-puerto\/#article","isPartOf":{"@id":"https:\/\/zonacaral.gob.pe\/noticias\/asi-se-vivio-el-aspero-raymi-2026-milenaria-celebracion-en-supe-puerto\/"},"author":{"name":"webmaster","@id":"https:\/\/zonacaral.gob.pe\/es\/#\/schema\/person\/c3fbf557c7f65281e36e4e45873334e0"},"headline":"As\u00ed se vivi\u00f3 el \u201c\u00c1spero Raymi 2026\u201d: milenaria celebraci\u00f3n en Supe Puerto","datePublished":"2026-04-29T21:59:16+00:00","dateModified":"2026-04-29T22:22:21+00:00","mainEntityOfPage":{"@id":"https:\/\/zonacaral.gob.pe\/noticias\/asi-se-vivio-el-aspero-raymi-2026-milenaria-celebracion-en-supe-puerto\/"},"wordCount":779,"commentCount":0,"image":{"@id":"https:\/\/zonacaral.gob.pe\/noticias\/asi-se-vivio-el-aspero-raymi-2026-milenaria-celebracion-en-supe-puerto\/#primaryimage"},"thumbnailUrl":"https:\/\/zonacaral.gob.pe\/wp-content\/uploads\/2026\/04\/1-22-1.png","keywords":["Aniversario \u00c1spero","arqueolog\u00eda","\u00c1spero","\u00c1spero Raymi","Astronom\u00eda","Barranca","Investigaci\u00f3n","Lima","Pasacalle","supe","viajes","Zona Arqueol\u00f3gica Caral"],"articleSection":["noticias"],"inLanguage":"es-PE","potentialAction":[{"@type":"CommentAction","name":"Comment","target":["https:\/\/zonacaral.gob.pe\/noticias\/asi-se-vivio-el-aspero-raymi-2026-milenaria-celebracion-en-supe-puerto\/#respond"]}]},{"@type":"WebPage","@id":"https:\/\/zonacaral.gob.pe\/noticias\/asi-se-vivio-el-aspero-raymi-2026-milenaria-celebracion-en-supe-puerto\/","url":"https:\/\/zonacaral.gob.pe\/noticias\/asi-se-vivio-el-aspero-raymi-2026-milenaria-celebracion-en-supe-puerto\/","name":"As\u00ed se vivi\u00f3 el \u201c\u00c1spero Raymi 2026\u201d: milenaria celebraci\u00f3n en Supe Puerto - Zona Caral","isPartOf":{"@id":"https:\/\/zonacaral.gob.pe\/es\/#website"},"primaryImageOfPage":{"@id":"https:\/\/zonacaral.gob.pe\/noticias\/asi-se-vivio-el-aspero-raymi-2026-milenaria-celebracion-en-supe-puerto\/#primaryimage"},"image":{"@id":"https:\/\/zonacaral.gob.pe\/noticias\/asi-se-vivio-el-aspero-raymi-2026-milenaria-celebracion-en-supe-puerto\/#primaryimage"},"thumbnailUrl":"https:\/\/zonacaral.gob.pe\/wp-content\/uploads\/2026\/04\/1-22-1.png","datePublished":"2026-04-29T21:59:16+00:00","dateModified":"2026-04-29T22:22:21+00:00","author":{"@id":"https:\/\/zonacaral.gob.pe\/es\/#\/schema\/person\/c3fbf557c7f65281e36e4e45873334e0"},"description":"El \u00faltimo fin de semana, los d\u00edas 24 y 25 de abril, se desarroll\u00f3 con \u00e9xito el \u201c\u00c1spero Raymi 2026\u201d, celebraci\u00f3n cultural organizada por la Zona Arqueol\u00f3gica Caral (ZAC), Unidad Ejecutora 003 del Ministerio de Cultura, en \u00c1spero, ciudad pesquera de la Civilizaci\u00f3n Caral, ubicada en el distrito de Supe Puerto, provincia de Barranca.","breadcrumb":{"@id":"https:\/\/zonacaral.gob.pe\/noticias\/asi-se-vivio-el-aspero-raymi-2026-milenaria-celebracion-en-supe-puerto\/#breadcrumb"},"inLanguage":"es-PE","potentialAction":[{"@type":"ReadAction","target":["https:\/\/zonacaral.gob.pe\/noticias\/asi-se-vivio-el-aspero-raymi-2026-milenaria-celebracion-en-supe-puerto\/"]}]},{"@type":"ImageObject","inLanguage":"es-PE","@id":"https:\/\/zonacaral.gob.pe\/noticias\/asi-se-vivio-el-aspero-raymi-2026-milenaria-celebracion-en-supe-puerto\/#primaryimage","url":"https:\/\/zonacaral.gob.pe\/wp-content\/uploads\/2026\/04\/1-22-1.png","contentUrl":"https:\/\/zonacaral.gob.pe\/wp-content\/uploads\/2026\/04\/1-22-1.png","width":1200,"height":675},{"@type":"BreadcrumbList","@id":"https:\/\/zonacaral.gob.pe\/noticias\/asi-se-vivio-el-aspero-raymi-2026-milenaria-celebracion-en-supe-puerto\/#breadcrumb","itemListElement":[{"@type":"ListItem","position":1,"name":"Portada","item":"https:\/\/zonacaral.gob.pe\/"},{"@type":"ListItem","position":2,"name":"As\u00ed se vivi\u00f3 el \u201c\u00c1spero Raymi 2026\u201d: milenaria celebraci\u00f3n en Supe Puerto"}]},{"@type":"WebSite","@id":"https:\/\/zonacaral.gob.pe\/es\/#website","url":"https:\/\/zonacaral.gob.pe\/es\/","name":"Zona Caral","description":"Investigamos, conservamos y difundimos el patrimonio cultural de la Civilizaci\u00f3n Caral, la m\u00e1s antigua de Am\u00e9rica.","potentialAction":[{"@type":"SearchAction","target":{"@type":"EntryPoint","urlTemplate":"https:\/\/zonacaral.gob.pe\/es\/?s={search_term_string}"},"query-input":{"@type":"PropertyValueSpecification","valueRequired":true,"valueName":"search_term_string"}}],"inLanguage":"es-PE"},{"@type":"Person","@id":"https:\/\/zonacaral.gob.pe\/es\/#\/schema\/person\/c3fbf557c7f65281e36e4e45873334e0","name":"webmaster","image":{"@type":"ImageObject","inLanguage":"es-PE","@id":"https:\/\/secure.gravatar.com\/avatar\/8164655a0d908be71943f534b536cb394851ecb8a615a9f115545b1a90b0ce5b?s=96&d=mm&r=g","url":"https:\/\/secure.gravatar.com\/avatar\/8164655a0d908be71943f534b536cb394851ecb8a615a9f115545b1a90b0ce5b?s=96&d=mm&r=g","contentUrl":"https:\/\/secure.gravatar.com\/avatar\/8164655a0d908be71943f534b536cb394851ecb8a615a9f115545b1a90b0ce5b?s=96&d=mm&r=g","caption":"webmaster"},"url":"http:\/\/zonacaral.gob.pe\/es\/noticias\/author\/webmaster\/"}]}},"_links":{"self":[{"href":"http:\/\/zonacaral.gob.pe\/es\/wp-json\/wp\/v2\/posts\/24436","targetHints":{"allow":["GET"]}}],"collection":[{"href":"http:\/\/zonacaral.gob.pe\/es\/wp-json\/wp\/v2\/posts"}],"about":[{"href":"http:\/\/zonacaral.gob.pe\/es\/wp-json\/wp\/v2\/types\/post"}],"author":[{"embeddable":true,"href":"http:\/\/zonacaral.gob.pe\/es\/wp-json\/wp\/v2\/users\/4"}],"replies":[{"embeddable":true,"href":"http:\/\/zonacaral.gob.pe\/es\/wp-json\/wp\/v2\/comments?post=24436"}],"version-history":[{"count":3,"href":"http:\/\/zonacaral.gob.pe\/es\/wp-json\/wp\/v2\/posts\/24436\/revisions"}],"predecessor-version":[{"id":24442,"href":"http:\/\/zonacaral.gob.pe\/es\/wp-json\/wp\/v2\/posts\/24436\/revisions\/24442"}],"wp:featuredmedia":[{"embeddable":true,"href":"http:\/\/zonacaral.gob.pe\/es\/wp-json\/wp\/v2\/media\/24444"}],"wp:attachment":[{"href":"http:\/\/zonacaral.gob.pe\/es\/wp-json\/wp\/v2\/media?parent=24436"}],"wp:term":[{"taxonomy":"category","embeddable":true,"href":"http:\/\/zonacaral.gob.pe\/es\/wp-json\/wp\/v2\/categories?post=24436"},{"taxonomy":"post_tag","embeddable":true,"href":"http:\/\/zonacaral.gob.pe\/es\/wp-json\/wp\/v2\/tags?post=24436"}],"curies":[{"name":"wp","href":"https:\/\/api.w.org\/{rel}","templated":true}]}}