{"id":24440,"date":"2026-04-29T16:28:29","date_gmt":"2026-04-29T21:28:29","guid":{"rendered":"https:\/\/zonacaral.gob.pe\/?p=24440"},"modified":"2026-04-29T17:29:07","modified_gmt":"2026-04-29T22:29:07","slug":"pasacalle-en-supe-puerto-poblacion-pidio-respeto-y-proteccion-del-patrimonio-cultural","status":"publish","type":"post","link":"http:\/\/zonacaral.gob.pe\/es\/noticias\/pasacalle-en-supe-puerto-poblacion-pidio-respeto-y-proteccion-del-patrimonio-cultural\/","title":{"rendered":"Pasacalle en Supe Puerto: poblaci\u00f3n pidi\u00f3 respeto y protecci\u00f3n del patrimonio cultural"},"content":{"rendered":"\n<blockquote class=\"wp-block-quote is-layout-flow wp-block-quote-is-layout-flow\">\n<p><em><em><em><em><em><em><strong><em><em><em>Unidos en una sola voz en defensa del patrimonio cultural.<\/em><\/em><\/em><\/strong><\/em><\/em><\/em><\/em><\/em><\/em><\/p>\n<\/blockquote>\n\n\n\n<p>Con color, m\u00fasica y un firme mensaje de identidad y compromiso ciudadano, la poblaci\u00f3n de Supe Puerto particip\u00f3 en el VII Concurso Escolar de Pasacalle \u201cRevalorando Nuestro Pasado Milenario\u201d, actividad realizada como parte del programa conmemorativo por el 21.\u00ba aniversario del inicio de los trabajos de investigaci\u00f3n, conservaci\u00f3n y difusi\u00f3n de <a href=\"https:\/\/zonacaral.gob.pe\/es\/ruta-caral\/zona-arqueologica-aspero\/\"><strong>\u00c1spero<\/strong><\/a>, ciudad pesquera de la Civilizaci\u00f3n Caral.<\/p>\n\n\n\n<p>La jornada, realizada en la Plaza Grau del distrito de Supe Puerto, congreg\u00f3 a autoridades locales, organizaciones sociales, colectivos culturales, vecinos y visitantes, quienes con aplausos acompa\u00f1aron a los estudiantes y docentes de diversas instituciones educativas, quienes identificados con su patrimonio cultural, lucieron trajes alusivos a los antiguos habitantes de \u00c1spero, y representaron sus actividades, como el intercambio comercial.<\/p>\n\n\n\n<p>Adem\u00e1s, portaron pancartas con mensajes orientados a la defensa y protecci\u00f3n del patrimonio arqueol\u00f3gico, hist\u00f3rico y natural, reafirmando la importancia de preservar la memoria colectiva frente a acciones que puedan ponerla en riesgo.<\/p>\n\n\n\n<p>Cabe recordar que, en octubre del a\u00f1o pasado, la <a href=\"https:\/\/www.gob.pe\/caral\"><strong>Zona Arqueol\u00f3gica Caral<\/strong><\/a>, Unidad Ejecutora 003 del Ministerio de Cultura, denunci\u00f3 la destrucci\u00f3n de parte de las antiguas construcciones de la Zona Monumental de la Hacienda San Nicol\u00e1s, en Supe, iniciando las acciones legales correspondientes para que las autoridades competentes sancionen este atentado contra el patrimonio cultural.<\/p>\n\n\n\n<p>En ese contexto, los participantes del pasacalle hicieron un llamado a promover pr\u00e1cticas responsables, respetar las zonas arqueol\u00f3gicas y contribuir activamente a su conservaci\u00f3n para las futuras generaciones. Asimismo, destacaron la importancia de fortalecer la educaci\u00f3n patrimonial desde la escuela y promover la participaci\u00f3n comunitaria como pilares fundamentales para la protecci\u00f3n del legado hist\u00f3rico.<\/p>\n\n\n\n<p>La jornada cultural reafirm\u00f3 el compromiso de la poblaci\u00f3n de Supe Puerto con la defensa de su historia milenaria y con la construcci\u00f3n de una ciudadan\u00eda consciente del valor del patrimonio arqueol\u00f3gico. La Zona Arqueol\u00f3gica Caral felicita a los ni\u00f1os, j\u00f3venes y adultos participantes, que adem\u00e1s evidencian su compromiso con el cuidado del medio ambiente.<\/p>\n\n\n\n<h6 class=\"wp-block-heading\"><strong>DATO<\/strong><\/h6>\n\n\n\n<p>La doctora Ruth Shady Sol\u00eds, directora de la Zona Arqueol\u00f3gica Caral, particip\u00f3 en la actividad y entreg\u00f3 reconocimientos a los ganadores del VII Concurso Escolar de Pasacalle \u201cRevalorando Nuestro Pasado Milenario\u201d.<\/p>\n\n\n\n<p>Por su parte, el alcalde distrital de Supe Puerto, V\u00edctor Manuel Francia Arquinio, present\u00f3 el plan de desarrollo local que contempla el asfaltado de calles y el mejoramiento del acceso hacia la zona de influencia de \u00c1spero. Asimismo, el alcalde provincial de Barranca, Roberto Pozo Lomas, reafirm\u00f3 el compromiso de su gesti\u00f3n con la promoci\u00f3n de la cultura, el turismo y la historia como ejes para impulsar el desarrollo.<\/p>\n\n\n\n<p><em>Para m\u00e1s noticias de la Zona Arqueol\u00f3gica Caral, s\u00edguenos en <\/em><a href=\"https:\/\/www.instagram.com\/caralperu\/?hl=es\"><em>Instagram<\/em><\/a><em>, <\/em><a href=\"https:\/\/www.tiktok.com\/@caral_peru?lang=es\"><em>Tik Tok<\/em><\/a><em>, <\/em><a href=\"https:\/\/www.facebook.com\/CARALPERU\/\"><em>Facebook<\/em><\/a><em>, <\/em><a href=\"https:\/\/x.com\/Peru_Caral\"><em>X<\/em><\/a><em>, <\/em><a href=\"https:\/\/www.youtube.com\/PeruCaral\"><em>YouTube<\/em><\/a><em> y en nuestro canal de <\/em><a href=\"https:\/\/t.me\/Caral_Peru\"><em>Telegram<\/em><\/a><em>.<\/em><\/p>\n\n\n\n<p><em>Conoce m\u00e1s de la civilizaci\u00f3n Caral en nuestro&nbsp;<a href=\"https:\/\/zonacaral.gob.pe\/es\/museo-caral-virtual\/\">museo virtual<\/a>.&nbsp;<\/em><\/p>\n\n\n\n<p><\/p>\n","protected":false},"excerpt":{"rendered":"<p>Unidos en una sola voz en defensa del patrimonio cultural. Con color, m\u00fasica y un firme mensaje de identidad y [&hellip;]<\/p>\n","protected":false},"author":4,"featured_media":24438,"comment_status":"open","ping_status":"open","sticky":false,"template":"","format":"standard","meta":{"_acf_changed":false,"site-sidebar-layout":"default","site-content-layout":"","ast-site-content-layout":"default","site-content-style":"default","site-sidebar-style":"default","ast-global-header-display":"","ast-banner-title-visibility":"","ast-main-header-display":"","ast-hfb-above-header-display":"","ast-hfb-below-header-display":"","ast-hfb-mobile-header-display":"","site-post-title":"","ast-breadcrumbs-content":"","ast-featured-img":"","footer-sml-layout":"","ast-disable-related-posts":"","theme-transparent-header-meta":"","adv-header-id-meta":"","stick-header-meta":"","header-above-stick-meta":"","header-main-stick-meta":"","header-below-stick-meta":"","astra-migrate-meta-layouts":"default","ast-page-background-enabled":"default","ast-page-background-meta":{"desktop":{"background-color":"var(--ast-global-color-5)","background-image":"","background-repeat":"repeat","background-position":"center center","background-size":"auto","background-attachment":"scroll","background-type":"","background-media":"","overlay-type":"","overlay-color":"","overlay-opacity":"","overlay-gradient":""},"tablet":{"background-color":"","background-image":"","background-repeat":"repeat","background-position":"center center","background-size":"auto","background-attachment":"scroll","background-type":"","background-media":"","overlay-type":"","overlay-color":"","overlay-opacity":"","overlay-gradient":""},"mobile":{"background-color":"","background-image":"","background-repeat":"repeat","background-position":"center center","background-size":"auto","background-attachment":"scroll","background-type":"","background-media":"","overlay-type":"","overlay-color":"","overlay-opacity":"","overlay-gradient":""}},"ast-content-background-meta":{"desktop":{"background-color":"var(--ast-global-color-4)","background-image":"","background-repeat":"repeat","background-position":"center center","background-size":"auto","background-attachment":"scroll","background-type":"","background-media":"","overlay-type":"","overlay-color":"","overlay-opacity":"","overlay-gradient":""},"tablet":{"background-color":"var(--ast-global-color-4)","background-image":"","background-repeat":"repeat","background-position":"center center","background-size":"auto","background-attachment":"scroll","background-type":"","background-media":"","overlay-type":"","overlay-color":"","overlay-opacity":"","overlay-gradient":""},"mobile":{"background-color":"var(--ast-global-color-4)","background-image":"","background-repeat":"repeat","background-position":"center center","background-size":"auto","background-attachment":"scroll","background-type":"","background-media":"","overlay-type":"","overlay-color":"","overlay-opacity":"","overlay-gradient":""}},"footnotes":""},"categories":[208],"tags":[262,127,63,263,265,261,266,257,264,56,70,255],"class_list":["post-24440","post","type-post","status-publish","format-standard","has-post-thumbnail","hentry","category-noticias","tag-aniversario-aspero","tag-arqueologia","tag-aspero","tag-aspero-raymi","tag-astronomia","tag-barranca","tag-investigacion","tag-lima","tag-pasacalle","tag-supe","tag-viajes","tag-zona-arqueologica-caral"],"acf":[],"yoast_head":"<!-- This site is optimized with the Yoast SEO plugin v27.3 - https:\/\/yoast.com\/product\/yoast-seo-wordpress\/ -->\n<title>Pasacalle en Supe Puerto: poblaci\u00f3n pidi\u00f3 respeto y protecci\u00f3n del patrimonio cultural - Zona Caral<\/title>\n<meta name=\"description\" content=\"Con color, m\u00fasica y un firme mensaje de identidad y compromiso ciudadano, la poblaci\u00f3n de Supe Puerto particip\u00f3 en el VII Concurso Escolar de Pasacalle \u201cRevalorando Nuestro Pasado Milenario\u201d, actividad realizada como parte del programa conmemorativo por el 21.\u00ba aniversario del inicio de los trabajos de investigaci\u00f3n, conservaci\u00f3n y difusi\u00f3n de \u00c1spero, ciudad pesquera de la Civilizaci\u00f3n Caral.\" \/>\n<meta name=\"robots\" content=\"index, follow, max-snippet:-1, max-image-preview:large, max-video-preview:-1\" \/>\n<link rel=\"canonical\" href=\"https:\/\/zonacaral.gob.pe\/es\/noticias\/pasacalle-en-supe-puerto-poblacion-pidio-respeto-y-proteccion-del-patrimonio-cultural\/\" \/>\n<meta property=\"og:locale\" content=\"es_ES\" \/>\n<meta property=\"og:type\" content=\"article\" \/>\n<meta property=\"og:title\" content=\"Pasacalle en Supe Puerto: poblaci\u00f3n pidi\u00f3 respeto y protecci\u00f3n del patrimonio cultural - Zona Caral\" \/>\n<meta property=\"og:description\" content=\"Con color, m\u00fasica y un firme mensaje de identidad y compromiso ciudadano, la poblaci\u00f3n de Supe Puerto particip\u00f3 en el VII Concurso Escolar de Pasacalle \u201cRevalorando Nuestro Pasado Milenario\u201d, actividad realizada como parte del programa conmemorativo por el 21.\u00ba aniversario del inicio de los trabajos de investigaci\u00f3n, conservaci\u00f3n y difusi\u00f3n de \u00c1spero, ciudad pesquera de la Civilizaci\u00f3n Caral.\" \/>\n<meta property=\"og:url\" content=\"https:\/\/zonacaral.gob.pe\/es\/noticias\/pasacalle-en-supe-puerto-poblacion-pidio-respeto-y-proteccion-del-patrimonio-cultural\/\" \/>\n<meta property=\"og:site_name\" content=\"Zona Caral\" \/>\n<meta property=\"article:published_time\" content=\"2026-04-29T21:28:29+00:00\" \/>\n<meta property=\"article:modified_time\" content=\"2026-04-29T22:29:07+00:00\" \/>\n<meta property=\"og:image\" content=\"https:\/\/zonacaral.gob.pe\/wp-content\/uploads\/2026\/04\/1-21.png\" \/>\n\t<meta property=\"og:image:width\" content=\"1200\" \/>\n\t<meta property=\"og:image:height\" content=\"675\" \/>\n\t<meta property=\"og:image:type\" content=\"image\/png\" \/>\n<meta name=\"author\" content=\"webmaster\" \/>\n<meta name=\"twitter:card\" content=\"summary_large_image\" \/>\n<meta name=\"twitter:label1\" content=\"Written by\" \/>\n\t<meta name=\"twitter:data1\" content=\"webmaster\" \/>\n\t<meta name=\"twitter:label2\" content=\"Est. reading time\" \/>\n\t<meta name=\"twitter:data2\" content=\"3 minutos\" \/>\n<script type=\"application\/ld+json\" class=\"yoast-schema-graph\">{\"@context\":\"https:\\\/\\\/schema.org\",\"@graph\":[{\"@type\":\"Article\",\"@id\":\"https:\\\/\\\/zonacaral.gob.pe\\\/noticias\\\/pasacalle-en-supe-puerto-poblacion-pidio-respeto-y-proteccion-del-patrimonio-cultural\\\/#article\",\"isPartOf\":{\"@id\":\"https:\\\/\\\/zonacaral.gob.pe\\\/noticias\\\/pasacalle-en-supe-puerto-poblacion-pidio-respeto-y-proteccion-del-patrimonio-cultural\\\/\"},\"author\":{\"name\":\"webmaster\",\"@id\":\"https:\\\/\\\/zonacaral.gob.pe\\\/es\\\/#\\\/schema\\\/person\\\/c3fbf557c7f65281e36e4e45873334e0\"},\"headline\":\"Pasacalle en Supe Puerto: poblaci\u00f3n pidi\u00f3 respeto y protecci\u00f3n del patrimonio cultural\",\"datePublished\":\"2026-04-29T21:28:29+00:00\",\"dateModified\":\"2026-04-29T22:29:07+00:00\",\"mainEntityOfPage\":{\"@id\":\"https:\\\/\\\/zonacaral.gob.pe\\\/noticias\\\/pasacalle-en-supe-puerto-poblacion-pidio-respeto-y-proteccion-del-patrimonio-cultural\\\/\"},\"wordCount\":512,\"commentCount\":0,\"image\":{\"@id\":\"https:\\\/\\\/zonacaral.gob.pe\\\/noticias\\\/pasacalle-en-supe-puerto-poblacion-pidio-respeto-y-proteccion-del-patrimonio-cultural\\\/#primaryimage\"},\"thumbnailUrl\":\"https:\\\/\\\/zonacaral.gob.pe\\\/wp-content\\\/uploads\\\/2026\\\/04\\\/1-21.png\",\"keywords\":[\"Aniversario \u00c1spero\",\"arqueolog\u00eda\",\"Aspero\",\"\u00c1spero Raymi\",\"Astronom\u00eda\",\"Barranca\",\"Investigaci\u00f3n\",\"Lima\",\"Pasacalle\",\"supe\",\"viajes\",\"Zona Arqueol\u00f3gica Caral\"],\"articleSection\":[\"noticias\"],\"inLanguage\":\"es-PE\",\"potentialAction\":[{\"@type\":\"CommentAction\",\"name\":\"Comment\",\"target\":[\"https:\\\/\\\/zonacaral.gob.pe\\\/noticias\\\/pasacalle-en-supe-puerto-poblacion-pidio-respeto-y-proteccion-del-patrimonio-cultural\\\/#respond\"]}]},{\"@type\":\"WebPage\",\"@id\":\"https:\\\/\\\/zonacaral.gob.pe\\\/noticias\\\/pasacalle-en-supe-puerto-poblacion-pidio-respeto-y-proteccion-del-patrimonio-cultural\\\/\",\"url\":\"https:\\\/\\\/zonacaral.gob.pe\\\/noticias\\\/pasacalle-en-supe-puerto-poblacion-pidio-respeto-y-proteccion-del-patrimonio-cultural\\\/\",\"name\":\"Pasacalle en Supe Puerto: poblaci\u00f3n pidi\u00f3 respeto y protecci\u00f3n del patrimonio cultural - Zona Caral\",\"isPartOf\":{\"@id\":\"https:\\\/\\\/zonacaral.gob.pe\\\/es\\\/#website\"},\"primaryImageOfPage\":{\"@id\":\"https:\\\/\\\/zonacaral.gob.pe\\\/noticias\\\/pasacalle-en-supe-puerto-poblacion-pidio-respeto-y-proteccion-del-patrimonio-cultural\\\/#primaryimage\"},\"image\":{\"@id\":\"https:\\\/\\\/zonacaral.gob.pe\\\/noticias\\\/pasacalle-en-supe-puerto-poblacion-pidio-respeto-y-proteccion-del-patrimonio-cultural\\\/#primaryimage\"},\"thumbnailUrl\":\"https:\\\/\\\/zonacaral.gob.pe\\\/wp-content\\\/uploads\\\/2026\\\/04\\\/1-21.png\",\"datePublished\":\"2026-04-29T21:28:29+00:00\",\"dateModified\":\"2026-04-29T22:29:07+00:00\",\"author\":{\"@id\":\"https:\\\/\\\/zonacaral.gob.pe\\\/es\\\/#\\\/schema\\\/person\\\/c3fbf557c7f65281e36e4e45873334e0\"},\"description\":\"Con color, m\u00fasica y un firme mensaje de identidad y compromiso ciudadano, la poblaci\u00f3n de Supe Puerto particip\u00f3 en el VII Concurso Escolar de Pasacalle \u201cRevalorando Nuestro Pasado Milenario\u201d, actividad realizada como parte del programa conmemorativo por el 21.\u00ba aniversario del inicio de los trabajos de investigaci\u00f3n, conservaci\u00f3n y difusi\u00f3n de \u00c1spero, ciudad pesquera de la Civilizaci\u00f3n Caral.\",\"breadcrumb\":{\"@id\":\"https:\\\/\\\/zonacaral.gob.pe\\\/noticias\\\/pasacalle-en-supe-puerto-poblacion-pidio-respeto-y-proteccion-del-patrimonio-cultural\\\/#breadcrumb\"},\"inLanguage\":\"es-PE\",\"potentialAction\":[{\"@type\":\"ReadAction\",\"target\":[\"https:\\\/\\\/zonacaral.gob.pe\\\/noticias\\\/pasacalle-en-supe-puerto-poblacion-pidio-respeto-y-proteccion-del-patrimonio-cultural\\\/\"]}]},{\"@type\":\"ImageObject\",\"inLanguage\":\"es-PE\",\"@id\":\"https:\\\/\\\/zonacaral.gob.pe\\\/noticias\\\/pasacalle-en-supe-puerto-poblacion-pidio-respeto-y-proteccion-del-patrimonio-cultural\\\/#primaryimage\",\"url\":\"https:\\\/\\\/zonacaral.gob.pe\\\/wp-content\\\/uploads\\\/2026\\\/04\\\/1-21.png\",\"contentUrl\":\"https:\\\/\\\/zonacaral.gob.pe\\\/wp-content\\\/uploads\\\/2026\\\/04\\\/1-21.png\",\"width\":1200,\"height\":675},{\"@type\":\"BreadcrumbList\",\"@id\":\"https:\\\/\\\/zonacaral.gob.pe\\\/noticias\\\/pasacalle-en-supe-puerto-poblacion-pidio-respeto-y-proteccion-del-patrimonio-cultural\\\/#breadcrumb\",\"itemListElement\":[{\"@type\":\"ListItem\",\"position\":1,\"name\":\"Portada\",\"item\":\"https:\\\/\\\/zonacaral.gob.pe\\\/\"},{\"@type\":\"ListItem\",\"position\":2,\"name\":\"Pasacalle en Supe Puerto: poblaci\u00f3n pidi\u00f3 respeto y protecci\u00f3n del patrimonio cultural\"}]},{\"@type\":\"WebSite\",\"@id\":\"https:\\\/\\\/zonacaral.gob.pe\\\/es\\\/#website\",\"url\":\"https:\\\/\\\/zonacaral.gob.pe\\\/es\\\/\",\"name\":\"Zona Caral\",\"description\":\"Investigamos, conservamos y difundimos el patrimonio cultural de la Civilizaci\u00f3n Caral, la m\u00e1s antigua de Am\u00e9rica.\",\"potentialAction\":[{\"@type\":\"SearchAction\",\"target\":{\"@type\":\"EntryPoint\",\"urlTemplate\":\"https:\\\/\\\/zonacaral.gob.pe\\\/es\\\/?s={search_term_string}\"},\"query-input\":{\"@type\":\"PropertyValueSpecification\",\"valueRequired\":true,\"valueName\":\"search_term_string\"}}],\"inLanguage\":\"es-PE\"},{\"@type\":\"Person\",\"@id\":\"https:\\\/\\\/zonacaral.gob.pe\\\/es\\\/#\\\/schema\\\/person\\\/c3fbf557c7f65281e36e4e45873334e0\",\"name\":\"webmaster\",\"image\":{\"@type\":\"ImageObject\",\"inLanguage\":\"es-PE\",\"@id\":\"https:\\\/\\\/secure.gravatar.com\\\/avatar\\\/8164655a0d908be71943f534b536cb394851ecb8a615a9f115545b1a90b0ce5b?s=96&d=mm&r=g\",\"url\":\"https:\\\/\\\/secure.gravatar.com\\\/avatar\\\/8164655a0d908be71943f534b536cb394851ecb8a615a9f115545b1a90b0ce5b?s=96&d=mm&r=g\",\"contentUrl\":\"https:\\\/\\\/secure.gravatar.com\\\/avatar\\\/8164655a0d908be71943f534b536cb394851ecb8a615a9f115545b1a90b0ce5b?s=96&d=mm&r=g\",\"caption\":\"webmaster\"},\"url\":\"http:\\\/\\\/zonacaral.gob.pe\\\/es\\\/noticias\\\/author\\\/webmaster\\\/\"}]}<\/script>\n<!-- \/ Yoast SEO plugin. -->","yoast_head_json":{"title":"Pasacalle en Supe Puerto: poblaci\u00f3n pidi\u00f3 respeto y protecci\u00f3n del patrimonio cultural - Zona Caral","description":"Con color, m\u00fasica y un firme mensaje de identidad y compromiso ciudadano, la poblaci\u00f3n de Supe Puerto particip\u00f3 en el VII Concurso Escolar de Pasacalle \u201cRevalorando Nuestro Pasado Milenario\u201d, actividad realizada como parte del programa conmemorativo por el 21.\u00ba aniversario del inicio de los trabajos de investigaci\u00f3n, conservaci\u00f3n y difusi\u00f3n de \u00c1spero, ciudad pesquera de la Civilizaci\u00f3n Caral.","robots":{"index":"index","follow":"follow","max-snippet":"max-snippet:-1","max-image-preview":"max-image-preview:large","max-video-preview":"max-video-preview:-1"},"canonical":"https:\/\/zonacaral.gob.pe\/es\/noticias\/pasacalle-en-supe-puerto-poblacion-pidio-respeto-y-proteccion-del-patrimonio-cultural\/","og_locale":"es_ES","og_type":"article","og_title":"Pasacalle en Supe Puerto: poblaci\u00f3n pidi\u00f3 respeto y protecci\u00f3n del patrimonio cultural - Zona Caral","og_description":"Con color, m\u00fasica y un firme mensaje de identidad y compromiso ciudadano, la poblaci\u00f3n de Supe Puerto particip\u00f3 en el VII Concurso Escolar de Pasacalle \u201cRevalorando Nuestro Pasado Milenario\u201d, actividad realizada como parte del programa conmemorativo por el 21.\u00ba aniversario del inicio de los trabajos de investigaci\u00f3n, conservaci\u00f3n y difusi\u00f3n de \u00c1spero, ciudad pesquera de la Civilizaci\u00f3n Caral.","og_url":"https:\/\/zonacaral.gob.pe\/es\/noticias\/pasacalle-en-supe-puerto-poblacion-pidio-respeto-y-proteccion-del-patrimonio-cultural\/","og_site_name":"Zona Caral","article_published_time":"2026-04-29T21:28:29+00:00","article_modified_time":"2026-04-29T22:29:07+00:00","og_image":[{"width":1200,"height":675,"url":"https:\/\/zonacaral.gob.pe\/wp-content\/uploads\/2026\/04\/1-21.png","type":"image\/png"}],"author":"webmaster","twitter_card":"summary_large_image","twitter_misc":{"Written by":"webmaster","Est. reading time":"3 minutos"},"schema":{"@context":"https:\/\/schema.org","@graph":[{"@type":"Article","@id":"https:\/\/zonacaral.gob.pe\/noticias\/pasacalle-en-supe-puerto-poblacion-pidio-respeto-y-proteccion-del-patrimonio-cultural\/#article","isPartOf":{"@id":"https:\/\/zonacaral.gob.pe\/noticias\/pasacalle-en-supe-puerto-poblacion-pidio-respeto-y-proteccion-del-patrimonio-cultural\/"},"author":{"name":"webmaster","@id":"https:\/\/zonacaral.gob.pe\/es\/#\/schema\/person\/c3fbf557c7f65281e36e4e45873334e0"},"headline":"Pasacalle en Supe Puerto: poblaci\u00f3n pidi\u00f3 respeto y protecci\u00f3n del patrimonio cultural","datePublished":"2026-04-29T21:28:29+00:00","dateModified":"2026-04-29T22:29:07+00:00","mainEntityOfPage":{"@id":"https:\/\/zonacaral.gob.pe\/noticias\/pasacalle-en-supe-puerto-poblacion-pidio-respeto-y-proteccion-del-patrimonio-cultural\/"},"wordCount":512,"commentCount":0,"image":{"@id":"https:\/\/zonacaral.gob.pe\/noticias\/pasacalle-en-supe-puerto-poblacion-pidio-respeto-y-proteccion-del-patrimonio-cultural\/#primaryimage"},"thumbnailUrl":"https:\/\/zonacaral.gob.pe\/wp-content\/uploads\/2026\/04\/1-21.png","keywords":["Aniversario \u00c1spero","arqueolog\u00eda","Aspero","\u00c1spero Raymi","Astronom\u00eda","Barranca","Investigaci\u00f3n","Lima","Pasacalle","supe","viajes","Zona Arqueol\u00f3gica Caral"],"articleSection":["noticias"],"inLanguage":"es-PE","potentialAction":[{"@type":"CommentAction","name":"Comment","target":["https:\/\/zonacaral.gob.pe\/noticias\/pasacalle-en-supe-puerto-poblacion-pidio-respeto-y-proteccion-del-patrimonio-cultural\/#respond"]}]},{"@type":"WebPage","@id":"https:\/\/zonacaral.gob.pe\/noticias\/pasacalle-en-supe-puerto-poblacion-pidio-respeto-y-proteccion-del-patrimonio-cultural\/","url":"https:\/\/zonacaral.gob.pe\/noticias\/pasacalle-en-supe-puerto-poblacion-pidio-respeto-y-proteccion-del-patrimonio-cultural\/","name":"Pasacalle en Supe Puerto: poblaci\u00f3n pidi\u00f3 respeto y protecci\u00f3n del patrimonio cultural - Zona Caral","isPartOf":{"@id":"https:\/\/zonacaral.gob.pe\/es\/#website"},"primaryImageOfPage":{"@id":"https:\/\/zonacaral.gob.pe\/noticias\/pasacalle-en-supe-puerto-poblacion-pidio-respeto-y-proteccion-del-patrimonio-cultural\/#primaryimage"},"image":{"@id":"https:\/\/zonacaral.gob.pe\/noticias\/pasacalle-en-supe-puerto-poblacion-pidio-respeto-y-proteccion-del-patrimonio-cultural\/#primaryimage"},"thumbnailUrl":"https:\/\/zonacaral.gob.pe\/wp-content\/uploads\/2026\/04\/1-21.png","datePublished":"2026-04-29T21:28:29+00:00","dateModified":"2026-04-29T22:29:07+00:00","author":{"@id":"https:\/\/zonacaral.gob.pe\/es\/#\/schema\/person\/c3fbf557c7f65281e36e4e45873334e0"},"description":"Con color, m\u00fasica y un firme mensaje de identidad y compromiso ciudadano, la poblaci\u00f3n de Supe Puerto particip\u00f3 en el VII Concurso Escolar de Pasacalle \u201cRevalorando Nuestro Pasado Milenario\u201d, actividad realizada como parte del programa conmemorativo por el 21.\u00ba aniversario del inicio de los trabajos de investigaci\u00f3n, conservaci\u00f3n y difusi\u00f3n de \u00c1spero, ciudad pesquera de la Civilizaci\u00f3n Caral.","breadcrumb":{"@id":"https:\/\/zonacaral.gob.pe\/noticias\/pasacalle-en-supe-puerto-poblacion-pidio-respeto-y-proteccion-del-patrimonio-cultural\/#breadcrumb"},"inLanguage":"es-PE","potentialAction":[{"@type":"ReadAction","target":["https:\/\/zonacaral.gob.pe\/noticias\/pasacalle-en-supe-puerto-poblacion-pidio-respeto-y-proteccion-del-patrimonio-cultural\/"]}]},{"@type":"ImageObject","inLanguage":"es-PE","@id":"https:\/\/zonacaral.gob.pe\/noticias\/pasacalle-en-supe-puerto-poblacion-pidio-respeto-y-proteccion-del-patrimonio-cultural\/#primaryimage","url":"https:\/\/zonacaral.gob.pe\/wp-content\/uploads\/2026\/04\/1-21.png","contentUrl":"https:\/\/zonacaral.gob.pe\/wp-content\/uploads\/2026\/04\/1-21.png","width":1200,"height":675},{"@type":"BreadcrumbList","@id":"https:\/\/zonacaral.gob.pe\/noticias\/pasacalle-en-supe-puerto-poblacion-pidio-respeto-y-proteccion-del-patrimonio-cultural\/#breadcrumb","itemListElement":[{"@type":"ListItem","position":1,"name":"Portada","item":"https:\/\/zonacaral.gob.pe\/"},{"@type":"ListItem","position":2,"name":"Pasacalle en Supe Puerto: poblaci\u00f3n pidi\u00f3 respeto y protecci\u00f3n del patrimonio cultural"}]},{"@type":"WebSite","@id":"https:\/\/zonacaral.gob.pe\/es\/#website","url":"https:\/\/zonacaral.gob.pe\/es\/","name":"Zona Caral","description":"Investigamos, conservamos y difundimos el patrimonio cultural de la Civilizaci\u00f3n Caral, la m\u00e1s antigua de Am\u00e9rica.","potentialAction":[{"@type":"SearchAction","target":{"@type":"EntryPoint","urlTemplate":"https:\/\/zonacaral.gob.pe\/es\/?s={search_term_string}"},"query-input":{"@type":"PropertyValueSpecification","valueRequired":true,"valueName":"search_term_string"}}],"inLanguage":"es-PE"},{"@type":"Person","@id":"https:\/\/zonacaral.gob.pe\/es\/#\/schema\/person\/c3fbf557c7f65281e36e4e45873334e0","name":"webmaster","image":{"@type":"ImageObject","inLanguage":"es-PE","@id":"https:\/\/secure.gravatar.com\/avatar\/8164655a0d908be71943f534b536cb394851ecb8a615a9f115545b1a90b0ce5b?s=96&d=mm&r=g","url":"https:\/\/secure.gravatar.com\/avatar\/8164655a0d908be71943f534b536cb394851ecb8a615a9f115545b1a90b0ce5b?s=96&d=mm&r=g","contentUrl":"https:\/\/secure.gravatar.com\/avatar\/8164655a0d908be71943f534b536cb394851ecb8a615a9f115545b1a90b0ce5b?s=96&d=mm&r=g","caption":"webmaster"},"url":"http:\/\/zonacaral.gob.pe\/es\/noticias\/author\/webmaster\/"}]}},"_links":{"self":[{"href":"http:\/\/zonacaral.gob.pe\/es\/wp-json\/wp\/v2\/posts\/24440","targetHints":{"allow":["GET"]}}],"collection":[{"href":"http:\/\/zonacaral.gob.pe\/es\/wp-json\/wp\/v2\/posts"}],"about":[{"href":"http:\/\/zonacaral.gob.pe\/es\/wp-json\/wp\/v2\/types\/post"}],"author":[{"embeddable":true,"href":"http:\/\/zonacaral.gob.pe\/es\/wp-json\/wp\/v2\/users\/4"}],"replies":[{"embeddable":true,"href":"http:\/\/zonacaral.gob.pe\/es\/wp-json\/wp\/v2\/comments?post=24440"}],"version-history":[{"count":1,"href":"http:\/\/zonacaral.gob.pe\/es\/wp-json\/wp\/v2\/posts\/24440\/revisions"}],"predecessor-version":[{"id":24446,"href":"http:\/\/zonacaral.gob.pe\/es\/wp-json\/wp\/v2\/posts\/24440\/revisions\/24446"}],"wp:featuredmedia":[{"embeddable":true,"href":"http:\/\/zonacaral.gob.pe\/es\/wp-json\/wp\/v2\/media\/24438"}],"wp:attachment":[{"href":"http:\/\/zonacaral.gob.pe\/es\/wp-json\/wp\/v2\/media?parent=24440"}],"wp:term":[{"taxonomy":"category","embeddable":true,"href":"http:\/\/zonacaral.gob.pe\/es\/wp-json\/wp\/v2\/categories?post=24440"},{"taxonomy":"post_tag","embeddable":true,"href":"http:\/\/zonacaral.gob.pe\/es\/wp-json\/wp\/v2\/tags?post=24440"}],"curies":[{"name":"wp","href":"https:\/\/api.w.org\/{rel}","templated":true}]}}