{"id":10031,"date":"2015-10-28T11:50:05","date_gmt":"2015-10-28T16:50:05","guid":{"rendered":"http:\/\/www.zonacaral.gob.pe\/?p=10031"},"modified":"2015-10-28T11:50:05","modified_gmt":"2015-10-28T16:50:05","slug":"pcm-otorga-medalla-al-merito-ciudadano-a-dra-ruth-shady","status":"publish","type":"post","link":"https:\/\/zonacaral.gob.pe\/en\/noticias\/pcm-otorga-medalla-al-merito-ciudadano-a-dra-ruth-shady\/","title":{"rendered":"PCM otorga Medalla al M\u00e9rito Ciudadano a Dra. Ruth Shady"},"content":{"rendered":"<figure class=\"pic-autor\" style=\"color: #4d4d4d;\"><\/figure>\n<p style=\"text-align: justify;\">La Dra. Ruth Shady Sol\u00eds, Directora de la Zona Arqueol\u00f3gica Caral, Unidad Ejecutora 003, adscrita al Ministerio de Cultura fue condecorada con la Medalla al M\u00e9rito Ciudadano por su destacada trayectoria en la investigaci\u00f3n arqueol\u00f3gica en el Per\u00fa y por la puesta en valor de la Ciudad Sagrada de Caral, ubicada en el valle del distrito de Supe, provincia de Barranca.<\/p>\n<p style=\"text-align: justify;\">La condecoraci\u00f3n estuvo a cargo del presidente del Consejo de Ministros, Pedro Cateriano Bellido; la ceremonia se realiz\u00f3 en la Sala C\u00e1ceres de Palacio de Gobierno y cont\u00f3 con la presencia de la Ministra de Relaciones Exteriores, Ana Mar\u00eda S\u00e1nchez Vargas. Tambi\u00e9n fueron condecorados Luis Bedoya Reyes, el monse\u00f1or Javier del R\u00edo Alba, el embajador Allan Wagner Tiz\u00f3n y Mauricio De Roma\u00f1a y Bustamante.<\/p>\n<p style=\"text-align: justify;\">Creada en octubre de 2009, la Medalla al M\u00e9rito Ciudadano de la PCM es otorgada a las personas que hayan destacado en el ejercicio de su profesi\u00f3n, oficio o actividad, beneficiando con ello a la Naci\u00f3n, a la sociedad, a su comunidad o sus pr\u00f3jimos.<\/p>\n<p style=\"text-align: justify;\">\u00a0<img fetchpriority=\"high\" decoding=\"async\" class=\"alignnone wp-image-10034\" src=\"http:\/\/www.zonacaral.gob.pe\/wp-content\/uploads\/2015\/10\/Otorgan-Medalla-al-M\u00e9rito-Ciudadano-a-diversas-personalidades-del-\u00e1mbito-nacional-22229879679.jpg\" alt=\"Otorgan Medalla al M\u00e9rito Ciudadano a diversas personalidades del \u00e1mbito nacional-22229879679\" width=\"600\" height=\"383\" \/><\/p>\n<p style=\"text-align: justify;\"><img decoding=\"async\" class=\"alignnone wp-image-10036\" src=\"http:\/\/www.zonacaral.gob.pe\/wp-content\/uploads\/2015\/10\/Otorgan-Medalla-al-M\u00e9rito-Ciudadano-a-diversas-personalidades-del-\u00e1mbito-nacional-22427544291.jpg\" alt=\"Otorgan Medalla al M\u00e9rito Ciudadano a diversas personalidades del \u00e1mbito nacional-22427544291\" width=\"600\" height=\"361\" \/><\/p>\n<p style=\"text-align: justify;\"><img decoding=\"async\" class=\"alignnone wp-image-10033\" src=\"http:\/\/www.zonacaral.gob.pe\/wp-content\/uploads\/2015\/10\/Otorgan-Medalla-al-M\u00e9rito-Ciudadano-a-diversas-personalidades-del-\u00e1mbito-nacional-21793935174.jpg\" alt=\"Otorgan Medalla al M\u00e9rito Ciudadano a diversas personalidades del \u00e1mbito nacional-21793935174\" width=\"300\" height=\"450\" \/><\/p>\n<p style=\"color: #434343;\">Fuente:\u00a0Prensa ZAC \/ Fotos: PCM<\/p>\n<p style=\"color: #000000;\">Fecha de publicaci\u00f3n: 27\/10\/2015<\/p>","protected":false},"excerpt":{"rendered":"<p>La Dra. Ruth Shady Sol\u00eds, Directora de la Zona Arqueol\u00f3gica Caral, Unidad Ejecutora 003, adscrita al Ministerio de Cultura fue [&hellip;]<\/p>\n","protected":false},"author":1,"featured_media":10032,"comment_status":"closed","ping_status":"open","sticky":false,"template":"","format":"standard","meta":{"_acf_changed":false,"site-sidebar-layout":"default","site-content-layout":"","ast-site-content-layout":"default","site-content-style":"default","site-sidebar-style":"default","ast-global-header-display":"","ast-banner-title-visibility":"","ast-main-header-display":"","ast-hfb-above-header-display":"","ast-hfb-below-header-display":"","ast-hfb-mobile-header-display":"","site-post-title":"","ast-breadcrumbs-content":"","ast-featured-img":"","footer-sml-layout":"","ast-disable-related-posts":"","theme-transparent-header-meta":"","adv-header-id-meta":"","stick-header-meta":"","header-above-stick-meta":"","header-main-stick-meta":"","header-below-stick-meta":"","astra-migrate-meta-layouts":"default","ast-page-background-enabled":"default","ast-page-background-meta":{"desktop":{"background-color":"var(--ast-global-color-5)","background-image":"","background-repeat":"repeat","background-position":"center center","background-size":"auto","background-attachment":"scroll","background-type":"","background-media":"","overlay-type":"","overlay-color":"","overlay-opacity":"","overlay-gradient":""},"tablet":{"background-color":"","background-image":"","background-repeat":"repeat","background-position":"center center","background-size":"auto","background-attachment":"scroll","background-type":"","background-media":"","overlay-type":"","overlay-color":"","overlay-opacity":"","overlay-gradient":""},"mobile":{"background-color":"","background-image":"","background-repeat":"repeat","background-position":"center center","background-size":"auto","background-attachment":"scroll","background-type":"","background-media":"","overlay-type":"","overlay-color":"","overlay-opacity":"","overlay-gradient":""}},"ast-content-background-meta":{"desktop":{"background-color":"var(--ast-global-color-4)","background-image":"","background-repeat":"repeat","background-position":"center center","background-size":"auto","background-attachment":"scroll","background-type":"","background-media":"","overlay-type":"","overlay-color":"","overlay-opacity":"","overlay-gradient":""},"tablet":{"background-color":"var(--ast-global-color-4)","background-image":"","background-repeat":"repeat","background-position":"center center","background-size":"auto","background-attachment":"scroll","background-type":"","background-media":"","overlay-type":"","overlay-color":"","overlay-opacity":"","overlay-gradient":""},"mobile":{"background-color":"var(--ast-global-color-4)","background-image":"","background-repeat":"repeat","background-position":"center center","background-size":"auto","background-attachment":"scroll","background-type":"","background-media":"","overlay-type":"","overlay-color":"","overlay-opacity":"","overlay-gradient":""}},"footnotes":""},"categories":[208],"tags":[55,102,82],"class_list":["post-10031","post","type-post","status-publish","format-standard","has-post-thumbnail","hentry","category-noticias","tag-caral","tag-pcm","tag-ruth-shady"],"acf":[],"yoast_head":"<!-- This site is optimized with the Yoast SEO plugin v27.3 - https:\/\/yoast.com\/product\/yoast-seo-wordpress\/ -->\n<title>PCM otorga Medalla al M\u00e9rito Ciudadano a Dra. Ruth Shady<\/title>\n<meta name=\"description\" content=\"La Dra. Ruth Shady Sol\u00eds, Directora de la Zona Arqueol\u00f3gica Caral, Unidad Ejecutora 003, adscrita al Ministerio de Cultura fue condecorada con la Medalla al M\u00e9rito Ciudadano por su destacada trayectoria en la investigaci\u00f3n arqueol\u00f3gica en el Per\u00fa y por la puesta en valor de la Ciudad Sagrada de Caral, ubicada en el valle del distrito de Supe, provincia de Barranca.\" \/>\n<meta name=\"robots\" content=\"index, follow, max-snippet:-1, max-image-preview:large, max-video-preview:-1\" \/>\n<link rel=\"canonical\" href=\"https:\/\/zonacaral.gob.pe\/en\/noticias\/pcm-otorga-medalla-al-merito-ciudadano-a-dra-ruth-shady\/\" \/>\n<meta property=\"og:locale\" content=\"en_US\" \/>\n<meta property=\"og:type\" content=\"article\" \/>\n<meta property=\"og:title\" content=\"PCM otorga Medalla al M\u00e9rito Ciudadano a Dra. Ruth Shady\" \/>\n<meta property=\"og:description\" content=\"La Dra. Ruth Shady Sol\u00eds, Directora de la Zona Arqueol\u00f3gica Caral, Unidad Ejecutora 003, adscrita al Ministerio de Cultura fue condecorada con la Medalla al M\u00e9rito Ciudadano por su destacada trayectoria en la investigaci\u00f3n arqueol\u00f3gica en el Per\u00fa y por la puesta en valor de la Ciudad Sagrada de Caral, ubicada en el valle del distrito de Supe, provincia de Barranca.\" \/>\n<meta property=\"og:url\" content=\"https:\/\/zonacaral.gob.pe\/en\/noticias\/pcm-otorga-medalla-al-merito-ciudadano-a-dra-ruth-shady\/\" \/>\n<meta property=\"og:site_name\" content=\"Zona Caral\" \/>\n<meta property=\"article:published_time\" content=\"2015-10-28T16:50:05+00:00\" \/>\n<meta property=\"og:image\" content=\"https:\/\/zonacaral.gob.pe\/wp-content\/uploads\/2015\/10\/Otorgan-Medalla-al-Merito-Ciudadano-a-diversas-personalidades-del-ambito-nacional-21793935384-scaled.jpg\" \/>\n\t<meta property=\"og:image:width\" content=\"2560\" \/>\n\t<meta property=\"og:image:height\" content=\"1707\" \/>\n\t<meta property=\"og:image:type\" content=\"image\/jpeg\" \/>\n<meta name=\"author\" content=\"Zona Caral Administrador\" \/>\n<meta name=\"twitter:card\" content=\"summary_large_image\" \/>\n<meta name=\"twitter:label1\" content=\"Written by\" \/>\n\t<meta name=\"twitter:data1\" content=\"Zona Caral Administrador\" \/>\n\t<meta name=\"twitter:label2\" content=\"Est. reading time\" \/>\n\t<meta name=\"twitter:data2\" content=\"1 minute\" \/>\n<script type=\"application\/ld+json\" class=\"yoast-schema-graph\">{\"@context\":\"https:\\\/\\\/schema.org\",\"@graph\":[{\"@type\":\"Article\",\"@id\":\"https:\\\/\\\/zonacaral.gob.pe\\\/en\\\/noticias\\\/pcm-otorga-medalla-al-merito-ciudadano-a-dra-ruth-shady\\\/#article\",\"isPartOf\":{\"@id\":\"https:\\\/\\\/zonacaral.gob.pe\\\/en\\\/noticias\\\/pcm-otorga-medalla-al-merito-ciudadano-a-dra-ruth-shady\\\/\"},\"author\":{\"name\":\"Zona Caral Administrador\",\"@id\":\"https:\\\/\\\/zonacaral.gob.pe\\\/es\\\/#\\\/schema\\\/person\\\/beddb4d22f71a7230c5b90913270a0ee\"},\"headline\":\"PCM otorga Medalla al M\u00e9rito Ciudadano a Dra. Ruth Shady\",\"datePublished\":\"2015-10-28T16:50:05+00:00\",\"mainEntityOfPage\":{\"@id\":\"https:\\\/\\\/zonacaral.gob.pe\\\/en\\\/noticias\\\/pcm-otorga-medalla-al-merito-ciudadano-a-dra-ruth-shady\\\/\"},\"wordCount\":206,\"image\":{\"@id\":\"https:\\\/\\\/zonacaral.gob.pe\\\/en\\\/noticias\\\/pcm-otorga-medalla-al-merito-ciudadano-a-dra-ruth-shady\\\/#primaryimage\"},\"thumbnailUrl\":\"https:\\\/\\\/zonacaral.gob.pe\\\/wp-content\\\/uploads\\\/2015\\\/10\\\/Otorgan-Medalla-al-Merito-Ciudadano-a-diversas-personalidades-del-ambito-nacional-21793935384-scaled.jpg\",\"keywords\":[\"caral\",\"pcm\",\"Ruth Shady\"],\"articleSection\":[\"noticias\"],\"inLanguage\":\"en-US\"},{\"@type\":\"WebPage\",\"@id\":\"https:\\\/\\\/zonacaral.gob.pe\\\/en\\\/noticias\\\/pcm-otorga-medalla-al-merito-ciudadano-a-dra-ruth-shady\\\/\",\"url\":\"https:\\\/\\\/zonacaral.gob.pe\\\/en\\\/noticias\\\/pcm-otorga-medalla-al-merito-ciudadano-a-dra-ruth-shady\\\/\",\"name\":\"PCM otorga Medalla al M\u00e9rito Ciudadano a Dra. Ruth Shady\",\"isPartOf\":{\"@id\":\"https:\\\/\\\/zonacaral.gob.pe\\\/es\\\/#website\"},\"primaryImageOfPage\":{\"@id\":\"https:\\\/\\\/zonacaral.gob.pe\\\/en\\\/noticias\\\/pcm-otorga-medalla-al-merito-ciudadano-a-dra-ruth-shady\\\/#primaryimage\"},\"image\":{\"@id\":\"https:\\\/\\\/zonacaral.gob.pe\\\/en\\\/noticias\\\/pcm-otorga-medalla-al-merito-ciudadano-a-dra-ruth-shady\\\/#primaryimage\"},\"thumbnailUrl\":\"https:\\\/\\\/zonacaral.gob.pe\\\/wp-content\\\/uploads\\\/2015\\\/10\\\/Otorgan-Medalla-al-Merito-Ciudadano-a-diversas-personalidades-del-ambito-nacional-21793935384-scaled.jpg\",\"datePublished\":\"2015-10-28T16:50:05+00:00\",\"author\":{\"@id\":\"https:\\\/\\\/zonacaral.gob.pe\\\/es\\\/#\\\/schema\\\/person\\\/beddb4d22f71a7230c5b90913270a0ee\"},\"description\":\"La Dra. Ruth Shady Sol\u00eds, Directora de la Zona Arqueol\u00f3gica Caral, Unidad Ejecutora 003, adscrita al Ministerio de Cultura fue condecorada con la Medalla al M\u00e9rito Ciudadano por su destacada trayectoria en la investigaci\u00f3n arqueol\u00f3gica en el Per\u00fa y por la puesta en valor de la Ciudad Sagrada de Caral, ubicada en el valle del distrito de Supe, provincia de Barranca.\",\"breadcrumb\":{\"@id\":\"https:\\\/\\\/zonacaral.gob.pe\\\/en\\\/noticias\\\/pcm-otorga-medalla-al-merito-ciudadano-a-dra-ruth-shady\\\/#breadcrumb\"},\"inLanguage\":\"en-US\",\"potentialAction\":[{\"@type\":\"ReadAction\",\"target\":[\"https:\\\/\\\/zonacaral.gob.pe\\\/en\\\/noticias\\\/pcm-otorga-medalla-al-merito-ciudadano-a-dra-ruth-shady\\\/\"]}]},{\"@type\":\"ImageObject\",\"inLanguage\":\"en-US\",\"@id\":\"https:\\\/\\\/zonacaral.gob.pe\\\/en\\\/noticias\\\/pcm-otorga-medalla-al-merito-ciudadano-a-dra-ruth-shady\\\/#primaryimage\",\"url\":\"https:\\\/\\\/zonacaral.gob.pe\\\/wp-content\\\/uploads\\\/2015\\\/10\\\/Otorgan-Medalla-al-Merito-Ciudadano-a-diversas-personalidades-del-ambito-nacional-21793935384-scaled.jpg\",\"contentUrl\":\"https:\\\/\\\/zonacaral.gob.pe\\\/wp-content\\\/uploads\\\/2015\\\/10\\\/Otorgan-Medalla-al-Merito-Ciudadano-a-diversas-personalidades-del-ambito-nacional-21793935384-scaled.jpg\",\"width\":2560,\"height\":1707},{\"@type\":\"BreadcrumbList\",\"@id\":\"https:\\\/\\\/zonacaral.gob.pe\\\/en\\\/noticias\\\/pcm-otorga-medalla-al-merito-ciudadano-a-dra-ruth-shady\\\/#breadcrumb\",\"itemListElement\":[{\"@type\":\"ListItem\",\"position\":1,\"name\":\"Portada\",\"item\":\"https:\\\/\\\/zonacaral.gob.pe\\\/\"},{\"@type\":\"ListItem\",\"position\":2,\"name\":\"PCM otorga Medalla al M\u00e9rito Ciudadano a Dra. Ruth Shady\"}]},{\"@type\":\"WebSite\",\"@id\":\"https:\\\/\\\/zonacaral.gob.pe\\\/es\\\/#website\",\"url\":\"https:\\\/\\\/zonacaral.gob.pe\\\/es\\\/\",\"name\":\"Zona Caral\",\"description\":\"Investigamos, conservamos y difundimos el patrimonio cultural de la Civilizaci\u00f3n Caral, la m\u00e1s antigua de Am\u00e9rica.\",\"potentialAction\":[{\"@type\":\"SearchAction\",\"target\":{\"@type\":\"EntryPoint\",\"urlTemplate\":\"https:\\\/\\\/zonacaral.gob.pe\\\/es\\\/?s={search_term_string}\"},\"query-input\":{\"@type\":\"PropertyValueSpecification\",\"valueRequired\":true,\"valueName\":\"search_term_string\"}}],\"inLanguage\":\"en-US\"},{\"@type\":\"Person\",\"@id\":\"https:\\\/\\\/zonacaral.gob.pe\\\/es\\\/#\\\/schema\\\/person\\\/beddb4d22f71a7230c5b90913270a0ee\",\"name\":\"Zona Caral Administrador\",\"image\":{\"@type\":\"ImageObject\",\"inLanguage\":\"en-US\",\"@id\":\"https:\\\/\\\/secure.gravatar.com\\\/avatar\\\/e4be162918a696358376de6446614e0f0f4062bdc5d170d6d540ada3d8b58c12?s=96&d=mm&r=g\",\"url\":\"https:\\\/\\\/secure.gravatar.com\\\/avatar\\\/e4be162918a696358376de6446614e0f0f4062bdc5d170d6d540ada3d8b58c12?s=96&d=mm&r=g\",\"contentUrl\":\"https:\\\/\\\/secure.gravatar.com\\\/avatar\\\/e4be162918a696358376de6446614e0f0f4062bdc5d170d6d540ada3d8b58c12?s=96&d=mm&r=g\",\"caption\":\"Zona Caral Administrador\"},\"sameAs\":[\"https:\\\/\\\/zonacaral.gob.pe\"],\"url\":\"https:\\\/\\\/zonacaral.gob.pe\\\/en\\\/noticias\\\/author\\\/ad_zonacaral\\\/\"}]}<\/script>\n<!-- \/ Yoast SEO plugin. -->","yoast_head_json":{"title":"PCM otorga Medalla al M\u00e9rito Ciudadano a Dra. Ruth Shady","description":"La Dra. Ruth Shady Sol\u00eds, Directora de la Zona Arqueol\u00f3gica Caral, Unidad Ejecutora 003, adscrita al Ministerio de Cultura fue condecorada con la Medalla al M\u00e9rito Ciudadano por su destacada trayectoria en la investigaci\u00f3n arqueol\u00f3gica en el Per\u00fa y por la puesta en valor de la Ciudad Sagrada de Caral, ubicada en el valle del distrito de Supe, provincia de Barranca.","robots":{"index":"index","follow":"follow","max-snippet":"max-snippet:-1","max-image-preview":"max-image-preview:large","max-video-preview":"max-video-preview:-1"},"canonical":"https:\/\/zonacaral.gob.pe\/en\/noticias\/pcm-otorga-medalla-al-merito-ciudadano-a-dra-ruth-shady\/","og_locale":"en_US","og_type":"article","og_title":"PCM otorga Medalla al M\u00e9rito Ciudadano a Dra. Ruth Shady","og_description":"La Dra. Ruth Shady Sol\u00eds, Directora de la Zona Arqueol\u00f3gica Caral, Unidad Ejecutora 003, adscrita al Ministerio de Cultura fue condecorada con la Medalla al M\u00e9rito Ciudadano por su destacada trayectoria en la investigaci\u00f3n arqueol\u00f3gica en el Per\u00fa y por la puesta en valor de la Ciudad Sagrada de Caral, ubicada en el valle del distrito de Supe, provincia de Barranca.","og_url":"https:\/\/zonacaral.gob.pe\/en\/noticias\/pcm-otorga-medalla-al-merito-ciudadano-a-dra-ruth-shady\/","og_site_name":"Zona Caral","article_published_time":"2015-10-28T16:50:05+00:00","og_image":[{"width":2560,"height":1707,"url":"https:\/\/zonacaral.gob.pe\/wp-content\/uploads\/2015\/10\/Otorgan-Medalla-al-Merito-Ciudadano-a-diversas-personalidades-del-ambito-nacional-21793935384-scaled.jpg","type":"image\/jpeg"}],"author":"Zona Caral Administrador","twitter_card":"summary_large_image","twitter_misc":{"Written by":"Zona Caral Administrador","Est. reading time":"1 minute"},"schema":{"@context":"https:\/\/schema.org","@graph":[{"@type":"Article","@id":"https:\/\/zonacaral.gob.pe\/en\/noticias\/pcm-otorga-medalla-al-merito-ciudadano-a-dra-ruth-shady\/#article","isPartOf":{"@id":"https:\/\/zonacaral.gob.pe\/en\/noticias\/pcm-otorga-medalla-al-merito-ciudadano-a-dra-ruth-shady\/"},"author":{"name":"Zona Caral Administrador","@id":"https:\/\/zonacaral.gob.pe\/es\/#\/schema\/person\/beddb4d22f71a7230c5b90913270a0ee"},"headline":"PCM otorga Medalla al M\u00e9rito Ciudadano a Dra. Ruth Shady","datePublished":"2015-10-28T16:50:05+00:00","mainEntityOfPage":{"@id":"https:\/\/zonacaral.gob.pe\/en\/noticias\/pcm-otorga-medalla-al-merito-ciudadano-a-dra-ruth-shady\/"},"wordCount":206,"image":{"@id":"https:\/\/zonacaral.gob.pe\/en\/noticias\/pcm-otorga-medalla-al-merito-ciudadano-a-dra-ruth-shady\/#primaryimage"},"thumbnailUrl":"https:\/\/zonacaral.gob.pe\/wp-content\/uploads\/2015\/10\/Otorgan-Medalla-al-Merito-Ciudadano-a-diversas-personalidades-del-ambito-nacional-21793935384-scaled.jpg","keywords":["caral","pcm","Ruth Shady"],"articleSection":["noticias"],"inLanguage":"en-US"},{"@type":"WebPage","@id":"https:\/\/zonacaral.gob.pe\/en\/noticias\/pcm-otorga-medalla-al-merito-ciudadano-a-dra-ruth-shady\/","url":"https:\/\/zonacaral.gob.pe\/en\/noticias\/pcm-otorga-medalla-al-merito-ciudadano-a-dra-ruth-shady\/","name":"PCM otorga Medalla al M\u00e9rito Ciudadano a Dra. Ruth Shady","isPartOf":{"@id":"https:\/\/zonacaral.gob.pe\/es\/#website"},"primaryImageOfPage":{"@id":"https:\/\/zonacaral.gob.pe\/en\/noticias\/pcm-otorga-medalla-al-merito-ciudadano-a-dra-ruth-shady\/#primaryimage"},"image":{"@id":"https:\/\/zonacaral.gob.pe\/en\/noticias\/pcm-otorga-medalla-al-merito-ciudadano-a-dra-ruth-shady\/#primaryimage"},"thumbnailUrl":"https:\/\/zonacaral.gob.pe\/wp-content\/uploads\/2015\/10\/Otorgan-Medalla-al-Merito-Ciudadano-a-diversas-personalidades-del-ambito-nacional-21793935384-scaled.jpg","datePublished":"2015-10-28T16:50:05+00:00","author":{"@id":"https:\/\/zonacaral.gob.pe\/es\/#\/schema\/person\/beddb4d22f71a7230c5b90913270a0ee"},"description":"La Dra. Ruth Shady Sol\u00eds, Directora de la Zona Arqueol\u00f3gica Caral, Unidad Ejecutora 003, adscrita al Ministerio de Cultura fue condecorada con la Medalla al M\u00e9rito Ciudadano por su destacada trayectoria en la investigaci\u00f3n arqueol\u00f3gica en el Per\u00fa y por la puesta en valor de la Ciudad Sagrada de Caral, ubicada en el valle del distrito de Supe, provincia de Barranca.","breadcrumb":{"@id":"https:\/\/zonacaral.gob.pe\/en\/noticias\/pcm-otorga-medalla-al-merito-ciudadano-a-dra-ruth-shady\/#breadcrumb"},"inLanguage":"en-US","potentialAction":[{"@type":"ReadAction","target":["https:\/\/zonacaral.gob.pe\/en\/noticias\/pcm-otorga-medalla-al-merito-ciudadano-a-dra-ruth-shady\/"]}]},{"@type":"ImageObject","inLanguage":"en-US","@id":"https:\/\/zonacaral.gob.pe\/en\/noticias\/pcm-otorga-medalla-al-merito-ciudadano-a-dra-ruth-shady\/#primaryimage","url":"https:\/\/zonacaral.gob.pe\/wp-content\/uploads\/2015\/10\/Otorgan-Medalla-al-Merito-Ciudadano-a-diversas-personalidades-del-ambito-nacional-21793935384-scaled.jpg","contentUrl":"https:\/\/zonacaral.gob.pe\/wp-content\/uploads\/2015\/10\/Otorgan-Medalla-al-Merito-Ciudadano-a-diversas-personalidades-del-ambito-nacional-21793935384-scaled.jpg","width":2560,"height":1707},{"@type":"BreadcrumbList","@id":"https:\/\/zonacaral.gob.pe\/en\/noticias\/pcm-otorga-medalla-al-merito-ciudadano-a-dra-ruth-shady\/#breadcrumb","itemListElement":[{"@type":"ListItem","position":1,"name":"Portada","item":"https:\/\/zonacaral.gob.pe\/"},{"@type":"ListItem","position":2,"name":"PCM otorga Medalla al M\u00e9rito Ciudadano a Dra. Ruth Shady"}]},{"@type":"WebSite","@id":"https:\/\/zonacaral.gob.pe\/es\/#website","url":"https:\/\/zonacaral.gob.pe\/es\/","name":"Zona Caral","description":"Investigamos, conservamos y difundimos el patrimonio cultural de la Civilizaci\u00f3n Caral, la m\u00e1s antigua de Am\u00e9rica.","potentialAction":[{"@type":"SearchAction","target":{"@type":"EntryPoint","urlTemplate":"https:\/\/zonacaral.gob.pe\/es\/?s={search_term_string}"},"query-input":{"@type":"PropertyValueSpecification","valueRequired":true,"valueName":"search_term_string"}}],"inLanguage":"en-US"},{"@type":"Person","@id":"https:\/\/zonacaral.gob.pe\/es\/#\/schema\/person\/beddb4d22f71a7230c5b90913270a0ee","name":"Zona Caral Administrador","image":{"@type":"ImageObject","inLanguage":"en-US","@id":"https:\/\/secure.gravatar.com\/avatar\/e4be162918a696358376de6446614e0f0f4062bdc5d170d6d540ada3d8b58c12?s=96&d=mm&r=g","url":"https:\/\/secure.gravatar.com\/avatar\/e4be162918a696358376de6446614e0f0f4062bdc5d170d6d540ada3d8b58c12?s=96&d=mm&r=g","contentUrl":"https:\/\/secure.gravatar.com\/avatar\/e4be162918a696358376de6446614e0f0f4062bdc5d170d6d540ada3d8b58c12?s=96&d=mm&r=g","caption":"Zona Caral Administrador"},"sameAs":["https:\/\/zonacaral.gob.pe"],"url":"https:\/\/zonacaral.gob.pe\/en\/noticias\/author\/ad_zonacaral\/"}]}},"_links":{"self":[{"href":"https:\/\/zonacaral.gob.pe\/en\/wp-json\/wp\/v2\/posts\/10031","targetHints":{"allow":["GET"]}}],"collection":[{"href":"https:\/\/zonacaral.gob.pe\/en\/wp-json\/wp\/v2\/posts"}],"about":[{"href":"https:\/\/zonacaral.gob.pe\/en\/wp-json\/wp\/v2\/types\/post"}],"author":[{"embeddable":true,"href":"https:\/\/zonacaral.gob.pe\/en\/wp-json\/wp\/v2\/users\/1"}],"replies":[{"embeddable":true,"href":"https:\/\/zonacaral.gob.pe\/en\/wp-json\/wp\/v2\/comments?post=10031"}],"version-history":[{"count":0,"href":"https:\/\/zonacaral.gob.pe\/en\/wp-json\/wp\/v2\/posts\/10031\/revisions"}],"wp:featuredmedia":[{"embeddable":true,"href":"https:\/\/zonacaral.gob.pe\/en\/wp-json\/wp\/v2\/media\/10032"}],"wp:attachment":[{"href":"https:\/\/zonacaral.gob.pe\/en\/wp-json\/wp\/v2\/media?parent=10031"}],"wp:term":[{"taxonomy":"category","embeddable":true,"href":"https:\/\/zonacaral.gob.pe\/en\/wp-json\/wp\/v2\/categories?post=10031"},{"taxonomy":"post_tag","embeddable":true,"href":"https:\/\/zonacaral.gob.pe\/en\/wp-json\/wp\/v2\/tags?post=10031"}],"curies":[{"name":"wp","href":"https:\/\/api.w.org\/{rel}","templated":true}]}}