{"id":10038,"date":"2015-11-03T09:56:08","date_gmt":"2015-11-03T14:56:08","guid":{"rendered":"http:\/\/www.zonacaral.gob.pe\/?p=10038"},"modified":"2015-11-03T09:56:08","modified_gmt":"2015-11-03T14:56:08","slug":"firmaran-carta-caral-al-mundo-en-defensa-del-medio-ambiente","status":"publish","type":"post","link":"https:\/\/zonacaral.gob.pe\/en\/noticias\/firmaran-carta-caral-al-mundo-en-defensa-del-medio-ambiente\/","title":{"rendered":"Firmar\u00e1n \u201cCarta Caral al Mundo\u201d en defensa del medio ambiente"},"content":{"rendered":"<figure class=\"pic-autor\" style=\"color: #4d4d4d;\"><\/figure>\n<blockquote><p>Nuestro pa\u00eds ser\u00e1 sede del Encuentro Internacional de Arquitectos 2015<\/p><\/blockquote>\n<p style=\"text-align: justify;\">Este domingo 8 de noviembre se firmar\u00e1 la \u201cCARTA CARAL AL MUNDO\u201d, el documento tiene por objetivo dar a conocer, a nivel nacional e internacional, los principios y ense\u00f1anzas de la civilizaci\u00f3n m\u00e1s antigua de Per\u00fa y del continente americano; como se sabe la Ciudad Sagrada de Caral fue construida, hace cinco mil a\u00f1os, en forma planificada y respetando el medio ambiente.<\/p>\n<p style=\"text-align: justify;\">Este evento, al que tambi\u00e9n llegar\u00e1n autoridades de la Organizaci\u00f3n de las Naciones Unidas y de la UNESCO sellar\u00e1 el compromiso del ordenamiento territorial respetando el medio ambiente, adem\u00e1s de la b\u00fasqueda de soluciones para ciudades sostenibles y seguras. Civilizaciones como Atenas en 1931, Venecia en 1964 y Machu Picchu en 1977 tambi\u00e9n firmaron esta carta hist\u00f3rica.<\/p>\n<p style=\"text-align: justify;\">La firma de la carta es parte del Encuentro Internacional de Arquitectos organizado por el Colegio de Arquitectos del Per\u00fa que iniciar\u00e1 con el Seminario Internacional que se realizar\u00e1 el 06 y 07 de noviembre y concluir\u00e1 el 08 de noviembre con la firma de la \u201cCARTA CARAL AL MUNDO\u201d en la Ciudad Sagrada de Caral.<\/p>\n<p style=\"text-align: justify;\">Esta ma\u00f1ana se dio a conocer el evento, en una conferencia de prensa realizada en el Congreso, acto en el que tambi\u00e9n fueron reconocidos con el Diploma de Honor del Congreso de la Rep\u00fablica la Dra. Ruth Shady, Directora de la Zona Arqueol\u00f3gica Caral, Unidad Ejecutora 003, adscrita al Ministerio de Cultura y el arquitecto V\u00edctor Pimentel. Los diplomas fueron entregados en reconocimiento a la investigaci\u00f3n y revalorizaci\u00f3n, por parte de ambos profesionales, de la Cultura Caral.<\/p>\n<p style=\"text-align: justify;\">Los congresistas Ram\u00f3n Kobashigawa Kobashigawa, presidente de la Comisi\u00f3n de Cultura y Patrimonio Cultural y Manuel Dammert Ego Aguirre, al igual que el decano nacional del Colegio de Arquitectos del Per\u00fa, Jos\u00e9 Arispe Ch\u00e1vez, y otros destacados estudiosos de monumentos arqueol\u00f3gicos del pa\u00eds tambi\u00e9n participaron de este importante anuncio.<\/p>\n<p style=\"text-align: justify;\"><img fetchpriority=\"high\" decoding=\"async\" class=\"alignnone wp-image-10040\" src=\"http:\/\/www.zonacaral.gob.pe\/wp-content\/uploads\/2015\/11\/03-11-2015-cap-shady-02.jpg\" alt=\"03-11-2015-cap-shady-02\" width=\"550\" height=\"367\" srcset=\"https:\/\/zonacaral.gob.pe\/wp-content\/uploads\/2015\/11\/03-11-2015-cap-shady-02.jpg 700w, https:\/\/zonacaral.gob.pe\/wp-content\/uploads\/2015\/11\/03-11-2015-cap-shady-02-300x200.jpg 300w\" sizes=\"(max-width: 550px) 100vw, 550px\" \/><\/p>\n<p style=\"text-align: justify;\"><img decoding=\"async\" class=\"alignnone wp-image-10044\" src=\"http:\/\/www.zonacaral.gob.pe\/wp-content\/uploads\/2015\/11\/03-11-2015-cap-shady-03.jpg\" alt=\"03-11-2015-cap-shady-03\" width=\"550\" height=\"367\" srcset=\"https:\/\/zonacaral.gob.pe\/wp-content\/uploads\/2015\/11\/03-11-2015-cap-shady-03.jpg 700w, https:\/\/zonacaral.gob.pe\/wp-content\/uploads\/2015\/11\/03-11-2015-cap-shady-03-300x200.jpg 300w\" sizes=\"(max-width: 550px) 100vw, 550px\" \/><\/p>\n<p style=\"color: #434343;\">Fuente:\u00a0Prensa ZAC \/ Fotos: PCM<\/p>\n<p style=\"color: #000000;\">Fecha de publicaci\u00f3n: 03\/11\/2015<\/p>","protected":false},"excerpt":{"rendered":"<p>Nuestro pa\u00eds ser\u00e1 sede del Encuentro Internacional de Arquitectos 2015 Este domingo 8 de noviembre se firmar\u00e1 la \u201cCARTA CARAL [&hellip;]<\/p>\n","protected":false},"author":1,"featured_media":10039,"comment_status":"closed","ping_status":"open","sticky":false,"template":"","format":"standard","meta":{"_acf_changed":false,"site-sidebar-layout":"default","site-content-layout":"","ast-site-content-layout":"default","site-content-style":"default","site-sidebar-style":"default","ast-global-header-display":"","ast-banner-title-visibility":"","ast-main-header-display":"","ast-hfb-above-header-display":"","ast-hfb-below-header-display":"","ast-hfb-mobile-header-display":"","site-post-title":"","ast-breadcrumbs-content":"","ast-featured-img":"","footer-sml-layout":"","ast-disable-related-posts":"","theme-transparent-header-meta":"","adv-header-id-meta":"","stick-header-meta":"","header-above-stick-meta":"","header-main-stick-meta":"","header-below-stick-meta":"","astra-migrate-meta-layouts":"default","ast-page-background-enabled":"default","ast-page-background-meta":{"desktop":{"background-color":"var(--ast-global-color-5)","background-image":"","background-repeat":"repeat","background-position":"center center","background-size":"auto","background-attachment":"scroll","background-type":"","background-media":"","overlay-type":"","overlay-color":"","overlay-opacity":"","overlay-gradient":""},"tablet":{"background-color":"","background-image":"","background-repeat":"repeat","background-position":"center center","background-size":"auto","background-attachment":"scroll","background-type":"","background-media":"","overlay-type":"","overlay-color":"","overlay-opacity":"","overlay-gradient":""},"mobile":{"background-color":"","background-image":"","background-repeat":"repeat","background-position":"center center","background-size":"auto","background-attachment":"scroll","background-type":"","background-media":"","overlay-type":"","overlay-color":"","overlay-opacity":"","overlay-gradient":""}},"ast-content-background-meta":{"desktop":{"background-color":"var(--ast-global-color-4)","background-image":"","background-repeat":"repeat","background-position":"center center","background-size":"auto","background-attachment":"scroll","background-type":"","background-media":"","overlay-type":"","overlay-color":"","overlay-opacity":"","overlay-gradient":""},"tablet":{"background-color":"var(--ast-global-color-4)","background-image":"","background-repeat":"repeat","background-position":"center center","background-size":"auto","background-attachment":"scroll","background-type":"","background-media":"","overlay-type":"","overlay-color":"","overlay-opacity":"","overlay-gradient":""},"mobile":{"background-color":"var(--ast-global-color-4)","background-image":"","background-repeat":"repeat","background-position":"center center","background-size":"auto","background-attachment":"scroll","background-type":"","background-media":"","overlay-type":"","overlay-color":"","overlay-opacity":"","overlay-gradient":""}},"footnotes":""},"categories":[208],"tags":[103,55,104,82],"class_list":["post-10038","post","type-post","status-publish","format-standard","has-post-thumbnail","hentry","category-noticias","tag-cap","tag-caral","tag-carta-caral","tag-ruth-shady"],"acf":[],"yoast_head":"<!-- This site is optimized with the Yoast SEO plugin v27.3 - https:\/\/yoast.com\/product\/yoast-seo-wordpress\/ -->\n<title>Firmar\u00e1n \u201cCarta Caral al Mundo\u201d en defensa del medio ambiente<\/title>\n<meta name=\"description\" content=\"Nuestro pa\u00eds ser\u00e1 sede del Encuentro Internacional de Arquitectos 2015. Este domingo 8 de noviembre se firmar\u00e1 la \u201cCARTA CARAL AL MUNDO\u201d, el documento tiene por objetivo dar a conocer, a nivel nacional e internacional, los principios y ense\u00f1anzas de la civilizaci\u00f3n m\u00e1s antigua de Per\u00fa y del continente americano; como se sabe la Ciudad Sagrada de Caral fue construida, hace cinco mil a\u00f1os, en forma planificada y respetando el medio ambiente.\" \/>\n<meta name=\"robots\" content=\"index, follow, max-snippet:-1, max-image-preview:large, max-video-preview:-1\" \/>\n<link rel=\"canonical\" href=\"https:\/\/zonacaral.gob.pe\/en\/noticias\/firmaran-carta-caral-al-mundo-en-defensa-del-medio-ambiente\/\" \/>\n<meta property=\"og:locale\" content=\"en_US\" \/>\n<meta property=\"og:type\" content=\"article\" \/>\n<meta property=\"og:title\" content=\"Firmar\u00e1n \u201cCarta Caral al Mundo\u201d en defensa del medio ambiente\" \/>\n<meta property=\"og:description\" content=\"Nuestro pa\u00eds ser\u00e1 sede del Encuentro Internacional de Arquitectos 2015. Este domingo 8 de noviembre se firmar\u00e1 la \u201cCARTA CARAL AL MUNDO\u201d, el documento tiene por objetivo dar a conocer, a nivel nacional e internacional, los principios y ense\u00f1anzas de la civilizaci\u00f3n m\u00e1s antigua de Per\u00fa y del continente americano; como se sabe la Ciudad Sagrada de Caral fue construida, hace cinco mil a\u00f1os, en forma planificada y respetando el medio ambiente.\" \/>\n<meta property=\"og:url\" content=\"https:\/\/zonacaral.gob.pe\/en\/noticias\/firmaran-carta-caral-al-mundo-en-defensa-del-medio-ambiente\/\" \/>\n<meta property=\"og:site_name\" content=\"Zona Caral\" \/>\n<meta property=\"article:published_time\" content=\"2015-11-03T14:56:08+00:00\" \/>\n<meta property=\"og:image\" content=\"https:\/\/zonacaral.gob.pe\/wp-content\/uploads\/2015\/11\/03-11-2015-cap-shady-01.jpg\" \/>\n\t<meta property=\"og:image:width\" content=\"700\" \/>\n\t<meta property=\"og:image:height\" content=\"467\" \/>\n\t<meta property=\"og:image:type\" content=\"image\/jpeg\" \/>\n<meta name=\"author\" content=\"Zona Caral Administrador\" \/>\n<meta name=\"twitter:card\" content=\"summary_large_image\" \/>\n<meta name=\"twitter:label1\" content=\"Written by\" \/>\n\t<meta name=\"twitter:data1\" content=\"Zona Caral Administrador\" \/>\n\t<meta name=\"twitter:label2\" content=\"Est. reading time\" \/>\n\t<meta name=\"twitter:data2\" content=\"2 minutes\" \/>\n<script type=\"application\/ld+json\" class=\"yoast-schema-graph\">{\"@context\":\"https:\\\/\\\/schema.org\",\"@graph\":[{\"@type\":\"Article\",\"@id\":\"https:\\\/\\\/zonacaral.gob.pe\\\/en\\\/noticias\\\/firmaran-carta-caral-al-mundo-en-defensa-del-medio-ambiente\\\/#article\",\"isPartOf\":{\"@id\":\"https:\\\/\\\/zonacaral.gob.pe\\\/en\\\/noticias\\\/firmaran-carta-caral-al-mundo-en-defensa-del-medio-ambiente\\\/\"},\"author\":{\"name\":\"Zona Caral Administrador\",\"@id\":\"https:\\\/\\\/zonacaral.gob.pe\\\/es\\\/#\\\/schema\\\/person\\\/beddb4d22f71a7230c5b90913270a0ee\"},\"headline\":\"Firmar\u00e1n \u201cCarta Caral al Mundo\u201d en defensa del medio ambiente\",\"datePublished\":\"2015-11-03T14:56:08+00:00\",\"mainEntityOfPage\":{\"@id\":\"https:\\\/\\\/zonacaral.gob.pe\\\/en\\\/noticias\\\/firmaran-carta-caral-al-mundo-en-defensa-del-medio-ambiente\\\/\"},\"wordCount\":347,\"image\":{\"@id\":\"https:\\\/\\\/zonacaral.gob.pe\\\/en\\\/noticias\\\/firmaran-carta-caral-al-mundo-en-defensa-del-medio-ambiente\\\/#primaryimage\"},\"thumbnailUrl\":\"https:\\\/\\\/zonacaral.gob.pe\\\/wp-content\\\/uploads\\\/2015\\\/11\\\/03-11-2015-cap-shady-01.jpg\",\"keywords\":[\"cap\",\"caral\",\"carta caral\",\"Ruth Shady\"],\"articleSection\":[\"noticias\"],\"inLanguage\":\"en-US\"},{\"@type\":\"WebPage\",\"@id\":\"https:\\\/\\\/zonacaral.gob.pe\\\/en\\\/noticias\\\/firmaran-carta-caral-al-mundo-en-defensa-del-medio-ambiente\\\/\",\"url\":\"https:\\\/\\\/zonacaral.gob.pe\\\/en\\\/noticias\\\/firmaran-carta-caral-al-mundo-en-defensa-del-medio-ambiente\\\/\",\"name\":\"Firmar\u00e1n \u201cCarta Caral al Mundo\u201d en defensa del medio ambiente\",\"isPartOf\":{\"@id\":\"https:\\\/\\\/zonacaral.gob.pe\\\/es\\\/#website\"},\"primaryImageOfPage\":{\"@id\":\"https:\\\/\\\/zonacaral.gob.pe\\\/en\\\/noticias\\\/firmaran-carta-caral-al-mundo-en-defensa-del-medio-ambiente\\\/#primaryimage\"},\"image\":{\"@id\":\"https:\\\/\\\/zonacaral.gob.pe\\\/en\\\/noticias\\\/firmaran-carta-caral-al-mundo-en-defensa-del-medio-ambiente\\\/#primaryimage\"},\"thumbnailUrl\":\"https:\\\/\\\/zonacaral.gob.pe\\\/wp-content\\\/uploads\\\/2015\\\/11\\\/03-11-2015-cap-shady-01.jpg\",\"datePublished\":\"2015-11-03T14:56:08+00:00\",\"author\":{\"@id\":\"https:\\\/\\\/zonacaral.gob.pe\\\/es\\\/#\\\/schema\\\/person\\\/beddb4d22f71a7230c5b90913270a0ee\"},\"description\":\"Nuestro pa\u00eds ser\u00e1 sede del Encuentro Internacional de Arquitectos 2015. Este domingo 8 de noviembre se firmar\u00e1 la \u201cCARTA CARAL AL MUNDO\u201d, el documento tiene por objetivo dar a conocer, a nivel nacional e internacional, los principios y ense\u00f1anzas de la civilizaci\u00f3n m\u00e1s antigua de Per\u00fa y del continente americano; como se sabe la Ciudad Sagrada de Caral fue construida, hace cinco mil a\u00f1os, en forma planificada y respetando el medio ambiente.\",\"breadcrumb\":{\"@id\":\"https:\\\/\\\/zonacaral.gob.pe\\\/en\\\/noticias\\\/firmaran-carta-caral-al-mundo-en-defensa-del-medio-ambiente\\\/#breadcrumb\"},\"inLanguage\":\"en-US\",\"potentialAction\":[{\"@type\":\"ReadAction\",\"target\":[\"https:\\\/\\\/zonacaral.gob.pe\\\/en\\\/noticias\\\/firmaran-carta-caral-al-mundo-en-defensa-del-medio-ambiente\\\/\"]}]},{\"@type\":\"ImageObject\",\"inLanguage\":\"en-US\",\"@id\":\"https:\\\/\\\/zonacaral.gob.pe\\\/en\\\/noticias\\\/firmaran-carta-caral-al-mundo-en-defensa-del-medio-ambiente\\\/#primaryimage\",\"url\":\"https:\\\/\\\/zonacaral.gob.pe\\\/wp-content\\\/uploads\\\/2015\\\/11\\\/03-11-2015-cap-shady-01.jpg\",\"contentUrl\":\"https:\\\/\\\/zonacaral.gob.pe\\\/wp-content\\\/uploads\\\/2015\\\/11\\\/03-11-2015-cap-shady-01.jpg\",\"width\":700,\"height\":467},{\"@type\":\"BreadcrumbList\",\"@id\":\"https:\\\/\\\/zonacaral.gob.pe\\\/en\\\/noticias\\\/firmaran-carta-caral-al-mundo-en-defensa-del-medio-ambiente\\\/#breadcrumb\",\"itemListElement\":[{\"@type\":\"ListItem\",\"position\":1,\"name\":\"Portada\",\"item\":\"https:\\\/\\\/zonacaral.gob.pe\\\/\"},{\"@type\":\"ListItem\",\"position\":2,\"name\":\"Firmar\u00e1n \u201cCarta Caral al Mundo\u201d en defensa del medio ambiente\"}]},{\"@type\":\"WebSite\",\"@id\":\"https:\\\/\\\/zonacaral.gob.pe\\\/es\\\/#website\",\"url\":\"https:\\\/\\\/zonacaral.gob.pe\\\/es\\\/\",\"name\":\"Zona Caral\",\"description\":\"Investigamos, conservamos y difundimos el patrimonio cultural de la Civilizaci\u00f3n Caral, la m\u00e1s antigua de Am\u00e9rica.\",\"potentialAction\":[{\"@type\":\"SearchAction\",\"target\":{\"@type\":\"EntryPoint\",\"urlTemplate\":\"https:\\\/\\\/zonacaral.gob.pe\\\/es\\\/?s={search_term_string}\"},\"query-input\":{\"@type\":\"PropertyValueSpecification\",\"valueRequired\":true,\"valueName\":\"search_term_string\"}}],\"inLanguage\":\"en-US\"},{\"@type\":\"Person\",\"@id\":\"https:\\\/\\\/zonacaral.gob.pe\\\/es\\\/#\\\/schema\\\/person\\\/beddb4d22f71a7230c5b90913270a0ee\",\"name\":\"Zona Caral Administrador\",\"image\":{\"@type\":\"ImageObject\",\"inLanguage\":\"en-US\",\"@id\":\"https:\\\/\\\/secure.gravatar.com\\\/avatar\\\/e4be162918a696358376de6446614e0f0f4062bdc5d170d6d540ada3d8b58c12?s=96&d=mm&r=g\",\"url\":\"https:\\\/\\\/secure.gravatar.com\\\/avatar\\\/e4be162918a696358376de6446614e0f0f4062bdc5d170d6d540ada3d8b58c12?s=96&d=mm&r=g\",\"contentUrl\":\"https:\\\/\\\/secure.gravatar.com\\\/avatar\\\/e4be162918a696358376de6446614e0f0f4062bdc5d170d6d540ada3d8b58c12?s=96&d=mm&r=g\",\"caption\":\"Zona Caral Administrador\"},\"sameAs\":[\"https:\\\/\\\/zonacaral.gob.pe\"],\"url\":\"https:\\\/\\\/zonacaral.gob.pe\\\/en\\\/noticias\\\/author\\\/ad_zonacaral\\\/\"}]}<\/script>\n<!-- \/ Yoast SEO plugin. -->","yoast_head_json":{"title":"Firmar\u00e1n \u201cCarta Caral al Mundo\u201d en defensa del medio ambiente","description":"Nuestro pa\u00eds ser\u00e1 sede del Encuentro Internacional de Arquitectos 2015. Este domingo 8 de noviembre se firmar\u00e1 la \u201cCARTA CARAL AL MUNDO\u201d, el documento tiene por objetivo dar a conocer, a nivel nacional e internacional, los principios y ense\u00f1anzas de la civilizaci\u00f3n m\u00e1s antigua de Per\u00fa y del continente americano; como se sabe la Ciudad Sagrada de Caral fue construida, hace cinco mil a\u00f1os, en forma planificada y respetando el medio ambiente.","robots":{"index":"index","follow":"follow","max-snippet":"max-snippet:-1","max-image-preview":"max-image-preview:large","max-video-preview":"max-video-preview:-1"},"canonical":"https:\/\/zonacaral.gob.pe\/en\/noticias\/firmaran-carta-caral-al-mundo-en-defensa-del-medio-ambiente\/","og_locale":"en_US","og_type":"article","og_title":"Firmar\u00e1n \u201cCarta Caral al Mundo\u201d en defensa del medio ambiente","og_description":"Nuestro pa\u00eds ser\u00e1 sede del Encuentro Internacional de Arquitectos 2015. Este domingo 8 de noviembre se firmar\u00e1 la \u201cCARTA CARAL AL MUNDO\u201d, el documento tiene por objetivo dar a conocer, a nivel nacional e internacional, los principios y ense\u00f1anzas de la civilizaci\u00f3n m\u00e1s antigua de Per\u00fa y del continente americano; como se sabe la Ciudad Sagrada de Caral fue construida, hace cinco mil a\u00f1os, en forma planificada y respetando el medio ambiente.","og_url":"https:\/\/zonacaral.gob.pe\/en\/noticias\/firmaran-carta-caral-al-mundo-en-defensa-del-medio-ambiente\/","og_site_name":"Zona Caral","article_published_time":"2015-11-03T14:56:08+00:00","og_image":[{"width":700,"height":467,"url":"https:\/\/zonacaral.gob.pe\/wp-content\/uploads\/2015\/11\/03-11-2015-cap-shady-01.jpg","type":"image\/jpeg"}],"author":"Zona Caral Administrador","twitter_card":"summary_large_image","twitter_misc":{"Written by":"Zona Caral Administrador","Est. reading time":"2 minutes"},"schema":{"@context":"https:\/\/schema.org","@graph":[{"@type":"Article","@id":"https:\/\/zonacaral.gob.pe\/en\/noticias\/firmaran-carta-caral-al-mundo-en-defensa-del-medio-ambiente\/#article","isPartOf":{"@id":"https:\/\/zonacaral.gob.pe\/en\/noticias\/firmaran-carta-caral-al-mundo-en-defensa-del-medio-ambiente\/"},"author":{"name":"Zona Caral Administrador","@id":"https:\/\/zonacaral.gob.pe\/es\/#\/schema\/person\/beddb4d22f71a7230c5b90913270a0ee"},"headline":"Firmar\u00e1n \u201cCarta Caral al Mundo\u201d en defensa del medio ambiente","datePublished":"2015-11-03T14:56:08+00:00","mainEntityOfPage":{"@id":"https:\/\/zonacaral.gob.pe\/en\/noticias\/firmaran-carta-caral-al-mundo-en-defensa-del-medio-ambiente\/"},"wordCount":347,"image":{"@id":"https:\/\/zonacaral.gob.pe\/en\/noticias\/firmaran-carta-caral-al-mundo-en-defensa-del-medio-ambiente\/#primaryimage"},"thumbnailUrl":"https:\/\/zonacaral.gob.pe\/wp-content\/uploads\/2015\/11\/03-11-2015-cap-shady-01.jpg","keywords":["cap","caral","carta caral","Ruth Shady"],"articleSection":["noticias"],"inLanguage":"en-US"},{"@type":"WebPage","@id":"https:\/\/zonacaral.gob.pe\/en\/noticias\/firmaran-carta-caral-al-mundo-en-defensa-del-medio-ambiente\/","url":"https:\/\/zonacaral.gob.pe\/en\/noticias\/firmaran-carta-caral-al-mundo-en-defensa-del-medio-ambiente\/","name":"Firmar\u00e1n \u201cCarta Caral al Mundo\u201d en defensa del medio ambiente","isPartOf":{"@id":"https:\/\/zonacaral.gob.pe\/es\/#website"},"primaryImageOfPage":{"@id":"https:\/\/zonacaral.gob.pe\/en\/noticias\/firmaran-carta-caral-al-mundo-en-defensa-del-medio-ambiente\/#primaryimage"},"image":{"@id":"https:\/\/zonacaral.gob.pe\/en\/noticias\/firmaran-carta-caral-al-mundo-en-defensa-del-medio-ambiente\/#primaryimage"},"thumbnailUrl":"https:\/\/zonacaral.gob.pe\/wp-content\/uploads\/2015\/11\/03-11-2015-cap-shady-01.jpg","datePublished":"2015-11-03T14:56:08+00:00","author":{"@id":"https:\/\/zonacaral.gob.pe\/es\/#\/schema\/person\/beddb4d22f71a7230c5b90913270a0ee"},"description":"Nuestro pa\u00eds ser\u00e1 sede del Encuentro Internacional de Arquitectos 2015. Este domingo 8 de noviembre se firmar\u00e1 la \u201cCARTA CARAL AL MUNDO\u201d, el documento tiene por objetivo dar a conocer, a nivel nacional e internacional, los principios y ense\u00f1anzas de la civilizaci\u00f3n m\u00e1s antigua de Per\u00fa y del continente americano; como se sabe la Ciudad Sagrada de Caral fue construida, hace cinco mil a\u00f1os, en forma planificada y respetando el medio ambiente.","breadcrumb":{"@id":"https:\/\/zonacaral.gob.pe\/en\/noticias\/firmaran-carta-caral-al-mundo-en-defensa-del-medio-ambiente\/#breadcrumb"},"inLanguage":"en-US","potentialAction":[{"@type":"ReadAction","target":["https:\/\/zonacaral.gob.pe\/en\/noticias\/firmaran-carta-caral-al-mundo-en-defensa-del-medio-ambiente\/"]}]},{"@type":"ImageObject","inLanguage":"en-US","@id":"https:\/\/zonacaral.gob.pe\/en\/noticias\/firmaran-carta-caral-al-mundo-en-defensa-del-medio-ambiente\/#primaryimage","url":"https:\/\/zonacaral.gob.pe\/wp-content\/uploads\/2015\/11\/03-11-2015-cap-shady-01.jpg","contentUrl":"https:\/\/zonacaral.gob.pe\/wp-content\/uploads\/2015\/11\/03-11-2015-cap-shady-01.jpg","width":700,"height":467},{"@type":"BreadcrumbList","@id":"https:\/\/zonacaral.gob.pe\/en\/noticias\/firmaran-carta-caral-al-mundo-en-defensa-del-medio-ambiente\/#breadcrumb","itemListElement":[{"@type":"ListItem","position":1,"name":"Portada","item":"https:\/\/zonacaral.gob.pe\/"},{"@type":"ListItem","position":2,"name":"Firmar\u00e1n \u201cCarta Caral al Mundo\u201d en defensa del medio ambiente"}]},{"@type":"WebSite","@id":"https:\/\/zonacaral.gob.pe\/es\/#website","url":"https:\/\/zonacaral.gob.pe\/es\/","name":"Zona Caral","description":"Investigamos, conservamos y difundimos el patrimonio cultural de la Civilizaci\u00f3n Caral, la m\u00e1s antigua de Am\u00e9rica.","potentialAction":[{"@type":"SearchAction","target":{"@type":"EntryPoint","urlTemplate":"https:\/\/zonacaral.gob.pe\/es\/?s={search_term_string}"},"query-input":{"@type":"PropertyValueSpecification","valueRequired":true,"valueName":"search_term_string"}}],"inLanguage":"en-US"},{"@type":"Person","@id":"https:\/\/zonacaral.gob.pe\/es\/#\/schema\/person\/beddb4d22f71a7230c5b90913270a0ee","name":"Zona Caral Administrador","image":{"@type":"ImageObject","inLanguage":"en-US","@id":"https:\/\/secure.gravatar.com\/avatar\/e4be162918a696358376de6446614e0f0f4062bdc5d170d6d540ada3d8b58c12?s=96&d=mm&r=g","url":"https:\/\/secure.gravatar.com\/avatar\/e4be162918a696358376de6446614e0f0f4062bdc5d170d6d540ada3d8b58c12?s=96&d=mm&r=g","contentUrl":"https:\/\/secure.gravatar.com\/avatar\/e4be162918a696358376de6446614e0f0f4062bdc5d170d6d540ada3d8b58c12?s=96&d=mm&r=g","caption":"Zona Caral Administrador"},"sameAs":["https:\/\/zonacaral.gob.pe"],"url":"https:\/\/zonacaral.gob.pe\/en\/noticias\/author\/ad_zonacaral\/"}]}},"_links":{"self":[{"href":"https:\/\/zonacaral.gob.pe\/en\/wp-json\/wp\/v2\/posts\/10038","targetHints":{"allow":["GET"]}}],"collection":[{"href":"https:\/\/zonacaral.gob.pe\/en\/wp-json\/wp\/v2\/posts"}],"about":[{"href":"https:\/\/zonacaral.gob.pe\/en\/wp-json\/wp\/v2\/types\/post"}],"author":[{"embeddable":true,"href":"https:\/\/zonacaral.gob.pe\/en\/wp-json\/wp\/v2\/users\/1"}],"replies":[{"embeddable":true,"href":"https:\/\/zonacaral.gob.pe\/en\/wp-json\/wp\/v2\/comments?post=10038"}],"version-history":[{"count":0,"href":"https:\/\/zonacaral.gob.pe\/en\/wp-json\/wp\/v2\/posts\/10038\/revisions"}],"wp:featuredmedia":[{"embeddable":true,"href":"https:\/\/zonacaral.gob.pe\/en\/wp-json\/wp\/v2\/media\/10039"}],"wp:attachment":[{"href":"https:\/\/zonacaral.gob.pe\/en\/wp-json\/wp\/v2\/media?parent=10038"}],"wp:term":[{"taxonomy":"category","embeddable":true,"href":"https:\/\/zonacaral.gob.pe\/en\/wp-json\/wp\/v2\/categories?post=10038"},{"taxonomy":"post_tag","embeddable":true,"href":"https:\/\/zonacaral.gob.pe\/en\/wp-json\/wp\/v2\/tags?post=10038"}],"curies":[{"name":"wp","href":"https:\/\/api.w.org\/{rel}","templated":true}]}}