{"id":10047,"date":"2015-11-04T15:49:40","date_gmt":"2015-11-04T20:49:40","guid":{"rendered":"http:\/\/www.zonacaral.gob.pe\/?p=10047"},"modified":"2015-11-04T15:49:40","modified_gmt":"2015-11-04T20:49:40","slug":"consul-de-japon-en-peru-visito-el-sitio-arqueologico-de-aspero","status":"publish","type":"post","link":"https:\/\/zonacaral.gob.pe\/en\/noticias\/consul-de-japon-en-peru-visito-el-sitio-arqueologico-de-aspero\/","title":{"rendered":"C\u00f3nsul de Jap\u00f3n en Per\u00fa visit\u00f3 el sitio arqueol\u00f3gico de \u00c1spero"},"content":{"rendered":"<figure class=\"pic-autor\" style=\"color: #4d4d4d;\"><\/figure>\n<p style=\"text-align: justify;\">El Sr. Koichi Shimono, C\u00f3nsul de Jap\u00f3n y parte del Cuerpo Diplom\u00e1tico acreditado en nuestro pa\u00eds visitaron \u00c1spero, Ciudad Pesquera de la Civilizaci\u00f3n Caral. Tras su recorrido por el lugar quedaron impresionados por los trabajos de investigaci\u00f3n que realiza la Zona Arqueol\u00f3gica Caral, Unidad Ejecutora 003, adscrita al Ministerio de Cultura, y el aporte de este sitio arqueol\u00f3gico en el conocimiento de la tecnolog\u00eda y ciencia pesquera hace 5000 a\u00f1os. Acompa\u00f1ando a la delegaci\u00f3n estaban el Sr. Jorge Alejo Shimabukuro Vel\u00e1squez, Presidente de la Asociaci\u00f3n Peruano Japonesa de Barranca y prensa Nikkei de Lima.<\/p>\n<p style=\"text-align: justify;\">El complejo arqueol\u00f3gico \u00c1spero est\u00e1 ubicado en el litoral, a 500 metros del Oc\u00e9ano Pac\u00edfico, en la margen derecha del r\u00edo Supe, en un medio natural compuesto por cerros arenosos, humedales, campos de cultivo y playa marina. Las evidencias m\u00e1s tempranas de la ocupaci\u00f3n humana en el litoral de Supe tienen una antig\u00fcedad de 7000 a\u00f1os.<\/p>\n<p style=\"text-align: justify;\">En esos tiempos las poblaciones, a\u00fan con relaciones sociales igualitarias, viv\u00edan en aldeas protegidas por las colinas ubicadas entre las peque\u00f1as quebradas arenosas, que eran rutas obligadas hacia las playas. Estos primeros pobladores estaban dedicados a las actividades de pesca, recolecci\u00f3n de moluscos y plantas, as\u00ed como a la caza de animales de las lomas y del bosque ribere\u00f1o.<\/p>\n<p style=\"text-align: justify;\">Hace 5000 a\u00f1os, durante el per\u00edodo Arcaico Tard\u00edo (3000 \u2013 1800 a. C.), la poblaci\u00f3n concentrada en \u00c1spero particip\u00f3 en el proceso de formaci\u00f3n de la primera civilizaci\u00f3n andina. Mediante la extracci\u00f3n de recursos marinos, en especial de peces \u2013como anchovetas y sardinas- y de mariscos, se integr\u00f3 a la red de intercambio con los pobladores del interior del valle, entre \u00e9stos los de la Ciudad Sagrada de Caral. De ellos obtuvo, en particular, la fibra de algod\u00f3n, necesaria para la manufactura de las redes y sedales de pesca, los mates para flotadores y productos vegetales para su alimentaci\u00f3n.<\/p>\n<p style=\"color: #434343;\">Fuente:\u00a0<span style=\"color: #800000;\">Prensa ZAC<\/span><\/p>\n<p style=\"color: #000000;\">Fecha de publicaci\u00f3n: 04\/11\/2015<\/p>","protected":false},"excerpt":{"rendered":"<p>El Sr. Koichi Shimono, C\u00f3nsul de Jap\u00f3n y parte del Cuerpo Diplom\u00e1tico acreditado en nuestro pa\u00eds visitaron \u00c1spero, Ciudad Pesquera [&hellip;]<\/p>\n","protected":false},"author":1,"featured_media":10048,"comment_status":"closed","ping_status":"open","sticky":false,"template":"","format":"standard","meta":{"_acf_changed":false,"site-sidebar-layout":"default","site-content-layout":"","ast-site-content-layout":"default","site-content-style":"default","site-sidebar-style":"default","ast-global-header-display":"","ast-banner-title-visibility":"","ast-main-header-display":"","ast-hfb-above-header-display":"","ast-hfb-below-header-display":"","ast-hfb-mobile-header-display":"","site-post-title":"","ast-breadcrumbs-content":"","ast-featured-img":"","footer-sml-layout":"","ast-disable-related-posts":"","theme-transparent-header-meta":"","adv-header-id-meta":"","stick-header-meta":"","header-above-stick-meta":"","header-main-stick-meta":"","header-below-stick-meta":"","astra-migrate-meta-layouts":"default","ast-page-background-enabled":"default","ast-page-background-meta":{"desktop":{"background-color":"var(--ast-global-color-5)","background-image":"","background-repeat":"repeat","background-position":"center center","background-size":"auto","background-attachment":"scroll","background-type":"","background-media":"","overlay-type":"","overlay-color":"","overlay-opacity":"","overlay-gradient":""},"tablet":{"background-color":"","background-image":"","background-repeat":"repeat","background-position":"center center","background-size":"auto","background-attachment":"scroll","background-type":"","background-media":"","overlay-type":"","overlay-color":"","overlay-opacity":"","overlay-gradient":""},"mobile":{"background-color":"","background-image":"","background-repeat":"repeat","background-position":"center center","background-size":"auto","background-attachment":"scroll","background-type":"","background-media":"","overlay-type":"","overlay-color":"","overlay-opacity":"","overlay-gradient":""}},"ast-content-background-meta":{"desktop":{"background-color":"var(--ast-global-color-4)","background-image":"","background-repeat":"repeat","background-position":"center center","background-size":"auto","background-attachment":"scroll","background-type":"","background-media":"","overlay-type":"","overlay-color":"","overlay-opacity":"","overlay-gradient":""},"tablet":{"background-color":"var(--ast-global-color-4)","background-image":"","background-repeat":"repeat","background-position":"center center","background-size":"auto","background-attachment":"scroll","background-type":"","background-media":"","overlay-type":"","overlay-color":"","overlay-opacity":"","overlay-gradient":""},"mobile":{"background-color":"var(--ast-global-color-4)","background-image":"","background-repeat":"repeat","background-position":"center center","background-size":"auto","background-attachment":"scroll","background-type":"","background-media":"","overlay-type":"","overlay-color":"","overlay-opacity":"","overlay-gradient":""}},"footnotes":""},"categories":[208],"tags":[63,105,106],"class_list":["post-10047","post","type-post","status-publish","format-standard","has-post-thumbnail","hentry","category-noticias","tag-aspero","tag-japon","tag-turismo"],"acf":[],"yoast_head":"<!-- This site is optimized with the Yoast SEO plugin v27.3 - https:\/\/yoast.com\/product\/yoast-seo-wordpress\/ -->\n<title>C\u00f3nsul de Jap\u00f3n en Per\u00fa visit\u00f3 el sitio arqueol\u00f3gico de \u00c1spero<\/title>\n<meta name=\"description\" content=\"El Sr. Koichi Shimono, C\u00f3nsul de Jap\u00f3n y parte del Cuerpo Diplom\u00e1tico acreditado en nuestro pa\u00eds visitaron \u00c1spero, Ciudad Pesquera de la Civilizaci\u00f3n Caral. Tras su recorrido por el lugar quedaron impresionados por los trabajos de investigaci\u00f3n que realiza la Zona Arqueol\u00f3gica Caral, Unidad Ejecutora 003, adscrita al Ministerio de Cultura, y el aporte de este sitio arqueol\u00f3gico en el conocimiento de la tecnolog\u00eda y ciencia pesquera hace 5000 a\u00f1os. Acompa\u00f1ando a la delegaci\u00f3n estaban el Sr. Jorge Alejo Shimabukuro Vel\u00e1squez, Presidente de la Asociaci\u00f3n Peruano Japonesa de Barranca y prensa Nikkei de Lima.\" \/>\n<meta name=\"robots\" content=\"index, follow, max-snippet:-1, max-image-preview:large, max-video-preview:-1\" \/>\n<link rel=\"canonical\" href=\"https:\/\/zonacaral.gob.pe\/en\/noticias\/consul-de-japon-en-peru-visito-el-sitio-arqueologico-de-aspero\/\" \/>\n<meta property=\"og:locale\" content=\"en_US\" \/>\n<meta property=\"og:type\" content=\"article\" \/>\n<meta property=\"og:title\" content=\"C\u00f3nsul de Jap\u00f3n en Per\u00fa visit\u00f3 el sitio arqueol\u00f3gico de \u00c1spero\" \/>\n<meta property=\"og:description\" content=\"El Sr. Koichi Shimono, C\u00f3nsul de Jap\u00f3n y parte del Cuerpo Diplom\u00e1tico acreditado en nuestro pa\u00eds visitaron \u00c1spero, Ciudad Pesquera de la Civilizaci\u00f3n Caral. Tras su recorrido por el lugar quedaron impresionados por los trabajos de investigaci\u00f3n que realiza la Zona Arqueol\u00f3gica Caral, Unidad Ejecutora 003, adscrita al Ministerio de Cultura, y el aporte de este sitio arqueol\u00f3gico en el conocimiento de la tecnolog\u00eda y ciencia pesquera hace 5000 a\u00f1os. Acompa\u00f1ando a la delegaci\u00f3n estaban el Sr. Jorge Alejo Shimabukuro Vel\u00e1squez, Presidente de la Asociaci\u00f3n Peruano Japonesa de Barranca y prensa Nikkei de Lima.\" \/>\n<meta property=\"og:url\" content=\"https:\/\/zonacaral.gob.pe\/en\/noticias\/consul-de-japon-en-peru-visito-el-sitio-arqueologico-de-aspero\/\" \/>\n<meta property=\"og:site_name\" content=\"Zona Caral\" \/>\n<meta property=\"article:published_time\" content=\"2015-11-04T20:49:40+00:00\" \/>\n<meta property=\"og:image\" content=\"https:\/\/zonacaral.gob.pe\/wp-content\/uploads\/2015\/11\/04-11-2015-japon-aspero.jpg\" \/>\n\t<meta property=\"og:image:width\" content=\"700\" \/>\n\t<meta property=\"og:image:height\" content=\"434\" \/>\n\t<meta property=\"og:image:type\" content=\"image\/jpeg\" \/>\n<meta name=\"author\" content=\"Zona Caral Administrador\" \/>\n<meta name=\"twitter:card\" content=\"summary_large_image\" \/>\n<meta name=\"twitter:label1\" content=\"Written by\" \/>\n\t<meta name=\"twitter:data1\" content=\"Zona Caral Administrador\" \/>\n\t<meta name=\"twitter:label2\" content=\"Est. reading time\" \/>\n\t<meta name=\"twitter:data2\" content=\"2 minutes\" \/>\n<script type=\"application\/ld+json\" class=\"yoast-schema-graph\">{\"@context\":\"https:\\\/\\\/schema.org\",\"@graph\":[{\"@type\":\"Article\",\"@id\":\"https:\\\/\\\/zonacaral.gob.pe\\\/en\\\/noticias\\\/consul-de-japon-en-peru-visito-el-sitio-arqueologico-de-aspero\\\/#article\",\"isPartOf\":{\"@id\":\"https:\\\/\\\/zonacaral.gob.pe\\\/en\\\/noticias\\\/consul-de-japon-en-peru-visito-el-sitio-arqueologico-de-aspero\\\/\"},\"author\":{\"name\":\"Zona Caral Administrador\",\"@id\":\"https:\\\/\\\/zonacaral.gob.pe\\\/es\\\/#\\\/schema\\\/person\\\/beddb4d22f71a7230c5b90913270a0ee\"},\"headline\":\"C\u00f3nsul de Jap\u00f3n en Per\u00fa visit\u00f3 el sitio arqueol\u00f3gico de \u00c1spero\",\"datePublished\":\"2015-11-04T20:49:40+00:00\",\"mainEntityOfPage\":{\"@id\":\"https:\\\/\\\/zonacaral.gob.pe\\\/en\\\/noticias\\\/consul-de-japon-en-peru-visito-el-sitio-arqueologico-de-aspero\\\/\"},\"wordCount\":357,\"image\":{\"@id\":\"https:\\\/\\\/zonacaral.gob.pe\\\/en\\\/noticias\\\/consul-de-japon-en-peru-visito-el-sitio-arqueologico-de-aspero\\\/#primaryimage\"},\"thumbnailUrl\":\"https:\\\/\\\/zonacaral.gob.pe\\\/wp-content\\\/uploads\\\/2015\\\/11\\\/04-11-2015-japon-aspero.jpg\",\"keywords\":[\"Aspero\",\"Japon\",\"turismo\"],\"articleSection\":[\"noticias\"],\"inLanguage\":\"en-US\"},{\"@type\":\"WebPage\",\"@id\":\"https:\\\/\\\/zonacaral.gob.pe\\\/en\\\/noticias\\\/consul-de-japon-en-peru-visito-el-sitio-arqueologico-de-aspero\\\/\",\"url\":\"https:\\\/\\\/zonacaral.gob.pe\\\/en\\\/noticias\\\/consul-de-japon-en-peru-visito-el-sitio-arqueologico-de-aspero\\\/\",\"name\":\"C\u00f3nsul de Jap\u00f3n en Per\u00fa visit\u00f3 el sitio arqueol\u00f3gico de \u00c1spero\",\"isPartOf\":{\"@id\":\"https:\\\/\\\/zonacaral.gob.pe\\\/es\\\/#website\"},\"primaryImageOfPage\":{\"@id\":\"https:\\\/\\\/zonacaral.gob.pe\\\/en\\\/noticias\\\/consul-de-japon-en-peru-visito-el-sitio-arqueologico-de-aspero\\\/#primaryimage\"},\"image\":{\"@id\":\"https:\\\/\\\/zonacaral.gob.pe\\\/en\\\/noticias\\\/consul-de-japon-en-peru-visito-el-sitio-arqueologico-de-aspero\\\/#primaryimage\"},\"thumbnailUrl\":\"https:\\\/\\\/zonacaral.gob.pe\\\/wp-content\\\/uploads\\\/2015\\\/11\\\/04-11-2015-japon-aspero.jpg\",\"datePublished\":\"2015-11-04T20:49:40+00:00\",\"author\":{\"@id\":\"https:\\\/\\\/zonacaral.gob.pe\\\/es\\\/#\\\/schema\\\/person\\\/beddb4d22f71a7230c5b90913270a0ee\"},\"description\":\"El Sr. Koichi Shimono, C\u00f3nsul de Jap\u00f3n y parte del Cuerpo Diplom\u00e1tico acreditado en nuestro pa\u00eds visitaron \u00c1spero, Ciudad Pesquera de la Civilizaci\u00f3n Caral. Tras su recorrido por el lugar quedaron impresionados por los trabajos de investigaci\u00f3n que realiza la Zona Arqueol\u00f3gica Caral, Unidad Ejecutora 003, adscrita al Ministerio de Cultura, y el aporte de este sitio arqueol\u00f3gico en el conocimiento de la tecnolog\u00eda y ciencia pesquera hace 5000 a\u00f1os. Acompa\u00f1ando a la delegaci\u00f3n estaban el Sr. Jorge Alejo Shimabukuro Vel\u00e1squez, Presidente de la Asociaci\u00f3n Peruano Japonesa de Barranca y prensa Nikkei de Lima.\",\"breadcrumb\":{\"@id\":\"https:\\\/\\\/zonacaral.gob.pe\\\/en\\\/noticias\\\/consul-de-japon-en-peru-visito-el-sitio-arqueologico-de-aspero\\\/#breadcrumb\"},\"inLanguage\":\"en-US\",\"potentialAction\":[{\"@type\":\"ReadAction\",\"target\":[\"https:\\\/\\\/zonacaral.gob.pe\\\/en\\\/noticias\\\/consul-de-japon-en-peru-visito-el-sitio-arqueologico-de-aspero\\\/\"]}]},{\"@type\":\"ImageObject\",\"inLanguage\":\"en-US\",\"@id\":\"https:\\\/\\\/zonacaral.gob.pe\\\/en\\\/noticias\\\/consul-de-japon-en-peru-visito-el-sitio-arqueologico-de-aspero\\\/#primaryimage\",\"url\":\"https:\\\/\\\/zonacaral.gob.pe\\\/wp-content\\\/uploads\\\/2015\\\/11\\\/04-11-2015-japon-aspero.jpg\",\"contentUrl\":\"https:\\\/\\\/zonacaral.gob.pe\\\/wp-content\\\/uploads\\\/2015\\\/11\\\/04-11-2015-japon-aspero.jpg\",\"width\":700,\"height\":434},{\"@type\":\"BreadcrumbList\",\"@id\":\"https:\\\/\\\/zonacaral.gob.pe\\\/en\\\/noticias\\\/consul-de-japon-en-peru-visito-el-sitio-arqueologico-de-aspero\\\/#breadcrumb\",\"itemListElement\":[{\"@type\":\"ListItem\",\"position\":1,\"name\":\"Portada\",\"item\":\"https:\\\/\\\/zonacaral.gob.pe\\\/\"},{\"@type\":\"ListItem\",\"position\":2,\"name\":\"C\u00f3nsul de Jap\u00f3n en Per\u00fa visit\u00f3 el sitio arqueol\u00f3gico de \u00c1spero\"}]},{\"@type\":\"WebSite\",\"@id\":\"https:\\\/\\\/zonacaral.gob.pe\\\/es\\\/#website\",\"url\":\"https:\\\/\\\/zonacaral.gob.pe\\\/es\\\/\",\"name\":\"Zona Caral\",\"description\":\"Investigamos, conservamos y difundimos el patrimonio cultural de la Civilizaci\u00f3n Caral, la m\u00e1s antigua de Am\u00e9rica.\",\"potentialAction\":[{\"@type\":\"SearchAction\",\"target\":{\"@type\":\"EntryPoint\",\"urlTemplate\":\"https:\\\/\\\/zonacaral.gob.pe\\\/es\\\/?s={search_term_string}\"},\"query-input\":{\"@type\":\"PropertyValueSpecification\",\"valueRequired\":true,\"valueName\":\"search_term_string\"}}],\"inLanguage\":\"en-US\"},{\"@type\":\"Person\",\"@id\":\"https:\\\/\\\/zonacaral.gob.pe\\\/es\\\/#\\\/schema\\\/person\\\/beddb4d22f71a7230c5b90913270a0ee\",\"name\":\"Zona Caral Administrador\",\"image\":{\"@type\":\"ImageObject\",\"inLanguage\":\"en-US\",\"@id\":\"https:\\\/\\\/secure.gravatar.com\\\/avatar\\\/e4be162918a696358376de6446614e0f0f4062bdc5d170d6d540ada3d8b58c12?s=96&d=mm&r=g\",\"url\":\"https:\\\/\\\/secure.gravatar.com\\\/avatar\\\/e4be162918a696358376de6446614e0f0f4062bdc5d170d6d540ada3d8b58c12?s=96&d=mm&r=g\",\"contentUrl\":\"https:\\\/\\\/secure.gravatar.com\\\/avatar\\\/e4be162918a696358376de6446614e0f0f4062bdc5d170d6d540ada3d8b58c12?s=96&d=mm&r=g\",\"caption\":\"Zona Caral Administrador\"},\"sameAs\":[\"https:\\\/\\\/zonacaral.gob.pe\"],\"url\":\"https:\\\/\\\/zonacaral.gob.pe\\\/en\\\/noticias\\\/author\\\/ad_zonacaral\\\/\"}]}<\/script>\n<!-- \/ Yoast SEO plugin. -->","yoast_head_json":{"title":"C\u00f3nsul de Jap\u00f3n en Per\u00fa visit\u00f3 el sitio arqueol\u00f3gico de \u00c1spero","description":"El Sr. Koichi Shimono, C\u00f3nsul de Jap\u00f3n y parte del Cuerpo Diplom\u00e1tico acreditado en nuestro pa\u00eds visitaron \u00c1spero, Ciudad Pesquera de la Civilizaci\u00f3n Caral. Tras su recorrido por el lugar quedaron impresionados por los trabajos de investigaci\u00f3n que realiza la Zona Arqueol\u00f3gica Caral, Unidad Ejecutora 003, adscrita al Ministerio de Cultura, y el aporte de este sitio arqueol\u00f3gico en el conocimiento de la tecnolog\u00eda y ciencia pesquera hace 5000 a\u00f1os. Acompa\u00f1ando a la delegaci\u00f3n estaban el Sr. Jorge Alejo Shimabukuro Vel\u00e1squez, Presidente de la Asociaci\u00f3n Peruano Japonesa de Barranca y prensa Nikkei de Lima.","robots":{"index":"index","follow":"follow","max-snippet":"max-snippet:-1","max-image-preview":"max-image-preview:large","max-video-preview":"max-video-preview:-1"},"canonical":"https:\/\/zonacaral.gob.pe\/en\/noticias\/consul-de-japon-en-peru-visito-el-sitio-arqueologico-de-aspero\/","og_locale":"en_US","og_type":"article","og_title":"C\u00f3nsul de Jap\u00f3n en Per\u00fa visit\u00f3 el sitio arqueol\u00f3gico de \u00c1spero","og_description":"El Sr. Koichi Shimono, C\u00f3nsul de Jap\u00f3n y parte del Cuerpo Diplom\u00e1tico acreditado en nuestro pa\u00eds visitaron \u00c1spero, Ciudad Pesquera de la Civilizaci\u00f3n Caral. Tras su recorrido por el lugar quedaron impresionados por los trabajos de investigaci\u00f3n que realiza la Zona Arqueol\u00f3gica Caral, Unidad Ejecutora 003, adscrita al Ministerio de Cultura, y el aporte de este sitio arqueol\u00f3gico en el conocimiento de la tecnolog\u00eda y ciencia pesquera hace 5000 a\u00f1os. Acompa\u00f1ando a la delegaci\u00f3n estaban el Sr. Jorge Alejo Shimabukuro Vel\u00e1squez, Presidente de la Asociaci\u00f3n Peruano Japonesa de Barranca y prensa Nikkei de Lima.","og_url":"https:\/\/zonacaral.gob.pe\/en\/noticias\/consul-de-japon-en-peru-visito-el-sitio-arqueologico-de-aspero\/","og_site_name":"Zona Caral","article_published_time":"2015-11-04T20:49:40+00:00","og_image":[{"width":700,"height":434,"url":"https:\/\/zonacaral.gob.pe\/wp-content\/uploads\/2015\/11\/04-11-2015-japon-aspero.jpg","type":"image\/jpeg"}],"author":"Zona Caral Administrador","twitter_card":"summary_large_image","twitter_misc":{"Written by":"Zona Caral Administrador","Est. reading time":"2 minutes"},"schema":{"@context":"https:\/\/schema.org","@graph":[{"@type":"Article","@id":"https:\/\/zonacaral.gob.pe\/en\/noticias\/consul-de-japon-en-peru-visito-el-sitio-arqueologico-de-aspero\/#article","isPartOf":{"@id":"https:\/\/zonacaral.gob.pe\/en\/noticias\/consul-de-japon-en-peru-visito-el-sitio-arqueologico-de-aspero\/"},"author":{"name":"Zona Caral Administrador","@id":"https:\/\/zonacaral.gob.pe\/es\/#\/schema\/person\/beddb4d22f71a7230c5b90913270a0ee"},"headline":"C\u00f3nsul de Jap\u00f3n en Per\u00fa visit\u00f3 el sitio arqueol\u00f3gico de \u00c1spero","datePublished":"2015-11-04T20:49:40+00:00","mainEntityOfPage":{"@id":"https:\/\/zonacaral.gob.pe\/en\/noticias\/consul-de-japon-en-peru-visito-el-sitio-arqueologico-de-aspero\/"},"wordCount":357,"image":{"@id":"https:\/\/zonacaral.gob.pe\/en\/noticias\/consul-de-japon-en-peru-visito-el-sitio-arqueologico-de-aspero\/#primaryimage"},"thumbnailUrl":"https:\/\/zonacaral.gob.pe\/wp-content\/uploads\/2015\/11\/04-11-2015-japon-aspero.jpg","keywords":["Aspero","Japon","turismo"],"articleSection":["noticias"],"inLanguage":"en-US"},{"@type":"WebPage","@id":"https:\/\/zonacaral.gob.pe\/en\/noticias\/consul-de-japon-en-peru-visito-el-sitio-arqueologico-de-aspero\/","url":"https:\/\/zonacaral.gob.pe\/en\/noticias\/consul-de-japon-en-peru-visito-el-sitio-arqueologico-de-aspero\/","name":"C\u00f3nsul de Jap\u00f3n en Per\u00fa visit\u00f3 el sitio arqueol\u00f3gico de \u00c1spero","isPartOf":{"@id":"https:\/\/zonacaral.gob.pe\/es\/#website"},"primaryImageOfPage":{"@id":"https:\/\/zonacaral.gob.pe\/en\/noticias\/consul-de-japon-en-peru-visito-el-sitio-arqueologico-de-aspero\/#primaryimage"},"image":{"@id":"https:\/\/zonacaral.gob.pe\/en\/noticias\/consul-de-japon-en-peru-visito-el-sitio-arqueologico-de-aspero\/#primaryimage"},"thumbnailUrl":"https:\/\/zonacaral.gob.pe\/wp-content\/uploads\/2015\/11\/04-11-2015-japon-aspero.jpg","datePublished":"2015-11-04T20:49:40+00:00","author":{"@id":"https:\/\/zonacaral.gob.pe\/es\/#\/schema\/person\/beddb4d22f71a7230c5b90913270a0ee"},"description":"El Sr. Koichi Shimono, C\u00f3nsul de Jap\u00f3n y parte del Cuerpo Diplom\u00e1tico acreditado en nuestro pa\u00eds visitaron \u00c1spero, Ciudad Pesquera de la Civilizaci\u00f3n Caral. Tras su recorrido por el lugar quedaron impresionados por los trabajos de investigaci\u00f3n que realiza la Zona Arqueol\u00f3gica Caral, Unidad Ejecutora 003, adscrita al Ministerio de Cultura, y el aporte de este sitio arqueol\u00f3gico en el conocimiento de la tecnolog\u00eda y ciencia pesquera hace 5000 a\u00f1os. Acompa\u00f1ando a la delegaci\u00f3n estaban el Sr. Jorge Alejo Shimabukuro Vel\u00e1squez, Presidente de la Asociaci\u00f3n Peruano Japonesa de Barranca y prensa Nikkei de Lima.","breadcrumb":{"@id":"https:\/\/zonacaral.gob.pe\/en\/noticias\/consul-de-japon-en-peru-visito-el-sitio-arqueologico-de-aspero\/#breadcrumb"},"inLanguage":"en-US","potentialAction":[{"@type":"ReadAction","target":["https:\/\/zonacaral.gob.pe\/en\/noticias\/consul-de-japon-en-peru-visito-el-sitio-arqueologico-de-aspero\/"]}]},{"@type":"ImageObject","inLanguage":"en-US","@id":"https:\/\/zonacaral.gob.pe\/en\/noticias\/consul-de-japon-en-peru-visito-el-sitio-arqueologico-de-aspero\/#primaryimage","url":"https:\/\/zonacaral.gob.pe\/wp-content\/uploads\/2015\/11\/04-11-2015-japon-aspero.jpg","contentUrl":"https:\/\/zonacaral.gob.pe\/wp-content\/uploads\/2015\/11\/04-11-2015-japon-aspero.jpg","width":700,"height":434},{"@type":"BreadcrumbList","@id":"https:\/\/zonacaral.gob.pe\/en\/noticias\/consul-de-japon-en-peru-visito-el-sitio-arqueologico-de-aspero\/#breadcrumb","itemListElement":[{"@type":"ListItem","position":1,"name":"Portada","item":"https:\/\/zonacaral.gob.pe\/"},{"@type":"ListItem","position":2,"name":"C\u00f3nsul de Jap\u00f3n en Per\u00fa visit\u00f3 el sitio arqueol\u00f3gico de \u00c1spero"}]},{"@type":"WebSite","@id":"https:\/\/zonacaral.gob.pe\/es\/#website","url":"https:\/\/zonacaral.gob.pe\/es\/","name":"Zona Caral","description":"Investigamos, conservamos y difundimos el patrimonio cultural de la Civilizaci\u00f3n Caral, la m\u00e1s antigua de Am\u00e9rica.","potentialAction":[{"@type":"SearchAction","target":{"@type":"EntryPoint","urlTemplate":"https:\/\/zonacaral.gob.pe\/es\/?s={search_term_string}"},"query-input":{"@type":"PropertyValueSpecification","valueRequired":true,"valueName":"search_term_string"}}],"inLanguage":"en-US"},{"@type":"Person","@id":"https:\/\/zonacaral.gob.pe\/es\/#\/schema\/person\/beddb4d22f71a7230c5b90913270a0ee","name":"Zona Caral Administrador","image":{"@type":"ImageObject","inLanguage":"en-US","@id":"https:\/\/secure.gravatar.com\/avatar\/e4be162918a696358376de6446614e0f0f4062bdc5d170d6d540ada3d8b58c12?s=96&d=mm&r=g","url":"https:\/\/secure.gravatar.com\/avatar\/e4be162918a696358376de6446614e0f0f4062bdc5d170d6d540ada3d8b58c12?s=96&d=mm&r=g","contentUrl":"https:\/\/secure.gravatar.com\/avatar\/e4be162918a696358376de6446614e0f0f4062bdc5d170d6d540ada3d8b58c12?s=96&d=mm&r=g","caption":"Zona Caral Administrador"},"sameAs":["https:\/\/zonacaral.gob.pe"],"url":"https:\/\/zonacaral.gob.pe\/en\/noticias\/author\/ad_zonacaral\/"}]}},"_links":{"self":[{"href":"https:\/\/zonacaral.gob.pe\/en\/wp-json\/wp\/v2\/posts\/10047","targetHints":{"allow":["GET"]}}],"collection":[{"href":"https:\/\/zonacaral.gob.pe\/en\/wp-json\/wp\/v2\/posts"}],"about":[{"href":"https:\/\/zonacaral.gob.pe\/en\/wp-json\/wp\/v2\/types\/post"}],"author":[{"embeddable":true,"href":"https:\/\/zonacaral.gob.pe\/en\/wp-json\/wp\/v2\/users\/1"}],"replies":[{"embeddable":true,"href":"https:\/\/zonacaral.gob.pe\/en\/wp-json\/wp\/v2\/comments?post=10047"}],"version-history":[{"count":0,"href":"https:\/\/zonacaral.gob.pe\/en\/wp-json\/wp\/v2\/posts\/10047\/revisions"}],"wp:featuredmedia":[{"embeddable":true,"href":"https:\/\/zonacaral.gob.pe\/en\/wp-json\/wp\/v2\/media\/10048"}],"wp:attachment":[{"href":"https:\/\/zonacaral.gob.pe\/en\/wp-json\/wp\/v2\/media?parent=10047"}],"wp:term":[{"taxonomy":"category","embeddable":true,"href":"https:\/\/zonacaral.gob.pe\/en\/wp-json\/wp\/v2\/categories?post=10047"},{"taxonomy":"post_tag","embeddable":true,"href":"https:\/\/zonacaral.gob.pe\/en\/wp-json\/wp\/v2\/tags?post=10047"}],"curies":[{"name":"wp","href":"https:\/\/api.w.org\/{rel}","templated":true}]}}