{"id":10092,"date":"2015-11-19T11:16:09","date_gmt":"2015-11-19T16:16:09","guid":{"rendered":"http:\/\/www.zonacaral.gob.pe\/?p=10092"},"modified":"2015-11-19T11:16:09","modified_gmt":"2015-11-19T16:16:09","slug":"caral-recibio-mas-de-medio-millon-de-turistas-desde-el-2003","status":"publish","type":"post","link":"https:\/\/zonacaral.gob.pe\/en\/noticias\/caral-recibio-mas-de-medio-millon-de-turistas-desde-el-2003\/","title":{"rendered":"Caral recibi\u00f3 m\u00e1s de medio mill\u00f3n de turistas desde el 2003"},"content":{"rendered":"<figure class=\"pic-autor\" style=\"color: #4d4d4d;\"><\/figure>\n<blockquote><p><span style=\"color: #39312a;\">En lo que va del a\u00f1o,\u00a0<\/span>la ciudad m\u00e1s antigua de Am\u00e9rica<span style=\"color: #39312a;\">\u00a0recibi\u00f3 la mayor cantidad de visitantes desde que fuera abierta al turismo.\u00a0<\/span><\/p><\/blockquote>\n<p style=\"color: #39312a;\">Despu\u00e9s de un largo periodo de olvido, el mundo pudo conocer\u00a0la grandeza de Caral, una ciudad que, seg\u00fan los estudios arqueol\u00f3gicos, tendr\u00eda una\u00a0<strong>antig\u00fcedad de 5.000 a\u00f1os<\/strong>, lo que la convertir\u00eda en la\u00a0<strong>cuna de la civilizaci\u00f3n andina<\/strong>. Eso explica el creciente inter\u00e9s de peruanos y extranjeros por conocer esta urbe milenaria, localizada en el\u00a0<strong>distrito de Supe, provincia de Barranca, Lima<\/strong>.<\/p>\n<p style=\"color: #39312a;\"><strong>En el 2003, luego de un trabajo previo de investigaci\u00f3n y puesta en valor, empezaron a recibirse a los primeros grupos de visitantes<\/strong>. Desde entonces, 558,400 personas han recorrido los diversos sectores de la \u201cCiudad Sagrada\u201d, lo que convierte a este patrimonio cultural en un dinamizador econ\u00f3mico en su zona de influencia y en un atractivo que potencializa la oferta tur\u00edstica de la capital<\/p>\n<p style=\"color: #39312a;\">Hace algunos d\u00edas circul\u00f3 la informaci\u00f3n de que el n\u00famero de visitas hab\u00eda disminuido este a\u00f1o. En ese sentido el Ministerio de Comercio Exterior y Turismo (Mincetur) neg\u00f3 haber emitido un informe al respecto y aprovech\u00f3 la confusi\u00f3n, para precisar que\u00a0<strong>en el 2015, 58.871 visitantes<\/strong>\u00a0llegaron a este\u00a0<strong>Patrimonio Cultural de la Humanidad<\/strong>.<\/p>\n<p style=\"color: #39312a;\">Las proyecciones estiman que\u00a0<strong>el a\u00f1o se cerrar\u00e1 con 60.000 viajeros, la cifra m\u00e1s alta desde la apertura de la ciudad m\u00e1s antigua de Am\u00e9rica<\/strong>.<\/p>\n<p style=\"color: #434343;\">Fuente:\u00a0<span style=\"color: #800000;\"><a href=\"http:\/\/larepublica.pe\/turismo\/718848-caral-recibio-mas-de-medio-millon-de-turistas-desde-el-2003\" target=\"_blank\"><span style=\"color: #800000;\">La Rep\u00fablica<\/span><\/a><\/span><\/p>\n<p style=\"color: #000000;\">Fecha de publicaci\u00f3n: 17\/11\/2015<\/p>","protected":false},"excerpt":{"rendered":"<p>En lo que va del a\u00f1o,\u00a0la ciudad m\u00e1s antigua de Am\u00e9rica\u00a0recibi\u00f3 la mayor cantidad de visitantes desde que fuera abierta [&hellip;]<\/p>\n","protected":false},"author":1,"featured_media":10093,"comment_status":"closed","ping_status":"open","sticky":false,"template":"","format":"standard","meta":{"_acf_changed":false,"site-sidebar-layout":"default","site-content-layout":"","ast-site-content-layout":"default","site-content-style":"default","site-sidebar-style":"default","ast-global-header-display":"","ast-banner-title-visibility":"","ast-main-header-display":"","ast-hfb-above-header-display":"","ast-hfb-below-header-display":"","ast-hfb-mobile-header-display":"","site-post-title":"","ast-breadcrumbs-content":"","ast-featured-img":"","footer-sml-layout":"","ast-disable-related-posts":"","theme-transparent-header-meta":"","adv-header-id-meta":"","stick-header-meta":"","header-above-stick-meta":"","header-main-stick-meta":"","header-below-stick-meta":"","astra-migrate-meta-layouts":"default","ast-page-background-enabled":"default","ast-page-background-meta":{"desktop":{"background-color":"var(--ast-global-color-5)","background-image":"","background-repeat":"repeat","background-position":"center center","background-size":"auto","background-attachment":"scroll","background-type":"","background-media":"","overlay-type":"","overlay-color":"","overlay-opacity":"","overlay-gradient":""},"tablet":{"background-color":"","background-image":"","background-repeat":"repeat","background-position":"center center","background-size":"auto","background-attachment":"scroll","background-type":"","background-media":"","overlay-type":"","overlay-color":"","overlay-opacity":"","overlay-gradient":""},"mobile":{"background-color":"","background-image":"","background-repeat":"repeat","background-position":"center center","background-size":"auto","background-attachment":"scroll","background-type":"","background-media":"","overlay-type":"","overlay-color":"","overlay-opacity":"","overlay-gradient":""}},"ast-content-background-meta":{"desktop":{"background-color":"var(--ast-global-color-4)","background-image":"","background-repeat":"repeat","background-position":"center center","background-size":"auto","background-attachment":"scroll","background-type":"","background-media":"","overlay-type":"","overlay-color":"","overlay-opacity":"","overlay-gradient":""},"tablet":{"background-color":"var(--ast-global-color-4)","background-image":"","background-repeat":"repeat","background-position":"center center","background-size":"auto","background-attachment":"scroll","background-type":"","background-media":"","overlay-type":"","overlay-color":"","overlay-opacity":"","overlay-gradient":""},"mobile":{"background-color":"var(--ast-global-color-4)","background-image":"","background-repeat":"repeat","background-position":"center center","background-size":"auto","background-attachment":"scroll","background-type":"","background-media":"","overlay-type":"","overlay-color":"","overlay-opacity":"","overlay-gradient":""}},"footnotes":""},"categories":[208],"tags":[55],"class_list":["post-10092","post","type-post","status-publish","format-standard","has-post-thumbnail","hentry","category-noticias","tag-caral"],"acf":[],"yoast_head":"<!-- This site is optimized with the Yoast SEO plugin v27.3 - https:\/\/yoast.com\/product\/yoast-seo-wordpress\/ -->\n<title>Caral recibi\u00f3 m\u00e1s de medio mill\u00f3n de turistas desde el 2003<\/title>\n<meta name=\"description\" content=\"En lo que va del a\u00f1o, la ciudad m\u00e1s antigua de Am\u00e9rica recibi\u00f3 la mayor cantidad de visitantes desde que fuera abierta al turismo. Despu\u00e9s de un largo periodo de olvido, el mundo pudo conocer la grandeza de Caral, una ciudad que, seg\u00fan los estudios arqueol\u00f3gicos, tendr\u00eda una antig\u00fcedad de 5.000 a\u00f1os, lo que la convertir\u00eda en la cuna de la civilizaci\u00f3n andina. Eso explica el creciente inter\u00e9s de peruanos y extranjeros por conocer esta urbe milenaria, localizada en el distrito de Supe, provincia de Barranca, Lima.\" \/>\n<meta name=\"robots\" content=\"index, follow, max-snippet:-1, max-image-preview:large, max-video-preview:-1\" \/>\n<link rel=\"canonical\" href=\"https:\/\/zonacaral.gob.pe\/en\/noticias\/caral-recibio-mas-de-medio-millon-de-turistas-desde-el-2003\/\" \/>\n<meta property=\"og:locale\" content=\"en_US\" \/>\n<meta property=\"og:type\" content=\"article\" \/>\n<meta property=\"og:title\" content=\"Caral recibi\u00f3 m\u00e1s de medio mill\u00f3n de turistas desde el 2003\" \/>\n<meta property=\"og:description\" content=\"En lo que va del a\u00f1o, la ciudad m\u00e1s antigua de Am\u00e9rica recibi\u00f3 la mayor cantidad de visitantes desde que fuera abierta al turismo. Despu\u00e9s de un largo periodo de olvido, el mundo pudo conocer la grandeza de Caral, una ciudad que, seg\u00fan los estudios arqueol\u00f3gicos, tendr\u00eda una antig\u00fcedad de 5.000 a\u00f1os, lo que la convertir\u00eda en la cuna de la civilizaci\u00f3n andina. Eso explica el creciente inter\u00e9s de peruanos y extranjeros por conocer esta urbe milenaria, localizada en el distrito de Supe, provincia de Barranca, Lima.\" \/>\n<meta property=\"og:url\" content=\"https:\/\/zonacaral.gob.pe\/en\/noticias\/caral-recibio-mas-de-medio-millon-de-turistas-desde-el-2003\/\" \/>\n<meta property=\"og:site_name\" content=\"Zona Caral\" \/>\n<meta property=\"article:published_time\" content=\"2015-11-19T16:16:09+00:00\" \/>\n<meta property=\"og:image\" content=\"https:\/\/zonacaral.gob.pe\/wp-content\/uploads\/2015\/11\/19-11-2015-millon-visitas-caral.jpg\" \/>\n\t<meta property=\"og:image:width\" content=\"825\" \/>\n\t<meta property=\"og:image:height\" content=\"464\" \/>\n\t<meta property=\"og:image:type\" content=\"image\/jpeg\" \/>\n<meta name=\"author\" content=\"Zona Caral Administrador\" \/>\n<meta name=\"twitter:card\" content=\"summary_large_image\" \/>\n<meta name=\"twitter:label1\" content=\"Written by\" \/>\n\t<meta name=\"twitter:data1\" content=\"Zona Caral Administrador\" \/>\n\t<meta name=\"twitter:label2\" content=\"Est. reading time\" \/>\n\t<meta name=\"twitter:data2\" content=\"1 minute\" \/>\n<script type=\"application\/ld+json\" class=\"yoast-schema-graph\">{\"@context\":\"https:\\\/\\\/schema.org\",\"@graph\":[{\"@type\":\"Article\",\"@id\":\"https:\\\/\\\/zonacaral.gob.pe\\\/en\\\/noticias\\\/caral-recibio-mas-de-medio-millon-de-turistas-desde-el-2003\\\/#article\",\"isPartOf\":{\"@id\":\"https:\\\/\\\/zonacaral.gob.pe\\\/en\\\/noticias\\\/caral-recibio-mas-de-medio-millon-de-turistas-desde-el-2003\\\/\"},\"author\":{\"name\":\"Zona Caral Administrador\",\"@id\":\"https:\\\/\\\/zonacaral.gob.pe\\\/es\\\/#\\\/schema\\\/person\\\/beddb4d22f71a7230c5b90913270a0ee\"},\"headline\":\"Caral recibi\u00f3 m\u00e1s de medio mill\u00f3n de turistas desde el 2003\",\"datePublished\":\"2015-11-19T16:16:09+00:00\",\"mainEntityOfPage\":{\"@id\":\"https:\\\/\\\/zonacaral.gob.pe\\\/en\\\/noticias\\\/caral-recibio-mas-de-medio-millon-de-turistas-desde-el-2003\\\/\"},\"wordCount\":269,\"image\":{\"@id\":\"https:\\\/\\\/zonacaral.gob.pe\\\/en\\\/noticias\\\/caral-recibio-mas-de-medio-millon-de-turistas-desde-el-2003\\\/#primaryimage\"},\"thumbnailUrl\":\"https:\\\/\\\/zonacaral.gob.pe\\\/wp-content\\\/uploads\\\/2015\\\/11\\\/19-11-2015-millon-visitas-caral.jpg\",\"keywords\":[\"caral\"],\"articleSection\":[\"noticias\"],\"inLanguage\":\"en-US\"},{\"@type\":\"WebPage\",\"@id\":\"https:\\\/\\\/zonacaral.gob.pe\\\/en\\\/noticias\\\/caral-recibio-mas-de-medio-millon-de-turistas-desde-el-2003\\\/\",\"url\":\"https:\\\/\\\/zonacaral.gob.pe\\\/en\\\/noticias\\\/caral-recibio-mas-de-medio-millon-de-turistas-desde-el-2003\\\/\",\"name\":\"Caral recibi\u00f3 m\u00e1s de medio mill\u00f3n de turistas desde el 2003\",\"isPartOf\":{\"@id\":\"https:\\\/\\\/zonacaral.gob.pe\\\/es\\\/#website\"},\"primaryImageOfPage\":{\"@id\":\"https:\\\/\\\/zonacaral.gob.pe\\\/en\\\/noticias\\\/caral-recibio-mas-de-medio-millon-de-turistas-desde-el-2003\\\/#primaryimage\"},\"image\":{\"@id\":\"https:\\\/\\\/zonacaral.gob.pe\\\/en\\\/noticias\\\/caral-recibio-mas-de-medio-millon-de-turistas-desde-el-2003\\\/#primaryimage\"},\"thumbnailUrl\":\"https:\\\/\\\/zonacaral.gob.pe\\\/wp-content\\\/uploads\\\/2015\\\/11\\\/19-11-2015-millon-visitas-caral.jpg\",\"datePublished\":\"2015-11-19T16:16:09+00:00\",\"author\":{\"@id\":\"https:\\\/\\\/zonacaral.gob.pe\\\/es\\\/#\\\/schema\\\/person\\\/beddb4d22f71a7230c5b90913270a0ee\"},\"description\":\"En lo que va del a\u00f1o, la ciudad m\u00e1s antigua de Am\u00e9rica recibi\u00f3 la mayor cantidad de visitantes desde que fuera abierta al turismo. Despu\u00e9s de un largo periodo de olvido, el mundo pudo conocer la grandeza de Caral, una ciudad que, seg\u00fan los estudios arqueol\u00f3gicos, tendr\u00eda una antig\u00fcedad de 5.000 a\u00f1os, lo que la convertir\u00eda en la cuna de la civilizaci\u00f3n andina. Eso explica el creciente inter\u00e9s de peruanos y extranjeros por conocer esta urbe milenaria, localizada en el distrito de Supe, provincia de Barranca, Lima.\",\"breadcrumb\":{\"@id\":\"https:\\\/\\\/zonacaral.gob.pe\\\/en\\\/noticias\\\/caral-recibio-mas-de-medio-millon-de-turistas-desde-el-2003\\\/#breadcrumb\"},\"inLanguage\":\"en-US\",\"potentialAction\":[{\"@type\":\"ReadAction\",\"target\":[\"https:\\\/\\\/zonacaral.gob.pe\\\/en\\\/noticias\\\/caral-recibio-mas-de-medio-millon-de-turistas-desde-el-2003\\\/\"]}]},{\"@type\":\"ImageObject\",\"inLanguage\":\"en-US\",\"@id\":\"https:\\\/\\\/zonacaral.gob.pe\\\/en\\\/noticias\\\/caral-recibio-mas-de-medio-millon-de-turistas-desde-el-2003\\\/#primaryimage\",\"url\":\"https:\\\/\\\/zonacaral.gob.pe\\\/wp-content\\\/uploads\\\/2015\\\/11\\\/19-11-2015-millon-visitas-caral.jpg\",\"contentUrl\":\"https:\\\/\\\/zonacaral.gob.pe\\\/wp-content\\\/uploads\\\/2015\\\/11\\\/19-11-2015-millon-visitas-caral.jpg\",\"width\":825,\"height\":464},{\"@type\":\"BreadcrumbList\",\"@id\":\"https:\\\/\\\/zonacaral.gob.pe\\\/en\\\/noticias\\\/caral-recibio-mas-de-medio-millon-de-turistas-desde-el-2003\\\/#breadcrumb\",\"itemListElement\":[{\"@type\":\"ListItem\",\"position\":1,\"name\":\"Portada\",\"item\":\"https:\\\/\\\/zonacaral.gob.pe\\\/\"},{\"@type\":\"ListItem\",\"position\":2,\"name\":\"Caral recibi\u00f3 m\u00e1s de medio mill\u00f3n de turistas desde el 2003\"}]},{\"@type\":\"WebSite\",\"@id\":\"https:\\\/\\\/zonacaral.gob.pe\\\/es\\\/#website\",\"url\":\"https:\\\/\\\/zonacaral.gob.pe\\\/es\\\/\",\"name\":\"Zona Caral\",\"description\":\"Investigamos, conservamos y difundimos el patrimonio cultural de la Civilizaci\u00f3n Caral, la m\u00e1s antigua de Am\u00e9rica.\",\"potentialAction\":[{\"@type\":\"SearchAction\",\"target\":{\"@type\":\"EntryPoint\",\"urlTemplate\":\"https:\\\/\\\/zonacaral.gob.pe\\\/es\\\/?s={search_term_string}\"},\"query-input\":{\"@type\":\"PropertyValueSpecification\",\"valueRequired\":true,\"valueName\":\"search_term_string\"}}],\"inLanguage\":\"en-US\"},{\"@type\":\"Person\",\"@id\":\"https:\\\/\\\/zonacaral.gob.pe\\\/es\\\/#\\\/schema\\\/person\\\/beddb4d22f71a7230c5b90913270a0ee\",\"name\":\"Zona Caral Administrador\",\"image\":{\"@type\":\"ImageObject\",\"inLanguage\":\"en-US\",\"@id\":\"https:\\\/\\\/secure.gravatar.com\\\/avatar\\\/e4be162918a696358376de6446614e0f0f4062bdc5d170d6d540ada3d8b58c12?s=96&d=mm&r=g\",\"url\":\"https:\\\/\\\/secure.gravatar.com\\\/avatar\\\/e4be162918a696358376de6446614e0f0f4062bdc5d170d6d540ada3d8b58c12?s=96&d=mm&r=g\",\"contentUrl\":\"https:\\\/\\\/secure.gravatar.com\\\/avatar\\\/e4be162918a696358376de6446614e0f0f4062bdc5d170d6d540ada3d8b58c12?s=96&d=mm&r=g\",\"caption\":\"Zona Caral Administrador\"},\"sameAs\":[\"https:\\\/\\\/zonacaral.gob.pe\"],\"url\":\"https:\\\/\\\/zonacaral.gob.pe\\\/en\\\/noticias\\\/author\\\/ad_zonacaral\\\/\"}]}<\/script>\n<!-- \/ Yoast SEO plugin. -->","yoast_head_json":{"title":"Caral recibi\u00f3 m\u00e1s de medio mill\u00f3n de turistas desde el 2003","description":"En lo que va del a\u00f1o, la ciudad m\u00e1s antigua de Am\u00e9rica recibi\u00f3 la mayor cantidad de visitantes desde que fuera abierta al turismo. Despu\u00e9s de un largo periodo de olvido, el mundo pudo conocer la grandeza de Caral, una ciudad que, seg\u00fan los estudios arqueol\u00f3gicos, tendr\u00eda una antig\u00fcedad de 5.000 a\u00f1os, lo que la convertir\u00eda en la cuna de la civilizaci\u00f3n andina. Eso explica el creciente inter\u00e9s de peruanos y extranjeros por conocer esta urbe milenaria, localizada en el distrito de Supe, provincia de Barranca, Lima.","robots":{"index":"index","follow":"follow","max-snippet":"max-snippet:-1","max-image-preview":"max-image-preview:large","max-video-preview":"max-video-preview:-1"},"canonical":"https:\/\/zonacaral.gob.pe\/en\/noticias\/caral-recibio-mas-de-medio-millon-de-turistas-desde-el-2003\/","og_locale":"en_US","og_type":"article","og_title":"Caral recibi\u00f3 m\u00e1s de medio mill\u00f3n de turistas desde el 2003","og_description":"En lo que va del a\u00f1o, la ciudad m\u00e1s antigua de Am\u00e9rica recibi\u00f3 la mayor cantidad de visitantes desde que fuera abierta al turismo. Despu\u00e9s de un largo periodo de olvido, el mundo pudo conocer la grandeza de Caral, una ciudad que, seg\u00fan los estudios arqueol\u00f3gicos, tendr\u00eda una antig\u00fcedad de 5.000 a\u00f1os, lo que la convertir\u00eda en la cuna de la civilizaci\u00f3n andina. Eso explica el creciente inter\u00e9s de peruanos y extranjeros por conocer esta urbe milenaria, localizada en el distrito de Supe, provincia de Barranca, Lima.","og_url":"https:\/\/zonacaral.gob.pe\/en\/noticias\/caral-recibio-mas-de-medio-millon-de-turistas-desde-el-2003\/","og_site_name":"Zona Caral","article_published_time":"2015-11-19T16:16:09+00:00","og_image":[{"width":825,"height":464,"url":"https:\/\/zonacaral.gob.pe\/wp-content\/uploads\/2015\/11\/19-11-2015-millon-visitas-caral.jpg","type":"image\/jpeg"}],"author":"Zona Caral Administrador","twitter_card":"summary_large_image","twitter_misc":{"Written by":"Zona Caral Administrador","Est. reading time":"1 minute"},"schema":{"@context":"https:\/\/schema.org","@graph":[{"@type":"Article","@id":"https:\/\/zonacaral.gob.pe\/en\/noticias\/caral-recibio-mas-de-medio-millon-de-turistas-desde-el-2003\/#article","isPartOf":{"@id":"https:\/\/zonacaral.gob.pe\/en\/noticias\/caral-recibio-mas-de-medio-millon-de-turistas-desde-el-2003\/"},"author":{"name":"Zona Caral Administrador","@id":"https:\/\/zonacaral.gob.pe\/es\/#\/schema\/person\/beddb4d22f71a7230c5b90913270a0ee"},"headline":"Caral recibi\u00f3 m\u00e1s de medio mill\u00f3n de turistas desde el 2003","datePublished":"2015-11-19T16:16:09+00:00","mainEntityOfPage":{"@id":"https:\/\/zonacaral.gob.pe\/en\/noticias\/caral-recibio-mas-de-medio-millon-de-turistas-desde-el-2003\/"},"wordCount":269,"image":{"@id":"https:\/\/zonacaral.gob.pe\/en\/noticias\/caral-recibio-mas-de-medio-millon-de-turistas-desde-el-2003\/#primaryimage"},"thumbnailUrl":"https:\/\/zonacaral.gob.pe\/wp-content\/uploads\/2015\/11\/19-11-2015-millon-visitas-caral.jpg","keywords":["caral"],"articleSection":["noticias"],"inLanguage":"en-US"},{"@type":"WebPage","@id":"https:\/\/zonacaral.gob.pe\/en\/noticias\/caral-recibio-mas-de-medio-millon-de-turistas-desde-el-2003\/","url":"https:\/\/zonacaral.gob.pe\/en\/noticias\/caral-recibio-mas-de-medio-millon-de-turistas-desde-el-2003\/","name":"Caral recibi\u00f3 m\u00e1s de medio mill\u00f3n de turistas desde el 2003","isPartOf":{"@id":"https:\/\/zonacaral.gob.pe\/es\/#website"},"primaryImageOfPage":{"@id":"https:\/\/zonacaral.gob.pe\/en\/noticias\/caral-recibio-mas-de-medio-millon-de-turistas-desde-el-2003\/#primaryimage"},"image":{"@id":"https:\/\/zonacaral.gob.pe\/en\/noticias\/caral-recibio-mas-de-medio-millon-de-turistas-desde-el-2003\/#primaryimage"},"thumbnailUrl":"https:\/\/zonacaral.gob.pe\/wp-content\/uploads\/2015\/11\/19-11-2015-millon-visitas-caral.jpg","datePublished":"2015-11-19T16:16:09+00:00","author":{"@id":"https:\/\/zonacaral.gob.pe\/es\/#\/schema\/person\/beddb4d22f71a7230c5b90913270a0ee"},"description":"En lo que va del a\u00f1o, la ciudad m\u00e1s antigua de Am\u00e9rica recibi\u00f3 la mayor cantidad de visitantes desde que fuera abierta al turismo. Despu\u00e9s de un largo periodo de olvido, el mundo pudo conocer la grandeza de Caral, una ciudad que, seg\u00fan los estudios arqueol\u00f3gicos, tendr\u00eda una antig\u00fcedad de 5.000 a\u00f1os, lo que la convertir\u00eda en la cuna de la civilizaci\u00f3n andina. Eso explica el creciente inter\u00e9s de peruanos y extranjeros por conocer esta urbe milenaria, localizada en el distrito de Supe, provincia de Barranca, Lima.","breadcrumb":{"@id":"https:\/\/zonacaral.gob.pe\/en\/noticias\/caral-recibio-mas-de-medio-millon-de-turistas-desde-el-2003\/#breadcrumb"},"inLanguage":"en-US","potentialAction":[{"@type":"ReadAction","target":["https:\/\/zonacaral.gob.pe\/en\/noticias\/caral-recibio-mas-de-medio-millon-de-turistas-desde-el-2003\/"]}]},{"@type":"ImageObject","inLanguage":"en-US","@id":"https:\/\/zonacaral.gob.pe\/en\/noticias\/caral-recibio-mas-de-medio-millon-de-turistas-desde-el-2003\/#primaryimage","url":"https:\/\/zonacaral.gob.pe\/wp-content\/uploads\/2015\/11\/19-11-2015-millon-visitas-caral.jpg","contentUrl":"https:\/\/zonacaral.gob.pe\/wp-content\/uploads\/2015\/11\/19-11-2015-millon-visitas-caral.jpg","width":825,"height":464},{"@type":"BreadcrumbList","@id":"https:\/\/zonacaral.gob.pe\/en\/noticias\/caral-recibio-mas-de-medio-millon-de-turistas-desde-el-2003\/#breadcrumb","itemListElement":[{"@type":"ListItem","position":1,"name":"Portada","item":"https:\/\/zonacaral.gob.pe\/"},{"@type":"ListItem","position":2,"name":"Caral recibi\u00f3 m\u00e1s de medio mill\u00f3n de turistas desde el 2003"}]},{"@type":"WebSite","@id":"https:\/\/zonacaral.gob.pe\/es\/#website","url":"https:\/\/zonacaral.gob.pe\/es\/","name":"Zona Caral","description":"Investigamos, conservamos y difundimos el patrimonio cultural de la Civilizaci\u00f3n Caral, la m\u00e1s antigua de Am\u00e9rica.","potentialAction":[{"@type":"SearchAction","target":{"@type":"EntryPoint","urlTemplate":"https:\/\/zonacaral.gob.pe\/es\/?s={search_term_string}"},"query-input":{"@type":"PropertyValueSpecification","valueRequired":true,"valueName":"search_term_string"}}],"inLanguage":"en-US"},{"@type":"Person","@id":"https:\/\/zonacaral.gob.pe\/es\/#\/schema\/person\/beddb4d22f71a7230c5b90913270a0ee","name":"Zona Caral Administrador","image":{"@type":"ImageObject","inLanguage":"en-US","@id":"https:\/\/secure.gravatar.com\/avatar\/e4be162918a696358376de6446614e0f0f4062bdc5d170d6d540ada3d8b58c12?s=96&d=mm&r=g","url":"https:\/\/secure.gravatar.com\/avatar\/e4be162918a696358376de6446614e0f0f4062bdc5d170d6d540ada3d8b58c12?s=96&d=mm&r=g","contentUrl":"https:\/\/secure.gravatar.com\/avatar\/e4be162918a696358376de6446614e0f0f4062bdc5d170d6d540ada3d8b58c12?s=96&d=mm&r=g","caption":"Zona Caral Administrador"},"sameAs":["https:\/\/zonacaral.gob.pe"],"url":"https:\/\/zonacaral.gob.pe\/en\/noticias\/author\/ad_zonacaral\/"}]}},"_links":{"self":[{"href":"https:\/\/zonacaral.gob.pe\/en\/wp-json\/wp\/v2\/posts\/10092","targetHints":{"allow":["GET"]}}],"collection":[{"href":"https:\/\/zonacaral.gob.pe\/en\/wp-json\/wp\/v2\/posts"}],"about":[{"href":"https:\/\/zonacaral.gob.pe\/en\/wp-json\/wp\/v2\/types\/post"}],"author":[{"embeddable":true,"href":"https:\/\/zonacaral.gob.pe\/en\/wp-json\/wp\/v2\/users\/1"}],"replies":[{"embeddable":true,"href":"https:\/\/zonacaral.gob.pe\/en\/wp-json\/wp\/v2\/comments?post=10092"}],"version-history":[{"count":0,"href":"https:\/\/zonacaral.gob.pe\/en\/wp-json\/wp\/v2\/posts\/10092\/revisions"}],"wp:featuredmedia":[{"embeddable":true,"href":"https:\/\/zonacaral.gob.pe\/en\/wp-json\/wp\/v2\/media\/10093"}],"wp:attachment":[{"href":"https:\/\/zonacaral.gob.pe\/en\/wp-json\/wp\/v2\/media?parent=10092"}],"wp:term":[{"taxonomy":"category","embeddable":true,"href":"https:\/\/zonacaral.gob.pe\/en\/wp-json\/wp\/v2\/categories?post=10092"},{"taxonomy":"post_tag","embeddable":true,"href":"https:\/\/zonacaral.gob.pe\/en\/wp-json\/wp\/v2\/tags?post=10092"}],"curies":[{"name":"wp","href":"https:\/\/api.w.org\/{rel}","templated":true}]}}