{"id":10155,"date":"2015-12-18T10:24:07","date_gmt":"2015-12-18T15:24:07","guid":{"rendered":"http:\/\/www.zonacaral.gob.pe\/?p=10155"},"modified":"2015-12-18T10:24:07","modified_gmt":"2015-12-18T15:24:07","slug":"delegaciones-diplomaticas-del-peru-promoveran-a-caral-en-el-mundo","status":"publish","type":"post","link":"https:\/\/zonacaral.gob.pe\/en\/noticias\/delegaciones-diplomaticas-del-peru-promoveran-a-caral-en-el-mundo\/","title":{"rendered":"Delegaciones Diplom\u00e1ticas del Per\u00fa promover\u00e1n a Caral en el mundo"},"content":{"rendered":"<figure class=\"pic-autor\" style=\"color: #4d4d4d;\"><\/figure>\n<blockquote>\n<p style=\"text-align: justify;\">Ministerio de Relaciones Exteriores compr\u00f3 170 libros de Civilizaci\u00f3n Caral.<\/p>\n<\/blockquote>\n<p style=\"text-align: justify;\"><strong>Publicaciones ilustradas se repartir\u00e1n a 16 consulados<\/strong><strong>\u00a0<\/strong><\/p>\n<p style=\"text-align: justify;\">El Ministerio de Relaciones Exteriores compr\u00f3 170 libros ilustrados de la Civilizaci\u00f3n Caral, los cuales ser\u00e1n distribuidos en 16 Consulados peruanos ubicados en los continentes de Am\u00e9rica, Europa, \u00c1frica y Asia.<\/p>\n<p style=\"text-align: justify;\">La Dra. Ruth Shady Sol\u00eds, Directora de la Zona Arqueol\u00f3gica Caral, Unidad Ejecutora 003, adscrita al Ministerio de Cultura, agradeci\u00f3 a la Canciller\u00eda ya que estas publicaciones adquiridas contribuir\u00e1n a que el mundo conozca, a\u00fan m\u00e1s, la Ciudad Sagrada de Caral, evidencia de la Civilizaci\u00f3n Caral, la m\u00e1s antigua de nuestro pa\u00eds y el continente americano, declarada Patrimonio Mundial por UNESCO.<\/p>\n<p style=\"text-align: justify;\">Los Consulados que recibir\u00e1n los libros son: Uruguay, Chile, Houston, Noruega, Amsterdam, Estocolmo, Londres, Grecia, Vietnam, Shanghai, Tailandia, Malasia, Corea, Jap\u00f3n, Egipto y Ghana.\u00a0\u00a0\u00a0\u00a0\u00a0\u00a0 Se espera que en las pr\u00f3ximas semanas el Ministerio de Relaciones Exteriores adquiera m\u00e1s ejemplares para los consulados faltantes. Hay que precisar que las publicaciones son elaboradas y editadas por personal especializado de la Zona Arqueol\u00f3gica Caral.<\/p>\n<p style=\"text-align: justify;\">Entre los libros adquiridos figuran: <strong>\u201c20 a\u00f1os Recuperando la Historia de la Civilizaci\u00f3n Caral para el Per\u00fa y el mundo\u201d<\/strong>, <strong>\u201cCaral the oldest civilization in the Americas<\/strong>, <strong>15 years revealing its history\u201d<\/strong>, <strong>\u201cThe sacred city of Caral-Supe:\u00a0cultural symbol of Peru\u201d<\/strong>, <strong>\u201cThe social and cultural values of Caral-Supe, the oldest civilization of Peru and the Americas and their role in integrated sustainable development\u201d<\/strong>, <strong>\u201c\u00c1spero, ciudad pesquera de la civilizaci\u00f3n Caral, 5000 a\u00f1os de ciencia y tecnolog\u00eda pesquera\u201d<\/strong>, <strong>\u201cVichama. Historia Social de la Civilizaci\u00f3n en Vegueta, 3800 a\u00f1os de memoria colectiva de nuestros ancestros de Vichama ante el cambio clim\u00e1tico\u201d<\/strong> y<strong> \u201cCaral Escolar, la civilizaci\u00f3n m\u00e1s antigua de Am\u00e9rica\u201d.<\/strong><\/p>\n<p style=\"text-align: justify;\">La Dra. Shady, tambi\u00e9n fue invitada por el Centro Cultural Inca Garcilaso del Ministerio de Relaciones Exteriores para brindar la conferencia denominada: \u00abLa civilizaci\u00f3n Caral y la importancia de la preservaci\u00f3n integral de los sitios arqueol\u00f3gicos\u00bb, a la que asistieron profesionales, universitarios y p\u00fablico en general.<\/p>\n<p style=\"text-align: justify;\">Fuente:\u00a0<span style=\"color: #800000;\">Prensa ZAC<\/span><\/p>\n<p style=\"color: #000000;\">Fecha de publicaci\u00f3n: 17\/12\/2015<\/p>","protected":false},"excerpt":{"rendered":"<p>Ministerio de Relaciones Exteriores compr\u00f3 170 libros de Civilizaci\u00f3n Caral. Publicaciones ilustradas se repartir\u00e1n a 16 consulados\u00a0 El Ministerio de [&hellip;]<\/p>\n","protected":false},"author":1,"featured_media":10160,"comment_status":"closed","ping_status":"open","sticky":false,"template":"","format":"standard","meta":{"_acf_changed":false,"site-sidebar-layout":"default","site-content-layout":"","ast-site-content-layout":"default","site-content-style":"default","site-sidebar-style":"default","ast-global-header-display":"","ast-banner-title-visibility":"","ast-main-header-display":"","ast-hfb-above-header-display":"","ast-hfb-below-header-display":"","ast-hfb-mobile-header-display":"","site-post-title":"","ast-breadcrumbs-content":"","ast-featured-img":"","footer-sml-layout":"","ast-disable-related-posts":"","theme-transparent-header-meta":"","adv-header-id-meta":"","stick-header-meta":"","header-above-stick-meta":"","header-main-stick-meta":"","header-below-stick-meta":"","astra-migrate-meta-layouts":"default","ast-page-background-enabled":"default","ast-page-background-meta":{"desktop":{"background-color":"var(--ast-global-color-5)","background-image":"","background-repeat":"repeat","background-position":"center center","background-size":"auto","background-attachment":"scroll","background-type":"","background-media":"","overlay-type":"","overlay-color":"","overlay-opacity":"","overlay-gradient":""},"tablet":{"background-color":"","background-image":"","background-repeat":"repeat","background-position":"center center","background-size":"auto","background-attachment":"scroll","background-type":"","background-media":"","overlay-type":"","overlay-color":"","overlay-opacity":"","overlay-gradient":""},"mobile":{"background-color":"","background-image":"","background-repeat":"repeat","background-position":"center center","background-size":"auto","background-attachment":"scroll","background-type":"","background-media":"","overlay-type":"","overlay-color":"","overlay-opacity":"","overlay-gradient":""}},"ast-content-background-meta":{"desktop":{"background-color":"var(--ast-global-color-4)","background-image":"","background-repeat":"repeat","background-position":"center center","background-size":"auto","background-attachment":"scroll","background-type":"","background-media":"","overlay-type":"","overlay-color":"","overlay-opacity":"","overlay-gradient":""},"tablet":{"background-color":"var(--ast-global-color-4)","background-image":"","background-repeat":"repeat","background-position":"center center","background-size":"auto","background-attachment":"scroll","background-type":"","background-media":"","overlay-type":"","overlay-color":"","overlay-opacity":"","overlay-gradient":""},"mobile":{"background-color":"var(--ast-global-color-4)","background-image":"","background-repeat":"repeat","background-position":"center center","background-size":"auto","background-attachment":"scroll","background-type":"","background-media":"","overlay-type":"","overlay-color":"","overlay-opacity":"","overlay-gradient":""}},"footnotes":""},"categories":[208],"tags":[55,109],"class_list":["post-10155","post","type-post","status-publish","format-standard","has-post-thumbnail","hentry","category-noticias","tag-caral","tag-consulado"],"acf":[],"yoast_head":"<!-- This site is optimized with the Yoast SEO plugin v27.3 - https:\/\/yoast.com\/product\/yoast-seo-wordpress\/ -->\n<title>Delegaciones Diplom\u00e1ticas del Per\u00fa promover\u00e1n a Caral en el mundo<\/title>\n<meta name=\"description\" content=\"El Ministerio de Relaciones Exteriores compr\u00f3 170 libros ilustrados de la Civilizaci\u00f3n Caral, los cuales ser\u00e1n distribuidos en 16 Consulados peruanos ubicados en los continentes de Am\u00e9rica, Europa, \u00c1frica y Asia.\" \/>\n<meta name=\"robots\" content=\"index, follow, max-snippet:-1, max-image-preview:large, max-video-preview:-1\" \/>\n<link rel=\"canonical\" href=\"https:\/\/zonacaral.gob.pe\/en\/noticias\/delegaciones-diplomaticas-del-peru-promoveran-a-caral-en-el-mundo\/\" \/>\n<meta property=\"og:locale\" content=\"en_US\" \/>\n<meta property=\"og:type\" content=\"article\" \/>\n<meta property=\"og:title\" content=\"Delegaciones Diplom\u00e1ticas del Per\u00fa promover\u00e1n a Caral en el mundo\" \/>\n<meta property=\"og:description\" content=\"El Ministerio de Relaciones Exteriores compr\u00f3 170 libros ilustrados de la Civilizaci\u00f3n Caral, los cuales ser\u00e1n distribuidos en 16 Consulados peruanos ubicados en los continentes de Am\u00e9rica, Europa, \u00c1frica y Asia.\" \/>\n<meta property=\"og:url\" content=\"https:\/\/zonacaral.gob.pe\/en\/noticias\/delegaciones-diplomaticas-del-peru-promoveran-a-caral-en-el-mundo\/\" \/>\n<meta property=\"og:site_name\" content=\"Zona Caral\" \/>\n<meta property=\"article:published_time\" content=\"2015-12-18T15:24:07+00:00\" \/>\n<meta property=\"og:image\" content=\"https:\/\/zonacaral.gob.pe\/wp-content\/uploads\/2015\/12\/cancilleria-17-12-2015.jpg\" \/>\n\t<meta property=\"og:image:width\" content=\"700\" \/>\n\t<meta property=\"og:image:height\" content=\"333\" \/>\n\t<meta property=\"og:image:type\" content=\"image\/jpeg\" \/>\n<meta name=\"author\" content=\"Zona Caral Administrador\" \/>\n<meta name=\"twitter:card\" content=\"summary_large_image\" \/>\n<meta name=\"twitter:label1\" content=\"Written by\" \/>\n\t<meta name=\"twitter:data1\" content=\"Zona Caral Administrador\" \/>\n\t<meta name=\"twitter:label2\" content=\"Est. reading time\" \/>\n\t<meta name=\"twitter:data2\" content=\"2 minutes\" \/>\n<script type=\"application\/ld+json\" class=\"yoast-schema-graph\">{\"@context\":\"https:\\\/\\\/schema.org\",\"@graph\":[{\"@type\":\"Article\",\"@id\":\"https:\\\/\\\/zonacaral.gob.pe\\\/en\\\/noticias\\\/delegaciones-diplomaticas-del-peru-promoveran-a-caral-en-el-mundo\\\/#article\",\"isPartOf\":{\"@id\":\"https:\\\/\\\/zonacaral.gob.pe\\\/en\\\/noticias\\\/delegaciones-diplomaticas-del-peru-promoveran-a-caral-en-el-mundo\\\/\"},\"author\":{\"name\":\"Zona Caral Administrador\",\"@id\":\"https:\\\/\\\/zonacaral.gob.pe\\\/es\\\/#\\\/schema\\\/person\\\/beddb4d22f71a7230c5b90913270a0ee\"},\"headline\":\"Delegaciones Diplom\u00e1ticas del Per\u00fa promover\u00e1n a Caral en el mundo\",\"datePublished\":\"2015-12-18T15:24:07+00:00\",\"mainEntityOfPage\":{\"@id\":\"https:\\\/\\\/zonacaral.gob.pe\\\/en\\\/noticias\\\/delegaciones-diplomaticas-del-peru-promoveran-a-caral-en-el-mundo\\\/\"},\"wordCount\":369,\"image\":{\"@id\":\"https:\\\/\\\/zonacaral.gob.pe\\\/en\\\/noticias\\\/delegaciones-diplomaticas-del-peru-promoveran-a-caral-en-el-mundo\\\/#primaryimage\"},\"thumbnailUrl\":\"https:\\\/\\\/zonacaral.gob.pe\\\/wp-content\\\/uploads\\\/2015\\\/12\\\/cancilleria-17-12-2015.jpg\",\"keywords\":[\"caral\",\"consulado\"],\"articleSection\":[\"noticias\"],\"inLanguage\":\"en-US\"},{\"@type\":\"WebPage\",\"@id\":\"https:\\\/\\\/zonacaral.gob.pe\\\/en\\\/noticias\\\/delegaciones-diplomaticas-del-peru-promoveran-a-caral-en-el-mundo\\\/\",\"url\":\"https:\\\/\\\/zonacaral.gob.pe\\\/en\\\/noticias\\\/delegaciones-diplomaticas-del-peru-promoveran-a-caral-en-el-mundo\\\/\",\"name\":\"Delegaciones Diplom\u00e1ticas del Per\u00fa promover\u00e1n a Caral en el mundo\",\"isPartOf\":{\"@id\":\"https:\\\/\\\/zonacaral.gob.pe\\\/es\\\/#website\"},\"primaryImageOfPage\":{\"@id\":\"https:\\\/\\\/zonacaral.gob.pe\\\/en\\\/noticias\\\/delegaciones-diplomaticas-del-peru-promoveran-a-caral-en-el-mundo\\\/#primaryimage\"},\"image\":{\"@id\":\"https:\\\/\\\/zonacaral.gob.pe\\\/en\\\/noticias\\\/delegaciones-diplomaticas-del-peru-promoveran-a-caral-en-el-mundo\\\/#primaryimage\"},\"thumbnailUrl\":\"https:\\\/\\\/zonacaral.gob.pe\\\/wp-content\\\/uploads\\\/2015\\\/12\\\/cancilleria-17-12-2015.jpg\",\"datePublished\":\"2015-12-18T15:24:07+00:00\",\"author\":{\"@id\":\"https:\\\/\\\/zonacaral.gob.pe\\\/es\\\/#\\\/schema\\\/person\\\/beddb4d22f71a7230c5b90913270a0ee\"},\"description\":\"El Ministerio de Relaciones Exteriores compr\u00f3 170 libros ilustrados de la Civilizaci\u00f3n Caral, los cuales ser\u00e1n distribuidos en 16 Consulados peruanos ubicados en los continentes de Am\u00e9rica, Europa, \u00c1frica y Asia.\",\"breadcrumb\":{\"@id\":\"https:\\\/\\\/zonacaral.gob.pe\\\/en\\\/noticias\\\/delegaciones-diplomaticas-del-peru-promoveran-a-caral-en-el-mundo\\\/#breadcrumb\"},\"inLanguage\":\"en-US\",\"potentialAction\":[{\"@type\":\"ReadAction\",\"target\":[\"https:\\\/\\\/zonacaral.gob.pe\\\/en\\\/noticias\\\/delegaciones-diplomaticas-del-peru-promoveran-a-caral-en-el-mundo\\\/\"]}]},{\"@type\":\"ImageObject\",\"inLanguage\":\"en-US\",\"@id\":\"https:\\\/\\\/zonacaral.gob.pe\\\/en\\\/noticias\\\/delegaciones-diplomaticas-del-peru-promoveran-a-caral-en-el-mundo\\\/#primaryimage\",\"url\":\"https:\\\/\\\/zonacaral.gob.pe\\\/wp-content\\\/uploads\\\/2015\\\/12\\\/cancilleria-17-12-2015.jpg\",\"contentUrl\":\"https:\\\/\\\/zonacaral.gob.pe\\\/wp-content\\\/uploads\\\/2015\\\/12\\\/cancilleria-17-12-2015.jpg\",\"width\":700,\"height\":333},{\"@type\":\"BreadcrumbList\",\"@id\":\"https:\\\/\\\/zonacaral.gob.pe\\\/en\\\/noticias\\\/delegaciones-diplomaticas-del-peru-promoveran-a-caral-en-el-mundo\\\/#breadcrumb\",\"itemListElement\":[{\"@type\":\"ListItem\",\"position\":1,\"name\":\"Portada\",\"item\":\"https:\\\/\\\/zonacaral.gob.pe\\\/\"},{\"@type\":\"ListItem\",\"position\":2,\"name\":\"Delegaciones Diplom\u00e1ticas del Per\u00fa promover\u00e1n a Caral en el mundo\"}]},{\"@type\":\"WebSite\",\"@id\":\"https:\\\/\\\/zonacaral.gob.pe\\\/es\\\/#website\",\"url\":\"https:\\\/\\\/zonacaral.gob.pe\\\/es\\\/\",\"name\":\"Zona Caral\",\"description\":\"Investigamos, conservamos y difundimos el patrimonio cultural de la Civilizaci\u00f3n Caral, la m\u00e1s antigua de Am\u00e9rica.\",\"potentialAction\":[{\"@type\":\"SearchAction\",\"target\":{\"@type\":\"EntryPoint\",\"urlTemplate\":\"https:\\\/\\\/zonacaral.gob.pe\\\/es\\\/?s={search_term_string}\"},\"query-input\":{\"@type\":\"PropertyValueSpecification\",\"valueRequired\":true,\"valueName\":\"search_term_string\"}}],\"inLanguage\":\"en-US\"},{\"@type\":\"Person\",\"@id\":\"https:\\\/\\\/zonacaral.gob.pe\\\/es\\\/#\\\/schema\\\/person\\\/beddb4d22f71a7230c5b90913270a0ee\",\"name\":\"Zona Caral Administrador\",\"image\":{\"@type\":\"ImageObject\",\"inLanguage\":\"en-US\",\"@id\":\"https:\\\/\\\/secure.gravatar.com\\\/avatar\\\/e4be162918a696358376de6446614e0f0f4062bdc5d170d6d540ada3d8b58c12?s=96&d=mm&r=g\",\"url\":\"https:\\\/\\\/secure.gravatar.com\\\/avatar\\\/e4be162918a696358376de6446614e0f0f4062bdc5d170d6d540ada3d8b58c12?s=96&d=mm&r=g\",\"contentUrl\":\"https:\\\/\\\/secure.gravatar.com\\\/avatar\\\/e4be162918a696358376de6446614e0f0f4062bdc5d170d6d540ada3d8b58c12?s=96&d=mm&r=g\",\"caption\":\"Zona Caral Administrador\"},\"sameAs\":[\"https:\\\/\\\/zonacaral.gob.pe\"],\"url\":\"https:\\\/\\\/zonacaral.gob.pe\\\/en\\\/noticias\\\/author\\\/ad_zonacaral\\\/\"}]}<\/script>\n<!-- \/ Yoast SEO plugin. -->","yoast_head_json":{"title":"Delegaciones Diplom\u00e1ticas del Per\u00fa promover\u00e1n a Caral en el mundo","description":"El Ministerio de Relaciones Exteriores compr\u00f3 170 libros ilustrados de la Civilizaci\u00f3n Caral, los cuales ser\u00e1n distribuidos en 16 Consulados peruanos ubicados en los continentes de Am\u00e9rica, Europa, \u00c1frica y Asia.","robots":{"index":"index","follow":"follow","max-snippet":"max-snippet:-1","max-image-preview":"max-image-preview:large","max-video-preview":"max-video-preview:-1"},"canonical":"https:\/\/zonacaral.gob.pe\/en\/noticias\/delegaciones-diplomaticas-del-peru-promoveran-a-caral-en-el-mundo\/","og_locale":"en_US","og_type":"article","og_title":"Delegaciones Diplom\u00e1ticas del Per\u00fa promover\u00e1n a Caral en el mundo","og_description":"El Ministerio de Relaciones Exteriores compr\u00f3 170 libros ilustrados de la Civilizaci\u00f3n Caral, los cuales ser\u00e1n distribuidos en 16 Consulados peruanos ubicados en los continentes de Am\u00e9rica, Europa, \u00c1frica y Asia.","og_url":"https:\/\/zonacaral.gob.pe\/en\/noticias\/delegaciones-diplomaticas-del-peru-promoveran-a-caral-en-el-mundo\/","og_site_name":"Zona Caral","article_published_time":"2015-12-18T15:24:07+00:00","og_image":[{"width":700,"height":333,"url":"https:\/\/zonacaral.gob.pe\/wp-content\/uploads\/2015\/12\/cancilleria-17-12-2015.jpg","type":"image\/jpeg"}],"author":"Zona Caral Administrador","twitter_card":"summary_large_image","twitter_misc":{"Written by":"Zona Caral Administrador","Est. reading time":"2 minutes"},"schema":{"@context":"https:\/\/schema.org","@graph":[{"@type":"Article","@id":"https:\/\/zonacaral.gob.pe\/en\/noticias\/delegaciones-diplomaticas-del-peru-promoveran-a-caral-en-el-mundo\/#article","isPartOf":{"@id":"https:\/\/zonacaral.gob.pe\/en\/noticias\/delegaciones-diplomaticas-del-peru-promoveran-a-caral-en-el-mundo\/"},"author":{"name":"Zona Caral Administrador","@id":"https:\/\/zonacaral.gob.pe\/es\/#\/schema\/person\/beddb4d22f71a7230c5b90913270a0ee"},"headline":"Delegaciones Diplom\u00e1ticas del Per\u00fa promover\u00e1n a Caral en el mundo","datePublished":"2015-12-18T15:24:07+00:00","mainEntityOfPage":{"@id":"https:\/\/zonacaral.gob.pe\/en\/noticias\/delegaciones-diplomaticas-del-peru-promoveran-a-caral-en-el-mundo\/"},"wordCount":369,"image":{"@id":"https:\/\/zonacaral.gob.pe\/en\/noticias\/delegaciones-diplomaticas-del-peru-promoveran-a-caral-en-el-mundo\/#primaryimage"},"thumbnailUrl":"https:\/\/zonacaral.gob.pe\/wp-content\/uploads\/2015\/12\/cancilleria-17-12-2015.jpg","keywords":["caral","consulado"],"articleSection":["noticias"],"inLanguage":"en-US"},{"@type":"WebPage","@id":"https:\/\/zonacaral.gob.pe\/en\/noticias\/delegaciones-diplomaticas-del-peru-promoveran-a-caral-en-el-mundo\/","url":"https:\/\/zonacaral.gob.pe\/en\/noticias\/delegaciones-diplomaticas-del-peru-promoveran-a-caral-en-el-mundo\/","name":"Delegaciones Diplom\u00e1ticas del Per\u00fa promover\u00e1n a Caral en el mundo","isPartOf":{"@id":"https:\/\/zonacaral.gob.pe\/es\/#website"},"primaryImageOfPage":{"@id":"https:\/\/zonacaral.gob.pe\/en\/noticias\/delegaciones-diplomaticas-del-peru-promoveran-a-caral-en-el-mundo\/#primaryimage"},"image":{"@id":"https:\/\/zonacaral.gob.pe\/en\/noticias\/delegaciones-diplomaticas-del-peru-promoveran-a-caral-en-el-mundo\/#primaryimage"},"thumbnailUrl":"https:\/\/zonacaral.gob.pe\/wp-content\/uploads\/2015\/12\/cancilleria-17-12-2015.jpg","datePublished":"2015-12-18T15:24:07+00:00","author":{"@id":"https:\/\/zonacaral.gob.pe\/es\/#\/schema\/person\/beddb4d22f71a7230c5b90913270a0ee"},"description":"El Ministerio de Relaciones Exteriores compr\u00f3 170 libros ilustrados de la Civilizaci\u00f3n Caral, los cuales ser\u00e1n distribuidos en 16 Consulados peruanos ubicados en los continentes de Am\u00e9rica, Europa, \u00c1frica y Asia.","breadcrumb":{"@id":"https:\/\/zonacaral.gob.pe\/en\/noticias\/delegaciones-diplomaticas-del-peru-promoveran-a-caral-en-el-mundo\/#breadcrumb"},"inLanguage":"en-US","potentialAction":[{"@type":"ReadAction","target":["https:\/\/zonacaral.gob.pe\/en\/noticias\/delegaciones-diplomaticas-del-peru-promoveran-a-caral-en-el-mundo\/"]}]},{"@type":"ImageObject","inLanguage":"en-US","@id":"https:\/\/zonacaral.gob.pe\/en\/noticias\/delegaciones-diplomaticas-del-peru-promoveran-a-caral-en-el-mundo\/#primaryimage","url":"https:\/\/zonacaral.gob.pe\/wp-content\/uploads\/2015\/12\/cancilleria-17-12-2015.jpg","contentUrl":"https:\/\/zonacaral.gob.pe\/wp-content\/uploads\/2015\/12\/cancilleria-17-12-2015.jpg","width":700,"height":333},{"@type":"BreadcrumbList","@id":"https:\/\/zonacaral.gob.pe\/en\/noticias\/delegaciones-diplomaticas-del-peru-promoveran-a-caral-en-el-mundo\/#breadcrumb","itemListElement":[{"@type":"ListItem","position":1,"name":"Portada","item":"https:\/\/zonacaral.gob.pe\/"},{"@type":"ListItem","position":2,"name":"Delegaciones Diplom\u00e1ticas del Per\u00fa promover\u00e1n a Caral en el mundo"}]},{"@type":"WebSite","@id":"https:\/\/zonacaral.gob.pe\/es\/#website","url":"https:\/\/zonacaral.gob.pe\/es\/","name":"Zona Caral","description":"Investigamos, conservamos y difundimos el patrimonio cultural de la Civilizaci\u00f3n Caral, la m\u00e1s antigua de Am\u00e9rica.","potentialAction":[{"@type":"SearchAction","target":{"@type":"EntryPoint","urlTemplate":"https:\/\/zonacaral.gob.pe\/es\/?s={search_term_string}"},"query-input":{"@type":"PropertyValueSpecification","valueRequired":true,"valueName":"search_term_string"}}],"inLanguage":"en-US"},{"@type":"Person","@id":"https:\/\/zonacaral.gob.pe\/es\/#\/schema\/person\/beddb4d22f71a7230c5b90913270a0ee","name":"Zona Caral Administrador","image":{"@type":"ImageObject","inLanguage":"en-US","@id":"https:\/\/secure.gravatar.com\/avatar\/e4be162918a696358376de6446614e0f0f4062bdc5d170d6d540ada3d8b58c12?s=96&d=mm&r=g","url":"https:\/\/secure.gravatar.com\/avatar\/e4be162918a696358376de6446614e0f0f4062bdc5d170d6d540ada3d8b58c12?s=96&d=mm&r=g","contentUrl":"https:\/\/secure.gravatar.com\/avatar\/e4be162918a696358376de6446614e0f0f4062bdc5d170d6d540ada3d8b58c12?s=96&d=mm&r=g","caption":"Zona Caral Administrador"},"sameAs":["https:\/\/zonacaral.gob.pe"],"url":"https:\/\/zonacaral.gob.pe\/en\/noticias\/author\/ad_zonacaral\/"}]}},"_links":{"self":[{"href":"https:\/\/zonacaral.gob.pe\/en\/wp-json\/wp\/v2\/posts\/10155","targetHints":{"allow":["GET"]}}],"collection":[{"href":"https:\/\/zonacaral.gob.pe\/en\/wp-json\/wp\/v2\/posts"}],"about":[{"href":"https:\/\/zonacaral.gob.pe\/en\/wp-json\/wp\/v2\/types\/post"}],"author":[{"embeddable":true,"href":"https:\/\/zonacaral.gob.pe\/en\/wp-json\/wp\/v2\/users\/1"}],"replies":[{"embeddable":true,"href":"https:\/\/zonacaral.gob.pe\/en\/wp-json\/wp\/v2\/comments?post=10155"}],"version-history":[{"count":0,"href":"https:\/\/zonacaral.gob.pe\/en\/wp-json\/wp\/v2\/posts\/10155\/revisions"}],"wp:featuredmedia":[{"embeddable":true,"href":"https:\/\/zonacaral.gob.pe\/en\/wp-json\/wp\/v2\/media\/10160"}],"wp:attachment":[{"href":"https:\/\/zonacaral.gob.pe\/en\/wp-json\/wp\/v2\/media?parent=10155"}],"wp:term":[{"taxonomy":"category","embeddable":true,"href":"https:\/\/zonacaral.gob.pe\/en\/wp-json\/wp\/v2\/categories?post=10155"},{"taxonomy":"post_tag","embeddable":true,"href":"https:\/\/zonacaral.gob.pe\/en\/wp-json\/wp\/v2\/tags?post=10155"}],"curies":[{"name":"wp","href":"https:\/\/api.w.org\/{rel}","templated":true}]}}