{"id":10238,"date":"2016-02-01T11:02:11","date_gmt":"2016-02-01T16:02:11","guid":{"rendered":"http:\/\/www.zonacaral.gob.pe\/?p=10238"},"modified":"2016-02-01T11:02:11","modified_gmt":"2016-02-01T16:02:11","slug":"logo-del-foro-apec-2016-esta-inspirado-en-el-sol-y-formas-escalonadas-de-caral-y-moray","status":"publish","type":"post","link":"https:\/\/zonacaral.gob.pe\/en\/noticias\/logo-del-foro-apec-2016-esta-inspirado-en-el-sol-y-formas-escalonadas-de-caral-y-moray\/","title":{"rendered":"Logo del foro APEC 2016 est\u00e1 inspirado en el Sol y formas escalonadas de Caral y Moray"},"content":{"rendered":"<figure class=\"pic-autor\" style=\"color: #4d4d4d;\"><\/figure>\n<p style=\"text-align: justify;\">El logotipo que identificar\u00e1 al foro APEC 2016, que se realizar\u00e1 en Lima, est\u00e1 inspirado en el Sol, s\u00edmbolo de vida, crecimiento y confraternidad; adem\u00e1s de las formas escalonadas presentes en las manifestaciones culturales de nuestra historia, como las ciudades de Caral y Moray.<\/p>\n<p style=\"text-align: justify;\">El s\u00edmbolo que caracterizar\u00e1 a la cumbre que congrega a las econom\u00edas m\u00e1s grandes del planeta se present\u00f3 hoy en Palacio de Gobierno, como parte de las acciones que debe cumplir el pa\u00eds desde la presidencia de este organismo.<\/p>\n<p style=\"text-align: justify;\">La forma escalonada con la que se representa al Sol refleja la volumetr\u00eda arquitect\u00f3nica y las expresiones de orfebrer\u00eda, cer\u00e1mica y textiler\u00eda recurrentes en nuestra historia.<\/p>\n<blockquote><p>\u00abEs una forma que se expresa en Caral y Moray, como emblema del esfuerzo y el talento de nuestros antepasados\u00bb, se indic\u00f3 durante la presentaci\u00f3n.<\/p><\/blockquote>\n<p style=\"text-align: justify;\">Gracias a este trabajo cooperativo, nuestros antepasados gozaron de un alto grado de bienestar, con una agricultura sofisticada que logr\u00f3 la seguridad alimentaria, haciendo uso sostenible de los recursos naturales con base en conocimientos y tecnolog\u00eda dirigidos a convivir armoniosamente con su entorno.<\/p>\n<p style=\"text-align: justify;\">\u00abTodos estos elementos forman parte tambi\u00e9n de los principios que impulsan el proceso de Cooperaci\u00f3n Econ\u00f3mica Asia Pac\u00edfico y han sido recogidos en la agenda prioritaria que el Per\u00fa promover\u00e1 durante APEC 2016\u00bb, se precis\u00f3.<\/p>\n<p style=\"text-align: justify;\">La cumbre del Foro Apec 2016 est\u00e1 previsto para el 19 y 20 de noviembre de 2016 en el Centro de Convenciones 27 de enero, en Lima.<\/p>\n<p>Fuente: <a href=\"http:\/\/www.andina.com.pe\/agencia\/noticia-logo-del-foro-apec-2016-esta-inspirado-el-sol-y-formas-escalonadas-caral-y-moray-596504.aspx\"><span style=\"color: #800000;\">Agencia Andina<\/span><\/a><\/p>\n<p style=\"color: #000000;\">Fecha de publicaci\u00f3n: 29\/02\/2016<\/p>","protected":false},"excerpt":{"rendered":"<p>El logotipo que identificar\u00e1 al foro APEC 2016, que se realizar\u00e1 en Lima, est\u00e1 inspirado en el Sol, s\u00edmbolo de [&hellip;]<\/p>\n","protected":false},"author":1,"featured_media":10239,"comment_status":"closed","ping_status":"open","sticky":false,"template":"","format":"standard","meta":{"_acf_changed":false,"site-sidebar-layout":"default","site-content-layout":"","ast-site-content-layout":"default","site-content-style":"default","site-sidebar-style":"default","ast-global-header-display":"","ast-banner-title-visibility":"","ast-main-header-display":"","ast-hfb-above-header-display":"","ast-hfb-below-header-display":"","ast-hfb-mobile-header-display":"","site-post-title":"","ast-breadcrumbs-content":"","ast-featured-img":"","footer-sml-layout":"","ast-disable-related-posts":"","theme-transparent-header-meta":"","adv-header-id-meta":"","stick-header-meta":"","header-above-stick-meta":"","header-main-stick-meta":"","header-below-stick-meta":"","astra-migrate-meta-layouts":"default","ast-page-background-enabled":"default","ast-page-background-meta":{"desktop":{"background-color":"var(--ast-global-color-5)","background-image":"","background-repeat":"repeat","background-position":"center center","background-size":"auto","background-attachment":"scroll","background-type":"","background-media":"","overlay-type":"","overlay-color":"","overlay-opacity":"","overlay-gradient":""},"tablet":{"background-color":"","background-image":"","background-repeat":"repeat","background-position":"center center","background-size":"auto","background-attachment":"scroll","background-type":"","background-media":"","overlay-type":"","overlay-color":"","overlay-opacity":"","overlay-gradient":""},"mobile":{"background-color":"","background-image":"","background-repeat":"repeat","background-position":"center center","background-size":"auto","background-attachment":"scroll","background-type":"","background-media":"","overlay-type":"","overlay-color":"","overlay-opacity":"","overlay-gradient":""}},"ast-content-background-meta":{"desktop":{"background-color":"var(--ast-global-color-4)","background-image":"","background-repeat":"repeat","background-position":"center center","background-size":"auto","background-attachment":"scroll","background-type":"","background-media":"","overlay-type":"","overlay-color":"","overlay-opacity":"","overlay-gradient":""},"tablet":{"background-color":"var(--ast-global-color-4)","background-image":"","background-repeat":"repeat","background-position":"center center","background-size":"auto","background-attachment":"scroll","background-type":"","background-media":"","overlay-type":"","overlay-color":"","overlay-opacity":"","overlay-gradient":""},"mobile":{"background-color":"var(--ast-global-color-4)","background-image":"","background-repeat":"repeat","background-position":"center center","background-size":"auto","background-attachment":"scroll","background-type":"","background-media":"","overlay-type":"","overlay-color":"","overlay-opacity":"","overlay-gradient":""}},"footnotes":""},"categories":[208],"tags":[55,111],"class_list":["post-10238","post","type-post","status-publish","format-standard","has-post-thumbnail","hentry","category-noticias","tag-caral","tag-moray"],"acf":[],"yoast_head":"<!-- This site is optimized with the Yoast SEO plugin v27.3 - https:\/\/yoast.com\/product\/yoast-seo-wordpress\/ -->\n<title>Logo de APEC 2016 est\u00e1 inspirado en Caral y Moray<\/title>\n<meta name=\"description\" content=\"El logotipo que identificar\u00e1 al foro APEC 2016, que se realizar\u00e1 en Lima, est\u00e1 inspirado en el Sol, s\u00edmbolo de vida, crecimiento y confraternidad; adem\u00e1s de las formas escalonadas presentes en las manifestaciones culturales de nuestra historia, como las ciudades de Caral y Moray.\" \/>\n<meta name=\"robots\" content=\"index, follow, max-snippet:-1, max-image-preview:large, max-video-preview:-1\" \/>\n<link rel=\"canonical\" href=\"https:\/\/zonacaral.gob.pe\/en\/noticias\/logo-del-foro-apec-2016-esta-inspirado-en-el-sol-y-formas-escalonadas-de-caral-y-moray\/\" \/>\n<meta property=\"og:locale\" content=\"en_US\" \/>\n<meta property=\"og:type\" content=\"article\" \/>\n<meta property=\"og:title\" content=\"Logo de APEC 2016 est\u00e1 inspirado en Caral y Moray\" \/>\n<meta property=\"og:description\" content=\"El logotipo que identificar\u00e1 al foro APEC 2016, que se realizar\u00e1 en Lima, est\u00e1 inspirado en el Sol, s\u00edmbolo de vida, crecimiento y confraternidad; adem\u00e1s de las formas escalonadas presentes en las manifestaciones culturales de nuestra historia, como las ciudades de Caral y Moray.\" \/>\n<meta property=\"og:url\" content=\"https:\/\/zonacaral.gob.pe\/en\/noticias\/logo-del-foro-apec-2016-esta-inspirado-en-el-sol-y-formas-escalonadas-de-caral-y-moray\/\" \/>\n<meta property=\"og:site_name\" content=\"Zona Caral\" \/>\n<meta property=\"article:published_time\" content=\"2016-02-01T16:02:11+00:00\" \/>\n<meta property=\"og:image\" content=\"https:\/\/zonacaral.gob.pe\/wp-content\/uploads\/2016\/02\/01-02-2016-logo-apec.jpg\" \/>\n\t<meta property=\"og:image:width\" content=\"800\" \/>\n\t<meta property=\"og:image:height\" content=\"451\" \/>\n\t<meta property=\"og:image:type\" content=\"image\/jpeg\" \/>\n<meta name=\"author\" content=\"Zona Caral Administrador\" \/>\n<meta name=\"twitter:card\" content=\"summary_large_image\" \/>\n<meta name=\"twitter:label1\" content=\"Written by\" \/>\n\t<meta name=\"twitter:data1\" content=\"Zona Caral Administrador\" \/>\n\t<meta name=\"twitter:label2\" content=\"Est. reading time\" \/>\n\t<meta name=\"twitter:data2\" content=\"1 minute\" \/>\n<script type=\"application\/ld+json\" class=\"yoast-schema-graph\">{\"@context\":\"https:\\\/\\\/schema.org\",\"@graph\":[{\"@type\":\"Article\",\"@id\":\"https:\\\/\\\/zonacaral.gob.pe\\\/en\\\/noticias\\\/logo-del-foro-apec-2016-esta-inspirado-en-el-sol-y-formas-escalonadas-de-caral-y-moray\\\/#article\",\"isPartOf\":{\"@id\":\"https:\\\/\\\/zonacaral.gob.pe\\\/en\\\/noticias\\\/logo-del-foro-apec-2016-esta-inspirado-en-el-sol-y-formas-escalonadas-de-caral-y-moray\\\/\"},\"author\":{\"name\":\"Zona Caral Administrador\",\"@id\":\"https:\\\/\\\/zonacaral.gob.pe\\\/es\\\/#\\\/schema\\\/person\\\/beddb4d22f71a7230c5b90913270a0ee\"},\"headline\":\"Logo del foro APEC 2016 est\u00e1 inspirado en el Sol y formas escalonadas de Caral y Moray\",\"datePublished\":\"2016-02-01T16:02:11+00:00\",\"mainEntityOfPage\":{\"@id\":\"https:\\\/\\\/zonacaral.gob.pe\\\/en\\\/noticias\\\/logo-del-foro-apec-2016-esta-inspirado-en-el-sol-y-formas-escalonadas-de-caral-y-moray\\\/\"},\"wordCount\":272,\"image\":{\"@id\":\"https:\\\/\\\/zonacaral.gob.pe\\\/en\\\/noticias\\\/logo-del-foro-apec-2016-esta-inspirado-en-el-sol-y-formas-escalonadas-de-caral-y-moray\\\/#primaryimage\"},\"thumbnailUrl\":\"https:\\\/\\\/zonacaral.gob.pe\\\/wp-content\\\/uploads\\\/2016\\\/02\\\/01-02-2016-logo-apec.jpg\",\"keywords\":[\"caral\",\"moray\"],\"articleSection\":[\"noticias\"],\"inLanguage\":\"en-US\"},{\"@type\":\"WebPage\",\"@id\":\"https:\\\/\\\/zonacaral.gob.pe\\\/en\\\/noticias\\\/logo-del-foro-apec-2016-esta-inspirado-en-el-sol-y-formas-escalonadas-de-caral-y-moray\\\/\",\"url\":\"https:\\\/\\\/zonacaral.gob.pe\\\/en\\\/noticias\\\/logo-del-foro-apec-2016-esta-inspirado-en-el-sol-y-formas-escalonadas-de-caral-y-moray\\\/\",\"name\":\"Logo de APEC 2016 est\u00e1 inspirado en Caral y Moray\",\"isPartOf\":{\"@id\":\"https:\\\/\\\/zonacaral.gob.pe\\\/es\\\/#website\"},\"primaryImageOfPage\":{\"@id\":\"https:\\\/\\\/zonacaral.gob.pe\\\/en\\\/noticias\\\/logo-del-foro-apec-2016-esta-inspirado-en-el-sol-y-formas-escalonadas-de-caral-y-moray\\\/#primaryimage\"},\"image\":{\"@id\":\"https:\\\/\\\/zonacaral.gob.pe\\\/en\\\/noticias\\\/logo-del-foro-apec-2016-esta-inspirado-en-el-sol-y-formas-escalonadas-de-caral-y-moray\\\/#primaryimage\"},\"thumbnailUrl\":\"https:\\\/\\\/zonacaral.gob.pe\\\/wp-content\\\/uploads\\\/2016\\\/02\\\/01-02-2016-logo-apec.jpg\",\"datePublished\":\"2016-02-01T16:02:11+00:00\",\"author\":{\"@id\":\"https:\\\/\\\/zonacaral.gob.pe\\\/es\\\/#\\\/schema\\\/person\\\/beddb4d22f71a7230c5b90913270a0ee\"},\"description\":\"El logotipo que identificar\u00e1 al foro APEC 2016, que se realizar\u00e1 en Lima, est\u00e1 inspirado en el Sol, s\u00edmbolo de vida, crecimiento y confraternidad; adem\u00e1s de las formas escalonadas presentes en las manifestaciones culturales de nuestra historia, como las ciudades de Caral y Moray.\",\"breadcrumb\":{\"@id\":\"https:\\\/\\\/zonacaral.gob.pe\\\/en\\\/noticias\\\/logo-del-foro-apec-2016-esta-inspirado-en-el-sol-y-formas-escalonadas-de-caral-y-moray\\\/#breadcrumb\"},\"inLanguage\":\"en-US\",\"potentialAction\":[{\"@type\":\"ReadAction\",\"target\":[\"https:\\\/\\\/zonacaral.gob.pe\\\/en\\\/noticias\\\/logo-del-foro-apec-2016-esta-inspirado-en-el-sol-y-formas-escalonadas-de-caral-y-moray\\\/\"]}]},{\"@type\":\"ImageObject\",\"inLanguage\":\"en-US\",\"@id\":\"https:\\\/\\\/zonacaral.gob.pe\\\/en\\\/noticias\\\/logo-del-foro-apec-2016-esta-inspirado-en-el-sol-y-formas-escalonadas-de-caral-y-moray\\\/#primaryimage\",\"url\":\"https:\\\/\\\/zonacaral.gob.pe\\\/wp-content\\\/uploads\\\/2016\\\/02\\\/01-02-2016-logo-apec.jpg\",\"contentUrl\":\"https:\\\/\\\/zonacaral.gob.pe\\\/wp-content\\\/uploads\\\/2016\\\/02\\\/01-02-2016-logo-apec.jpg\",\"width\":800,\"height\":451},{\"@type\":\"BreadcrumbList\",\"@id\":\"https:\\\/\\\/zonacaral.gob.pe\\\/en\\\/noticias\\\/logo-del-foro-apec-2016-esta-inspirado-en-el-sol-y-formas-escalonadas-de-caral-y-moray\\\/#breadcrumb\",\"itemListElement\":[{\"@type\":\"ListItem\",\"position\":1,\"name\":\"Portada\",\"item\":\"https:\\\/\\\/zonacaral.gob.pe\\\/\"},{\"@type\":\"ListItem\",\"position\":2,\"name\":\"Logo del foro APEC 2016 est\u00e1 inspirado en el Sol y formas escalonadas de Caral y Moray\"}]},{\"@type\":\"WebSite\",\"@id\":\"https:\\\/\\\/zonacaral.gob.pe\\\/es\\\/#website\",\"url\":\"https:\\\/\\\/zonacaral.gob.pe\\\/es\\\/\",\"name\":\"Zona Caral\",\"description\":\"Investigamos, conservamos y difundimos el patrimonio cultural de la Civilizaci\u00f3n Caral, la m\u00e1s antigua de Am\u00e9rica.\",\"potentialAction\":[{\"@type\":\"SearchAction\",\"target\":{\"@type\":\"EntryPoint\",\"urlTemplate\":\"https:\\\/\\\/zonacaral.gob.pe\\\/es\\\/?s={search_term_string}\"},\"query-input\":{\"@type\":\"PropertyValueSpecification\",\"valueRequired\":true,\"valueName\":\"search_term_string\"}}],\"inLanguage\":\"en-US\"},{\"@type\":\"Person\",\"@id\":\"https:\\\/\\\/zonacaral.gob.pe\\\/es\\\/#\\\/schema\\\/person\\\/beddb4d22f71a7230c5b90913270a0ee\",\"name\":\"Zona Caral Administrador\",\"image\":{\"@type\":\"ImageObject\",\"inLanguage\":\"en-US\",\"@id\":\"https:\\\/\\\/secure.gravatar.com\\\/avatar\\\/e4be162918a696358376de6446614e0f0f4062bdc5d170d6d540ada3d8b58c12?s=96&d=mm&r=g\",\"url\":\"https:\\\/\\\/secure.gravatar.com\\\/avatar\\\/e4be162918a696358376de6446614e0f0f4062bdc5d170d6d540ada3d8b58c12?s=96&d=mm&r=g\",\"contentUrl\":\"https:\\\/\\\/secure.gravatar.com\\\/avatar\\\/e4be162918a696358376de6446614e0f0f4062bdc5d170d6d540ada3d8b58c12?s=96&d=mm&r=g\",\"caption\":\"Zona Caral Administrador\"},\"sameAs\":[\"https:\\\/\\\/zonacaral.gob.pe\"],\"url\":\"https:\\\/\\\/zonacaral.gob.pe\\\/en\\\/noticias\\\/author\\\/ad_zonacaral\\\/\"}]}<\/script>\n<!-- \/ Yoast SEO plugin. -->","yoast_head_json":{"title":"Logo de APEC 2016 est\u00e1 inspirado en Caral y Moray","description":"El logotipo que identificar\u00e1 al foro APEC 2016, que se realizar\u00e1 en Lima, est\u00e1 inspirado en el Sol, s\u00edmbolo de vida, crecimiento y confraternidad; adem\u00e1s de las formas escalonadas presentes en las manifestaciones culturales de nuestra historia, como las ciudades de Caral y Moray.","robots":{"index":"index","follow":"follow","max-snippet":"max-snippet:-1","max-image-preview":"max-image-preview:large","max-video-preview":"max-video-preview:-1"},"canonical":"https:\/\/zonacaral.gob.pe\/en\/noticias\/logo-del-foro-apec-2016-esta-inspirado-en-el-sol-y-formas-escalonadas-de-caral-y-moray\/","og_locale":"en_US","og_type":"article","og_title":"Logo de APEC 2016 est\u00e1 inspirado en Caral y Moray","og_description":"El logotipo que identificar\u00e1 al foro APEC 2016, que se realizar\u00e1 en Lima, est\u00e1 inspirado en el Sol, s\u00edmbolo de vida, crecimiento y confraternidad; adem\u00e1s de las formas escalonadas presentes en las manifestaciones culturales de nuestra historia, como las ciudades de Caral y Moray.","og_url":"https:\/\/zonacaral.gob.pe\/en\/noticias\/logo-del-foro-apec-2016-esta-inspirado-en-el-sol-y-formas-escalonadas-de-caral-y-moray\/","og_site_name":"Zona Caral","article_published_time":"2016-02-01T16:02:11+00:00","og_image":[{"width":800,"height":451,"url":"https:\/\/zonacaral.gob.pe\/wp-content\/uploads\/2016\/02\/01-02-2016-logo-apec.jpg","type":"image\/jpeg"}],"author":"Zona Caral Administrador","twitter_card":"summary_large_image","twitter_misc":{"Written by":"Zona Caral Administrador","Est. reading time":"1 minute"},"schema":{"@context":"https:\/\/schema.org","@graph":[{"@type":"Article","@id":"https:\/\/zonacaral.gob.pe\/en\/noticias\/logo-del-foro-apec-2016-esta-inspirado-en-el-sol-y-formas-escalonadas-de-caral-y-moray\/#article","isPartOf":{"@id":"https:\/\/zonacaral.gob.pe\/en\/noticias\/logo-del-foro-apec-2016-esta-inspirado-en-el-sol-y-formas-escalonadas-de-caral-y-moray\/"},"author":{"name":"Zona Caral Administrador","@id":"https:\/\/zonacaral.gob.pe\/es\/#\/schema\/person\/beddb4d22f71a7230c5b90913270a0ee"},"headline":"Logo del foro APEC 2016 est\u00e1 inspirado en el Sol y formas escalonadas de Caral y Moray","datePublished":"2016-02-01T16:02:11+00:00","mainEntityOfPage":{"@id":"https:\/\/zonacaral.gob.pe\/en\/noticias\/logo-del-foro-apec-2016-esta-inspirado-en-el-sol-y-formas-escalonadas-de-caral-y-moray\/"},"wordCount":272,"image":{"@id":"https:\/\/zonacaral.gob.pe\/en\/noticias\/logo-del-foro-apec-2016-esta-inspirado-en-el-sol-y-formas-escalonadas-de-caral-y-moray\/#primaryimage"},"thumbnailUrl":"https:\/\/zonacaral.gob.pe\/wp-content\/uploads\/2016\/02\/01-02-2016-logo-apec.jpg","keywords":["caral","moray"],"articleSection":["noticias"],"inLanguage":"en-US"},{"@type":"WebPage","@id":"https:\/\/zonacaral.gob.pe\/en\/noticias\/logo-del-foro-apec-2016-esta-inspirado-en-el-sol-y-formas-escalonadas-de-caral-y-moray\/","url":"https:\/\/zonacaral.gob.pe\/en\/noticias\/logo-del-foro-apec-2016-esta-inspirado-en-el-sol-y-formas-escalonadas-de-caral-y-moray\/","name":"Logo de APEC 2016 est\u00e1 inspirado en Caral y Moray","isPartOf":{"@id":"https:\/\/zonacaral.gob.pe\/es\/#website"},"primaryImageOfPage":{"@id":"https:\/\/zonacaral.gob.pe\/en\/noticias\/logo-del-foro-apec-2016-esta-inspirado-en-el-sol-y-formas-escalonadas-de-caral-y-moray\/#primaryimage"},"image":{"@id":"https:\/\/zonacaral.gob.pe\/en\/noticias\/logo-del-foro-apec-2016-esta-inspirado-en-el-sol-y-formas-escalonadas-de-caral-y-moray\/#primaryimage"},"thumbnailUrl":"https:\/\/zonacaral.gob.pe\/wp-content\/uploads\/2016\/02\/01-02-2016-logo-apec.jpg","datePublished":"2016-02-01T16:02:11+00:00","author":{"@id":"https:\/\/zonacaral.gob.pe\/es\/#\/schema\/person\/beddb4d22f71a7230c5b90913270a0ee"},"description":"El logotipo que identificar\u00e1 al foro APEC 2016, que se realizar\u00e1 en Lima, est\u00e1 inspirado en el Sol, s\u00edmbolo de vida, crecimiento y confraternidad; adem\u00e1s de las formas escalonadas presentes en las manifestaciones culturales de nuestra historia, como las ciudades de Caral y Moray.","breadcrumb":{"@id":"https:\/\/zonacaral.gob.pe\/en\/noticias\/logo-del-foro-apec-2016-esta-inspirado-en-el-sol-y-formas-escalonadas-de-caral-y-moray\/#breadcrumb"},"inLanguage":"en-US","potentialAction":[{"@type":"ReadAction","target":["https:\/\/zonacaral.gob.pe\/en\/noticias\/logo-del-foro-apec-2016-esta-inspirado-en-el-sol-y-formas-escalonadas-de-caral-y-moray\/"]}]},{"@type":"ImageObject","inLanguage":"en-US","@id":"https:\/\/zonacaral.gob.pe\/en\/noticias\/logo-del-foro-apec-2016-esta-inspirado-en-el-sol-y-formas-escalonadas-de-caral-y-moray\/#primaryimage","url":"https:\/\/zonacaral.gob.pe\/wp-content\/uploads\/2016\/02\/01-02-2016-logo-apec.jpg","contentUrl":"https:\/\/zonacaral.gob.pe\/wp-content\/uploads\/2016\/02\/01-02-2016-logo-apec.jpg","width":800,"height":451},{"@type":"BreadcrumbList","@id":"https:\/\/zonacaral.gob.pe\/en\/noticias\/logo-del-foro-apec-2016-esta-inspirado-en-el-sol-y-formas-escalonadas-de-caral-y-moray\/#breadcrumb","itemListElement":[{"@type":"ListItem","position":1,"name":"Portada","item":"https:\/\/zonacaral.gob.pe\/"},{"@type":"ListItem","position":2,"name":"Logo del foro APEC 2016 est\u00e1 inspirado en el Sol y formas escalonadas de Caral y Moray"}]},{"@type":"WebSite","@id":"https:\/\/zonacaral.gob.pe\/es\/#website","url":"https:\/\/zonacaral.gob.pe\/es\/","name":"Zona Caral","description":"Investigamos, conservamos y difundimos el patrimonio cultural de la Civilizaci\u00f3n Caral, la m\u00e1s antigua de Am\u00e9rica.","potentialAction":[{"@type":"SearchAction","target":{"@type":"EntryPoint","urlTemplate":"https:\/\/zonacaral.gob.pe\/es\/?s={search_term_string}"},"query-input":{"@type":"PropertyValueSpecification","valueRequired":true,"valueName":"search_term_string"}}],"inLanguage":"en-US"},{"@type":"Person","@id":"https:\/\/zonacaral.gob.pe\/es\/#\/schema\/person\/beddb4d22f71a7230c5b90913270a0ee","name":"Zona Caral Administrador","image":{"@type":"ImageObject","inLanguage":"en-US","@id":"https:\/\/secure.gravatar.com\/avatar\/e4be162918a696358376de6446614e0f0f4062bdc5d170d6d540ada3d8b58c12?s=96&d=mm&r=g","url":"https:\/\/secure.gravatar.com\/avatar\/e4be162918a696358376de6446614e0f0f4062bdc5d170d6d540ada3d8b58c12?s=96&d=mm&r=g","contentUrl":"https:\/\/secure.gravatar.com\/avatar\/e4be162918a696358376de6446614e0f0f4062bdc5d170d6d540ada3d8b58c12?s=96&d=mm&r=g","caption":"Zona Caral Administrador"},"sameAs":["https:\/\/zonacaral.gob.pe"],"url":"https:\/\/zonacaral.gob.pe\/en\/noticias\/author\/ad_zonacaral\/"}]}},"_links":{"self":[{"href":"https:\/\/zonacaral.gob.pe\/en\/wp-json\/wp\/v2\/posts\/10238","targetHints":{"allow":["GET"]}}],"collection":[{"href":"https:\/\/zonacaral.gob.pe\/en\/wp-json\/wp\/v2\/posts"}],"about":[{"href":"https:\/\/zonacaral.gob.pe\/en\/wp-json\/wp\/v2\/types\/post"}],"author":[{"embeddable":true,"href":"https:\/\/zonacaral.gob.pe\/en\/wp-json\/wp\/v2\/users\/1"}],"replies":[{"embeddable":true,"href":"https:\/\/zonacaral.gob.pe\/en\/wp-json\/wp\/v2\/comments?post=10238"}],"version-history":[{"count":0,"href":"https:\/\/zonacaral.gob.pe\/en\/wp-json\/wp\/v2\/posts\/10238\/revisions"}],"wp:featuredmedia":[{"embeddable":true,"href":"https:\/\/zonacaral.gob.pe\/en\/wp-json\/wp\/v2\/media\/10239"}],"wp:attachment":[{"href":"https:\/\/zonacaral.gob.pe\/en\/wp-json\/wp\/v2\/media?parent=10238"}],"wp:term":[{"taxonomy":"category","embeddable":true,"href":"https:\/\/zonacaral.gob.pe\/en\/wp-json\/wp\/v2\/categories?post=10238"},{"taxonomy":"post_tag","embeddable":true,"href":"https:\/\/zonacaral.gob.pe\/en\/wp-json\/wp\/v2\/tags?post=10238"}],"curies":[{"name":"wp","href":"https:\/\/api.w.org\/{rel}","templated":true}]}}