{"id":10245,"date":"2016-02-02T14:45:31","date_gmt":"2016-02-02T19:45:31","guid":{"rendered":"http:\/\/www.zonacaral.gob.pe\/?p=10245"},"modified":"2016-02-02T14:45:31","modified_gmt":"2016-02-02T19:45:31","slug":"buscan-mitigar-los-efectos-de-fenomeno-el-nino-en-caral","status":"publish","type":"post","link":"https:\/\/zonacaral.gob.pe\/en\/noticias\/buscan-mitigar-los-efectos-de-fenomeno-el-nino-en-caral\/","title":{"rendered":"Buscan mitigar los efectos de fen\u00f3meno El Ni\u00f1o en Caral"},"content":{"rendered":"<figure class=\"pic-autor\" style=\"color: #4d4d4d;\"><\/figure>\n<blockquote><p><strong>Dra. Shady se reuni\u00f3 con Gobernador Regional Nelson Chui<\/strong><\/p><\/blockquote>\n<p style=\"text-align: justify;\">La Dra. Ruth Shady Sol\u00eds, Directora de la Zona Arqueol\u00f3gica Caral (ZAC), Unidad Ejecutora 003, del Ministerio de Cultura se reuni\u00f3 con el Gobernador Regional de Lima Provincias, Nelson Chui Mej\u00eda para tratar los siguientes temas: reforestaci\u00f3n del entorno de la Ciudad Sagrada de Caral, el inicio de las labores del encauzamiento del r\u00edo ante la presencia del Fen\u00f3meno El Ni\u00f1o y el mejoramiento de la trocha carrozable desde Supe hasta Caral, entre otros temas.<\/p>\n<p style=\"text-align: justify;\">Hay que precisar que la Dra. Ruth Shady particip\u00f3 en esta reuni\u00f3n, tambi\u00e9n, en su condici\u00f3n de Presidenta del Consejo Multisectorial del \u201cPlan Maestro de Supe y del \u00c1rea de influencia\u201d, estuvo acompa\u00f1ada por el Presidente de la Junta de Usuarios del Valle Supe, Sr H\u00e9ctor Suarez R\u00edos, el Presidente del comit\u00e9 de Regantes Caral, el Presidente del Centro Poblado Caral y el Sr. Rolando Pinto Ramos. El objetivo de la reuni\u00f3n es asegurar el acceso al sitio tur\u00edstico para los turistas, nacionales y extranjeros, que visitan a diario la Ciudad Sagrada.<\/p>\n<p style=\"text-align: justify;\">\u00a0Ante los pedidos el Gobernador Regional dispuso que el equipo t\u00e9cnico de la Gerencia Regional de Recursos Naturales y Gesti\u00f3n del Medio Ambiente visite el sitio arqueol\u00f3gico para realizar el diagn\u00f3stico situacional respectivo y elaborar los estudios para realizar las obras requeridas. Finalmente se acord\u00f3 evaluar los avances de los trabajos en una pr\u00f3xima reuni\u00f3n para ver el cumplimiento de metas que beneficiar\u00e1 a la poblaci\u00f3n del entorno.<\/p>\n<p><iframe src=\"https:\/\/www.youtube.com\/embed\/tSx74f1BWE4?rel=0&amp;showinfo=0\" width=\"560\" height=\"315\" frameborder=\"0\" allowfullscreen=\"allowfullscreen\"><\/iframe><\/p>\n<address><em>Video:\u00a0Gobierno Regional de Lima<\/em><\/address>\n<p style=\"text-align: justify;\">Fuente: <span style=\"color: #800000;\">Prensa ZAC<\/span><\/p>\n<p style=\"color: #000000;\">Fecha de publicaci\u00f3n: 02\/02\/2016<\/p>","protected":false},"excerpt":{"rendered":"<p>Dra. Shady se reuni\u00f3 con Gobernador Regional Nelson Chui La Dra. Ruth Shady Sol\u00eds, Directora de la Zona Arqueol\u00f3gica Caral [&hellip;]<\/p>\n","protected":false},"author":1,"featured_media":10246,"comment_status":"closed","ping_status":"open","sticky":false,"template":"","format":"standard","meta":{"_acf_changed":false,"site-sidebar-layout":"default","site-content-layout":"","ast-site-content-layout":"default","site-content-style":"default","site-sidebar-style":"default","ast-global-header-display":"","ast-banner-title-visibility":"","ast-main-header-display":"","ast-hfb-above-header-display":"","ast-hfb-below-header-display":"","ast-hfb-mobile-header-display":"","site-post-title":"","ast-breadcrumbs-content":"","ast-featured-img":"","footer-sml-layout":"","ast-disable-related-posts":"","theme-transparent-header-meta":"","adv-header-id-meta":"","stick-header-meta":"","header-above-stick-meta":"","header-main-stick-meta":"","header-below-stick-meta":"","astra-migrate-meta-layouts":"default","ast-page-background-enabled":"default","ast-page-background-meta":{"desktop":{"background-color":"var(--ast-global-color-5)","background-image":"","background-repeat":"repeat","background-position":"center center","background-size":"auto","background-attachment":"scroll","background-type":"","background-media":"","overlay-type":"","overlay-color":"","overlay-opacity":"","overlay-gradient":""},"tablet":{"background-color":"","background-image":"","background-repeat":"repeat","background-position":"center center","background-size":"auto","background-attachment":"scroll","background-type":"","background-media":"","overlay-type":"","overlay-color":"","overlay-opacity":"","overlay-gradient":""},"mobile":{"background-color":"","background-image":"","background-repeat":"repeat","background-position":"center center","background-size":"auto","background-attachment":"scroll","background-type":"","background-media":"","overlay-type":"","overlay-color":"","overlay-opacity":"","overlay-gradient":""}},"ast-content-background-meta":{"desktop":{"background-color":"var(--ast-global-color-4)","background-image":"","background-repeat":"repeat","background-position":"center center","background-size":"auto","background-attachment":"scroll","background-type":"","background-media":"","overlay-type":"","overlay-color":"","overlay-opacity":"","overlay-gradient":""},"tablet":{"background-color":"var(--ast-global-color-4)","background-image":"","background-repeat":"repeat","background-position":"center center","background-size":"auto","background-attachment":"scroll","background-type":"","background-media":"","overlay-type":"","overlay-color":"","overlay-opacity":"","overlay-gradient":""},"mobile":{"background-color":"var(--ast-global-color-4)","background-image":"","background-repeat":"repeat","background-position":"center center","background-size":"auto","background-attachment":"scroll","background-type":"","background-media":"","overlay-type":"","overlay-color":"","overlay-opacity":"","overlay-gradient":""}},"footnotes":""},"categories":[208],"tags":[55,112],"class_list":["post-10245","post","type-post","status-publish","format-standard","has-post-thumbnail","hentry","category-noticias","tag-caral","tag-gobierno-regional-de-lima"],"acf":[],"yoast_head":"<!-- This site is optimized with the Yoast SEO plugin v27.3 - https:\/\/yoast.com\/product\/yoast-seo-wordpress\/ -->\n<title>Buscan mitigar los efectos de fen\u00f3meno El Ni\u00f1o en Caral<\/title>\n<meta name=\"description\" content=\"La Dra. Ruth Shady Sol\u00eds, Directora de la Zona Arqueol\u00f3gica Caral (ZAC), Unidad Ejecutora 003, del Ministerio de Cultura se reuni\u00f3 con el Gobernador Regional de Lima Provincias, Nelson Chui Mej\u00eda para tratar los siguientes temas: reforestaci\u00f3n del entorno de la Ciudad Sagrada de Caral, el inicio de las labores del encauzamiento del r\u00edo ante la presencia del Fen\u00f3meno El Ni\u00f1o y el mejoramiento de la trocha carrozable desde Supe hasta Caral, entre otros temas.\" \/>\n<meta name=\"robots\" content=\"index, follow, max-snippet:-1, max-image-preview:large, max-video-preview:-1\" \/>\n<link rel=\"canonical\" href=\"https:\/\/zonacaral.gob.pe\/en\/noticias\/buscan-mitigar-los-efectos-de-fenomeno-el-nino-en-caral\/\" \/>\n<meta property=\"og:locale\" content=\"en_US\" \/>\n<meta property=\"og:type\" content=\"article\" \/>\n<meta property=\"og:title\" content=\"Buscan mitigar los efectos de fen\u00f3meno El Ni\u00f1o en Caral\" \/>\n<meta property=\"og:description\" content=\"La Dra. Ruth Shady Sol\u00eds, Directora de la Zona Arqueol\u00f3gica Caral (ZAC), Unidad Ejecutora 003, del Ministerio de Cultura se reuni\u00f3 con el Gobernador Regional de Lima Provincias, Nelson Chui Mej\u00eda para tratar los siguientes temas: reforestaci\u00f3n del entorno de la Ciudad Sagrada de Caral, el inicio de las labores del encauzamiento del r\u00edo ante la presencia del Fen\u00f3meno El Ni\u00f1o y el mejoramiento de la trocha carrozable desde Supe hasta Caral, entre otros temas.\" \/>\n<meta property=\"og:url\" content=\"https:\/\/zonacaral.gob.pe\/en\/noticias\/buscan-mitigar-los-efectos-de-fenomeno-el-nino-en-caral\/\" \/>\n<meta property=\"og:site_name\" content=\"Zona Caral\" \/>\n<meta property=\"article:published_time\" content=\"2016-02-02T19:45:31+00:00\" \/>\n<meta property=\"og:image\" content=\"https:\/\/zonacaral.gob.pe\/wp-content\/uploads\/2016\/02\/02-02-2016-gobierno-regional.jpg\" \/>\n\t<meta property=\"og:image:width\" content=\"811\" \/>\n\t<meta property=\"og:image:height\" content=\"422\" \/>\n\t<meta property=\"og:image:type\" content=\"image\/jpeg\" \/>\n<meta name=\"author\" content=\"Zona Caral Administrador\" \/>\n<meta name=\"twitter:card\" content=\"summary_large_image\" \/>\n<meta name=\"twitter:label1\" content=\"Written by\" \/>\n\t<meta name=\"twitter:data1\" content=\"Zona Caral Administrador\" \/>\n\t<meta name=\"twitter:label2\" content=\"Est. reading time\" \/>\n\t<meta name=\"twitter:data2\" content=\"1 minute\" \/>\n<script type=\"application\/ld+json\" class=\"yoast-schema-graph\">{\"@context\":\"https:\\\/\\\/schema.org\",\"@graph\":[{\"@type\":\"Article\",\"@id\":\"https:\\\/\\\/zonacaral.gob.pe\\\/en\\\/noticias\\\/buscan-mitigar-los-efectos-de-fenomeno-el-nino-en-caral\\\/#article\",\"isPartOf\":{\"@id\":\"https:\\\/\\\/zonacaral.gob.pe\\\/en\\\/noticias\\\/buscan-mitigar-los-efectos-de-fenomeno-el-nino-en-caral\\\/\"},\"author\":{\"name\":\"Zona Caral Administrador\",\"@id\":\"https:\\\/\\\/zonacaral.gob.pe\\\/es\\\/#\\\/schema\\\/person\\\/beddb4d22f71a7230c5b90913270a0ee\"},\"headline\":\"Buscan mitigar los efectos de fen\u00f3meno El Ni\u00f1o en Caral\",\"datePublished\":\"2016-02-02T19:45:31+00:00\",\"mainEntityOfPage\":{\"@id\":\"https:\\\/\\\/zonacaral.gob.pe\\\/en\\\/noticias\\\/buscan-mitigar-los-efectos-de-fenomeno-el-nino-en-caral\\\/\"},\"wordCount\":289,\"image\":{\"@id\":\"https:\\\/\\\/zonacaral.gob.pe\\\/en\\\/noticias\\\/buscan-mitigar-los-efectos-de-fenomeno-el-nino-en-caral\\\/#primaryimage\"},\"thumbnailUrl\":\"https:\\\/\\\/zonacaral.gob.pe\\\/wp-content\\\/uploads\\\/2016\\\/02\\\/02-02-2016-gobierno-regional.jpg\",\"keywords\":[\"caral\",\"gobierno regional de lima\"],\"articleSection\":[\"noticias\"],\"inLanguage\":\"en-US\"},{\"@type\":\"WebPage\",\"@id\":\"https:\\\/\\\/zonacaral.gob.pe\\\/en\\\/noticias\\\/buscan-mitigar-los-efectos-de-fenomeno-el-nino-en-caral\\\/\",\"url\":\"https:\\\/\\\/zonacaral.gob.pe\\\/en\\\/noticias\\\/buscan-mitigar-los-efectos-de-fenomeno-el-nino-en-caral\\\/\",\"name\":\"Buscan mitigar los efectos de fen\u00f3meno El Ni\u00f1o en Caral\",\"isPartOf\":{\"@id\":\"https:\\\/\\\/zonacaral.gob.pe\\\/es\\\/#website\"},\"primaryImageOfPage\":{\"@id\":\"https:\\\/\\\/zonacaral.gob.pe\\\/en\\\/noticias\\\/buscan-mitigar-los-efectos-de-fenomeno-el-nino-en-caral\\\/#primaryimage\"},\"image\":{\"@id\":\"https:\\\/\\\/zonacaral.gob.pe\\\/en\\\/noticias\\\/buscan-mitigar-los-efectos-de-fenomeno-el-nino-en-caral\\\/#primaryimage\"},\"thumbnailUrl\":\"https:\\\/\\\/zonacaral.gob.pe\\\/wp-content\\\/uploads\\\/2016\\\/02\\\/02-02-2016-gobierno-regional.jpg\",\"datePublished\":\"2016-02-02T19:45:31+00:00\",\"author\":{\"@id\":\"https:\\\/\\\/zonacaral.gob.pe\\\/es\\\/#\\\/schema\\\/person\\\/beddb4d22f71a7230c5b90913270a0ee\"},\"description\":\"La Dra. Ruth Shady Sol\u00eds, Directora de la Zona Arqueol\u00f3gica Caral (ZAC), Unidad Ejecutora 003, del Ministerio de Cultura se reuni\u00f3 con el Gobernador Regional de Lima Provincias, Nelson Chui Mej\u00eda para tratar los siguientes temas: reforestaci\u00f3n del entorno de la Ciudad Sagrada de Caral, el inicio de las labores del encauzamiento del r\u00edo ante la presencia del Fen\u00f3meno El Ni\u00f1o y el mejoramiento de la trocha carrozable desde Supe hasta Caral, entre otros temas.\",\"breadcrumb\":{\"@id\":\"https:\\\/\\\/zonacaral.gob.pe\\\/en\\\/noticias\\\/buscan-mitigar-los-efectos-de-fenomeno-el-nino-en-caral\\\/#breadcrumb\"},\"inLanguage\":\"en-US\",\"potentialAction\":[{\"@type\":\"ReadAction\",\"target\":[\"https:\\\/\\\/zonacaral.gob.pe\\\/en\\\/noticias\\\/buscan-mitigar-los-efectos-de-fenomeno-el-nino-en-caral\\\/\"]}]},{\"@type\":\"ImageObject\",\"inLanguage\":\"en-US\",\"@id\":\"https:\\\/\\\/zonacaral.gob.pe\\\/en\\\/noticias\\\/buscan-mitigar-los-efectos-de-fenomeno-el-nino-en-caral\\\/#primaryimage\",\"url\":\"https:\\\/\\\/zonacaral.gob.pe\\\/wp-content\\\/uploads\\\/2016\\\/02\\\/02-02-2016-gobierno-regional.jpg\",\"contentUrl\":\"https:\\\/\\\/zonacaral.gob.pe\\\/wp-content\\\/uploads\\\/2016\\\/02\\\/02-02-2016-gobierno-regional.jpg\",\"width\":811,\"height\":422},{\"@type\":\"BreadcrumbList\",\"@id\":\"https:\\\/\\\/zonacaral.gob.pe\\\/en\\\/noticias\\\/buscan-mitigar-los-efectos-de-fenomeno-el-nino-en-caral\\\/#breadcrumb\",\"itemListElement\":[{\"@type\":\"ListItem\",\"position\":1,\"name\":\"Portada\",\"item\":\"https:\\\/\\\/zonacaral.gob.pe\\\/\"},{\"@type\":\"ListItem\",\"position\":2,\"name\":\"Buscan mitigar los efectos de fen\u00f3meno El Ni\u00f1o en Caral\"}]},{\"@type\":\"WebSite\",\"@id\":\"https:\\\/\\\/zonacaral.gob.pe\\\/es\\\/#website\",\"url\":\"https:\\\/\\\/zonacaral.gob.pe\\\/es\\\/\",\"name\":\"Zona Caral\",\"description\":\"Investigamos, conservamos y difundimos el patrimonio cultural de la Civilizaci\u00f3n Caral, la m\u00e1s antigua de Am\u00e9rica.\",\"potentialAction\":[{\"@type\":\"SearchAction\",\"target\":{\"@type\":\"EntryPoint\",\"urlTemplate\":\"https:\\\/\\\/zonacaral.gob.pe\\\/es\\\/?s={search_term_string}\"},\"query-input\":{\"@type\":\"PropertyValueSpecification\",\"valueRequired\":true,\"valueName\":\"search_term_string\"}}],\"inLanguage\":\"en-US\"},{\"@type\":\"Person\",\"@id\":\"https:\\\/\\\/zonacaral.gob.pe\\\/es\\\/#\\\/schema\\\/person\\\/beddb4d22f71a7230c5b90913270a0ee\",\"name\":\"Zona Caral Administrador\",\"image\":{\"@type\":\"ImageObject\",\"inLanguage\":\"en-US\",\"@id\":\"https:\\\/\\\/secure.gravatar.com\\\/avatar\\\/e4be162918a696358376de6446614e0f0f4062bdc5d170d6d540ada3d8b58c12?s=96&d=mm&r=g\",\"url\":\"https:\\\/\\\/secure.gravatar.com\\\/avatar\\\/e4be162918a696358376de6446614e0f0f4062bdc5d170d6d540ada3d8b58c12?s=96&d=mm&r=g\",\"contentUrl\":\"https:\\\/\\\/secure.gravatar.com\\\/avatar\\\/e4be162918a696358376de6446614e0f0f4062bdc5d170d6d540ada3d8b58c12?s=96&d=mm&r=g\",\"caption\":\"Zona Caral Administrador\"},\"sameAs\":[\"https:\\\/\\\/zonacaral.gob.pe\"],\"url\":\"https:\\\/\\\/zonacaral.gob.pe\\\/en\\\/noticias\\\/author\\\/ad_zonacaral\\\/\"}]}<\/script>\n<!-- \/ Yoast SEO plugin. -->","yoast_head_json":{"title":"Buscan mitigar los efectos de fen\u00f3meno El Ni\u00f1o en Caral","description":"La Dra. Ruth Shady Sol\u00eds, Directora de la Zona Arqueol\u00f3gica Caral (ZAC), Unidad Ejecutora 003, del Ministerio de Cultura se reuni\u00f3 con el Gobernador Regional de Lima Provincias, Nelson Chui Mej\u00eda para tratar los siguientes temas: reforestaci\u00f3n del entorno de la Ciudad Sagrada de Caral, el inicio de las labores del encauzamiento del r\u00edo ante la presencia del Fen\u00f3meno El Ni\u00f1o y el mejoramiento de la trocha carrozable desde Supe hasta Caral, entre otros temas.","robots":{"index":"index","follow":"follow","max-snippet":"max-snippet:-1","max-image-preview":"max-image-preview:large","max-video-preview":"max-video-preview:-1"},"canonical":"https:\/\/zonacaral.gob.pe\/en\/noticias\/buscan-mitigar-los-efectos-de-fenomeno-el-nino-en-caral\/","og_locale":"en_US","og_type":"article","og_title":"Buscan mitigar los efectos de fen\u00f3meno El Ni\u00f1o en Caral","og_description":"La Dra. Ruth Shady Sol\u00eds, Directora de la Zona Arqueol\u00f3gica Caral (ZAC), Unidad Ejecutora 003, del Ministerio de Cultura se reuni\u00f3 con el Gobernador Regional de Lima Provincias, Nelson Chui Mej\u00eda para tratar los siguientes temas: reforestaci\u00f3n del entorno de la Ciudad Sagrada de Caral, el inicio de las labores del encauzamiento del r\u00edo ante la presencia del Fen\u00f3meno El Ni\u00f1o y el mejoramiento de la trocha carrozable desde Supe hasta Caral, entre otros temas.","og_url":"https:\/\/zonacaral.gob.pe\/en\/noticias\/buscan-mitigar-los-efectos-de-fenomeno-el-nino-en-caral\/","og_site_name":"Zona Caral","article_published_time":"2016-02-02T19:45:31+00:00","og_image":[{"width":811,"height":422,"url":"https:\/\/zonacaral.gob.pe\/wp-content\/uploads\/2016\/02\/02-02-2016-gobierno-regional.jpg","type":"image\/jpeg"}],"author":"Zona Caral Administrador","twitter_card":"summary_large_image","twitter_misc":{"Written by":"Zona Caral Administrador","Est. reading time":"1 minute"},"schema":{"@context":"https:\/\/schema.org","@graph":[{"@type":"Article","@id":"https:\/\/zonacaral.gob.pe\/en\/noticias\/buscan-mitigar-los-efectos-de-fenomeno-el-nino-en-caral\/#article","isPartOf":{"@id":"https:\/\/zonacaral.gob.pe\/en\/noticias\/buscan-mitigar-los-efectos-de-fenomeno-el-nino-en-caral\/"},"author":{"name":"Zona Caral Administrador","@id":"https:\/\/zonacaral.gob.pe\/es\/#\/schema\/person\/beddb4d22f71a7230c5b90913270a0ee"},"headline":"Buscan mitigar los efectos de fen\u00f3meno El Ni\u00f1o en Caral","datePublished":"2016-02-02T19:45:31+00:00","mainEntityOfPage":{"@id":"https:\/\/zonacaral.gob.pe\/en\/noticias\/buscan-mitigar-los-efectos-de-fenomeno-el-nino-en-caral\/"},"wordCount":289,"image":{"@id":"https:\/\/zonacaral.gob.pe\/en\/noticias\/buscan-mitigar-los-efectos-de-fenomeno-el-nino-en-caral\/#primaryimage"},"thumbnailUrl":"https:\/\/zonacaral.gob.pe\/wp-content\/uploads\/2016\/02\/02-02-2016-gobierno-regional.jpg","keywords":["caral","gobierno regional de lima"],"articleSection":["noticias"],"inLanguage":"en-US"},{"@type":"WebPage","@id":"https:\/\/zonacaral.gob.pe\/en\/noticias\/buscan-mitigar-los-efectos-de-fenomeno-el-nino-en-caral\/","url":"https:\/\/zonacaral.gob.pe\/en\/noticias\/buscan-mitigar-los-efectos-de-fenomeno-el-nino-en-caral\/","name":"Buscan mitigar los efectos de fen\u00f3meno El Ni\u00f1o en Caral","isPartOf":{"@id":"https:\/\/zonacaral.gob.pe\/es\/#website"},"primaryImageOfPage":{"@id":"https:\/\/zonacaral.gob.pe\/en\/noticias\/buscan-mitigar-los-efectos-de-fenomeno-el-nino-en-caral\/#primaryimage"},"image":{"@id":"https:\/\/zonacaral.gob.pe\/en\/noticias\/buscan-mitigar-los-efectos-de-fenomeno-el-nino-en-caral\/#primaryimage"},"thumbnailUrl":"https:\/\/zonacaral.gob.pe\/wp-content\/uploads\/2016\/02\/02-02-2016-gobierno-regional.jpg","datePublished":"2016-02-02T19:45:31+00:00","author":{"@id":"https:\/\/zonacaral.gob.pe\/es\/#\/schema\/person\/beddb4d22f71a7230c5b90913270a0ee"},"description":"La Dra. Ruth Shady Sol\u00eds, Directora de la Zona Arqueol\u00f3gica Caral (ZAC), Unidad Ejecutora 003, del Ministerio de Cultura se reuni\u00f3 con el Gobernador Regional de Lima Provincias, Nelson Chui Mej\u00eda para tratar los siguientes temas: reforestaci\u00f3n del entorno de la Ciudad Sagrada de Caral, el inicio de las labores del encauzamiento del r\u00edo ante la presencia del Fen\u00f3meno El Ni\u00f1o y el mejoramiento de la trocha carrozable desde Supe hasta Caral, entre otros temas.","breadcrumb":{"@id":"https:\/\/zonacaral.gob.pe\/en\/noticias\/buscan-mitigar-los-efectos-de-fenomeno-el-nino-en-caral\/#breadcrumb"},"inLanguage":"en-US","potentialAction":[{"@type":"ReadAction","target":["https:\/\/zonacaral.gob.pe\/en\/noticias\/buscan-mitigar-los-efectos-de-fenomeno-el-nino-en-caral\/"]}]},{"@type":"ImageObject","inLanguage":"en-US","@id":"https:\/\/zonacaral.gob.pe\/en\/noticias\/buscan-mitigar-los-efectos-de-fenomeno-el-nino-en-caral\/#primaryimage","url":"https:\/\/zonacaral.gob.pe\/wp-content\/uploads\/2016\/02\/02-02-2016-gobierno-regional.jpg","contentUrl":"https:\/\/zonacaral.gob.pe\/wp-content\/uploads\/2016\/02\/02-02-2016-gobierno-regional.jpg","width":811,"height":422},{"@type":"BreadcrumbList","@id":"https:\/\/zonacaral.gob.pe\/en\/noticias\/buscan-mitigar-los-efectos-de-fenomeno-el-nino-en-caral\/#breadcrumb","itemListElement":[{"@type":"ListItem","position":1,"name":"Portada","item":"https:\/\/zonacaral.gob.pe\/"},{"@type":"ListItem","position":2,"name":"Buscan mitigar los efectos de fen\u00f3meno El Ni\u00f1o en Caral"}]},{"@type":"WebSite","@id":"https:\/\/zonacaral.gob.pe\/es\/#website","url":"https:\/\/zonacaral.gob.pe\/es\/","name":"Zona Caral","description":"Investigamos, conservamos y difundimos el patrimonio cultural de la Civilizaci\u00f3n Caral, la m\u00e1s antigua de Am\u00e9rica.","potentialAction":[{"@type":"SearchAction","target":{"@type":"EntryPoint","urlTemplate":"https:\/\/zonacaral.gob.pe\/es\/?s={search_term_string}"},"query-input":{"@type":"PropertyValueSpecification","valueRequired":true,"valueName":"search_term_string"}}],"inLanguage":"en-US"},{"@type":"Person","@id":"https:\/\/zonacaral.gob.pe\/es\/#\/schema\/person\/beddb4d22f71a7230c5b90913270a0ee","name":"Zona Caral Administrador","image":{"@type":"ImageObject","inLanguage":"en-US","@id":"https:\/\/secure.gravatar.com\/avatar\/e4be162918a696358376de6446614e0f0f4062bdc5d170d6d540ada3d8b58c12?s=96&d=mm&r=g","url":"https:\/\/secure.gravatar.com\/avatar\/e4be162918a696358376de6446614e0f0f4062bdc5d170d6d540ada3d8b58c12?s=96&d=mm&r=g","contentUrl":"https:\/\/secure.gravatar.com\/avatar\/e4be162918a696358376de6446614e0f0f4062bdc5d170d6d540ada3d8b58c12?s=96&d=mm&r=g","caption":"Zona Caral Administrador"},"sameAs":["https:\/\/zonacaral.gob.pe"],"url":"https:\/\/zonacaral.gob.pe\/en\/noticias\/author\/ad_zonacaral\/"}]}},"_links":{"self":[{"href":"https:\/\/zonacaral.gob.pe\/en\/wp-json\/wp\/v2\/posts\/10245","targetHints":{"allow":["GET"]}}],"collection":[{"href":"https:\/\/zonacaral.gob.pe\/en\/wp-json\/wp\/v2\/posts"}],"about":[{"href":"https:\/\/zonacaral.gob.pe\/en\/wp-json\/wp\/v2\/types\/post"}],"author":[{"embeddable":true,"href":"https:\/\/zonacaral.gob.pe\/en\/wp-json\/wp\/v2\/users\/1"}],"replies":[{"embeddable":true,"href":"https:\/\/zonacaral.gob.pe\/en\/wp-json\/wp\/v2\/comments?post=10245"}],"version-history":[{"count":0,"href":"https:\/\/zonacaral.gob.pe\/en\/wp-json\/wp\/v2\/posts\/10245\/revisions"}],"wp:featuredmedia":[{"embeddable":true,"href":"https:\/\/zonacaral.gob.pe\/en\/wp-json\/wp\/v2\/media\/10246"}],"wp:attachment":[{"href":"https:\/\/zonacaral.gob.pe\/en\/wp-json\/wp\/v2\/media?parent=10245"}],"wp:term":[{"taxonomy":"category","embeddable":true,"href":"https:\/\/zonacaral.gob.pe\/en\/wp-json\/wp\/v2\/categories?post=10245"},{"taxonomy":"post_tag","embeddable":true,"href":"https:\/\/zonacaral.gob.pe\/en\/wp-json\/wp\/v2\/tags?post=10245"}],"curies":[{"name":"wp","href":"https:\/\/api.w.org\/{rel}","templated":true}]}}