{"id":10327,"date":"2016-02-19T12:32:14","date_gmt":"2016-02-19T17:32:14","guid":{"rendered":"http:\/\/www.zonacaral.gob.pe\/?p=10327"},"modified":"2016-02-19T12:32:14","modified_gmt":"2016-02-19T17:32:14","slug":"ciudad-sagrada-de-caral-ya-cuenta-con-un-acelerografo","status":"publish","type":"post","link":"https:\/\/zonacaral.gob.pe\/en\/noticias\/ciudad-sagrada-de-caral-ya-cuenta-con-un-acelerografo\/","title":{"rendered":"Ciudad Sagrada de Caral ya cuenta con un aceler\u00f3grafo"},"content":{"rendered":"<figure class=\"pic-autor\" style=\"color: #4d4d4d;\"><\/figure>\n<blockquote><p><strong>Universidad Nacional de Ingenier\u00eda hizo la instalaci\u00f3n.\u00a0Equipo permitir\u00e1 conocer las zonas vulnerables ante un sismo en el sitio arqueol\u00f3gico<\/strong><\/p><\/blockquote>\n<p style=\"text-align: justify;\">La Dra. Ruth Shady Sol\u00eds, Directora de la Zona Arqueol\u00f3gica Caral (ZAC), Unidad Ejecutora 003, adscrita al Ministerio de Cultura y el Dr. Jorge El\u00edas Alva Hurtado, Rector de la Universidad Nacional de Ingenier\u00eda (UNI), dejaron en funcionamiento un aceler\u00f3grafo modelo 130-SMA, de marca REF-TEK, en la Ciudad Sagrada de Caral, Patrimonio Mundial.<\/p>\n<p style=\"text-align: justify;\">Este equipo electr\u00f3nico, es un instrumento que permitir\u00e1 obtener registros de los movimientos s\u00edsmicos de la Ciudad Sagrada de Caral; lo cual servir\u00e1 para generar un mayor conocimiento del comportamiento din\u00e1mico de los suelos y edificaciones as\u00ed como desarrollar recomendaciones para la protecci\u00f3n de los bienes culturales significativos ubicados en zonas s\u00edsmicas y tomar las precauciones del caso para evitar da\u00f1os mayores.<\/p>\n<p style=\"text-align: justify;\">Debemos precisar que, a la fecha, la Ciudad Sagrada de Caral es el primer sitio arqueol\u00f3gico en el que la Universidad Nacional de Ingenier\u00eda a trav\u00e9s de la Unidad de Posgrado de la Facultad de Ingenier\u00eda Civil y el Instituto Nacional de Investigaci\u00f3n y Capacitaci\u00f3n de Telecomunicaciones (INICTEL) colocan este equipo que ayudar\u00e1 a monitorear el impacto de los sismos en los edificios y construcciones milenarias, m\u00e1s a\u00fan si tenemos en cuenta, que cientos de turistas visitan, a diario, lo que fue la civilizaci\u00f3n m\u00e1s antigua de nuestro pa\u00eds y del continente americano.<\/p>\n<p style=\"text-align: justify;\">La Dra. Ruth Shady agradeci\u00f3 la decisi\u00f3n de la UNI por la contribuci\u00f3n que realiza en beneficio del patrimonio cultural del pa\u00eds, y m\u00e1s a\u00fan que se tome como el primer punto de estudio a la Ciudad Sagrada de Caral, que tiene m\u00e1s de cinco mil a\u00f1os de antig\u00fcedad. Cabe resaltar la importancia que Caral tiene para nuestro pa\u00eds ya que incluso el logo del foro APEC 2016, que se realizar\u00e1 en nuestro pa\u00eds, fue inspirado en la iconograf\u00eda de la arquitectura de los caralinos.<\/p>\n<p style=\"text-align: justify;\">Hay que precisar que el sitio arqueol\u00f3gico est\u00e1 ubicado en el distrito de Supe, provincia de Barranca, regi\u00f3n de Lima Provincias y recibe a los turistas todos los d\u00edas del a\u00f1o desde las 9 de la ma\u00f1ana hasta las 4 de la tarde.<\/p>\n<p>Fuente:<span style=\"color: #993300;\">\u00a0Prensa ZAC<\/span><\/p>\n<p>Fecha de publicaci\u00f3n: 19\/02\/2016<\/p>","protected":false},"excerpt":{"rendered":"<p>Universidad Nacional de Ingenier\u00eda hizo la instalaci\u00f3n.\u00a0Equipo permitir\u00e1 conocer las zonas vulnerables ante un sismo en el sitio arqueol\u00f3gico La [&hellip;]<\/p>\n","protected":false},"author":1,"featured_media":10335,"comment_status":"closed","ping_status":"open","sticky":false,"template":"","format":"standard","meta":{"_acf_changed":false,"site-sidebar-layout":"default","site-content-layout":"","ast-site-content-layout":"default","site-content-style":"default","site-sidebar-style":"default","ast-global-header-display":"","ast-banner-title-visibility":"","ast-main-header-display":"","ast-hfb-above-header-display":"","ast-hfb-below-header-display":"","ast-hfb-mobile-header-display":"","site-post-title":"","ast-breadcrumbs-content":"","ast-featured-img":"","footer-sml-layout":"","ast-disable-related-posts":"","theme-transparent-header-meta":"","adv-header-id-meta":"","stick-header-meta":"","header-above-stick-meta":"","header-main-stick-meta":"","header-below-stick-meta":"","astra-migrate-meta-layouts":"default","ast-page-background-enabled":"default","ast-page-background-meta":{"desktop":{"background-color":"var(--ast-global-color-5)","background-image":"","background-repeat":"repeat","background-position":"center center","background-size":"auto","background-attachment":"scroll","background-type":"","background-media":"","overlay-type":"","overlay-color":"","overlay-opacity":"","overlay-gradient":""},"tablet":{"background-color":"","background-image":"","background-repeat":"repeat","background-position":"center center","background-size":"auto","background-attachment":"scroll","background-type":"","background-media":"","overlay-type":"","overlay-color":"","overlay-opacity":"","overlay-gradient":""},"mobile":{"background-color":"","background-image":"","background-repeat":"repeat","background-position":"center center","background-size":"auto","background-attachment":"scroll","background-type":"","background-media":"","overlay-type":"","overlay-color":"","overlay-opacity":"","overlay-gradient":""}},"ast-content-background-meta":{"desktop":{"background-color":"var(--ast-global-color-4)","background-image":"","background-repeat":"repeat","background-position":"center center","background-size":"auto","background-attachment":"scroll","background-type":"","background-media":"","overlay-type":"","overlay-color":"","overlay-opacity":"","overlay-gradient":""},"tablet":{"background-color":"var(--ast-global-color-4)","background-image":"","background-repeat":"repeat","background-position":"center center","background-size":"auto","background-attachment":"scroll","background-type":"","background-media":"","overlay-type":"","overlay-color":"","overlay-opacity":"","overlay-gradient":""},"mobile":{"background-color":"var(--ast-global-color-4)","background-image":"","background-repeat":"repeat","background-position":"center center","background-size":"auto","background-attachment":"scroll","background-type":"","background-media":"","overlay-type":"","overlay-color":"","overlay-opacity":"","overlay-gradient":""}},"footnotes":""},"categories":[208],"tags":[115,55,83,116,117],"class_list":["post-10327","post","type-post","status-publish","format-standard","has-post-thumbnail","hentry","category-noticias","tag-acelerografo","tag-caral","tag-convenio","tag-inictel","tag-uni"],"acf":[],"yoast_head":"<!-- This site is optimized with the Yoast SEO plugin v27.3 - https:\/\/yoast.com\/product\/yoast-seo-wordpress\/ -->\n<title>Ciudad Sagrada de Caral ya cuenta con un aceler\u00f3grafo<\/title>\n<meta name=\"description\" content=\"Universidad Nacional de Ingenier\u00eda hizo la instalaci\u00f3n. Equipo permitir\u00e1 conocer las zonas vulnerables ante un sismo en el sitio arqueol\u00f3gico La Dra. Ruth Shady Sol\u00eds, Directora de la Zona Arqueol\u00f3gica Caral (ZAC), Unidad Ejecutora 003, adscrita al Ministerio de Cultura y el Dr. Jorge El\u00edas Alva Hurtado, Rector de la Universidad Nacional de Ingenier\u00eda (UNI), dejaron en funcionamiento un aceler\u00f3grafo modelo 130-SMA, de marca REF-TEK, en la Ciudad Sagrada de Caral, Patrimonio Mundial.\" \/>\n<meta name=\"robots\" content=\"index, follow, max-snippet:-1, max-image-preview:large, max-video-preview:-1\" \/>\n<link rel=\"canonical\" href=\"https:\/\/zonacaral.gob.pe\/en\/noticias\/ciudad-sagrada-de-caral-ya-cuenta-con-un-acelerografo\/\" \/>\n<meta property=\"og:locale\" content=\"en_US\" \/>\n<meta property=\"og:type\" content=\"article\" \/>\n<meta property=\"og:title\" content=\"Ciudad Sagrada de Caral ya cuenta con un aceler\u00f3grafo\" \/>\n<meta property=\"og:description\" content=\"Universidad Nacional de Ingenier\u00eda hizo la instalaci\u00f3n. Equipo permitir\u00e1 conocer las zonas vulnerables ante un sismo en el sitio arqueol\u00f3gico La Dra. Ruth Shady Sol\u00eds, Directora de la Zona Arqueol\u00f3gica Caral (ZAC), Unidad Ejecutora 003, adscrita al Ministerio de Cultura y el Dr. Jorge El\u00edas Alva Hurtado, Rector de la Universidad Nacional de Ingenier\u00eda (UNI), dejaron en funcionamiento un aceler\u00f3grafo modelo 130-SMA, de marca REF-TEK, en la Ciudad Sagrada de Caral, Patrimonio Mundial.\" \/>\n<meta property=\"og:url\" content=\"https:\/\/zonacaral.gob.pe\/en\/noticias\/ciudad-sagrada-de-caral-ya-cuenta-con-un-acelerografo\/\" \/>\n<meta property=\"og:site_name\" content=\"Zona Caral\" \/>\n<meta property=\"article:published_time\" content=\"2016-02-19T17:32:14+00:00\" \/>\n<meta property=\"og:image\" content=\"https:\/\/zonacaral.gob.pe\/wp-content\/uploads\/2016\/02\/000341965W1.jpg\" \/>\n\t<meta property=\"og:image:width\" content=\"1800\" \/>\n\t<meta property=\"og:image:height\" content=\"1212\" \/>\n\t<meta property=\"og:image:type\" content=\"image\/jpeg\" \/>\n<meta name=\"author\" content=\"Zona Caral Administrador\" \/>\n<meta name=\"twitter:card\" content=\"summary_large_image\" \/>\n<meta name=\"twitter:label1\" content=\"Written by\" \/>\n\t<meta name=\"twitter:data1\" content=\"Zona Caral Administrador\" \/>\n\t<meta name=\"twitter:label2\" content=\"Est. reading time\" \/>\n\t<meta name=\"twitter:data2\" content=\"2 minutes\" \/>\n<script type=\"application\/ld+json\" class=\"yoast-schema-graph\">{\"@context\":\"https:\\\/\\\/schema.org\",\"@graph\":[{\"@type\":\"Article\",\"@id\":\"https:\\\/\\\/zonacaral.gob.pe\\\/en\\\/noticias\\\/ciudad-sagrada-de-caral-ya-cuenta-con-un-acelerografo\\\/#article\",\"isPartOf\":{\"@id\":\"https:\\\/\\\/zonacaral.gob.pe\\\/en\\\/noticias\\\/ciudad-sagrada-de-caral-ya-cuenta-con-un-acelerografo\\\/\"},\"author\":{\"name\":\"Zona Caral Administrador\",\"@id\":\"https:\\\/\\\/zonacaral.gob.pe\\\/es\\\/#\\\/schema\\\/person\\\/beddb4d22f71a7230c5b90913270a0ee\"},\"headline\":\"Ciudad Sagrada de Caral ya cuenta con un aceler\u00f3grafo\",\"datePublished\":\"2016-02-19T17:32:14+00:00\",\"mainEntityOfPage\":{\"@id\":\"https:\\\/\\\/zonacaral.gob.pe\\\/en\\\/noticias\\\/ciudad-sagrada-de-caral-ya-cuenta-con-un-acelerografo\\\/\"},\"wordCount\":410,\"image\":{\"@id\":\"https:\\\/\\\/zonacaral.gob.pe\\\/en\\\/noticias\\\/ciudad-sagrada-de-caral-ya-cuenta-con-un-acelerografo\\\/#primaryimage\"},\"thumbnailUrl\":\"https:\\\/\\\/zonacaral.gob.pe\\\/wp-content\\\/uploads\\\/2016\\\/02\\\/000341965W1.jpg\",\"keywords\":[\"aceler\u00f3grafo\",\"caral\",\"convenio\",\"INICTEL\",\"UNI\"],\"articleSection\":[\"noticias\"],\"inLanguage\":\"en-US\"},{\"@type\":\"WebPage\",\"@id\":\"https:\\\/\\\/zonacaral.gob.pe\\\/en\\\/noticias\\\/ciudad-sagrada-de-caral-ya-cuenta-con-un-acelerografo\\\/\",\"url\":\"https:\\\/\\\/zonacaral.gob.pe\\\/en\\\/noticias\\\/ciudad-sagrada-de-caral-ya-cuenta-con-un-acelerografo\\\/\",\"name\":\"Ciudad Sagrada de Caral ya cuenta con un aceler\u00f3grafo\",\"isPartOf\":{\"@id\":\"https:\\\/\\\/zonacaral.gob.pe\\\/es\\\/#website\"},\"primaryImageOfPage\":{\"@id\":\"https:\\\/\\\/zonacaral.gob.pe\\\/en\\\/noticias\\\/ciudad-sagrada-de-caral-ya-cuenta-con-un-acelerografo\\\/#primaryimage\"},\"image\":{\"@id\":\"https:\\\/\\\/zonacaral.gob.pe\\\/en\\\/noticias\\\/ciudad-sagrada-de-caral-ya-cuenta-con-un-acelerografo\\\/#primaryimage\"},\"thumbnailUrl\":\"https:\\\/\\\/zonacaral.gob.pe\\\/wp-content\\\/uploads\\\/2016\\\/02\\\/000341965W1.jpg\",\"datePublished\":\"2016-02-19T17:32:14+00:00\",\"author\":{\"@id\":\"https:\\\/\\\/zonacaral.gob.pe\\\/es\\\/#\\\/schema\\\/person\\\/beddb4d22f71a7230c5b90913270a0ee\"},\"description\":\"Universidad Nacional de Ingenier\u00eda hizo la instalaci\u00f3n. Equipo permitir\u00e1 conocer las zonas vulnerables ante un sismo en el sitio arqueol\u00f3gico La Dra. Ruth Shady Sol\u00eds, Directora de la Zona Arqueol\u00f3gica Caral (ZAC), Unidad Ejecutora 003, adscrita al Ministerio de Cultura y el Dr. Jorge El\u00edas Alva Hurtado, Rector de la Universidad Nacional de Ingenier\u00eda (UNI), dejaron en funcionamiento un aceler\u00f3grafo modelo 130-SMA, de marca REF-TEK, en la Ciudad Sagrada de Caral, Patrimonio Mundial.\",\"breadcrumb\":{\"@id\":\"https:\\\/\\\/zonacaral.gob.pe\\\/en\\\/noticias\\\/ciudad-sagrada-de-caral-ya-cuenta-con-un-acelerografo\\\/#breadcrumb\"},\"inLanguage\":\"en-US\",\"potentialAction\":[{\"@type\":\"ReadAction\",\"target\":[\"https:\\\/\\\/zonacaral.gob.pe\\\/en\\\/noticias\\\/ciudad-sagrada-de-caral-ya-cuenta-con-un-acelerografo\\\/\"]}]},{\"@type\":\"ImageObject\",\"inLanguage\":\"en-US\",\"@id\":\"https:\\\/\\\/zonacaral.gob.pe\\\/en\\\/noticias\\\/ciudad-sagrada-de-caral-ya-cuenta-con-un-acelerografo\\\/#primaryimage\",\"url\":\"https:\\\/\\\/zonacaral.gob.pe\\\/wp-content\\\/uploads\\\/2016\\\/02\\\/000341965W1.jpg\",\"contentUrl\":\"https:\\\/\\\/zonacaral.gob.pe\\\/wp-content\\\/uploads\\\/2016\\\/02\\\/000341965W1.jpg\",\"width\":1800,\"height\":1212},{\"@type\":\"BreadcrumbList\",\"@id\":\"https:\\\/\\\/zonacaral.gob.pe\\\/en\\\/noticias\\\/ciudad-sagrada-de-caral-ya-cuenta-con-un-acelerografo\\\/#breadcrumb\",\"itemListElement\":[{\"@type\":\"ListItem\",\"position\":1,\"name\":\"Portada\",\"item\":\"https:\\\/\\\/zonacaral.gob.pe\\\/\"},{\"@type\":\"ListItem\",\"position\":2,\"name\":\"Ciudad Sagrada de Caral ya cuenta con un aceler\u00f3grafo\"}]},{\"@type\":\"WebSite\",\"@id\":\"https:\\\/\\\/zonacaral.gob.pe\\\/es\\\/#website\",\"url\":\"https:\\\/\\\/zonacaral.gob.pe\\\/es\\\/\",\"name\":\"Zona Caral\",\"description\":\"Investigamos, conservamos y difundimos el patrimonio cultural de la Civilizaci\u00f3n Caral, la m\u00e1s antigua de Am\u00e9rica.\",\"potentialAction\":[{\"@type\":\"SearchAction\",\"target\":{\"@type\":\"EntryPoint\",\"urlTemplate\":\"https:\\\/\\\/zonacaral.gob.pe\\\/es\\\/?s={search_term_string}\"},\"query-input\":{\"@type\":\"PropertyValueSpecification\",\"valueRequired\":true,\"valueName\":\"search_term_string\"}}],\"inLanguage\":\"en-US\"},{\"@type\":\"Person\",\"@id\":\"https:\\\/\\\/zonacaral.gob.pe\\\/es\\\/#\\\/schema\\\/person\\\/beddb4d22f71a7230c5b90913270a0ee\",\"name\":\"Zona Caral Administrador\",\"image\":{\"@type\":\"ImageObject\",\"inLanguage\":\"en-US\",\"@id\":\"https:\\\/\\\/secure.gravatar.com\\\/avatar\\\/e4be162918a696358376de6446614e0f0f4062bdc5d170d6d540ada3d8b58c12?s=96&d=mm&r=g\",\"url\":\"https:\\\/\\\/secure.gravatar.com\\\/avatar\\\/e4be162918a696358376de6446614e0f0f4062bdc5d170d6d540ada3d8b58c12?s=96&d=mm&r=g\",\"contentUrl\":\"https:\\\/\\\/secure.gravatar.com\\\/avatar\\\/e4be162918a696358376de6446614e0f0f4062bdc5d170d6d540ada3d8b58c12?s=96&d=mm&r=g\",\"caption\":\"Zona Caral Administrador\"},\"sameAs\":[\"https:\\\/\\\/zonacaral.gob.pe\"],\"url\":\"https:\\\/\\\/zonacaral.gob.pe\\\/en\\\/noticias\\\/author\\\/ad_zonacaral\\\/\"}]}<\/script>\n<!-- \/ Yoast SEO plugin. -->","yoast_head_json":{"title":"Ciudad Sagrada de Caral ya cuenta con un aceler\u00f3grafo","description":"Universidad Nacional de Ingenier\u00eda hizo la instalaci\u00f3n. Equipo permitir\u00e1 conocer las zonas vulnerables ante un sismo en el sitio arqueol\u00f3gico La Dra. Ruth Shady Sol\u00eds, Directora de la Zona Arqueol\u00f3gica Caral (ZAC), Unidad Ejecutora 003, adscrita al Ministerio de Cultura y el Dr. Jorge El\u00edas Alva Hurtado, Rector de la Universidad Nacional de Ingenier\u00eda (UNI), dejaron en funcionamiento un aceler\u00f3grafo modelo 130-SMA, de marca REF-TEK, en la Ciudad Sagrada de Caral, Patrimonio Mundial.","robots":{"index":"index","follow":"follow","max-snippet":"max-snippet:-1","max-image-preview":"max-image-preview:large","max-video-preview":"max-video-preview:-1"},"canonical":"https:\/\/zonacaral.gob.pe\/en\/noticias\/ciudad-sagrada-de-caral-ya-cuenta-con-un-acelerografo\/","og_locale":"en_US","og_type":"article","og_title":"Ciudad Sagrada de Caral ya cuenta con un aceler\u00f3grafo","og_description":"Universidad Nacional de Ingenier\u00eda hizo la instalaci\u00f3n. Equipo permitir\u00e1 conocer las zonas vulnerables ante un sismo en el sitio arqueol\u00f3gico La Dra. Ruth Shady Sol\u00eds, Directora de la Zona Arqueol\u00f3gica Caral (ZAC), Unidad Ejecutora 003, adscrita al Ministerio de Cultura y el Dr. Jorge El\u00edas Alva Hurtado, Rector de la Universidad Nacional de Ingenier\u00eda (UNI), dejaron en funcionamiento un aceler\u00f3grafo modelo 130-SMA, de marca REF-TEK, en la Ciudad Sagrada de Caral, Patrimonio Mundial.","og_url":"https:\/\/zonacaral.gob.pe\/en\/noticias\/ciudad-sagrada-de-caral-ya-cuenta-con-un-acelerografo\/","og_site_name":"Zona Caral","article_published_time":"2016-02-19T17:32:14+00:00","og_image":[{"width":1800,"height":1212,"url":"https:\/\/zonacaral.gob.pe\/wp-content\/uploads\/2016\/02\/000341965W1.jpg","type":"image\/jpeg"}],"author":"Zona Caral Administrador","twitter_card":"summary_large_image","twitter_misc":{"Written by":"Zona Caral Administrador","Est. reading time":"2 minutes"},"schema":{"@context":"https:\/\/schema.org","@graph":[{"@type":"Article","@id":"https:\/\/zonacaral.gob.pe\/en\/noticias\/ciudad-sagrada-de-caral-ya-cuenta-con-un-acelerografo\/#article","isPartOf":{"@id":"https:\/\/zonacaral.gob.pe\/en\/noticias\/ciudad-sagrada-de-caral-ya-cuenta-con-un-acelerografo\/"},"author":{"name":"Zona Caral Administrador","@id":"https:\/\/zonacaral.gob.pe\/es\/#\/schema\/person\/beddb4d22f71a7230c5b90913270a0ee"},"headline":"Ciudad Sagrada de Caral ya cuenta con un aceler\u00f3grafo","datePublished":"2016-02-19T17:32:14+00:00","mainEntityOfPage":{"@id":"https:\/\/zonacaral.gob.pe\/en\/noticias\/ciudad-sagrada-de-caral-ya-cuenta-con-un-acelerografo\/"},"wordCount":410,"image":{"@id":"https:\/\/zonacaral.gob.pe\/en\/noticias\/ciudad-sagrada-de-caral-ya-cuenta-con-un-acelerografo\/#primaryimage"},"thumbnailUrl":"https:\/\/zonacaral.gob.pe\/wp-content\/uploads\/2016\/02\/000341965W1.jpg","keywords":["aceler\u00f3grafo","caral","convenio","INICTEL","UNI"],"articleSection":["noticias"],"inLanguage":"en-US"},{"@type":"WebPage","@id":"https:\/\/zonacaral.gob.pe\/en\/noticias\/ciudad-sagrada-de-caral-ya-cuenta-con-un-acelerografo\/","url":"https:\/\/zonacaral.gob.pe\/en\/noticias\/ciudad-sagrada-de-caral-ya-cuenta-con-un-acelerografo\/","name":"Ciudad Sagrada de Caral ya cuenta con un aceler\u00f3grafo","isPartOf":{"@id":"https:\/\/zonacaral.gob.pe\/es\/#website"},"primaryImageOfPage":{"@id":"https:\/\/zonacaral.gob.pe\/en\/noticias\/ciudad-sagrada-de-caral-ya-cuenta-con-un-acelerografo\/#primaryimage"},"image":{"@id":"https:\/\/zonacaral.gob.pe\/en\/noticias\/ciudad-sagrada-de-caral-ya-cuenta-con-un-acelerografo\/#primaryimage"},"thumbnailUrl":"https:\/\/zonacaral.gob.pe\/wp-content\/uploads\/2016\/02\/000341965W1.jpg","datePublished":"2016-02-19T17:32:14+00:00","author":{"@id":"https:\/\/zonacaral.gob.pe\/es\/#\/schema\/person\/beddb4d22f71a7230c5b90913270a0ee"},"description":"Universidad Nacional de Ingenier\u00eda hizo la instalaci\u00f3n. Equipo permitir\u00e1 conocer las zonas vulnerables ante un sismo en el sitio arqueol\u00f3gico La Dra. Ruth Shady Sol\u00eds, Directora de la Zona Arqueol\u00f3gica Caral (ZAC), Unidad Ejecutora 003, adscrita al Ministerio de Cultura y el Dr. Jorge El\u00edas Alva Hurtado, Rector de la Universidad Nacional de Ingenier\u00eda (UNI), dejaron en funcionamiento un aceler\u00f3grafo modelo 130-SMA, de marca REF-TEK, en la Ciudad Sagrada de Caral, Patrimonio Mundial.","breadcrumb":{"@id":"https:\/\/zonacaral.gob.pe\/en\/noticias\/ciudad-sagrada-de-caral-ya-cuenta-con-un-acelerografo\/#breadcrumb"},"inLanguage":"en-US","potentialAction":[{"@type":"ReadAction","target":["https:\/\/zonacaral.gob.pe\/en\/noticias\/ciudad-sagrada-de-caral-ya-cuenta-con-un-acelerografo\/"]}]},{"@type":"ImageObject","inLanguage":"en-US","@id":"https:\/\/zonacaral.gob.pe\/en\/noticias\/ciudad-sagrada-de-caral-ya-cuenta-con-un-acelerografo\/#primaryimage","url":"https:\/\/zonacaral.gob.pe\/wp-content\/uploads\/2016\/02\/000341965W1.jpg","contentUrl":"https:\/\/zonacaral.gob.pe\/wp-content\/uploads\/2016\/02\/000341965W1.jpg","width":1800,"height":1212},{"@type":"BreadcrumbList","@id":"https:\/\/zonacaral.gob.pe\/en\/noticias\/ciudad-sagrada-de-caral-ya-cuenta-con-un-acelerografo\/#breadcrumb","itemListElement":[{"@type":"ListItem","position":1,"name":"Portada","item":"https:\/\/zonacaral.gob.pe\/"},{"@type":"ListItem","position":2,"name":"Ciudad Sagrada de Caral ya cuenta con un aceler\u00f3grafo"}]},{"@type":"WebSite","@id":"https:\/\/zonacaral.gob.pe\/es\/#website","url":"https:\/\/zonacaral.gob.pe\/es\/","name":"Zona Caral","description":"Investigamos, conservamos y difundimos el patrimonio cultural de la Civilizaci\u00f3n Caral, la m\u00e1s antigua de Am\u00e9rica.","potentialAction":[{"@type":"SearchAction","target":{"@type":"EntryPoint","urlTemplate":"https:\/\/zonacaral.gob.pe\/es\/?s={search_term_string}"},"query-input":{"@type":"PropertyValueSpecification","valueRequired":true,"valueName":"search_term_string"}}],"inLanguage":"en-US"},{"@type":"Person","@id":"https:\/\/zonacaral.gob.pe\/es\/#\/schema\/person\/beddb4d22f71a7230c5b90913270a0ee","name":"Zona Caral Administrador","image":{"@type":"ImageObject","inLanguage":"en-US","@id":"https:\/\/secure.gravatar.com\/avatar\/e4be162918a696358376de6446614e0f0f4062bdc5d170d6d540ada3d8b58c12?s=96&d=mm&r=g","url":"https:\/\/secure.gravatar.com\/avatar\/e4be162918a696358376de6446614e0f0f4062bdc5d170d6d540ada3d8b58c12?s=96&d=mm&r=g","contentUrl":"https:\/\/secure.gravatar.com\/avatar\/e4be162918a696358376de6446614e0f0f4062bdc5d170d6d540ada3d8b58c12?s=96&d=mm&r=g","caption":"Zona Caral Administrador"},"sameAs":["https:\/\/zonacaral.gob.pe"],"url":"https:\/\/zonacaral.gob.pe\/en\/noticias\/author\/ad_zonacaral\/"}]}},"_links":{"self":[{"href":"https:\/\/zonacaral.gob.pe\/en\/wp-json\/wp\/v2\/posts\/10327","targetHints":{"allow":["GET"]}}],"collection":[{"href":"https:\/\/zonacaral.gob.pe\/en\/wp-json\/wp\/v2\/posts"}],"about":[{"href":"https:\/\/zonacaral.gob.pe\/en\/wp-json\/wp\/v2\/types\/post"}],"author":[{"embeddable":true,"href":"https:\/\/zonacaral.gob.pe\/en\/wp-json\/wp\/v2\/users\/1"}],"replies":[{"embeddable":true,"href":"https:\/\/zonacaral.gob.pe\/en\/wp-json\/wp\/v2\/comments?post=10327"}],"version-history":[{"count":0,"href":"https:\/\/zonacaral.gob.pe\/en\/wp-json\/wp\/v2\/posts\/10327\/revisions"}],"wp:featuredmedia":[{"embeddable":true,"href":"https:\/\/zonacaral.gob.pe\/en\/wp-json\/wp\/v2\/media\/10335"}],"wp:attachment":[{"href":"https:\/\/zonacaral.gob.pe\/en\/wp-json\/wp\/v2\/media?parent=10327"}],"wp:term":[{"taxonomy":"category","embeddable":true,"href":"https:\/\/zonacaral.gob.pe\/en\/wp-json\/wp\/v2\/categories?post=10327"},{"taxonomy":"post_tag","embeddable":true,"href":"https:\/\/zonacaral.gob.pe\/en\/wp-json\/wp\/v2\/tags?post=10327"}],"curies":[{"name":"wp","href":"https:\/\/api.w.org\/{rel}","templated":true}]}}