{"id":10357,"date":"2016-03-23T15:45:16","date_gmt":"2016-03-23T20:45:16","guid":{"rendered":"http:\/\/www.zonacaral.gob.pe\/?p=10357"},"modified":"2016-03-23T15:45:16","modified_gmt":"2016-03-23T20:45:16","slug":"exposicion-sobre-caral-en-mexico","status":"publish","type":"post","link":"https:\/\/zonacaral.gob.pe\/en\/noticias\/exposicion-sobre-caral-en-mexico\/","title":{"rendered":"Exposici\u00f3n sobre Caral en M\u00e9xico"},"content":{"rendered":"<figure class=\"pic-autor\" style=\"color: #4d4d4d;\"><\/figure>\n<p>La Dra. Ruth Shady Sol\u00eds, directora y estudiosa de la Zona\u00a0Arqueol\u00f3gica de Caral, brind\u00f3 una Conferencia Magistral en el Museo Nacional de Antropolog\u00eda de M\u00e9xico con su exposici\u00f3n:<em>El Patrimonio Cultural de Caral y su papel en el desarrollo socio-econ\u00f3mico de Per\u00fa.<\/em><\/p>\n<p style=\"color: #4b4b4b;\">Shady, demostr\u00f3 que la civilizaci\u00f3n Caral \u2013 la m\u00e1s antigua de Per\u00fa y del continente americano \u2013 aprovech\u00f3 los recursos naturales respetando el medio ambiente, desarroll\u00f3 tecnolog\u00edas de construcci\u00f3n sismorresistente y gener\u00f3 una organizaci\u00f3n centralizada con autoridades pol\u00edticas que conformaron un sistema social de tipo estatal.<\/p>\n<p style=\"color: #4b4b4b;\">Manifest\u00f3 que la Ciudad Sagrada de Caral \u2013 considerado por Organizaci\u00f3n de las Naciones Unidas para la Educaci\u00f3n, la Ciencia y la Cultura\u00a0 (UNESCO) Patrimonio Mundial desde el a\u00f1o 2009 \u2013 sigue contribuyendo con el desarrollo del pa\u00eds por su valioso patrimonio arqueol\u00f3gico.<\/p>\n<p style=\"color: #4b4b4b;\">Adem\u00e1s, Shady particip\u00f3 como panelista del Foro de la Sociedad Civil, que se realiz\u00f3 en el marco de la primera reuni\u00f3n del Consejo de Asociaci\u00f3n Estrat\u00e9gica Per\u00fa-M\u00e9xico. Este foro tuvo como objetivo analizar el papel de las expresiones culturales como motores para potenciar las capacidades sociales en el contexto contempor\u00e1neo.<\/p>\n<p style=\"color: #4b4b4b;\">Ambos eventos fueron organizados por la Embajada de Per\u00fa en M\u00e9xico, en coordinaci\u00f3n con el Ministerio de Relaciones Exteriores de los dos pa\u00edses.<\/p>\n<p>Fuente:<span style=\"color: #800000;\">\u00a0<a href=\"http:\/\/www.anpradio.com\/culturales\/exposicion-sobre-caral-en-mexico\/\"><span style=\"color: #800000;\">ANP Radio<\/span><\/a><\/span><\/p>\n<p>Fecha de publicaci\u00f3n: 22\/03\/2016<\/p>","protected":false},"excerpt":{"rendered":"<p>La Dra. Ruth Shady Sol\u00eds, directora y estudiosa de la Zona\u00a0Arqueol\u00f3gica de Caral, brind\u00f3 una Conferencia Magistral en el Museo [&hellip;]<\/p>\n","protected":false},"author":1,"featured_media":10387,"comment_status":"closed","ping_status":"open","sticky":false,"template":"","format":"standard","meta":{"_acf_changed":false,"site-sidebar-layout":"default","site-content-layout":"","ast-site-content-layout":"default","site-content-style":"default","site-sidebar-style":"default","ast-global-header-display":"","ast-banner-title-visibility":"","ast-main-header-display":"","ast-hfb-above-header-display":"","ast-hfb-below-header-display":"","ast-hfb-mobile-header-display":"","site-post-title":"","ast-breadcrumbs-content":"","ast-featured-img":"","footer-sml-layout":"","ast-disable-related-posts":"","theme-transparent-header-meta":"","adv-header-id-meta":"","stick-header-meta":"","header-above-stick-meta":"","header-main-stick-meta":"","header-below-stick-meta":"","astra-migrate-meta-layouts":"default","ast-page-background-enabled":"default","ast-page-background-meta":{"desktop":{"background-color":"var(--ast-global-color-5)","background-image":"","background-repeat":"repeat","background-position":"center center","background-size":"auto","background-attachment":"scroll","background-type":"","background-media":"","overlay-type":"","overlay-color":"","overlay-opacity":"","overlay-gradient":""},"tablet":{"background-color":"","background-image":"","background-repeat":"repeat","background-position":"center center","background-size":"auto","background-attachment":"scroll","background-type":"","background-media":"","overlay-type":"","overlay-color":"","overlay-opacity":"","overlay-gradient":""},"mobile":{"background-color":"","background-image":"","background-repeat":"repeat","background-position":"center center","background-size":"auto","background-attachment":"scroll","background-type":"","background-media":"","overlay-type":"","overlay-color":"","overlay-opacity":"","overlay-gradient":""}},"ast-content-background-meta":{"desktop":{"background-color":"var(--ast-global-color-4)","background-image":"","background-repeat":"repeat","background-position":"center center","background-size":"auto","background-attachment":"scroll","background-type":"","background-media":"","overlay-type":"","overlay-color":"","overlay-opacity":"","overlay-gradient":""},"tablet":{"background-color":"var(--ast-global-color-4)","background-image":"","background-repeat":"repeat","background-position":"center center","background-size":"auto","background-attachment":"scroll","background-type":"","background-media":"","overlay-type":"","overlay-color":"","overlay-opacity":"","overlay-gradient":""},"mobile":{"background-color":"var(--ast-global-color-4)","background-image":"","background-repeat":"repeat","background-position":"center center","background-size":"auto","background-attachment":"scroll","background-type":"","background-media":"","overlay-type":"","overlay-color":"","overlay-opacity":"","overlay-gradient":""}},"footnotes":""},"categories":[208],"tags":[55,118,82],"class_list":["post-10357","post","type-post","status-publish","format-standard","has-post-thumbnail","hentry","category-noticias","tag-caral","tag-mexico","tag-ruth-shady"],"acf":[],"yoast_head":"<!-- This site is optimized with the Yoast SEO plugin v27.3 - https:\/\/yoast.com\/product\/yoast-seo-wordpress\/ -->\n<title>Exposici\u00f3n sobre Caral en M\u00e9xico<\/title>\n<meta name=\"description\" content=\"La. Dra. Ruth Shady, demostr\u00f3 que la civilizaci\u00f3n Caral \u2013 la m\u00e1s antigua de Per\u00fa y del continente americano \u2013 aprovech\u00f3 los recursos naturales respetando el medio ambiente, desarroll\u00f3 tecnolog\u00edas de construcci\u00f3n sismorresistente y gener\u00f3 una organizaci\u00f3n centralizada con autoridades pol\u00edticas que conformaron un sistema social de tipo estatal.\" \/>\n<meta name=\"robots\" content=\"index, follow, max-snippet:-1, max-image-preview:large, max-video-preview:-1\" \/>\n<link rel=\"canonical\" href=\"https:\/\/zonacaral.gob.pe\/en\/noticias\/exposicion-sobre-caral-en-mexico\/\" \/>\n<meta property=\"og:locale\" content=\"en_US\" \/>\n<meta property=\"og:type\" content=\"article\" \/>\n<meta property=\"og:title\" content=\"Exposici\u00f3n sobre Caral en M\u00e9xico\" \/>\n<meta property=\"og:description\" content=\"La. Dra. Ruth Shady, demostr\u00f3 que la civilizaci\u00f3n Caral \u2013 la m\u00e1s antigua de Per\u00fa y del continente americano \u2013 aprovech\u00f3 los recursos naturales respetando el medio ambiente, desarroll\u00f3 tecnolog\u00edas de construcci\u00f3n sismorresistente y gener\u00f3 una organizaci\u00f3n centralizada con autoridades pol\u00edticas que conformaron un sistema social de tipo estatal.\" \/>\n<meta property=\"og:url\" content=\"https:\/\/zonacaral.gob.pe\/en\/noticias\/exposicion-sobre-caral-en-mexico\/\" \/>\n<meta property=\"og:site_name\" content=\"Zona Caral\" \/>\n<meta property=\"article:published_time\" content=\"2016-03-23T20:45:16+00:00\" \/>\n<meta property=\"og:image\" content=\"https:\/\/zonacaral.gob.pe\/wp-content\/uploads\/2016\/03\/anpradio-23-03-2016-shady-mexico.jpg\" \/>\n\t<meta property=\"og:image:width\" content=\"800\" \/>\n\t<meta property=\"og:image:height\" content=\"422\" \/>\n\t<meta property=\"og:image:type\" content=\"image\/jpeg\" \/>\n<meta name=\"author\" content=\"Zona Caral Administrador\" \/>\n<meta name=\"twitter:card\" content=\"summary_large_image\" \/>\n<meta name=\"twitter:label1\" content=\"Written by\" \/>\n\t<meta name=\"twitter:data1\" content=\"Zona Caral Administrador\" \/>\n\t<meta name=\"twitter:label2\" content=\"Est. reading time\" \/>\n\t<meta name=\"twitter:data2\" content=\"1 minute\" \/>\n<script type=\"application\/ld+json\" class=\"yoast-schema-graph\">{\"@context\":\"https:\\\/\\\/schema.org\",\"@graph\":[{\"@type\":\"Article\",\"@id\":\"https:\\\/\\\/zonacaral.gob.pe\\\/en\\\/noticias\\\/exposicion-sobre-caral-en-mexico\\\/#article\",\"isPartOf\":{\"@id\":\"https:\\\/\\\/zonacaral.gob.pe\\\/en\\\/noticias\\\/exposicion-sobre-caral-en-mexico\\\/\"},\"author\":{\"name\":\"Zona Caral Administrador\",\"@id\":\"https:\\\/\\\/zonacaral.gob.pe\\\/es\\\/#\\\/schema\\\/person\\\/beddb4d22f71a7230c5b90913270a0ee\"},\"headline\":\"Exposici\u00f3n sobre Caral en M\u00e9xico\",\"datePublished\":\"2016-03-23T20:45:16+00:00\",\"mainEntityOfPage\":{\"@id\":\"https:\\\/\\\/zonacaral.gob.pe\\\/en\\\/noticias\\\/exposicion-sobre-caral-en-mexico\\\/\"},\"wordCount\":241,\"image\":{\"@id\":\"https:\\\/\\\/zonacaral.gob.pe\\\/en\\\/noticias\\\/exposicion-sobre-caral-en-mexico\\\/#primaryimage\"},\"thumbnailUrl\":\"https:\\\/\\\/zonacaral.gob.pe\\\/wp-content\\\/uploads\\\/2016\\\/03\\\/anpradio-23-03-2016-shady-mexico.jpg\",\"keywords\":[\"caral\",\"m\u00e9xico\",\"Ruth Shady\"],\"articleSection\":[\"noticias\"],\"inLanguage\":\"en-US\"},{\"@type\":\"WebPage\",\"@id\":\"https:\\\/\\\/zonacaral.gob.pe\\\/en\\\/noticias\\\/exposicion-sobre-caral-en-mexico\\\/\",\"url\":\"https:\\\/\\\/zonacaral.gob.pe\\\/en\\\/noticias\\\/exposicion-sobre-caral-en-mexico\\\/\",\"name\":\"Exposici\u00f3n sobre Caral en M\u00e9xico\",\"isPartOf\":{\"@id\":\"https:\\\/\\\/zonacaral.gob.pe\\\/es\\\/#website\"},\"primaryImageOfPage\":{\"@id\":\"https:\\\/\\\/zonacaral.gob.pe\\\/en\\\/noticias\\\/exposicion-sobre-caral-en-mexico\\\/#primaryimage\"},\"image\":{\"@id\":\"https:\\\/\\\/zonacaral.gob.pe\\\/en\\\/noticias\\\/exposicion-sobre-caral-en-mexico\\\/#primaryimage\"},\"thumbnailUrl\":\"https:\\\/\\\/zonacaral.gob.pe\\\/wp-content\\\/uploads\\\/2016\\\/03\\\/anpradio-23-03-2016-shady-mexico.jpg\",\"datePublished\":\"2016-03-23T20:45:16+00:00\",\"author\":{\"@id\":\"https:\\\/\\\/zonacaral.gob.pe\\\/es\\\/#\\\/schema\\\/person\\\/beddb4d22f71a7230c5b90913270a0ee\"},\"description\":\"La. Dra. Ruth Shady, demostr\u00f3 que la civilizaci\u00f3n Caral \u2013 la m\u00e1s antigua de Per\u00fa y del continente americano \u2013 aprovech\u00f3 los recursos naturales respetando el medio ambiente, desarroll\u00f3 tecnolog\u00edas de construcci\u00f3n sismorresistente y gener\u00f3 una organizaci\u00f3n centralizada con autoridades pol\u00edticas que conformaron un sistema social de tipo estatal.\",\"breadcrumb\":{\"@id\":\"https:\\\/\\\/zonacaral.gob.pe\\\/en\\\/noticias\\\/exposicion-sobre-caral-en-mexico\\\/#breadcrumb\"},\"inLanguage\":\"en-US\",\"potentialAction\":[{\"@type\":\"ReadAction\",\"target\":[\"https:\\\/\\\/zonacaral.gob.pe\\\/en\\\/noticias\\\/exposicion-sobre-caral-en-mexico\\\/\"]}]},{\"@type\":\"ImageObject\",\"inLanguage\":\"en-US\",\"@id\":\"https:\\\/\\\/zonacaral.gob.pe\\\/en\\\/noticias\\\/exposicion-sobre-caral-en-mexico\\\/#primaryimage\",\"url\":\"https:\\\/\\\/zonacaral.gob.pe\\\/wp-content\\\/uploads\\\/2016\\\/03\\\/anpradio-23-03-2016-shady-mexico.jpg\",\"contentUrl\":\"https:\\\/\\\/zonacaral.gob.pe\\\/wp-content\\\/uploads\\\/2016\\\/03\\\/anpradio-23-03-2016-shady-mexico.jpg\",\"width\":800,\"height\":422},{\"@type\":\"BreadcrumbList\",\"@id\":\"https:\\\/\\\/zonacaral.gob.pe\\\/en\\\/noticias\\\/exposicion-sobre-caral-en-mexico\\\/#breadcrumb\",\"itemListElement\":[{\"@type\":\"ListItem\",\"position\":1,\"name\":\"Portada\",\"item\":\"https:\\\/\\\/zonacaral.gob.pe\\\/\"},{\"@type\":\"ListItem\",\"position\":2,\"name\":\"Exposici\u00f3n sobre Caral en M\u00e9xico\"}]},{\"@type\":\"WebSite\",\"@id\":\"https:\\\/\\\/zonacaral.gob.pe\\\/es\\\/#website\",\"url\":\"https:\\\/\\\/zonacaral.gob.pe\\\/es\\\/\",\"name\":\"Zona Caral\",\"description\":\"Investigamos, conservamos y difundimos el patrimonio cultural de la Civilizaci\u00f3n Caral, la m\u00e1s antigua de Am\u00e9rica.\",\"potentialAction\":[{\"@type\":\"SearchAction\",\"target\":{\"@type\":\"EntryPoint\",\"urlTemplate\":\"https:\\\/\\\/zonacaral.gob.pe\\\/es\\\/?s={search_term_string}\"},\"query-input\":{\"@type\":\"PropertyValueSpecification\",\"valueRequired\":true,\"valueName\":\"search_term_string\"}}],\"inLanguage\":\"en-US\"},{\"@type\":\"Person\",\"@id\":\"https:\\\/\\\/zonacaral.gob.pe\\\/es\\\/#\\\/schema\\\/person\\\/beddb4d22f71a7230c5b90913270a0ee\",\"name\":\"Zona Caral Administrador\",\"image\":{\"@type\":\"ImageObject\",\"inLanguage\":\"en-US\",\"@id\":\"https:\\\/\\\/secure.gravatar.com\\\/avatar\\\/e4be162918a696358376de6446614e0f0f4062bdc5d170d6d540ada3d8b58c12?s=96&d=mm&r=g\",\"url\":\"https:\\\/\\\/secure.gravatar.com\\\/avatar\\\/e4be162918a696358376de6446614e0f0f4062bdc5d170d6d540ada3d8b58c12?s=96&d=mm&r=g\",\"contentUrl\":\"https:\\\/\\\/secure.gravatar.com\\\/avatar\\\/e4be162918a696358376de6446614e0f0f4062bdc5d170d6d540ada3d8b58c12?s=96&d=mm&r=g\",\"caption\":\"Zona Caral Administrador\"},\"sameAs\":[\"https:\\\/\\\/zonacaral.gob.pe\"],\"url\":\"https:\\\/\\\/zonacaral.gob.pe\\\/en\\\/noticias\\\/author\\\/ad_zonacaral\\\/\"}]}<\/script>\n<!-- \/ Yoast SEO plugin. -->","yoast_head_json":{"title":"Exposici\u00f3n sobre Caral en M\u00e9xico","description":"La. Dra. Ruth Shady, demostr\u00f3 que la civilizaci\u00f3n Caral \u2013 la m\u00e1s antigua de Per\u00fa y del continente americano \u2013 aprovech\u00f3 los recursos naturales respetando el medio ambiente, desarroll\u00f3 tecnolog\u00edas de construcci\u00f3n sismorresistente y gener\u00f3 una organizaci\u00f3n centralizada con autoridades pol\u00edticas que conformaron un sistema social de tipo estatal.","robots":{"index":"index","follow":"follow","max-snippet":"max-snippet:-1","max-image-preview":"max-image-preview:large","max-video-preview":"max-video-preview:-1"},"canonical":"https:\/\/zonacaral.gob.pe\/en\/noticias\/exposicion-sobre-caral-en-mexico\/","og_locale":"en_US","og_type":"article","og_title":"Exposici\u00f3n sobre Caral en M\u00e9xico","og_description":"La. Dra. Ruth Shady, demostr\u00f3 que la civilizaci\u00f3n Caral \u2013 la m\u00e1s antigua de Per\u00fa y del continente americano \u2013 aprovech\u00f3 los recursos naturales respetando el medio ambiente, desarroll\u00f3 tecnolog\u00edas de construcci\u00f3n sismorresistente y gener\u00f3 una organizaci\u00f3n centralizada con autoridades pol\u00edticas que conformaron un sistema social de tipo estatal.","og_url":"https:\/\/zonacaral.gob.pe\/en\/noticias\/exposicion-sobre-caral-en-mexico\/","og_site_name":"Zona Caral","article_published_time":"2016-03-23T20:45:16+00:00","og_image":[{"width":800,"height":422,"url":"https:\/\/zonacaral.gob.pe\/wp-content\/uploads\/2016\/03\/anpradio-23-03-2016-shady-mexico.jpg","type":"image\/jpeg"}],"author":"Zona Caral Administrador","twitter_card":"summary_large_image","twitter_misc":{"Written by":"Zona Caral Administrador","Est. reading time":"1 minute"},"schema":{"@context":"https:\/\/schema.org","@graph":[{"@type":"Article","@id":"https:\/\/zonacaral.gob.pe\/en\/noticias\/exposicion-sobre-caral-en-mexico\/#article","isPartOf":{"@id":"https:\/\/zonacaral.gob.pe\/en\/noticias\/exposicion-sobre-caral-en-mexico\/"},"author":{"name":"Zona Caral Administrador","@id":"https:\/\/zonacaral.gob.pe\/es\/#\/schema\/person\/beddb4d22f71a7230c5b90913270a0ee"},"headline":"Exposici\u00f3n sobre Caral en M\u00e9xico","datePublished":"2016-03-23T20:45:16+00:00","mainEntityOfPage":{"@id":"https:\/\/zonacaral.gob.pe\/en\/noticias\/exposicion-sobre-caral-en-mexico\/"},"wordCount":241,"image":{"@id":"https:\/\/zonacaral.gob.pe\/en\/noticias\/exposicion-sobre-caral-en-mexico\/#primaryimage"},"thumbnailUrl":"https:\/\/zonacaral.gob.pe\/wp-content\/uploads\/2016\/03\/anpradio-23-03-2016-shady-mexico.jpg","keywords":["caral","m\u00e9xico","Ruth Shady"],"articleSection":["noticias"],"inLanguage":"en-US"},{"@type":"WebPage","@id":"https:\/\/zonacaral.gob.pe\/en\/noticias\/exposicion-sobre-caral-en-mexico\/","url":"https:\/\/zonacaral.gob.pe\/en\/noticias\/exposicion-sobre-caral-en-mexico\/","name":"Exposici\u00f3n sobre Caral en M\u00e9xico","isPartOf":{"@id":"https:\/\/zonacaral.gob.pe\/es\/#website"},"primaryImageOfPage":{"@id":"https:\/\/zonacaral.gob.pe\/en\/noticias\/exposicion-sobre-caral-en-mexico\/#primaryimage"},"image":{"@id":"https:\/\/zonacaral.gob.pe\/en\/noticias\/exposicion-sobre-caral-en-mexico\/#primaryimage"},"thumbnailUrl":"https:\/\/zonacaral.gob.pe\/wp-content\/uploads\/2016\/03\/anpradio-23-03-2016-shady-mexico.jpg","datePublished":"2016-03-23T20:45:16+00:00","author":{"@id":"https:\/\/zonacaral.gob.pe\/es\/#\/schema\/person\/beddb4d22f71a7230c5b90913270a0ee"},"description":"La. Dra. Ruth Shady, demostr\u00f3 que la civilizaci\u00f3n Caral \u2013 la m\u00e1s antigua de Per\u00fa y del continente americano \u2013 aprovech\u00f3 los recursos naturales respetando el medio ambiente, desarroll\u00f3 tecnolog\u00edas de construcci\u00f3n sismorresistente y gener\u00f3 una organizaci\u00f3n centralizada con autoridades pol\u00edticas que conformaron un sistema social de tipo estatal.","breadcrumb":{"@id":"https:\/\/zonacaral.gob.pe\/en\/noticias\/exposicion-sobre-caral-en-mexico\/#breadcrumb"},"inLanguage":"en-US","potentialAction":[{"@type":"ReadAction","target":["https:\/\/zonacaral.gob.pe\/en\/noticias\/exposicion-sobre-caral-en-mexico\/"]}]},{"@type":"ImageObject","inLanguage":"en-US","@id":"https:\/\/zonacaral.gob.pe\/en\/noticias\/exposicion-sobre-caral-en-mexico\/#primaryimage","url":"https:\/\/zonacaral.gob.pe\/wp-content\/uploads\/2016\/03\/anpradio-23-03-2016-shady-mexico.jpg","contentUrl":"https:\/\/zonacaral.gob.pe\/wp-content\/uploads\/2016\/03\/anpradio-23-03-2016-shady-mexico.jpg","width":800,"height":422},{"@type":"BreadcrumbList","@id":"https:\/\/zonacaral.gob.pe\/en\/noticias\/exposicion-sobre-caral-en-mexico\/#breadcrumb","itemListElement":[{"@type":"ListItem","position":1,"name":"Portada","item":"https:\/\/zonacaral.gob.pe\/"},{"@type":"ListItem","position":2,"name":"Exposici\u00f3n sobre Caral en M\u00e9xico"}]},{"@type":"WebSite","@id":"https:\/\/zonacaral.gob.pe\/es\/#website","url":"https:\/\/zonacaral.gob.pe\/es\/","name":"Zona Caral","description":"Investigamos, conservamos y difundimos el patrimonio cultural de la Civilizaci\u00f3n Caral, la m\u00e1s antigua de Am\u00e9rica.","potentialAction":[{"@type":"SearchAction","target":{"@type":"EntryPoint","urlTemplate":"https:\/\/zonacaral.gob.pe\/es\/?s={search_term_string}"},"query-input":{"@type":"PropertyValueSpecification","valueRequired":true,"valueName":"search_term_string"}}],"inLanguage":"en-US"},{"@type":"Person","@id":"https:\/\/zonacaral.gob.pe\/es\/#\/schema\/person\/beddb4d22f71a7230c5b90913270a0ee","name":"Zona Caral Administrador","image":{"@type":"ImageObject","inLanguage":"en-US","@id":"https:\/\/secure.gravatar.com\/avatar\/e4be162918a696358376de6446614e0f0f4062bdc5d170d6d540ada3d8b58c12?s=96&d=mm&r=g","url":"https:\/\/secure.gravatar.com\/avatar\/e4be162918a696358376de6446614e0f0f4062bdc5d170d6d540ada3d8b58c12?s=96&d=mm&r=g","contentUrl":"https:\/\/secure.gravatar.com\/avatar\/e4be162918a696358376de6446614e0f0f4062bdc5d170d6d540ada3d8b58c12?s=96&d=mm&r=g","caption":"Zona Caral Administrador"},"sameAs":["https:\/\/zonacaral.gob.pe"],"url":"https:\/\/zonacaral.gob.pe\/en\/noticias\/author\/ad_zonacaral\/"}]}},"_links":{"self":[{"href":"https:\/\/zonacaral.gob.pe\/en\/wp-json\/wp\/v2\/posts\/10357","targetHints":{"allow":["GET"]}}],"collection":[{"href":"https:\/\/zonacaral.gob.pe\/en\/wp-json\/wp\/v2\/posts"}],"about":[{"href":"https:\/\/zonacaral.gob.pe\/en\/wp-json\/wp\/v2\/types\/post"}],"author":[{"embeddable":true,"href":"https:\/\/zonacaral.gob.pe\/en\/wp-json\/wp\/v2\/users\/1"}],"replies":[{"embeddable":true,"href":"https:\/\/zonacaral.gob.pe\/en\/wp-json\/wp\/v2\/comments?post=10357"}],"version-history":[{"count":0,"href":"https:\/\/zonacaral.gob.pe\/en\/wp-json\/wp\/v2\/posts\/10357\/revisions"}],"wp:featuredmedia":[{"embeddable":true,"href":"https:\/\/zonacaral.gob.pe\/en\/wp-json\/wp\/v2\/media\/10387"}],"wp:attachment":[{"href":"https:\/\/zonacaral.gob.pe\/en\/wp-json\/wp\/v2\/media?parent=10357"}],"wp:term":[{"taxonomy":"category","embeddable":true,"href":"https:\/\/zonacaral.gob.pe\/en\/wp-json\/wp\/v2\/categories?post=10357"},{"taxonomy":"post_tag","embeddable":true,"href":"https:\/\/zonacaral.gob.pe\/en\/wp-json\/wp\/v2\/tags?post=10357"}],"curies":[{"name":"wp","href":"https:\/\/api.w.org\/{rel}","templated":true}]}}