{"id":10479,"date":"2016-04-22T11:13:59","date_gmt":"2016-04-22T16:13:59","guid":{"rendered":"http:\/\/www.zonacaral.gob.pe\/?p=10479"},"modified":"2016-04-22T11:13:59","modified_gmt":"2016-04-22T16:13:59","slug":"ruth-shady-y-walter-alva-dictaron-conferencia-magistral-en-la-uni","status":"publish","type":"post","link":"https:\/\/zonacaral.gob.pe\/en\/noticias\/ruth-shady-y-walter-alva-dictaron-conferencia-magistral-en-la-uni\/","title":{"rendered":"Ruth Shady y Walter Alva dictaron conferencia magistral en la UNI"},"content":{"rendered":"<figure class=\"pic-autor\" style=\"color: #4d4d4d;\"><\/figure>\n<p style=\"text-align: justify;\">Los arque\u00f3logos m\u00e1s destacados de los \u00faltimos tiempos en nuestro pa\u00eds, doctores Ruth Shady Sol\u00eds y Walter Alva Alva, se presentaron el 20 de abril, en el Teatro de la Universidad Nacional de Ingenier\u00eda (UNI) para dar una conferencia magistral con motivo del D\u00eda Mundial de los Monumentos y Sitios Arqueol\u00f3gicos.<\/p>\n<p style=\"text-align: justify;\">Durante la cita, ambos arque\u00f3logos expusieron sobre sus m\u00e1s destacados descubrimientos a centenares de j\u00f3venes que esperaban en un teatro totalmente lleno. La Dra. Ruth Shady inici\u00f3 la conferencia con la exposici\u00f3n \u201cEl patrimonio cultural como recurso para el desarrollo del Per\u00fa\u201d y seguido le toc\u00f3 el turno al Dr. Walter Alva con la ponencia \u201cSip\u00e1n, el monumento. Descubrimientos, gesti\u00f3n, museo e investigaciones\u201d.<\/p>\n<p style=\"text-align: justify;\"><img fetchpriority=\"high\" decoding=\"async\" class=\"alignleft wp-image-10480\" src=\"http:\/\/www.zonacaral.gob.pe\/wp-content\/uploads\/2016\/04\/21-04-2016-uni-alva.jpg\" alt=\"21-04-2016-uni-alva\" width=\"351\" height=\"234\" srcset=\"https:\/\/zonacaral.gob.pe\/wp-content\/uploads\/2016\/04\/21-04-2016-uni-alva.jpg 800w, https:\/\/zonacaral.gob.pe\/wp-content\/uploads\/2016\/04\/21-04-2016-uni-alva-300x200.jpg 300w, https:\/\/zonacaral.gob.pe\/wp-content\/uploads\/2016\/04\/21-04-2016-uni-alva-768x512.jpg 768w\" sizes=\"(max-width: 351px) 100vw, 351px\" \/>Finalmente, el evento culmin\u00f3 con el discurso de reconocimiento del rector de la UNI, Dr. Jorge Alva Hurtado, a ambos invitados por el trabajo que vienen realizando para contribuir al descubrimiento, difusi\u00f3n y puesta en valor de los conocimientos y tecnolog\u00edas de los antiguos peruanos.<\/p>\n<p style=\"text-align: justify;\">Se cont\u00f3 con la presencia de invitados externos como el Obispo de la Di\u00f3cesis de Carabayllo, Mons. Lino Panizza Richero; y el rector de la Universidad Cat\u00f3lica Sede Sapientiae, Dr. C\u00e9sar Buend\u00eda Romero. Asimismo, por la UNI, el decano de la Facultad de Arquitectura, Urbanismo y Artes de la UNI, MSc. Arq. Jos\u00e9 Beingolea del Carpio; director del Centro Cultural, MSc. Arq. Robinson Ortiz Agama; y el coordinador de la Red Cultural y Patrimonial de Lima Norte, Lic. Fernando Caller Salas.<\/p>\n<p style=\"text-align: justify;\">Fuente:<span style=\"color: #800000;\">\u00a0<\/span><a href=\"http:\/\/www.uni.edu.pe\/index.php\/rss\/item\/1317-ruth-shady-y-walter-alva-dictaron-conferencia-magistral-en-la-uni\">UNI<\/a><\/p>\n<p>Fecha de publicaci\u00f3n: 21\/04\/2016<\/p>","protected":false},"excerpt":{"rendered":"<p>Los arque\u00f3logos m\u00e1s destacados de los \u00faltimos tiempos en nuestro pa\u00eds, doctores Ruth Shady Sol\u00eds y Walter Alva Alva, se [&hellip;]<\/p>\n","protected":false},"author":1,"featured_media":10483,"comment_status":"closed","ping_status":"open","sticky":false,"template":"","format":"standard","meta":{"_acf_changed":false,"site-sidebar-layout":"default","site-content-layout":"","ast-site-content-layout":"default","site-content-style":"default","site-sidebar-style":"default","ast-global-header-display":"","ast-banner-title-visibility":"","ast-main-header-display":"","ast-hfb-above-header-display":"","ast-hfb-below-header-display":"","ast-hfb-mobile-header-display":"","site-post-title":"","ast-breadcrumbs-content":"","ast-featured-img":"","footer-sml-layout":"","ast-disable-related-posts":"","theme-transparent-header-meta":"","adv-header-id-meta":"","stick-header-meta":"","header-above-stick-meta":"","header-main-stick-meta":"","header-below-stick-meta":"","astra-migrate-meta-layouts":"default","ast-page-background-enabled":"default","ast-page-background-meta":{"desktop":{"background-color":"var(--ast-global-color-5)","background-image":"","background-repeat":"repeat","background-position":"center center","background-size":"auto","background-attachment":"scroll","background-type":"","background-media":"","overlay-type":"","overlay-color":"","overlay-opacity":"","overlay-gradient":""},"tablet":{"background-color":"","background-image":"","background-repeat":"repeat","background-position":"center center","background-size":"auto","background-attachment":"scroll","background-type":"","background-media":"","overlay-type":"","overlay-color":"","overlay-opacity":"","overlay-gradient":""},"mobile":{"background-color":"","background-image":"","background-repeat":"repeat","background-position":"center center","background-size":"auto","background-attachment":"scroll","background-type":"","background-media":"","overlay-type":"","overlay-color":"","overlay-opacity":"","overlay-gradient":""}},"ast-content-background-meta":{"desktop":{"background-color":"var(--ast-global-color-4)","background-image":"","background-repeat":"repeat","background-position":"center center","background-size":"auto","background-attachment":"scroll","background-type":"","background-media":"","overlay-type":"","overlay-color":"","overlay-opacity":"","overlay-gradient":""},"tablet":{"background-color":"var(--ast-global-color-4)","background-image":"","background-repeat":"repeat","background-position":"center center","background-size":"auto","background-attachment":"scroll","background-type":"","background-media":"","overlay-type":"","overlay-color":"","overlay-opacity":"","overlay-gradient":""},"mobile":{"background-color":"var(--ast-global-color-4)","background-image":"","background-repeat":"repeat","background-position":"center center","background-size":"auto","background-attachment":"scroll","background-type":"","background-media":"","overlay-type":"","overlay-color":"","overlay-opacity":"","overlay-gradient":""}},"footnotes":""},"categories":[208],"tags":[82,117,120],"class_list":["post-10479","post","type-post","status-publish","format-standard","has-post-thumbnail","hentry","category-noticias","tag-ruth-shady","tag-uni","tag-walter-alva"],"acf":[],"yoast_head":"<!-- This site is optimized with the Yoast SEO plugin v27.3 - https:\/\/yoast.com\/product\/yoast-seo-wordpress\/ -->\n<title>Ruth Shady y Walter Alva dictan conferencia magistral en la UNI<\/title>\n<meta name=\"description\" content=\"Los arque\u00f3logos m\u00e1s destacados de los \u00faltimos tiempos en nuestro pa\u00eds, doctores Ruth Shady Sol\u00eds y Walter Alva Alva, se presentaron el 20 de abril, en el Teatro de la Universidad Nacional de Ingenier\u00eda (UNI) para dar una conferencia magistral con motivo del D\u00eda Mundial de los Monumentos y Sitios Arqueol\u00f3gicos.\" \/>\n<meta name=\"robots\" content=\"index, follow, max-snippet:-1, max-image-preview:large, max-video-preview:-1\" \/>\n<link rel=\"canonical\" href=\"https:\/\/zonacaral.gob.pe\/en\/noticias\/ruth-shady-y-walter-alva-dictaron-conferencia-magistral-en-la-uni\/\" \/>\n<meta property=\"og:locale\" content=\"en_US\" \/>\n<meta property=\"og:type\" content=\"article\" \/>\n<meta property=\"og:title\" content=\"Ruth Shady y Walter Alva dictan conferencia magistral en la UNI\" \/>\n<meta property=\"og:description\" content=\"Los arque\u00f3logos m\u00e1s destacados de los \u00faltimos tiempos en nuestro pa\u00eds, doctores Ruth Shady Sol\u00eds y Walter Alva Alva, se presentaron el 20 de abril, en el Teatro de la Universidad Nacional de Ingenier\u00eda (UNI) para dar una conferencia magistral con motivo del D\u00eda Mundial de los Monumentos y Sitios Arqueol\u00f3gicos.\" \/>\n<meta property=\"og:url\" content=\"https:\/\/zonacaral.gob.pe\/en\/noticias\/ruth-shady-y-walter-alva-dictaron-conferencia-magistral-en-la-uni\/\" \/>\n<meta property=\"og:site_name\" content=\"Zona Caral\" \/>\n<meta property=\"article:published_time\" content=\"2016-04-22T16:13:59+00:00\" \/>\n<meta property=\"og:image\" content=\"https:\/\/zonacaral.gob.pe\/wp-content\/uploads\/2016\/04\/21-04-2016-uni-ruth-shady.jpg\" \/>\n\t<meta property=\"og:image:width\" content=\"1200\" \/>\n\t<meta property=\"og:image:height\" content=\"741\" \/>\n\t<meta property=\"og:image:type\" content=\"image\/jpeg\" \/>\n<meta name=\"author\" content=\"Zona Caral Administrador\" \/>\n<meta name=\"twitter:card\" content=\"summary_large_image\" \/>\n<meta name=\"twitter:label1\" content=\"Written by\" \/>\n\t<meta name=\"twitter:data1\" content=\"Zona Caral Administrador\" \/>\n\t<meta name=\"twitter:label2\" content=\"Est. reading time\" \/>\n\t<meta name=\"twitter:data2\" content=\"1 minute\" \/>\n<script type=\"application\/ld+json\" class=\"yoast-schema-graph\">{\"@context\":\"https:\\\/\\\/schema.org\",\"@graph\":[{\"@type\":\"Article\",\"@id\":\"https:\\\/\\\/zonacaral.gob.pe\\\/en\\\/noticias\\\/ruth-shady-y-walter-alva-dictaron-conferencia-magistral-en-la-uni\\\/#article\",\"isPartOf\":{\"@id\":\"https:\\\/\\\/zonacaral.gob.pe\\\/en\\\/noticias\\\/ruth-shady-y-walter-alva-dictaron-conferencia-magistral-en-la-uni\\\/\"},\"author\":{\"name\":\"Zona Caral Administrador\",\"@id\":\"https:\\\/\\\/zonacaral.gob.pe\\\/es\\\/#\\\/schema\\\/person\\\/beddb4d22f71a7230c5b90913270a0ee\"},\"headline\":\"Ruth Shady y Walter Alva dictaron conferencia magistral en la UNI\",\"datePublished\":\"2016-04-22T16:13:59+00:00\",\"mainEntityOfPage\":{\"@id\":\"https:\\\/\\\/zonacaral.gob.pe\\\/en\\\/noticias\\\/ruth-shady-y-walter-alva-dictaron-conferencia-magistral-en-la-uni\\\/\"},\"wordCount\":275,\"image\":{\"@id\":\"https:\\\/\\\/zonacaral.gob.pe\\\/en\\\/noticias\\\/ruth-shady-y-walter-alva-dictaron-conferencia-magistral-en-la-uni\\\/#primaryimage\"},\"thumbnailUrl\":\"https:\\\/\\\/zonacaral.gob.pe\\\/wp-content\\\/uploads\\\/2016\\\/04\\\/21-04-2016-uni-ruth-shady.jpg\",\"keywords\":[\"Ruth Shady\",\"UNI\",\"walter alva\"],\"articleSection\":[\"noticias\"],\"inLanguage\":\"en-US\"},{\"@type\":\"WebPage\",\"@id\":\"https:\\\/\\\/zonacaral.gob.pe\\\/en\\\/noticias\\\/ruth-shady-y-walter-alva-dictaron-conferencia-magistral-en-la-uni\\\/\",\"url\":\"https:\\\/\\\/zonacaral.gob.pe\\\/en\\\/noticias\\\/ruth-shady-y-walter-alva-dictaron-conferencia-magistral-en-la-uni\\\/\",\"name\":\"Ruth Shady y Walter Alva dictan conferencia magistral en la UNI\",\"isPartOf\":{\"@id\":\"https:\\\/\\\/zonacaral.gob.pe\\\/es\\\/#website\"},\"primaryImageOfPage\":{\"@id\":\"https:\\\/\\\/zonacaral.gob.pe\\\/en\\\/noticias\\\/ruth-shady-y-walter-alva-dictaron-conferencia-magistral-en-la-uni\\\/#primaryimage\"},\"image\":{\"@id\":\"https:\\\/\\\/zonacaral.gob.pe\\\/en\\\/noticias\\\/ruth-shady-y-walter-alva-dictaron-conferencia-magistral-en-la-uni\\\/#primaryimage\"},\"thumbnailUrl\":\"https:\\\/\\\/zonacaral.gob.pe\\\/wp-content\\\/uploads\\\/2016\\\/04\\\/21-04-2016-uni-ruth-shady.jpg\",\"datePublished\":\"2016-04-22T16:13:59+00:00\",\"author\":{\"@id\":\"https:\\\/\\\/zonacaral.gob.pe\\\/es\\\/#\\\/schema\\\/person\\\/beddb4d22f71a7230c5b90913270a0ee\"},\"description\":\"Los arque\u00f3logos m\u00e1s destacados de los \u00faltimos tiempos en nuestro pa\u00eds, doctores Ruth Shady Sol\u00eds y Walter Alva Alva, se presentaron el 20 de abril, en el Teatro de la Universidad Nacional de Ingenier\u00eda (UNI) para dar una conferencia magistral con motivo del D\u00eda Mundial de los Monumentos y Sitios Arqueol\u00f3gicos.\",\"breadcrumb\":{\"@id\":\"https:\\\/\\\/zonacaral.gob.pe\\\/en\\\/noticias\\\/ruth-shady-y-walter-alva-dictaron-conferencia-magistral-en-la-uni\\\/#breadcrumb\"},\"inLanguage\":\"en-US\",\"potentialAction\":[{\"@type\":\"ReadAction\",\"target\":[\"https:\\\/\\\/zonacaral.gob.pe\\\/en\\\/noticias\\\/ruth-shady-y-walter-alva-dictaron-conferencia-magistral-en-la-uni\\\/\"]}]},{\"@type\":\"ImageObject\",\"inLanguage\":\"en-US\",\"@id\":\"https:\\\/\\\/zonacaral.gob.pe\\\/en\\\/noticias\\\/ruth-shady-y-walter-alva-dictaron-conferencia-magistral-en-la-uni\\\/#primaryimage\",\"url\":\"https:\\\/\\\/zonacaral.gob.pe\\\/wp-content\\\/uploads\\\/2016\\\/04\\\/21-04-2016-uni-ruth-shady.jpg\",\"contentUrl\":\"https:\\\/\\\/zonacaral.gob.pe\\\/wp-content\\\/uploads\\\/2016\\\/04\\\/21-04-2016-uni-ruth-shady.jpg\",\"width\":1200,\"height\":741},{\"@type\":\"BreadcrumbList\",\"@id\":\"https:\\\/\\\/zonacaral.gob.pe\\\/en\\\/noticias\\\/ruth-shady-y-walter-alva-dictaron-conferencia-magistral-en-la-uni\\\/#breadcrumb\",\"itemListElement\":[{\"@type\":\"ListItem\",\"position\":1,\"name\":\"Portada\",\"item\":\"https:\\\/\\\/zonacaral.gob.pe\\\/\"},{\"@type\":\"ListItem\",\"position\":2,\"name\":\"Ruth Shady y Walter Alva dictaron conferencia magistral en la UNI\"}]},{\"@type\":\"WebSite\",\"@id\":\"https:\\\/\\\/zonacaral.gob.pe\\\/es\\\/#website\",\"url\":\"https:\\\/\\\/zonacaral.gob.pe\\\/es\\\/\",\"name\":\"Zona Caral\",\"description\":\"Investigamos, conservamos y difundimos el patrimonio cultural de la Civilizaci\u00f3n Caral, la m\u00e1s antigua de Am\u00e9rica.\",\"potentialAction\":[{\"@type\":\"SearchAction\",\"target\":{\"@type\":\"EntryPoint\",\"urlTemplate\":\"https:\\\/\\\/zonacaral.gob.pe\\\/es\\\/?s={search_term_string}\"},\"query-input\":{\"@type\":\"PropertyValueSpecification\",\"valueRequired\":true,\"valueName\":\"search_term_string\"}}],\"inLanguage\":\"en-US\"},{\"@type\":\"Person\",\"@id\":\"https:\\\/\\\/zonacaral.gob.pe\\\/es\\\/#\\\/schema\\\/person\\\/beddb4d22f71a7230c5b90913270a0ee\",\"name\":\"Zona Caral Administrador\",\"image\":{\"@type\":\"ImageObject\",\"inLanguage\":\"en-US\",\"@id\":\"https:\\\/\\\/secure.gravatar.com\\\/avatar\\\/e4be162918a696358376de6446614e0f0f4062bdc5d170d6d540ada3d8b58c12?s=96&d=mm&r=g\",\"url\":\"https:\\\/\\\/secure.gravatar.com\\\/avatar\\\/e4be162918a696358376de6446614e0f0f4062bdc5d170d6d540ada3d8b58c12?s=96&d=mm&r=g\",\"contentUrl\":\"https:\\\/\\\/secure.gravatar.com\\\/avatar\\\/e4be162918a696358376de6446614e0f0f4062bdc5d170d6d540ada3d8b58c12?s=96&d=mm&r=g\",\"caption\":\"Zona Caral Administrador\"},\"sameAs\":[\"https:\\\/\\\/zonacaral.gob.pe\"],\"url\":\"https:\\\/\\\/zonacaral.gob.pe\\\/en\\\/noticias\\\/author\\\/ad_zonacaral\\\/\"}]}<\/script>\n<!-- \/ Yoast SEO plugin. -->","yoast_head_json":{"title":"Ruth Shady y Walter Alva dictan conferencia magistral en la UNI","description":"Los arque\u00f3logos m\u00e1s destacados de los \u00faltimos tiempos en nuestro pa\u00eds, doctores Ruth Shady Sol\u00eds y Walter Alva Alva, se presentaron el 20 de abril, en el Teatro de la Universidad Nacional de Ingenier\u00eda (UNI) para dar una conferencia magistral con motivo del D\u00eda Mundial de los Monumentos y Sitios Arqueol\u00f3gicos.","robots":{"index":"index","follow":"follow","max-snippet":"max-snippet:-1","max-image-preview":"max-image-preview:large","max-video-preview":"max-video-preview:-1"},"canonical":"https:\/\/zonacaral.gob.pe\/en\/noticias\/ruth-shady-y-walter-alva-dictaron-conferencia-magistral-en-la-uni\/","og_locale":"en_US","og_type":"article","og_title":"Ruth Shady y Walter Alva dictan conferencia magistral en la UNI","og_description":"Los arque\u00f3logos m\u00e1s destacados de los \u00faltimos tiempos en nuestro pa\u00eds, doctores Ruth Shady Sol\u00eds y Walter Alva Alva, se presentaron el 20 de abril, en el Teatro de la Universidad Nacional de Ingenier\u00eda (UNI) para dar una conferencia magistral con motivo del D\u00eda Mundial de los Monumentos y Sitios Arqueol\u00f3gicos.","og_url":"https:\/\/zonacaral.gob.pe\/en\/noticias\/ruth-shady-y-walter-alva-dictaron-conferencia-magistral-en-la-uni\/","og_site_name":"Zona Caral","article_published_time":"2016-04-22T16:13:59+00:00","og_image":[{"width":1200,"height":741,"url":"https:\/\/zonacaral.gob.pe\/wp-content\/uploads\/2016\/04\/21-04-2016-uni-ruth-shady.jpg","type":"image\/jpeg"}],"author":"Zona Caral Administrador","twitter_card":"summary_large_image","twitter_misc":{"Written by":"Zona Caral Administrador","Est. reading time":"1 minute"},"schema":{"@context":"https:\/\/schema.org","@graph":[{"@type":"Article","@id":"https:\/\/zonacaral.gob.pe\/en\/noticias\/ruth-shady-y-walter-alva-dictaron-conferencia-magistral-en-la-uni\/#article","isPartOf":{"@id":"https:\/\/zonacaral.gob.pe\/en\/noticias\/ruth-shady-y-walter-alva-dictaron-conferencia-magistral-en-la-uni\/"},"author":{"name":"Zona Caral Administrador","@id":"https:\/\/zonacaral.gob.pe\/es\/#\/schema\/person\/beddb4d22f71a7230c5b90913270a0ee"},"headline":"Ruth Shady y Walter Alva dictaron conferencia magistral en la UNI","datePublished":"2016-04-22T16:13:59+00:00","mainEntityOfPage":{"@id":"https:\/\/zonacaral.gob.pe\/en\/noticias\/ruth-shady-y-walter-alva-dictaron-conferencia-magistral-en-la-uni\/"},"wordCount":275,"image":{"@id":"https:\/\/zonacaral.gob.pe\/en\/noticias\/ruth-shady-y-walter-alva-dictaron-conferencia-magistral-en-la-uni\/#primaryimage"},"thumbnailUrl":"https:\/\/zonacaral.gob.pe\/wp-content\/uploads\/2016\/04\/21-04-2016-uni-ruth-shady.jpg","keywords":["Ruth Shady","UNI","walter alva"],"articleSection":["noticias"],"inLanguage":"en-US"},{"@type":"WebPage","@id":"https:\/\/zonacaral.gob.pe\/en\/noticias\/ruth-shady-y-walter-alva-dictaron-conferencia-magistral-en-la-uni\/","url":"https:\/\/zonacaral.gob.pe\/en\/noticias\/ruth-shady-y-walter-alva-dictaron-conferencia-magistral-en-la-uni\/","name":"Ruth Shady y Walter Alva dictan conferencia magistral en la UNI","isPartOf":{"@id":"https:\/\/zonacaral.gob.pe\/es\/#website"},"primaryImageOfPage":{"@id":"https:\/\/zonacaral.gob.pe\/en\/noticias\/ruth-shady-y-walter-alva-dictaron-conferencia-magistral-en-la-uni\/#primaryimage"},"image":{"@id":"https:\/\/zonacaral.gob.pe\/en\/noticias\/ruth-shady-y-walter-alva-dictaron-conferencia-magistral-en-la-uni\/#primaryimage"},"thumbnailUrl":"https:\/\/zonacaral.gob.pe\/wp-content\/uploads\/2016\/04\/21-04-2016-uni-ruth-shady.jpg","datePublished":"2016-04-22T16:13:59+00:00","author":{"@id":"https:\/\/zonacaral.gob.pe\/es\/#\/schema\/person\/beddb4d22f71a7230c5b90913270a0ee"},"description":"Los arque\u00f3logos m\u00e1s destacados de los \u00faltimos tiempos en nuestro pa\u00eds, doctores Ruth Shady Sol\u00eds y Walter Alva Alva, se presentaron el 20 de abril, en el Teatro de la Universidad Nacional de Ingenier\u00eda (UNI) para dar una conferencia magistral con motivo del D\u00eda Mundial de los Monumentos y Sitios Arqueol\u00f3gicos.","breadcrumb":{"@id":"https:\/\/zonacaral.gob.pe\/en\/noticias\/ruth-shady-y-walter-alva-dictaron-conferencia-magistral-en-la-uni\/#breadcrumb"},"inLanguage":"en-US","potentialAction":[{"@type":"ReadAction","target":["https:\/\/zonacaral.gob.pe\/en\/noticias\/ruth-shady-y-walter-alva-dictaron-conferencia-magistral-en-la-uni\/"]}]},{"@type":"ImageObject","inLanguage":"en-US","@id":"https:\/\/zonacaral.gob.pe\/en\/noticias\/ruth-shady-y-walter-alva-dictaron-conferencia-magistral-en-la-uni\/#primaryimage","url":"https:\/\/zonacaral.gob.pe\/wp-content\/uploads\/2016\/04\/21-04-2016-uni-ruth-shady.jpg","contentUrl":"https:\/\/zonacaral.gob.pe\/wp-content\/uploads\/2016\/04\/21-04-2016-uni-ruth-shady.jpg","width":1200,"height":741},{"@type":"BreadcrumbList","@id":"https:\/\/zonacaral.gob.pe\/en\/noticias\/ruth-shady-y-walter-alva-dictaron-conferencia-magistral-en-la-uni\/#breadcrumb","itemListElement":[{"@type":"ListItem","position":1,"name":"Portada","item":"https:\/\/zonacaral.gob.pe\/"},{"@type":"ListItem","position":2,"name":"Ruth Shady y Walter Alva dictaron conferencia magistral en la UNI"}]},{"@type":"WebSite","@id":"https:\/\/zonacaral.gob.pe\/es\/#website","url":"https:\/\/zonacaral.gob.pe\/es\/","name":"Zona Caral","description":"Investigamos, conservamos y difundimos el patrimonio cultural de la Civilizaci\u00f3n Caral, la m\u00e1s antigua de Am\u00e9rica.","potentialAction":[{"@type":"SearchAction","target":{"@type":"EntryPoint","urlTemplate":"https:\/\/zonacaral.gob.pe\/es\/?s={search_term_string}"},"query-input":{"@type":"PropertyValueSpecification","valueRequired":true,"valueName":"search_term_string"}}],"inLanguage":"en-US"},{"@type":"Person","@id":"https:\/\/zonacaral.gob.pe\/es\/#\/schema\/person\/beddb4d22f71a7230c5b90913270a0ee","name":"Zona Caral Administrador","image":{"@type":"ImageObject","inLanguage":"en-US","@id":"https:\/\/secure.gravatar.com\/avatar\/e4be162918a696358376de6446614e0f0f4062bdc5d170d6d540ada3d8b58c12?s=96&d=mm&r=g","url":"https:\/\/secure.gravatar.com\/avatar\/e4be162918a696358376de6446614e0f0f4062bdc5d170d6d540ada3d8b58c12?s=96&d=mm&r=g","contentUrl":"https:\/\/secure.gravatar.com\/avatar\/e4be162918a696358376de6446614e0f0f4062bdc5d170d6d540ada3d8b58c12?s=96&d=mm&r=g","caption":"Zona Caral Administrador"},"sameAs":["https:\/\/zonacaral.gob.pe"],"url":"https:\/\/zonacaral.gob.pe\/en\/noticias\/author\/ad_zonacaral\/"}]}},"_links":{"self":[{"href":"https:\/\/zonacaral.gob.pe\/en\/wp-json\/wp\/v2\/posts\/10479","targetHints":{"allow":["GET"]}}],"collection":[{"href":"https:\/\/zonacaral.gob.pe\/en\/wp-json\/wp\/v2\/posts"}],"about":[{"href":"https:\/\/zonacaral.gob.pe\/en\/wp-json\/wp\/v2\/types\/post"}],"author":[{"embeddable":true,"href":"https:\/\/zonacaral.gob.pe\/en\/wp-json\/wp\/v2\/users\/1"}],"replies":[{"embeddable":true,"href":"https:\/\/zonacaral.gob.pe\/en\/wp-json\/wp\/v2\/comments?post=10479"}],"version-history":[{"count":0,"href":"https:\/\/zonacaral.gob.pe\/en\/wp-json\/wp\/v2\/posts\/10479\/revisions"}],"wp:featuredmedia":[{"embeddable":true,"href":"https:\/\/zonacaral.gob.pe\/en\/wp-json\/wp\/v2\/media\/10483"}],"wp:attachment":[{"href":"https:\/\/zonacaral.gob.pe\/en\/wp-json\/wp\/v2\/media?parent=10479"}],"wp:term":[{"taxonomy":"category","embeddable":true,"href":"https:\/\/zonacaral.gob.pe\/en\/wp-json\/wp\/v2\/categories?post=10479"},{"taxonomy":"post_tag","embeddable":true,"href":"https:\/\/zonacaral.gob.pe\/en\/wp-json\/wp\/v2\/tags?post=10479"}],"curies":[{"name":"wp","href":"https:\/\/api.w.org\/{rel}","templated":true}]}}