{"id":10536,"date":"2016-05-09T17:01:37","date_gmt":"2016-05-09T22:01:37","guid":{"rendered":"http:\/\/www.zonacaral.gob.pe\/?p=10536"},"modified":"2016-05-09T17:01:37","modified_gmt":"2016-05-09T22:01:37","slug":"expertos-internacionales-en-preservacion-y-conservacion-de-monumentos-arquitectonicos-se-reunieron-en-lima","status":"publish","type":"post","link":"https:\/\/zonacaral.gob.pe\/en\/noticias\/expertos-internacionales-en-preservacion-y-conservacion-de-monumentos-arquitectonicos-se-reunieron-en-lima\/","title":{"rendered":"Expertos internacionales en preservaci\u00f3n y conservaci\u00f3n de monumentos arquitect\u00f3nicos se reunieron en Lima"},"content":{"rendered":"<figure class=\"pic-autor\" style=\"color: #4d4d4d;\"><\/figure>\n<p style=\"color: #1b1b1b; text-align: justify;\">Con el prop\u00f3sito de contribuir con \u00a0el intercambio\u00a0 de conocimientos y experiencias sobre la preservaci\u00f3n \u00a0y conservaci\u00f3n \u00a0de nuestro patrimonio cultural\u00a0 \u00a0la Zona Arqueol\u00f3gica Caral del Ministerio de Cultura realiz\u00f3 el\u00a0<strong style=\"font-style: inherit;\">IV Taller Internacional de Investigaci\u00f3n, Conservaci\u00f3n y Puesta en Valor de Monumentos Arquitect\u00f3nicos:\u00a0<em style=\"font-weight: inherit;\">Preservaci\u00f3n del Patrimonio Edificado.<\/em><\/strong><\/p>\n<p style=\"color: #1b1b1b; text-align: justify;\">Durante el taller se trataron aspectos te\u00f3ricos y\/o metodol\u00f3gicos de la conservaci\u00f3n y las intervenciones realizadas en edificaciones con arquitectura de piedra, tierra y material org\u00e1nico, \u00a0incluyendo los procedimientos que se deben considerar en relaci\u00f3n a los efectos del cambio clim\u00e1tico sobre los bienes patrimoniales y el paisaje cultural.<\/p>\n<p style=\"color: #1b1b1b; text-align: justify;\">Expertos en arquitectura y arqueolog\u00eda \u00a0provenientes de \u00a0Estados Unidos, Alemania, Israel, Portugal, Italia, Australia y M\u00e9xico, \u00a0pusieron \u00e9nfasis en la aplicaci\u00f3n de\u00a0 metodolog\u00edas e innovaciones tecnol\u00f3gicas para mitigar los efectos y consecuencias \u00a0del cambio clim\u00e1tico en la arquitectura de piedra, tierra y material org\u00e1nico<\/p>\n<p style=\"color: #1b1b1b; text-align: justify;\">La Dra. Ruth Shady Sol\u00eds, Directora de la Zona Arqueol\u00f3gica Caral, resalt\u00f3 que estos encuentros contribuyen en el trabajo responsable y \u00e9tico a favor de la conservaci\u00f3n y preservaci\u00f3n del patrimonio edificado. Durante su exposici\u00f3n explic\u00f3 c\u00f3mo el proceso cultural prehisp\u00e1nico en los Andes Centrales se vio afectado por alteraciones clim\u00e1ticas severas, las que ocasionaron crisis sociales que han quedado evidenciadas en los asentamientos arqueol\u00f3gicos y en la arquitectura de los edificios.<strong style=\"font-style: inherit;\">\u00a0\u00a0<\/strong><\/p>\n<p style=\"color: #1b1b1b; text-align: justify;\">El Dr. Stefan Simon(Alemania), Director del Instituto para la Preservaci\u00f3n del Patrimonio Cultural (IPCH) de la Universidad de Yale, Estados Unidos, expuso sobre el problema de c\u00f3mo preservar los monumentos de piedra ante los efectos del cambio clim\u00e1tico.<\/p>\n<p style=\"color: #1b1b1b; text-align: justify;\">Por su parte el Dr. Renato Peruchio (Italia), Director del Programa de Arqueolog\u00eda, Tecnolog\u00eda y Estructuras Hist\u00f3ricas de la Universidad de Rochester, present\u00f3 los an\u00e1lisis num\u00e9ricos preliminares efectuados por el equipo multidisciplinar de Ingenier\u00eda y Patrimonio de la Pontificia Universidad Cat\u00f3lica del Per\u00fa para evaluar el da\u00f1o estructural y la vulnerabilidad s\u00edsmica de la iglesia San Pedro Ap\u00f3stol de Andahuaylillas, Cusco (s. XVI-XVII), y de la pir\u00e1mide moche de Huaca de la Luna (ca. 100-650 d.C.).<\/p>\n<p style=\"color: #1b1b1b; text-align: justify;\">La Dra. Mariana Correia (Portugal), Presidenta del Consejo de Administraci\u00f3n y Directora del Centro de Investigaci\u00f3n de la Escuela Superior Gallaecia \u00a0\u00a0e Investigadora de la Uni\u00f3n Europea, present\u00f3 la evaluaci\u00f3n de criterios contra el uso impreciso de conceptos aplicados a la intervenci\u00f3n del patrimonio en tierra \u2013lo que implica la definici\u00f3n de marcos de actuaci\u00f3n y criterios claves para una conservaci\u00f3n m\u00e1s coherente-, y propuso una revisi\u00f3n de la normativa de UNESCO sobre protecci\u00f3n del patrimonio edificado en piedra y tierra.<\/p>\n<p style=\"color: #1b1b1b; text-align: justify;\">Durante el evento se rindi\u00f3 un homenaje al arquitecto V\u00edctor Pimentel Gurmendi, miembro de n\u00famero del Instituto de Investigaci\u00f3n del Patrimonio Cultural, asesor de la Conservaci\u00f3n de Monumentos de la Zona Arqueol\u00f3gica Caral y firmante de la Carta de Venecia, Italia 1964; en reconocimiento a su trayectoria profesional y por su contribuci\u00f3n a la conservaci\u00f3n de monumentos arquitect\u00f3nicos.<\/p>\n<p style=\"color: #1b1b1b; text-align: justify;\">La Zona Arqueol\u00f3gica Caral, asumiendo su responsabilidad sobre los bienes edificados, viene impulsando la organizaci\u00f3n de talleres de preservaci\u00f3n y conservaci\u00f3n del patrimonio cultural y su paisaje para reforzar en el Per\u00fa y en otros pa\u00edses, a trav\u00e9s de la interacci\u00f3n acad\u00e9mica, los conocimientos y experiencias entre especialistas nacionales e internacionales.<\/p>\n<p style=\"color: #1b1b1b;\">Web del taller:\u00a0<a style=\"font-weight: inherit; font-style: inherit; color: black;\" href=\"https:\/\/zonacaral.gob.pe\/en\/taller-conservacion2016\/\">zonacaral.gob.pe\/taller-conservacion2016<\/a><\/p>\n<p style=\"text-align: justify;\">Fuente:<span style=\"color: #800000;\">\u00a0<span style=\"color: #993300;\"><a href=\"http:\/\/www.andina.com.pe\/\"><span style=\"color: #993300;\">Agencia Andina<\/span><\/a><\/span><\/span><\/p>\n<p><a href=\"http:\/\/www.andina.com.pe\/\">Fecha de publicaci\u00f3n: 04\/05\/2016<\/a><\/p>","protected":false},"excerpt":{"rendered":"<p>Con el prop\u00f3sito de contribuir con \u00a0el intercambio\u00a0 de conocimientos y experiencias sobre la preservaci\u00f3n \u00a0y conservaci\u00f3n \u00a0de nuestro patrimonio [&hellip;]<\/p>\n","protected":false},"author":1,"featured_media":10537,"comment_status":"closed","ping_status":"open","sticky":false,"template":"","format":"standard","meta":{"_acf_changed":false,"site-sidebar-layout":"default","site-content-layout":"","ast-site-content-layout":"default","site-content-style":"default","site-sidebar-style":"default","ast-global-header-display":"","ast-banner-title-visibility":"","ast-main-header-display":"","ast-hfb-above-header-display":"","ast-hfb-below-header-display":"","ast-hfb-mobile-header-display":"","site-post-title":"","ast-breadcrumbs-content":"","ast-featured-img":"","footer-sml-layout":"","ast-disable-related-posts":"","theme-transparent-header-meta":"","adv-header-id-meta":"","stick-header-meta":"","header-above-stick-meta":"","header-main-stick-meta":"","header-below-stick-meta":"","astra-migrate-meta-layouts":"default","ast-page-background-enabled":"default","ast-page-background-meta":{"desktop":{"background-color":"var(--ast-global-color-5)","background-image":"","background-repeat":"repeat","background-position":"center center","background-size":"auto","background-attachment":"scroll","background-type":"","background-media":"","overlay-type":"","overlay-color":"","overlay-opacity":"","overlay-gradient":""},"tablet":{"background-color":"","background-image":"","background-repeat":"repeat","background-position":"center center","background-size":"auto","background-attachment":"scroll","background-type":"","background-media":"","overlay-type":"","overlay-color":"","overlay-opacity":"","overlay-gradient":""},"mobile":{"background-color":"","background-image":"","background-repeat":"repeat","background-position":"center center","background-size":"auto","background-attachment":"scroll","background-type":"","background-media":"","overlay-type":"","overlay-color":"","overlay-opacity":"","overlay-gradient":""}},"ast-content-background-meta":{"desktop":{"background-color":"var(--ast-global-color-4)","background-image":"","background-repeat":"repeat","background-position":"center center","background-size":"auto","background-attachment":"scroll","background-type":"","background-media":"","overlay-type":"","overlay-color":"","overlay-opacity":"","overlay-gradient":""},"tablet":{"background-color":"var(--ast-global-color-4)","background-image":"","background-repeat":"repeat","background-position":"center center","background-size":"auto","background-attachment":"scroll","background-type":"","background-media":"","overlay-type":"","overlay-color":"","overlay-opacity":"","overlay-gradient":""},"mobile":{"background-color":"var(--ast-global-color-4)","background-image":"","background-repeat":"repeat","background-position":"center center","background-size":"auto","background-attachment":"scroll","background-type":"","background-media":"","overlay-type":"","overlay-color":"","overlay-opacity":"","overlay-gradient":""}},"footnotes":""},"categories":[208],"tags":[],"class_list":["post-10536","post","type-post","status-publish","format-standard","has-post-thumbnail","hentry","category-noticias"],"acf":[],"yoast_head":"<!-- This site is optimized with the Yoast SEO plugin v27.3 - https:\/\/yoast.com\/product\/yoast-seo-wordpress\/ -->\n<title>Expertos internacionales de conservaci\u00f3n en Lima<\/title>\n<meta name=\"description\" content=\"La Zona Arqueol\u00f3gica Caral del Ministerio de Cultura realizo el IV Taller Internacional de Investigaci\u00f3n, Conservaci\u00f3n y Puesta en Valor de Monumentos Arquitect\u00f3nicos: Preservaci\u00f3n del Patrimonio Edificado.\" \/>\n<meta name=\"robots\" content=\"index, follow, max-snippet:-1, max-image-preview:large, max-video-preview:-1\" \/>\n<link rel=\"canonical\" href=\"https:\/\/zonacaral.gob.pe\/en\/noticias\/expertos-internacionales-en-preservacion-y-conservacion-de-monumentos-arquitectonicos-se-reunieron-en-lima\/\" \/>\n<meta property=\"og:locale\" content=\"en_US\" \/>\n<meta property=\"og:type\" content=\"article\" \/>\n<meta property=\"og:title\" content=\"Expertos internacionales de conservaci\u00f3n en Lima\" \/>\n<meta property=\"og:description\" content=\"La Zona Arqueol\u00f3gica Caral del Ministerio de Cultura realizo el IV Taller Internacional de Investigaci\u00f3n, Conservaci\u00f3n y Puesta en Valor de Monumentos Arquitect\u00f3nicos: Preservaci\u00f3n del Patrimonio Edificado.\" \/>\n<meta property=\"og:url\" content=\"https:\/\/zonacaral.gob.pe\/en\/noticias\/expertos-internacionales-en-preservacion-y-conservacion-de-monumentos-arquitectonicos-se-reunieron-en-lima\/\" \/>\n<meta property=\"og:site_name\" content=\"Zona Caral\" \/>\n<meta property=\"article:published_time\" content=\"2016-05-09T22:01:37+00:00\" \/>\n<meta property=\"og:image\" content=\"https:\/\/zonacaral.gob.pe\/wp-content\/uploads\/2016\/05\/mc-taller-09-05-2016.jpg\" \/>\n\t<meta property=\"og:image:width\" content=\"952\" \/>\n\t<meta property=\"og:image:height\" content=\"405\" \/>\n\t<meta property=\"og:image:type\" content=\"image\/jpeg\" \/>\n<meta name=\"author\" content=\"Zona Caral Administrador\" \/>\n<meta name=\"twitter:card\" content=\"summary_large_image\" \/>\n<meta name=\"twitter:label1\" content=\"Written by\" \/>\n\t<meta name=\"twitter:data1\" content=\"Zona Caral Administrador\" \/>\n\t<meta name=\"twitter:label2\" content=\"Est. reading time\" \/>\n\t<meta name=\"twitter:data2\" content=\"3 minutes\" \/>\n<script type=\"application\/ld+json\" class=\"yoast-schema-graph\">{\"@context\":\"https:\\\/\\\/schema.org\",\"@graph\":[{\"@type\":\"Article\",\"@id\":\"https:\\\/\\\/zonacaral.gob.pe\\\/es\\\/noticias\\\/expertos-internacionales-en-preservacion-y-conservacion-de-monumentos-arquitectonicos-se-reunieron-en-lima\\\/#article\",\"isPartOf\":{\"@id\":\"https:\\\/\\\/zonacaral.gob.pe\\\/es\\\/noticias\\\/expertos-internacionales-en-preservacion-y-conservacion-de-monumentos-arquitectonicos-se-reunieron-en-lima\\\/\"},\"author\":{\"name\":\"Zona Caral Administrador\",\"@id\":\"https:\\\/\\\/zonacaral.gob.pe\\\/es\\\/#\\\/schema\\\/person\\\/beddb4d22f71a7230c5b90913270a0ee\"},\"headline\":\"Expertos internacionales en preservaci\u00f3n y conservaci\u00f3n de monumentos arquitect\u00f3nicos se reunieron en Lima\",\"datePublished\":\"2016-05-09T22:01:37+00:00\",\"mainEntityOfPage\":{\"@id\":\"https:\\\/\\\/zonacaral.gob.pe\\\/es\\\/noticias\\\/expertos-internacionales-en-preservacion-y-conservacion-de-monumentos-arquitectonicos-se-reunieron-en-lima\\\/\"},\"wordCount\":620,\"image\":{\"@id\":\"https:\\\/\\\/zonacaral.gob.pe\\\/es\\\/noticias\\\/expertos-internacionales-en-preservacion-y-conservacion-de-monumentos-arquitectonicos-se-reunieron-en-lima\\\/#primaryimage\"},\"thumbnailUrl\":\"https:\\\/\\\/zonacaral.gob.pe\\\/wp-content\\\/uploads\\\/2016\\\/05\\\/mc-taller-09-05-2016.jpg\",\"articleSection\":[\"noticias\"],\"inLanguage\":\"en-US\"},{\"@type\":\"WebPage\",\"@id\":\"https:\\\/\\\/zonacaral.gob.pe\\\/es\\\/noticias\\\/expertos-internacionales-en-preservacion-y-conservacion-de-monumentos-arquitectonicos-se-reunieron-en-lima\\\/\",\"url\":\"https:\\\/\\\/zonacaral.gob.pe\\\/es\\\/noticias\\\/expertos-internacionales-en-preservacion-y-conservacion-de-monumentos-arquitectonicos-se-reunieron-en-lima\\\/\",\"name\":\"Expertos internacionales de conservaci\u00f3n en Lima\",\"isPartOf\":{\"@id\":\"https:\\\/\\\/zonacaral.gob.pe\\\/es\\\/#website\"},\"primaryImageOfPage\":{\"@id\":\"https:\\\/\\\/zonacaral.gob.pe\\\/es\\\/noticias\\\/expertos-internacionales-en-preservacion-y-conservacion-de-monumentos-arquitectonicos-se-reunieron-en-lima\\\/#primaryimage\"},\"image\":{\"@id\":\"https:\\\/\\\/zonacaral.gob.pe\\\/es\\\/noticias\\\/expertos-internacionales-en-preservacion-y-conservacion-de-monumentos-arquitectonicos-se-reunieron-en-lima\\\/#primaryimage\"},\"thumbnailUrl\":\"https:\\\/\\\/zonacaral.gob.pe\\\/wp-content\\\/uploads\\\/2016\\\/05\\\/mc-taller-09-05-2016.jpg\",\"datePublished\":\"2016-05-09T22:01:37+00:00\",\"author\":{\"@id\":\"https:\\\/\\\/zonacaral.gob.pe\\\/es\\\/#\\\/schema\\\/person\\\/beddb4d22f71a7230c5b90913270a0ee\"},\"description\":\"La Zona Arqueol\u00f3gica Caral del Ministerio de Cultura realizo el IV Taller Internacional de Investigaci\u00f3n, Conservaci\u00f3n y Puesta en Valor de Monumentos Arquitect\u00f3nicos: Preservaci\u00f3n del Patrimonio Edificado.\",\"breadcrumb\":{\"@id\":\"https:\\\/\\\/zonacaral.gob.pe\\\/es\\\/noticias\\\/expertos-internacionales-en-preservacion-y-conservacion-de-monumentos-arquitectonicos-se-reunieron-en-lima\\\/#breadcrumb\"},\"inLanguage\":\"en-US\",\"potentialAction\":[{\"@type\":\"ReadAction\",\"target\":[\"https:\\\/\\\/zonacaral.gob.pe\\\/es\\\/noticias\\\/expertos-internacionales-en-preservacion-y-conservacion-de-monumentos-arquitectonicos-se-reunieron-en-lima\\\/\"]}]},{\"@type\":\"ImageObject\",\"inLanguage\":\"en-US\",\"@id\":\"https:\\\/\\\/zonacaral.gob.pe\\\/es\\\/noticias\\\/expertos-internacionales-en-preservacion-y-conservacion-de-monumentos-arquitectonicos-se-reunieron-en-lima\\\/#primaryimage\",\"url\":\"https:\\\/\\\/zonacaral.gob.pe\\\/wp-content\\\/uploads\\\/2016\\\/05\\\/mc-taller-09-05-2016.jpg\",\"contentUrl\":\"https:\\\/\\\/zonacaral.gob.pe\\\/wp-content\\\/uploads\\\/2016\\\/05\\\/mc-taller-09-05-2016.jpg\",\"width\":952,\"height\":405},{\"@type\":\"BreadcrumbList\",\"@id\":\"https:\\\/\\\/zonacaral.gob.pe\\\/es\\\/noticias\\\/expertos-internacionales-en-preservacion-y-conservacion-de-monumentos-arquitectonicos-se-reunieron-en-lima\\\/#breadcrumb\",\"itemListElement\":[{\"@type\":\"ListItem\",\"position\":1,\"name\":\"Portada\",\"item\":\"https:\\\/\\\/zonacaral.gob.pe\\\/\"},{\"@type\":\"ListItem\",\"position\":2,\"name\":\"Expertos internacionales en preservaci\u00f3n y conservaci\u00f3n de monumentos arquitect\u00f3nicos se reunieron en Lima\"}]},{\"@type\":\"WebSite\",\"@id\":\"https:\\\/\\\/zonacaral.gob.pe\\\/es\\\/#website\",\"url\":\"https:\\\/\\\/zonacaral.gob.pe\\\/es\\\/\",\"name\":\"Zona Caral\",\"description\":\"Investigamos, conservamos y difundimos el patrimonio cultural de la Civilizaci\u00f3n Caral, la m\u00e1s antigua de Am\u00e9rica.\",\"potentialAction\":[{\"@type\":\"SearchAction\",\"target\":{\"@type\":\"EntryPoint\",\"urlTemplate\":\"https:\\\/\\\/zonacaral.gob.pe\\\/es\\\/?s={search_term_string}\"},\"query-input\":{\"@type\":\"PropertyValueSpecification\",\"valueRequired\":true,\"valueName\":\"search_term_string\"}}],\"inLanguage\":\"en-US\"},{\"@type\":\"Person\",\"@id\":\"https:\\\/\\\/zonacaral.gob.pe\\\/es\\\/#\\\/schema\\\/person\\\/beddb4d22f71a7230c5b90913270a0ee\",\"name\":\"Zona Caral Administrador\",\"image\":{\"@type\":\"ImageObject\",\"inLanguage\":\"en-US\",\"@id\":\"https:\\\/\\\/secure.gravatar.com\\\/avatar\\\/e4be162918a696358376de6446614e0f0f4062bdc5d170d6d540ada3d8b58c12?s=96&d=mm&r=g\",\"url\":\"https:\\\/\\\/secure.gravatar.com\\\/avatar\\\/e4be162918a696358376de6446614e0f0f4062bdc5d170d6d540ada3d8b58c12?s=96&d=mm&r=g\",\"contentUrl\":\"https:\\\/\\\/secure.gravatar.com\\\/avatar\\\/e4be162918a696358376de6446614e0f0f4062bdc5d170d6d540ada3d8b58c12?s=96&d=mm&r=g\",\"caption\":\"Zona Caral Administrador\"},\"sameAs\":[\"https:\\\/\\\/zonacaral.gob.pe\"],\"url\":\"https:\\\/\\\/zonacaral.gob.pe\\\/en\\\/noticias\\\/author\\\/ad_zonacaral\\\/\"}]}<\/script>\n<!-- \/ Yoast SEO plugin. -->","yoast_head_json":{"title":"Expertos internacionales de conservaci\u00f3n en Lima","description":"La Zona Arqueol\u00f3gica Caral del Ministerio de Cultura realizo el IV Taller Internacional de Investigaci\u00f3n, Conservaci\u00f3n y Puesta en Valor de Monumentos Arquitect\u00f3nicos: Preservaci\u00f3n del Patrimonio Edificado.","robots":{"index":"index","follow":"follow","max-snippet":"max-snippet:-1","max-image-preview":"max-image-preview:large","max-video-preview":"max-video-preview:-1"},"canonical":"https:\/\/zonacaral.gob.pe\/en\/noticias\/expertos-internacionales-en-preservacion-y-conservacion-de-monumentos-arquitectonicos-se-reunieron-en-lima\/","og_locale":"en_US","og_type":"article","og_title":"Expertos internacionales de conservaci\u00f3n en Lima","og_description":"La Zona Arqueol\u00f3gica Caral del Ministerio de Cultura realizo el IV Taller Internacional de Investigaci\u00f3n, Conservaci\u00f3n y Puesta en Valor de Monumentos Arquitect\u00f3nicos: Preservaci\u00f3n del Patrimonio Edificado.","og_url":"https:\/\/zonacaral.gob.pe\/en\/noticias\/expertos-internacionales-en-preservacion-y-conservacion-de-monumentos-arquitectonicos-se-reunieron-en-lima\/","og_site_name":"Zona Caral","article_published_time":"2016-05-09T22:01:37+00:00","og_image":[{"width":952,"height":405,"url":"https:\/\/zonacaral.gob.pe\/wp-content\/uploads\/2016\/05\/mc-taller-09-05-2016.jpg","type":"image\/jpeg"}],"author":"Zona Caral Administrador","twitter_card":"summary_large_image","twitter_misc":{"Written by":"Zona Caral Administrador","Est. reading time":"3 minutes"},"schema":{"@context":"https:\/\/schema.org","@graph":[{"@type":"Article","@id":"https:\/\/zonacaral.gob.pe\/es\/noticias\/expertos-internacionales-en-preservacion-y-conservacion-de-monumentos-arquitectonicos-se-reunieron-en-lima\/#article","isPartOf":{"@id":"https:\/\/zonacaral.gob.pe\/es\/noticias\/expertos-internacionales-en-preservacion-y-conservacion-de-monumentos-arquitectonicos-se-reunieron-en-lima\/"},"author":{"name":"Zona Caral Administrador","@id":"https:\/\/zonacaral.gob.pe\/es\/#\/schema\/person\/beddb4d22f71a7230c5b90913270a0ee"},"headline":"Expertos internacionales en preservaci\u00f3n y conservaci\u00f3n de monumentos arquitect\u00f3nicos se reunieron en Lima","datePublished":"2016-05-09T22:01:37+00:00","mainEntityOfPage":{"@id":"https:\/\/zonacaral.gob.pe\/es\/noticias\/expertos-internacionales-en-preservacion-y-conservacion-de-monumentos-arquitectonicos-se-reunieron-en-lima\/"},"wordCount":620,"image":{"@id":"https:\/\/zonacaral.gob.pe\/es\/noticias\/expertos-internacionales-en-preservacion-y-conservacion-de-monumentos-arquitectonicos-se-reunieron-en-lima\/#primaryimage"},"thumbnailUrl":"https:\/\/zonacaral.gob.pe\/wp-content\/uploads\/2016\/05\/mc-taller-09-05-2016.jpg","articleSection":["noticias"],"inLanguage":"en-US"},{"@type":"WebPage","@id":"https:\/\/zonacaral.gob.pe\/es\/noticias\/expertos-internacionales-en-preservacion-y-conservacion-de-monumentos-arquitectonicos-se-reunieron-en-lima\/","url":"https:\/\/zonacaral.gob.pe\/es\/noticias\/expertos-internacionales-en-preservacion-y-conservacion-de-monumentos-arquitectonicos-se-reunieron-en-lima\/","name":"Expertos internacionales de conservaci\u00f3n en Lima","isPartOf":{"@id":"https:\/\/zonacaral.gob.pe\/es\/#website"},"primaryImageOfPage":{"@id":"https:\/\/zonacaral.gob.pe\/es\/noticias\/expertos-internacionales-en-preservacion-y-conservacion-de-monumentos-arquitectonicos-se-reunieron-en-lima\/#primaryimage"},"image":{"@id":"https:\/\/zonacaral.gob.pe\/es\/noticias\/expertos-internacionales-en-preservacion-y-conservacion-de-monumentos-arquitectonicos-se-reunieron-en-lima\/#primaryimage"},"thumbnailUrl":"https:\/\/zonacaral.gob.pe\/wp-content\/uploads\/2016\/05\/mc-taller-09-05-2016.jpg","datePublished":"2016-05-09T22:01:37+00:00","author":{"@id":"https:\/\/zonacaral.gob.pe\/es\/#\/schema\/person\/beddb4d22f71a7230c5b90913270a0ee"},"description":"La Zona Arqueol\u00f3gica Caral del Ministerio de Cultura realizo el IV Taller Internacional de Investigaci\u00f3n, Conservaci\u00f3n y Puesta en Valor de Monumentos Arquitect\u00f3nicos: Preservaci\u00f3n del Patrimonio Edificado.","breadcrumb":{"@id":"https:\/\/zonacaral.gob.pe\/es\/noticias\/expertos-internacionales-en-preservacion-y-conservacion-de-monumentos-arquitectonicos-se-reunieron-en-lima\/#breadcrumb"},"inLanguage":"en-US","potentialAction":[{"@type":"ReadAction","target":["https:\/\/zonacaral.gob.pe\/es\/noticias\/expertos-internacionales-en-preservacion-y-conservacion-de-monumentos-arquitectonicos-se-reunieron-en-lima\/"]}]},{"@type":"ImageObject","inLanguage":"en-US","@id":"https:\/\/zonacaral.gob.pe\/es\/noticias\/expertos-internacionales-en-preservacion-y-conservacion-de-monumentos-arquitectonicos-se-reunieron-en-lima\/#primaryimage","url":"https:\/\/zonacaral.gob.pe\/wp-content\/uploads\/2016\/05\/mc-taller-09-05-2016.jpg","contentUrl":"https:\/\/zonacaral.gob.pe\/wp-content\/uploads\/2016\/05\/mc-taller-09-05-2016.jpg","width":952,"height":405},{"@type":"BreadcrumbList","@id":"https:\/\/zonacaral.gob.pe\/es\/noticias\/expertos-internacionales-en-preservacion-y-conservacion-de-monumentos-arquitectonicos-se-reunieron-en-lima\/#breadcrumb","itemListElement":[{"@type":"ListItem","position":1,"name":"Portada","item":"https:\/\/zonacaral.gob.pe\/"},{"@type":"ListItem","position":2,"name":"Expertos internacionales en preservaci\u00f3n y conservaci\u00f3n de monumentos arquitect\u00f3nicos se reunieron en Lima"}]},{"@type":"WebSite","@id":"https:\/\/zonacaral.gob.pe\/es\/#website","url":"https:\/\/zonacaral.gob.pe\/es\/","name":"Zona Caral","description":"Investigamos, conservamos y difundimos el patrimonio cultural de la Civilizaci\u00f3n Caral, la m\u00e1s antigua de Am\u00e9rica.","potentialAction":[{"@type":"SearchAction","target":{"@type":"EntryPoint","urlTemplate":"https:\/\/zonacaral.gob.pe\/es\/?s={search_term_string}"},"query-input":{"@type":"PropertyValueSpecification","valueRequired":true,"valueName":"search_term_string"}}],"inLanguage":"en-US"},{"@type":"Person","@id":"https:\/\/zonacaral.gob.pe\/es\/#\/schema\/person\/beddb4d22f71a7230c5b90913270a0ee","name":"Zona Caral Administrador","image":{"@type":"ImageObject","inLanguage":"en-US","@id":"https:\/\/secure.gravatar.com\/avatar\/e4be162918a696358376de6446614e0f0f4062bdc5d170d6d540ada3d8b58c12?s=96&d=mm&r=g","url":"https:\/\/secure.gravatar.com\/avatar\/e4be162918a696358376de6446614e0f0f4062bdc5d170d6d540ada3d8b58c12?s=96&d=mm&r=g","contentUrl":"https:\/\/secure.gravatar.com\/avatar\/e4be162918a696358376de6446614e0f0f4062bdc5d170d6d540ada3d8b58c12?s=96&d=mm&r=g","caption":"Zona Caral Administrador"},"sameAs":["https:\/\/zonacaral.gob.pe"],"url":"https:\/\/zonacaral.gob.pe\/en\/noticias\/author\/ad_zonacaral\/"}]}},"_links":{"self":[{"href":"https:\/\/zonacaral.gob.pe\/en\/wp-json\/wp\/v2\/posts\/10536","targetHints":{"allow":["GET"]}}],"collection":[{"href":"https:\/\/zonacaral.gob.pe\/en\/wp-json\/wp\/v2\/posts"}],"about":[{"href":"https:\/\/zonacaral.gob.pe\/en\/wp-json\/wp\/v2\/types\/post"}],"author":[{"embeddable":true,"href":"https:\/\/zonacaral.gob.pe\/en\/wp-json\/wp\/v2\/users\/1"}],"replies":[{"embeddable":true,"href":"https:\/\/zonacaral.gob.pe\/en\/wp-json\/wp\/v2\/comments?post=10536"}],"version-history":[{"count":0,"href":"https:\/\/zonacaral.gob.pe\/en\/wp-json\/wp\/v2\/posts\/10536\/revisions"}],"wp:featuredmedia":[{"embeddable":true,"href":"https:\/\/zonacaral.gob.pe\/en\/wp-json\/wp\/v2\/media\/10537"}],"wp:attachment":[{"href":"https:\/\/zonacaral.gob.pe\/en\/wp-json\/wp\/v2\/media?parent=10536"}],"wp:term":[{"taxonomy":"category","embeddable":true,"href":"https:\/\/zonacaral.gob.pe\/en\/wp-json\/wp\/v2\/categories?post=10536"},{"taxonomy":"post_tag","embeddable":true,"href":"https:\/\/zonacaral.gob.pe\/en\/wp-json\/wp\/v2\/tags?post=10536"}],"curies":[{"name":"wp","href":"https:\/\/api.w.org\/{rel}","templated":true}]}}