{"id":10582,"date":"2016-05-18T12:18:29","date_gmt":"2016-05-18T17:18:29","guid":{"rendered":"http:\/\/www.zonacaral.gob.pe\/?p=10582"},"modified":"2016-05-18T12:18:29","modified_gmt":"2016-05-18T17:18:29","slug":"esta-semana-sera-gratuito-ingreso-a-museos-comunitarios-de-civilizacion-caral","status":"publish","type":"post","link":"https:\/\/zonacaral.gob.pe\/en\/noticias\/esta-semana-sera-gratuito-ingreso-a-museos-comunitarios-de-civilizacion-caral\/","title":{"rendered":"Esta semana ser\u00e1 gratuito ingreso a museos comunitarios de civilizaci\u00f3n Caral"},"content":{"rendered":"<figure class=\"pic-autor\" style=\"color: #4d4d4d;\"><\/figure>\n<p style=\"text-align: justify;\">El p\u00fablico en general podr\u00e1 visitar gratuitamente desde ma\u00f1ana mi\u00e9rcoles 18 hasta el viernes 20 de mayo, los museos comunitarios de la Civilizaci\u00f3n Caral, ubicados en las provincias de Huaura y Barranca, regi\u00f3n Lima, al celebrarse el D\u00eda Internacional del Museo.<\/p>\n<h3 style=\"text-align: justify;\">En el Museo Comunitario de V\u00e9gueta<\/h3>\n<p style=\"text-align: justify;\">ubicado a solo 16 kil\u00f3metros de la ciudad de Huacho, provincia de Huaura, ingresando por la antigua Panamericana Norte; se podr\u00e1 apreciar toda la historia del pueblo pre inca de m\u00e1s de 5 mil a\u00f1os de antig\u00fcedad que rend\u00eda culto al dios Vichama, en una colecci\u00f3n arqueol\u00f3gica de m\u00e1s de 270 objetos, acompa\u00f1ada de novedosos recursos museogr\u00e1ficos que evidencian la relaci\u00f3n de Vichama con la Ciudad Sagrada de Caral.<\/p>\n<p style=\"text-align: justify;\">Asimismo, se observar\u00e1n las \u201cMegashicras\u201d o \u201cShicras\u201d de gran formato, las representaciones de los impresionantes relieves de barro modelado de Vichama, como la \u201cMano con Cuchillo\u201d, el relieve del \u201cSapo Humanizado\u201d y la m\u00e1scara mortuoria.<\/p>\n<p style=\"text-align: justify;\">El museo est\u00e1 ubicado en la Plaza de Armas de la ciudad de V\u00e9gueta y atiende de martes a domingo de 09:00 a 17:00 horas.<\/p>\n<p style=\"text-align: justify;\">El conocido pueblo de pescadores, agricultores y artesanos de Caral es ahora un centro cultural internacional ya que las investigaciones cient\u00edficas del equipo multidisciplinario, liderados por Ruth Shady, directora de la Zona Arqueol\u00f3gica Caral (ZAC), Unidad Ejecutora n\u00b0 3 del Ministerio de Cultura, determinaron que la Civilizaci\u00f3n Caral tiene cinco mil a\u00f1os de antig\u00fcedad.<\/p>\n<p style=\"text-align: justify;\">Por esa raz\u00f3n, la Ciudad Sagrada de Caral, el centro de civilizaci\u00f3n m\u00e1s antiguo de toda Am\u00e9rica, ha sido declarada Patrimonio de la Humanidad como bien cultural de \u201cvalor universal excepcional\u201d, por el Comit\u00e9 del Patrimonio Mundial de la Unesco, en junio del a\u00f1o 2009.<\/p>\n<h3 style=\"text-align: justify;\">Supe Community Museum<\/h3>\n<p style=\"text-align: justify;\">Igualmente, en la Plaza de Armas de Supe, en la provincia de Barranca, lo espera otro Museo Comunitario de la Civilizaci\u00f3n Caral, que tiene la ventaja de ser interactivo y con certeza llamar\u00e1n su atenci\u00f3n el sonido de las flautas traversas encontradas en la Ciudad Sagrada, as\u00ed como otros 320 objetos de gran valor arqueol\u00f3gico e hist\u00f3rico.<\/p>\n<p style=\"text-align: justify;\">De igual modo, de 09:00 a 15:00 horas, se ver\u00e1n las estatuillas que representan a diversos personajes masculinos y femeninos de la \u00e9lite de Caral y del pueblo, que evidencian la compleja estructura de la sociedad en esta etapa de formaci\u00f3n de la civilizaci\u00f3n.<\/p>\n<p style=\"text-align: justify;\">Normalmente, el ingreso a ambos recintos culturales tiene un costo de S\/. 1.00 sol para escolares.<\/p>\n<p style=\"text-align: justify;\">El programa de la \u201cRed de Museos Comunitarios de la Civilizaci\u00f3n Caral\u201d se inici\u00f3 en el distrito de V\u00e9gueta, provincia de Huaura, con la alianza estrat\u00e9gica entre la ZAC, la municipalidad distrital y el Gobierno Regional de Lima.<\/p>\n<p style=\"text-align: justify;\">La finalidad es afianzar la transmisi\u00f3n de la historia social de la Civilizaci\u00f3n Caral, promover la identificaci\u00f3n de la poblaci\u00f3n con la preservaci\u00f3n, protecci\u00f3n y defensa del patrimonio arqueol\u00f3gico, y el emprendimiento y organizaci\u00f3n entre los pobladores con la finalidad de fomentar un desarrollo integral y sostenible.<\/p>\n<h3 style=\"text-align: justify;\">M\u00e1s Datos<\/h3>\n<p style=\"text-align: justify;\">La arque\u00f3loga Ruth Shady demostr\u00f3 con el descubrimiento de la Civilizaci\u00f3n Caral, que la raz\u00f3n que motiv\u00f3 a los antiguos peruanos a constituirse en una Civilizaci\u00f3n no fue la guerra \u2013como otros lo cre\u00edan- sino el intercambio comercial. Fueron tiempos de paz lo que motivaron a nuestros antepasados para trabajar organizadamente y en equipo.<\/p>\n<p style=\"text-align: justify;\">La Zona Arqueol\u00f3gica Caral participar\u00e1 en la XIV Feria \u201cMuseos a tu Alcance\u201d que se realizar\u00e1 el 20 y 21 de mayo pr\u00f3ximo en la Plazuela de las Artes del Teatro Municipal. El ingreso es libre. Esta actividad se desarrolla en el mes de los museos y tiene por objetivo promoverlos como espacios vivos en los que es posible aprender a trav\u00e9s de diferentes atractivos y propuestas did\u00e1cticas sobre la historia y el patrimonio del Per\u00fa de manera interactiva, entretenida y amigable.<\/p>\n<p style=\"text-align: justify;\">Enlace a la Red de Museos Comunitarios de la Civilizaci\u00f3n Caral: <a href=\"https:\/\/zonacaral.gob.pe\/en\/museoscomunitarios\/\">http:\/\/www.zonacaral.gob.pe\/museoscomunitarios\/<\/a><\/p>\n<p style=\"text-align: justify;\">Fuente:<span style=\"color: #800000;\">\u00a0<a href=\"http:\/\/www.andina.com.pe\/agencia\/noticia-esta-semana-visitara-gratis-museos-comunitarios-civilizacion-caral-613046.aspx\"><span style=\"color: #993300;\"><span style=\"color: #993300;\">Agencia Andina<\/span><\/span><\/a><\/span><\/p>\n<p><a href=\"http:\/\/www.andina.com.pe\/\">Fecha de publicaci\u00f3n: 17\/05\/2016<\/a><\/p>","protected":false},"excerpt":{"rendered":"<p>El p\u00fablico en general podr\u00e1 visitar gratuitamente desde ma\u00f1ana mi\u00e9rcoles 18 hasta el viernes 20 de mayo, los museos comunitarios [&hellip;]<\/p>\n","protected":false},"author":1,"featured_media":10583,"comment_status":"closed","ping_status":"open","sticky":false,"template":"","format":"standard","meta":{"_acf_changed":false,"site-sidebar-layout":"default","site-content-layout":"","ast-site-content-layout":"default","site-content-style":"default","site-sidebar-style":"default","ast-global-header-display":"","ast-banner-title-visibility":"","ast-main-header-display":"","ast-hfb-above-header-display":"","ast-hfb-below-header-display":"","ast-hfb-mobile-header-display":"","site-post-title":"","ast-breadcrumbs-content":"","ast-featured-img":"","footer-sml-layout":"","ast-disable-related-posts":"","theme-transparent-header-meta":"","adv-header-id-meta":"","stick-header-meta":"","header-above-stick-meta":"","header-main-stick-meta":"","header-below-stick-meta":"","astra-migrate-meta-layouts":"default","ast-page-background-enabled":"default","ast-page-background-meta":{"desktop":{"background-color":"var(--ast-global-color-5)","background-image":"","background-repeat":"repeat","background-position":"center center","background-size":"auto","background-attachment":"scroll","background-type":"","background-media":"","overlay-type":"","overlay-color":"","overlay-opacity":"","overlay-gradient":""},"tablet":{"background-color":"","background-image":"","background-repeat":"repeat","background-position":"center center","background-size":"auto","background-attachment":"scroll","background-type":"","background-media":"","overlay-type":"","overlay-color":"","overlay-opacity":"","overlay-gradient":""},"mobile":{"background-color":"","background-image":"","background-repeat":"repeat","background-position":"center center","background-size":"auto","background-attachment":"scroll","background-type":"","background-media":"","overlay-type":"","overlay-color":"","overlay-opacity":"","overlay-gradient":""}},"ast-content-background-meta":{"desktop":{"background-color":"var(--ast-global-color-4)","background-image":"","background-repeat":"repeat","background-position":"center center","background-size":"auto","background-attachment":"scroll","background-type":"","background-media":"","overlay-type":"","overlay-color":"","overlay-opacity":"","overlay-gradient":""},"tablet":{"background-color":"var(--ast-global-color-4)","background-image":"","background-repeat":"repeat","background-position":"center center","background-size":"auto","background-attachment":"scroll","background-type":"","background-media":"","overlay-type":"","overlay-color":"","overlay-opacity":"","overlay-gradient":""},"mobile":{"background-color":"var(--ast-global-color-4)","background-image":"","background-repeat":"repeat","background-position":"center center","background-size":"auto","background-attachment":"scroll","background-type":"","background-media":"","overlay-type":"","overlay-color":"","overlay-opacity":"","overlay-gradient":""}},"footnotes":""},"categories":[208],"tags":[121,56,60,61],"class_list":["post-10582","post","type-post","status-publish","format-standard","has-post-thumbnail","hentry","category-noticias","tag-museos","tag-supe","tag-vegueta","tag-vichama"],"acf":[],"yoast_head":"<!-- This site is optimized with the Yoast SEO plugin v27.3 - https:\/\/yoast.com\/product\/yoast-seo-wordpress\/ -->\n<title>Esta semana ser\u00e1 gratuito ingreso a museos de Caral<\/title>\n<meta name=\"description\" content=\"El p\u00fablico en general podr\u00e1 visitar gratuitamente desde el mi\u00e9rcoles 18 hasta el viernes 20 de mayo, los museos comunitarios de la Civilizaci\u00f3n Caral, ubicados en las provincias de Huaura y Barranca, regi\u00f3n Lima, al celebrarse el D\u00eda Internacional del Museo\" \/>\n<meta name=\"robots\" content=\"index, follow, max-snippet:-1, max-image-preview:large, max-video-preview:-1\" \/>\n<link rel=\"canonical\" href=\"https:\/\/zonacaral.gob.pe\/en\/noticias\/esta-semana-sera-gratuito-ingreso-a-museos-comunitarios-de-civilizacion-caral\/\" \/>\n<meta property=\"og:locale\" content=\"en_US\" \/>\n<meta property=\"og:type\" content=\"article\" \/>\n<meta property=\"og:title\" content=\"Esta semana ser\u00e1 gratuito ingreso a museos de Caral\" \/>\n<meta property=\"og:description\" content=\"El p\u00fablico en general podr\u00e1 visitar gratuitamente desde el mi\u00e9rcoles 18 hasta el viernes 20 de mayo, los museos comunitarios de la Civilizaci\u00f3n Caral, ubicados en las provincias de Huaura y Barranca, regi\u00f3n Lima, al celebrarse el D\u00eda Internacional del Museo\" \/>\n<meta property=\"og:url\" content=\"https:\/\/zonacaral.gob.pe\/en\/noticias\/esta-semana-sera-gratuito-ingreso-a-museos-comunitarios-de-civilizacion-caral\/\" \/>\n<meta property=\"og:site_name\" content=\"Zona Caral\" \/>\n<meta property=\"article:published_time\" content=\"2016-05-18T17:18:29+00:00\" \/>\n<meta property=\"og:image\" content=\"https:\/\/zonacaral.gob.pe\/wp-content\/uploads\/2016\/05\/l5.jpg\" \/>\n\t<meta property=\"og:image:width\" content=\"1450\" \/>\n\t<meta property=\"og:image:height\" content=\"1050\" \/>\n\t<meta property=\"og:image:type\" content=\"image\/jpeg\" \/>\n<meta name=\"author\" content=\"Zona Caral Administrador\" \/>\n<meta name=\"twitter:card\" content=\"summary_large_image\" \/>\n<meta name=\"twitter:label1\" content=\"Written by\" \/>\n\t<meta name=\"twitter:data1\" content=\"Zona Caral Administrador\" \/>\n\t<meta name=\"twitter:label2\" content=\"Est. reading time\" \/>\n\t<meta name=\"twitter:data2\" content=\"3 minutes\" \/>\n<script type=\"application\/ld+json\" class=\"yoast-schema-graph\">{\"@context\":\"https:\\\/\\\/schema.org\",\"@graph\":[{\"@type\":\"Article\",\"@id\":\"https:\\\/\\\/zonacaral.gob.pe\\\/en\\\/noticias\\\/esta-semana-sera-gratuito-ingreso-a-museos-comunitarios-de-civilizacion-caral\\\/#article\",\"isPartOf\":{\"@id\":\"https:\\\/\\\/zonacaral.gob.pe\\\/en\\\/noticias\\\/esta-semana-sera-gratuito-ingreso-a-museos-comunitarios-de-civilizacion-caral\\\/\"},\"author\":{\"name\":\"Zona Caral Administrador\",\"@id\":\"https:\\\/\\\/zonacaral.gob.pe\\\/es\\\/#\\\/schema\\\/person\\\/beddb4d22f71a7230c5b90913270a0ee\"},\"headline\":\"Esta semana ser\u00e1 gratuito ingreso a museos comunitarios de civilizaci\u00f3n Caral\",\"datePublished\":\"2016-05-18T17:18:29+00:00\",\"mainEntityOfPage\":{\"@id\":\"https:\\\/\\\/zonacaral.gob.pe\\\/en\\\/noticias\\\/esta-semana-sera-gratuito-ingreso-a-museos-comunitarios-de-civilizacion-caral\\\/\"},\"wordCount\":701,\"image\":{\"@id\":\"https:\\\/\\\/zonacaral.gob.pe\\\/en\\\/noticias\\\/esta-semana-sera-gratuito-ingreso-a-museos-comunitarios-de-civilizacion-caral\\\/#primaryimage\"},\"thumbnailUrl\":\"https:\\\/\\\/zonacaral.gob.pe\\\/wp-content\\\/uploads\\\/2016\\\/05\\\/l5.jpg\",\"keywords\":[\"museos\",\"supe\",\"vegueta\",\"vichama\"],\"articleSection\":[\"noticias\"],\"inLanguage\":\"en-US\"},{\"@type\":\"WebPage\",\"@id\":\"https:\\\/\\\/zonacaral.gob.pe\\\/en\\\/noticias\\\/esta-semana-sera-gratuito-ingreso-a-museos-comunitarios-de-civilizacion-caral\\\/\",\"url\":\"https:\\\/\\\/zonacaral.gob.pe\\\/en\\\/noticias\\\/esta-semana-sera-gratuito-ingreso-a-museos-comunitarios-de-civilizacion-caral\\\/\",\"name\":\"Esta semana ser\u00e1 gratuito ingreso a museos de Caral\",\"isPartOf\":{\"@id\":\"https:\\\/\\\/zonacaral.gob.pe\\\/es\\\/#website\"},\"primaryImageOfPage\":{\"@id\":\"https:\\\/\\\/zonacaral.gob.pe\\\/en\\\/noticias\\\/esta-semana-sera-gratuito-ingreso-a-museos-comunitarios-de-civilizacion-caral\\\/#primaryimage\"},\"image\":{\"@id\":\"https:\\\/\\\/zonacaral.gob.pe\\\/en\\\/noticias\\\/esta-semana-sera-gratuito-ingreso-a-museos-comunitarios-de-civilizacion-caral\\\/#primaryimage\"},\"thumbnailUrl\":\"https:\\\/\\\/zonacaral.gob.pe\\\/wp-content\\\/uploads\\\/2016\\\/05\\\/l5.jpg\",\"datePublished\":\"2016-05-18T17:18:29+00:00\",\"author\":{\"@id\":\"https:\\\/\\\/zonacaral.gob.pe\\\/es\\\/#\\\/schema\\\/person\\\/beddb4d22f71a7230c5b90913270a0ee\"},\"description\":\"El p\u00fablico en general podr\u00e1 visitar gratuitamente desde el mi\u00e9rcoles 18 hasta el viernes 20 de mayo, los museos comunitarios de la Civilizaci\u00f3n Caral, ubicados en las provincias de Huaura y Barranca, regi\u00f3n Lima, al celebrarse el D\u00eda Internacional del Museo\",\"breadcrumb\":{\"@id\":\"https:\\\/\\\/zonacaral.gob.pe\\\/en\\\/noticias\\\/esta-semana-sera-gratuito-ingreso-a-museos-comunitarios-de-civilizacion-caral\\\/#breadcrumb\"},\"inLanguage\":\"en-US\",\"potentialAction\":[{\"@type\":\"ReadAction\",\"target\":[\"https:\\\/\\\/zonacaral.gob.pe\\\/en\\\/noticias\\\/esta-semana-sera-gratuito-ingreso-a-museos-comunitarios-de-civilizacion-caral\\\/\"]}]},{\"@type\":\"ImageObject\",\"inLanguage\":\"en-US\",\"@id\":\"https:\\\/\\\/zonacaral.gob.pe\\\/en\\\/noticias\\\/esta-semana-sera-gratuito-ingreso-a-museos-comunitarios-de-civilizacion-caral\\\/#primaryimage\",\"url\":\"https:\\\/\\\/zonacaral.gob.pe\\\/wp-content\\\/uploads\\\/2016\\\/05\\\/l5.jpg\",\"contentUrl\":\"https:\\\/\\\/zonacaral.gob.pe\\\/wp-content\\\/uploads\\\/2016\\\/05\\\/l5.jpg\",\"width\":1450,\"height\":1050},{\"@type\":\"BreadcrumbList\",\"@id\":\"https:\\\/\\\/zonacaral.gob.pe\\\/en\\\/noticias\\\/esta-semana-sera-gratuito-ingreso-a-museos-comunitarios-de-civilizacion-caral\\\/#breadcrumb\",\"itemListElement\":[{\"@type\":\"ListItem\",\"position\":1,\"name\":\"Portada\",\"item\":\"https:\\\/\\\/zonacaral.gob.pe\\\/\"},{\"@type\":\"ListItem\",\"position\":2,\"name\":\"Esta semana ser\u00e1 gratuito ingreso a museos comunitarios de civilizaci\u00f3n Caral\"}]},{\"@type\":\"WebSite\",\"@id\":\"https:\\\/\\\/zonacaral.gob.pe\\\/es\\\/#website\",\"url\":\"https:\\\/\\\/zonacaral.gob.pe\\\/es\\\/\",\"name\":\"Zona Caral\",\"description\":\"Investigamos, conservamos y difundimos el patrimonio cultural de la Civilizaci\u00f3n Caral, la m\u00e1s antigua de Am\u00e9rica.\",\"potentialAction\":[{\"@type\":\"SearchAction\",\"target\":{\"@type\":\"EntryPoint\",\"urlTemplate\":\"https:\\\/\\\/zonacaral.gob.pe\\\/es\\\/?s={search_term_string}\"},\"query-input\":{\"@type\":\"PropertyValueSpecification\",\"valueRequired\":true,\"valueName\":\"search_term_string\"}}],\"inLanguage\":\"en-US\"},{\"@type\":\"Person\",\"@id\":\"https:\\\/\\\/zonacaral.gob.pe\\\/es\\\/#\\\/schema\\\/person\\\/beddb4d22f71a7230c5b90913270a0ee\",\"name\":\"Zona Caral Administrador\",\"image\":{\"@type\":\"ImageObject\",\"inLanguage\":\"en-US\",\"@id\":\"https:\\\/\\\/secure.gravatar.com\\\/avatar\\\/e4be162918a696358376de6446614e0f0f4062bdc5d170d6d540ada3d8b58c12?s=96&d=mm&r=g\",\"url\":\"https:\\\/\\\/secure.gravatar.com\\\/avatar\\\/e4be162918a696358376de6446614e0f0f4062bdc5d170d6d540ada3d8b58c12?s=96&d=mm&r=g\",\"contentUrl\":\"https:\\\/\\\/secure.gravatar.com\\\/avatar\\\/e4be162918a696358376de6446614e0f0f4062bdc5d170d6d540ada3d8b58c12?s=96&d=mm&r=g\",\"caption\":\"Zona Caral Administrador\"},\"sameAs\":[\"https:\\\/\\\/zonacaral.gob.pe\"],\"url\":\"https:\\\/\\\/zonacaral.gob.pe\\\/en\\\/noticias\\\/author\\\/ad_zonacaral\\\/\"}]}<\/script>\n<!-- \/ Yoast SEO plugin. -->","yoast_head_json":{"title":"Esta semana ser\u00e1 gratuito ingreso a museos de Caral","description":"El p\u00fablico en general podr\u00e1 visitar gratuitamente desde el mi\u00e9rcoles 18 hasta el viernes 20 de mayo, los museos comunitarios de la Civilizaci\u00f3n Caral, ubicados en las provincias de Huaura y Barranca, regi\u00f3n Lima, al celebrarse el D\u00eda Internacional del Museo","robots":{"index":"index","follow":"follow","max-snippet":"max-snippet:-1","max-image-preview":"max-image-preview:large","max-video-preview":"max-video-preview:-1"},"canonical":"https:\/\/zonacaral.gob.pe\/en\/noticias\/esta-semana-sera-gratuito-ingreso-a-museos-comunitarios-de-civilizacion-caral\/","og_locale":"en_US","og_type":"article","og_title":"Esta semana ser\u00e1 gratuito ingreso a museos de Caral","og_description":"El p\u00fablico en general podr\u00e1 visitar gratuitamente desde el mi\u00e9rcoles 18 hasta el viernes 20 de mayo, los museos comunitarios de la Civilizaci\u00f3n Caral, ubicados en las provincias de Huaura y Barranca, regi\u00f3n Lima, al celebrarse el D\u00eda Internacional del Museo","og_url":"https:\/\/zonacaral.gob.pe\/en\/noticias\/esta-semana-sera-gratuito-ingreso-a-museos-comunitarios-de-civilizacion-caral\/","og_site_name":"Zona Caral","article_published_time":"2016-05-18T17:18:29+00:00","og_image":[{"width":1450,"height":1050,"url":"https:\/\/zonacaral.gob.pe\/wp-content\/uploads\/2016\/05\/l5.jpg","type":"image\/jpeg"}],"author":"Zona Caral Administrador","twitter_card":"summary_large_image","twitter_misc":{"Written by":"Zona Caral Administrador","Est. reading time":"3 minutes"},"schema":{"@context":"https:\/\/schema.org","@graph":[{"@type":"Article","@id":"https:\/\/zonacaral.gob.pe\/en\/noticias\/esta-semana-sera-gratuito-ingreso-a-museos-comunitarios-de-civilizacion-caral\/#article","isPartOf":{"@id":"https:\/\/zonacaral.gob.pe\/en\/noticias\/esta-semana-sera-gratuito-ingreso-a-museos-comunitarios-de-civilizacion-caral\/"},"author":{"name":"Zona Caral Administrador","@id":"https:\/\/zonacaral.gob.pe\/es\/#\/schema\/person\/beddb4d22f71a7230c5b90913270a0ee"},"headline":"Esta semana ser\u00e1 gratuito ingreso a museos comunitarios de civilizaci\u00f3n Caral","datePublished":"2016-05-18T17:18:29+00:00","mainEntityOfPage":{"@id":"https:\/\/zonacaral.gob.pe\/en\/noticias\/esta-semana-sera-gratuito-ingreso-a-museos-comunitarios-de-civilizacion-caral\/"},"wordCount":701,"image":{"@id":"https:\/\/zonacaral.gob.pe\/en\/noticias\/esta-semana-sera-gratuito-ingreso-a-museos-comunitarios-de-civilizacion-caral\/#primaryimage"},"thumbnailUrl":"https:\/\/zonacaral.gob.pe\/wp-content\/uploads\/2016\/05\/l5.jpg","keywords":["museos","supe","vegueta","vichama"],"articleSection":["noticias"],"inLanguage":"en-US"},{"@type":"WebPage","@id":"https:\/\/zonacaral.gob.pe\/en\/noticias\/esta-semana-sera-gratuito-ingreso-a-museos-comunitarios-de-civilizacion-caral\/","url":"https:\/\/zonacaral.gob.pe\/en\/noticias\/esta-semana-sera-gratuito-ingreso-a-museos-comunitarios-de-civilizacion-caral\/","name":"Esta semana ser\u00e1 gratuito ingreso a museos de Caral","isPartOf":{"@id":"https:\/\/zonacaral.gob.pe\/es\/#website"},"primaryImageOfPage":{"@id":"https:\/\/zonacaral.gob.pe\/en\/noticias\/esta-semana-sera-gratuito-ingreso-a-museos-comunitarios-de-civilizacion-caral\/#primaryimage"},"image":{"@id":"https:\/\/zonacaral.gob.pe\/en\/noticias\/esta-semana-sera-gratuito-ingreso-a-museos-comunitarios-de-civilizacion-caral\/#primaryimage"},"thumbnailUrl":"https:\/\/zonacaral.gob.pe\/wp-content\/uploads\/2016\/05\/l5.jpg","datePublished":"2016-05-18T17:18:29+00:00","author":{"@id":"https:\/\/zonacaral.gob.pe\/es\/#\/schema\/person\/beddb4d22f71a7230c5b90913270a0ee"},"description":"El p\u00fablico en general podr\u00e1 visitar gratuitamente desde el mi\u00e9rcoles 18 hasta el viernes 20 de mayo, los museos comunitarios de la Civilizaci\u00f3n Caral, ubicados en las provincias de Huaura y Barranca, regi\u00f3n Lima, al celebrarse el D\u00eda Internacional del Museo","breadcrumb":{"@id":"https:\/\/zonacaral.gob.pe\/en\/noticias\/esta-semana-sera-gratuito-ingreso-a-museos-comunitarios-de-civilizacion-caral\/#breadcrumb"},"inLanguage":"en-US","potentialAction":[{"@type":"ReadAction","target":["https:\/\/zonacaral.gob.pe\/en\/noticias\/esta-semana-sera-gratuito-ingreso-a-museos-comunitarios-de-civilizacion-caral\/"]}]},{"@type":"ImageObject","inLanguage":"en-US","@id":"https:\/\/zonacaral.gob.pe\/en\/noticias\/esta-semana-sera-gratuito-ingreso-a-museos-comunitarios-de-civilizacion-caral\/#primaryimage","url":"https:\/\/zonacaral.gob.pe\/wp-content\/uploads\/2016\/05\/l5.jpg","contentUrl":"https:\/\/zonacaral.gob.pe\/wp-content\/uploads\/2016\/05\/l5.jpg","width":1450,"height":1050},{"@type":"BreadcrumbList","@id":"https:\/\/zonacaral.gob.pe\/en\/noticias\/esta-semana-sera-gratuito-ingreso-a-museos-comunitarios-de-civilizacion-caral\/#breadcrumb","itemListElement":[{"@type":"ListItem","position":1,"name":"Portada","item":"https:\/\/zonacaral.gob.pe\/"},{"@type":"ListItem","position":2,"name":"Esta semana ser\u00e1 gratuito ingreso a museos comunitarios de civilizaci\u00f3n Caral"}]},{"@type":"WebSite","@id":"https:\/\/zonacaral.gob.pe\/es\/#website","url":"https:\/\/zonacaral.gob.pe\/es\/","name":"Zona Caral","description":"Investigamos, conservamos y difundimos el patrimonio cultural de la Civilizaci\u00f3n Caral, la m\u00e1s antigua de Am\u00e9rica.","potentialAction":[{"@type":"SearchAction","target":{"@type":"EntryPoint","urlTemplate":"https:\/\/zonacaral.gob.pe\/es\/?s={search_term_string}"},"query-input":{"@type":"PropertyValueSpecification","valueRequired":true,"valueName":"search_term_string"}}],"inLanguage":"en-US"},{"@type":"Person","@id":"https:\/\/zonacaral.gob.pe\/es\/#\/schema\/person\/beddb4d22f71a7230c5b90913270a0ee","name":"Zona Caral Administrador","image":{"@type":"ImageObject","inLanguage":"en-US","@id":"https:\/\/secure.gravatar.com\/avatar\/e4be162918a696358376de6446614e0f0f4062bdc5d170d6d540ada3d8b58c12?s=96&d=mm&r=g","url":"https:\/\/secure.gravatar.com\/avatar\/e4be162918a696358376de6446614e0f0f4062bdc5d170d6d540ada3d8b58c12?s=96&d=mm&r=g","contentUrl":"https:\/\/secure.gravatar.com\/avatar\/e4be162918a696358376de6446614e0f0f4062bdc5d170d6d540ada3d8b58c12?s=96&d=mm&r=g","caption":"Zona Caral Administrador"},"sameAs":["https:\/\/zonacaral.gob.pe"],"url":"https:\/\/zonacaral.gob.pe\/en\/noticias\/author\/ad_zonacaral\/"}]}},"_links":{"self":[{"href":"https:\/\/zonacaral.gob.pe\/en\/wp-json\/wp\/v2\/posts\/10582","targetHints":{"allow":["GET"]}}],"collection":[{"href":"https:\/\/zonacaral.gob.pe\/en\/wp-json\/wp\/v2\/posts"}],"about":[{"href":"https:\/\/zonacaral.gob.pe\/en\/wp-json\/wp\/v2\/types\/post"}],"author":[{"embeddable":true,"href":"https:\/\/zonacaral.gob.pe\/en\/wp-json\/wp\/v2\/users\/1"}],"replies":[{"embeddable":true,"href":"https:\/\/zonacaral.gob.pe\/en\/wp-json\/wp\/v2\/comments?post=10582"}],"version-history":[{"count":0,"href":"https:\/\/zonacaral.gob.pe\/en\/wp-json\/wp\/v2\/posts\/10582\/revisions"}],"wp:featuredmedia":[{"embeddable":true,"href":"https:\/\/zonacaral.gob.pe\/en\/wp-json\/wp\/v2\/media\/10583"}],"wp:attachment":[{"href":"https:\/\/zonacaral.gob.pe\/en\/wp-json\/wp\/v2\/media?parent=10582"}],"wp:term":[{"taxonomy":"category","embeddable":true,"href":"https:\/\/zonacaral.gob.pe\/en\/wp-json\/wp\/v2\/categories?post=10582"},{"taxonomy":"post_tag","embeddable":true,"href":"https:\/\/zonacaral.gob.pe\/en\/wp-json\/wp\/v2\/tags?post=10582"}],"curies":[{"name":"wp","href":"https:\/\/api.w.org\/{rel}","templated":true}]}}