{"id":10843,"date":"2016-08-18T12:04:26","date_gmt":"2016-08-18T17:04:26","guid":{"rendered":"http:\/\/www.zonacaral.gob.pe\/?p=10843"},"modified":"2016-08-18T12:04:26","modified_gmt":"2016-08-18T17:04:26","slug":"vichama-celebra-noveno-aniversario-de-puesta-en-valor-con-nuevos-hallazgos","status":"publish","type":"post","link":"https:\/\/zonacaral.gob.pe\/en\/noticias\/vichama-celebra-noveno-aniversario-de-puesta-en-valor-con-nuevos-hallazgos\/","title":{"rendered":"Vichama celebra noveno aniversario de puesta en valor con nuevos hallazgos"},"content":{"rendered":"<figure class=\"pic-autor\" style=\"color: #4d4d4d; text-align: justify;\"><\/figure>\n<blockquote>\n<p class=\"articulo-subtitulo\" style=\"font-weight: inherit; color: #444444;\">Expresiones simb\u00f3licas de civilizaci\u00f3n agropesquera de V\u00e9gueta-Huacho<\/p>\n<\/blockquote>\n<p style=\"text-align: justify;\">Esculturas elaboradas en arcilla no cocida e instrumentos musicales de viento hechos con hueso de mam\u00edfero, decorados con el rostro de un felino, son algunos de los hallazgos que revelan el v\u00ednculo entre la Civilizaci\u00f3n Caral y Vichama, sociedad agropesquera de V\u00e9gueta-Huacho, se dio a conocer hoy.<\/p>\n<p style=\"text-align: justify;\">En conferencia de prensa para dar a conocer avances en las investigaciones arqueol\u00f3gicas en esta civilizaci\u00f3n, en el marco del noveno aniversario del inicio de trabajos para su puesta en valor, la directora de la Zona Arqueol\u00f3gica Caral, Ruth Shady, revel\u00f3 que <strong>ambas sociedades compartieron creencias y manifestaciones ideol\u00f3gicas.<\/strong><\/p>\n<p style=\"text-align: justify;\">Explic\u00f3 que <strong>esta vinculaci\u00f3n se extendi\u00f3 a lugares m\u00e1s lejanos en la sierra y selva de nuestro pa\u00eds. \u201cPrueba de ello son los dise\u00f1os y materiales con los cuales confeccionaron los objetos encontrados, tanto en el litoral como en el valle de Supe. La importancia de estos hallazgos radica en que nos ayudan a conocer aspectos de la organizaci\u00f3n social y del sistema religioso de la sociedad de Vichama\u201d<\/strong>, manifest\u00f3.<\/p>\n<p style=\"text-align: justify;\">Sostuvo que <strong>Vichama es una civilizaci\u00f3n agropesquera que data del a\u00f1o 1 800 a.C., siguiendo el desarrollo de la civilizaci\u00f3n Caral y de la que tiene elementos de continuidad<\/strong>, como es la plaza circular y los edificios con plataformas superpuestas. A la vez, <strong>presenta rasgos culturales propios que revelan el rol protag\u00f3nico de la mujer, la adaptaci\u00f3n al cambio clim\u00e1tico, la relaci\u00f3n intercultural con la Amazon\u00eda y la importancia de la m\u00fasica.<\/strong><\/p>\n<p>Ruth Shady explic\u00f3 que la <strong>mujer tuvo un papel trascendente, con equidad de g\u00e9nero en esta civilizaci\u00f3n.<\/strong> \u201cAparece una mujer muy importante, una especie de sacerdotisa y es recurrente en varios edificios del asentamiento y del valle de Supe, por lo que podemos inferir que lograba ocupar posiciones pol\u00edticas importantes dentro de la sociedad\u201d, se\u00f1al\u00f3.<\/p>\n<p>Otra caracter\u00edstica que destaca entre los <strong>hallazgos de Vichama, est\u00e1 asociado al cambio clim\u00e1tico y la importancia que tuvo el recurso marino para supervivir frente a la sequ\u00eda y le crisis del agro<\/strong>. Esa memoria colectiva est\u00e1 registrada en 34 figuras modeladas en un sal\u00f3n ceremonial del sitio, que representan todos los efectos dram\u00e1ticos de este fen\u00f3meno natural.<\/p>\n<p><strong>\u201cPor eso es muy importante que se conozca este sitio porque de ese modo, se podr\u00e1 tambi\u00e9n reflexionar sobre el cambio clim\u00e1tico en el futuro, ya que estos pueden perdurar entre 60 y 120 a\u00f1os, seg\u00fan las investigaciones cient\u00edficas\u201d<\/strong>, sostuvo Ruth Shady.<\/p>\n<p>Posterior a ese cambio clim\u00e1tico, se aprecia que el <strong>edificio principal de aquella \u00e9poca fue enterrado completamente y se construy\u00f3 uno encima con la fachada hacia el lado este, que es por donde fluyen los r\u00edos.<\/strong> Con una visi\u00f3n de querer contrarrestar al cambio clim\u00e1tico, la sociedad Vichama cambi\u00f3 la arquitectura.<\/p>\n<p>Tambi\u00e9n se han descubierto una serie de rasgos e \u00edconos provenientes de la Amazonia.<strong> Existen evidencias que ha habido una relaci\u00f3n transversal entre la costa y la selva que sobresale por una reciprocidad intercultural entre ambas regiones en condiciones de paz, sin sometimientos.<\/strong><\/p>\n<p>La importancia de la m\u00fasica, es otra particularidad que revelan las investigaciones en Vichama. <strong>Se han encontrado una serie de flautas traversas con representaciones similares a las de Caral<\/strong>, lo que demuestra la importancia que ha tenido la interacci\u00f3n entre los humanos y sus deidades a trav\u00e9s de los sonidos.<\/p>\n<p>Sostuvo que la investigaci\u00f3n arqueol\u00f3gica y los trabajos de conservaci\u00f3n de los monumentos de Vichama, buscan <strong>recuperar y poner en valor los diversos conjuntos de edificios p\u00fablicos y residenciales que componen este sitio arqueol\u00f3gico.<\/strong><\/p>\n<p style=\"text-align: justify;\">Entre los recintos destacan el <strong>edificio \u201cLas Hornacinas\u201d, en el cual se encuentran el Sal\u00f3n Ceremonial con Relieves Murales y el Sal\u00f3n Ceremonial del Sapo Humanizado; as\u00ed como el edificio \u201cLas Chakanas\u201d y el edificio \u201cLos Dep\u00f3sitos\u201d.<\/strong><\/p>\n<h3 style=\"text-align: justify;\">Programa cultural<\/h3>\n<p style=\"text-align: justify;\">Shady Sol\u00eds brind\u00f3 tambi\u00e9n detalles del <strong>programa cultural para conmemorar el noveno aniversario del inicio de los trabajos de la puesta en valor, a realizarse el viernes 26 y s\u00e1bado 27 de agosto de 2016<\/strong>, en el sitio arqueol\u00f3gico ubicado en el distrito de V\u00e9gueta, provincia de Huaura.<\/p>\n<p style=\"text-align: justify;\">Afirm\u00f3 que el objetivo del programa cultural es dar a conocer los <strong>avances alcanzados en los trabajos de investigaci\u00f3n, conservaci\u00f3n y difusi\u00f3n de los valores de Vichama, as\u00ed como los otros atractivos tur\u00edsticos del distrito de V\u00e9gueta, como el Museo Comunitario, la playa Tambo de Mora, donde desembarc\u00f3 la Expedici\u00f3n Libertadora de San Mart\u00edn.<\/strong><\/p>\n<p style=\"text-align: justify;\">Asimismo, la <strong>isla Anat o Don Mart\u00edn; la Albufera de Medio Mundo, donde se integra en un solo paisaje el humedal, aves migratorias, la playa y el desierto. Esta celebraci\u00f3n permitir\u00e1 exhibir artesan\u00eda tradicional y gastronom\u00eda veguetanas.<\/strong><\/p>\n<p style=\"text-align: justify;\">De acuerdo al programa establecido para este noveno aniversario, se tienen previstas las siguientes actividades:<\/p>\n<h3 style=\"text-align: justify;\">Viernes 26 de agosto<\/h3>\n<p style=\"text-align: justify;\">Desde las 5:00 p.m. hasta las 9:00 p.m.<\/p>\n<p style=\"text-align: justify;\">Concentraci\u00f3n en la Plaza de Armas de V\u00e9gueta.<\/p>\n<p style=\"text-align: justify;\">Concurso y paseo de faroles. Se premiar\u00e1 el farol m\u00e1s creativo que integre en su manufactura elementos culturales de Vichama.<\/p>\n<p style=\"text-align: justify;\">Escenificaci\u00f3n del \u201cMito Vichama\u201d, a cargo de los estudiantes del colegio Fray Melchor Aponte, de V\u00e9gueta, y del personal de la Zona Arqueol\u00f3gica Caral-sede Vichama, bajo la direcci\u00f3n de Freddy Pajuelo, profesor de teatro del Centro de Arte y Cultura de la Universidad Nacional \u201cJos\u00e9 Faustino S\u00e1nchez Carri\u00f3n\u201d de Huacho.<\/p>\n<p style=\"text-align: justify;\">Ceremonia tradicional de agradecimiento. Un ritual de la tradici\u00f3n andina mediante el cual se agradece por los bienes recibidos y de renovaci\u00f3n, a cargo del Ayllu Surimanta. Luego se escenificar\u00e1 la danza festiva \u201cChimaychi.<\/p>\n<h3 style=\"text-align: justify;\">S\u00e1bado 27 de agosto<\/h3>\n<p style=\"text-align: justify;\">Desde las 9:00 a.m a 4:00 pm se realizar\u00e1 el festival cultural \u201cVichama Raymi\u201d, as\u00ed como la presentaci\u00f3n de los valores culturales y sociales de Vichama a trav\u00e9s de la visita guiada al Museo Comunitario de V\u00e9gueta para una aproximaci\u00f3n al conocimiento del sistema social que se viene recuperando en Vichama.<\/p>\n<p style=\"text-align: justify;\">Tambi\u00e9n se visitar\u00e1 el sitio arqueol\u00f3gico de Vichama para apreciar mediante los resultados de la investigaci\u00f3n y conservaci\u00f3n de los monumentos, la historia social de este importante centro.<\/p>\n<p style=\"text-align: justify;\">Otra actividad programada es \u201cCatu Vichama\u201d, exposici\u00f3n y venta de productos artesanales y agropecuarios de los pobladores de V\u00e9gueta, Huaura, Huacho, Carqu\u00edn, Caleta Vidal, Supe-Caral y Supe Puerto. En esta feria se podr\u00e1n apreciar los productos de los pobladores y creaciones de los participantes en los talleres de responsabilidad social que la Zona Arqueol\u00f3gica Caral desarrolla.<\/p>\n<p style=\"text-align: justify;\">Las celebraciones culminar\u00e1n con el \u201cRuna Raymi\u201d con presentaciones art\u00edsticas de la poblaci\u00f3n local y del taller de tradici\u00f3n musical sobre los or\u00edgenes de la civilizaci\u00f3n Caral y artistas invitados, inspirados en el patrimonio cultural de Vichama. Tambi\u00e9n participar\u00e1n las danzas creativas de los trabajadores de las sedes de la Zona Arqueol\u00f3gica y los caballos de paso del fundo El Olivar.<\/p>\n<h3 style=\"text-align: justify;\">C\u00f3mo llegar a Vichama<\/h3>\n<p style=\"text-align: justify;\">Para conocer Vichama, se debe ingresar por la antigua carretera Panamericana Norte, a la altura del kil\u00f3metro 159, al distrito de V\u00e9gueta. Se sigue por una v\u00eda se\u00f1alizada hasta el sitio arqueol\u00f3gico. El tiempo estimado de viaje desde Lima es de tres horas.<\/p>\n<p style=\"text-align: justify;\">El centro arqueol\u00f3gico est\u00e1 provisto de un circuito de visita y orientadores tur\u00edsticos locales, adem\u00e1s de un Centro de Recepci\u00f3n de Visitantes, que cuenta con estacionamiento para autos y buses, servicios higi\u00e9nicos, comedores, una tienda de recuerdos y publicaciones.<\/p>\n<p style=\"text-align: justify;\">La Zona Arqueol\u00f3gica Caral tambi\u00e9n ha dispuesto un programa de viajes educativos para estas fechas. Para mayor informaci\u00f3n puede comunicarse con la Oficina de Promoci\u00f3n Tur\u00edstica al tel\u00e9fono: 205 2517 o al correo electr\u00f3nico: viajeseducativos@zonacaral.gob.pe<\/p>\n<h3 style=\"color: #000000; text-align: justify;\">Video<\/h3>\n<p><iframe src=\"https:\/\/www.youtube.com\/embed\/2Hw9fkLjWAo\" width=\"640\" height=\"360\" frameborder=\"0\" allowfullscreen=\"allowfullscreen\"><\/iframe><\/p>\n<p style=\"text-align: justify;\">Fuente:<span style=\"color: #800000;\">\u00a0<a href=\"http:\/\/www.andina.com.pe\/agencia\/noticia-vichama-celebra-noveno-aniversario-puesta-valor-nuevos-hallazgos-626761.aspx\">Agencia\u00a0Andina<\/a><\/span><\/p>\n<p style=\"text-align: justify;\">Fecha de publicaci\u00f3n: 18\/08\/2016<\/p>","protected":false},"excerpt":{"rendered":"<p>Expresiones simb\u00f3licas de civilizaci\u00f3n agropesquera de V\u00e9gueta-Huacho Esculturas elaboradas en arcilla no cocida e instrumentos musicales de viento hechos con [&hellip;]<\/p>\n","protected":false},"author":1,"featured_media":10844,"comment_status":"closed","ping_status":"open","sticky":false,"template":"","format":"standard","meta":{"_acf_changed":false,"site-sidebar-layout":"default","site-content-layout":"","ast-site-content-layout":"default","site-content-style":"default","site-sidebar-style":"default","ast-global-header-display":"","ast-banner-title-visibility":"","ast-main-header-display":"","ast-hfb-above-header-display":"","ast-hfb-below-header-display":"","ast-hfb-mobile-header-display":"","site-post-title":"","ast-breadcrumbs-content":"","ast-featured-img":"","footer-sml-layout":"","ast-disable-related-posts":"","theme-transparent-header-meta":"","adv-header-id-meta":"","stick-header-meta":"","header-above-stick-meta":"","header-main-stick-meta":"","header-below-stick-meta":"","astra-migrate-meta-layouts":"default","ast-page-background-enabled":"default","ast-page-background-meta":{"desktop":{"background-color":"var(--ast-global-color-5)","background-image":"","background-repeat":"repeat","background-position":"center center","background-size":"auto","background-attachment":"scroll","background-type":"","background-media":"","overlay-type":"","overlay-color":"","overlay-opacity":"","overlay-gradient":""},"tablet":{"background-color":"","background-image":"","background-repeat":"repeat","background-position":"center center","background-size":"auto","background-attachment":"scroll","background-type":"","background-media":"","overlay-type":"","overlay-color":"","overlay-opacity":"","overlay-gradient":""},"mobile":{"background-color":"","background-image":"","background-repeat":"repeat","background-position":"center center","background-size":"auto","background-attachment":"scroll","background-type":"","background-media":"","overlay-type":"","overlay-color":"","overlay-opacity":"","overlay-gradient":""}},"ast-content-background-meta":{"desktop":{"background-color":"var(--ast-global-color-4)","background-image":"","background-repeat":"repeat","background-position":"center center","background-size":"auto","background-attachment":"scroll","background-type":"","background-media":"","overlay-type":"","overlay-color":"","overlay-opacity":"","overlay-gradient":""},"tablet":{"background-color":"var(--ast-global-color-4)","background-image":"","background-repeat":"repeat","background-position":"center center","background-size":"auto","background-attachment":"scroll","background-type":"","background-media":"","overlay-type":"","overlay-color":"","overlay-opacity":"","overlay-gradient":""},"mobile":{"background-color":"var(--ast-global-color-4)","background-image":"","background-repeat":"repeat","background-position":"center center","background-size":"auto","background-attachment":"scroll","background-type":"","background-media":"","overlay-type":"","overlay-color":"","overlay-opacity":"","overlay-gradient":""}},"footnotes":""},"categories":[208],"tags":[54,61],"class_list":["post-10843","post","type-post","status-publish","format-standard","has-post-thumbnail","hentry","category-noticias","tag-aniversario","tag-vichama"],"acf":[],"yoast_head":"<!-- This site is optimized with the Yoast SEO plugin v27.3 - https:\/\/yoast.com\/product\/yoast-seo-wordpress\/ -->\n<title>Vichama celebra 9\u00ba aniversario de puesta en valor<\/title>\n<meta name=\"description\" content=\"Esculturas elaboradas en arcilla no cocida e instrumentos musicales de viento hechos con hueso de mam\u00edfero, decorados con el rostro de un felino, son algunos de los hallazgos que revelan el v\u00ednculo entre la Civilizaci\u00f3n Caral y Vichama, sociedad agropesquera de V\u00e9gueta-Huacho, se dio a conocer hoy.\" \/>\n<meta name=\"robots\" content=\"index, follow, max-snippet:-1, max-image-preview:large, max-video-preview:-1\" \/>\n<link rel=\"canonical\" href=\"https:\/\/zonacaral.gob.pe\/en\/noticias\/vichama-celebra-noveno-aniversario-de-puesta-en-valor-con-nuevos-hallazgos\/\" \/>\n<meta property=\"og:locale\" content=\"en_US\" \/>\n<meta property=\"og:type\" content=\"article\" \/>\n<meta property=\"og:title\" content=\"Vichama celebra 9\u00ba aniversario de puesta en valor\" \/>\n<meta property=\"og:description\" content=\"Esculturas elaboradas en arcilla no cocida e instrumentos musicales de viento hechos con hueso de mam\u00edfero, decorados con el rostro de un felino, son algunos de los hallazgos que revelan el v\u00ednculo entre la Civilizaci\u00f3n Caral y Vichama, sociedad agropesquera de V\u00e9gueta-Huacho, se dio a conocer hoy.\" \/>\n<meta property=\"og:url\" content=\"https:\/\/zonacaral.gob.pe\/en\/noticias\/vichama-celebra-noveno-aniversario-de-puesta-en-valor-con-nuevos-hallazgos\/\" \/>\n<meta property=\"og:site_name\" content=\"Zona Caral\" \/>\n<meta property=\"article:published_time\" content=\"2016-08-18T17:04:26+00:00\" \/>\n<meta property=\"og:image\" content=\"https:\/\/zonacaral.gob.pe\/wp-content\/uploads\/2016\/08\/DSC_3720.jpg\" \/>\n\t<meta property=\"og:image:width\" content=\"1000\" \/>\n\t<meta property=\"og:image:height\" content=\"597\" \/>\n\t<meta property=\"og:image:type\" content=\"image\/jpeg\" \/>\n<meta name=\"author\" content=\"Zona Caral Administrador\" \/>\n<meta name=\"twitter:card\" content=\"summary_large_image\" \/>\n<meta name=\"twitter:label1\" content=\"Written by\" \/>\n\t<meta name=\"twitter:data1\" content=\"Zona Caral Administrador\" \/>\n\t<meta name=\"twitter:label2\" content=\"Est. reading time\" \/>\n\t<meta name=\"twitter:data2\" content=\"7 minutes\" \/>\n<script type=\"application\/ld+json\" class=\"yoast-schema-graph\">{\"@context\":\"https:\\\/\\\/schema.org\",\"@graph\":[{\"@type\":\"Article\",\"@id\":\"https:\\\/\\\/zonacaral.gob.pe\\\/en\\\/noticias\\\/vichama-celebra-noveno-aniversario-de-puesta-en-valor-con-nuevos-hallazgos\\\/#article\",\"isPartOf\":{\"@id\":\"https:\\\/\\\/zonacaral.gob.pe\\\/en\\\/noticias\\\/vichama-celebra-noveno-aniversario-de-puesta-en-valor-con-nuevos-hallazgos\\\/\"},\"author\":{\"name\":\"Zona Caral Administrador\",\"@id\":\"https:\\\/\\\/zonacaral.gob.pe\\\/es\\\/#\\\/schema\\\/person\\\/beddb4d22f71a7230c5b90913270a0ee\"},\"headline\":\"Vichama celebra noveno aniversario de puesta en valor con nuevos hallazgos\",\"datePublished\":\"2016-08-18T17:04:26+00:00\",\"mainEntityOfPage\":{\"@id\":\"https:\\\/\\\/zonacaral.gob.pe\\\/en\\\/noticias\\\/vichama-celebra-noveno-aniversario-de-puesta-en-valor-con-nuevos-hallazgos\\\/\"},\"wordCount\":1350,\"image\":{\"@id\":\"https:\\\/\\\/zonacaral.gob.pe\\\/en\\\/noticias\\\/vichama-celebra-noveno-aniversario-de-puesta-en-valor-con-nuevos-hallazgos\\\/#primaryimage\"},\"thumbnailUrl\":\"https:\\\/\\\/zonacaral.gob.pe\\\/wp-content\\\/uploads\\\/2016\\\/08\\\/DSC_3720.jpg\",\"keywords\":[\"aniversario\",\"vichama\"],\"articleSection\":[\"noticias\"],\"inLanguage\":\"en-US\"},{\"@type\":\"WebPage\",\"@id\":\"https:\\\/\\\/zonacaral.gob.pe\\\/en\\\/noticias\\\/vichama-celebra-noveno-aniversario-de-puesta-en-valor-con-nuevos-hallazgos\\\/\",\"url\":\"https:\\\/\\\/zonacaral.gob.pe\\\/en\\\/noticias\\\/vichama-celebra-noveno-aniversario-de-puesta-en-valor-con-nuevos-hallazgos\\\/\",\"name\":\"Vichama celebra 9\u00ba aniversario de puesta en valor\",\"isPartOf\":{\"@id\":\"https:\\\/\\\/zonacaral.gob.pe\\\/es\\\/#website\"},\"primaryImageOfPage\":{\"@id\":\"https:\\\/\\\/zonacaral.gob.pe\\\/en\\\/noticias\\\/vichama-celebra-noveno-aniversario-de-puesta-en-valor-con-nuevos-hallazgos\\\/#primaryimage\"},\"image\":{\"@id\":\"https:\\\/\\\/zonacaral.gob.pe\\\/en\\\/noticias\\\/vichama-celebra-noveno-aniversario-de-puesta-en-valor-con-nuevos-hallazgos\\\/#primaryimage\"},\"thumbnailUrl\":\"https:\\\/\\\/zonacaral.gob.pe\\\/wp-content\\\/uploads\\\/2016\\\/08\\\/DSC_3720.jpg\",\"datePublished\":\"2016-08-18T17:04:26+00:00\",\"author\":{\"@id\":\"https:\\\/\\\/zonacaral.gob.pe\\\/es\\\/#\\\/schema\\\/person\\\/beddb4d22f71a7230c5b90913270a0ee\"},\"description\":\"Esculturas elaboradas en arcilla no cocida e instrumentos musicales de viento hechos con hueso de mam\u00edfero, decorados con el rostro de un felino, son algunos de los hallazgos que revelan el v\u00ednculo entre la Civilizaci\u00f3n Caral y Vichama, sociedad agropesquera de V\u00e9gueta-Huacho, se dio a conocer hoy.\",\"breadcrumb\":{\"@id\":\"https:\\\/\\\/zonacaral.gob.pe\\\/en\\\/noticias\\\/vichama-celebra-noveno-aniversario-de-puesta-en-valor-con-nuevos-hallazgos\\\/#breadcrumb\"},\"inLanguage\":\"en-US\",\"potentialAction\":[{\"@type\":\"ReadAction\",\"target\":[\"https:\\\/\\\/zonacaral.gob.pe\\\/en\\\/noticias\\\/vichama-celebra-noveno-aniversario-de-puesta-en-valor-con-nuevos-hallazgos\\\/\"]}]},{\"@type\":\"ImageObject\",\"inLanguage\":\"en-US\",\"@id\":\"https:\\\/\\\/zonacaral.gob.pe\\\/en\\\/noticias\\\/vichama-celebra-noveno-aniversario-de-puesta-en-valor-con-nuevos-hallazgos\\\/#primaryimage\",\"url\":\"https:\\\/\\\/zonacaral.gob.pe\\\/wp-content\\\/uploads\\\/2016\\\/08\\\/DSC_3720.jpg\",\"contentUrl\":\"https:\\\/\\\/zonacaral.gob.pe\\\/wp-content\\\/uploads\\\/2016\\\/08\\\/DSC_3720.jpg\",\"width\":1000,\"height\":597},{\"@type\":\"BreadcrumbList\",\"@id\":\"https:\\\/\\\/zonacaral.gob.pe\\\/en\\\/noticias\\\/vichama-celebra-noveno-aniversario-de-puesta-en-valor-con-nuevos-hallazgos\\\/#breadcrumb\",\"itemListElement\":[{\"@type\":\"ListItem\",\"position\":1,\"name\":\"Portada\",\"item\":\"https:\\\/\\\/zonacaral.gob.pe\\\/\"},{\"@type\":\"ListItem\",\"position\":2,\"name\":\"Vichama celebra noveno aniversario de puesta en valor con nuevos hallazgos\"}]},{\"@type\":\"WebSite\",\"@id\":\"https:\\\/\\\/zonacaral.gob.pe\\\/es\\\/#website\",\"url\":\"https:\\\/\\\/zonacaral.gob.pe\\\/es\\\/\",\"name\":\"Zona Caral\",\"description\":\"Investigamos, conservamos y difundimos el patrimonio cultural de la Civilizaci\u00f3n Caral, la m\u00e1s antigua de Am\u00e9rica.\",\"potentialAction\":[{\"@type\":\"SearchAction\",\"target\":{\"@type\":\"EntryPoint\",\"urlTemplate\":\"https:\\\/\\\/zonacaral.gob.pe\\\/es\\\/?s={search_term_string}\"},\"query-input\":{\"@type\":\"PropertyValueSpecification\",\"valueRequired\":true,\"valueName\":\"search_term_string\"}}],\"inLanguage\":\"en-US\"},{\"@type\":\"Person\",\"@id\":\"https:\\\/\\\/zonacaral.gob.pe\\\/es\\\/#\\\/schema\\\/person\\\/beddb4d22f71a7230c5b90913270a0ee\",\"name\":\"Zona Caral Administrador\",\"image\":{\"@type\":\"ImageObject\",\"inLanguage\":\"en-US\",\"@id\":\"https:\\\/\\\/secure.gravatar.com\\\/avatar\\\/e4be162918a696358376de6446614e0f0f4062bdc5d170d6d540ada3d8b58c12?s=96&d=mm&r=g\",\"url\":\"https:\\\/\\\/secure.gravatar.com\\\/avatar\\\/e4be162918a696358376de6446614e0f0f4062bdc5d170d6d540ada3d8b58c12?s=96&d=mm&r=g\",\"contentUrl\":\"https:\\\/\\\/secure.gravatar.com\\\/avatar\\\/e4be162918a696358376de6446614e0f0f4062bdc5d170d6d540ada3d8b58c12?s=96&d=mm&r=g\",\"caption\":\"Zona Caral Administrador\"},\"sameAs\":[\"https:\\\/\\\/zonacaral.gob.pe\"],\"url\":\"https:\\\/\\\/zonacaral.gob.pe\\\/en\\\/noticias\\\/author\\\/ad_zonacaral\\\/\"}]}<\/script>\n<!-- \/ Yoast SEO plugin. -->","yoast_head_json":{"title":"Vichama celebra 9\u00ba aniversario de puesta en valor","description":"Esculturas elaboradas en arcilla no cocida e instrumentos musicales de viento hechos con hueso de mam\u00edfero, decorados con el rostro de un felino, son algunos de los hallazgos que revelan el v\u00ednculo entre la Civilizaci\u00f3n Caral y Vichama, sociedad agropesquera de V\u00e9gueta-Huacho, se dio a conocer hoy.","robots":{"index":"index","follow":"follow","max-snippet":"max-snippet:-1","max-image-preview":"max-image-preview:large","max-video-preview":"max-video-preview:-1"},"canonical":"https:\/\/zonacaral.gob.pe\/en\/noticias\/vichama-celebra-noveno-aniversario-de-puesta-en-valor-con-nuevos-hallazgos\/","og_locale":"en_US","og_type":"article","og_title":"Vichama celebra 9\u00ba aniversario de puesta en valor","og_description":"Esculturas elaboradas en arcilla no cocida e instrumentos musicales de viento hechos con hueso de mam\u00edfero, decorados con el rostro de un felino, son algunos de los hallazgos que revelan el v\u00ednculo entre la Civilizaci\u00f3n Caral y Vichama, sociedad agropesquera de V\u00e9gueta-Huacho, se dio a conocer hoy.","og_url":"https:\/\/zonacaral.gob.pe\/en\/noticias\/vichama-celebra-noveno-aniversario-de-puesta-en-valor-con-nuevos-hallazgos\/","og_site_name":"Zona Caral","article_published_time":"2016-08-18T17:04:26+00:00","og_image":[{"width":1000,"height":597,"url":"https:\/\/zonacaral.gob.pe\/wp-content\/uploads\/2016\/08\/DSC_3720.jpg","type":"image\/jpeg"}],"author":"Zona Caral Administrador","twitter_card":"summary_large_image","twitter_misc":{"Written by":"Zona Caral Administrador","Est. reading time":"7 minutes"},"schema":{"@context":"https:\/\/schema.org","@graph":[{"@type":"Article","@id":"https:\/\/zonacaral.gob.pe\/en\/noticias\/vichama-celebra-noveno-aniversario-de-puesta-en-valor-con-nuevos-hallazgos\/#article","isPartOf":{"@id":"https:\/\/zonacaral.gob.pe\/en\/noticias\/vichama-celebra-noveno-aniversario-de-puesta-en-valor-con-nuevos-hallazgos\/"},"author":{"name":"Zona Caral Administrador","@id":"https:\/\/zonacaral.gob.pe\/es\/#\/schema\/person\/beddb4d22f71a7230c5b90913270a0ee"},"headline":"Vichama celebra noveno aniversario de puesta en valor con nuevos hallazgos","datePublished":"2016-08-18T17:04:26+00:00","mainEntityOfPage":{"@id":"https:\/\/zonacaral.gob.pe\/en\/noticias\/vichama-celebra-noveno-aniversario-de-puesta-en-valor-con-nuevos-hallazgos\/"},"wordCount":1350,"image":{"@id":"https:\/\/zonacaral.gob.pe\/en\/noticias\/vichama-celebra-noveno-aniversario-de-puesta-en-valor-con-nuevos-hallazgos\/#primaryimage"},"thumbnailUrl":"https:\/\/zonacaral.gob.pe\/wp-content\/uploads\/2016\/08\/DSC_3720.jpg","keywords":["aniversario","vichama"],"articleSection":["noticias"],"inLanguage":"en-US"},{"@type":"WebPage","@id":"https:\/\/zonacaral.gob.pe\/en\/noticias\/vichama-celebra-noveno-aniversario-de-puesta-en-valor-con-nuevos-hallazgos\/","url":"https:\/\/zonacaral.gob.pe\/en\/noticias\/vichama-celebra-noveno-aniversario-de-puesta-en-valor-con-nuevos-hallazgos\/","name":"Vichama celebra 9\u00ba aniversario de puesta en valor","isPartOf":{"@id":"https:\/\/zonacaral.gob.pe\/es\/#website"},"primaryImageOfPage":{"@id":"https:\/\/zonacaral.gob.pe\/en\/noticias\/vichama-celebra-noveno-aniversario-de-puesta-en-valor-con-nuevos-hallazgos\/#primaryimage"},"image":{"@id":"https:\/\/zonacaral.gob.pe\/en\/noticias\/vichama-celebra-noveno-aniversario-de-puesta-en-valor-con-nuevos-hallazgos\/#primaryimage"},"thumbnailUrl":"https:\/\/zonacaral.gob.pe\/wp-content\/uploads\/2016\/08\/DSC_3720.jpg","datePublished":"2016-08-18T17:04:26+00:00","author":{"@id":"https:\/\/zonacaral.gob.pe\/es\/#\/schema\/person\/beddb4d22f71a7230c5b90913270a0ee"},"description":"Esculturas elaboradas en arcilla no cocida e instrumentos musicales de viento hechos con hueso de mam\u00edfero, decorados con el rostro de un felino, son algunos de los hallazgos que revelan el v\u00ednculo entre la Civilizaci\u00f3n Caral y Vichama, sociedad agropesquera de V\u00e9gueta-Huacho, se dio a conocer hoy.","breadcrumb":{"@id":"https:\/\/zonacaral.gob.pe\/en\/noticias\/vichama-celebra-noveno-aniversario-de-puesta-en-valor-con-nuevos-hallazgos\/#breadcrumb"},"inLanguage":"en-US","potentialAction":[{"@type":"ReadAction","target":["https:\/\/zonacaral.gob.pe\/en\/noticias\/vichama-celebra-noveno-aniversario-de-puesta-en-valor-con-nuevos-hallazgos\/"]}]},{"@type":"ImageObject","inLanguage":"en-US","@id":"https:\/\/zonacaral.gob.pe\/en\/noticias\/vichama-celebra-noveno-aniversario-de-puesta-en-valor-con-nuevos-hallazgos\/#primaryimage","url":"https:\/\/zonacaral.gob.pe\/wp-content\/uploads\/2016\/08\/DSC_3720.jpg","contentUrl":"https:\/\/zonacaral.gob.pe\/wp-content\/uploads\/2016\/08\/DSC_3720.jpg","width":1000,"height":597},{"@type":"BreadcrumbList","@id":"https:\/\/zonacaral.gob.pe\/en\/noticias\/vichama-celebra-noveno-aniversario-de-puesta-en-valor-con-nuevos-hallazgos\/#breadcrumb","itemListElement":[{"@type":"ListItem","position":1,"name":"Portada","item":"https:\/\/zonacaral.gob.pe\/"},{"@type":"ListItem","position":2,"name":"Vichama celebra noveno aniversario de puesta en valor con nuevos hallazgos"}]},{"@type":"WebSite","@id":"https:\/\/zonacaral.gob.pe\/es\/#website","url":"https:\/\/zonacaral.gob.pe\/es\/","name":"Zona Caral","description":"Investigamos, conservamos y difundimos el patrimonio cultural de la Civilizaci\u00f3n Caral, la m\u00e1s antigua de Am\u00e9rica.","potentialAction":[{"@type":"SearchAction","target":{"@type":"EntryPoint","urlTemplate":"https:\/\/zonacaral.gob.pe\/es\/?s={search_term_string}"},"query-input":{"@type":"PropertyValueSpecification","valueRequired":true,"valueName":"search_term_string"}}],"inLanguage":"en-US"},{"@type":"Person","@id":"https:\/\/zonacaral.gob.pe\/es\/#\/schema\/person\/beddb4d22f71a7230c5b90913270a0ee","name":"Zona Caral Administrador","image":{"@type":"ImageObject","inLanguage":"en-US","@id":"https:\/\/secure.gravatar.com\/avatar\/e4be162918a696358376de6446614e0f0f4062bdc5d170d6d540ada3d8b58c12?s=96&d=mm&r=g","url":"https:\/\/secure.gravatar.com\/avatar\/e4be162918a696358376de6446614e0f0f4062bdc5d170d6d540ada3d8b58c12?s=96&d=mm&r=g","contentUrl":"https:\/\/secure.gravatar.com\/avatar\/e4be162918a696358376de6446614e0f0f4062bdc5d170d6d540ada3d8b58c12?s=96&d=mm&r=g","caption":"Zona Caral Administrador"},"sameAs":["https:\/\/zonacaral.gob.pe"],"url":"https:\/\/zonacaral.gob.pe\/en\/noticias\/author\/ad_zonacaral\/"}]}},"_links":{"self":[{"href":"https:\/\/zonacaral.gob.pe\/en\/wp-json\/wp\/v2\/posts\/10843","targetHints":{"allow":["GET"]}}],"collection":[{"href":"https:\/\/zonacaral.gob.pe\/en\/wp-json\/wp\/v2\/posts"}],"about":[{"href":"https:\/\/zonacaral.gob.pe\/en\/wp-json\/wp\/v2\/types\/post"}],"author":[{"embeddable":true,"href":"https:\/\/zonacaral.gob.pe\/en\/wp-json\/wp\/v2\/users\/1"}],"replies":[{"embeddable":true,"href":"https:\/\/zonacaral.gob.pe\/en\/wp-json\/wp\/v2\/comments?post=10843"}],"version-history":[{"count":0,"href":"https:\/\/zonacaral.gob.pe\/en\/wp-json\/wp\/v2\/posts\/10843\/revisions"}],"wp:featuredmedia":[{"embeddable":true,"href":"https:\/\/zonacaral.gob.pe\/en\/wp-json\/wp\/v2\/media\/10844"}],"wp:attachment":[{"href":"https:\/\/zonacaral.gob.pe\/en\/wp-json\/wp\/v2\/media?parent=10843"}],"wp:term":[{"taxonomy":"category","embeddable":true,"href":"https:\/\/zonacaral.gob.pe\/en\/wp-json\/wp\/v2\/categories?post=10843"},{"taxonomy":"post_tag","embeddable":true,"href":"https:\/\/zonacaral.gob.pe\/en\/wp-json\/wp\/v2\/tags?post=10843"}],"curies":[{"name":"wp","href":"https:\/\/api.w.org\/{rel}","templated":true}]}}