{"id":10858,"date":"2016-09-05T10:54:50","date_gmt":"2016-09-05T15:54:50","guid":{"rendered":"http:\/\/www.zonacaral.gob.pe\/?p=10858"},"modified":"2016-09-05T10:54:50","modified_gmt":"2016-09-05T15:54:50","slug":"ciudad-madre-novela-historica-inspirada-en-la-civilizacion-caral-se-presento-en-la-secretaria-general-de-la-can","status":"publish","type":"post","link":"https:\/\/zonacaral.gob.pe\/en\/noticias\/ciudad-madre-novela-historica-inspirada-en-la-civilizacion-caral-se-presento-en-la-secretaria-general-de-la-can\/","title":{"rendered":"\u201cCiudad Madre\u201d, novela hist\u00f3rica inspirada en la Civilizaci\u00f3n Caral, se present\u00f3 en la Secretar\u00eda General de la CAN"},"content":{"rendered":"<figure class=\"pic-autor\" style=\"color: #4d4d4d; text-align: justify;\"><\/figure>\n<p style=\"text-align: justify;\">La novelista y artista pl\u00e1stica peruana Mar\u00eda Martha Calvo present\u00f3, en la sede de la\u00a0\u00a0Secretar\u00eda General de la CAN, su obra \u201cCiudad Madre\u201d, novela hist\u00f3rica que narra la cotidianeidad de una familia en la ciudadela de Caral y el \u00e9xodo que inici\u00f3 el clan, forzado por los cambios climatol\u00f3gicos, hace m\u00e1s de 5000 a\u00f1os.<\/p>\n<p style=\"text-align: justify;\">La presentaci\u00f3n cont\u00f3 con la participaci\u00f3n del Exviceministro de Interculturalidad del Per\u00fa, Jos\u00e9 Carlos Vilcapoma; la Directora de la Zona Arqueol\u00f3gica Caral, Ruth Shady Sol\u00eds; el Director del Colegio Santa Margarita, Edistio C\u00e1mere de la Torre Ugarte y la autora Mar\u00eda Martha Calvo; quienes comentaron sobre la obra literaria iniciada hace 6 a\u00f1os y que fue publicada por la Editorial Argos.<\/p>\n<p style=\"text-align: justify;\">Durante la presentaci\u00f3n se destac\u00f3 el trabajo creativo de Calvo, por narrar una historia basada en investigaciones arqueol\u00f3gicas, hist\u00f3ricas y antropol\u00f3gicas; adem\u00e1s de resaltar los valores familiares, sociales y humanos, que sirven de inspiraci\u00f3n para las actuales generaciones.<\/p>\n<p style=\"text-align: justify;\">As\u00ed tambi\u00e9n, participaron de la presentaci\u00f3n el Embajador de Bolivia en el Per\u00fa, Gustavo Rodr\u00edguez; el Secretario General, Walker San Miguel y los Directores Generales, Luz Marina Monroy y Elmer Schialer.<\/p>\n<p style=\"text-align: justify;\">San Miguel, remarc\u00f3 la importancia del mundo andino:\u00a0<em>\u201ceste mundo tel\u00farico, que une la selva con la costa, la sierra, de las monta\u00f1as andinas, de tanta geograf\u00eda y cultura; elementos de donde surge la Civilizaci\u00f3n de Caral\u201d.\u00a0<\/em>As\u00ed tambi\u00e9n, manifest\u00f3 que \u201cCiudad Madre\u201d es una novela hist\u00f3rica que nos permite\u00a0<em>\u201caprender y admirar\u201d<\/em>\u00a0sobre una sociedad que se destaca entre las m\u00e1s antiguas del mundo.<\/p>\n<p style=\"text-align: justify;\">\u201cCiudad Madre\u201d describe el origen milenario del proceso de integraci\u00f3n cultural en la Regi\u00f3n Andino-Amaz\u00f3nica, espacio compartido por Bolivia, Colombia, Ecuador y el Per\u00fa; Pa\u00edses Miembros de la Comunidad Andina.<\/p>\n<p style=\"text-align: justify;\">Fuente:<span style=\"color: #800000;\">\u00a0<\/span><a href=\"http:\/\/www.comunidadandina.org\/Prensa.aspx?id=3760&amp;accion=detalle&amp;cat=NP&amp;title=ciudad-madre-novela-h\">Comunidad Andina<\/a><\/p>\n<p style=\"text-align: justify;\">Fecha de publicaci\u00f3n: 02\/09\/2016<\/p>","protected":false},"excerpt":{"rendered":"<p>La novelista y artista pl\u00e1stica peruana Mar\u00eda Martha Calvo present\u00f3, en la sede de la\u00a0\u00a0Secretar\u00eda General de la CAN, su [&hellip;]<\/p>\n","protected":false},"author":1,"featured_media":10861,"comment_status":"closed","ping_status":"open","sticky":false,"template":"","format":"standard","meta":{"_acf_changed":false,"site-sidebar-layout":"default","site-content-layout":"","ast-site-content-layout":"default","site-content-style":"default","site-sidebar-style":"default","ast-global-header-display":"","ast-banner-title-visibility":"","ast-main-header-display":"","ast-hfb-above-header-display":"","ast-hfb-below-header-display":"","ast-hfb-mobile-header-display":"","site-post-title":"","ast-breadcrumbs-content":"","ast-featured-img":"","footer-sml-layout":"","ast-disable-related-posts":"","theme-transparent-header-meta":"","adv-header-id-meta":"","stick-header-meta":"","header-above-stick-meta":"","header-main-stick-meta":"","header-below-stick-meta":"","astra-migrate-meta-layouts":"default","ast-page-background-enabled":"default","ast-page-background-meta":{"desktop":{"background-color":"var(--ast-global-color-5)","background-image":"","background-repeat":"repeat","background-position":"center center","background-size":"auto","background-attachment":"scroll","background-type":"","background-media":"","overlay-type":"","overlay-color":"","overlay-opacity":"","overlay-gradient":""},"tablet":{"background-color":"","background-image":"","background-repeat":"repeat","background-position":"center center","background-size":"auto","background-attachment":"scroll","background-type":"","background-media":"","overlay-type":"","overlay-color":"","overlay-opacity":"","overlay-gradient":""},"mobile":{"background-color":"","background-image":"","background-repeat":"repeat","background-position":"center center","background-size":"auto","background-attachment":"scroll","background-type":"","background-media":"","overlay-type":"","overlay-color":"","overlay-opacity":"","overlay-gradient":""}},"ast-content-background-meta":{"desktop":{"background-color":"var(--ast-global-color-4)","background-image":"","background-repeat":"repeat","background-position":"center center","background-size":"auto","background-attachment":"scroll","background-type":"","background-media":"","overlay-type":"","overlay-color":"","overlay-opacity":"","overlay-gradient":""},"tablet":{"background-color":"var(--ast-global-color-4)","background-image":"","background-repeat":"repeat","background-position":"center center","background-size":"auto","background-attachment":"scroll","background-type":"","background-media":"","overlay-type":"","overlay-color":"","overlay-opacity":"","overlay-gradient":""},"mobile":{"background-color":"var(--ast-global-color-4)","background-image":"","background-repeat":"repeat","background-position":"center center","background-size":"auto","background-attachment":"scroll","background-type":"","background-media":"","overlay-type":"","overlay-color":"","overlay-opacity":"","overlay-gradient":""}},"footnotes":""},"categories":[208],"tags":[55,119,82],"class_list":["post-10858","post","type-post","status-publish","format-standard","has-post-thumbnail","hentry","category-noticias","tag-caral","tag-libro","tag-ruth-shady"],"acf":[],"yoast_head":"<!-- This site is optimized with the Yoast SEO plugin v27.3 - https:\/\/yoast.com\/product\/yoast-seo-wordpress\/ -->\n<title>\u201cCiudad Madre\u201d, novela inspirada en la Civilizaci\u00f3n Caral<\/title>\n<meta name=\"description\" content=\"La novelista y artista pl\u00e1stica peruana Mar\u00eda Martha Calvo present\u00f3, en la sede de la Secretar\u00eda General de la CAN, su obra \u201cCiudad Madre\u201d, novela hist\u00f3rica que narra la cotidianeidad de una familia en la ciudadela de Caral y el \u00e9xodo que inici\u00f3 el clan, forzado por los cambios climatol\u00f3gicos, hace m\u00e1s de 5000 a\u00f1os.\" \/>\n<meta name=\"robots\" content=\"index, follow, max-snippet:-1, max-image-preview:large, max-video-preview:-1\" \/>\n<link rel=\"canonical\" href=\"https:\/\/zonacaral.gob.pe\/en\/noticias\/ciudad-madre-novela-historica-inspirada-en-la-civilizacion-caral-se-presento-en-la-secretaria-general-de-la-can\/\" \/>\n<meta property=\"og:locale\" content=\"en_US\" \/>\n<meta property=\"og:type\" content=\"article\" \/>\n<meta property=\"og:title\" content=\"\u201cCiudad Madre\u201d, novela inspirada en la Civilizaci\u00f3n Caral\" \/>\n<meta property=\"og:description\" content=\"La novelista y artista pl\u00e1stica peruana Mar\u00eda Martha Calvo present\u00f3, en la sede de la Secretar\u00eda General de la CAN, su obra \u201cCiudad Madre\u201d, novela hist\u00f3rica que narra la cotidianeidad de una familia en la ciudadela de Caral y el \u00e9xodo que inici\u00f3 el clan, forzado por los cambios climatol\u00f3gicos, hace m\u00e1s de 5000 a\u00f1os.\" \/>\n<meta property=\"og:url\" content=\"https:\/\/zonacaral.gob.pe\/en\/noticias\/ciudad-madre-novela-historica-inspirada-en-la-civilizacion-caral-se-presento-en-la-secretaria-general-de-la-can\/\" \/>\n<meta property=\"og:site_name\" content=\"Zona Caral\" \/>\n<meta property=\"article:published_time\" content=\"2016-09-05T15:54:50+00:00\" \/>\n<meta property=\"og:image\" content=\"https:\/\/zonacaral.gob.pe\/wp-content\/uploads\/2016\/09\/libro-madre-caral.jpg\" \/>\n\t<meta property=\"og:image:width\" content=\"900\" \/>\n\t<meta property=\"og:image:height\" content=\"466\" \/>\n\t<meta property=\"og:image:type\" content=\"image\/jpeg\" \/>\n<meta name=\"author\" content=\"Zona Caral Administrador\" \/>\n<meta name=\"twitter:card\" content=\"summary_large_image\" \/>\n<meta name=\"twitter:label1\" content=\"Written by\" \/>\n\t<meta name=\"twitter:data1\" content=\"Zona Caral Administrador\" \/>\n\t<meta name=\"twitter:label2\" content=\"Est. reading time\" \/>\n\t<meta name=\"twitter:data2\" content=\"2 minutes\" \/>\n<script type=\"application\/ld+json\" class=\"yoast-schema-graph\">{\"@context\":\"https:\\\/\\\/schema.org\",\"@graph\":[{\"@type\":\"Article\",\"@id\":\"https:\\\/\\\/zonacaral.gob.pe\\\/es\\\/noticias\\\/ciudad-madre-novela-historica-inspirada-en-la-civilizacion-caral-se-presento-en-la-secretaria-general-de-la-can\\\/#article\",\"isPartOf\":{\"@id\":\"https:\\\/\\\/zonacaral.gob.pe\\\/es\\\/noticias\\\/ciudad-madre-novela-historica-inspirada-en-la-civilizacion-caral-se-presento-en-la-secretaria-general-de-la-can\\\/\"},\"author\":{\"name\":\"Zona Caral Administrador\",\"@id\":\"https:\\\/\\\/zonacaral.gob.pe\\\/es\\\/#\\\/schema\\\/person\\\/beddb4d22f71a7230c5b90913270a0ee\"},\"headline\":\"\u201cCiudad Madre\u201d, novela hist\u00f3rica inspirada en la Civilizaci\u00f3n Caral, se present\u00f3 en la Secretar\u00eda General de la CAN\",\"datePublished\":\"2016-09-05T15:54:50+00:00\",\"mainEntityOfPage\":{\"@id\":\"https:\\\/\\\/zonacaral.gob.pe\\\/es\\\/noticias\\\/ciudad-madre-novela-historica-inspirada-en-la-civilizacion-caral-se-presento-en-la-secretaria-general-de-la-can\\\/\"},\"wordCount\":340,\"image\":{\"@id\":\"https:\\\/\\\/zonacaral.gob.pe\\\/es\\\/noticias\\\/ciudad-madre-novela-historica-inspirada-en-la-civilizacion-caral-se-presento-en-la-secretaria-general-de-la-can\\\/#primaryimage\"},\"thumbnailUrl\":\"https:\\\/\\\/zonacaral.gob.pe\\\/wp-content\\\/uploads\\\/2016\\\/09\\\/libro-madre-caral.jpg\",\"keywords\":[\"caral\",\"libro\",\"Ruth Shady\"],\"articleSection\":[\"noticias\"],\"inLanguage\":\"en-US\"},{\"@type\":\"WebPage\",\"@id\":\"https:\\\/\\\/zonacaral.gob.pe\\\/es\\\/noticias\\\/ciudad-madre-novela-historica-inspirada-en-la-civilizacion-caral-se-presento-en-la-secretaria-general-de-la-can\\\/\",\"url\":\"https:\\\/\\\/zonacaral.gob.pe\\\/es\\\/noticias\\\/ciudad-madre-novela-historica-inspirada-en-la-civilizacion-caral-se-presento-en-la-secretaria-general-de-la-can\\\/\",\"name\":\"\u201cCiudad Madre\u201d, novela inspirada en la Civilizaci\u00f3n Caral\",\"isPartOf\":{\"@id\":\"https:\\\/\\\/zonacaral.gob.pe\\\/es\\\/#website\"},\"primaryImageOfPage\":{\"@id\":\"https:\\\/\\\/zonacaral.gob.pe\\\/es\\\/noticias\\\/ciudad-madre-novela-historica-inspirada-en-la-civilizacion-caral-se-presento-en-la-secretaria-general-de-la-can\\\/#primaryimage\"},\"image\":{\"@id\":\"https:\\\/\\\/zonacaral.gob.pe\\\/es\\\/noticias\\\/ciudad-madre-novela-historica-inspirada-en-la-civilizacion-caral-se-presento-en-la-secretaria-general-de-la-can\\\/#primaryimage\"},\"thumbnailUrl\":\"https:\\\/\\\/zonacaral.gob.pe\\\/wp-content\\\/uploads\\\/2016\\\/09\\\/libro-madre-caral.jpg\",\"datePublished\":\"2016-09-05T15:54:50+00:00\",\"author\":{\"@id\":\"https:\\\/\\\/zonacaral.gob.pe\\\/es\\\/#\\\/schema\\\/person\\\/beddb4d22f71a7230c5b90913270a0ee\"},\"description\":\"La novelista y artista pl\u00e1stica peruana Mar\u00eda Martha Calvo present\u00f3, en la sede de la Secretar\u00eda General de la CAN, su obra \u201cCiudad Madre\u201d, novela hist\u00f3rica que narra la cotidianeidad de una familia en la ciudadela de Caral y el \u00e9xodo que inici\u00f3 el clan, forzado por los cambios climatol\u00f3gicos, hace m\u00e1s de 5000 a\u00f1os.\",\"breadcrumb\":{\"@id\":\"https:\\\/\\\/zonacaral.gob.pe\\\/es\\\/noticias\\\/ciudad-madre-novela-historica-inspirada-en-la-civilizacion-caral-se-presento-en-la-secretaria-general-de-la-can\\\/#breadcrumb\"},\"inLanguage\":\"en-US\",\"potentialAction\":[{\"@type\":\"ReadAction\",\"target\":[\"https:\\\/\\\/zonacaral.gob.pe\\\/es\\\/noticias\\\/ciudad-madre-novela-historica-inspirada-en-la-civilizacion-caral-se-presento-en-la-secretaria-general-de-la-can\\\/\"]}]},{\"@type\":\"ImageObject\",\"inLanguage\":\"en-US\",\"@id\":\"https:\\\/\\\/zonacaral.gob.pe\\\/es\\\/noticias\\\/ciudad-madre-novela-historica-inspirada-en-la-civilizacion-caral-se-presento-en-la-secretaria-general-de-la-can\\\/#primaryimage\",\"url\":\"https:\\\/\\\/zonacaral.gob.pe\\\/wp-content\\\/uploads\\\/2016\\\/09\\\/libro-madre-caral.jpg\",\"contentUrl\":\"https:\\\/\\\/zonacaral.gob.pe\\\/wp-content\\\/uploads\\\/2016\\\/09\\\/libro-madre-caral.jpg\",\"width\":900,\"height\":466},{\"@type\":\"BreadcrumbList\",\"@id\":\"https:\\\/\\\/zonacaral.gob.pe\\\/es\\\/noticias\\\/ciudad-madre-novela-historica-inspirada-en-la-civilizacion-caral-se-presento-en-la-secretaria-general-de-la-can\\\/#breadcrumb\",\"itemListElement\":[{\"@type\":\"ListItem\",\"position\":1,\"name\":\"Portada\",\"item\":\"https:\\\/\\\/zonacaral.gob.pe\\\/\"},{\"@type\":\"ListItem\",\"position\":2,\"name\":\"\u201cCiudad Madre\u201d, novela hist\u00f3rica inspirada en la Civilizaci\u00f3n Caral, se present\u00f3 en la Secretar\u00eda General de la CAN\"}]},{\"@type\":\"WebSite\",\"@id\":\"https:\\\/\\\/zonacaral.gob.pe\\\/es\\\/#website\",\"url\":\"https:\\\/\\\/zonacaral.gob.pe\\\/es\\\/\",\"name\":\"Zona Caral\",\"description\":\"Investigamos, conservamos y difundimos el patrimonio cultural de la Civilizaci\u00f3n Caral, la m\u00e1s antigua de Am\u00e9rica.\",\"potentialAction\":[{\"@type\":\"SearchAction\",\"target\":{\"@type\":\"EntryPoint\",\"urlTemplate\":\"https:\\\/\\\/zonacaral.gob.pe\\\/es\\\/?s={search_term_string}\"},\"query-input\":{\"@type\":\"PropertyValueSpecification\",\"valueRequired\":true,\"valueName\":\"search_term_string\"}}],\"inLanguage\":\"en-US\"},{\"@type\":\"Person\",\"@id\":\"https:\\\/\\\/zonacaral.gob.pe\\\/es\\\/#\\\/schema\\\/person\\\/beddb4d22f71a7230c5b90913270a0ee\",\"name\":\"Zona Caral Administrador\",\"image\":{\"@type\":\"ImageObject\",\"inLanguage\":\"en-US\",\"@id\":\"https:\\\/\\\/secure.gravatar.com\\\/avatar\\\/e4be162918a696358376de6446614e0f0f4062bdc5d170d6d540ada3d8b58c12?s=96&d=mm&r=g\",\"url\":\"https:\\\/\\\/secure.gravatar.com\\\/avatar\\\/e4be162918a696358376de6446614e0f0f4062bdc5d170d6d540ada3d8b58c12?s=96&d=mm&r=g\",\"contentUrl\":\"https:\\\/\\\/secure.gravatar.com\\\/avatar\\\/e4be162918a696358376de6446614e0f0f4062bdc5d170d6d540ada3d8b58c12?s=96&d=mm&r=g\",\"caption\":\"Zona Caral Administrador\"},\"sameAs\":[\"https:\\\/\\\/zonacaral.gob.pe\"],\"url\":\"https:\\\/\\\/zonacaral.gob.pe\\\/en\\\/noticias\\\/author\\\/ad_zonacaral\\\/\"}]}<\/script>\n<!-- \/ Yoast SEO plugin. -->","yoast_head_json":{"title":"\u201cCiudad Madre\u201d, novela inspirada en la Civilizaci\u00f3n Caral","description":"La novelista y artista pl\u00e1stica peruana Mar\u00eda Martha Calvo present\u00f3, en la sede de la Secretar\u00eda General de la CAN, su obra \u201cCiudad Madre\u201d, novela hist\u00f3rica que narra la cotidianeidad de una familia en la ciudadela de Caral y el \u00e9xodo que inici\u00f3 el clan, forzado por los cambios climatol\u00f3gicos, hace m\u00e1s de 5000 a\u00f1os.","robots":{"index":"index","follow":"follow","max-snippet":"max-snippet:-1","max-image-preview":"max-image-preview:large","max-video-preview":"max-video-preview:-1"},"canonical":"https:\/\/zonacaral.gob.pe\/en\/noticias\/ciudad-madre-novela-historica-inspirada-en-la-civilizacion-caral-se-presento-en-la-secretaria-general-de-la-can\/","og_locale":"en_US","og_type":"article","og_title":"\u201cCiudad Madre\u201d, novela inspirada en la Civilizaci\u00f3n Caral","og_description":"La novelista y artista pl\u00e1stica peruana Mar\u00eda Martha Calvo present\u00f3, en la sede de la Secretar\u00eda General de la CAN, su obra \u201cCiudad Madre\u201d, novela hist\u00f3rica que narra la cotidianeidad de una familia en la ciudadela de Caral y el \u00e9xodo que inici\u00f3 el clan, forzado por los cambios climatol\u00f3gicos, hace m\u00e1s de 5000 a\u00f1os.","og_url":"https:\/\/zonacaral.gob.pe\/en\/noticias\/ciudad-madre-novela-historica-inspirada-en-la-civilizacion-caral-se-presento-en-la-secretaria-general-de-la-can\/","og_site_name":"Zona Caral","article_published_time":"2016-09-05T15:54:50+00:00","og_image":[{"width":900,"height":466,"url":"https:\/\/zonacaral.gob.pe\/wp-content\/uploads\/2016\/09\/libro-madre-caral.jpg","type":"image\/jpeg"}],"author":"Zona Caral Administrador","twitter_card":"summary_large_image","twitter_misc":{"Written by":"Zona Caral Administrador","Est. reading time":"2 minutes"},"schema":{"@context":"https:\/\/schema.org","@graph":[{"@type":"Article","@id":"https:\/\/zonacaral.gob.pe\/es\/noticias\/ciudad-madre-novela-historica-inspirada-en-la-civilizacion-caral-se-presento-en-la-secretaria-general-de-la-can\/#article","isPartOf":{"@id":"https:\/\/zonacaral.gob.pe\/es\/noticias\/ciudad-madre-novela-historica-inspirada-en-la-civilizacion-caral-se-presento-en-la-secretaria-general-de-la-can\/"},"author":{"name":"Zona Caral Administrador","@id":"https:\/\/zonacaral.gob.pe\/es\/#\/schema\/person\/beddb4d22f71a7230c5b90913270a0ee"},"headline":"\u201cCiudad Madre\u201d, novela hist\u00f3rica inspirada en la Civilizaci\u00f3n Caral, se present\u00f3 en la Secretar\u00eda General de la CAN","datePublished":"2016-09-05T15:54:50+00:00","mainEntityOfPage":{"@id":"https:\/\/zonacaral.gob.pe\/es\/noticias\/ciudad-madre-novela-historica-inspirada-en-la-civilizacion-caral-se-presento-en-la-secretaria-general-de-la-can\/"},"wordCount":340,"image":{"@id":"https:\/\/zonacaral.gob.pe\/es\/noticias\/ciudad-madre-novela-historica-inspirada-en-la-civilizacion-caral-se-presento-en-la-secretaria-general-de-la-can\/#primaryimage"},"thumbnailUrl":"https:\/\/zonacaral.gob.pe\/wp-content\/uploads\/2016\/09\/libro-madre-caral.jpg","keywords":["caral","libro","Ruth Shady"],"articleSection":["noticias"],"inLanguage":"en-US"},{"@type":"WebPage","@id":"https:\/\/zonacaral.gob.pe\/es\/noticias\/ciudad-madre-novela-historica-inspirada-en-la-civilizacion-caral-se-presento-en-la-secretaria-general-de-la-can\/","url":"https:\/\/zonacaral.gob.pe\/es\/noticias\/ciudad-madre-novela-historica-inspirada-en-la-civilizacion-caral-se-presento-en-la-secretaria-general-de-la-can\/","name":"\u201cCiudad Madre\u201d, novela inspirada en la Civilizaci\u00f3n Caral","isPartOf":{"@id":"https:\/\/zonacaral.gob.pe\/es\/#website"},"primaryImageOfPage":{"@id":"https:\/\/zonacaral.gob.pe\/es\/noticias\/ciudad-madre-novela-historica-inspirada-en-la-civilizacion-caral-se-presento-en-la-secretaria-general-de-la-can\/#primaryimage"},"image":{"@id":"https:\/\/zonacaral.gob.pe\/es\/noticias\/ciudad-madre-novela-historica-inspirada-en-la-civilizacion-caral-se-presento-en-la-secretaria-general-de-la-can\/#primaryimage"},"thumbnailUrl":"https:\/\/zonacaral.gob.pe\/wp-content\/uploads\/2016\/09\/libro-madre-caral.jpg","datePublished":"2016-09-05T15:54:50+00:00","author":{"@id":"https:\/\/zonacaral.gob.pe\/es\/#\/schema\/person\/beddb4d22f71a7230c5b90913270a0ee"},"description":"La novelista y artista pl\u00e1stica peruana Mar\u00eda Martha Calvo present\u00f3, en la sede de la Secretar\u00eda General de la CAN, su obra \u201cCiudad Madre\u201d, novela hist\u00f3rica que narra la cotidianeidad de una familia en la ciudadela de Caral y el \u00e9xodo que inici\u00f3 el clan, forzado por los cambios climatol\u00f3gicos, hace m\u00e1s de 5000 a\u00f1os.","breadcrumb":{"@id":"https:\/\/zonacaral.gob.pe\/es\/noticias\/ciudad-madre-novela-historica-inspirada-en-la-civilizacion-caral-se-presento-en-la-secretaria-general-de-la-can\/#breadcrumb"},"inLanguage":"en-US","potentialAction":[{"@type":"ReadAction","target":["https:\/\/zonacaral.gob.pe\/es\/noticias\/ciudad-madre-novela-historica-inspirada-en-la-civilizacion-caral-se-presento-en-la-secretaria-general-de-la-can\/"]}]},{"@type":"ImageObject","inLanguage":"en-US","@id":"https:\/\/zonacaral.gob.pe\/es\/noticias\/ciudad-madre-novela-historica-inspirada-en-la-civilizacion-caral-se-presento-en-la-secretaria-general-de-la-can\/#primaryimage","url":"https:\/\/zonacaral.gob.pe\/wp-content\/uploads\/2016\/09\/libro-madre-caral.jpg","contentUrl":"https:\/\/zonacaral.gob.pe\/wp-content\/uploads\/2016\/09\/libro-madre-caral.jpg","width":900,"height":466},{"@type":"BreadcrumbList","@id":"https:\/\/zonacaral.gob.pe\/es\/noticias\/ciudad-madre-novela-historica-inspirada-en-la-civilizacion-caral-se-presento-en-la-secretaria-general-de-la-can\/#breadcrumb","itemListElement":[{"@type":"ListItem","position":1,"name":"Portada","item":"https:\/\/zonacaral.gob.pe\/"},{"@type":"ListItem","position":2,"name":"\u201cCiudad Madre\u201d, novela hist\u00f3rica inspirada en la Civilizaci\u00f3n Caral, se present\u00f3 en la Secretar\u00eda General de la CAN"}]},{"@type":"WebSite","@id":"https:\/\/zonacaral.gob.pe\/es\/#website","url":"https:\/\/zonacaral.gob.pe\/es\/","name":"Zona Caral","description":"Investigamos, conservamos y difundimos el patrimonio cultural de la Civilizaci\u00f3n Caral, la m\u00e1s antigua de Am\u00e9rica.","potentialAction":[{"@type":"SearchAction","target":{"@type":"EntryPoint","urlTemplate":"https:\/\/zonacaral.gob.pe\/es\/?s={search_term_string}"},"query-input":{"@type":"PropertyValueSpecification","valueRequired":true,"valueName":"search_term_string"}}],"inLanguage":"en-US"},{"@type":"Person","@id":"https:\/\/zonacaral.gob.pe\/es\/#\/schema\/person\/beddb4d22f71a7230c5b90913270a0ee","name":"Zona Caral Administrador","image":{"@type":"ImageObject","inLanguage":"en-US","@id":"https:\/\/secure.gravatar.com\/avatar\/e4be162918a696358376de6446614e0f0f4062bdc5d170d6d540ada3d8b58c12?s=96&d=mm&r=g","url":"https:\/\/secure.gravatar.com\/avatar\/e4be162918a696358376de6446614e0f0f4062bdc5d170d6d540ada3d8b58c12?s=96&d=mm&r=g","contentUrl":"https:\/\/secure.gravatar.com\/avatar\/e4be162918a696358376de6446614e0f0f4062bdc5d170d6d540ada3d8b58c12?s=96&d=mm&r=g","caption":"Zona Caral Administrador"},"sameAs":["https:\/\/zonacaral.gob.pe"],"url":"https:\/\/zonacaral.gob.pe\/en\/noticias\/author\/ad_zonacaral\/"}]}},"_links":{"self":[{"href":"https:\/\/zonacaral.gob.pe\/en\/wp-json\/wp\/v2\/posts\/10858","targetHints":{"allow":["GET"]}}],"collection":[{"href":"https:\/\/zonacaral.gob.pe\/en\/wp-json\/wp\/v2\/posts"}],"about":[{"href":"https:\/\/zonacaral.gob.pe\/en\/wp-json\/wp\/v2\/types\/post"}],"author":[{"embeddable":true,"href":"https:\/\/zonacaral.gob.pe\/en\/wp-json\/wp\/v2\/users\/1"}],"replies":[{"embeddable":true,"href":"https:\/\/zonacaral.gob.pe\/en\/wp-json\/wp\/v2\/comments?post=10858"}],"version-history":[{"count":0,"href":"https:\/\/zonacaral.gob.pe\/en\/wp-json\/wp\/v2\/posts\/10858\/revisions"}],"wp:featuredmedia":[{"embeddable":true,"href":"https:\/\/zonacaral.gob.pe\/en\/wp-json\/wp\/v2\/media\/10861"}],"wp:attachment":[{"href":"https:\/\/zonacaral.gob.pe\/en\/wp-json\/wp\/v2\/media?parent=10858"}],"wp:term":[{"taxonomy":"category","embeddable":true,"href":"https:\/\/zonacaral.gob.pe\/en\/wp-json\/wp\/v2\/categories?post=10858"},{"taxonomy":"post_tag","embeddable":true,"href":"https:\/\/zonacaral.gob.pe\/en\/wp-json\/wp\/v2\/tags?post=10858"}],"curies":[{"name":"wp","href":"https:\/\/api.w.org\/{rel}","templated":true}]}}