{"id":10864,"date":"2016-09-05T11:47:46","date_gmt":"2016-09-05T16:47:46","guid":{"rendered":"http:\/\/www.zonacaral.gob.pe\/?p=10864"},"modified":"2016-09-05T11:47:46","modified_gmt":"2016-09-05T16:47:46","slug":"visitas-a-caral-promueve-desarrollo-socioeconomico-de-poblacion-que-vive-alrededor-de-la-ciudadela","status":"publish","type":"post","link":"https:\/\/zonacaral.gob.pe\/en\/noticias\/visitas-a-caral-promueve-desarrollo-socioeconomico-de-poblacion-que-vive-alrededor-de-la-ciudadela\/","title":{"rendered":"Visitas a Caral promueve desarrollo socioecon\u00f3mico de poblaci\u00f3n que vive alrededor de la ciudadela"},"content":{"rendered":"<figure class=\"pic-autor\" style=\"color: #4d4d4d; text-align: justify;\"><\/figure>\n<blockquote>\n<p style=\"text-align: justify;\">Ministerio de Cultura invita a poblaci\u00f3n a participar de Viajes Educativos<\/p>\n<\/blockquote>\n<p style=\"text-align: justify;\">El Ministerio de Cultura destac\u00f3 que las visitas tur\u00edsticas a Caral promueven el desarrollo socioecon\u00f3mico de la poblaci\u00f3n que vive alrededor de la ciudadela, por lo que recomend\u00f3 a los peruanos a participar de los programas de viajes educativos y recorran esta ciudad sagrada.<\/p>\n<p style=\"text-align: justify;\">La Zona Arqueol\u00f3gica Caral (ZAC), unidad ejecutora del Ministerio de Cultura, est\u00e1 dedicada desde hace 22 a\u00f1os a las actividades de investigaci\u00f3n, conservaci\u00f3n y difusi\u00f3n, al pa\u00eds y al mundo, de los valores sociales y culturales de la civilizaci\u00f3n m\u00e1s antigua de Am\u00e9rica; y a la aplicaci\u00f3n de un programa de desarrollo socioecon\u00f3mico en las poblaciones del entorno, sobre la base de la puesta en valor del patrimonio arqueol\u00f3gico.<\/p>\n<p style=\"text-align: justify;\">En ese sentido, la ZAC ha organizado el Programa de Viajes Educativos como un servicio cultural orientado a la difusi\u00f3n de la historia social recuperada en la ciudad sagrada de Caral y los centros urbanos de la civilizaci\u00f3n Caral: \u00c1spero, ciudad pesquera y Vichama, civilizaci\u00f3n Agropesquera de V\u00e9gueta-Huacho, Huaura; as\u00ed tambi\u00e9n busca promocionarlos como destinos tur\u00edsticos.<\/p>\n<h2 style=\"text-align: justify;\">Viajes educativos<\/h2>\n<p style=\"text-align: justify;\">El Programa de Viajes Educativos promueve la participaci\u00f3n de la poblaci\u00f3n rural-local que habita en el \u00e1rea de influencia de los sitios arqueol\u00f3gicos, procurando su desarrollo socioecon\u00f3mico.<\/p>\n<p style=\"text-align: justify;\">Los programas que participan son: Asociaci\u00f3n Vianderas de Caral, poblaci\u00f3n femenina de los centros poblados del valle de Supe que venden potajes t\u00edpicos de la culinaria local, a los turistas que llegan a la ciudad sagrada de Caral.<\/p>\n<p style=\"text-align: justify;\">Tambi\u00e9n la Asociaci\u00f3n Puntapaj: orientadores tur\u00edsticos locales del valle de Supe que prestan el servicio de guiado a los visitantes. Es una organizaci\u00f3n a la que se les ha capacitado en t\u00e9cnicas de manejo de grupos, primeros auxilios y en el conocimiento de los valores hist\u00f3ricos y culturales de la civilizaci\u00f3n Caral.<\/p>\n<p style=\"text-align: justify;\">Ver Programaci\u00f3n de viajes <a href=\"https:\/\/zonacaral.gob.pe\/en\/viajes-educativos\/salidas-semanales\/\">AQU\u00cd<\/a><\/p>\n<h2 style=\"text-align: justify;\">Sobre el programa de Viajes Educativos<\/h2>\n<p style=\"text-align: justify;\">El programa se desarrolla en un d\u00eda e incluye: transporte, guiado, almuerzo y tickets de entrada a los destinos de la Civilizaci\u00f3n Caral. Las salidas son semanales, todos los s\u00e1bados y domingos de cada mes.<\/p>\n<p style=\"text-align: justify;\">La programaci\u00f3n mensual y el itinerario de cada salida se publica en la p\u00e1gina web zonacaral.gob.pe\/viajes-educativos\/ o en la Oficina de Promoci\u00f3n Tur\u00edstica de la Zona Arqueol\u00f3gica Caral al 955 881 340 o al correo viajeseducativos@zonacaral.gob.pe<\/p>\n<p style=\"text-align: justify;\">En el 2009, la ciudad sagrada de Caral fue declarada como Patrimonio Mundial por parte de la Unesco, distinci\u00f3n que beneficia a nuestro pa\u00eds y reconoce el valor universal excepcional de Caral.<\/p>\n<p style=\"text-align: justify;\">Fuente:<span style=\"color: #800000;\">\u00a0<a href=\"http:\/\/www.expreso.com.pe\/nacional\/visitas-a-caral-promueven-desarrollo-socioeconomico-de-la-poblacion-local\/\">Diario Expreso<\/a><\/span><\/p>\n<p style=\"text-align: justify;\">Fecha de publicaci\u00f3n: 03\/09\/2016<\/p>","protected":false},"excerpt":{"rendered":"<p>Ministerio de Cultura invita a poblaci\u00f3n a participar de Viajes Educativos El Ministerio de Cultura destac\u00f3 que las visitas tur\u00edsticas [&hellip;]<\/p>\n","protected":false},"author":1,"featured_media":10865,"comment_status":"closed","ping_status":"open","sticky":false,"template":"","format":"standard","meta":{"_acf_changed":false,"site-sidebar-layout":"default","site-content-layout":"","ast-site-content-layout":"default","site-content-style":"default","site-sidebar-style":"default","ast-global-header-display":"","ast-banner-title-visibility":"","ast-main-header-display":"","ast-hfb-above-header-display":"","ast-hfb-below-header-display":"","ast-hfb-mobile-header-display":"","site-post-title":"","ast-breadcrumbs-content":"","ast-featured-img":"","footer-sml-layout":"","ast-disable-related-posts":"","theme-transparent-header-meta":"","adv-header-id-meta":"","stick-header-meta":"","header-above-stick-meta":"","header-main-stick-meta":"","header-below-stick-meta":"","astra-migrate-meta-layouts":"default","ast-page-background-enabled":"default","ast-page-background-meta":{"desktop":{"background-color":"var(--ast-global-color-5)","background-image":"","background-repeat":"repeat","background-position":"center center","background-size":"auto","background-attachment":"scroll","background-type":"","background-media":"","overlay-type":"","overlay-color":"","overlay-opacity":"","overlay-gradient":""},"tablet":{"background-color":"","background-image":"","background-repeat":"repeat","background-position":"center center","background-size":"auto","background-attachment":"scroll","background-type":"","background-media":"","overlay-type":"","overlay-color":"","overlay-opacity":"","overlay-gradient":""},"mobile":{"background-color":"","background-image":"","background-repeat":"repeat","background-position":"center center","background-size":"auto","background-attachment":"scroll","background-type":"","background-media":"","overlay-type":"","overlay-color":"","overlay-opacity":"","overlay-gradient":""}},"ast-content-background-meta":{"desktop":{"background-color":"var(--ast-global-color-4)","background-image":"","background-repeat":"repeat","background-position":"center center","background-size":"auto","background-attachment":"scroll","background-type":"","background-media":"","overlay-type":"","overlay-color":"","overlay-opacity":"","overlay-gradient":""},"tablet":{"background-color":"var(--ast-global-color-4)","background-image":"","background-repeat":"repeat","background-position":"center center","background-size":"auto","background-attachment":"scroll","background-type":"","background-media":"","overlay-type":"","overlay-color":"","overlay-opacity":"","overlay-gradient":""},"mobile":{"background-color":"var(--ast-global-color-4)","background-image":"","background-repeat":"repeat","background-position":"center center","background-size":"auto","background-attachment":"scroll","background-type":"","background-media":"","overlay-type":"","overlay-color":"","overlay-opacity":"","overlay-gradient":""}},"footnotes":""},"categories":[208],"tags":[55,74,71],"class_list":["post-10864","post","type-post","status-publish","format-standard","has-post-thumbnail","hentry","category-noticias","tag-caral","tag-ministerio-de-cultura","tag-viajes-educativos"],"acf":[],"yoast_head":"<!-- This site is optimized with the Yoast SEO plugin v27.3 - https:\/\/yoast.com\/product\/yoast-seo-wordpress\/ -->\n<title>Visitas a Caral promueve desarrollo socioecon\u00f3mico de poblaci\u00f3n que vive alrededor de la ciudadela<\/title>\n<meta name=\"description\" content=\"El Ministerio de Cultura destac\u00f3 que las visitas tur\u00edsticas a Caral promueven el desarrollo socioecon\u00f3mico de la poblaci\u00f3n que vive alrededor de la ciudadela, por lo que recomend\u00f3 a los peruanos a participar de los programas de viajes educativos y recorran esta ciudad sagrada.\" \/>\n<meta name=\"robots\" content=\"index, follow, max-snippet:-1, max-image-preview:large, max-video-preview:-1\" \/>\n<link rel=\"canonical\" href=\"https:\/\/zonacaral.gob.pe\/en\/noticias\/visitas-a-caral-promueve-desarrollo-socioeconomico-de-poblacion-que-vive-alrededor-de-la-ciudadela\/\" \/>\n<meta property=\"og:locale\" content=\"en_US\" \/>\n<meta property=\"og:type\" content=\"article\" \/>\n<meta property=\"og:title\" content=\"Visitas a Caral promueve desarrollo socioecon\u00f3mico de poblaci\u00f3n que vive alrededor de la ciudadela\" \/>\n<meta property=\"og:description\" content=\"El Ministerio de Cultura destac\u00f3 que las visitas tur\u00edsticas a Caral promueven el desarrollo socioecon\u00f3mico de la poblaci\u00f3n que vive alrededor de la ciudadela, por lo que recomend\u00f3 a los peruanos a participar de los programas de viajes educativos y recorran esta ciudad sagrada.\" \/>\n<meta property=\"og:url\" content=\"https:\/\/zonacaral.gob.pe\/en\/noticias\/visitas-a-caral-promueve-desarrollo-socioeconomico-de-poblacion-que-vive-alrededor-de-la-ciudadela\/\" \/>\n<meta property=\"og:site_name\" content=\"Zona Caral\" \/>\n<meta property=\"article:published_time\" content=\"2016-09-05T16:47:46+00:00\" \/>\n<meta property=\"og:image\" content=\"https:\/\/zonacaral.gob.pe\/wp-content\/uploads\/2016\/09\/programacaral-mc.jpg\" \/>\n\t<meta property=\"og:image:width\" content=\"900\" \/>\n\t<meta property=\"og:image:height\" content=\"468\" \/>\n\t<meta property=\"og:image:type\" content=\"image\/jpeg\" \/>\n<meta name=\"author\" content=\"Zona Caral Administrador\" \/>\n<meta name=\"twitter:card\" content=\"summary_large_image\" \/>\n<meta name=\"twitter:label1\" content=\"Written by\" \/>\n\t<meta name=\"twitter:data1\" content=\"Zona Caral Administrador\" \/>\n\t<meta name=\"twitter:label2\" content=\"Est. reading time\" \/>\n\t<meta name=\"twitter:data2\" content=\"2 minutes\" \/>\n<script type=\"application\/ld+json\" class=\"yoast-schema-graph\">{\"@context\":\"https:\\\/\\\/schema.org\",\"@graph\":[{\"@type\":\"Article\",\"@id\":\"https:\\\/\\\/zonacaral.gob.pe\\\/es\\\/noticias\\\/visitas-a-caral-promueve-desarrollo-socioeconomico-de-poblacion-que-vive-alrededor-de-la-ciudadela\\\/#article\",\"isPartOf\":{\"@id\":\"https:\\\/\\\/zonacaral.gob.pe\\\/es\\\/noticias\\\/visitas-a-caral-promueve-desarrollo-socioeconomico-de-poblacion-que-vive-alrededor-de-la-ciudadela\\\/\"},\"author\":{\"name\":\"Zona Caral Administrador\",\"@id\":\"https:\\\/\\\/zonacaral.gob.pe\\\/es\\\/#\\\/schema\\\/person\\\/beddb4d22f71a7230c5b90913270a0ee\"},\"headline\":\"Visitas a Caral promueve desarrollo socioecon\u00f3mico de poblaci\u00f3n que vive alrededor de la ciudadela\",\"datePublished\":\"2016-09-05T16:47:46+00:00\",\"mainEntityOfPage\":{\"@id\":\"https:\\\/\\\/zonacaral.gob.pe\\\/es\\\/noticias\\\/visitas-a-caral-promueve-desarrollo-socioeconomico-de-poblacion-que-vive-alrededor-de-la-ciudadela\\\/\"},\"wordCount\":484,\"image\":{\"@id\":\"https:\\\/\\\/zonacaral.gob.pe\\\/es\\\/noticias\\\/visitas-a-caral-promueve-desarrollo-socioeconomico-de-poblacion-que-vive-alrededor-de-la-ciudadela\\\/#primaryimage\"},\"thumbnailUrl\":\"https:\\\/\\\/zonacaral.gob.pe\\\/wp-content\\\/uploads\\\/2016\\\/09\\\/programacaral-mc.jpg\",\"keywords\":[\"caral\",\"Ministerio de Cultura\",\"viajes educativos\"],\"articleSection\":[\"noticias\"],\"inLanguage\":\"en-US\"},{\"@type\":\"WebPage\",\"@id\":\"https:\\\/\\\/zonacaral.gob.pe\\\/es\\\/noticias\\\/visitas-a-caral-promueve-desarrollo-socioeconomico-de-poblacion-que-vive-alrededor-de-la-ciudadela\\\/\",\"url\":\"https:\\\/\\\/zonacaral.gob.pe\\\/es\\\/noticias\\\/visitas-a-caral-promueve-desarrollo-socioeconomico-de-poblacion-que-vive-alrededor-de-la-ciudadela\\\/\",\"name\":\"Visitas a Caral promueve desarrollo socioecon\u00f3mico de poblaci\u00f3n que vive alrededor de la ciudadela\",\"isPartOf\":{\"@id\":\"https:\\\/\\\/zonacaral.gob.pe\\\/es\\\/#website\"},\"primaryImageOfPage\":{\"@id\":\"https:\\\/\\\/zonacaral.gob.pe\\\/es\\\/noticias\\\/visitas-a-caral-promueve-desarrollo-socioeconomico-de-poblacion-que-vive-alrededor-de-la-ciudadela\\\/#primaryimage\"},\"image\":{\"@id\":\"https:\\\/\\\/zonacaral.gob.pe\\\/es\\\/noticias\\\/visitas-a-caral-promueve-desarrollo-socioeconomico-de-poblacion-que-vive-alrededor-de-la-ciudadela\\\/#primaryimage\"},\"thumbnailUrl\":\"https:\\\/\\\/zonacaral.gob.pe\\\/wp-content\\\/uploads\\\/2016\\\/09\\\/programacaral-mc.jpg\",\"datePublished\":\"2016-09-05T16:47:46+00:00\",\"author\":{\"@id\":\"https:\\\/\\\/zonacaral.gob.pe\\\/es\\\/#\\\/schema\\\/person\\\/beddb4d22f71a7230c5b90913270a0ee\"},\"description\":\"El Ministerio de Cultura destac\u00f3 que las visitas tur\u00edsticas a Caral promueven el desarrollo socioecon\u00f3mico de la poblaci\u00f3n que vive alrededor de la ciudadela, por lo que recomend\u00f3 a los peruanos a participar de los programas de viajes educativos y recorran esta ciudad sagrada.\",\"breadcrumb\":{\"@id\":\"https:\\\/\\\/zonacaral.gob.pe\\\/es\\\/noticias\\\/visitas-a-caral-promueve-desarrollo-socioeconomico-de-poblacion-que-vive-alrededor-de-la-ciudadela\\\/#breadcrumb\"},\"inLanguage\":\"en-US\",\"potentialAction\":[{\"@type\":\"ReadAction\",\"target\":[\"https:\\\/\\\/zonacaral.gob.pe\\\/es\\\/noticias\\\/visitas-a-caral-promueve-desarrollo-socioeconomico-de-poblacion-que-vive-alrededor-de-la-ciudadela\\\/\"]}]},{\"@type\":\"ImageObject\",\"inLanguage\":\"en-US\",\"@id\":\"https:\\\/\\\/zonacaral.gob.pe\\\/es\\\/noticias\\\/visitas-a-caral-promueve-desarrollo-socioeconomico-de-poblacion-que-vive-alrededor-de-la-ciudadela\\\/#primaryimage\",\"url\":\"https:\\\/\\\/zonacaral.gob.pe\\\/wp-content\\\/uploads\\\/2016\\\/09\\\/programacaral-mc.jpg\",\"contentUrl\":\"https:\\\/\\\/zonacaral.gob.pe\\\/wp-content\\\/uploads\\\/2016\\\/09\\\/programacaral-mc.jpg\",\"width\":900,\"height\":468},{\"@type\":\"BreadcrumbList\",\"@id\":\"https:\\\/\\\/zonacaral.gob.pe\\\/es\\\/noticias\\\/visitas-a-caral-promueve-desarrollo-socioeconomico-de-poblacion-que-vive-alrededor-de-la-ciudadela\\\/#breadcrumb\",\"itemListElement\":[{\"@type\":\"ListItem\",\"position\":1,\"name\":\"Portada\",\"item\":\"https:\\\/\\\/zonacaral.gob.pe\\\/\"},{\"@type\":\"ListItem\",\"position\":2,\"name\":\"Visitas a Caral promueve desarrollo socioecon\u00f3mico de poblaci\u00f3n que vive alrededor de la ciudadela\"}]},{\"@type\":\"WebSite\",\"@id\":\"https:\\\/\\\/zonacaral.gob.pe\\\/es\\\/#website\",\"url\":\"https:\\\/\\\/zonacaral.gob.pe\\\/es\\\/\",\"name\":\"Zona Caral\",\"description\":\"Investigamos, conservamos y difundimos el patrimonio cultural de la Civilizaci\u00f3n Caral, la m\u00e1s antigua de Am\u00e9rica.\",\"potentialAction\":[{\"@type\":\"SearchAction\",\"target\":{\"@type\":\"EntryPoint\",\"urlTemplate\":\"https:\\\/\\\/zonacaral.gob.pe\\\/es\\\/?s={search_term_string}\"},\"query-input\":{\"@type\":\"PropertyValueSpecification\",\"valueRequired\":true,\"valueName\":\"search_term_string\"}}],\"inLanguage\":\"en-US\"},{\"@type\":\"Person\",\"@id\":\"https:\\\/\\\/zonacaral.gob.pe\\\/es\\\/#\\\/schema\\\/person\\\/beddb4d22f71a7230c5b90913270a0ee\",\"name\":\"Zona Caral Administrador\",\"image\":{\"@type\":\"ImageObject\",\"inLanguage\":\"en-US\",\"@id\":\"https:\\\/\\\/secure.gravatar.com\\\/avatar\\\/e4be162918a696358376de6446614e0f0f4062bdc5d170d6d540ada3d8b58c12?s=96&d=mm&r=g\",\"url\":\"https:\\\/\\\/secure.gravatar.com\\\/avatar\\\/e4be162918a696358376de6446614e0f0f4062bdc5d170d6d540ada3d8b58c12?s=96&d=mm&r=g\",\"contentUrl\":\"https:\\\/\\\/secure.gravatar.com\\\/avatar\\\/e4be162918a696358376de6446614e0f0f4062bdc5d170d6d540ada3d8b58c12?s=96&d=mm&r=g\",\"caption\":\"Zona Caral Administrador\"},\"sameAs\":[\"https:\\\/\\\/zonacaral.gob.pe\"],\"url\":\"https:\\\/\\\/zonacaral.gob.pe\\\/en\\\/noticias\\\/author\\\/ad_zonacaral\\\/\"}]}<\/script>\n<!-- \/ Yoast SEO plugin. -->","yoast_head_json":{"title":"Visitas a Caral promueve desarrollo socioecon\u00f3mico de poblaci\u00f3n que vive alrededor de la ciudadela","description":"El Ministerio de Cultura destac\u00f3 que las visitas tur\u00edsticas a Caral promueven el desarrollo socioecon\u00f3mico de la poblaci\u00f3n que vive alrededor de la ciudadela, por lo que recomend\u00f3 a los peruanos a participar de los programas de viajes educativos y recorran esta ciudad sagrada.","robots":{"index":"index","follow":"follow","max-snippet":"max-snippet:-1","max-image-preview":"max-image-preview:large","max-video-preview":"max-video-preview:-1"},"canonical":"https:\/\/zonacaral.gob.pe\/en\/noticias\/visitas-a-caral-promueve-desarrollo-socioeconomico-de-poblacion-que-vive-alrededor-de-la-ciudadela\/","og_locale":"en_US","og_type":"article","og_title":"Visitas a Caral promueve desarrollo socioecon\u00f3mico de poblaci\u00f3n que vive alrededor de la ciudadela","og_description":"El Ministerio de Cultura destac\u00f3 que las visitas tur\u00edsticas a Caral promueven el desarrollo socioecon\u00f3mico de la poblaci\u00f3n que vive alrededor de la ciudadela, por lo que recomend\u00f3 a los peruanos a participar de los programas de viajes educativos y recorran esta ciudad sagrada.","og_url":"https:\/\/zonacaral.gob.pe\/en\/noticias\/visitas-a-caral-promueve-desarrollo-socioeconomico-de-poblacion-que-vive-alrededor-de-la-ciudadela\/","og_site_name":"Zona Caral","article_published_time":"2016-09-05T16:47:46+00:00","og_image":[{"width":900,"height":468,"url":"https:\/\/zonacaral.gob.pe\/wp-content\/uploads\/2016\/09\/programacaral-mc.jpg","type":"image\/jpeg"}],"author":"Zona Caral Administrador","twitter_card":"summary_large_image","twitter_misc":{"Written by":"Zona Caral Administrador","Est. reading time":"2 minutes"},"schema":{"@context":"https:\/\/schema.org","@graph":[{"@type":"Article","@id":"https:\/\/zonacaral.gob.pe\/es\/noticias\/visitas-a-caral-promueve-desarrollo-socioeconomico-de-poblacion-que-vive-alrededor-de-la-ciudadela\/#article","isPartOf":{"@id":"https:\/\/zonacaral.gob.pe\/es\/noticias\/visitas-a-caral-promueve-desarrollo-socioeconomico-de-poblacion-que-vive-alrededor-de-la-ciudadela\/"},"author":{"name":"Zona Caral Administrador","@id":"https:\/\/zonacaral.gob.pe\/es\/#\/schema\/person\/beddb4d22f71a7230c5b90913270a0ee"},"headline":"Visitas a Caral promueve desarrollo socioecon\u00f3mico de poblaci\u00f3n que vive alrededor de la ciudadela","datePublished":"2016-09-05T16:47:46+00:00","mainEntityOfPage":{"@id":"https:\/\/zonacaral.gob.pe\/es\/noticias\/visitas-a-caral-promueve-desarrollo-socioeconomico-de-poblacion-que-vive-alrededor-de-la-ciudadela\/"},"wordCount":484,"image":{"@id":"https:\/\/zonacaral.gob.pe\/es\/noticias\/visitas-a-caral-promueve-desarrollo-socioeconomico-de-poblacion-que-vive-alrededor-de-la-ciudadela\/#primaryimage"},"thumbnailUrl":"https:\/\/zonacaral.gob.pe\/wp-content\/uploads\/2016\/09\/programacaral-mc.jpg","keywords":["caral","Ministerio de Cultura","viajes educativos"],"articleSection":["noticias"],"inLanguage":"en-US"},{"@type":"WebPage","@id":"https:\/\/zonacaral.gob.pe\/es\/noticias\/visitas-a-caral-promueve-desarrollo-socioeconomico-de-poblacion-que-vive-alrededor-de-la-ciudadela\/","url":"https:\/\/zonacaral.gob.pe\/es\/noticias\/visitas-a-caral-promueve-desarrollo-socioeconomico-de-poblacion-que-vive-alrededor-de-la-ciudadela\/","name":"Visitas a Caral promueve desarrollo socioecon\u00f3mico de poblaci\u00f3n que vive alrededor de la ciudadela","isPartOf":{"@id":"https:\/\/zonacaral.gob.pe\/es\/#website"},"primaryImageOfPage":{"@id":"https:\/\/zonacaral.gob.pe\/es\/noticias\/visitas-a-caral-promueve-desarrollo-socioeconomico-de-poblacion-que-vive-alrededor-de-la-ciudadela\/#primaryimage"},"image":{"@id":"https:\/\/zonacaral.gob.pe\/es\/noticias\/visitas-a-caral-promueve-desarrollo-socioeconomico-de-poblacion-que-vive-alrededor-de-la-ciudadela\/#primaryimage"},"thumbnailUrl":"https:\/\/zonacaral.gob.pe\/wp-content\/uploads\/2016\/09\/programacaral-mc.jpg","datePublished":"2016-09-05T16:47:46+00:00","author":{"@id":"https:\/\/zonacaral.gob.pe\/es\/#\/schema\/person\/beddb4d22f71a7230c5b90913270a0ee"},"description":"El Ministerio de Cultura destac\u00f3 que las visitas tur\u00edsticas a Caral promueven el desarrollo socioecon\u00f3mico de la poblaci\u00f3n que vive alrededor de la ciudadela, por lo que recomend\u00f3 a los peruanos a participar de los programas de viajes educativos y recorran esta ciudad sagrada.","breadcrumb":{"@id":"https:\/\/zonacaral.gob.pe\/es\/noticias\/visitas-a-caral-promueve-desarrollo-socioeconomico-de-poblacion-que-vive-alrededor-de-la-ciudadela\/#breadcrumb"},"inLanguage":"en-US","potentialAction":[{"@type":"ReadAction","target":["https:\/\/zonacaral.gob.pe\/es\/noticias\/visitas-a-caral-promueve-desarrollo-socioeconomico-de-poblacion-que-vive-alrededor-de-la-ciudadela\/"]}]},{"@type":"ImageObject","inLanguage":"en-US","@id":"https:\/\/zonacaral.gob.pe\/es\/noticias\/visitas-a-caral-promueve-desarrollo-socioeconomico-de-poblacion-que-vive-alrededor-de-la-ciudadela\/#primaryimage","url":"https:\/\/zonacaral.gob.pe\/wp-content\/uploads\/2016\/09\/programacaral-mc.jpg","contentUrl":"https:\/\/zonacaral.gob.pe\/wp-content\/uploads\/2016\/09\/programacaral-mc.jpg","width":900,"height":468},{"@type":"BreadcrumbList","@id":"https:\/\/zonacaral.gob.pe\/es\/noticias\/visitas-a-caral-promueve-desarrollo-socioeconomico-de-poblacion-que-vive-alrededor-de-la-ciudadela\/#breadcrumb","itemListElement":[{"@type":"ListItem","position":1,"name":"Portada","item":"https:\/\/zonacaral.gob.pe\/"},{"@type":"ListItem","position":2,"name":"Visitas a Caral promueve desarrollo socioecon\u00f3mico de poblaci\u00f3n que vive alrededor de la ciudadela"}]},{"@type":"WebSite","@id":"https:\/\/zonacaral.gob.pe\/es\/#website","url":"https:\/\/zonacaral.gob.pe\/es\/","name":"Zona Caral","description":"Investigamos, conservamos y difundimos el patrimonio cultural de la Civilizaci\u00f3n Caral, la m\u00e1s antigua de Am\u00e9rica.","potentialAction":[{"@type":"SearchAction","target":{"@type":"EntryPoint","urlTemplate":"https:\/\/zonacaral.gob.pe\/es\/?s={search_term_string}"},"query-input":{"@type":"PropertyValueSpecification","valueRequired":true,"valueName":"search_term_string"}}],"inLanguage":"en-US"},{"@type":"Person","@id":"https:\/\/zonacaral.gob.pe\/es\/#\/schema\/person\/beddb4d22f71a7230c5b90913270a0ee","name":"Zona Caral Administrador","image":{"@type":"ImageObject","inLanguage":"en-US","@id":"https:\/\/secure.gravatar.com\/avatar\/e4be162918a696358376de6446614e0f0f4062bdc5d170d6d540ada3d8b58c12?s=96&d=mm&r=g","url":"https:\/\/secure.gravatar.com\/avatar\/e4be162918a696358376de6446614e0f0f4062bdc5d170d6d540ada3d8b58c12?s=96&d=mm&r=g","contentUrl":"https:\/\/secure.gravatar.com\/avatar\/e4be162918a696358376de6446614e0f0f4062bdc5d170d6d540ada3d8b58c12?s=96&d=mm&r=g","caption":"Zona Caral Administrador"},"sameAs":["https:\/\/zonacaral.gob.pe"],"url":"https:\/\/zonacaral.gob.pe\/en\/noticias\/author\/ad_zonacaral\/"}]}},"_links":{"self":[{"href":"https:\/\/zonacaral.gob.pe\/en\/wp-json\/wp\/v2\/posts\/10864","targetHints":{"allow":["GET"]}}],"collection":[{"href":"https:\/\/zonacaral.gob.pe\/en\/wp-json\/wp\/v2\/posts"}],"about":[{"href":"https:\/\/zonacaral.gob.pe\/en\/wp-json\/wp\/v2\/types\/post"}],"author":[{"embeddable":true,"href":"https:\/\/zonacaral.gob.pe\/en\/wp-json\/wp\/v2\/users\/1"}],"replies":[{"embeddable":true,"href":"https:\/\/zonacaral.gob.pe\/en\/wp-json\/wp\/v2\/comments?post=10864"}],"version-history":[{"count":0,"href":"https:\/\/zonacaral.gob.pe\/en\/wp-json\/wp\/v2\/posts\/10864\/revisions"}],"wp:featuredmedia":[{"embeddable":true,"href":"https:\/\/zonacaral.gob.pe\/en\/wp-json\/wp\/v2\/media\/10865"}],"wp:attachment":[{"href":"https:\/\/zonacaral.gob.pe\/en\/wp-json\/wp\/v2\/media?parent=10864"}],"wp:term":[{"taxonomy":"category","embeddable":true,"href":"https:\/\/zonacaral.gob.pe\/en\/wp-json\/wp\/v2\/categories?post=10864"},{"taxonomy":"post_tag","embeddable":true,"href":"https:\/\/zonacaral.gob.pe\/en\/wp-json\/wp\/v2\/tags?post=10864"}],"curies":[{"name":"wp","href":"https:\/\/api.w.org\/{rel}","templated":true}]}}