{"id":10917,"date":"2016-09-21T18:20:18","date_gmt":"2016-09-21T23:20:18","guid":{"rendered":"http:\/\/www.zonacaral.gob.pe\/?p=10917"},"modified":"2016-09-21T18:20:18","modified_gmt":"2016-09-21T23:20:18","slug":"directora-de-la-zona-arqueologica-caral-promueve-la-participacion-de-las-mujeres-en-la-ciencia","status":"publish","type":"post","link":"https:\/\/zonacaral.gob.pe\/en\/noticias\/directora-de-la-zona-arqueologica-caral-promueve-la-participacion-de-las-mujeres-en-la-ciencia\/","title":{"rendered":"Directora de la Zona Arqueol\u00f3gica Caral promueve la participaci\u00f3n de las mujeres en la ciencia"},"content":{"rendered":"<figure class=\"pic-autor\" style=\"color: #4d4d4d; text-align: justify;\"><\/figure>\n<p style=\"text-align: justify;\">En conferencia organizada por <a href=\"http:\/\/www.cienciactiva.gob.pe\/\" target=\"_blank\">CIENCIACTIVA<\/a> del <a href=\"https:\/\/portal.concytec.gob.pe\/\" target=\"_blank\">CONCYTEC<\/a>, la Dra. Ruth Shady, Directora de la Zona Arqueol\u00f3gica Caral y Punto Focal Peruano del Programa Mujeres para la Ciencia de la Red Interamericana de Academias de Ciencias (IANAS), expuso sobre la participaci\u00f3n de las mujeres a lo largo de la historia del Per\u00fa y realiz\u00f3 una aproximaci\u00f3n al estado actual de la misma. La Dra. Shady tambi\u00e9n coment\u00f3 acerca de la importancia de visibilizar e impulsar la participaci\u00f3n de las mujeres en la generaci\u00f3n de conocimiento cient\u00edfico en nuestro pa\u00eds.<\/p>\n<p style=\"text-align: justify;\">La reuni\u00f3n realizada el pasado 15 de setiembre de 2016, estuvo presidida por la Presidente del <a href=\"https:\/\/portal.concytec.gob.pe\/\" target=\"_blank\">CONCYTEC<\/a>, Dra. Gisella Orjeda, quien destac\u00f3 el rol de las mujeres en temas de ciencia e innovaci\u00f3n en el Per\u00fa. El encuentro tambi\u00e9n cont\u00f3 con la participaci\u00f3n de importantes investigadoras como: Magally Alegre, Subdirectora de la C\u00e1tedra UNESCO de Igualdad de G\u00e9nero; Johanna Johnson, Directora de MacTec Per\u00fa, iniciativa que busca incentivar la participaci\u00f3n de m\u00e1s ni\u00f1as en la ciencia; y Libia Meza, l\u00edder de Yachaq Warmi, comunidad que busca ser una ventana para compartir la informaci\u00f3n de peruanas cient\u00edficas.<\/p>\n<p style=\"text-align: justify;\">Durante el evento tambi\u00e9n se realiz\u00f3 la presentaci\u00f3n del premio L\u00d3REAL PER\u00da-UNESCO-CONCYTEC \u201cPor las Mujeres en la Ciencia\u201d, reconocimiento que se otorga a las cient\u00edficas peruanas dedicadas a la investigaci\u00f3n en \u00e1reas de ciencias de la vida y la arqueolog\u00eda.<\/p>\n<p style=\"text-align: justify;\">El premio es concedido a dos ganadoras y asciende a la suma de S\/. 45,000.00, entregados a cada una de las seleccionadas. La postulaci\u00f3n se realiza a trav\u00e9s del sistema de postulaci\u00f3n en l\u00ednea de <a href=\"http:\/\/www.cienciactiva.gob.pe\/\" target=\"_blank\">CIENCIACTIVA<\/a> del <a href=\"https:\/\/portal.concytec.gob.pe\/\" target=\"_blank\">CONCYTEC<\/a>. Un requisito importante para acceder al sistema es que la postulante debe estar registrada en el Directorio Nacional de Investigadores (DINA) donde el 34% de los usuarios son mujeres.<\/p>\n<p style=\"text-align: justify;\">La fecha de cierre de postulaci\u00f3n es el mi\u00e9rcoles 05 de octubre de 2016 a la 1:00 p.m.<\/p>\n<p><strong>M\u00e1s informaci\u00f3n:<\/strong><\/p>\n<p><a href=\"http:\/\/www.cienciactiva.gob.pe\/convocatorias\/estimulos\/premio-nacional-loreal-unesco-concytec-por-las-mujeres-en-la-ciencia-convocatoria-2016\">http:\/\/www.cienciactiva.gob.pe\/convocatorias\/estimulos\/premio-nacional-loreal-unesco-concytec-por-las-mujeres-en-la-ciencia-convocatoria-2016<\/a><\/p>\n<p style=\"text-align: justify;\">Fuente:<span style=\"color: #800000;\">\u00a0Prensa ZAC \/<span style=\"color: #000000;\"> Fotograf\u00eda:<\/span> www.cienciactiva.gob.pe<\/span><\/p>\n<p style=\"text-align: justify;\">Fecha de publicaci\u00f3n: 21\/09\/2016<\/p>","protected":false},"excerpt":{"rendered":"<p>En conferencia organizada por CIENCIACTIVA del CONCYTEC, la Dra. Ruth Shady, Directora de la Zona Arqueol\u00f3gica Caral y Punto Focal [&hellip;]<\/p>\n","protected":false},"author":1,"featured_media":10920,"comment_status":"closed","ping_status":"open","sticky":false,"template":"","format":"standard","meta":{"_acf_changed":false,"site-sidebar-layout":"default","site-content-layout":"","ast-site-content-layout":"default","site-content-style":"default","site-sidebar-style":"default","ast-global-header-display":"","ast-banner-title-visibility":"","ast-main-header-display":"","ast-hfb-above-header-display":"","ast-hfb-below-header-display":"","ast-hfb-mobile-header-display":"","site-post-title":"","ast-breadcrumbs-content":"","ast-featured-img":"","footer-sml-layout":"","ast-disable-related-posts":"","theme-transparent-header-meta":"","adv-header-id-meta":"","stick-header-meta":"","header-above-stick-meta":"","header-main-stick-meta":"","header-below-stick-meta":"","astra-migrate-meta-layouts":"default","ast-page-background-enabled":"default","ast-page-background-meta":{"desktop":{"background-color":"var(--ast-global-color-5)","background-image":"","background-repeat":"repeat","background-position":"center center","background-size":"auto","background-attachment":"scroll","background-type":"","background-media":"","overlay-type":"","overlay-color":"","overlay-opacity":"","overlay-gradient":""},"tablet":{"background-color":"","background-image":"","background-repeat":"repeat","background-position":"center center","background-size":"auto","background-attachment":"scroll","background-type":"","background-media":"","overlay-type":"","overlay-color":"","overlay-opacity":"","overlay-gradient":""},"mobile":{"background-color":"","background-image":"","background-repeat":"repeat","background-position":"center center","background-size":"auto","background-attachment":"scroll","background-type":"","background-media":"","overlay-type":"","overlay-color":"","overlay-opacity":"","overlay-gradient":""}},"ast-content-background-meta":{"desktop":{"background-color":"var(--ast-global-color-4)","background-image":"","background-repeat":"repeat","background-position":"center center","background-size":"auto","background-attachment":"scroll","background-type":"","background-media":"","overlay-type":"","overlay-color":"","overlay-opacity":"","overlay-gradient":""},"tablet":{"background-color":"var(--ast-global-color-4)","background-image":"","background-repeat":"repeat","background-position":"center center","background-size":"auto","background-attachment":"scroll","background-type":"","background-media":"","overlay-type":"","overlay-color":"","overlay-opacity":"","overlay-gradient":""},"mobile":{"background-color":"var(--ast-global-color-4)","background-image":"","background-repeat":"repeat","background-position":"center center","background-size":"auto","background-attachment":"scroll","background-type":"","background-media":"","overlay-type":"","overlay-color":"","overlay-opacity":"","overlay-gradient":""}},"footnotes":""},"categories":[208],"tags":[],"class_list":["post-10917","post","type-post","status-publish","format-standard","has-post-thumbnail","hentry","category-noticias"],"acf":[],"yoast_head":"<!-- This site is optimized with the Yoast SEO plugin v27.3 - https:\/\/yoast.com\/product\/yoast-seo-wordpress\/ -->\n<title>Directora de la Zona Arqueol\u00f3gica Caral promueve la participaci\u00f3n de las mujeres en la ciencia<\/title>\n<meta name=\"description\" content=\"En conferencia organizada por CIENCIACTIVA del CONCYTEC, la Dra. Ruth Shady, Directora de la Zona Arqueol\u00f3gica Caral y Punto Focal Peruano del Programa Mujeres para la Ciencia de la Red Interamericana de Academias de Ciencias (IANAS), expuso sobre la participaci\u00f3n de las mujeres a lo largo de la historia del Per\u00fa y realiz\u00f3 una aproximaci\u00f3n al estado actual de la misma. La Dra. Shady tambi\u00e9n coment\u00f3 acerca de la importancia de visibilizar e impulsar la participaci\u00f3n de las mujeres en la generaci\u00f3n de conocimiento cient\u00edfico en nuestro pa\u00eds.\" \/>\n<meta name=\"robots\" content=\"index, follow, max-snippet:-1, max-image-preview:large, max-video-preview:-1\" \/>\n<link rel=\"canonical\" href=\"https:\/\/zonacaral.gob.pe\/en\/noticias\/directora-de-la-zona-arqueologica-caral-promueve-la-participacion-de-las-mujeres-en-la-ciencia\/\" \/>\n<meta property=\"og:locale\" content=\"en_US\" \/>\n<meta property=\"og:type\" content=\"article\" \/>\n<meta property=\"og:title\" content=\"Directora de la Zona Arqueol\u00f3gica Caral promueve la participaci\u00f3n de las mujeres en la ciencia\" \/>\n<meta property=\"og:description\" content=\"En conferencia organizada por CIENCIACTIVA del CONCYTEC, la Dra. Ruth Shady, Directora de la Zona Arqueol\u00f3gica Caral y Punto Focal Peruano del Programa Mujeres para la Ciencia de la Red Interamericana de Academias de Ciencias (IANAS), expuso sobre la participaci\u00f3n de las mujeres a lo largo de la historia del Per\u00fa y realiz\u00f3 una aproximaci\u00f3n al estado actual de la misma. La Dra. Shady tambi\u00e9n coment\u00f3 acerca de la importancia de visibilizar e impulsar la participaci\u00f3n de las mujeres en la generaci\u00f3n de conocimiento cient\u00edfico en nuestro pa\u00eds.\" \/>\n<meta property=\"og:url\" content=\"https:\/\/zonacaral.gob.pe\/en\/noticias\/directora-de-la-zona-arqueologica-caral-promueve-la-participacion-de-las-mujeres-en-la-ciencia\/\" \/>\n<meta property=\"og:site_name\" content=\"Zona Caral\" \/>\n<meta property=\"article:published_time\" content=\"2016-09-21T23:20:18+00:00\" \/>\n<meta property=\"og:image\" content=\"https:\/\/zonacaral.gob.pe\/wp-content\/uploads\/2016\/09\/131.jpg\" \/>\n\t<meta property=\"og:image:width\" content=\"1500\" \/>\n\t<meta property=\"og:image:height\" content=\"885\" \/>\n\t<meta property=\"og:image:type\" content=\"image\/jpeg\" \/>\n<meta name=\"author\" content=\"Zona Caral Administrador\" \/>\n<meta name=\"twitter:card\" content=\"summary_large_image\" \/>\n<meta name=\"twitter:label1\" content=\"Written by\" \/>\n\t<meta name=\"twitter:data1\" content=\"Zona Caral Administrador\" \/>\n\t<meta name=\"twitter:label2\" content=\"Est. reading time\" \/>\n\t<meta name=\"twitter:data2\" content=\"2 minutes\" \/>\n<script type=\"application\/ld+json\" class=\"yoast-schema-graph\">{\"@context\":\"https:\\\/\\\/schema.org\",\"@graph\":[{\"@type\":\"Article\",\"@id\":\"https:\\\/\\\/zonacaral.gob.pe\\\/en\\\/noticias\\\/directora-de-la-zona-arqueologica-caral-promueve-la-participacion-de-las-mujeres-en-la-ciencia\\\/#article\",\"isPartOf\":{\"@id\":\"https:\\\/\\\/zonacaral.gob.pe\\\/en\\\/noticias\\\/directora-de-la-zona-arqueologica-caral-promueve-la-participacion-de-las-mujeres-en-la-ciencia\\\/\"},\"author\":{\"name\":\"Zona Caral Administrador\",\"@id\":\"https:\\\/\\\/zonacaral.gob.pe\\\/es\\\/#\\\/schema\\\/person\\\/beddb4d22f71a7230c5b90913270a0ee\"},\"headline\":\"Directora de la Zona Arqueol\u00f3gica Caral promueve la participaci\u00f3n de las mujeres en la ciencia\",\"datePublished\":\"2016-09-21T23:20:18+00:00\",\"mainEntityOfPage\":{\"@id\":\"https:\\\/\\\/zonacaral.gob.pe\\\/en\\\/noticias\\\/directora-de-la-zona-arqueologica-caral-promueve-la-participacion-de-las-mujeres-en-la-ciencia\\\/\"},\"wordCount\":378,\"image\":{\"@id\":\"https:\\\/\\\/zonacaral.gob.pe\\\/en\\\/noticias\\\/directora-de-la-zona-arqueologica-caral-promueve-la-participacion-de-las-mujeres-en-la-ciencia\\\/#primaryimage\"},\"thumbnailUrl\":\"https:\\\/\\\/zonacaral.gob.pe\\\/wp-content\\\/uploads\\\/2016\\\/09\\\/131.jpg\",\"articleSection\":[\"noticias\"],\"inLanguage\":\"en-US\"},{\"@type\":\"WebPage\",\"@id\":\"https:\\\/\\\/zonacaral.gob.pe\\\/en\\\/noticias\\\/directora-de-la-zona-arqueologica-caral-promueve-la-participacion-de-las-mujeres-en-la-ciencia\\\/\",\"url\":\"https:\\\/\\\/zonacaral.gob.pe\\\/en\\\/noticias\\\/directora-de-la-zona-arqueologica-caral-promueve-la-participacion-de-las-mujeres-en-la-ciencia\\\/\",\"name\":\"Directora de la Zona Arqueol\u00f3gica Caral promueve la participaci\u00f3n de las mujeres en la ciencia\",\"isPartOf\":{\"@id\":\"https:\\\/\\\/zonacaral.gob.pe\\\/es\\\/#website\"},\"primaryImageOfPage\":{\"@id\":\"https:\\\/\\\/zonacaral.gob.pe\\\/en\\\/noticias\\\/directora-de-la-zona-arqueologica-caral-promueve-la-participacion-de-las-mujeres-en-la-ciencia\\\/#primaryimage\"},\"image\":{\"@id\":\"https:\\\/\\\/zonacaral.gob.pe\\\/en\\\/noticias\\\/directora-de-la-zona-arqueologica-caral-promueve-la-participacion-de-las-mujeres-en-la-ciencia\\\/#primaryimage\"},\"thumbnailUrl\":\"https:\\\/\\\/zonacaral.gob.pe\\\/wp-content\\\/uploads\\\/2016\\\/09\\\/131.jpg\",\"datePublished\":\"2016-09-21T23:20:18+00:00\",\"author\":{\"@id\":\"https:\\\/\\\/zonacaral.gob.pe\\\/es\\\/#\\\/schema\\\/person\\\/beddb4d22f71a7230c5b90913270a0ee\"},\"description\":\"En conferencia organizada por CIENCIACTIVA del CONCYTEC, la Dra. Ruth Shady, Directora de la Zona Arqueol\u00f3gica Caral y Punto Focal Peruano del Programa Mujeres para la Ciencia de la Red Interamericana de Academias de Ciencias (IANAS), expuso sobre la participaci\u00f3n de las mujeres a lo largo de la historia del Per\u00fa y realiz\u00f3 una aproximaci\u00f3n al estado actual de la misma. La Dra. Shady tambi\u00e9n coment\u00f3 acerca de la importancia de visibilizar e impulsar la participaci\u00f3n de las mujeres en la generaci\u00f3n de conocimiento cient\u00edfico en nuestro pa\u00eds.\",\"breadcrumb\":{\"@id\":\"https:\\\/\\\/zonacaral.gob.pe\\\/en\\\/noticias\\\/directora-de-la-zona-arqueologica-caral-promueve-la-participacion-de-las-mujeres-en-la-ciencia\\\/#breadcrumb\"},\"inLanguage\":\"en-US\",\"potentialAction\":[{\"@type\":\"ReadAction\",\"target\":[\"https:\\\/\\\/zonacaral.gob.pe\\\/en\\\/noticias\\\/directora-de-la-zona-arqueologica-caral-promueve-la-participacion-de-las-mujeres-en-la-ciencia\\\/\"]}]},{\"@type\":\"ImageObject\",\"inLanguage\":\"en-US\",\"@id\":\"https:\\\/\\\/zonacaral.gob.pe\\\/en\\\/noticias\\\/directora-de-la-zona-arqueologica-caral-promueve-la-participacion-de-las-mujeres-en-la-ciencia\\\/#primaryimage\",\"url\":\"https:\\\/\\\/zonacaral.gob.pe\\\/wp-content\\\/uploads\\\/2016\\\/09\\\/131.jpg\",\"contentUrl\":\"https:\\\/\\\/zonacaral.gob.pe\\\/wp-content\\\/uploads\\\/2016\\\/09\\\/131.jpg\",\"width\":1500,\"height\":885},{\"@type\":\"BreadcrumbList\",\"@id\":\"https:\\\/\\\/zonacaral.gob.pe\\\/en\\\/noticias\\\/directora-de-la-zona-arqueologica-caral-promueve-la-participacion-de-las-mujeres-en-la-ciencia\\\/#breadcrumb\",\"itemListElement\":[{\"@type\":\"ListItem\",\"position\":1,\"name\":\"Portada\",\"item\":\"https:\\\/\\\/zonacaral.gob.pe\\\/\"},{\"@type\":\"ListItem\",\"position\":2,\"name\":\"Directora de la Zona Arqueol\u00f3gica Caral promueve la participaci\u00f3n de las mujeres en la ciencia\"}]},{\"@type\":\"WebSite\",\"@id\":\"https:\\\/\\\/zonacaral.gob.pe\\\/es\\\/#website\",\"url\":\"https:\\\/\\\/zonacaral.gob.pe\\\/es\\\/\",\"name\":\"Zona Caral\",\"description\":\"Investigamos, conservamos y difundimos el patrimonio cultural de la Civilizaci\u00f3n Caral, la m\u00e1s antigua de Am\u00e9rica.\",\"potentialAction\":[{\"@type\":\"SearchAction\",\"target\":{\"@type\":\"EntryPoint\",\"urlTemplate\":\"https:\\\/\\\/zonacaral.gob.pe\\\/es\\\/?s={search_term_string}\"},\"query-input\":{\"@type\":\"PropertyValueSpecification\",\"valueRequired\":true,\"valueName\":\"search_term_string\"}}],\"inLanguage\":\"en-US\"},{\"@type\":\"Person\",\"@id\":\"https:\\\/\\\/zonacaral.gob.pe\\\/es\\\/#\\\/schema\\\/person\\\/beddb4d22f71a7230c5b90913270a0ee\",\"name\":\"Zona Caral Administrador\",\"image\":{\"@type\":\"ImageObject\",\"inLanguage\":\"en-US\",\"@id\":\"https:\\\/\\\/secure.gravatar.com\\\/avatar\\\/e4be162918a696358376de6446614e0f0f4062bdc5d170d6d540ada3d8b58c12?s=96&d=mm&r=g\",\"url\":\"https:\\\/\\\/secure.gravatar.com\\\/avatar\\\/e4be162918a696358376de6446614e0f0f4062bdc5d170d6d540ada3d8b58c12?s=96&d=mm&r=g\",\"contentUrl\":\"https:\\\/\\\/secure.gravatar.com\\\/avatar\\\/e4be162918a696358376de6446614e0f0f4062bdc5d170d6d540ada3d8b58c12?s=96&d=mm&r=g\",\"caption\":\"Zona Caral Administrador\"},\"sameAs\":[\"https:\\\/\\\/zonacaral.gob.pe\"],\"url\":\"https:\\\/\\\/zonacaral.gob.pe\\\/en\\\/noticias\\\/author\\\/ad_zonacaral\\\/\"}]}<\/script>\n<!-- \/ Yoast SEO plugin. -->","yoast_head_json":{"title":"Directora de la Zona Arqueol\u00f3gica Caral promueve la participaci\u00f3n de las mujeres en la ciencia","description":"En conferencia organizada por CIENCIACTIVA del CONCYTEC, la Dra. Ruth Shady, Directora de la Zona Arqueol\u00f3gica Caral y Punto Focal Peruano del Programa Mujeres para la Ciencia de la Red Interamericana de Academias de Ciencias (IANAS), expuso sobre la participaci\u00f3n de las mujeres a lo largo de la historia del Per\u00fa y realiz\u00f3 una aproximaci\u00f3n al estado actual de la misma. La Dra. Shady tambi\u00e9n coment\u00f3 acerca de la importancia de visibilizar e impulsar la participaci\u00f3n de las mujeres en la generaci\u00f3n de conocimiento cient\u00edfico en nuestro pa\u00eds.","robots":{"index":"index","follow":"follow","max-snippet":"max-snippet:-1","max-image-preview":"max-image-preview:large","max-video-preview":"max-video-preview:-1"},"canonical":"https:\/\/zonacaral.gob.pe\/en\/noticias\/directora-de-la-zona-arqueologica-caral-promueve-la-participacion-de-las-mujeres-en-la-ciencia\/","og_locale":"en_US","og_type":"article","og_title":"Directora de la Zona Arqueol\u00f3gica Caral promueve la participaci\u00f3n de las mujeres en la ciencia","og_description":"En conferencia organizada por CIENCIACTIVA del CONCYTEC, la Dra. Ruth Shady, Directora de la Zona Arqueol\u00f3gica Caral y Punto Focal Peruano del Programa Mujeres para la Ciencia de la Red Interamericana de Academias de Ciencias (IANAS), expuso sobre la participaci\u00f3n de las mujeres a lo largo de la historia del Per\u00fa y realiz\u00f3 una aproximaci\u00f3n al estado actual de la misma. La Dra. Shady tambi\u00e9n coment\u00f3 acerca de la importancia de visibilizar e impulsar la participaci\u00f3n de las mujeres en la generaci\u00f3n de conocimiento cient\u00edfico en nuestro pa\u00eds.","og_url":"https:\/\/zonacaral.gob.pe\/en\/noticias\/directora-de-la-zona-arqueologica-caral-promueve-la-participacion-de-las-mujeres-en-la-ciencia\/","og_site_name":"Zona Caral","article_published_time":"2016-09-21T23:20:18+00:00","og_image":[{"width":1500,"height":885,"url":"https:\/\/zonacaral.gob.pe\/wp-content\/uploads\/2016\/09\/131.jpg","type":"image\/jpeg"}],"author":"Zona Caral Administrador","twitter_card":"summary_large_image","twitter_misc":{"Written by":"Zona Caral Administrador","Est. reading time":"2 minutes"},"schema":{"@context":"https:\/\/schema.org","@graph":[{"@type":"Article","@id":"https:\/\/zonacaral.gob.pe\/en\/noticias\/directora-de-la-zona-arqueologica-caral-promueve-la-participacion-de-las-mujeres-en-la-ciencia\/#article","isPartOf":{"@id":"https:\/\/zonacaral.gob.pe\/en\/noticias\/directora-de-la-zona-arqueologica-caral-promueve-la-participacion-de-las-mujeres-en-la-ciencia\/"},"author":{"name":"Zona Caral Administrador","@id":"https:\/\/zonacaral.gob.pe\/es\/#\/schema\/person\/beddb4d22f71a7230c5b90913270a0ee"},"headline":"Directora de la Zona Arqueol\u00f3gica Caral promueve la participaci\u00f3n de las mujeres en la ciencia","datePublished":"2016-09-21T23:20:18+00:00","mainEntityOfPage":{"@id":"https:\/\/zonacaral.gob.pe\/en\/noticias\/directora-de-la-zona-arqueologica-caral-promueve-la-participacion-de-las-mujeres-en-la-ciencia\/"},"wordCount":378,"image":{"@id":"https:\/\/zonacaral.gob.pe\/en\/noticias\/directora-de-la-zona-arqueologica-caral-promueve-la-participacion-de-las-mujeres-en-la-ciencia\/#primaryimage"},"thumbnailUrl":"https:\/\/zonacaral.gob.pe\/wp-content\/uploads\/2016\/09\/131.jpg","articleSection":["noticias"],"inLanguage":"en-US"},{"@type":"WebPage","@id":"https:\/\/zonacaral.gob.pe\/en\/noticias\/directora-de-la-zona-arqueologica-caral-promueve-la-participacion-de-las-mujeres-en-la-ciencia\/","url":"https:\/\/zonacaral.gob.pe\/en\/noticias\/directora-de-la-zona-arqueologica-caral-promueve-la-participacion-de-las-mujeres-en-la-ciencia\/","name":"Directora de la Zona Arqueol\u00f3gica Caral promueve la participaci\u00f3n de las mujeres en la ciencia","isPartOf":{"@id":"https:\/\/zonacaral.gob.pe\/es\/#website"},"primaryImageOfPage":{"@id":"https:\/\/zonacaral.gob.pe\/en\/noticias\/directora-de-la-zona-arqueologica-caral-promueve-la-participacion-de-las-mujeres-en-la-ciencia\/#primaryimage"},"image":{"@id":"https:\/\/zonacaral.gob.pe\/en\/noticias\/directora-de-la-zona-arqueologica-caral-promueve-la-participacion-de-las-mujeres-en-la-ciencia\/#primaryimage"},"thumbnailUrl":"https:\/\/zonacaral.gob.pe\/wp-content\/uploads\/2016\/09\/131.jpg","datePublished":"2016-09-21T23:20:18+00:00","author":{"@id":"https:\/\/zonacaral.gob.pe\/es\/#\/schema\/person\/beddb4d22f71a7230c5b90913270a0ee"},"description":"En conferencia organizada por CIENCIACTIVA del CONCYTEC, la Dra. Ruth Shady, Directora de la Zona Arqueol\u00f3gica Caral y Punto Focal Peruano del Programa Mujeres para la Ciencia de la Red Interamericana de Academias de Ciencias (IANAS), expuso sobre la participaci\u00f3n de las mujeres a lo largo de la historia del Per\u00fa y realiz\u00f3 una aproximaci\u00f3n al estado actual de la misma. La Dra. Shady tambi\u00e9n coment\u00f3 acerca de la importancia de visibilizar e impulsar la participaci\u00f3n de las mujeres en la generaci\u00f3n de conocimiento cient\u00edfico en nuestro pa\u00eds.","breadcrumb":{"@id":"https:\/\/zonacaral.gob.pe\/en\/noticias\/directora-de-la-zona-arqueologica-caral-promueve-la-participacion-de-las-mujeres-en-la-ciencia\/#breadcrumb"},"inLanguage":"en-US","potentialAction":[{"@type":"ReadAction","target":["https:\/\/zonacaral.gob.pe\/en\/noticias\/directora-de-la-zona-arqueologica-caral-promueve-la-participacion-de-las-mujeres-en-la-ciencia\/"]}]},{"@type":"ImageObject","inLanguage":"en-US","@id":"https:\/\/zonacaral.gob.pe\/en\/noticias\/directora-de-la-zona-arqueologica-caral-promueve-la-participacion-de-las-mujeres-en-la-ciencia\/#primaryimage","url":"https:\/\/zonacaral.gob.pe\/wp-content\/uploads\/2016\/09\/131.jpg","contentUrl":"https:\/\/zonacaral.gob.pe\/wp-content\/uploads\/2016\/09\/131.jpg","width":1500,"height":885},{"@type":"BreadcrumbList","@id":"https:\/\/zonacaral.gob.pe\/en\/noticias\/directora-de-la-zona-arqueologica-caral-promueve-la-participacion-de-las-mujeres-en-la-ciencia\/#breadcrumb","itemListElement":[{"@type":"ListItem","position":1,"name":"Portada","item":"https:\/\/zonacaral.gob.pe\/"},{"@type":"ListItem","position":2,"name":"Directora de la Zona Arqueol\u00f3gica Caral promueve la participaci\u00f3n de las mujeres en la ciencia"}]},{"@type":"WebSite","@id":"https:\/\/zonacaral.gob.pe\/es\/#website","url":"https:\/\/zonacaral.gob.pe\/es\/","name":"Zona Caral","description":"Investigamos, conservamos y difundimos el patrimonio cultural de la Civilizaci\u00f3n Caral, la m\u00e1s antigua de Am\u00e9rica.","potentialAction":[{"@type":"SearchAction","target":{"@type":"EntryPoint","urlTemplate":"https:\/\/zonacaral.gob.pe\/es\/?s={search_term_string}"},"query-input":{"@type":"PropertyValueSpecification","valueRequired":true,"valueName":"search_term_string"}}],"inLanguage":"en-US"},{"@type":"Person","@id":"https:\/\/zonacaral.gob.pe\/es\/#\/schema\/person\/beddb4d22f71a7230c5b90913270a0ee","name":"Zona Caral Administrador","image":{"@type":"ImageObject","inLanguage":"en-US","@id":"https:\/\/secure.gravatar.com\/avatar\/e4be162918a696358376de6446614e0f0f4062bdc5d170d6d540ada3d8b58c12?s=96&d=mm&r=g","url":"https:\/\/secure.gravatar.com\/avatar\/e4be162918a696358376de6446614e0f0f4062bdc5d170d6d540ada3d8b58c12?s=96&d=mm&r=g","contentUrl":"https:\/\/secure.gravatar.com\/avatar\/e4be162918a696358376de6446614e0f0f4062bdc5d170d6d540ada3d8b58c12?s=96&d=mm&r=g","caption":"Zona Caral Administrador"},"sameAs":["https:\/\/zonacaral.gob.pe"],"url":"https:\/\/zonacaral.gob.pe\/en\/noticias\/author\/ad_zonacaral\/"}]}},"_links":{"self":[{"href":"https:\/\/zonacaral.gob.pe\/en\/wp-json\/wp\/v2\/posts\/10917","targetHints":{"allow":["GET"]}}],"collection":[{"href":"https:\/\/zonacaral.gob.pe\/en\/wp-json\/wp\/v2\/posts"}],"about":[{"href":"https:\/\/zonacaral.gob.pe\/en\/wp-json\/wp\/v2\/types\/post"}],"author":[{"embeddable":true,"href":"https:\/\/zonacaral.gob.pe\/en\/wp-json\/wp\/v2\/users\/1"}],"replies":[{"embeddable":true,"href":"https:\/\/zonacaral.gob.pe\/en\/wp-json\/wp\/v2\/comments?post=10917"}],"version-history":[{"count":0,"href":"https:\/\/zonacaral.gob.pe\/en\/wp-json\/wp\/v2\/posts\/10917\/revisions"}],"wp:featuredmedia":[{"embeddable":true,"href":"https:\/\/zonacaral.gob.pe\/en\/wp-json\/wp\/v2\/media\/10920"}],"wp:attachment":[{"href":"https:\/\/zonacaral.gob.pe\/en\/wp-json\/wp\/v2\/media?parent=10917"}],"wp:term":[{"taxonomy":"category","embeddable":true,"href":"https:\/\/zonacaral.gob.pe\/en\/wp-json\/wp\/v2\/categories?post=10917"},{"taxonomy":"post_tag","embeddable":true,"href":"https:\/\/zonacaral.gob.pe\/en\/wp-json\/wp\/v2\/tags?post=10917"}],"curies":[{"name":"wp","href":"https:\/\/api.w.org\/{rel}","templated":true}]}}