{"id":10921,"date":"2016-09-22T11:14:20","date_gmt":"2016-09-22T16:14:20","guid":{"rendered":"http:\/\/www.zonacaral.gob.pe\/?p=10921"},"modified":"2016-09-22T11:14:20","modified_gmt":"2016-09-22T16:14:20","slug":"caral-en-arequipa","status":"publish","type":"post","link":"https:\/\/zonacaral.gob.pe\/en\/noticias\/caral-en-arequipa\/","title":{"rendered":"Caral en Arequipa"},"content":{"rendered":"<figure class=\"pic-autor\" style=\"color: #4d4d4d; text-align: justify;\"><\/figure>\n<blockquote><p>La Zona Arqueol\u00f3gica Caral presentar\u00e1 exposici\u00f3n museogr\u00e1fica en la Ciudad de Arequipa<\/p><\/blockquote>\n<p>La Zona Arqueol\u00f3gica Caral (ZAC), Unidad Ejecutora del Ministerio de Cultura y la Universidad Nacional de San Agust\u00edn de Arequipa (UNSA), presentaran la exposici\u00f3n museogr\u00e1fica <strong>\u00abLos Valores Sociales y Culturales de CARAL, Civilizaci\u00f3n de hace 5000 a\u00f1os, S\u00edmbolo de Identidad e Integraci\u00f3n Nacional\u00bb.<\/strong><\/p>\n<p style=\"text-align: justify;\">Este 29 de setiembre de 2016, en las galer\u00edas del Complejo Cultural Chaves de La Rosa, en la ciudad de Arequipa, el Rector de la Universidad Nacional de San Agust\u00edn de Arequipa, Dr. Rohel S\u00e1nchez y la Directora de la Zona Arqueol\u00f3gica Caral, Dra. Ruth Shady inaugurar\u00e1n la exposici\u00f3n: \u00abLos Valores Sociales y Culturales de CARAL, Civilizaci\u00f3n de hace 5000 a\u00f1os, S\u00edmbolo de Identidad e Integraci\u00f3n Nacional\u00bb que presenta los resultados de los trabajos de investigaci\u00f3n realizados, desde hace veintid\u00f3s a\u00f1os, en la Ciudad Sagrada de Caral, Patrimonio Mundial y en otros diez asentamientos arqueol\u00f3gicos monumentales (\u00c1spero, Chupacigarro, Miraya, Lurihuasi, Allpacoto, Pueblo Nuevo, Piedra Parada, El Molino, Era de Pando y Vichama).<\/p>\n<p style=\"text-align: justify;\">La ZAC trabaja intensamente para proyectar y difundir hacia la sociedad peruana los valores culturales y sociales de la Civilizaci\u00f3n Caral, g\u00e9nesis de la civilizaci\u00f3n en nuestro continente. Una sociedad de paz y de conocimientos milenarios cuyos sorprendentes avances cient\u00edficos, sociales y culturales siguen surgiendo y nutriendo nuestra constante investigaci\u00f3n con el fin de mostrar la Civilizaci\u00f3n Caral al mundo en todo su esplendor, para que la actual generaci\u00f3n y las venideras conozcan su legado.<\/p>\n<p style=\"text-align: justify;\">A trav\u00e9s de recursos did\u00e1cticos, ilustrativos e interactivos como esculturas hiperrealistas, infograf\u00edas y una gran maqueta de la Ciudad Sagrada de Caral; y por la colecci\u00f3n arqueol\u00f3gica que se exhibir\u00e1, recuperada durante las excavaciones arqueol\u00f3gicas; los asistentes podr\u00e1n conocer la relevancia de la Civilizaci\u00f3n Caral en el proceso cultural andino y mundial; el territorio de la formaci\u00f3n de la Civilizaci\u00f3n, el \u00e1rea Norcentral peruana y la cuenca del valle de Supe; la organizaci\u00f3n y base econ\u00f3mica; la organizaci\u00f3n social y pol\u00edtica; la obra humana en armon\u00eda con el medio ambiente; la cosmovisi\u00f3n e ideolog\u00eda; la visi\u00f3n de la vida humana integrada; la producci\u00f3n de conocimientos y su aplicaci\u00f3n en: astronom\u00eda y sistema de registro de la informaci\u00f3n, tecnolog\u00edas agr\u00edcolas y el manejo gen\u00e9tico del algod\u00f3n colores naturales, alimentaci\u00f3n balanceada, tecnolog\u00edas constructivas sostenibles y sismorresistentes, eficacia energ\u00e9tica y mec\u00e1nica de fluidos.<\/p>\n<p style=\"text-align: justify;\">La historia social que se viene recuperando contribuye significativamente a forjar una nueva y m\u00e1s fuerte autoestima nacional y continental. Nuestra identidad cultural se alimenta de su pasado para proyectarse y alcanzar en un futuro pr\u00f3ximo los objetivos de igualdad, prosperidad y armon\u00eda como los que se vivieron en la era de nuestros primeros antepasados.<\/p>\n<p style=\"text-align: justify;\">La Zona Arqueol\u00f3gica Caral expresa un especial reconocimiento a la Universidad Nacional San Agust\u00edn de Arequipa y a la red de \u201cAmigos de Caral en Arequipa\u201d: Gobierno Regional de Arequipa, Cruz del Sur, Casa Andina, Casona Plaza Hoteles, La Casa de Melgar, Empedrada Lodge y La Hoster\u00eda de Arequipa; entidades gubernamentales y empresas privadas que con su contribuci\u00f3n hacen posible la presentaci\u00f3n museogr\u00e1fica de Caral en Arequipa.<\/p>\n<p style=\"text-align: justify;\">Invitamos a la comunidad escolar, universitaria y poblaci\u00f3n en general de la Regi\u00f3n de Arequipa a visitar la exposici\u00f3n museogr\u00e1fica que se presentar\u00e1 del 29 de setiembre al 20 de noviembre de 2016.<\/p>\n<h3><strong>M\u00e1s\u00a0Datos:<\/strong><\/h3>\n<p><strong>Lugar de exposici\u00f3n:\u00a0<\/strong>Galer\u00edas de Arte del Complejo Cultural Chaves de La Rosa, ubicados en la calle Santa Catalina 101, cercado de Arequipa.<\/p>\n<p><strong>Horarios:<\/strong>\u00a0De\u00a0lunes a domingo, de 9:00 am a 8:00 pm.<\/p>\n<h3>INGRESO LIBRE<\/h3>\n<p style=\"text-align: justify;\">Fuente:<span style=\"color: #800000;\">\u00a0Prensa ZAC<\/span><\/p>\n<p style=\"text-align: justify;\">Fecha de publicaci\u00f3n: 22\/09\/2016<\/p>","protected":false},"excerpt":{"rendered":"<p>La Zona Arqueol\u00f3gica Caral presentar\u00e1 exposici\u00f3n museogr\u00e1fica en la Ciudad de Arequipa La Zona Arqueol\u00f3gica Caral (ZAC), Unidad Ejecutora del [&hellip;]<\/p>\n","protected":false},"author":1,"featured_media":10926,"comment_status":"closed","ping_status":"open","sticky":false,"template":"","format":"standard","meta":{"_acf_changed":false,"site-sidebar-layout":"default","site-content-layout":"","ast-site-content-layout":"default","site-content-style":"default","site-sidebar-style":"default","ast-global-header-display":"","ast-banner-title-visibility":"","ast-main-header-display":"","ast-hfb-above-header-display":"","ast-hfb-below-header-display":"","ast-hfb-mobile-header-display":"","site-post-title":"","ast-breadcrumbs-content":"","ast-featured-img":"","footer-sml-layout":"","ast-disable-related-posts":"","theme-transparent-header-meta":"","adv-header-id-meta":"","stick-header-meta":"","header-above-stick-meta":"","header-main-stick-meta":"","header-below-stick-meta":"","astra-migrate-meta-layouts":"default","ast-page-background-enabled":"default","ast-page-background-meta":{"desktop":{"background-color":"var(--ast-global-color-5)","background-image":"","background-repeat":"repeat","background-position":"center center","background-size":"auto","background-attachment":"scroll","background-type":"","background-media":"","overlay-type":"","overlay-color":"","overlay-opacity":"","overlay-gradient":""},"tablet":{"background-color":"","background-image":"","background-repeat":"repeat","background-position":"center center","background-size":"auto","background-attachment":"scroll","background-type":"","background-media":"","overlay-type":"","overlay-color":"","overlay-opacity":"","overlay-gradient":""},"mobile":{"background-color":"","background-image":"","background-repeat":"repeat","background-position":"center center","background-size":"auto","background-attachment":"scroll","background-type":"","background-media":"","overlay-type":"","overlay-color":"","overlay-opacity":"","overlay-gradient":""}},"ast-content-background-meta":{"desktop":{"background-color":"var(--ast-global-color-4)","background-image":"","background-repeat":"repeat","background-position":"center center","background-size":"auto","background-attachment":"scroll","background-type":"","background-media":"","overlay-type":"","overlay-color":"","overlay-opacity":"","overlay-gradient":""},"tablet":{"background-color":"var(--ast-global-color-4)","background-image":"","background-repeat":"repeat","background-position":"center center","background-size":"auto","background-attachment":"scroll","background-type":"","background-media":"","overlay-type":"","overlay-color":"","overlay-opacity":"","overlay-gradient":""},"mobile":{"background-color":"var(--ast-global-color-4)","background-image":"","background-repeat":"repeat","background-position":"center center","background-size":"auto","background-attachment":"scroll","background-type":"","background-media":"","overlay-type":"","overlay-color":"","overlay-opacity":"","overlay-gradient":""}},"footnotes":""},"categories":[208],"tags":[],"class_list":["post-10921","post","type-post","status-publish","format-standard","has-post-thumbnail","hentry","category-noticias"],"acf":[],"yoast_head":"<!-- This site is optimized with the Yoast SEO plugin v27.3 - https:\/\/yoast.com\/product\/yoast-seo-wordpress\/ -->\n<title>Caral presentar\u00e1 exposici\u00f3n museogr\u00e1fica Arequipa<\/title>\n<meta name=\"description\" content=\"Este 29 de setiembre de 2016, en las galer\u00edas del Complejo Cultural Chaves de La Rosa, en la ciudad de Arequipa, el Rector de la Universidad Nacional de San Agust\u00edn de Arequipa, Dr. Rohel S\u00e1nchez y la Directora de la Zona Arqueol\u00f3gica Caral, Dra. Ruth Shady inaugurar\u00e1n la exposici\u00f3n: \u00abLos Valores Sociales y Culturales de CARAL, Civilizaci\u00f3n de hace 5000 a\u00f1os, S\u00edmbolo de Identidad e Integraci\u00f3n Nacional\u00bb que presenta los resultados de los trabajos de investigaci\u00f3n realizados, desde hace veintid\u00f3s a\u00f1os, en la Ciudad Sagrada de Caral, Patrimonio Mundial y en otros diez asentamientos arqueol\u00f3gicos monumentales (\u00c1spero, Chupacigarro, Miraya, Lurihuasi, Allpacoto, Pueblo Nuevo, Piedra Parada, El Molino, Era de Pando y Vichama).\" \/>\n<meta name=\"robots\" content=\"index, follow, max-snippet:-1, max-image-preview:large, max-video-preview:-1\" \/>\n<link rel=\"canonical\" href=\"https:\/\/zonacaral.gob.pe\/en\/noticias\/caral-en-arequipa\/\" \/>\n<meta property=\"og:locale\" content=\"en_US\" \/>\n<meta property=\"og:type\" content=\"article\" \/>\n<meta property=\"og:title\" content=\"La Zona Arqueol\u00f3gica Caral presentar\u00e1 exposici\u00f3n museogr\u00e1fica en la Ciudad de Arequipa\" \/>\n<meta property=\"og:description\" content=\"Este 29 de setiembre de 2016, en las galer\u00edas del Complejo Cultural Chaves de La Rosa, en la ciudad de Arequipa, el Rector de la Universidad Nacional de San Agust\u00edn de Arequipa, Dr. Rohel S\u00e1nchez y la Directora de la Zona Arqueol\u00f3gica Caral, Dra. Ruth Shady inaugurar\u00e1n la exposici\u00f3n: \u00abLos Valores Sociales y Culturales de CARAL, Civilizaci\u00f3n de hace 5000 a\u00f1os, S\u00edmbolo de Identidad e Integraci\u00f3n Nacional\u00bb que presenta los resultados de los trabajos de investigaci\u00f3n realizados, desde hace veintid\u00f3s a\u00f1os, en la Ciudad Sagrada de Caral, Patrimonio Mundial y en otros diez asentamientos arqueol\u00f3gicos monumentales (\u00c1spero, Chupacigarro, Miraya, Lurihuasi, Allpacoto, Pueblo Nuevo, Piedra Parada, El Molino, Era de Pando y Vichama).\" \/>\n<meta property=\"og:url\" content=\"https:\/\/zonacaral.gob.pe\/en\/noticias\/caral-en-arequipa\/\" \/>\n<meta property=\"og:site_name\" content=\"Zona Caral\" \/>\n<meta property=\"article:published_time\" content=\"2016-09-22T16:14:20+00:00\" \/>\n<meta property=\"og:image\" content=\"https:\/\/zonacaral.gob.pe\/wp-content\/uploads\/2016\/09\/arequipa-caral.jpg\" \/>\n\t<meta property=\"og:image:width\" content=\"900\" \/>\n\t<meta property=\"og:image:height\" content=\"508\" \/>\n\t<meta property=\"og:image:type\" content=\"image\/jpeg\" \/>\n<meta name=\"author\" content=\"Zona Caral Administrador\" \/>\n<meta name=\"twitter:card\" content=\"summary_large_image\" \/>\n<meta name=\"twitter:label1\" content=\"Written by\" \/>\n\t<meta name=\"twitter:data1\" content=\"Zona Caral Administrador\" \/>\n\t<meta name=\"twitter:label2\" content=\"Est. reading time\" \/>\n\t<meta name=\"twitter:data2\" content=\"3 minutes\" \/>\n<script type=\"application\/ld+json\" class=\"yoast-schema-graph\">{\"@context\":\"https:\\\/\\\/schema.org\",\"@graph\":[{\"@type\":\"Article\",\"@id\":\"https:\\\/\\\/zonacaral.gob.pe\\\/en\\\/noticias\\\/caral-en-arequipa\\\/#article\",\"isPartOf\":{\"@id\":\"https:\\\/\\\/zonacaral.gob.pe\\\/en\\\/noticias\\\/caral-en-arequipa\\\/\"},\"author\":{\"name\":\"Zona Caral Administrador\",\"@id\":\"https:\\\/\\\/zonacaral.gob.pe\\\/es\\\/#\\\/schema\\\/person\\\/beddb4d22f71a7230c5b90913270a0ee\"},\"headline\":\"Caral en Arequipa\",\"datePublished\":\"2016-09-22T16:14:20+00:00\",\"mainEntityOfPage\":{\"@id\":\"https:\\\/\\\/zonacaral.gob.pe\\\/en\\\/noticias\\\/caral-en-arequipa\\\/\"},\"wordCount\":653,\"image\":{\"@id\":\"https:\\\/\\\/zonacaral.gob.pe\\\/en\\\/noticias\\\/caral-en-arequipa\\\/#primaryimage\"},\"thumbnailUrl\":\"https:\\\/\\\/zonacaral.gob.pe\\\/wp-content\\\/uploads\\\/2016\\\/09\\\/arequipa-caral.jpg\",\"articleSection\":[\"noticias\"],\"inLanguage\":\"en-US\"},{\"@type\":\"WebPage\",\"@id\":\"https:\\\/\\\/zonacaral.gob.pe\\\/en\\\/noticias\\\/caral-en-arequipa\\\/\",\"url\":\"https:\\\/\\\/zonacaral.gob.pe\\\/en\\\/noticias\\\/caral-en-arequipa\\\/\",\"name\":\"Caral presentar\u00e1 exposici\u00f3n museogr\u00e1fica Arequipa\",\"isPartOf\":{\"@id\":\"https:\\\/\\\/zonacaral.gob.pe\\\/es\\\/#website\"},\"primaryImageOfPage\":{\"@id\":\"https:\\\/\\\/zonacaral.gob.pe\\\/en\\\/noticias\\\/caral-en-arequipa\\\/#primaryimage\"},\"image\":{\"@id\":\"https:\\\/\\\/zonacaral.gob.pe\\\/en\\\/noticias\\\/caral-en-arequipa\\\/#primaryimage\"},\"thumbnailUrl\":\"https:\\\/\\\/zonacaral.gob.pe\\\/wp-content\\\/uploads\\\/2016\\\/09\\\/arequipa-caral.jpg\",\"datePublished\":\"2016-09-22T16:14:20+00:00\",\"author\":{\"@id\":\"https:\\\/\\\/zonacaral.gob.pe\\\/es\\\/#\\\/schema\\\/person\\\/beddb4d22f71a7230c5b90913270a0ee\"},\"description\":\"Este 29 de setiembre de 2016, en las galer\u00edas del Complejo Cultural Chaves de La Rosa, en la ciudad de Arequipa, el Rector de la Universidad Nacional de San Agust\u00edn de Arequipa, Dr. Rohel S\u00e1nchez y la Directora de la Zona Arqueol\u00f3gica Caral, Dra. Ruth Shady inaugurar\u00e1n la exposici\u00f3n: \u00abLos Valores Sociales y Culturales de CARAL, Civilizaci\u00f3n de hace 5000 a\u00f1os, S\u00edmbolo de Identidad e Integraci\u00f3n Nacional\u00bb que presenta los resultados de los trabajos de investigaci\u00f3n realizados, desde hace veintid\u00f3s a\u00f1os, en la Ciudad Sagrada de Caral, Patrimonio Mundial y en otros diez asentamientos arqueol\u00f3gicos monumentales (\u00c1spero, Chupacigarro, Miraya, Lurihuasi, Allpacoto, Pueblo Nuevo, Piedra Parada, El Molino, Era de Pando y Vichama).\",\"breadcrumb\":{\"@id\":\"https:\\\/\\\/zonacaral.gob.pe\\\/en\\\/noticias\\\/caral-en-arequipa\\\/#breadcrumb\"},\"inLanguage\":\"en-US\",\"potentialAction\":[{\"@type\":\"ReadAction\",\"target\":[\"https:\\\/\\\/zonacaral.gob.pe\\\/en\\\/noticias\\\/caral-en-arequipa\\\/\"]}]},{\"@type\":\"ImageObject\",\"inLanguage\":\"en-US\",\"@id\":\"https:\\\/\\\/zonacaral.gob.pe\\\/en\\\/noticias\\\/caral-en-arequipa\\\/#primaryimage\",\"url\":\"https:\\\/\\\/zonacaral.gob.pe\\\/wp-content\\\/uploads\\\/2016\\\/09\\\/arequipa-caral.jpg\",\"contentUrl\":\"https:\\\/\\\/zonacaral.gob.pe\\\/wp-content\\\/uploads\\\/2016\\\/09\\\/arequipa-caral.jpg\",\"width\":900,\"height\":508},{\"@type\":\"BreadcrumbList\",\"@id\":\"https:\\\/\\\/zonacaral.gob.pe\\\/en\\\/noticias\\\/caral-en-arequipa\\\/#breadcrumb\",\"itemListElement\":[{\"@type\":\"ListItem\",\"position\":1,\"name\":\"Portada\",\"item\":\"https:\\\/\\\/zonacaral.gob.pe\\\/\"},{\"@type\":\"ListItem\",\"position\":2,\"name\":\"Caral en Arequipa\"}]},{\"@type\":\"WebSite\",\"@id\":\"https:\\\/\\\/zonacaral.gob.pe\\\/es\\\/#website\",\"url\":\"https:\\\/\\\/zonacaral.gob.pe\\\/es\\\/\",\"name\":\"Zona Caral\",\"description\":\"Investigamos, conservamos y difundimos el patrimonio cultural de la Civilizaci\u00f3n Caral, la m\u00e1s antigua de Am\u00e9rica.\",\"potentialAction\":[{\"@type\":\"SearchAction\",\"target\":{\"@type\":\"EntryPoint\",\"urlTemplate\":\"https:\\\/\\\/zonacaral.gob.pe\\\/es\\\/?s={search_term_string}\"},\"query-input\":{\"@type\":\"PropertyValueSpecification\",\"valueRequired\":true,\"valueName\":\"search_term_string\"}}],\"inLanguage\":\"en-US\"},{\"@type\":\"Person\",\"@id\":\"https:\\\/\\\/zonacaral.gob.pe\\\/es\\\/#\\\/schema\\\/person\\\/beddb4d22f71a7230c5b90913270a0ee\",\"name\":\"Zona Caral Administrador\",\"image\":{\"@type\":\"ImageObject\",\"inLanguage\":\"en-US\",\"@id\":\"https:\\\/\\\/secure.gravatar.com\\\/avatar\\\/e4be162918a696358376de6446614e0f0f4062bdc5d170d6d540ada3d8b58c12?s=96&d=mm&r=g\",\"url\":\"https:\\\/\\\/secure.gravatar.com\\\/avatar\\\/e4be162918a696358376de6446614e0f0f4062bdc5d170d6d540ada3d8b58c12?s=96&d=mm&r=g\",\"contentUrl\":\"https:\\\/\\\/secure.gravatar.com\\\/avatar\\\/e4be162918a696358376de6446614e0f0f4062bdc5d170d6d540ada3d8b58c12?s=96&d=mm&r=g\",\"caption\":\"Zona Caral Administrador\"},\"sameAs\":[\"https:\\\/\\\/zonacaral.gob.pe\"],\"url\":\"https:\\\/\\\/zonacaral.gob.pe\\\/en\\\/noticias\\\/author\\\/ad_zonacaral\\\/\"}]}<\/script>\n<!-- \/ Yoast SEO plugin. -->","yoast_head_json":{"title":"Caral presentar\u00e1 exposici\u00f3n museogr\u00e1fica Arequipa","description":"Este 29 de setiembre de 2016, en las galer\u00edas del Complejo Cultural Chaves de La Rosa, en la ciudad de Arequipa, el Rector de la Universidad Nacional de San Agust\u00edn de Arequipa, Dr. Rohel S\u00e1nchez y la Directora de la Zona Arqueol\u00f3gica Caral, Dra. Ruth Shady inaugurar\u00e1n la exposici\u00f3n: \u00abLos Valores Sociales y Culturales de CARAL, Civilizaci\u00f3n de hace 5000 a\u00f1os, S\u00edmbolo de Identidad e Integraci\u00f3n Nacional\u00bb que presenta los resultados de los trabajos de investigaci\u00f3n realizados, desde hace veintid\u00f3s a\u00f1os, en la Ciudad Sagrada de Caral, Patrimonio Mundial y en otros diez asentamientos arqueol\u00f3gicos monumentales (\u00c1spero, Chupacigarro, Miraya, Lurihuasi, Allpacoto, Pueblo Nuevo, Piedra Parada, El Molino, Era de Pando y Vichama).","robots":{"index":"index","follow":"follow","max-snippet":"max-snippet:-1","max-image-preview":"max-image-preview:large","max-video-preview":"max-video-preview:-1"},"canonical":"https:\/\/zonacaral.gob.pe\/en\/noticias\/caral-en-arequipa\/","og_locale":"en_US","og_type":"article","og_title":"La Zona Arqueol\u00f3gica Caral presentar\u00e1 exposici\u00f3n museogr\u00e1fica en la Ciudad de Arequipa","og_description":"Este 29 de setiembre de 2016, en las galer\u00edas del Complejo Cultural Chaves de La Rosa, en la ciudad de Arequipa, el Rector de la Universidad Nacional de San Agust\u00edn de Arequipa, Dr. Rohel S\u00e1nchez y la Directora de la Zona Arqueol\u00f3gica Caral, Dra. Ruth Shady inaugurar\u00e1n la exposici\u00f3n: \u00abLos Valores Sociales y Culturales de CARAL, Civilizaci\u00f3n de hace 5000 a\u00f1os, S\u00edmbolo de Identidad e Integraci\u00f3n Nacional\u00bb que presenta los resultados de los trabajos de investigaci\u00f3n realizados, desde hace veintid\u00f3s a\u00f1os, en la Ciudad Sagrada de Caral, Patrimonio Mundial y en otros diez asentamientos arqueol\u00f3gicos monumentales (\u00c1spero, Chupacigarro, Miraya, Lurihuasi, Allpacoto, Pueblo Nuevo, Piedra Parada, El Molino, Era de Pando y Vichama).","og_url":"https:\/\/zonacaral.gob.pe\/en\/noticias\/caral-en-arequipa\/","og_site_name":"Zona Caral","article_published_time":"2016-09-22T16:14:20+00:00","og_image":[{"width":900,"height":508,"url":"https:\/\/zonacaral.gob.pe\/wp-content\/uploads\/2016\/09\/arequipa-caral.jpg","type":"image\/jpeg"}],"author":"Zona Caral Administrador","twitter_card":"summary_large_image","twitter_misc":{"Written by":"Zona Caral Administrador","Est. reading time":"3 minutes"},"schema":{"@context":"https:\/\/schema.org","@graph":[{"@type":"Article","@id":"https:\/\/zonacaral.gob.pe\/en\/noticias\/caral-en-arequipa\/#article","isPartOf":{"@id":"https:\/\/zonacaral.gob.pe\/en\/noticias\/caral-en-arequipa\/"},"author":{"name":"Zona Caral Administrador","@id":"https:\/\/zonacaral.gob.pe\/es\/#\/schema\/person\/beddb4d22f71a7230c5b90913270a0ee"},"headline":"Caral en Arequipa","datePublished":"2016-09-22T16:14:20+00:00","mainEntityOfPage":{"@id":"https:\/\/zonacaral.gob.pe\/en\/noticias\/caral-en-arequipa\/"},"wordCount":653,"image":{"@id":"https:\/\/zonacaral.gob.pe\/en\/noticias\/caral-en-arequipa\/#primaryimage"},"thumbnailUrl":"https:\/\/zonacaral.gob.pe\/wp-content\/uploads\/2016\/09\/arequipa-caral.jpg","articleSection":["noticias"],"inLanguage":"en-US"},{"@type":"WebPage","@id":"https:\/\/zonacaral.gob.pe\/en\/noticias\/caral-en-arequipa\/","url":"https:\/\/zonacaral.gob.pe\/en\/noticias\/caral-en-arequipa\/","name":"Caral presentar\u00e1 exposici\u00f3n museogr\u00e1fica Arequipa","isPartOf":{"@id":"https:\/\/zonacaral.gob.pe\/es\/#website"},"primaryImageOfPage":{"@id":"https:\/\/zonacaral.gob.pe\/en\/noticias\/caral-en-arequipa\/#primaryimage"},"image":{"@id":"https:\/\/zonacaral.gob.pe\/en\/noticias\/caral-en-arequipa\/#primaryimage"},"thumbnailUrl":"https:\/\/zonacaral.gob.pe\/wp-content\/uploads\/2016\/09\/arequipa-caral.jpg","datePublished":"2016-09-22T16:14:20+00:00","author":{"@id":"https:\/\/zonacaral.gob.pe\/es\/#\/schema\/person\/beddb4d22f71a7230c5b90913270a0ee"},"description":"Este 29 de setiembre de 2016, en las galer\u00edas del Complejo Cultural Chaves de La Rosa, en la ciudad de Arequipa, el Rector de la Universidad Nacional de San Agust\u00edn de Arequipa, Dr. Rohel S\u00e1nchez y la Directora de la Zona Arqueol\u00f3gica Caral, Dra. Ruth Shady inaugurar\u00e1n la exposici\u00f3n: \u00abLos Valores Sociales y Culturales de CARAL, Civilizaci\u00f3n de hace 5000 a\u00f1os, S\u00edmbolo de Identidad e Integraci\u00f3n Nacional\u00bb que presenta los resultados de los trabajos de investigaci\u00f3n realizados, desde hace veintid\u00f3s a\u00f1os, en la Ciudad Sagrada de Caral, Patrimonio Mundial y en otros diez asentamientos arqueol\u00f3gicos monumentales (\u00c1spero, Chupacigarro, Miraya, Lurihuasi, Allpacoto, Pueblo Nuevo, Piedra Parada, El Molino, Era de Pando y Vichama).","breadcrumb":{"@id":"https:\/\/zonacaral.gob.pe\/en\/noticias\/caral-en-arequipa\/#breadcrumb"},"inLanguage":"en-US","potentialAction":[{"@type":"ReadAction","target":["https:\/\/zonacaral.gob.pe\/en\/noticias\/caral-en-arequipa\/"]}]},{"@type":"ImageObject","inLanguage":"en-US","@id":"https:\/\/zonacaral.gob.pe\/en\/noticias\/caral-en-arequipa\/#primaryimage","url":"https:\/\/zonacaral.gob.pe\/wp-content\/uploads\/2016\/09\/arequipa-caral.jpg","contentUrl":"https:\/\/zonacaral.gob.pe\/wp-content\/uploads\/2016\/09\/arequipa-caral.jpg","width":900,"height":508},{"@type":"BreadcrumbList","@id":"https:\/\/zonacaral.gob.pe\/en\/noticias\/caral-en-arequipa\/#breadcrumb","itemListElement":[{"@type":"ListItem","position":1,"name":"Portada","item":"https:\/\/zonacaral.gob.pe\/"},{"@type":"ListItem","position":2,"name":"Caral en Arequipa"}]},{"@type":"WebSite","@id":"https:\/\/zonacaral.gob.pe\/es\/#website","url":"https:\/\/zonacaral.gob.pe\/es\/","name":"Zona Caral","description":"Investigamos, conservamos y difundimos el patrimonio cultural de la Civilizaci\u00f3n Caral, la m\u00e1s antigua de Am\u00e9rica.","potentialAction":[{"@type":"SearchAction","target":{"@type":"EntryPoint","urlTemplate":"https:\/\/zonacaral.gob.pe\/es\/?s={search_term_string}"},"query-input":{"@type":"PropertyValueSpecification","valueRequired":true,"valueName":"search_term_string"}}],"inLanguage":"en-US"},{"@type":"Person","@id":"https:\/\/zonacaral.gob.pe\/es\/#\/schema\/person\/beddb4d22f71a7230c5b90913270a0ee","name":"Zona Caral Administrador","image":{"@type":"ImageObject","inLanguage":"en-US","@id":"https:\/\/secure.gravatar.com\/avatar\/e4be162918a696358376de6446614e0f0f4062bdc5d170d6d540ada3d8b58c12?s=96&d=mm&r=g","url":"https:\/\/secure.gravatar.com\/avatar\/e4be162918a696358376de6446614e0f0f4062bdc5d170d6d540ada3d8b58c12?s=96&d=mm&r=g","contentUrl":"https:\/\/secure.gravatar.com\/avatar\/e4be162918a696358376de6446614e0f0f4062bdc5d170d6d540ada3d8b58c12?s=96&d=mm&r=g","caption":"Zona Caral Administrador"},"sameAs":["https:\/\/zonacaral.gob.pe"],"url":"https:\/\/zonacaral.gob.pe\/en\/noticias\/author\/ad_zonacaral\/"}]}},"_links":{"self":[{"href":"https:\/\/zonacaral.gob.pe\/en\/wp-json\/wp\/v2\/posts\/10921","targetHints":{"allow":["GET"]}}],"collection":[{"href":"https:\/\/zonacaral.gob.pe\/en\/wp-json\/wp\/v2\/posts"}],"about":[{"href":"https:\/\/zonacaral.gob.pe\/en\/wp-json\/wp\/v2\/types\/post"}],"author":[{"embeddable":true,"href":"https:\/\/zonacaral.gob.pe\/en\/wp-json\/wp\/v2\/users\/1"}],"replies":[{"embeddable":true,"href":"https:\/\/zonacaral.gob.pe\/en\/wp-json\/wp\/v2\/comments?post=10921"}],"version-history":[{"count":0,"href":"https:\/\/zonacaral.gob.pe\/en\/wp-json\/wp\/v2\/posts\/10921\/revisions"}],"wp:featuredmedia":[{"embeddable":true,"href":"https:\/\/zonacaral.gob.pe\/en\/wp-json\/wp\/v2\/media\/10926"}],"wp:attachment":[{"href":"https:\/\/zonacaral.gob.pe\/en\/wp-json\/wp\/v2\/media?parent=10921"}],"wp:term":[{"taxonomy":"category","embeddable":true,"href":"https:\/\/zonacaral.gob.pe\/en\/wp-json\/wp\/v2\/categories?post=10921"},{"taxonomy":"post_tag","embeddable":true,"href":"https:\/\/zonacaral.gob.pe\/en\/wp-json\/wp\/v2\/tags?post=10921"}],"curies":[{"name":"wp","href":"https:\/\/api.w.org\/{rel}","templated":true}]}}