{"id":11052,"date":"2016-12-12T10:14:32","date_gmt":"2016-12-12T15:14:32","guid":{"rendered":"http:\/\/www.zonacaral.gob.pe\/?p=11052"},"modified":"2016-12-12T10:14:32","modified_gmt":"2016-12-12T15:14:32","slug":"cuatro-investigadoras-peruanas-que-tienes-que-conocer","status":"publish","type":"post","link":"https:\/\/zonacaral.gob.pe\/en\/noticias\/cuatro-investigadoras-peruanas-que-tienes-que-conocer\/","title":{"rendered":"Cuatro investigadoras peruanas que tienes que conocer"},"content":{"rendered":"<figure class=\"pic-autor\" style=\"color: #4d4d4d; text-align: justify;\"><\/figure>\n<p style=\"text-align: justify;\">Ellas forman parte de un legado de cient\u00edficas e investigadoras peruanas que han sido reconocidas a nivel internacional a lo largo de nuestra historia, y son motivo de orgullo para todos. Aqu\u00ed te presentamos una lista de cuartro investigadoras que debes conocer para sentirte m\u00e1s orgulloso y orgullosa de las mujeres peruanas.<\/p>\n<h3 style=\"text-align: justify;\">1.MAR\u00cdA REICHE:<\/h3>\n<p style=\"text-align: justify;\">La \u201cDama de la Pampa\u201d, nacida en la ciudad de Dresde (Alemania) y nacionalizada peruana, es conocida mundialmente como la descubridora de las L\u00edneas de Nazca. Lleg\u00f3 al Per\u00fa en 1932 para educar a los hijos del c\u00f3nsul alem\u00e1n en la ciudad del Cusco y retorn\u00f3 para establecerse permanentemente en nuestro pa\u00eds a fines de 1937. En Lima conoci\u00f3 a Julio C. Tello, para quien hac\u00eda traducciones, y a Paul Kosok, arque\u00f3logo norteamericano que la llevar\u00eda por primera vez a Nazca. Mar\u00eda Reiche inici\u00f3 una vida dedicada al estudio e investigaci\u00f3n de las l\u00edneas de Nazca a partir de 1946, consagrando m\u00e1s de medio siglo a la investigaci\u00f3n y conservaci\u00f3n de este patrimonio.<\/p>\n<p style=\"text-align: justify;\"><img fetchpriority=\"high\" decoding=\"async\" class=\"alignnone wp-image-11054\" src=\"http:\/\/www.zonacaral.gob.pe\/wp-content\/uploads\/2016\/12\/maria-reiche1.jpg\" alt=\"maria-reiche1\" width=\"500\" height=\"278\" srcset=\"https:\/\/zonacaral.gob.pe\/wp-content\/uploads\/2016\/12\/maria-reiche1.jpg 900w, https:\/\/zonacaral.gob.pe\/wp-content\/uploads\/2016\/12\/maria-reiche1-300x167.jpg 300w, https:\/\/zonacaral.gob.pe\/wp-content\/uploads\/2016\/12\/maria-reiche1-768x427.jpg 768w\" sizes=\"(max-width: 500px) 100vw, 500px\" \/><\/p>\n<h3 style=\"text-align: justify;\">2.LAURA MENESES:<\/h3>\n<p style=\"text-align: justify;\">La primera latinoamericana en estudiar en la Universidad de Harvard, fue esta peruana nacida en Arequipa. Laura Meneses estudi\u00f3 Ciencias Naturales en la Universidad de San Marcos y fue la primera mujer latinoamericana en estudiar en la escuela Radcliffe College de la Universidad de Harvard donde obtuvo su doctorado gracias a un estudio sobre la nitrificaci\u00f3n en los suelos de Lima, por el que fue elogiada por los catedr\u00e1ticos de la universidad. Es una de las mujeres m\u00e1s importantes del S.XX. en la historia de Puerto Rico, casada con quien fue presidente de esa naci\u00f3n, Pedro Albizu Campos, junto al cual luch\u00f3 por la emancipaci\u00f3n de esta isla,, siendo encargada de abogar en la ONU por la Independencia de Puerto Rico.<\/p>\n<p style=\"text-align: justify;\"><img decoding=\"async\" class=\"alignnone wp-image-11053\" src=\"http:\/\/www.zonacaral.gob.pe\/wp-content\/uploads\/2016\/12\/Laura-Meneses-1.jpg\" alt=\"Laura-Meneses-1\" width=\"500\" height=\"278\" srcset=\"https:\/\/zonacaral.gob.pe\/wp-content\/uploads\/2016\/12\/Laura-Meneses-1.jpg 900w, https:\/\/zonacaral.gob.pe\/wp-content\/uploads\/2016\/12\/Laura-Meneses-1-300x167.jpg 300w, https:\/\/zonacaral.gob.pe\/wp-content\/uploads\/2016\/12\/Laura-Meneses-1-768x427.jpg 768w\" sizes=\"(max-width: 500px) 100vw, 500px\" \/><\/p>\n<h3 style=\"text-align: justify;\">3.MAR\u00cdA ROSTWOROWSKI:<\/h3>\n<p style=\"text-align: justify;\">La historiadora e investigadora, nacida en Barranco (Lima), reconocida por sus grandes aportes en la historiograf\u00eda e historia. Sin tener una educaci\u00f3n formal, fue alumna libre de la Universidad Nacional Mayor de San Marcos, donde tuvo como maestros a Ra\u00fal Porras Barrenechea y al antrop\u00f3logo norteamericano John Murra. Dedic\u00f3 su vida a la investigaci\u00f3n hist\u00f3rica y es autora de libros fundamentales como \u201cPachacutec\u201d e \u201cHistoria del Tahuantinsuyo\u201d, el libro de ciencias sociales m\u00e1s vendido en la historia del Per\u00fa. Con sus obras Rostworowski reinvindic\u00f3 a los incas, d\u00e1ndole un giro distinto a su historia y resaltando sus aportes a la humanidad.<\/p>\n<p style=\"text-align: justify;\"><img decoding=\"async\" class=\"alignnone wp-image-11055\" src=\"http:\/\/www.zonacaral.gob.pe\/wp-content\/uploads\/2016\/12\/rost1.jpg\" alt=\"rost1\" width=\"500\" height=\"278\" srcset=\"https:\/\/zonacaral.gob.pe\/wp-content\/uploads\/2016\/12\/rost1.jpg 900w, https:\/\/zonacaral.gob.pe\/wp-content\/uploads\/2016\/12\/rost1-300x167.jpg 300w, https:\/\/zonacaral.gob.pe\/wp-content\/uploads\/2016\/12\/rost1-768x427.jpg 768w\" sizes=\"(max-width: 500px) 100vw, 500px\" \/><\/p>\n<h3 style=\"text-align: justify;\">4.RUTH SHADY:<\/h3>\n<p style=\"text-align: justify;\">Destacada arque\u00f3loga nacida en el Callao (Lima), reconocida por su trabajo en la revalorizaci\u00f3n y dataci\u00f3n de Caral. En 1994, Ruth Shady recorri\u00f3 el valle de Supe y en 1996, un equipo dirigido por ella excav\u00f3 en Caral, dando como resultado la presentaci\u00f3n La Ciudad Sagrada de Caral-Supe en los albores de la civilizaci\u00f3n en el Per\u00fa. En ese tratado sustent\u00f3 abiertamente la antig\u00fcedad precer\u00e1mica de Caral, afirmaci\u00f3n que consolid\u00f3 de manera irrefutable en los a\u00f1os siguientes. Gracias a sus estudios qued\u00f3 demostrado que Caral tiene una antig\u00fcedad de 5000 a\u00f1os, siendo contempor\u00e1nea de otras civilizaciones primigenias como las de Egipto, India y Mesopotamia. Caral es ahora considerada la civilizaci\u00f3n m\u00e1s antigua de Am\u00e9rica y est\u00e1 listada por la UNESCO como Patrimonio Cultural de la Humanidad.<\/p>\n<p style=\"text-align: justify;\"><img loading=\"lazy\" decoding=\"async\" class=\"alignnone wp-image-11056\" src=\"http:\/\/www.zonacaral.gob.pe\/wp-content\/uploads\/2016\/12\/ruth-shady.jpg\" alt=\"ruth-shady\" width=\"500\" height=\"278\" srcset=\"https:\/\/zonacaral.gob.pe\/wp-content\/uploads\/2016\/12\/ruth-shady.jpg 900w, https:\/\/zonacaral.gob.pe\/wp-content\/uploads\/2016\/12\/ruth-shady-300x167.jpg 300w, https:\/\/zonacaral.gob.pe\/wp-content\/uploads\/2016\/12\/ruth-shady-768x427.jpg 768w\" sizes=\"(max-width: 500px) 100vw, 500px\" \/><\/p>\n<h3 dir=\"ltr\" style=\"color: #23263d; text-align: justify;\">BONUS<\/h3>\n<h3 dir=\"ltr\" style=\"color: #23263d; text-align: justify;\">SILVIA V\u00c1SQUEZ-LAVADO:<\/h3>\n<p style=\"color: #000000; text-align: justify;\">Esta ejecutiva peruana ha sido fundamental para hacer la transici\u00f3n de\u00a0PayPal\u00a0como una subsidiaria de eBay a una empresa independiente. Ha sido responsable de complejos proyectos de inteligencia empresarial a gran escala usando herramientas de software que facilitan el intercambio de informaci\u00f3n y operaciones dentro de su organizaci\u00f3n. Es adem\u00e1s la fundadora de la ONG\u00a0Courageous Girls, que ayuda a mujeres v\u00edctimas de violencia sexual (que sufri\u00f3 la propia V\u00e1squez-Lavado en su ni\u00f1ez) a superar sus traumas usando el alpinismo como medio de ayuda para este proceso. Con ellas, logr\u00f3 convertirse en junio de este a\u00f1o en la\u00a0primera mujer peruana que alcanz\u00f3 la cumbre del Everest, la monta\u00f1a m\u00e1s grande del mundo.<\/p>\n<p style=\"text-align: justify;\">Fuente:<span style=\"color: #800000;\">\u00a0<a href=\"http:\/\/www.cienciactiva.gob.pe\/cienciactiva-informa\/cuatro-investigadoras-peruanas-que-tienes-que-conocer\">Ciencia Activa Per\u00fa<\/a><\/span><\/p>\n<p style=\"text-align: justify;\">Fecha de publicaci\u00f3n: 05\/12\/2016<\/p>","protected":false},"excerpt":{"rendered":"<p>Ellas forman parte de un legado de cient\u00edficas e investigadoras peruanas que han sido reconocidas a nivel internacional a lo [&hellip;]<\/p>\n","protected":false},"author":1,"featured_media":11059,"comment_status":"closed","ping_status":"open","sticky":false,"template":"","format":"standard","meta":{"_acf_changed":false,"site-sidebar-layout":"default","site-content-layout":"","ast-site-content-layout":"default","site-content-style":"default","site-sidebar-style":"default","ast-global-header-display":"","ast-banner-title-visibility":"","ast-main-header-display":"","ast-hfb-above-header-display":"","ast-hfb-below-header-display":"","ast-hfb-mobile-header-display":"","site-post-title":"","ast-breadcrumbs-content":"","ast-featured-img":"","footer-sml-layout":"","ast-disable-related-posts":"","theme-transparent-header-meta":"","adv-header-id-meta":"","stick-header-meta":"","header-above-stick-meta":"","header-main-stick-meta":"","header-below-stick-meta":"","astra-migrate-meta-layouts":"default","ast-page-background-enabled":"default","ast-page-background-meta":{"desktop":{"background-color":"var(--ast-global-color-5)","background-image":"","background-repeat":"repeat","background-position":"center center","background-size":"auto","background-attachment":"scroll","background-type":"","background-media":"","overlay-type":"","overlay-color":"","overlay-opacity":"","overlay-gradient":""},"tablet":{"background-color":"","background-image":"","background-repeat":"repeat","background-position":"center center","background-size":"auto","background-attachment":"scroll","background-type":"","background-media":"","overlay-type":"","overlay-color":"","overlay-opacity":"","overlay-gradient":""},"mobile":{"background-color":"","background-image":"","background-repeat":"repeat","background-position":"center center","background-size":"auto","background-attachment":"scroll","background-type":"","background-media":"","overlay-type":"","overlay-color":"","overlay-opacity":"","overlay-gradient":""}},"ast-content-background-meta":{"desktop":{"background-color":"var(--ast-global-color-4)","background-image":"","background-repeat":"repeat","background-position":"center center","background-size":"auto","background-attachment":"scroll","background-type":"","background-media":"","overlay-type":"","overlay-color":"","overlay-opacity":"","overlay-gradient":""},"tablet":{"background-color":"var(--ast-global-color-4)","background-image":"","background-repeat":"repeat","background-position":"center center","background-size":"auto","background-attachment":"scroll","background-type":"","background-media":"","overlay-type":"","overlay-color":"","overlay-opacity":"","overlay-gradient":""},"mobile":{"background-color":"var(--ast-global-color-4)","background-image":"","background-repeat":"repeat","background-position":"center center","background-size":"auto","background-attachment":"scroll","background-type":"","background-media":"","overlay-type":"","overlay-color":"","overlay-opacity":"","overlay-gradient":""}},"footnotes":""},"categories":[208],"tags":[113,55],"class_list":["post-11052","post","type-post","status-publish","format-standard","has-post-thumbnail","hentry","category-noticias","tag-apec2016","tag-caral"],"acf":[],"yoast_head":"<!-- This site is optimized with the Yoast SEO plugin v27.3 - https:\/\/yoast.com\/product\/yoast-seo-wordpress\/ -->\n<title>Cuatro investigadoras peruanas que tienes que conocer<\/title>\n<meta name=\"description\" content=\"Ellas forman parte de un legado de cient\u00edficas e investigadoras peruanas que han sido reconocidas a nivel internacional a lo largo de nuestra historia, y son motivo de orgullo para todos. Aqu\u00ed te presentamos una lista de cuartro investigadoras que debes conocer para sentirte m\u00e1s orgulloso y orgullosa de las mujeres peruanas.\" \/>\n<meta name=\"robots\" content=\"index, follow, max-snippet:-1, max-image-preview:large, max-video-preview:-1\" \/>\n<link rel=\"canonical\" href=\"https:\/\/zonacaral.gob.pe\/en\/noticias\/cuatro-investigadoras-peruanas-que-tienes-que-conocer\/\" \/>\n<meta property=\"og:locale\" content=\"en_US\" \/>\n<meta property=\"og:type\" content=\"article\" \/>\n<meta property=\"og:title\" content=\"Cuatro investigadoras peruanas que tienes que conocer\" \/>\n<meta property=\"og:description\" content=\"Ellas forman parte de un legado de cient\u00edficas e investigadoras peruanas que han sido reconocidas a nivel internacional a lo largo de nuestra historia, y son motivo de orgullo para todos. Aqu\u00ed te presentamos una lista de cuartro investigadoras que debes conocer para sentirte m\u00e1s orgulloso y orgullosa de las mujeres peruanas.\" \/>\n<meta property=\"og:url\" content=\"https:\/\/zonacaral.gob.pe\/en\/noticias\/cuatro-investigadoras-peruanas-que-tienes-que-conocer\/\" \/>\n<meta property=\"og:site_name\" content=\"Zona Caral\" \/>\n<meta property=\"article:published_time\" content=\"2016-12-12T15:14:32+00:00\" \/>\n<meta property=\"og:image\" content=\"https:\/\/zonacaral.gob.pe\/wp-content\/uploads\/2016\/12\/shady-cienciactiva.jpg\" \/>\n\t<meta property=\"og:image:width\" content=\"837\" \/>\n\t<meta property=\"og:image:height\" content=\"465\" \/>\n\t<meta property=\"og:image:type\" content=\"image\/jpeg\" \/>\n<meta name=\"author\" content=\"Zona Caral Administrador\" \/>\n<meta name=\"twitter:card\" content=\"summary_large_image\" \/>\n<meta name=\"twitter:label1\" content=\"Written by\" \/>\n\t<meta name=\"twitter:data1\" content=\"Zona Caral Administrador\" \/>\n\t<meta name=\"twitter:label2\" content=\"Est. reading time\" \/>\n\t<meta name=\"twitter:data2\" content=\"3 minutes\" \/>\n<script type=\"application\/ld+json\" class=\"yoast-schema-graph\">{\"@context\":\"https:\\\/\\\/schema.org\",\"@graph\":[{\"@type\":\"Article\",\"@id\":\"https:\\\/\\\/zonacaral.gob.pe\\\/en\\\/noticias\\\/cuatro-investigadoras-peruanas-que-tienes-que-conocer\\\/#article\",\"isPartOf\":{\"@id\":\"https:\\\/\\\/zonacaral.gob.pe\\\/en\\\/noticias\\\/cuatro-investigadoras-peruanas-que-tienes-que-conocer\\\/\"},\"author\":{\"name\":\"Zona Caral Administrador\",\"@id\":\"https:\\\/\\\/zonacaral.gob.pe\\\/es\\\/#\\\/schema\\\/person\\\/beddb4d22f71a7230c5b90913270a0ee\"},\"headline\":\"Cuatro investigadoras peruanas que tienes que conocer\",\"datePublished\":\"2016-12-12T15:14:32+00:00\",\"mainEntityOfPage\":{\"@id\":\"https:\\\/\\\/zonacaral.gob.pe\\\/en\\\/noticias\\\/cuatro-investigadoras-peruanas-que-tienes-que-conocer\\\/\"},\"wordCount\":704,\"image\":{\"@id\":\"https:\\\/\\\/zonacaral.gob.pe\\\/en\\\/noticias\\\/cuatro-investigadoras-peruanas-que-tienes-que-conocer\\\/#primaryimage\"},\"thumbnailUrl\":\"https:\\\/\\\/zonacaral.gob.pe\\\/wp-content\\\/uploads\\\/2016\\\/12\\\/shady-cienciactiva.jpg\",\"keywords\":[\"apec2016\",\"caral\"],\"articleSection\":[\"noticias\"],\"inLanguage\":\"en-US\"},{\"@type\":\"WebPage\",\"@id\":\"https:\\\/\\\/zonacaral.gob.pe\\\/en\\\/noticias\\\/cuatro-investigadoras-peruanas-que-tienes-que-conocer\\\/\",\"url\":\"https:\\\/\\\/zonacaral.gob.pe\\\/en\\\/noticias\\\/cuatro-investigadoras-peruanas-que-tienes-que-conocer\\\/\",\"name\":\"Cuatro investigadoras peruanas que tienes que conocer\",\"isPartOf\":{\"@id\":\"https:\\\/\\\/zonacaral.gob.pe\\\/es\\\/#website\"},\"primaryImageOfPage\":{\"@id\":\"https:\\\/\\\/zonacaral.gob.pe\\\/en\\\/noticias\\\/cuatro-investigadoras-peruanas-que-tienes-que-conocer\\\/#primaryimage\"},\"image\":{\"@id\":\"https:\\\/\\\/zonacaral.gob.pe\\\/en\\\/noticias\\\/cuatro-investigadoras-peruanas-que-tienes-que-conocer\\\/#primaryimage\"},\"thumbnailUrl\":\"https:\\\/\\\/zonacaral.gob.pe\\\/wp-content\\\/uploads\\\/2016\\\/12\\\/shady-cienciactiva.jpg\",\"datePublished\":\"2016-12-12T15:14:32+00:00\",\"author\":{\"@id\":\"https:\\\/\\\/zonacaral.gob.pe\\\/es\\\/#\\\/schema\\\/person\\\/beddb4d22f71a7230c5b90913270a0ee\"},\"description\":\"Ellas forman parte de un legado de cient\u00edficas e investigadoras peruanas que han sido reconocidas a nivel internacional a lo largo de nuestra historia, y son motivo de orgullo para todos. Aqu\u00ed te presentamos una lista de cuartro investigadoras que debes conocer para sentirte m\u00e1s orgulloso y orgullosa de las mujeres peruanas.\",\"breadcrumb\":{\"@id\":\"https:\\\/\\\/zonacaral.gob.pe\\\/en\\\/noticias\\\/cuatro-investigadoras-peruanas-que-tienes-que-conocer\\\/#breadcrumb\"},\"inLanguage\":\"en-US\",\"potentialAction\":[{\"@type\":\"ReadAction\",\"target\":[\"https:\\\/\\\/zonacaral.gob.pe\\\/en\\\/noticias\\\/cuatro-investigadoras-peruanas-que-tienes-que-conocer\\\/\"]}]},{\"@type\":\"ImageObject\",\"inLanguage\":\"en-US\",\"@id\":\"https:\\\/\\\/zonacaral.gob.pe\\\/en\\\/noticias\\\/cuatro-investigadoras-peruanas-que-tienes-que-conocer\\\/#primaryimage\",\"url\":\"https:\\\/\\\/zonacaral.gob.pe\\\/wp-content\\\/uploads\\\/2016\\\/12\\\/shady-cienciactiva.jpg\",\"contentUrl\":\"https:\\\/\\\/zonacaral.gob.pe\\\/wp-content\\\/uploads\\\/2016\\\/12\\\/shady-cienciactiva.jpg\",\"width\":837,\"height\":465},{\"@type\":\"BreadcrumbList\",\"@id\":\"https:\\\/\\\/zonacaral.gob.pe\\\/en\\\/noticias\\\/cuatro-investigadoras-peruanas-que-tienes-que-conocer\\\/#breadcrumb\",\"itemListElement\":[{\"@type\":\"ListItem\",\"position\":1,\"name\":\"Portada\",\"item\":\"https:\\\/\\\/zonacaral.gob.pe\\\/\"},{\"@type\":\"ListItem\",\"position\":2,\"name\":\"Cuatro investigadoras peruanas que tienes que conocer\"}]},{\"@type\":\"WebSite\",\"@id\":\"https:\\\/\\\/zonacaral.gob.pe\\\/es\\\/#website\",\"url\":\"https:\\\/\\\/zonacaral.gob.pe\\\/es\\\/\",\"name\":\"Zona Caral\",\"description\":\"Investigamos, conservamos y difundimos el patrimonio cultural de la Civilizaci\u00f3n Caral, la m\u00e1s antigua de Am\u00e9rica.\",\"potentialAction\":[{\"@type\":\"SearchAction\",\"target\":{\"@type\":\"EntryPoint\",\"urlTemplate\":\"https:\\\/\\\/zonacaral.gob.pe\\\/es\\\/?s={search_term_string}\"},\"query-input\":{\"@type\":\"PropertyValueSpecification\",\"valueRequired\":true,\"valueName\":\"search_term_string\"}}],\"inLanguage\":\"en-US\"},{\"@type\":\"Person\",\"@id\":\"https:\\\/\\\/zonacaral.gob.pe\\\/es\\\/#\\\/schema\\\/person\\\/beddb4d22f71a7230c5b90913270a0ee\",\"name\":\"Zona Caral Administrador\",\"image\":{\"@type\":\"ImageObject\",\"inLanguage\":\"en-US\",\"@id\":\"https:\\\/\\\/secure.gravatar.com\\\/avatar\\\/e4be162918a696358376de6446614e0f0f4062bdc5d170d6d540ada3d8b58c12?s=96&d=mm&r=g\",\"url\":\"https:\\\/\\\/secure.gravatar.com\\\/avatar\\\/e4be162918a696358376de6446614e0f0f4062bdc5d170d6d540ada3d8b58c12?s=96&d=mm&r=g\",\"contentUrl\":\"https:\\\/\\\/secure.gravatar.com\\\/avatar\\\/e4be162918a696358376de6446614e0f0f4062bdc5d170d6d540ada3d8b58c12?s=96&d=mm&r=g\",\"caption\":\"Zona Caral Administrador\"},\"sameAs\":[\"https:\\\/\\\/zonacaral.gob.pe\"],\"url\":\"https:\\\/\\\/zonacaral.gob.pe\\\/en\\\/noticias\\\/author\\\/ad_zonacaral\\\/\"}]}<\/script>\n<!-- \/ Yoast SEO plugin. -->","yoast_head_json":{"title":"Cuatro investigadoras peruanas que tienes que conocer","description":"Ellas forman parte de un legado de cient\u00edficas e investigadoras peruanas que han sido reconocidas a nivel internacional a lo largo de nuestra historia, y son motivo de orgullo para todos. Aqu\u00ed te presentamos una lista de cuartro investigadoras que debes conocer para sentirte m\u00e1s orgulloso y orgullosa de las mujeres peruanas.","robots":{"index":"index","follow":"follow","max-snippet":"max-snippet:-1","max-image-preview":"max-image-preview:large","max-video-preview":"max-video-preview:-1"},"canonical":"https:\/\/zonacaral.gob.pe\/en\/noticias\/cuatro-investigadoras-peruanas-que-tienes-que-conocer\/","og_locale":"en_US","og_type":"article","og_title":"Cuatro investigadoras peruanas que tienes que conocer","og_description":"Ellas forman parte de un legado de cient\u00edficas e investigadoras peruanas que han sido reconocidas a nivel internacional a lo largo de nuestra historia, y son motivo de orgullo para todos. Aqu\u00ed te presentamos una lista de cuartro investigadoras que debes conocer para sentirte m\u00e1s orgulloso y orgullosa de las mujeres peruanas.","og_url":"https:\/\/zonacaral.gob.pe\/en\/noticias\/cuatro-investigadoras-peruanas-que-tienes-que-conocer\/","og_site_name":"Zona Caral","article_published_time":"2016-12-12T15:14:32+00:00","og_image":[{"width":837,"height":465,"url":"https:\/\/zonacaral.gob.pe\/wp-content\/uploads\/2016\/12\/shady-cienciactiva.jpg","type":"image\/jpeg"}],"author":"Zona Caral Administrador","twitter_card":"summary_large_image","twitter_misc":{"Written by":"Zona Caral Administrador","Est. reading time":"3 minutes"},"schema":{"@context":"https:\/\/schema.org","@graph":[{"@type":"Article","@id":"https:\/\/zonacaral.gob.pe\/en\/noticias\/cuatro-investigadoras-peruanas-que-tienes-que-conocer\/#article","isPartOf":{"@id":"https:\/\/zonacaral.gob.pe\/en\/noticias\/cuatro-investigadoras-peruanas-que-tienes-que-conocer\/"},"author":{"name":"Zona Caral Administrador","@id":"https:\/\/zonacaral.gob.pe\/es\/#\/schema\/person\/beddb4d22f71a7230c5b90913270a0ee"},"headline":"Cuatro investigadoras peruanas que tienes que conocer","datePublished":"2016-12-12T15:14:32+00:00","mainEntityOfPage":{"@id":"https:\/\/zonacaral.gob.pe\/en\/noticias\/cuatro-investigadoras-peruanas-que-tienes-que-conocer\/"},"wordCount":704,"image":{"@id":"https:\/\/zonacaral.gob.pe\/en\/noticias\/cuatro-investigadoras-peruanas-que-tienes-que-conocer\/#primaryimage"},"thumbnailUrl":"https:\/\/zonacaral.gob.pe\/wp-content\/uploads\/2016\/12\/shady-cienciactiva.jpg","keywords":["apec2016","caral"],"articleSection":["noticias"],"inLanguage":"en-US"},{"@type":"WebPage","@id":"https:\/\/zonacaral.gob.pe\/en\/noticias\/cuatro-investigadoras-peruanas-que-tienes-que-conocer\/","url":"https:\/\/zonacaral.gob.pe\/en\/noticias\/cuatro-investigadoras-peruanas-que-tienes-que-conocer\/","name":"Cuatro investigadoras peruanas que tienes que conocer","isPartOf":{"@id":"https:\/\/zonacaral.gob.pe\/es\/#website"},"primaryImageOfPage":{"@id":"https:\/\/zonacaral.gob.pe\/en\/noticias\/cuatro-investigadoras-peruanas-que-tienes-que-conocer\/#primaryimage"},"image":{"@id":"https:\/\/zonacaral.gob.pe\/en\/noticias\/cuatro-investigadoras-peruanas-que-tienes-que-conocer\/#primaryimage"},"thumbnailUrl":"https:\/\/zonacaral.gob.pe\/wp-content\/uploads\/2016\/12\/shady-cienciactiva.jpg","datePublished":"2016-12-12T15:14:32+00:00","author":{"@id":"https:\/\/zonacaral.gob.pe\/es\/#\/schema\/person\/beddb4d22f71a7230c5b90913270a0ee"},"description":"Ellas forman parte de un legado de cient\u00edficas e investigadoras peruanas que han sido reconocidas a nivel internacional a lo largo de nuestra historia, y son motivo de orgullo para todos. Aqu\u00ed te presentamos una lista de cuartro investigadoras que debes conocer para sentirte m\u00e1s orgulloso y orgullosa de las mujeres peruanas.","breadcrumb":{"@id":"https:\/\/zonacaral.gob.pe\/en\/noticias\/cuatro-investigadoras-peruanas-que-tienes-que-conocer\/#breadcrumb"},"inLanguage":"en-US","potentialAction":[{"@type":"ReadAction","target":["https:\/\/zonacaral.gob.pe\/en\/noticias\/cuatro-investigadoras-peruanas-que-tienes-que-conocer\/"]}]},{"@type":"ImageObject","inLanguage":"en-US","@id":"https:\/\/zonacaral.gob.pe\/en\/noticias\/cuatro-investigadoras-peruanas-que-tienes-que-conocer\/#primaryimage","url":"https:\/\/zonacaral.gob.pe\/wp-content\/uploads\/2016\/12\/shady-cienciactiva.jpg","contentUrl":"https:\/\/zonacaral.gob.pe\/wp-content\/uploads\/2016\/12\/shady-cienciactiva.jpg","width":837,"height":465},{"@type":"BreadcrumbList","@id":"https:\/\/zonacaral.gob.pe\/en\/noticias\/cuatro-investigadoras-peruanas-que-tienes-que-conocer\/#breadcrumb","itemListElement":[{"@type":"ListItem","position":1,"name":"Portada","item":"https:\/\/zonacaral.gob.pe\/"},{"@type":"ListItem","position":2,"name":"Cuatro investigadoras peruanas que tienes que conocer"}]},{"@type":"WebSite","@id":"https:\/\/zonacaral.gob.pe\/es\/#website","url":"https:\/\/zonacaral.gob.pe\/es\/","name":"Zona Caral","description":"Investigamos, conservamos y difundimos el patrimonio cultural de la Civilizaci\u00f3n Caral, la m\u00e1s antigua de Am\u00e9rica.","potentialAction":[{"@type":"SearchAction","target":{"@type":"EntryPoint","urlTemplate":"https:\/\/zonacaral.gob.pe\/es\/?s={search_term_string}"},"query-input":{"@type":"PropertyValueSpecification","valueRequired":true,"valueName":"search_term_string"}}],"inLanguage":"en-US"},{"@type":"Person","@id":"https:\/\/zonacaral.gob.pe\/es\/#\/schema\/person\/beddb4d22f71a7230c5b90913270a0ee","name":"Zona Caral Administrador","image":{"@type":"ImageObject","inLanguage":"en-US","@id":"https:\/\/secure.gravatar.com\/avatar\/e4be162918a696358376de6446614e0f0f4062bdc5d170d6d540ada3d8b58c12?s=96&d=mm&r=g","url":"https:\/\/secure.gravatar.com\/avatar\/e4be162918a696358376de6446614e0f0f4062bdc5d170d6d540ada3d8b58c12?s=96&d=mm&r=g","contentUrl":"https:\/\/secure.gravatar.com\/avatar\/e4be162918a696358376de6446614e0f0f4062bdc5d170d6d540ada3d8b58c12?s=96&d=mm&r=g","caption":"Zona Caral Administrador"},"sameAs":["https:\/\/zonacaral.gob.pe"],"url":"https:\/\/zonacaral.gob.pe\/en\/noticias\/author\/ad_zonacaral\/"}]}},"_links":{"self":[{"href":"https:\/\/zonacaral.gob.pe\/en\/wp-json\/wp\/v2\/posts\/11052","targetHints":{"allow":["GET"]}}],"collection":[{"href":"https:\/\/zonacaral.gob.pe\/en\/wp-json\/wp\/v2\/posts"}],"about":[{"href":"https:\/\/zonacaral.gob.pe\/en\/wp-json\/wp\/v2\/types\/post"}],"author":[{"embeddable":true,"href":"https:\/\/zonacaral.gob.pe\/en\/wp-json\/wp\/v2\/users\/1"}],"replies":[{"embeddable":true,"href":"https:\/\/zonacaral.gob.pe\/en\/wp-json\/wp\/v2\/comments?post=11052"}],"version-history":[{"count":0,"href":"https:\/\/zonacaral.gob.pe\/en\/wp-json\/wp\/v2\/posts\/11052\/revisions"}],"wp:featuredmedia":[{"embeddable":true,"href":"https:\/\/zonacaral.gob.pe\/en\/wp-json\/wp\/v2\/media\/11059"}],"wp:attachment":[{"href":"https:\/\/zonacaral.gob.pe\/en\/wp-json\/wp\/v2\/media?parent=11052"}],"wp:term":[{"taxonomy":"category","embeddable":true,"href":"https:\/\/zonacaral.gob.pe\/en\/wp-json\/wp\/v2\/categories?post=11052"},{"taxonomy":"post_tag","embeddable":true,"href":"https:\/\/zonacaral.gob.pe\/en\/wp-json\/wp\/v2\/tags?post=11052"}],"curies":[{"name":"wp","href":"https:\/\/api.w.org\/{rel}","templated":true}]}}