{"id":11213,"date":"2017-03-27T16:20:40","date_gmt":"2017-03-27T21:20:40","guid":{"rendered":"http:\/\/www.zonacaral.gob.pe\/?p=11213"},"modified":"2017-03-27T16:20:40","modified_gmt":"2017-03-27T21:20:40","slug":"caral-como-sus-antiguos-habitantes-se-protegieron-de-desastres","status":"publish","type":"post","link":"https:\/\/zonacaral.gob.pe\/en\/noticias\/caral-como-sus-antiguos-habitantes-se-protegieron-de-desastres\/","title":{"rendered":"Caral: C\u00f3mo sus antiguos habitantes se protegieron de desastres"},"content":{"rendered":"<figure class=\"pic-autor\" style=\"color: #4d4d4d; text-align: justify;\"><\/figure>\n<blockquote>\n<p style=\"text-align: justify;\">Ruth Shady, la responsable del proyecto Caral, explica c\u00f3mo los antiguos previnieron la furia de la chochamama<\/p>\n<\/blockquote>\n<p style=\"text-align: justify;\"><span style=\"color: #4d4d4d;\">Una botella de agua de azahar sobre su escritorio da cuenta de los dolores de cabeza que puede generar dirigir un proyecto arqueol\u00f3gico en el Per\u00fa. Ruth Shady lo sabe bien. Indagar en el pasado es su pasi\u00f3n. Lidiar con ciertas autoridades, su cruz. Con el acceso al sitio arqueol\u00f3gico inhabilitado, al menos durante un par de meses, debido al desborde del r\u00edo Supe, Shady explica la tecnolog\u00eda y estrategias usadas por nuestros antepasados para no naufragar ante los embates del clima.<\/span><\/p>\n<p style=\"text-align: justify;\"><strong style=\"color: #4d4d4d;\">A ra\u00edz de los desbordes que estamos viviendo, se tem\u00eda que Caral se viera afectada, pero esto no ha sucedido. \u00bfQu\u00e9 lecciones nos han dejado sus antiguos pobladores?\u00a0<\/strong><br style=\"color: #4d4d4d;\" \/><span style=\"color: #4d4d4d;\">Nuestros antepasados conoc\u00edan el territorio, que manejaban de acuerdo con las condiciones que lo caracterizan. En el caso del territorio andino, identificaron cambios peri\u00f3dicos en el caudal de los r\u00edos, y por tanto no establecieron sus centros urbanos en el valle. Aqu\u00ed edificaron 25 centros urbanos, ciudades, pueblos y aldeas, y ninguno est\u00e1 afectado. El r\u00edo pod\u00eda crecer, salir de su cauce, pero no afectaba viviendas. Ni campos de cultivo, porque ten\u00edan un bosque ribere\u00f1o en las m\u00e1rgenes del r\u00edo, como protecci\u00f3n, usaban el huarango, que tiene ra\u00edces que se extienden y evitan que el r\u00edo se salga. Por otro lado, hace diez a\u00f1os hicimos un proyecto para encausar el r\u00edo Supe, con el fondo Contravalor Per\u00fa-Francia, y el 2012 el Ministerio de Econom\u00eda dio los recursos para la ejecuci\u00f3n del proyecto, pero t\u00fa ves ahora que el r\u00edo se ha salido, no se puede entrar a Caral porque la carretera est\u00e1 interrumpida. Entonces, el encauzamiento no ha sido hecho adecuadamente. Tengo im\u00e1genes satelitales de c\u00f3mo el r\u00edo se desbord\u00f3 el 2005 y de c\u00f3mo se ha vuelto a salir ahora, como si no hubiera encauzamiento.\u00a0<\/span><\/p>\n<p style=\"color: #4d4d4d; text-align: justify;\"><strong>Con 70 a\u00f1os, y m\u00e1s de 20 trabajando aqu\u00ed, \u00bfc\u00f3mo ve su rol en el proyecto Caral en el futuro pr\u00f3ximo?\u00a0<\/strong><br \/>\nEl presidente de la Rep\u00fablica tiene m\u00e1s a\u00f1os que yo y lo ves con energ\u00eda. No veo por qu\u00e9 quieran reemplazarme. Si tienen alguna persona para reemplazarme, \u00a1que haga su propio proyecto! Este proyecto lo organic\u00e9 yo, form\u00e9 un equipo multidisciplinario, y lo sigo formando\u2026 Lo que necesitamos son pol\u00edticas de Estado a corto, mediano y largo plazo, para que las normas se cumplan. No puede ser que cambie un alcalde y el actual me diga \u201cyo no trabajo para los muertos, sino para los vivos, por tanto con usted no tengo nada que hacer\u201d, pero mejor ni digo su nombre porque me puede mandar matar&#8230; Nuestros antepasados tuvieron una visi\u00f3n integral del territorio y sus recursos, cosa que nosotros hemos dejado de lado. Actualmente una cuenca, como la de Supe, tiene varias autoridades, gobernantes de diversas regiones, varios alcaldes provinciales, y diversos alcaldes locales, pero eso no importar\u00eda si entre ellos hubiera una visi\u00f3n de cuenca y se reunieran para hacer pol\u00edticas de c\u00f3mo manejar ese territorio marcado por un solo r\u00edo.<\/p>\n<p style=\"color: #4d4d4d; text-align: justify;\"><strong>Ese, precisamente, es uno de los grandes problemas del Per\u00fa: no hay visi\u00f3n de cuenca.<\/strong><br \/>\nNo la hay porque han aplicado un modelo de las intendencias espa\u00f1olas: el c\u00f3mo exploto mejor y el no me interesa la visi\u00f3n integrada. Nosotros no hemos manejado el territorio de esa manera en el pasado. Cuando yo era estudiante, Javier Pulgar Vidal nos llevaba a recorrer una cuenca, y en cada zona ecol\u00f3gica nos hac\u00eda ver los cambios en el territorio y los recursos. A trav\u00e9s de la arqueolog\u00eda se tiene que recuperar el conocimiento de c\u00f3mo se manej\u00f3 cada territorio. Por ejemplo, \u00bflos campos hundidos se manejan ahora? Muy poco. \u00bfLos campos acamellonados se manejan donde hay humedales? Tampoco. \u00bfLas cochas se manejan? Eran tecnolog\u00edas apropiadas a cada parte del territorio. Ahora pretendemos aplicar un solo modelo a todo. Antes, cuando empezaban las lluvias fuertes, hac\u00edan siembra del agua: conduc\u00edan a trav\u00e9s de canales el agua hacia lugares geol\u00f3gicamente permeables, ah\u00ed creaban un r\u00edo subterr\u00e1neo y, por lo tanto, ya no hab\u00eda huaiquitos, pues, y luego, a trav\u00e9s de la cuenca, en puquios, sacaban el agua de ese r\u00edo subterr\u00e1neo cuando la creciente estaba casi seca. Hay estudios que se han hecho pero no se aplican, y la responsabilidad es de los alcaldes, que permiten que la gente se asiente en cauces antiguos que se van a activar con los fen\u00f3menos clim\u00e1ticos. Ellos deben tener un mapa de su jurisdicci\u00f3n donde pongan en rojo los lugares donde no debe asentarse ninguna vivienda. Pero a veces el alcalde piensa m\u00e1s en los votos que en la vida de la gente.<\/p>\n<p style=\"text-align: justify;\">Fuente: <a href=\"http:\/\/elcomercio.pe\/luces\/libros\/caral-entrevista-ruth-shady-habitantes-ciudades-protegieron-desastres-noticia-1979261\"><span style=\"color: #800000;\"><span style=\"color: #800000;\">Diario El Comercio<\/span><\/span><\/a><\/p>\n<p style=\"text-align: justify;\">Fecha de publicaci\u00f3n: 27\/03\/2017<\/p>","protected":false},"excerpt":{"rendered":"<p>Ruth Shady, la responsable del proyecto Caral, explica c\u00f3mo los antiguos previnieron la furia de la chochamama Una botella de [&hellip;]<\/p>\n","protected":false},"author":1,"featured_media":11214,"comment_status":"closed","ping_status":"open","sticky":false,"template":"","format":"standard","meta":{"_acf_changed":false,"site-sidebar-layout":"default","site-content-layout":"","ast-site-content-layout":"default","site-content-style":"default","site-sidebar-style":"default","ast-global-header-display":"","ast-banner-title-visibility":"","ast-main-header-display":"","ast-hfb-above-header-display":"","ast-hfb-below-header-display":"","ast-hfb-mobile-header-display":"","site-post-title":"","ast-breadcrumbs-content":"","ast-featured-img":"","footer-sml-layout":"","ast-disable-related-posts":"","theme-transparent-header-meta":"","adv-header-id-meta":"","stick-header-meta":"","header-above-stick-meta":"","header-main-stick-meta":"","header-below-stick-meta":"","astra-migrate-meta-layouts":"default","ast-page-background-enabled":"default","ast-page-background-meta":{"desktop":{"background-color":"var(--ast-global-color-5)","background-image":"","background-repeat":"repeat","background-position":"center center","background-size":"auto","background-attachment":"scroll","background-type":"","background-media":"","overlay-type":"","overlay-color":"","overlay-opacity":"","overlay-gradient":""},"tablet":{"background-color":"","background-image":"","background-repeat":"repeat","background-position":"center center","background-size":"auto","background-attachment":"scroll","background-type":"","background-media":"","overlay-type":"","overlay-color":"","overlay-opacity":"","overlay-gradient":""},"mobile":{"background-color":"","background-image":"","background-repeat":"repeat","background-position":"center center","background-size":"auto","background-attachment":"scroll","background-type":"","background-media":"","overlay-type":"","overlay-color":"","overlay-opacity":"","overlay-gradient":""}},"ast-content-background-meta":{"desktop":{"background-color":"var(--ast-global-color-4)","background-image":"","background-repeat":"repeat","background-position":"center center","background-size":"auto","background-attachment":"scroll","background-type":"","background-media":"","overlay-type":"","overlay-color":"","overlay-opacity":"","overlay-gradient":""},"tablet":{"background-color":"var(--ast-global-color-4)","background-image":"","background-repeat":"repeat","background-position":"center center","background-size":"auto","background-attachment":"scroll","background-type":"","background-media":"","overlay-type":"","overlay-color":"","overlay-opacity":"","overlay-gradient":""},"mobile":{"background-color":"var(--ast-global-color-4)","background-image":"","background-repeat":"repeat","background-position":"center center","background-size":"auto","background-attachment":"scroll","background-type":"","background-media":"","overlay-type":"","overlay-color":"","overlay-opacity":"","overlay-gradient":""}},"footnotes":""},"categories":[208],"tags":[55,128,129],"class_list":["post-11213","post","type-post","status-publish","format-standard","has-post-thumbnail","hentry","category-noticias","tag-caral","tag-fenomeno","tag-nino"],"acf":[],"yoast_head":"<!-- This site is optimized with the Yoast SEO plugin v27.3 - https:\/\/yoast.com\/product\/yoast-seo-wordpress\/ -->\n<title>Caral: C\u00f3mo sus antiguos habitantes se protegieron de desastres<\/title>\n<meta name=\"description\" content=\"Ruth Shady, la responsable del proyecto Caral, explica c\u00f3mo los antiguos previnieron la furia de la chochamama.\" \/>\n<meta name=\"robots\" content=\"index, follow, max-snippet:-1, max-image-preview:large, max-video-preview:-1\" \/>\n<link rel=\"canonical\" href=\"https:\/\/zonacaral.gob.pe\/en\/noticias\/caral-como-sus-antiguos-habitantes-se-protegieron-de-desastres\/\" \/>\n<meta property=\"og:locale\" content=\"en_US\" \/>\n<meta property=\"og:type\" content=\"article\" \/>\n<meta property=\"og:title\" content=\"Caral: C\u00f3mo sus antiguos habitantes se protegieron de desastres\" \/>\n<meta property=\"og:description\" content=\"Ruth Shady, la responsable del proyecto Caral, explica c\u00f3mo los antiguos previnieron la furia de la chochamama.\" \/>\n<meta property=\"og:url\" content=\"https:\/\/zonacaral.gob.pe\/en\/noticias\/caral-como-sus-antiguos-habitantes-se-protegieron-de-desastres\/\" \/>\n<meta property=\"og:site_name\" content=\"Zona Caral\" \/>\n<meta property=\"article:published_time\" content=\"2017-03-27T21:20:40+00:00\" \/>\n<meta property=\"og:image\" content=\"https:\/\/zonacaral.gob.pe\/wp-content\/uploads\/2017\/03\/ruth-mensaje-comercio.jpg\" \/>\n\t<meta property=\"og:image:width\" content=\"619\" \/>\n\t<meta property=\"og:image:height\" content=\"347\" \/>\n\t<meta property=\"og:image:type\" content=\"image\/jpeg\" \/>\n<meta name=\"author\" content=\"Zona Caral Administrador\" \/>\n<meta name=\"twitter:card\" content=\"summary_large_image\" \/>\n<meta name=\"twitter:label1\" content=\"Written by\" \/>\n\t<meta name=\"twitter:data1\" content=\"Zona Caral Administrador\" \/>\n\t<meta name=\"twitter:label2\" content=\"Est. reading time\" \/>\n\t<meta name=\"twitter:data2\" content=\"4 minutes\" \/>\n<script type=\"application\/ld+json\" class=\"yoast-schema-graph\">{\"@context\":\"https:\\\/\\\/schema.org\",\"@graph\":[{\"@type\":\"Article\",\"@id\":\"https:\\\/\\\/zonacaral.gob.pe\\\/es\\\/noticias\\\/caral-como-sus-antiguos-habitantes-se-protegieron-de-desastres\\\/#article\",\"isPartOf\":{\"@id\":\"https:\\\/\\\/zonacaral.gob.pe\\\/es\\\/noticias\\\/caral-como-sus-antiguos-habitantes-se-protegieron-de-desastres\\\/\"},\"author\":{\"name\":\"Zona Caral Administrador\",\"@id\":\"https:\\\/\\\/zonacaral.gob.pe\\\/es\\\/#\\\/schema\\\/person\\\/beddb4d22f71a7230c5b90913270a0ee\"},\"headline\":\"Caral: C\u00f3mo sus antiguos habitantes se protegieron de desastres\",\"datePublished\":\"2017-03-27T21:20:40+00:00\",\"mainEntityOfPage\":{\"@id\":\"https:\\\/\\\/zonacaral.gob.pe\\\/es\\\/noticias\\\/caral-como-sus-antiguos-habitantes-se-protegieron-de-desastres\\\/\"},\"wordCount\":855,\"image\":{\"@id\":\"https:\\\/\\\/zonacaral.gob.pe\\\/es\\\/noticias\\\/caral-como-sus-antiguos-habitantes-se-protegieron-de-desastres\\\/#primaryimage\"},\"thumbnailUrl\":\"https:\\\/\\\/zonacaral.gob.pe\\\/wp-content\\\/uploads\\\/2017\\\/03\\\/ruth-mensaje-comercio.jpg\",\"keywords\":[\"caral\",\"fenomeno\",\"ni\u00f1o\"],\"articleSection\":[\"noticias\"],\"inLanguage\":\"en-US\"},{\"@type\":\"WebPage\",\"@id\":\"https:\\\/\\\/zonacaral.gob.pe\\\/es\\\/noticias\\\/caral-como-sus-antiguos-habitantes-se-protegieron-de-desastres\\\/\",\"url\":\"https:\\\/\\\/zonacaral.gob.pe\\\/es\\\/noticias\\\/caral-como-sus-antiguos-habitantes-se-protegieron-de-desastres\\\/\",\"name\":\"Caral: C\u00f3mo sus antiguos habitantes se protegieron de desastres\",\"isPartOf\":{\"@id\":\"https:\\\/\\\/zonacaral.gob.pe\\\/es\\\/#website\"},\"primaryImageOfPage\":{\"@id\":\"https:\\\/\\\/zonacaral.gob.pe\\\/es\\\/noticias\\\/caral-como-sus-antiguos-habitantes-se-protegieron-de-desastres\\\/#primaryimage\"},\"image\":{\"@id\":\"https:\\\/\\\/zonacaral.gob.pe\\\/es\\\/noticias\\\/caral-como-sus-antiguos-habitantes-se-protegieron-de-desastres\\\/#primaryimage\"},\"thumbnailUrl\":\"https:\\\/\\\/zonacaral.gob.pe\\\/wp-content\\\/uploads\\\/2017\\\/03\\\/ruth-mensaje-comercio.jpg\",\"datePublished\":\"2017-03-27T21:20:40+00:00\",\"author\":{\"@id\":\"https:\\\/\\\/zonacaral.gob.pe\\\/es\\\/#\\\/schema\\\/person\\\/beddb4d22f71a7230c5b90913270a0ee\"},\"description\":\"Ruth Shady, la responsable del proyecto Caral, explica c\u00f3mo los antiguos previnieron la furia de la chochamama.\",\"breadcrumb\":{\"@id\":\"https:\\\/\\\/zonacaral.gob.pe\\\/es\\\/noticias\\\/caral-como-sus-antiguos-habitantes-se-protegieron-de-desastres\\\/#breadcrumb\"},\"inLanguage\":\"en-US\",\"potentialAction\":[{\"@type\":\"ReadAction\",\"target\":[\"https:\\\/\\\/zonacaral.gob.pe\\\/es\\\/noticias\\\/caral-como-sus-antiguos-habitantes-se-protegieron-de-desastres\\\/\"]}]},{\"@type\":\"ImageObject\",\"inLanguage\":\"en-US\",\"@id\":\"https:\\\/\\\/zonacaral.gob.pe\\\/es\\\/noticias\\\/caral-como-sus-antiguos-habitantes-se-protegieron-de-desastres\\\/#primaryimage\",\"url\":\"https:\\\/\\\/zonacaral.gob.pe\\\/wp-content\\\/uploads\\\/2017\\\/03\\\/ruth-mensaje-comercio.jpg\",\"contentUrl\":\"https:\\\/\\\/zonacaral.gob.pe\\\/wp-content\\\/uploads\\\/2017\\\/03\\\/ruth-mensaje-comercio.jpg\",\"width\":619,\"height\":347},{\"@type\":\"BreadcrumbList\",\"@id\":\"https:\\\/\\\/zonacaral.gob.pe\\\/es\\\/noticias\\\/caral-como-sus-antiguos-habitantes-se-protegieron-de-desastres\\\/#breadcrumb\",\"itemListElement\":[{\"@type\":\"ListItem\",\"position\":1,\"name\":\"Portada\",\"item\":\"https:\\\/\\\/zonacaral.gob.pe\\\/\"},{\"@type\":\"ListItem\",\"position\":2,\"name\":\"Caral: C\u00f3mo sus antiguos habitantes se protegieron de desastres\"}]},{\"@type\":\"WebSite\",\"@id\":\"https:\\\/\\\/zonacaral.gob.pe\\\/es\\\/#website\",\"url\":\"https:\\\/\\\/zonacaral.gob.pe\\\/es\\\/\",\"name\":\"Zona Caral\",\"description\":\"Investigamos, conservamos y difundimos el patrimonio cultural de la Civilizaci\u00f3n Caral, la m\u00e1s antigua de Am\u00e9rica.\",\"potentialAction\":[{\"@type\":\"SearchAction\",\"target\":{\"@type\":\"EntryPoint\",\"urlTemplate\":\"https:\\\/\\\/zonacaral.gob.pe\\\/es\\\/?s={search_term_string}\"},\"query-input\":{\"@type\":\"PropertyValueSpecification\",\"valueRequired\":true,\"valueName\":\"search_term_string\"}}],\"inLanguage\":\"en-US\"},{\"@type\":\"Person\",\"@id\":\"https:\\\/\\\/zonacaral.gob.pe\\\/es\\\/#\\\/schema\\\/person\\\/beddb4d22f71a7230c5b90913270a0ee\",\"name\":\"Zona Caral Administrador\",\"image\":{\"@type\":\"ImageObject\",\"inLanguage\":\"en-US\",\"@id\":\"https:\\\/\\\/secure.gravatar.com\\\/avatar\\\/e4be162918a696358376de6446614e0f0f4062bdc5d170d6d540ada3d8b58c12?s=96&d=mm&r=g\",\"url\":\"https:\\\/\\\/secure.gravatar.com\\\/avatar\\\/e4be162918a696358376de6446614e0f0f4062bdc5d170d6d540ada3d8b58c12?s=96&d=mm&r=g\",\"contentUrl\":\"https:\\\/\\\/secure.gravatar.com\\\/avatar\\\/e4be162918a696358376de6446614e0f0f4062bdc5d170d6d540ada3d8b58c12?s=96&d=mm&r=g\",\"caption\":\"Zona Caral Administrador\"},\"sameAs\":[\"https:\\\/\\\/zonacaral.gob.pe\"],\"url\":\"https:\\\/\\\/zonacaral.gob.pe\\\/en\\\/noticias\\\/author\\\/ad_zonacaral\\\/\"}]}<\/script>\n<!-- \/ Yoast SEO plugin. -->","yoast_head_json":{"title":"Caral: C\u00f3mo sus antiguos habitantes se protegieron de desastres","description":"Ruth Shady, la responsable del proyecto Caral, explica c\u00f3mo los antiguos previnieron la furia de la chochamama.","robots":{"index":"index","follow":"follow","max-snippet":"max-snippet:-1","max-image-preview":"max-image-preview:large","max-video-preview":"max-video-preview:-1"},"canonical":"https:\/\/zonacaral.gob.pe\/en\/noticias\/caral-como-sus-antiguos-habitantes-se-protegieron-de-desastres\/","og_locale":"en_US","og_type":"article","og_title":"Caral: C\u00f3mo sus antiguos habitantes se protegieron de desastres","og_description":"Ruth Shady, la responsable del proyecto Caral, explica c\u00f3mo los antiguos previnieron la furia de la chochamama.","og_url":"https:\/\/zonacaral.gob.pe\/en\/noticias\/caral-como-sus-antiguos-habitantes-se-protegieron-de-desastres\/","og_site_name":"Zona Caral","article_published_time":"2017-03-27T21:20:40+00:00","og_image":[{"width":619,"height":347,"url":"https:\/\/zonacaral.gob.pe\/wp-content\/uploads\/2017\/03\/ruth-mensaje-comercio.jpg","type":"image\/jpeg"}],"author":"Zona Caral Administrador","twitter_card":"summary_large_image","twitter_misc":{"Written by":"Zona Caral Administrador","Est. reading time":"4 minutes"},"schema":{"@context":"https:\/\/schema.org","@graph":[{"@type":"Article","@id":"https:\/\/zonacaral.gob.pe\/es\/noticias\/caral-como-sus-antiguos-habitantes-se-protegieron-de-desastres\/#article","isPartOf":{"@id":"https:\/\/zonacaral.gob.pe\/es\/noticias\/caral-como-sus-antiguos-habitantes-se-protegieron-de-desastres\/"},"author":{"name":"Zona Caral Administrador","@id":"https:\/\/zonacaral.gob.pe\/es\/#\/schema\/person\/beddb4d22f71a7230c5b90913270a0ee"},"headline":"Caral: C\u00f3mo sus antiguos habitantes se protegieron de desastres","datePublished":"2017-03-27T21:20:40+00:00","mainEntityOfPage":{"@id":"https:\/\/zonacaral.gob.pe\/es\/noticias\/caral-como-sus-antiguos-habitantes-se-protegieron-de-desastres\/"},"wordCount":855,"image":{"@id":"https:\/\/zonacaral.gob.pe\/es\/noticias\/caral-como-sus-antiguos-habitantes-se-protegieron-de-desastres\/#primaryimage"},"thumbnailUrl":"https:\/\/zonacaral.gob.pe\/wp-content\/uploads\/2017\/03\/ruth-mensaje-comercio.jpg","keywords":["caral","fenomeno","ni\u00f1o"],"articleSection":["noticias"],"inLanguage":"en-US"},{"@type":"WebPage","@id":"https:\/\/zonacaral.gob.pe\/es\/noticias\/caral-como-sus-antiguos-habitantes-se-protegieron-de-desastres\/","url":"https:\/\/zonacaral.gob.pe\/es\/noticias\/caral-como-sus-antiguos-habitantes-se-protegieron-de-desastres\/","name":"Caral: C\u00f3mo sus antiguos habitantes se protegieron de desastres","isPartOf":{"@id":"https:\/\/zonacaral.gob.pe\/es\/#website"},"primaryImageOfPage":{"@id":"https:\/\/zonacaral.gob.pe\/es\/noticias\/caral-como-sus-antiguos-habitantes-se-protegieron-de-desastres\/#primaryimage"},"image":{"@id":"https:\/\/zonacaral.gob.pe\/es\/noticias\/caral-como-sus-antiguos-habitantes-se-protegieron-de-desastres\/#primaryimage"},"thumbnailUrl":"https:\/\/zonacaral.gob.pe\/wp-content\/uploads\/2017\/03\/ruth-mensaje-comercio.jpg","datePublished":"2017-03-27T21:20:40+00:00","author":{"@id":"https:\/\/zonacaral.gob.pe\/es\/#\/schema\/person\/beddb4d22f71a7230c5b90913270a0ee"},"description":"Ruth Shady, la responsable del proyecto Caral, explica c\u00f3mo los antiguos previnieron la furia de la chochamama.","breadcrumb":{"@id":"https:\/\/zonacaral.gob.pe\/es\/noticias\/caral-como-sus-antiguos-habitantes-se-protegieron-de-desastres\/#breadcrumb"},"inLanguage":"en-US","potentialAction":[{"@type":"ReadAction","target":["https:\/\/zonacaral.gob.pe\/es\/noticias\/caral-como-sus-antiguos-habitantes-se-protegieron-de-desastres\/"]}]},{"@type":"ImageObject","inLanguage":"en-US","@id":"https:\/\/zonacaral.gob.pe\/es\/noticias\/caral-como-sus-antiguos-habitantes-se-protegieron-de-desastres\/#primaryimage","url":"https:\/\/zonacaral.gob.pe\/wp-content\/uploads\/2017\/03\/ruth-mensaje-comercio.jpg","contentUrl":"https:\/\/zonacaral.gob.pe\/wp-content\/uploads\/2017\/03\/ruth-mensaje-comercio.jpg","width":619,"height":347},{"@type":"BreadcrumbList","@id":"https:\/\/zonacaral.gob.pe\/es\/noticias\/caral-como-sus-antiguos-habitantes-se-protegieron-de-desastres\/#breadcrumb","itemListElement":[{"@type":"ListItem","position":1,"name":"Portada","item":"https:\/\/zonacaral.gob.pe\/"},{"@type":"ListItem","position":2,"name":"Caral: C\u00f3mo sus antiguos habitantes se protegieron de desastres"}]},{"@type":"WebSite","@id":"https:\/\/zonacaral.gob.pe\/es\/#website","url":"https:\/\/zonacaral.gob.pe\/es\/","name":"Zona Caral","description":"Investigamos, conservamos y difundimos el patrimonio cultural de la Civilizaci\u00f3n Caral, la m\u00e1s antigua de Am\u00e9rica.","potentialAction":[{"@type":"SearchAction","target":{"@type":"EntryPoint","urlTemplate":"https:\/\/zonacaral.gob.pe\/es\/?s={search_term_string}"},"query-input":{"@type":"PropertyValueSpecification","valueRequired":true,"valueName":"search_term_string"}}],"inLanguage":"en-US"},{"@type":"Person","@id":"https:\/\/zonacaral.gob.pe\/es\/#\/schema\/person\/beddb4d22f71a7230c5b90913270a0ee","name":"Zona Caral Administrador","image":{"@type":"ImageObject","inLanguage":"en-US","@id":"https:\/\/secure.gravatar.com\/avatar\/e4be162918a696358376de6446614e0f0f4062bdc5d170d6d540ada3d8b58c12?s=96&d=mm&r=g","url":"https:\/\/secure.gravatar.com\/avatar\/e4be162918a696358376de6446614e0f0f4062bdc5d170d6d540ada3d8b58c12?s=96&d=mm&r=g","contentUrl":"https:\/\/secure.gravatar.com\/avatar\/e4be162918a696358376de6446614e0f0f4062bdc5d170d6d540ada3d8b58c12?s=96&d=mm&r=g","caption":"Zona Caral Administrador"},"sameAs":["https:\/\/zonacaral.gob.pe"],"url":"https:\/\/zonacaral.gob.pe\/en\/noticias\/author\/ad_zonacaral\/"}]}},"_links":{"self":[{"href":"https:\/\/zonacaral.gob.pe\/en\/wp-json\/wp\/v2\/posts\/11213","targetHints":{"allow":["GET"]}}],"collection":[{"href":"https:\/\/zonacaral.gob.pe\/en\/wp-json\/wp\/v2\/posts"}],"about":[{"href":"https:\/\/zonacaral.gob.pe\/en\/wp-json\/wp\/v2\/types\/post"}],"author":[{"embeddable":true,"href":"https:\/\/zonacaral.gob.pe\/en\/wp-json\/wp\/v2\/users\/1"}],"replies":[{"embeddable":true,"href":"https:\/\/zonacaral.gob.pe\/en\/wp-json\/wp\/v2\/comments?post=11213"}],"version-history":[{"count":0,"href":"https:\/\/zonacaral.gob.pe\/en\/wp-json\/wp\/v2\/posts\/11213\/revisions"}],"wp:featuredmedia":[{"embeddable":true,"href":"https:\/\/zonacaral.gob.pe\/en\/wp-json\/wp\/v2\/media\/11214"}],"wp:attachment":[{"href":"https:\/\/zonacaral.gob.pe\/en\/wp-json\/wp\/v2\/media?parent=11213"}],"wp:term":[{"taxonomy":"category","embeddable":true,"href":"https:\/\/zonacaral.gob.pe\/en\/wp-json\/wp\/v2\/categories?post=11213"},{"taxonomy":"post_tag","embeddable":true,"href":"https:\/\/zonacaral.gob.pe\/en\/wp-json\/wp\/v2\/tags?post=11213"}],"curies":[{"name":"wp","href":"https:\/\/api.w.org\/{rel}","templated":true}]}}