{"id":11348,"date":"2017-04-24T15:11:51","date_gmt":"2017-04-24T20:11:51","guid":{"rendered":"http:\/\/www.zonacaral.gob.pe\/?p=11348"},"modified":"2017-04-24T15:11:51","modified_gmt":"2017-04-24T20:11:51","slug":"ruth-shady-hay-que-continuar-con-la-tecnologia-tradicional","status":"publish","type":"post","link":"https:\/\/zonacaral.gob.pe\/en\/noticias\/ruth-shady-hay-que-continuar-con-la-tecnologia-tradicional\/","title":{"rendered":"Ruth Shady: \u00abHay que continuar con la tecnolog\u00eda tradicional\u00bb"},"content":{"rendered":"<figure class=\"pic-autor\" style=\"color: #4d4d4d; text-align: justify;\"><\/figure>\n<p style=\"text-align: justify;\"><span style=\"font-weight: bold; color: initial;\">La situaci\u00f3n en todo el pa\u00eds, con \u00e9nfasis en la zona costera<\/span><span style=\"color: #313131;\">, es cr\u00edtica, y el norte del departamento de Lima no ha sido la excepci\u00f3n: el r\u00edo Supe se ha desbordado, lo que ha aislado a varias poblaciones y a la ciudadela de\u00a0<\/span><span style=\"font-weight: bold; color: initial;\">Caral, Patrimonio de la Humanidad<\/span><span style=\"color: #313131;\">.\u00a0<\/span><span style=\"font-weight: bold; color: initial;\">Ruth Shady<\/span><span style=\"color: #313131;\">, quien fund\u00f3 en 1994 el Proyecto Arqueol\u00f3gico Caral y dirige desde 2003 el Proyecto Especial Arqueol\u00f3gico Caral-Supe, se encarga de revalorizar y proteger la ciudadela y sus alrededores, y es evidente que, en estos d\u00edas tan complicados para la zona, ha estado supervisando y ayudando, en la medida de lo posible, a los ciudadanos perjudicados por el desastre.<\/span><\/p>\n<p style=\"color: #313131;\">\u201cEstoy bastante afectada\u201d, dice la arque\u00f3loga a su llegada a Lima, luego de volver de Caral. \u201c<span style=\"font-weight: bold; color: initial;\">La carretera est\u00e1 interrumpida y la poblaci\u00f3n se encuentra en una situaci\u00f3n complicada<\/span>. Lo m\u00e1s grave, en lo que respecta a nuestra labor, es que nuestros trabajadores, que viven en la otra margen del r\u00edo Supe, no han podido llegar al complejo para continuar con sus funciones. El r\u00edo se ha salido de su cauce y se ha formado otro\u201d, agrega.<\/p>\n<p style=\"color: #313131;\">Shady advierte que\u00a0<span style=\"font-weight: bold; color: initial;\">gran parte de lo que ha sucedido en el valle del r\u00edo Supe pudo evitarse<\/span>. \u201cDesde el 2012\u201d, se\u00f1ala, \u201cgestionamos un expediente t\u00e9cnico para el encauzamiento del r\u00edo, porque sab\u00edamos que esto pod\u00eda suceder. Eso qued\u00f3 en manos del gobierno regional de la \u00e9poca, con un presupuesto designado, pero no se hizo nada\u201d, a\u00f1ade la arque\u00f3loga, visiblemente fastidiada.<\/p>\n<h3 style=\"color: #010101;\">Esfuerzos multidisciplinarios<\/h3>\n<p style=\"color: #313131;\">Tambi\u00e9n desde 2012, Ruth Shady convoc\u00f3 a\u00a0<span style=\"font-weight: bold; color: initial;\">Carlos Amat y Le\u00f3n<\/span>, reconocido ingeniero agr\u00f3nomo, economista y ex ministro de Agricultura en dos gobiernos distintos (el primero de Alberto Fujimori y el de Alejandro Toledo), a quien solicit\u00f3 que armara\u00a0<span style=\"font-weight: bold; color: initial;\">un equipo con profesionales de diferentes \u00e1mbitos para realizar talleres de capacitaci\u00f3n y discusi\u00f3n con la poblaci\u00f3n y los alcaldes de la zona<\/span>. Despu\u00e9s de esos talleres, que sirvieron para evaluar la situaci\u00f3n en la que se encontraba el valle de Supe y el complejo arqueol\u00f3gico, se lleg\u00f3 a la conclusi\u00f3n de que hab\u00eda que realizar\u00a0<span style=\"font-weight: bold; color: initial;\">cuatro proyectos<\/span>. El principal ten\u00eda que ver con\u00a0<span style=\"font-weight: bold; color: initial;\">el encauzamiento del r\u00edo<\/span>, que ya en anteriores ocasiones (principalmente, en los Ni\u00f1os de 1982-1983 y 1997-1998) se hab\u00eda desbordado y afectado a la poblaci\u00f3n. Los otros<span style=\"font-weight: bold; color: initial;\">\u00a0tres consist\u00edan en impulsar el mantenimiento de los canales y reservorios a lo largo de la cuenca; la reforestaci\u00f3n para recuperar la franja marginal, y la agricultura ecol\u00f3gica<\/span>.<\/p>\n<p>Shady comenta que consiguieron el apoyo del\u00a0<span style=\"font-weight: bold; color: initial;\">Fondo Contravalor Per\u00fa-Francia<\/span>\u00a0y que, incluso, en un acto p\u00fablico, se entregaron los expedientes a Javier Alvarado, presidente de la Regi\u00f3n Lima en ese entonces. \u201cYo estuve muy contenta\u201d, se\u00f1ala la arque\u00f3loga, \u201cpensando que esos proyectos se iban a ejecutar y que el presidente regional iba a conseguir los fondos faltantes. Pero\u00a0<span style=\"font-weight: bold; color: initial;\">pasaba el tiempo y no ocurr\u00eda nada, y nosotros no pod\u00edamos hacer mucho al respecto<\/span>. Un tiempo despu\u00e9s, solicit\u00e9 al viceministro de Econom\u00eda que nos ayudara a que el gobierno regional ejecutara los proyectos\u201d. Precisamente, en 2012, el gobierno de Ollanta Humala public\u00f3 un decreto de emergencia que aprobaba los proyectos, por lo que Shady se reuni\u00f3 con Javier Alvarado, quien le dijo que ya ten\u00eda los fondos y que iban a comenzar a ejecutarlos.<\/p>\n<p>\u201cLo que terminaron haciendo fue mover piedras en las m\u00e1rgenes y el r\u00edo termin\u00f3 llev\u00e1ndose todo lo construido\u201d, dice Shady. \u201c<span style=\"font-weight: bold; color: initial;\">Esta vez solicitamos a Nelson Chui, nuevo gobernador regional de Lima, que nos mostrara en qu\u00e9 se ha avanzado y c\u00f3mo se ha ejecutado el presupuesto, pero tampoco obtuvimos respuesta<\/span>\u201d.<\/p>\n<h3 style=\"color: #010101;\">Falta de voluntad pol\u00edtica<\/h3>\n<p>Carlos Amat y Le\u00f3n colabor\u00f3 con la elaboraci\u00f3n de los expedientes t\u00e9cnicos de los cuatro proyectos, pero, al igual que Ruth Shady, afirma que es muy poco lo que ha cambiado. \u201cEl problema ya no es de presupuesto; es de voluntad pol\u00edtica\u201d, manifiesta Amat y Le\u00f3n. \u201cLo que falta es una autoridad competente que entienda de este tipo de situaciones y sepa manejarlas.\u00a0<span style=\"font-weight: bold; color: initial;\">Entre los gobiernos regionales, el gobierno central y las alcald\u00edas hay demasiadas autoridades que no se ponen de acuerdo, y aqu\u00ed est\u00e1n las consecuencias<\/span>\u201d, agrega.<\/p>\n<p style=\"color: #313131;\">\u201cDesde mi perspectiva\u201d, retoma Ruth Shady, \u201cel problema pasa por hacer que se cumplan las normas. Debe llevarse a cabo un ordenamiento territorial; la poblaci\u00f3n no puede instalarse en lugares peligrosos.\u00a0<span style=\"font-weight: bold; color: initial;\">Debemos aprender de nuestros antepasados<\/span>, que han sabido edificar sus centros poblados en sitios protegidos. Hay tecnolog\u00edas que utilizaban para evitar este tipo de desastres, como la canalizaci\u00f3n del agua hacia lugares biol\u00f3gicamente permeables, donde se creaban r\u00edos subterr\u00e1neos. Ahora, la gente no tiene en cuenta esas tecnolog\u00edas tradicionales y quiere aplicar modelos que no vienen al caso\u201d.<\/p>\n<p style=\"color: #313131;\">Amat y Le\u00f3n complementa la idea de Shady. \u201c<span style=\"font-weight: bold; color: initial;\">Hay que continuar con la tecnolog\u00eda tradicional y enriquecerla con todo lo moderno de ahora<\/span>; encauzar el r\u00edo como se hac\u00eda hace cinco mil a\u00f1os \u2013esa siempre fue la mejor manera\u2013 con defensas ribere\u00f1as y, en torno a ello, plantar el bosque tradicional de huarangos que da una protecci\u00f3n mayor al r\u00edo. Si se hubiera ejecutado ese proyecto, esto no habr\u00eda sucedido\u201d, concluye el ingeniero agr\u00f3nomo.<\/p>\n<p style=\"color: #313131;\">Si acaso, una buena noticia en medio de este panorama desolador es que la ciudadela de Caral no est\u00e1 en riesgo de desaparecer o de sufrir da\u00f1os mayores. \u201c<span style=\"font-weight: bold; color: initial;\">Ninguno de los once sitios arqueol\u00f3gicos est\u00e1 en riesgo, justamente, porque nuestros ancestros los edificaron en lugares que est\u00e1n encima del nivel del valle, sobre terrazas fluviales y protegidos del crecimiento del caudal del r\u00edo<\/span>\u201d, finaliza Shady.<\/p>\n<p style=\"color: #313131;\">La arque\u00f3loga invita a la reflexi\u00f3n y a la uni\u00f3n de los peruanos, pero, en especial, a la acci\u00f3n de las autoridades, que tienen en sus manos un grave problema que pudo haberse evitado<\/p>\n<p style=\"text-align: justify;\">Fuente: <a href=\"http:\/\/cosas.pe\/cultura\/59400\/ruth-shady-tecnologia-tradicional\/\" target=\"_blank\"><span style=\"color: #800000;\">Revista COSAS<\/span><\/a><\/p>\n<p style=\"text-align: justify;\">Fecha de publicaci\u00f3n: 28\/03\/2017<\/p>","protected":false},"excerpt":{"rendered":"<p>La situaci\u00f3n en todo el pa\u00eds, con \u00e9nfasis en la zona costera, es cr\u00edtica, y el norte del departamento de [&hellip;]<\/p>\n","protected":false},"author":1,"featured_media":11349,"comment_status":"closed","ping_status":"open","sticky":false,"template":"","format":"standard","meta":{"_acf_changed":false,"site-sidebar-layout":"default","site-content-layout":"","ast-site-content-layout":"default","site-content-style":"default","site-sidebar-style":"default","ast-global-header-display":"","ast-banner-title-visibility":"","ast-main-header-display":"","ast-hfb-above-header-display":"","ast-hfb-below-header-display":"","ast-hfb-mobile-header-display":"","site-post-title":"","ast-breadcrumbs-content":"","ast-featured-img":"","footer-sml-layout":"","ast-disable-related-posts":"","theme-transparent-header-meta":"","adv-header-id-meta":"","stick-header-meta":"","header-above-stick-meta":"","header-main-stick-meta":"","header-below-stick-meta":"","astra-migrate-meta-layouts":"default","ast-page-background-enabled":"default","ast-page-background-meta":{"desktop":{"background-color":"var(--ast-global-color-5)","background-image":"","background-repeat":"repeat","background-position":"center center","background-size":"auto","background-attachment":"scroll","background-type":"","background-media":"","overlay-type":"","overlay-color":"","overlay-opacity":"","overlay-gradient":""},"tablet":{"background-color":"","background-image":"","background-repeat":"repeat","background-position":"center center","background-size":"auto","background-attachment":"scroll","background-type":"","background-media":"","overlay-type":"","overlay-color":"","overlay-opacity":"","overlay-gradient":""},"mobile":{"background-color":"","background-image":"","background-repeat":"repeat","background-position":"center center","background-size":"auto","background-attachment":"scroll","background-type":"","background-media":"","overlay-type":"","overlay-color":"","overlay-opacity":"","overlay-gradient":""}},"ast-content-background-meta":{"desktop":{"background-color":"var(--ast-global-color-4)","background-image":"","background-repeat":"repeat","background-position":"center center","background-size":"auto","background-attachment":"scroll","background-type":"","background-media":"","overlay-type":"","overlay-color":"","overlay-opacity":"","overlay-gradient":""},"tablet":{"background-color":"var(--ast-global-color-4)","background-image":"","background-repeat":"repeat","background-position":"center center","background-size":"auto","background-attachment":"scroll","background-type":"","background-media":"","overlay-type":"","overlay-color":"","overlay-opacity":"","overlay-gradient":""},"mobile":{"background-color":"var(--ast-global-color-4)","background-image":"","background-repeat":"repeat","background-position":"center center","background-size":"auto","background-attachment":"scroll","background-type":"","background-media":"","overlay-type":"","overlay-color":"","overlay-opacity":"","overlay-gradient":""}},"footnotes":""},"categories":[208],"tags":[55,82],"class_list":["post-11348","post","type-post","status-publish","format-standard","has-post-thumbnail","hentry","category-noticias","tag-caral","tag-ruth-shady"],"acf":[],"yoast_head":"<!-- This site is optimized with the Yoast SEO plugin v27.3 - https:\/\/yoast.com\/product\/yoast-seo-wordpress\/ -->\n<title>Ruth Shady: &quot;Hay que continuar con la tecnolog\u00eda tradicional&quot;<\/title>\n<meta name=\"description\" content=\"La situaci\u00f3n en todo el pa\u00eds, con \u00e9nfasis en la zona costera, es cr\u00edtica, y el norte del departamento de Lima no ha sido la excepci\u00f3n: el r\u00edo Supe se ha desbordado, lo que ha aislado a varias poblaciones y a la ciudadela de Caral, Patrimonio de la Humanidad. Ruth Shady, quien fund\u00f3 en 1994 el Proyecto Arqueol\u00f3gico Caral y dirige desde 2003 el Proyecto Especial Arqueol\u00f3gico Caral-Supe, se encarga de revalorizar y proteger la ciudadela y sus alrededores, y es evidente que, en estos d\u00edas tan complicados para la zona, ha estado supervisando y ayudando, en la medida de lo posible, a los ciudadanos perjudicados por el desastre..\" \/>\n<meta name=\"robots\" content=\"index, follow, max-snippet:-1, max-image-preview:large, max-video-preview:-1\" \/>\n<link rel=\"canonical\" href=\"https:\/\/zonacaral.gob.pe\/en\/noticias\/ruth-shady-hay-que-continuar-con-la-tecnologia-tradicional\/\" \/>\n<meta property=\"og:locale\" content=\"en_US\" \/>\n<meta property=\"og:type\" content=\"article\" \/>\n<meta property=\"og:title\" content=\"Ruth Shady: &quot;Hay que continuar con la tecnolog\u00eda tradicional&quot;\" \/>\n<meta property=\"og:description\" content=\"La situaci\u00f3n en todo el pa\u00eds, con \u00e9nfasis en la zona costera, es cr\u00edtica, y el norte del departamento de Lima no ha sido la excepci\u00f3n: el r\u00edo Supe se ha desbordado, lo que ha aislado a varias poblaciones y a la ciudadela de Caral, Patrimonio de la Humanidad. Ruth Shady, quien fund\u00f3 en 1994 el Proyecto Arqueol\u00f3gico Caral y dirige desde 2003 el Proyecto Especial Arqueol\u00f3gico Caral-Supe, se encarga de revalorizar y proteger la ciudadela y sus alrededores, y es evidente que, en estos d\u00edas tan complicados para la zona, ha estado supervisando y ayudando, en la medida de lo posible, a los ciudadanos perjudicados por el desastre..\" \/>\n<meta property=\"og:url\" content=\"https:\/\/zonacaral.gob.pe\/en\/noticias\/ruth-shady-hay-que-continuar-con-la-tecnologia-tradicional\/\" \/>\n<meta property=\"og:site_name\" content=\"Zona Caral\" \/>\n<meta property=\"article:published_time\" content=\"2017-04-24T20:11:51+00:00\" \/>\n<meta property=\"og:image\" content=\"https:\/\/zonacaral.gob.pe\/wp-content\/uploads\/2017\/04\/ruth-shady-28-03-2017-.jpg\" \/>\n\t<meta property=\"og:image:width\" content=\"800\" \/>\n\t<meta property=\"og:image:height\" content=\"609\" \/>\n\t<meta property=\"og:image:type\" content=\"image\/jpeg\" \/>\n<meta name=\"author\" content=\"Zona Caral Administrador\" \/>\n<meta name=\"twitter:card\" content=\"summary_large_image\" \/>\n<meta name=\"twitter:label1\" content=\"Written by\" \/>\n\t<meta name=\"twitter:data1\" content=\"Zona Caral Administrador\" \/>\n\t<meta name=\"twitter:label2\" content=\"Est. reading time\" \/>\n\t<meta name=\"twitter:data2\" content=\"5 minutes\" \/>\n<script type=\"application\/ld+json\" class=\"yoast-schema-graph\">{\"@context\":\"https:\\\/\\\/schema.org\",\"@graph\":[{\"@type\":\"Article\",\"@id\":\"https:\\\/\\\/zonacaral.gob.pe\\\/es\\\/noticias\\\/ruth-shady-hay-que-continuar-con-la-tecnologia-tradicional\\\/#article\",\"isPartOf\":{\"@id\":\"https:\\\/\\\/zonacaral.gob.pe\\\/es\\\/noticias\\\/ruth-shady-hay-que-continuar-con-la-tecnologia-tradicional\\\/\"},\"author\":{\"name\":\"Zona Caral Administrador\",\"@id\":\"https:\\\/\\\/zonacaral.gob.pe\\\/es\\\/#\\\/schema\\\/person\\\/beddb4d22f71a7230c5b90913270a0ee\"},\"headline\":\"Ruth Shady: \u00abHay que continuar con la tecnolog\u00eda tradicional\u00bb\",\"datePublished\":\"2017-04-24T20:11:51+00:00\",\"mainEntityOfPage\":{\"@id\":\"https:\\\/\\\/zonacaral.gob.pe\\\/es\\\/noticias\\\/ruth-shady-hay-que-continuar-con-la-tecnologia-tradicional\\\/\"},\"wordCount\":1045,\"image\":{\"@id\":\"https:\\\/\\\/zonacaral.gob.pe\\\/es\\\/noticias\\\/ruth-shady-hay-que-continuar-con-la-tecnologia-tradicional\\\/#primaryimage\"},\"thumbnailUrl\":\"https:\\\/\\\/zonacaral.gob.pe\\\/wp-content\\\/uploads\\\/2017\\\/04\\\/ruth-shady-28-03-2017-.jpg\",\"keywords\":[\"caral\",\"Ruth Shady\"],\"articleSection\":[\"noticias\"],\"inLanguage\":\"en-US\"},{\"@type\":\"WebPage\",\"@id\":\"https:\\\/\\\/zonacaral.gob.pe\\\/es\\\/noticias\\\/ruth-shady-hay-que-continuar-con-la-tecnologia-tradicional\\\/\",\"url\":\"https:\\\/\\\/zonacaral.gob.pe\\\/es\\\/noticias\\\/ruth-shady-hay-que-continuar-con-la-tecnologia-tradicional\\\/\",\"name\":\"Ruth Shady: \\\"Hay que continuar con la tecnolog\u00eda tradicional\\\"\",\"isPartOf\":{\"@id\":\"https:\\\/\\\/zonacaral.gob.pe\\\/es\\\/#website\"},\"primaryImageOfPage\":{\"@id\":\"https:\\\/\\\/zonacaral.gob.pe\\\/es\\\/noticias\\\/ruth-shady-hay-que-continuar-con-la-tecnologia-tradicional\\\/#primaryimage\"},\"image\":{\"@id\":\"https:\\\/\\\/zonacaral.gob.pe\\\/es\\\/noticias\\\/ruth-shady-hay-que-continuar-con-la-tecnologia-tradicional\\\/#primaryimage\"},\"thumbnailUrl\":\"https:\\\/\\\/zonacaral.gob.pe\\\/wp-content\\\/uploads\\\/2017\\\/04\\\/ruth-shady-28-03-2017-.jpg\",\"datePublished\":\"2017-04-24T20:11:51+00:00\",\"author\":{\"@id\":\"https:\\\/\\\/zonacaral.gob.pe\\\/es\\\/#\\\/schema\\\/person\\\/beddb4d22f71a7230c5b90913270a0ee\"},\"description\":\"La situaci\u00f3n en todo el pa\u00eds, con \u00e9nfasis en la zona costera, es cr\u00edtica, y el norte del departamento de Lima no ha sido la excepci\u00f3n: el r\u00edo Supe se ha desbordado, lo que ha aislado a varias poblaciones y a la ciudadela de Caral, Patrimonio de la Humanidad. Ruth Shady, quien fund\u00f3 en 1994 el Proyecto Arqueol\u00f3gico Caral y dirige desde 2003 el Proyecto Especial Arqueol\u00f3gico Caral-Supe, se encarga de revalorizar y proteger la ciudadela y sus alrededores, y es evidente que, en estos d\u00edas tan complicados para la zona, ha estado supervisando y ayudando, en la medida de lo posible, a los ciudadanos perjudicados por el desastre..\",\"breadcrumb\":{\"@id\":\"https:\\\/\\\/zonacaral.gob.pe\\\/es\\\/noticias\\\/ruth-shady-hay-que-continuar-con-la-tecnologia-tradicional\\\/#breadcrumb\"},\"inLanguage\":\"en-US\",\"potentialAction\":[{\"@type\":\"ReadAction\",\"target\":[\"https:\\\/\\\/zonacaral.gob.pe\\\/es\\\/noticias\\\/ruth-shady-hay-que-continuar-con-la-tecnologia-tradicional\\\/\"]}]},{\"@type\":\"ImageObject\",\"inLanguage\":\"en-US\",\"@id\":\"https:\\\/\\\/zonacaral.gob.pe\\\/es\\\/noticias\\\/ruth-shady-hay-que-continuar-con-la-tecnologia-tradicional\\\/#primaryimage\",\"url\":\"https:\\\/\\\/zonacaral.gob.pe\\\/wp-content\\\/uploads\\\/2017\\\/04\\\/ruth-shady-28-03-2017-.jpg\",\"contentUrl\":\"https:\\\/\\\/zonacaral.gob.pe\\\/wp-content\\\/uploads\\\/2017\\\/04\\\/ruth-shady-28-03-2017-.jpg\",\"width\":800,\"height\":609},{\"@type\":\"BreadcrumbList\",\"@id\":\"https:\\\/\\\/zonacaral.gob.pe\\\/es\\\/noticias\\\/ruth-shady-hay-que-continuar-con-la-tecnologia-tradicional\\\/#breadcrumb\",\"itemListElement\":[{\"@type\":\"ListItem\",\"position\":1,\"name\":\"Portada\",\"item\":\"https:\\\/\\\/zonacaral.gob.pe\\\/\"},{\"@type\":\"ListItem\",\"position\":2,\"name\":\"Ruth Shady: \u00abHay que continuar con la tecnolog\u00eda tradicional\u00bb\"}]},{\"@type\":\"WebSite\",\"@id\":\"https:\\\/\\\/zonacaral.gob.pe\\\/es\\\/#website\",\"url\":\"https:\\\/\\\/zonacaral.gob.pe\\\/es\\\/\",\"name\":\"Zona Caral\",\"description\":\"Investigamos, conservamos y difundimos el patrimonio cultural de la Civilizaci\u00f3n Caral, la m\u00e1s antigua de Am\u00e9rica.\",\"potentialAction\":[{\"@type\":\"SearchAction\",\"target\":{\"@type\":\"EntryPoint\",\"urlTemplate\":\"https:\\\/\\\/zonacaral.gob.pe\\\/es\\\/?s={search_term_string}\"},\"query-input\":{\"@type\":\"PropertyValueSpecification\",\"valueRequired\":true,\"valueName\":\"search_term_string\"}}],\"inLanguage\":\"en-US\"},{\"@type\":\"Person\",\"@id\":\"https:\\\/\\\/zonacaral.gob.pe\\\/es\\\/#\\\/schema\\\/person\\\/beddb4d22f71a7230c5b90913270a0ee\",\"name\":\"Zona Caral Administrador\",\"image\":{\"@type\":\"ImageObject\",\"inLanguage\":\"en-US\",\"@id\":\"https:\\\/\\\/secure.gravatar.com\\\/avatar\\\/e4be162918a696358376de6446614e0f0f4062bdc5d170d6d540ada3d8b58c12?s=96&d=mm&r=g\",\"url\":\"https:\\\/\\\/secure.gravatar.com\\\/avatar\\\/e4be162918a696358376de6446614e0f0f4062bdc5d170d6d540ada3d8b58c12?s=96&d=mm&r=g\",\"contentUrl\":\"https:\\\/\\\/secure.gravatar.com\\\/avatar\\\/e4be162918a696358376de6446614e0f0f4062bdc5d170d6d540ada3d8b58c12?s=96&d=mm&r=g\",\"caption\":\"Zona Caral Administrador\"},\"sameAs\":[\"https:\\\/\\\/zonacaral.gob.pe\"],\"url\":\"https:\\\/\\\/zonacaral.gob.pe\\\/en\\\/noticias\\\/author\\\/ad_zonacaral\\\/\"}]}<\/script>\n<!-- \/ Yoast SEO plugin. -->","yoast_head_json":{"title":"Ruth Shady: \"Hay que continuar con la tecnolog\u00eda tradicional\"","description":"La situaci\u00f3n en todo el pa\u00eds, con \u00e9nfasis en la zona costera, es cr\u00edtica, y el norte del departamento de Lima no ha sido la excepci\u00f3n: el r\u00edo Supe se ha desbordado, lo que ha aislado a varias poblaciones y a la ciudadela de Caral, Patrimonio de la Humanidad. Ruth Shady, quien fund\u00f3 en 1994 el Proyecto Arqueol\u00f3gico Caral y dirige desde 2003 el Proyecto Especial Arqueol\u00f3gico Caral-Supe, se encarga de revalorizar y proteger la ciudadela y sus alrededores, y es evidente que, en estos d\u00edas tan complicados para la zona, ha estado supervisando y ayudando, en la medida de lo posible, a los ciudadanos perjudicados por el desastre..","robots":{"index":"index","follow":"follow","max-snippet":"max-snippet:-1","max-image-preview":"max-image-preview:large","max-video-preview":"max-video-preview:-1"},"canonical":"https:\/\/zonacaral.gob.pe\/en\/noticias\/ruth-shady-hay-que-continuar-con-la-tecnologia-tradicional\/","og_locale":"en_US","og_type":"article","og_title":"Ruth Shady: \"Hay que continuar con la tecnolog\u00eda tradicional\"","og_description":"La situaci\u00f3n en todo el pa\u00eds, con \u00e9nfasis en la zona costera, es cr\u00edtica, y el norte del departamento de Lima no ha sido la excepci\u00f3n: el r\u00edo Supe se ha desbordado, lo que ha aislado a varias poblaciones y a la ciudadela de Caral, Patrimonio de la Humanidad. Ruth Shady, quien fund\u00f3 en 1994 el Proyecto Arqueol\u00f3gico Caral y dirige desde 2003 el Proyecto Especial Arqueol\u00f3gico Caral-Supe, se encarga de revalorizar y proteger la ciudadela y sus alrededores, y es evidente que, en estos d\u00edas tan complicados para la zona, ha estado supervisando y ayudando, en la medida de lo posible, a los ciudadanos perjudicados por el desastre..","og_url":"https:\/\/zonacaral.gob.pe\/en\/noticias\/ruth-shady-hay-que-continuar-con-la-tecnologia-tradicional\/","og_site_name":"Zona Caral","article_published_time":"2017-04-24T20:11:51+00:00","og_image":[{"width":800,"height":609,"url":"https:\/\/zonacaral.gob.pe\/wp-content\/uploads\/2017\/04\/ruth-shady-28-03-2017-.jpg","type":"image\/jpeg"}],"author":"Zona Caral Administrador","twitter_card":"summary_large_image","twitter_misc":{"Written by":"Zona Caral Administrador","Est. reading time":"5 minutes"},"schema":{"@context":"https:\/\/schema.org","@graph":[{"@type":"Article","@id":"https:\/\/zonacaral.gob.pe\/es\/noticias\/ruth-shady-hay-que-continuar-con-la-tecnologia-tradicional\/#article","isPartOf":{"@id":"https:\/\/zonacaral.gob.pe\/es\/noticias\/ruth-shady-hay-que-continuar-con-la-tecnologia-tradicional\/"},"author":{"name":"Zona Caral Administrador","@id":"https:\/\/zonacaral.gob.pe\/es\/#\/schema\/person\/beddb4d22f71a7230c5b90913270a0ee"},"headline":"Ruth Shady: \u00abHay que continuar con la tecnolog\u00eda tradicional\u00bb","datePublished":"2017-04-24T20:11:51+00:00","mainEntityOfPage":{"@id":"https:\/\/zonacaral.gob.pe\/es\/noticias\/ruth-shady-hay-que-continuar-con-la-tecnologia-tradicional\/"},"wordCount":1045,"image":{"@id":"https:\/\/zonacaral.gob.pe\/es\/noticias\/ruth-shady-hay-que-continuar-con-la-tecnologia-tradicional\/#primaryimage"},"thumbnailUrl":"https:\/\/zonacaral.gob.pe\/wp-content\/uploads\/2017\/04\/ruth-shady-28-03-2017-.jpg","keywords":["caral","Ruth Shady"],"articleSection":["noticias"],"inLanguage":"en-US"},{"@type":"WebPage","@id":"https:\/\/zonacaral.gob.pe\/es\/noticias\/ruth-shady-hay-que-continuar-con-la-tecnologia-tradicional\/","url":"https:\/\/zonacaral.gob.pe\/es\/noticias\/ruth-shady-hay-que-continuar-con-la-tecnologia-tradicional\/","name":"Ruth Shady: \"Hay que continuar con la tecnolog\u00eda tradicional\"","isPartOf":{"@id":"https:\/\/zonacaral.gob.pe\/es\/#website"},"primaryImageOfPage":{"@id":"https:\/\/zonacaral.gob.pe\/es\/noticias\/ruth-shady-hay-que-continuar-con-la-tecnologia-tradicional\/#primaryimage"},"image":{"@id":"https:\/\/zonacaral.gob.pe\/es\/noticias\/ruth-shady-hay-que-continuar-con-la-tecnologia-tradicional\/#primaryimage"},"thumbnailUrl":"https:\/\/zonacaral.gob.pe\/wp-content\/uploads\/2017\/04\/ruth-shady-28-03-2017-.jpg","datePublished":"2017-04-24T20:11:51+00:00","author":{"@id":"https:\/\/zonacaral.gob.pe\/es\/#\/schema\/person\/beddb4d22f71a7230c5b90913270a0ee"},"description":"La situaci\u00f3n en todo el pa\u00eds, con \u00e9nfasis en la zona costera, es cr\u00edtica, y el norte del departamento de Lima no ha sido la excepci\u00f3n: el r\u00edo Supe se ha desbordado, lo que ha aislado a varias poblaciones y a la ciudadela de Caral, Patrimonio de la Humanidad. Ruth Shady, quien fund\u00f3 en 1994 el Proyecto Arqueol\u00f3gico Caral y dirige desde 2003 el Proyecto Especial Arqueol\u00f3gico Caral-Supe, se encarga de revalorizar y proteger la ciudadela y sus alrededores, y es evidente que, en estos d\u00edas tan complicados para la zona, ha estado supervisando y ayudando, en la medida de lo posible, a los ciudadanos perjudicados por el desastre..","breadcrumb":{"@id":"https:\/\/zonacaral.gob.pe\/es\/noticias\/ruth-shady-hay-que-continuar-con-la-tecnologia-tradicional\/#breadcrumb"},"inLanguage":"en-US","potentialAction":[{"@type":"ReadAction","target":["https:\/\/zonacaral.gob.pe\/es\/noticias\/ruth-shady-hay-que-continuar-con-la-tecnologia-tradicional\/"]}]},{"@type":"ImageObject","inLanguage":"en-US","@id":"https:\/\/zonacaral.gob.pe\/es\/noticias\/ruth-shady-hay-que-continuar-con-la-tecnologia-tradicional\/#primaryimage","url":"https:\/\/zonacaral.gob.pe\/wp-content\/uploads\/2017\/04\/ruth-shady-28-03-2017-.jpg","contentUrl":"https:\/\/zonacaral.gob.pe\/wp-content\/uploads\/2017\/04\/ruth-shady-28-03-2017-.jpg","width":800,"height":609},{"@type":"BreadcrumbList","@id":"https:\/\/zonacaral.gob.pe\/es\/noticias\/ruth-shady-hay-que-continuar-con-la-tecnologia-tradicional\/#breadcrumb","itemListElement":[{"@type":"ListItem","position":1,"name":"Portada","item":"https:\/\/zonacaral.gob.pe\/"},{"@type":"ListItem","position":2,"name":"Ruth Shady: \u00abHay que continuar con la tecnolog\u00eda tradicional\u00bb"}]},{"@type":"WebSite","@id":"https:\/\/zonacaral.gob.pe\/es\/#website","url":"https:\/\/zonacaral.gob.pe\/es\/","name":"Zona Caral","description":"Investigamos, conservamos y difundimos el patrimonio cultural de la Civilizaci\u00f3n Caral, la m\u00e1s antigua de Am\u00e9rica.","potentialAction":[{"@type":"SearchAction","target":{"@type":"EntryPoint","urlTemplate":"https:\/\/zonacaral.gob.pe\/es\/?s={search_term_string}"},"query-input":{"@type":"PropertyValueSpecification","valueRequired":true,"valueName":"search_term_string"}}],"inLanguage":"en-US"},{"@type":"Person","@id":"https:\/\/zonacaral.gob.pe\/es\/#\/schema\/person\/beddb4d22f71a7230c5b90913270a0ee","name":"Zona Caral Administrador","image":{"@type":"ImageObject","inLanguage":"en-US","@id":"https:\/\/secure.gravatar.com\/avatar\/e4be162918a696358376de6446614e0f0f4062bdc5d170d6d540ada3d8b58c12?s=96&d=mm&r=g","url":"https:\/\/secure.gravatar.com\/avatar\/e4be162918a696358376de6446614e0f0f4062bdc5d170d6d540ada3d8b58c12?s=96&d=mm&r=g","contentUrl":"https:\/\/secure.gravatar.com\/avatar\/e4be162918a696358376de6446614e0f0f4062bdc5d170d6d540ada3d8b58c12?s=96&d=mm&r=g","caption":"Zona Caral Administrador"},"sameAs":["https:\/\/zonacaral.gob.pe"],"url":"https:\/\/zonacaral.gob.pe\/en\/noticias\/author\/ad_zonacaral\/"}]}},"_links":{"self":[{"href":"https:\/\/zonacaral.gob.pe\/en\/wp-json\/wp\/v2\/posts\/11348","targetHints":{"allow":["GET"]}}],"collection":[{"href":"https:\/\/zonacaral.gob.pe\/en\/wp-json\/wp\/v2\/posts"}],"about":[{"href":"https:\/\/zonacaral.gob.pe\/en\/wp-json\/wp\/v2\/types\/post"}],"author":[{"embeddable":true,"href":"https:\/\/zonacaral.gob.pe\/en\/wp-json\/wp\/v2\/users\/1"}],"replies":[{"embeddable":true,"href":"https:\/\/zonacaral.gob.pe\/en\/wp-json\/wp\/v2\/comments?post=11348"}],"version-history":[{"count":0,"href":"https:\/\/zonacaral.gob.pe\/en\/wp-json\/wp\/v2\/posts\/11348\/revisions"}],"wp:featuredmedia":[{"embeddable":true,"href":"https:\/\/zonacaral.gob.pe\/en\/wp-json\/wp\/v2\/media\/11349"}],"wp:attachment":[{"href":"https:\/\/zonacaral.gob.pe\/en\/wp-json\/wp\/v2\/media?parent=11348"}],"wp:term":[{"taxonomy":"category","embeddable":true,"href":"https:\/\/zonacaral.gob.pe\/en\/wp-json\/wp\/v2\/categories?post=11348"},{"taxonomy":"post_tag","embeddable":true,"href":"https:\/\/zonacaral.gob.pe\/en\/wp-json\/wp\/v2\/tags?post=11348"}],"curies":[{"name":"wp","href":"https:\/\/api.w.org\/{rel}","templated":true}]}}