{"id":11762,"date":"2017-08-17T11:46:14","date_gmt":"2017-08-17T16:46:14","guid":{"rendered":"http:\/\/www.zonacaral.gob.pe\/?p=11762"},"modified":"2017-08-17T11:46:14","modified_gmt":"2017-08-17T16:46:14","slug":"vichama-investigaciones-revelan-efectos-del-cambio-climatico-en-peru-hace-1800-anos","status":"publish","type":"post","link":"https:\/\/zonacaral.gob.pe\/en\/noticias\/vichama-investigaciones-revelan-efectos-del-cambio-climatico-en-peru-hace-1800-anos\/","title":{"rendered":"Vichama: investigaciones revelan efectos del cambio clim\u00e1tico en Per\u00fa hace 1,800 a\u00f1os"},"content":{"rendered":"<figure class=\"pic-autor\" style=\"color: #4d4d4d; text-align: justify;\"><\/figure>\n<blockquote>\n<p style=\"text-align: justify;\">Ruth Shady invita a reflexionar sobre conocimientos ancestrales para mitigar evento c\u00edclico Comparte informaci\u00f3n, comparte valores<\/p>\n<\/blockquote>\n<p>Valiosa informaci\u00f3n sobre los efectos del cambio clim\u00e1tico en el Per\u00fa, que se remonta a 1,800 a\u00f1os de antig\u00fcedad, y su impacto en la crisis y colapso de la civilizaci\u00f3n Caral, la m\u00e1s antigua del continente americano, es lo que revela la investigaci\u00f3n y los hallazgos realizados en el sitio arqueol\u00f3gico Vichama, ubicado en el distrito de V\u00e9gueta, provincia lime\u00f1a de Huaura.<\/p>\n<p>As\u00ed lo dio a conocer hoy la directora de la Zona Arqueol\u00f3gica Caral, Ruth Shady Sol\u00eds, quien dirige el equipo de arque\u00f3logos que investiga este asentamiento agropesquero desde el a\u00f1o 2007.<\/p>\n<p>Al respecto, refiri\u00f3 que Vichama es uno de los centros urbanos que fueron edificados en el per\u00edodo tard\u00edo de la civilizaci\u00f3n Caral. \u201cLa importancia que tiene Vichama radica en que ha dejado registrado cu\u00e1les fueron las causas que llevaron a la crisis y colapso de la civilizaci\u00f3n Caral\u201d, indic\u00f3 en di\u00e1logo con la Agencia Andina.<\/p>\n<p>La investigaci\u00f3n arqueol\u00f3gica y los trabajos de conservaci\u00f3n de los monumentos de Vichama buscan recuperar y poner en valor los diversos conjuntos de edificios p\u00fablicos y residenciales que componen este importante sitio arqueol\u00f3gico, enfatiz\u00f3.<\/p>\n<p>Entre los edificios destaca Las Hornacinas, en el cual se encuentra el Sal\u00f3n Ceremonial, donde se descubri\u00f3 34 relieves murales con figuras antropomorfas hechas de arcilla que representan cuerpos fam\u00e9licos. Shady explic\u00f3 que estos seres revelan los efectos que habr\u00eda ocasionado el cambio clim\u00e1tico que afect\u00f3 a Vichama entre los a\u00f1os 1,800 y 1,850 antes de Cristo.<\/p>\n<p>\u201cPese al impacto dram\u00e1tico que produjo el cambio clim\u00e1tico en esta civilizaci\u00f3n ancestral peruana, su poblaci\u00f3n pudo sobrevivir porque tuvieron acceso a actividades econ\u00f3micas complementarias a la pesca y la agricultura\u201d, subray\u00f3 Shady.<\/p>\n<p>Otro importante espacio del edificio Las Hornacinas que revela importante informaci\u00f3n es el Sal\u00f3n Ceremonial del Sapo Humanizado, donde se molde\u00f3 con arcilla el relieve de un sapo con rasgos humanos, el cual emerge del piso y tiene un canal en forma de rayo que cae sobre su cabeza. Otros edificios importantes son Las Chakanas y Los Dep\u00f3sitos.<\/p>\n<p>\u201cLo que hemos estado haciendo desde que se descubri\u00f3 este hallazgo, desde que se ha tenido conocimiento de \u00e9l, ha sido establecer una secuencia de c\u00f3mo se form\u00f3 este centro urbano, qu\u00e9 cambios se dieron a trav\u00e9s del tiempo, en qu\u00e9 se parece a los centros urbanos de la civilizaci\u00f3n Caral y en qu\u00e9 se diferencia. Y luego, c\u00f3mo fue el proceso que impact\u00f3 del cambio clim\u00e1tico en estas sociedades\u201d, manifest\u00f3 Shady.<\/p>\n<p><iframe src=\"https:\/\/www.youtube.com\/embed\/X7MNh8LsoyI?rel=0\" width=\"560\" height=\"315\" frameborder=\"0\" allowfullscreen=\"allowfullscreen\"><\/iframe><\/p>\n<h3>Reflexi\u00f3n y aprendizaje<\/h3>\n<p>La directora de la Zona Arqueol\u00f3gica Caral remarc\u00f3 que las investigaciones realizadas desde hace una d\u00e9cada en Vichama no tienen como finalidad solo poner al servicio del turismo el complejo arqueol\u00f3gico, de m\u00e1s de 20 hect\u00e1reas, donde se desarroll\u00f3 la civilizaci\u00f3n agropesquera de Vichama. Lo m\u00e1s importante es generar reflexiones sobre el cambio clim\u00e1tico que impacta c\u00edclicamente a un territorio vulnerable como el Per\u00fa, como lo ha demostrado el reciente episodio de El Ni\u00f1o Costero y sus devastadoras consecuencias, dijo. \u00a0\u201cEn los diez a\u00f1os que llevamos trabajando en Vichama, no solo ponemos al servicio del turismo un sitio con arquitectura monumental, sino para que la historia social llegue a las poblaciones de nuestro pa\u00eds y genere reflexiones sobre el cambio clim\u00e1tico, que es un fen\u00f3meno natural c\u00edclico y que puede presentarse a corto, mediano y largo plazo y que ha tenido en el pasado efectos dram\u00e1ticos con sequ\u00edas que han podido durar hasta 130 a\u00f1os, de acuerdo a las investigaciones que se vienen realizando por diversos especialistas\u201d, asever\u00f3.<\/p>\n<p>\u201cLo interesante de este sitio arqueol\u00f3gico es lo que han dejado marcado en uno de los edificios para que la poblaci\u00f3n y la sociedad tengan memoria colectiva y no olviden en el futuro estos fen\u00f3menos naturales\u201d, a\u00f1adi\u00f3.<\/p>\n<p>Afirm\u00f3 que en el presente debemos tener en cuenta que el Per\u00fa es un pa\u00eds que, por sus condiciones naturales, va a tener efectos dram\u00e1ticos cuando se presenten estos eventos naturales c\u00edclicos. Esto es algo que no estamos considerando todav\u00eda, pues el agua en nuestro pa\u00eds proviene de los deshielos y los glaciares han desaparecido en m\u00e1s del 50%.<\/p>\n<p>\u201cEl agua que baja por las vertientes occidentales hacia el oc\u00e9ano Pac\u00edfico y por las vertientes orientales proviene del territorio altoandino donde est\u00e1n los glaciares. Si los glaciares contin\u00faan desapareciendo, \u00bfDe d\u00f3nde vamos a obtener el agua que sirve para el consumo humano?, porque las ciudades m\u00e1s pobladas est\u00e1n en las vertientes occidentales. Entonces, hay que tener en cuenta c\u00f3mo vamos a mitigar sus efectos\u201d, argument\u00f3.<\/p>\n<p>Shady Sol\u00eds record\u00f3 que en el pasado, nuestras sociedades ancestrales aplicaron una serie de tecnolog\u00edas que no se utilizan en el presente, salvo algunas poblaciones tradicionales, como sembrar el agua y crear r\u00edos subterr\u00e1neos.<\/p>\n<p>\u201cLos municipios no coordinan entre s\u00ed porque son diferentes los que manejan una cuenca. Creo que hay una informaci\u00f3n que la arqueolog\u00eda debe darle a la sociedad actual para generar reflexiones, para conocer c\u00f3mo se manej\u00f3 el territorio del Per\u00fa que es megadiverso y qu\u00e9 debemos aprender del pasado para no cometer los errores de ahora donde diferentes autoridades manejan una sola cuenca y entre ellas no coordinan\u201d, coment\u00f3.<\/p>\n<h3>Lecciones del pasado para mejorar el presente<\/h3>\n<p>La directora de la Zona Arqueol\u00f3gica Caral sostuvo que con las investigaciones en Vichama no solo vamos a ver el efecto de la crisis clim\u00e1tica sino qu\u00e9 cambios se fueron dado a lo largo de los cinco siglos que dur\u00f3 este centro urbano, qu\u00e9 actividades econ\u00f3micas hubo, c\u00f3mo manejaron el territorio o c\u00f3mo se organizaron, y qu\u00e9 relaciones interculturales tuvieron.<\/p>\n<p>\u201cHemos visto que, por ejemplo, utilizaron sodalita (mineral conocido como piedra de sodio) que no hay en territorio peruano sino que existe en Bolivia; la importancia que tuvo las relaciones interculturales en condiciones de paz, c\u00f3mo manejaron el recurso no solo a nivel terrestre sino tambi\u00e9n mar\u00edtimo, y todos los aspectos relacionados con un sistema social que es necesario conocer para compararnos en el presente, generar reflexiones y ver qu\u00e9 cambios son necesarios para implementarlos en el futuro y tener condiciones de vida adecuadas\u201d, puntualiz\u00f3.<\/p>\n<p style=\"text-align: justify;\"><strong>Fuente: <a href=\"http:\/\/www.andina.com.pe\/agencia\/noticia-vichama-investigaciones-revelan-efectos-del-cambio-climatico-peru-hace-1800-anos-678851.aspx\" target=\"_blank\"><span style=\"color: #993300;\">Agencia Andina<\/span><\/a><\/strong><\/p>\n<div style=\"color: #1f1f1f;\">\n<p style=\"text-align: justify;\">Fecha de publicaci\u00f3n: 17\/08\/2017<\/p>\n<\/div>","protected":false},"excerpt":{"rendered":"<p>Ruth Shady invita a reflexionar sobre conocimientos ancestrales para mitigar evento c\u00edclico Comparte informaci\u00f3n, comparte valores Valiosa informaci\u00f3n sobre los [&hellip;]<\/p>\n","protected":false},"author":1,"featured_media":11764,"comment_status":"closed","ping_status":"open","sticky":false,"template":"","format":"standard","meta":{"_acf_changed":false,"site-sidebar-layout":"default","site-content-layout":"","ast-site-content-layout":"default","site-content-style":"default","site-sidebar-style":"default","ast-global-header-display":"","ast-banner-title-visibility":"","ast-main-header-display":"","ast-hfb-above-header-display":"","ast-hfb-below-header-display":"","ast-hfb-mobile-header-display":"","site-post-title":"","ast-breadcrumbs-content":"","ast-featured-img":"","footer-sml-layout":"","ast-disable-related-posts":"","theme-transparent-header-meta":"","adv-header-id-meta":"","stick-header-meta":"","header-above-stick-meta":"","header-main-stick-meta":"","header-below-stick-meta":"","astra-migrate-meta-layouts":"default","ast-page-background-enabled":"default","ast-page-background-meta":{"desktop":{"background-color":"var(--ast-global-color-5)","background-image":"","background-repeat":"repeat","background-position":"center center","background-size":"auto","background-attachment":"scroll","background-type":"","background-media":"","overlay-type":"","overlay-color":"","overlay-opacity":"","overlay-gradient":""},"tablet":{"background-color":"","background-image":"","background-repeat":"repeat","background-position":"center center","background-size":"auto","background-attachment":"scroll","background-type":"","background-media":"","overlay-type":"","overlay-color":"","overlay-opacity":"","overlay-gradient":""},"mobile":{"background-color":"","background-image":"","background-repeat":"repeat","background-position":"center center","background-size":"auto","background-attachment":"scroll","background-type":"","background-media":"","overlay-type":"","overlay-color":"","overlay-opacity":"","overlay-gradient":""}},"ast-content-background-meta":{"desktop":{"background-color":"var(--ast-global-color-4)","background-image":"","background-repeat":"repeat","background-position":"center center","background-size":"auto","background-attachment":"scroll","background-type":"","background-media":"","overlay-type":"","overlay-color":"","overlay-opacity":"","overlay-gradient":""},"tablet":{"background-color":"var(--ast-global-color-4)","background-image":"","background-repeat":"repeat","background-position":"center center","background-size":"auto","background-attachment":"scroll","background-type":"","background-media":"","overlay-type":"","overlay-color":"","overlay-opacity":"","overlay-gradient":""},"mobile":{"background-color":"var(--ast-global-color-4)","background-image":"","background-repeat":"repeat","background-position":"center center","background-size":"auto","background-attachment":"scroll","background-type":"","background-media":"","overlay-type":"","overlay-color":"","overlay-opacity":"","overlay-gradient":""}},"footnotes":""},"categories":[208],"tags":[54,55,61],"class_list":["post-11762","post","type-post","status-publish","format-standard","has-post-thumbnail","hentry","category-noticias","tag-aniversario","tag-caral","tag-vichama"],"acf":[],"yoast_head":"<!-- This site is optimized with the Yoast SEO plugin v27.3 - https:\/\/yoast.com\/product\/yoast-seo-wordpress\/ -->\n<title>Vichama: investigaciones revelan efectos del cambio clim\u00e1tico en Per\u00fa hace 1,800 a\u00f1os<\/title>\n<meta name=\"description\" content=\"Valiosa informaci\u00f3n sobre los efectos del cambio clim\u00e1tico en el Per\u00fa, que se remonta a 1,800 a\u00f1os de antig\u00fcedad, y su impacto en la crisis y colapso de la civilizaci\u00f3n Caral, la m\u00e1s antigua del continente americano, es lo que revela la investigaci\u00f3n y los hallazgos realizados en el sitio arqueol\u00f3gico Vichama, ubicado en el distrito de V\u00e9gueta, provincia lime\u00f1a de Huaura.\" \/>\n<meta name=\"robots\" content=\"index, follow, max-snippet:-1, max-image-preview:large, max-video-preview:-1\" \/>\n<link rel=\"canonical\" href=\"https:\/\/zonacaral.gob.pe\/en\/noticias\/vichama-investigaciones-revelan-efectos-del-cambio-climatico-en-peru-hace-1800-anos\/\" \/>\n<meta property=\"og:locale\" content=\"en_US\" \/>\n<meta property=\"og:type\" content=\"article\" \/>\n<meta property=\"og:title\" content=\"Vichama: investigaciones revelan efectos del cambio clim\u00e1tico en Per\u00fa hace 1,800 a\u00f1os\" \/>\n<meta property=\"og:description\" content=\"Valiosa informaci\u00f3n sobre los efectos del cambio clim\u00e1tico en el Per\u00fa, que se remonta a 1,800 a\u00f1os de antig\u00fcedad, y su impacto en la crisis y colapso de la civilizaci\u00f3n Caral, la m\u00e1s antigua del continente americano, es lo que revela la investigaci\u00f3n y los hallazgos realizados en el sitio arqueol\u00f3gico Vichama, ubicado en el distrito de V\u00e9gueta, provincia lime\u00f1a de Huaura.\" \/>\n<meta property=\"og:url\" content=\"https:\/\/zonacaral.gob.pe\/en\/noticias\/vichama-investigaciones-revelan-efectos-del-cambio-climatico-en-peru-hace-1800-anos\/\" \/>\n<meta property=\"og:site_name\" content=\"Zona Caral\" \/>\n<meta property=\"article:published_time\" content=\"2017-08-17T16:46:14+00:00\" \/>\n<meta property=\"og:image\" content=\"https:\/\/zonacaral.gob.pe\/wp-content\/uploads\/2017\/09\/conferencia-prensa-vichama.jpg\" \/>\n\t<meta property=\"og:image:width\" content=\"1800\" \/>\n\t<meta property=\"og:image:height\" content=\"1212\" \/>\n\t<meta property=\"og:image:type\" content=\"image\/jpeg\" \/>\n<meta name=\"author\" content=\"Zona Caral Administrador\" \/>\n<meta name=\"twitter:card\" content=\"summary_large_image\" \/>\n<meta name=\"twitter:label1\" content=\"Written by\" \/>\n\t<meta name=\"twitter:data1\" content=\"Zona Caral Administrador\" \/>\n\t<meta name=\"twitter:label2\" content=\"Est. reading time\" \/>\n\t<meta name=\"twitter:data2\" content=\"6 minutes\" \/>\n<script type=\"application\/ld+json\" class=\"yoast-schema-graph\">{\"@context\":\"https:\\\/\\\/schema.org\",\"@graph\":[{\"@type\":\"Article\",\"@id\":\"https:\\\/\\\/zonacaral.gob.pe\\\/en\\\/noticias\\\/vichama-investigaciones-revelan-efectos-del-cambio-climatico-en-peru-hace-1800-anos\\\/#article\",\"isPartOf\":{\"@id\":\"https:\\\/\\\/zonacaral.gob.pe\\\/en\\\/noticias\\\/vichama-investigaciones-revelan-efectos-del-cambio-climatico-en-peru-hace-1800-anos\\\/\"},\"author\":{\"name\":\"Zona Caral Administrador\",\"@id\":\"https:\\\/\\\/zonacaral.gob.pe\\\/es\\\/#\\\/schema\\\/person\\\/beddb4d22f71a7230c5b90913270a0ee\"},\"headline\":\"Vichama: investigaciones revelan efectos del cambio clim\u00e1tico en Per\u00fa hace 1,800 a\u00f1os\",\"datePublished\":\"2017-08-17T16:46:14+00:00\",\"mainEntityOfPage\":{\"@id\":\"https:\\\/\\\/zonacaral.gob.pe\\\/en\\\/noticias\\\/vichama-investigaciones-revelan-efectos-del-cambio-climatico-en-peru-hace-1800-anos\\\/\"},\"wordCount\":1115,\"image\":{\"@id\":\"https:\\\/\\\/zonacaral.gob.pe\\\/en\\\/noticias\\\/vichama-investigaciones-revelan-efectos-del-cambio-climatico-en-peru-hace-1800-anos\\\/#primaryimage\"},\"thumbnailUrl\":\"https:\\\/\\\/zonacaral.gob.pe\\\/wp-content\\\/uploads\\\/2017\\\/09\\\/conferencia-prensa-vichama.jpg\",\"keywords\":[\"aniversario\",\"caral\",\"vichama\"],\"articleSection\":[\"noticias\"],\"inLanguage\":\"en-US\"},{\"@type\":\"WebPage\",\"@id\":\"https:\\\/\\\/zonacaral.gob.pe\\\/en\\\/noticias\\\/vichama-investigaciones-revelan-efectos-del-cambio-climatico-en-peru-hace-1800-anos\\\/\",\"url\":\"https:\\\/\\\/zonacaral.gob.pe\\\/en\\\/noticias\\\/vichama-investigaciones-revelan-efectos-del-cambio-climatico-en-peru-hace-1800-anos\\\/\",\"name\":\"Vichama: investigaciones revelan efectos del cambio clim\u00e1tico en Per\u00fa hace 1,800 a\u00f1os\",\"isPartOf\":{\"@id\":\"https:\\\/\\\/zonacaral.gob.pe\\\/es\\\/#website\"},\"primaryImageOfPage\":{\"@id\":\"https:\\\/\\\/zonacaral.gob.pe\\\/en\\\/noticias\\\/vichama-investigaciones-revelan-efectos-del-cambio-climatico-en-peru-hace-1800-anos\\\/#primaryimage\"},\"image\":{\"@id\":\"https:\\\/\\\/zonacaral.gob.pe\\\/en\\\/noticias\\\/vichama-investigaciones-revelan-efectos-del-cambio-climatico-en-peru-hace-1800-anos\\\/#primaryimage\"},\"thumbnailUrl\":\"https:\\\/\\\/zonacaral.gob.pe\\\/wp-content\\\/uploads\\\/2017\\\/09\\\/conferencia-prensa-vichama.jpg\",\"datePublished\":\"2017-08-17T16:46:14+00:00\",\"author\":{\"@id\":\"https:\\\/\\\/zonacaral.gob.pe\\\/es\\\/#\\\/schema\\\/person\\\/beddb4d22f71a7230c5b90913270a0ee\"},\"description\":\"Valiosa informaci\u00f3n sobre los efectos del cambio clim\u00e1tico en el Per\u00fa, que se remonta a 1,800 a\u00f1os de antig\u00fcedad, y su impacto en la crisis y colapso de la civilizaci\u00f3n Caral, la m\u00e1s antigua del continente americano, es lo que revela la investigaci\u00f3n y los hallazgos realizados en el sitio arqueol\u00f3gico Vichama, ubicado en el distrito de V\u00e9gueta, provincia lime\u00f1a de Huaura.\",\"breadcrumb\":{\"@id\":\"https:\\\/\\\/zonacaral.gob.pe\\\/en\\\/noticias\\\/vichama-investigaciones-revelan-efectos-del-cambio-climatico-en-peru-hace-1800-anos\\\/#breadcrumb\"},\"inLanguage\":\"en-US\",\"potentialAction\":[{\"@type\":\"ReadAction\",\"target\":[\"https:\\\/\\\/zonacaral.gob.pe\\\/en\\\/noticias\\\/vichama-investigaciones-revelan-efectos-del-cambio-climatico-en-peru-hace-1800-anos\\\/\"]}]},{\"@type\":\"ImageObject\",\"inLanguage\":\"en-US\",\"@id\":\"https:\\\/\\\/zonacaral.gob.pe\\\/en\\\/noticias\\\/vichama-investigaciones-revelan-efectos-del-cambio-climatico-en-peru-hace-1800-anos\\\/#primaryimage\",\"url\":\"https:\\\/\\\/zonacaral.gob.pe\\\/wp-content\\\/uploads\\\/2017\\\/09\\\/conferencia-prensa-vichama.jpg\",\"contentUrl\":\"https:\\\/\\\/zonacaral.gob.pe\\\/wp-content\\\/uploads\\\/2017\\\/09\\\/conferencia-prensa-vichama.jpg\",\"width\":1800,\"height\":1212},{\"@type\":\"BreadcrumbList\",\"@id\":\"https:\\\/\\\/zonacaral.gob.pe\\\/en\\\/noticias\\\/vichama-investigaciones-revelan-efectos-del-cambio-climatico-en-peru-hace-1800-anos\\\/#breadcrumb\",\"itemListElement\":[{\"@type\":\"ListItem\",\"position\":1,\"name\":\"Portada\",\"item\":\"https:\\\/\\\/zonacaral.gob.pe\\\/\"},{\"@type\":\"ListItem\",\"position\":2,\"name\":\"Vichama: investigaciones revelan efectos del cambio clim\u00e1tico en Per\u00fa hace 1,800 a\u00f1os\"}]},{\"@type\":\"WebSite\",\"@id\":\"https:\\\/\\\/zonacaral.gob.pe\\\/es\\\/#website\",\"url\":\"https:\\\/\\\/zonacaral.gob.pe\\\/es\\\/\",\"name\":\"Zona Caral\",\"description\":\"Investigamos, conservamos y difundimos el patrimonio cultural de la Civilizaci\u00f3n Caral, la m\u00e1s antigua de Am\u00e9rica.\",\"potentialAction\":[{\"@type\":\"SearchAction\",\"target\":{\"@type\":\"EntryPoint\",\"urlTemplate\":\"https:\\\/\\\/zonacaral.gob.pe\\\/es\\\/?s={search_term_string}\"},\"query-input\":{\"@type\":\"PropertyValueSpecification\",\"valueRequired\":true,\"valueName\":\"search_term_string\"}}],\"inLanguage\":\"en-US\"},{\"@type\":\"Person\",\"@id\":\"https:\\\/\\\/zonacaral.gob.pe\\\/es\\\/#\\\/schema\\\/person\\\/beddb4d22f71a7230c5b90913270a0ee\",\"name\":\"Zona Caral Administrador\",\"image\":{\"@type\":\"ImageObject\",\"inLanguage\":\"en-US\",\"@id\":\"https:\\\/\\\/secure.gravatar.com\\\/avatar\\\/e4be162918a696358376de6446614e0f0f4062bdc5d170d6d540ada3d8b58c12?s=96&d=mm&r=g\",\"url\":\"https:\\\/\\\/secure.gravatar.com\\\/avatar\\\/e4be162918a696358376de6446614e0f0f4062bdc5d170d6d540ada3d8b58c12?s=96&d=mm&r=g\",\"contentUrl\":\"https:\\\/\\\/secure.gravatar.com\\\/avatar\\\/e4be162918a696358376de6446614e0f0f4062bdc5d170d6d540ada3d8b58c12?s=96&d=mm&r=g\",\"caption\":\"Zona Caral Administrador\"},\"sameAs\":[\"https:\\\/\\\/zonacaral.gob.pe\"],\"url\":\"https:\\\/\\\/zonacaral.gob.pe\\\/en\\\/noticias\\\/author\\\/ad_zonacaral\\\/\"}]}<\/script>\n<!-- \/ Yoast SEO plugin. -->","yoast_head_json":{"title":"Vichama: investigaciones revelan efectos del cambio clim\u00e1tico en Per\u00fa hace 1,800 a\u00f1os","description":"Valiosa informaci\u00f3n sobre los efectos del cambio clim\u00e1tico en el Per\u00fa, que se remonta a 1,800 a\u00f1os de antig\u00fcedad, y su impacto en la crisis y colapso de la civilizaci\u00f3n Caral, la m\u00e1s antigua del continente americano, es lo que revela la investigaci\u00f3n y los hallazgos realizados en el sitio arqueol\u00f3gico Vichama, ubicado en el distrito de V\u00e9gueta, provincia lime\u00f1a de Huaura.","robots":{"index":"index","follow":"follow","max-snippet":"max-snippet:-1","max-image-preview":"max-image-preview:large","max-video-preview":"max-video-preview:-1"},"canonical":"https:\/\/zonacaral.gob.pe\/en\/noticias\/vichama-investigaciones-revelan-efectos-del-cambio-climatico-en-peru-hace-1800-anos\/","og_locale":"en_US","og_type":"article","og_title":"Vichama: investigaciones revelan efectos del cambio clim\u00e1tico en Per\u00fa hace 1,800 a\u00f1os","og_description":"Valiosa informaci\u00f3n sobre los efectos del cambio clim\u00e1tico en el Per\u00fa, que se remonta a 1,800 a\u00f1os de antig\u00fcedad, y su impacto en la crisis y colapso de la civilizaci\u00f3n Caral, la m\u00e1s antigua del continente americano, es lo que revela la investigaci\u00f3n y los hallazgos realizados en el sitio arqueol\u00f3gico Vichama, ubicado en el distrito de V\u00e9gueta, provincia lime\u00f1a de Huaura.","og_url":"https:\/\/zonacaral.gob.pe\/en\/noticias\/vichama-investigaciones-revelan-efectos-del-cambio-climatico-en-peru-hace-1800-anos\/","og_site_name":"Zona Caral","article_published_time":"2017-08-17T16:46:14+00:00","og_image":[{"width":1800,"height":1212,"url":"https:\/\/zonacaral.gob.pe\/wp-content\/uploads\/2017\/09\/conferencia-prensa-vichama.jpg","type":"image\/jpeg"}],"author":"Zona Caral Administrador","twitter_card":"summary_large_image","twitter_misc":{"Written by":"Zona Caral Administrador","Est. reading time":"6 minutes"},"schema":{"@context":"https:\/\/schema.org","@graph":[{"@type":"Article","@id":"https:\/\/zonacaral.gob.pe\/en\/noticias\/vichama-investigaciones-revelan-efectos-del-cambio-climatico-en-peru-hace-1800-anos\/#article","isPartOf":{"@id":"https:\/\/zonacaral.gob.pe\/en\/noticias\/vichama-investigaciones-revelan-efectos-del-cambio-climatico-en-peru-hace-1800-anos\/"},"author":{"name":"Zona Caral Administrador","@id":"https:\/\/zonacaral.gob.pe\/es\/#\/schema\/person\/beddb4d22f71a7230c5b90913270a0ee"},"headline":"Vichama: investigaciones revelan efectos del cambio clim\u00e1tico en Per\u00fa hace 1,800 a\u00f1os","datePublished":"2017-08-17T16:46:14+00:00","mainEntityOfPage":{"@id":"https:\/\/zonacaral.gob.pe\/en\/noticias\/vichama-investigaciones-revelan-efectos-del-cambio-climatico-en-peru-hace-1800-anos\/"},"wordCount":1115,"image":{"@id":"https:\/\/zonacaral.gob.pe\/en\/noticias\/vichama-investigaciones-revelan-efectos-del-cambio-climatico-en-peru-hace-1800-anos\/#primaryimage"},"thumbnailUrl":"https:\/\/zonacaral.gob.pe\/wp-content\/uploads\/2017\/09\/conferencia-prensa-vichama.jpg","keywords":["aniversario","caral","vichama"],"articleSection":["noticias"],"inLanguage":"en-US"},{"@type":"WebPage","@id":"https:\/\/zonacaral.gob.pe\/en\/noticias\/vichama-investigaciones-revelan-efectos-del-cambio-climatico-en-peru-hace-1800-anos\/","url":"https:\/\/zonacaral.gob.pe\/en\/noticias\/vichama-investigaciones-revelan-efectos-del-cambio-climatico-en-peru-hace-1800-anos\/","name":"Vichama: investigaciones revelan efectos del cambio clim\u00e1tico en Per\u00fa hace 1,800 a\u00f1os","isPartOf":{"@id":"https:\/\/zonacaral.gob.pe\/es\/#website"},"primaryImageOfPage":{"@id":"https:\/\/zonacaral.gob.pe\/en\/noticias\/vichama-investigaciones-revelan-efectos-del-cambio-climatico-en-peru-hace-1800-anos\/#primaryimage"},"image":{"@id":"https:\/\/zonacaral.gob.pe\/en\/noticias\/vichama-investigaciones-revelan-efectos-del-cambio-climatico-en-peru-hace-1800-anos\/#primaryimage"},"thumbnailUrl":"https:\/\/zonacaral.gob.pe\/wp-content\/uploads\/2017\/09\/conferencia-prensa-vichama.jpg","datePublished":"2017-08-17T16:46:14+00:00","author":{"@id":"https:\/\/zonacaral.gob.pe\/es\/#\/schema\/person\/beddb4d22f71a7230c5b90913270a0ee"},"description":"Valiosa informaci\u00f3n sobre los efectos del cambio clim\u00e1tico en el Per\u00fa, que se remonta a 1,800 a\u00f1os de antig\u00fcedad, y su impacto en la crisis y colapso de la civilizaci\u00f3n Caral, la m\u00e1s antigua del continente americano, es lo que revela la investigaci\u00f3n y los hallazgos realizados en el sitio arqueol\u00f3gico Vichama, ubicado en el distrito de V\u00e9gueta, provincia lime\u00f1a de Huaura.","breadcrumb":{"@id":"https:\/\/zonacaral.gob.pe\/en\/noticias\/vichama-investigaciones-revelan-efectos-del-cambio-climatico-en-peru-hace-1800-anos\/#breadcrumb"},"inLanguage":"en-US","potentialAction":[{"@type":"ReadAction","target":["https:\/\/zonacaral.gob.pe\/en\/noticias\/vichama-investigaciones-revelan-efectos-del-cambio-climatico-en-peru-hace-1800-anos\/"]}]},{"@type":"ImageObject","inLanguage":"en-US","@id":"https:\/\/zonacaral.gob.pe\/en\/noticias\/vichama-investigaciones-revelan-efectos-del-cambio-climatico-en-peru-hace-1800-anos\/#primaryimage","url":"https:\/\/zonacaral.gob.pe\/wp-content\/uploads\/2017\/09\/conferencia-prensa-vichama.jpg","contentUrl":"https:\/\/zonacaral.gob.pe\/wp-content\/uploads\/2017\/09\/conferencia-prensa-vichama.jpg","width":1800,"height":1212},{"@type":"BreadcrumbList","@id":"https:\/\/zonacaral.gob.pe\/en\/noticias\/vichama-investigaciones-revelan-efectos-del-cambio-climatico-en-peru-hace-1800-anos\/#breadcrumb","itemListElement":[{"@type":"ListItem","position":1,"name":"Portada","item":"https:\/\/zonacaral.gob.pe\/"},{"@type":"ListItem","position":2,"name":"Vichama: investigaciones revelan efectos del cambio clim\u00e1tico en Per\u00fa hace 1,800 a\u00f1os"}]},{"@type":"WebSite","@id":"https:\/\/zonacaral.gob.pe\/es\/#website","url":"https:\/\/zonacaral.gob.pe\/es\/","name":"Zona Caral","description":"Investigamos, conservamos y difundimos el patrimonio cultural de la Civilizaci\u00f3n Caral, la m\u00e1s antigua de Am\u00e9rica.","potentialAction":[{"@type":"SearchAction","target":{"@type":"EntryPoint","urlTemplate":"https:\/\/zonacaral.gob.pe\/es\/?s={search_term_string}"},"query-input":{"@type":"PropertyValueSpecification","valueRequired":true,"valueName":"search_term_string"}}],"inLanguage":"en-US"},{"@type":"Person","@id":"https:\/\/zonacaral.gob.pe\/es\/#\/schema\/person\/beddb4d22f71a7230c5b90913270a0ee","name":"Zona Caral Administrador","image":{"@type":"ImageObject","inLanguage":"en-US","@id":"https:\/\/secure.gravatar.com\/avatar\/e4be162918a696358376de6446614e0f0f4062bdc5d170d6d540ada3d8b58c12?s=96&d=mm&r=g","url":"https:\/\/secure.gravatar.com\/avatar\/e4be162918a696358376de6446614e0f0f4062bdc5d170d6d540ada3d8b58c12?s=96&d=mm&r=g","contentUrl":"https:\/\/secure.gravatar.com\/avatar\/e4be162918a696358376de6446614e0f0f4062bdc5d170d6d540ada3d8b58c12?s=96&d=mm&r=g","caption":"Zona Caral Administrador"},"sameAs":["https:\/\/zonacaral.gob.pe"],"url":"https:\/\/zonacaral.gob.pe\/en\/noticias\/author\/ad_zonacaral\/"}]}},"_links":{"self":[{"href":"https:\/\/zonacaral.gob.pe\/en\/wp-json\/wp\/v2\/posts\/11762","targetHints":{"allow":["GET"]}}],"collection":[{"href":"https:\/\/zonacaral.gob.pe\/en\/wp-json\/wp\/v2\/posts"}],"about":[{"href":"https:\/\/zonacaral.gob.pe\/en\/wp-json\/wp\/v2\/types\/post"}],"author":[{"embeddable":true,"href":"https:\/\/zonacaral.gob.pe\/en\/wp-json\/wp\/v2\/users\/1"}],"replies":[{"embeddable":true,"href":"https:\/\/zonacaral.gob.pe\/en\/wp-json\/wp\/v2\/comments?post=11762"}],"version-history":[{"count":0,"href":"https:\/\/zonacaral.gob.pe\/en\/wp-json\/wp\/v2\/posts\/11762\/revisions"}],"wp:featuredmedia":[{"embeddable":true,"href":"https:\/\/zonacaral.gob.pe\/en\/wp-json\/wp\/v2\/media\/11764"}],"wp:attachment":[{"href":"https:\/\/zonacaral.gob.pe\/en\/wp-json\/wp\/v2\/media?parent=11762"}],"wp:term":[{"taxonomy":"category","embeddable":true,"href":"https:\/\/zonacaral.gob.pe\/en\/wp-json\/wp\/v2\/categories?post=11762"},{"taxonomy":"post_tag","embeddable":true,"href":"https:\/\/zonacaral.gob.pe\/en\/wp-json\/wp\/v2\/tags?post=11762"}],"curies":[{"name":"wp","href":"https:\/\/api.w.org\/{rel}","templated":true}]}}