{"id":11767,"date":"2017-08-10T12:11:08","date_gmt":"2017-08-10T17:11:08","guid":{"rendered":"http:\/\/www.zonacaral.gob.pe\/?p=11767"},"modified":"2017-08-10T12:11:08","modified_gmt":"2017-08-10T17:11:08","slug":"restos-de-antigua-ciudad-peruana-son-memoria-colectiva-del-cambio-climatico","status":"publish","type":"post","link":"https:\/\/zonacaral.gob.pe\/en\/noticias\/restos-de-antigua-ciudad-peruana-son-memoria-colectiva-del-cambio-climatico\/","title":{"rendered":"Restos de antigua ciudad peruana son memoria colectiva del cambio clim\u00e1tico"},"content":{"rendered":"<figure class=\"pic-autor\" style=\"color: #4d4d4d; text-align: justify;\"><\/figure>\n<p style=\"text-align: justify;\">Per\u00fa resguarda en los restos arqueol\u00f3gicos de Vichama, antigua ciudad de la civilizaci\u00f3n Caral, \u00abla memoria colectiva del cambio clim\u00e1tico ocurrido hace m\u00e1s 3.800 a\u00f1os\u00bb, afirm\u00f3 hoy el jefe de campo de este complejo, Aldemar Crisp\u00edn.<\/p>\n<p style=\"text-align: justify;\">De acuerdo con el investigador, las representaciones de personajes moribundos, esquel\u00e9ticos y de peces, plasmadas en los murales de las edificaciones descubiertas en el valle de Supe a 200 kil\u00f3metros al norte de Lima, representan los efectos de una cat\u00e1strofe natural que afect\u00f3 a las poblaciones de la costa peruana en \u00e9pocas remotas.<\/p>\n<p style=\"text-align: justify;\">\u00abEs la representaci\u00f3n de un recuerdo anterior relacionado a un periodo de crisis, que estar\u00eda asociado al final de la civilizaci\u00f3n Caral, y esto motivado por los cambios medioambientales que se produjeron alrededor de 2.000 a\u00f1os a.C.\u00bb, dijo a Xinhua poco despu\u00e9s de participar en el Congreso de Arqueolog\u00eda en la sede del Ministerio de Cultura.<\/p>\n<p style=\"text-align: justify;\">Crisp\u00edn detall\u00f3 que en el edificio principal, sector A de Vichama, se encontraron dos escenas: una superior y otra inferior, los relieves en la parte superior representan seres antropomorfos (con forma humana) e ictiomorfos (con forma de peces).<\/p>\n<p style=\"text-align: justify;\">\u00abLos altos relieves de la parte inferior, muestran los personajes cadav\u00e9ricos, donde resaltan bastante las costillas, los huesos, que puede ser recordatorios del tiempo en el que hubo crisis por los cambios medio ambientales\u00bb, describi\u00f3.<\/p>\n<p style=\"text-align: justify;\">Seg\u00fan el arque\u00f3logo, estas edificaciones son, en realidad, un registro hist\u00f3rico de los efectos del cambio clim\u00e1tico y la hambruna que ocurrieron en la costa peruana durante la antig\u00fcedad.<\/p>\n<p style=\"text-align: justify;\">Crisp\u00edn explic\u00f3 que, tal como ocurre actualmente con las cat\u00e1strofes naturales ocasionadas por el fen\u00f3meno de El Ni\u00f1o, a lo largo de los \u00faltimos 5.000 a\u00f1os la costa peruana ha sido escenario de desastres naturales de gran magnitud.<\/p>\n<p style=\"text-align: justify;\">\u00abAs\u00ed como ahora, hemos visto el \u00faltimo evento de El Ni\u00f1o costero, tambi\u00e9n se han producido en la antig\u00fcedad y esto ha tra\u00eddo consecuencias en la producci\u00f3n agr\u00edcola\u00bb, sostuvo Crisp\u00edn.<\/p>\n<p style=\"text-align: justify;\">Los recientes desastres naturales ocurridos en Per\u00fa a causa de El Ni\u00f1o costero, dejaron m\u00e1s de 150.000 damnificados y 210.000 viviendas afectadas.<\/p>\n<p style=\"text-align: justify;\">Crisp\u00edn explic\u00f3 que los altos relieves que adornan algunos recintos del complejo arqueol\u00f3gico est\u00e1n graficados con peces, anchovetas en su mayor\u00eda, las cuales, como en la actualidad, eran un alimento esencial para las poblaciones costeras de la antig\u00fcedad.<\/p>\n<p style=\"text-align: justify;\">\u00abEn el caso de Caral, los fen\u00f3menos medioambientales no s\u00f3lo afectaron el interior del valle agr\u00edcola, sino que, tambi\u00e9n, afectaron el litoral marino y las consecuencias las sufrieron las poblaciones. No hay producci\u00f3n agr\u00edcola, no hay alimentos y no hay anchoveta\u00bb, anot\u00f3.<\/p>\n<p style=\"text-align: justify;\">Los estudios realizados por los investigadores determinaron la existencia de un mayor porcentaje de anchoveta en los restos arqueol\u00f3gicos de Caral, por encima de otras especies de peces.<\/p>\n<p style=\"text-align: justify;\">\u00abHemos encontrado restos de vertebras de anchoveta y la tecnolog\u00eda que usaban para conservar este alimento era el secado, una tradici\u00f3n muy antigua que a\u00fan se conserva\u00bb, indic\u00f3 el experto.<\/p>\n<p style=\"text-align: justify;\">En el actual distrito de Carqu\u00edn, una localidad cercana a Caral, los descendientes de esta civilizaci\u00f3n contin\u00faan con la pr\u00e1ctica ancestral del secado de pescado con sal, la cual es conocida como charqui (derivado del quechua, \u00absecado\u00bb).<\/p>\n<p style=\"text-align: justify;\">\u00abCon la anchoveta seca preparan el plato que se llama Charquican, que es un guiso con papas, un plato ancestral\u00bb, resalt\u00f3 Crisp\u00edn.<\/p>\n<p style=\"text-align: justify;\">Asimismo, reiter\u00f3 que las representaciones que evidencian los efectos de un cataclismo clim\u00e1tico y sus efectos en las poblaciones antiguas de la costa peruana se plasmaron en las representaciones antropomorfas e ictiomorfas encontradas en las edificaciones del complejo de Vichama.<\/p>\n<p style=\"text-align: justify;\">\u00abEs una simbolog\u00eda, como un recordatorio de lo que ha ocurrido. No es solo una persona o dos, es un colectivo lo que muestran estas representaciones\u00bb, subray\u00f3 el arque\u00f3logo.<\/p>\n<p style=\"text-align: justify;\">La ubicaci\u00f3n de este complejo se encuentra a una altura estimada de 50 metros, resguardado de los causes de los r\u00edos y posibles inundaciones de las aguas del Oc\u00e9ano Pac\u00edfico, lo cual seg\u00fan el experto es reflejo de la previsi\u00f3n de los antiguos habitantes.<\/p>\n<p style=\"text-align: justify;\">\u00abVichama tiene este recordatorio y esto (la altura), aparentemente, les habr\u00eda servido porque los restos arqueol\u00f3gicos no se encuentran dentro de una plataforma fluvial, sino que est\u00e1n ubicado en un cerro, alejado de un lugar que pueda ser arrastrado por inundaciones ya sea del r\u00edo o del mar, esto significa previsi\u00f3n\u00bb, indic\u00f3.<\/p>\n<p style=\"text-align: justify;\">Asimismo, Crisp\u00edn asegur\u00f3 que este testimonio arquitect\u00f3nico, donde se representa los efectos del cambio clim\u00e1tico, es el \u00fanico en el mundo del que se tiene conocimiento actualmente.<\/p>\n<p style=\"text-align: justify;\"><strong>Fuente:\u00a0<a href=\"http:\/\/spanish.xinhuanet.com\/2017-08\/10\/c_136513666.htm\" target=\"_blank\">Agencia de Noticias\u00a0Xinhua<\/a><\/strong><\/p>\n<div style=\"color: #1f1f1f;\">\n<p style=\"text-align: justify;\">Fecha de publicaci\u00f3n: 10\/08\/2017<\/p>\n<\/div>","protected":false},"excerpt":{"rendered":"<p>Per\u00fa resguarda en los restos arqueol\u00f3gicos de Vichama, antigua ciudad de la civilizaci\u00f3n Caral, \u00abla memoria colectiva del cambio clim\u00e1tico [&hellip;]<\/p>\n","protected":false},"author":1,"featured_media":11768,"comment_status":"closed","ping_status":"open","sticky":false,"template":"","format":"standard","meta":{"_acf_changed":false,"site-sidebar-layout":"default","site-content-layout":"","ast-site-content-layout":"default","site-content-style":"default","site-sidebar-style":"default","ast-global-header-display":"","ast-banner-title-visibility":"","ast-main-header-display":"","ast-hfb-above-header-display":"","ast-hfb-below-header-display":"","ast-hfb-mobile-header-display":"","site-post-title":"","ast-breadcrumbs-content":"","ast-featured-img":"","footer-sml-layout":"","ast-disable-related-posts":"","theme-transparent-header-meta":"","adv-header-id-meta":"","stick-header-meta":"","header-above-stick-meta":"","header-main-stick-meta":"","header-below-stick-meta":"","astra-migrate-meta-layouts":"default","ast-page-background-enabled":"default","ast-page-background-meta":{"desktop":{"background-color":"var(--ast-global-color-5)","background-image":"","background-repeat":"repeat","background-position":"center center","background-size":"auto","background-attachment":"scroll","background-type":"","background-media":"","overlay-type":"","overlay-color":"","overlay-opacity":"","overlay-gradient":""},"tablet":{"background-color":"","background-image":"","background-repeat":"repeat","background-position":"center center","background-size":"auto","background-attachment":"scroll","background-type":"","background-media":"","overlay-type":"","overlay-color":"","overlay-opacity":"","overlay-gradient":""},"mobile":{"background-color":"","background-image":"","background-repeat":"repeat","background-position":"center center","background-size":"auto","background-attachment":"scroll","background-type":"","background-media":"","overlay-type":"","overlay-color":"","overlay-opacity":"","overlay-gradient":""}},"ast-content-background-meta":{"desktop":{"background-color":"var(--ast-global-color-4)","background-image":"","background-repeat":"repeat","background-position":"center center","background-size":"auto","background-attachment":"scroll","background-type":"","background-media":"","overlay-type":"","overlay-color":"","overlay-opacity":"","overlay-gradient":""},"tablet":{"background-color":"var(--ast-global-color-4)","background-image":"","background-repeat":"repeat","background-position":"center center","background-size":"auto","background-attachment":"scroll","background-type":"","background-media":"","overlay-type":"","overlay-color":"","overlay-opacity":"","overlay-gradient":""},"mobile":{"background-color":"var(--ast-global-color-4)","background-image":"","background-repeat":"repeat","background-position":"center center","background-size":"auto","background-attachment":"scroll","background-type":"","background-media":"","overlay-type":"","overlay-color":"","overlay-opacity":"","overlay-gradient":""}},"footnotes":""},"categories":[208],"tags":[54,61],"class_list":["post-11767","post","type-post","status-publish","format-standard","has-post-thumbnail","hentry","category-noticias","tag-aniversario","tag-vichama"],"acf":[],"yoast_head":"<!-- This site is optimized with the Yoast SEO plugin v27.3 - https:\/\/yoast.com\/product\/yoast-seo-wordpress\/ -->\n<title>Restos de antigua ciudad peruana son memoria colectiva del cambio clim\u00e1tico<\/title>\n<meta name=\"description\" content=\"Per\u00fa resguarda en los restos arqueol\u00f3gicos de Vichama, antigua ciudad de la civilizaci\u00f3n Caral, &quot;la memoria colectiva del cambio clim\u00e1tico ocurrido hace m\u00e1s 3.800 a\u00f1os&quot;, afirm\u00f3 hoy el jefe de campo de este complejo, Aldemar Crisp\u00edn.\" \/>\n<meta name=\"robots\" content=\"index, follow, max-snippet:-1, max-image-preview:large, max-video-preview:-1\" \/>\n<link rel=\"canonical\" href=\"https:\/\/zonacaral.gob.pe\/en\/noticias\/restos-de-antigua-ciudad-peruana-son-memoria-colectiva-del-cambio-climatico\/\" \/>\n<meta property=\"og:locale\" content=\"en_US\" \/>\n<meta property=\"og:type\" content=\"article\" \/>\n<meta property=\"og:title\" content=\"Restos de antigua ciudad peruana son memoria colectiva del cambio clim\u00e1tico\" \/>\n<meta property=\"og:description\" content=\"Per\u00fa resguarda en los restos arqueol\u00f3gicos de Vichama, antigua ciudad de la civilizaci\u00f3n Caral, &quot;la memoria colectiva del cambio clim\u00e1tico ocurrido hace m\u00e1s 3.800 a\u00f1os&quot;, afirm\u00f3 hoy el jefe de campo de este complejo, Aldemar Crisp\u00edn.\" \/>\n<meta property=\"og:url\" content=\"https:\/\/zonacaral.gob.pe\/en\/noticias\/restos-de-antigua-ciudad-peruana-son-memoria-colectiva-del-cambio-climatico\/\" \/>\n<meta property=\"og:site_name\" content=\"Zona Caral\" \/>\n<meta property=\"article:published_time\" content=\"2017-08-10T17:11:08+00:00\" \/>\n<meta property=\"og:image\" content=\"https:\/\/zonacaral.gob.pe\/wp-content\/uploads\/2017\/09\/sapo.jpg\" \/>\n\t<meta property=\"og:image:width\" content=\"950\" \/>\n\t<meta property=\"og:image:height\" content=\"530\" \/>\n\t<meta property=\"og:image:type\" content=\"image\/jpeg\" \/>\n<meta name=\"author\" content=\"Zona Caral Administrador\" \/>\n<meta name=\"twitter:card\" content=\"summary_large_image\" \/>\n<meta name=\"twitter:label1\" content=\"Written by\" \/>\n\t<meta name=\"twitter:data1\" content=\"Zona Caral Administrador\" \/>\n\t<meta name=\"twitter:label2\" content=\"Est. reading time\" \/>\n\t<meta name=\"twitter:data2\" content=\"4 minutes\" \/>\n<script type=\"application\/ld+json\" class=\"yoast-schema-graph\">{\"@context\":\"https:\\\/\\\/schema.org\",\"@graph\":[{\"@type\":\"Article\",\"@id\":\"https:\\\/\\\/zonacaral.gob.pe\\\/es\\\/noticias\\\/restos-de-antigua-ciudad-peruana-son-memoria-colectiva-del-cambio-climatico\\\/#article\",\"isPartOf\":{\"@id\":\"https:\\\/\\\/zonacaral.gob.pe\\\/es\\\/noticias\\\/restos-de-antigua-ciudad-peruana-son-memoria-colectiva-del-cambio-climatico\\\/\"},\"author\":{\"name\":\"Zona Caral Administrador\",\"@id\":\"https:\\\/\\\/zonacaral.gob.pe\\\/es\\\/#\\\/schema\\\/person\\\/beddb4d22f71a7230c5b90913270a0ee\"},\"headline\":\"Restos de antigua ciudad peruana son memoria colectiva del cambio clim\u00e1tico\",\"datePublished\":\"2017-08-10T17:11:08+00:00\",\"mainEntityOfPage\":{\"@id\":\"https:\\\/\\\/zonacaral.gob.pe\\\/es\\\/noticias\\\/restos-de-antigua-ciudad-peruana-son-memoria-colectiva-del-cambio-climatico\\\/\"},\"wordCount\":814,\"image\":{\"@id\":\"https:\\\/\\\/zonacaral.gob.pe\\\/es\\\/noticias\\\/restos-de-antigua-ciudad-peruana-son-memoria-colectiva-del-cambio-climatico\\\/#primaryimage\"},\"thumbnailUrl\":\"https:\\\/\\\/zonacaral.gob.pe\\\/wp-content\\\/uploads\\\/2017\\\/09\\\/sapo.jpg\",\"keywords\":[\"aniversario\",\"vichama\"],\"articleSection\":[\"noticias\"],\"inLanguage\":\"en-US\"},{\"@type\":\"WebPage\",\"@id\":\"https:\\\/\\\/zonacaral.gob.pe\\\/es\\\/noticias\\\/restos-de-antigua-ciudad-peruana-son-memoria-colectiva-del-cambio-climatico\\\/\",\"url\":\"https:\\\/\\\/zonacaral.gob.pe\\\/es\\\/noticias\\\/restos-de-antigua-ciudad-peruana-son-memoria-colectiva-del-cambio-climatico\\\/\",\"name\":\"Restos de antigua ciudad peruana son memoria colectiva del cambio clim\u00e1tico\",\"isPartOf\":{\"@id\":\"https:\\\/\\\/zonacaral.gob.pe\\\/es\\\/#website\"},\"primaryImageOfPage\":{\"@id\":\"https:\\\/\\\/zonacaral.gob.pe\\\/es\\\/noticias\\\/restos-de-antigua-ciudad-peruana-son-memoria-colectiva-del-cambio-climatico\\\/#primaryimage\"},\"image\":{\"@id\":\"https:\\\/\\\/zonacaral.gob.pe\\\/es\\\/noticias\\\/restos-de-antigua-ciudad-peruana-son-memoria-colectiva-del-cambio-climatico\\\/#primaryimage\"},\"thumbnailUrl\":\"https:\\\/\\\/zonacaral.gob.pe\\\/wp-content\\\/uploads\\\/2017\\\/09\\\/sapo.jpg\",\"datePublished\":\"2017-08-10T17:11:08+00:00\",\"author\":{\"@id\":\"https:\\\/\\\/zonacaral.gob.pe\\\/es\\\/#\\\/schema\\\/person\\\/beddb4d22f71a7230c5b90913270a0ee\"},\"description\":\"Per\u00fa resguarda en los restos arqueol\u00f3gicos de Vichama, antigua ciudad de la civilizaci\u00f3n Caral, \\\"la memoria colectiva del cambio clim\u00e1tico ocurrido hace m\u00e1s 3.800 a\u00f1os\\\", afirm\u00f3 hoy el jefe de campo de este complejo, Aldemar Crisp\u00edn.\",\"breadcrumb\":{\"@id\":\"https:\\\/\\\/zonacaral.gob.pe\\\/es\\\/noticias\\\/restos-de-antigua-ciudad-peruana-son-memoria-colectiva-del-cambio-climatico\\\/#breadcrumb\"},\"inLanguage\":\"en-US\",\"potentialAction\":[{\"@type\":\"ReadAction\",\"target\":[\"https:\\\/\\\/zonacaral.gob.pe\\\/es\\\/noticias\\\/restos-de-antigua-ciudad-peruana-son-memoria-colectiva-del-cambio-climatico\\\/\"]}]},{\"@type\":\"ImageObject\",\"inLanguage\":\"en-US\",\"@id\":\"https:\\\/\\\/zonacaral.gob.pe\\\/es\\\/noticias\\\/restos-de-antigua-ciudad-peruana-son-memoria-colectiva-del-cambio-climatico\\\/#primaryimage\",\"url\":\"https:\\\/\\\/zonacaral.gob.pe\\\/wp-content\\\/uploads\\\/2017\\\/09\\\/sapo.jpg\",\"contentUrl\":\"https:\\\/\\\/zonacaral.gob.pe\\\/wp-content\\\/uploads\\\/2017\\\/09\\\/sapo.jpg\",\"width\":950,\"height\":530},{\"@type\":\"BreadcrumbList\",\"@id\":\"https:\\\/\\\/zonacaral.gob.pe\\\/es\\\/noticias\\\/restos-de-antigua-ciudad-peruana-son-memoria-colectiva-del-cambio-climatico\\\/#breadcrumb\",\"itemListElement\":[{\"@type\":\"ListItem\",\"position\":1,\"name\":\"Portada\",\"item\":\"https:\\\/\\\/zonacaral.gob.pe\\\/\"},{\"@type\":\"ListItem\",\"position\":2,\"name\":\"Restos de antigua ciudad peruana son memoria colectiva del cambio clim\u00e1tico\"}]},{\"@type\":\"WebSite\",\"@id\":\"https:\\\/\\\/zonacaral.gob.pe\\\/es\\\/#website\",\"url\":\"https:\\\/\\\/zonacaral.gob.pe\\\/es\\\/\",\"name\":\"Zona Caral\",\"description\":\"Investigamos, conservamos y difundimos el patrimonio cultural de la Civilizaci\u00f3n Caral, la m\u00e1s antigua de Am\u00e9rica.\",\"potentialAction\":[{\"@type\":\"SearchAction\",\"target\":{\"@type\":\"EntryPoint\",\"urlTemplate\":\"https:\\\/\\\/zonacaral.gob.pe\\\/es\\\/?s={search_term_string}\"},\"query-input\":{\"@type\":\"PropertyValueSpecification\",\"valueRequired\":true,\"valueName\":\"search_term_string\"}}],\"inLanguage\":\"en-US\"},{\"@type\":\"Person\",\"@id\":\"https:\\\/\\\/zonacaral.gob.pe\\\/es\\\/#\\\/schema\\\/person\\\/beddb4d22f71a7230c5b90913270a0ee\",\"name\":\"Zona Caral Administrador\",\"image\":{\"@type\":\"ImageObject\",\"inLanguage\":\"en-US\",\"@id\":\"https:\\\/\\\/secure.gravatar.com\\\/avatar\\\/e4be162918a696358376de6446614e0f0f4062bdc5d170d6d540ada3d8b58c12?s=96&d=mm&r=g\",\"url\":\"https:\\\/\\\/secure.gravatar.com\\\/avatar\\\/e4be162918a696358376de6446614e0f0f4062bdc5d170d6d540ada3d8b58c12?s=96&d=mm&r=g\",\"contentUrl\":\"https:\\\/\\\/secure.gravatar.com\\\/avatar\\\/e4be162918a696358376de6446614e0f0f4062bdc5d170d6d540ada3d8b58c12?s=96&d=mm&r=g\",\"caption\":\"Zona Caral Administrador\"},\"sameAs\":[\"https:\\\/\\\/zonacaral.gob.pe\"],\"url\":\"https:\\\/\\\/zonacaral.gob.pe\\\/en\\\/noticias\\\/author\\\/ad_zonacaral\\\/\"}]}<\/script>\n<!-- \/ Yoast SEO plugin. -->","yoast_head_json":{"title":"Restos de antigua ciudad peruana son memoria colectiva del cambio clim\u00e1tico","description":"Per\u00fa resguarda en los restos arqueol\u00f3gicos de Vichama, antigua ciudad de la civilizaci\u00f3n Caral, \"la memoria colectiva del cambio clim\u00e1tico ocurrido hace m\u00e1s 3.800 a\u00f1os\", afirm\u00f3 hoy el jefe de campo de este complejo, Aldemar Crisp\u00edn.","robots":{"index":"index","follow":"follow","max-snippet":"max-snippet:-1","max-image-preview":"max-image-preview:large","max-video-preview":"max-video-preview:-1"},"canonical":"https:\/\/zonacaral.gob.pe\/en\/noticias\/restos-de-antigua-ciudad-peruana-son-memoria-colectiva-del-cambio-climatico\/","og_locale":"en_US","og_type":"article","og_title":"Restos de antigua ciudad peruana son memoria colectiva del cambio clim\u00e1tico","og_description":"Per\u00fa resguarda en los restos arqueol\u00f3gicos de Vichama, antigua ciudad de la civilizaci\u00f3n Caral, \"la memoria colectiva del cambio clim\u00e1tico ocurrido hace m\u00e1s 3.800 a\u00f1os\", afirm\u00f3 hoy el jefe de campo de este complejo, Aldemar Crisp\u00edn.","og_url":"https:\/\/zonacaral.gob.pe\/en\/noticias\/restos-de-antigua-ciudad-peruana-son-memoria-colectiva-del-cambio-climatico\/","og_site_name":"Zona Caral","article_published_time":"2017-08-10T17:11:08+00:00","og_image":[{"width":950,"height":530,"url":"https:\/\/zonacaral.gob.pe\/wp-content\/uploads\/2017\/09\/sapo.jpg","type":"image\/jpeg"}],"author":"Zona Caral Administrador","twitter_card":"summary_large_image","twitter_misc":{"Written by":"Zona Caral Administrador","Est. reading time":"4 minutes"},"schema":{"@context":"https:\/\/schema.org","@graph":[{"@type":"Article","@id":"https:\/\/zonacaral.gob.pe\/es\/noticias\/restos-de-antigua-ciudad-peruana-son-memoria-colectiva-del-cambio-climatico\/#article","isPartOf":{"@id":"https:\/\/zonacaral.gob.pe\/es\/noticias\/restos-de-antigua-ciudad-peruana-son-memoria-colectiva-del-cambio-climatico\/"},"author":{"name":"Zona Caral Administrador","@id":"https:\/\/zonacaral.gob.pe\/es\/#\/schema\/person\/beddb4d22f71a7230c5b90913270a0ee"},"headline":"Restos de antigua ciudad peruana son memoria colectiva del cambio clim\u00e1tico","datePublished":"2017-08-10T17:11:08+00:00","mainEntityOfPage":{"@id":"https:\/\/zonacaral.gob.pe\/es\/noticias\/restos-de-antigua-ciudad-peruana-son-memoria-colectiva-del-cambio-climatico\/"},"wordCount":814,"image":{"@id":"https:\/\/zonacaral.gob.pe\/es\/noticias\/restos-de-antigua-ciudad-peruana-son-memoria-colectiva-del-cambio-climatico\/#primaryimage"},"thumbnailUrl":"https:\/\/zonacaral.gob.pe\/wp-content\/uploads\/2017\/09\/sapo.jpg","keywords":["aniversario","vichama"],"articleSection":["noticias"],"inLanguage":"en-US"},{"@type":"WebPage","@id":"https:\/\/zonacaral.gob.pe\/es\/noticias\/restos-de-antigua-ciudad-peruana-son-memoria-colectiva-del-cambio-climatico\/","url":"https:\/\/zonacaral.gob.pe\/es\/noticias\/restos-de-antigua-ciudad-peruana-son-memoria-colectiva-del-cambio-climatico\/","name":"Restos de antigua ciudad peruana son memoria colectiva del cambio clim\u00e1tico","isPartOf":{"@id":"https:\/\/zonacaral.gob.pe\/es\/#website"},"primaryImageOfPage":{"@id":"https:\/\/zonacaral.gob.pe\/es\/noticias\/restos-de-antigua-ciudad-peruana-son-memoria-colectiva-del-cambio-climatico\/#primaryimage"},"image":{"@id":"https:\/\/zonacaral.gob.pe\/es\/noticias\/restos-de-antigua-ciudad-peruana-son-memoria-colectiva-del-cambio-climatico\/#primaryimage"},"thumbnailUrl":"https:\/\/zonacaral.gob.pe\/wp-content\/uploads\/2017\/09\/sapo.jpg","datePublished":"2017-08-10T17:11:08+00:00","author":{"@id":"https:\/\/zonacaral.gob.pe\/es\/#\/schema\/person\/beddb4d22f71a7230c5b90913270a0ee"},"description":"Per\u00fa resguarda en los restos arqueol\u00f3gicos de Vichama, antigua ciudad de la civilizaci\u00f3n Caral, \"la memoria colectiva del cambio clim\u00e1tico ocurrido hace m\u00e1s 3.800 a\u00f1os\", afirm\u00f3 hoy el jefe de campo de este complejo, Aldemar Crisp\u00edn.","breadcrumb":{"@id":"https:\/\/zonacaral.gob.pe\/es\/noticias\/restos-de-antigua-ciudad-peruana-son-memoria-colectiva-del-cambio-climatico\/#breadcrumb"},"inLanguage":"en-US","potentialAction":[{"@type":"ReadAction","target":["https:\/\/zonacaral.gob.pe\/es\/noticias\/restos-de-antigua-ciudad-peruana-son-memoria-colectiva-del-cambio-climatico\/"]}]},{"@type":"ImageObject","inLanguage":"en-US","@id":"https:\/\/zonacaral.gob.pe\/es\/noticias\/restos-de-antigua-ciudad-peruana-son-memoria-colectiva-del-cambio-climatico\/#primaryimage","url":"https:\/\/zonacaral.gob.pe\/wp-content\/uploads\/2017\/09\/sapo.jpg","contentUrl":"https:\/\/zonacaral.gob.pe\/wp-content\/uploads\/2017\/09\/sapo.jpg","width":950,"height":530},{"@type":"BreadcrumbList","@id":"https:\/\/zonacaral.gob.pe\/es\/noticias\/restos-de-antigua-ciudad-peruana-son-memoria-colectiva-del-cambio-climatico\/#breadcrumb","itemListElement":[{"@type":"ListItem","position":1,"name":"Portada","item":"https:\/\/zonacaral.gob.pe\/"},{"@type":"ListItem","position":2,"name":"Restos de antigua ciudad peruana son memoria colectiva del cambio clim\u00e1tico"}]},{"@type":"WebSite","@id":"https:\/\/zonacaral.gob.pe\/es\/#website","url":"https:\/\/zonacaral.gob.pe\/es\/","name":"Zona Caral","description":"Investigamos, conservamos y difundimos el patrimonio cultural de la Civilizaci\u00f3n Caral, la m\u00e1s antigua de Am\u00e9rica.","potentialAction":[{"@type":"SearchAction","target":{"@type":"EntryPoint","urlTemplate":"https:\/\/zonacaral.gob.pe\/es\/?s={search_term_string}"},"query-input":{"@type":"PropertyValueSpecification","valueRequired":true,"valueName":"search_term_string"}}],"inLanguage":"en-US"},{"@type":"Person","@id":"https:\/\/zonacaral.gob.pe\/es\/#\/schema\/person\/beddb4d22f71a7230c5b90913270a0ee","name":"Zona Caral Administrador","image":{"@type":"ImageObject","inLanguage":"en-US","@id":"https:\/\/secure.gravatar.com\/avatar\/e4be162918a696358376de6446614e0f0f4062bdc5d170d6d540ada3d8b58c12?s=96&d=mm&r=g","url":"https:\/\/secure.gravatar.com\/avatar\/e4be162918a696358376de6446614e0f0f4062bdc5d170d6d540ada3d8b58c12?s=96&d=mm&r=g","contentUrl":"https:\/\/secure.gravatar.com\/avatar\/e4be162918a696358376de6446614e0f0f4062bdc5d170d6d540ada3d8b58c12?s=96&d=mm&r=g","caption":"Zona Caral Administrador"},"sameAs":["https:\/\/zonacaral.gob.pe"],"url":"https:\/\/zonacaral.gob.pe\/en\/noticias\/author\/ad_zonacaral\/"}]}},"_links":{"self":[{"href":"https:\/\/zonacaral.gob.pe\/en\/wp-json\/wp\/v2\/posts\/11767","targetHints":{"allow":["GET"]}}],"collection":[{"href":"https:\/\/zonacaral.gob.pe\/en\/wp-json\/wp\/v2\/posts"}],"about":[{"href":"https:\/\/zonacaral.gob.pe\/en\/wp-json\/wp\/v2\/types\/post"}],"author":[{"embeddable":true,"href":"https:\/\/zonacaral.gob.pe\/en\/wp-json\/wp\/v2\/users\/1"}],"replies":[{"embeddable":true,"href":"https:\/\/zonacaral.gob.pe\/en\/wp-json\/wp\/v2\/comments?post=11767"}],"version-history":[{"count":0,"href":"https:\/\/zonacaral.gob.pe\/en\/wp-json\/wp\/v2\/posts\/11767\/revisions"}],"wp:featuredmedia":[{"embeddable":true,"href":"https:\/\/zonacaral.gob.pe\/en\/wp-json\/wp\/v2\/media\/11768"}],"wp:attachment":[{"href":"https:\/\/zonacaral.gob.pe\/en\/wp-json\/wp\/v2\/media?parent=11767"}],"wp:term":[{"taxonomy":"category","embeddable":true,"href":"https:\/\/zonacaral.gob.pe\/en\/wp-json\/wp\/v2\/categories?post=11767"},{"taxonomy":"post_tag","embeddable":true,"href":"https:\/\/zonacaral.gob.pe\/en\/wp-json\/wp\/v2\/tags?post=11767"}],"curies":[{"name":"wp","href":"https:\/\/api.w.org\/{rel}","templated":true}]}}