{"id":11929,"date":"2017-11-07T11:15:58","date_gmt":"2017-11-07T16:15:58","guid":{"rendered":"http:\/\/www.zonacaral.gob.pe\/?p=11929"},"modified":"2017-11-07T11:15:58","modified_gmt":"2017-11-07T16:15:58","slug":"caral-raymi-asi-celebro-la-zona-arqueologica-caral-los-23-anos-de-investigacion-sobre-la-civilizacion-caral","status":"publish","type":"post","link":"https:\/\/zonacaral.gob.pe\/en\/noticias\/caral-raymi-asi-celebro-la-zona-arqueologica-caral-los-23-anos-de-investigacion-sobre-la-civilizacion-caral\/","title":{"rendered":"\u201cCARAL RAYMI\u201d As\u00ed celebr\u00f3 la Zona Arqueol\u00f3gica Caral los 23 a\u00f1os de investigaci\u00f3n sobre la CIVILIZACI\u00d3N CARAL"},"content":{"rendered":"<figure class=\"pic-autor\" style=\"color: #4d4d4d; text-align: justify;\"><\/figure>\n<p style=\"text-align: justify;\">La Zona Arqueol\u00f3gica Caral, unidad ejecutora 003 del Ministerio de Cultura, celebr\u00f3 veintitr\u00e9s a\u00f1os del inicio de las investigaciones sobre la Civilizaci\u00f3n Caral y la puesta en valor del sitio arqueol\u00f3gico Ciudad Sagrada de Caral. Miles de turistas llegaron desde distintos puntos del pa\u00eds y del extranjero para disfrutar de las actividades organizadas en el distrito de Supe y en el sitio arqueol\u00f3gico, en los d\u00edas viernes 27 y s\u00e1bado 28 de octubre de 2017.<\/p>\n<p style=\"text-align: justify;\">Han transcurrido 23 a\u00f1os desde que, en 1994, la doctora Ruth Shady y un grupo de arque\u00f3logos iniciaran investigaciones en el valle de Supe. Desde sus primeros reportes cient\u00edficos, los centros urbanos de la Civilizaci\u00f3n Caral llamaron la atenci\u00f3n por su extensi\u00f3n y por la monumentalidad de sus edificaciones, entre los que destaca la Ciudad Sagrada de Caral. Mediante las investigaciones se viene recuperando informaci\u00f3n sobre el proceso civilizatorio y los cambios que se fueron dando entre 5000 y 3800 a\u00f1os antes del presente.<\/p>\n<p style=\"text-align: justify;\">El emblem\u00e1tico sitio arqueol\u00f3gico Ciudad Sagrada de Caral, con su planificaci\u00f3n urbana y arquitectura compleja, representa una obra maestra del genio creador peruano, que a\u00fan sigue sorprendiendo en nuestros tiempos. Su aporte, como testimonio excepcional de la Civilizaci\u00f3n Caral y de su tradici\u00f3n cultural, le ha valido que en el a\u00f1o 2002, fuera declarada por el Estado peruano como Patrimonio Cultural de la Naci\u00f3n; y, en el a\u00f1o 2009, el reconocimiento como Patrimonio Mundial por el Centro del Patrimonio Mundial de la UNESCO. Esta distinci\u00f3n ha sido un aporte al reconocimiento mundial de la cultura peruana.<\/p>\n<p style=\"text-align: justify;\">A trav\u00e9s de la civilizaci\u00f3n Caral, los peruanos conoceremos c\u00f3mo se manej\u00f3 esta parte de nuestro territorio en el pasado, qu\u00e9 resultados se obtuvieron; as\u00ed como tambi\u00e9n, qu\u00e9 ciencia y tecnolog\u00eda fueron aplicados en diversos campos de la vida organizada: la estabilidad de las estructuras edificadas (construcciones sismorresistentes); el mejoramiento de especies agr\u00edcolas (algod\u00f3n de colores naturales), el registro astron\u00f3mico en la medici\u00f3n del y en la predicci\u00f3n de cambios clim\u00e1ticos, la identificaci\u00f3n de plantas con propiedades medicinales (sauce, guayaba, etc.), la resistencia de fibras vegetales como la cortaderia, o la calidad, longitud y suavidad del algod\u00f3n de colores, el manejo de la energ\u00eda del viento (mec\u00e1nica de fluidos) y del sol (secado de alimentos para su conservaci\u00f3n por periodos largos), entre otros.<\/p>\n<p style=\"text-align: justify;\">Su econom\u00eda era de intercambio agr\u00edcola-pesquero; los pobladores del litoral pescaron y recolectaron principalmente la anchoveta, choros morados y machas, y los agricultores del valle produjeron algod\u00f3n de colores, mates y especies alimenticias como achira, frijol, camote, guayaba, zapallo, calabaza, man\u00ed, palta, aj\u00ed, pacae, ma\u00edz, etc.<\/p>\n<h2 style=\"text-align: justify;\">\u00abCARAL RAYMI\u00bb programa cultural de aniversario<\/h2>\n<p style=\"text-align: justify;\">La Zona Arqueol\u00f3gica Caral, continuando con la antigua tradici\u00f3n andina, de realizar reuniones con la participaci\u00f3n de las poblaciones, las autoridades del Estado y de la sociedad civil, organiz\u00f3 el programa cultural \u00abCARAL RAYMI\u00bb con el inter\u00e9s de fortalecer la identidad cultural y la cohesi\u00f3n social.<\/p>\n<p style=\"text-align: justify;\">Las actividades conmemorativas se iniciaron el viernes 27 de octubre, con el<strong> \u00abPasacalle de Integraci\u00f3n Caralina\u00bb<\/strong>, en la plaza de armas del distrito de Supe. Cont\u00f3 con la participaci\u00f3n de estudiantes de los niveles inicial, primaria y secundaria de siete instituciones educativas del distrito de Supe. El objetivo de esta actividad fue vincular a la poblaci\u00f3n con los valores culturales y sociales recuperados en los centros urbanos de la Civilizaci\u00f3n Caral.<\/p>\n<p style=\"text-align: justify;\">El programa continu\u00f3 en la Ciudad Sagrada de Caral, cientos de visitantes se concentraron en la Casa del Arque\u00f3logo de Caral y se desplazaron juntos hacia el \u00abApu Gozne\u00bb, en la ciudad sagrada, para participar en la <strong>ceremonia tradicional \u00abPago a la madre tierra, Pachamama\u00bb<\/strong>, oficiada por los maestros Irma Morales Salas y David Su\u00e1rez Tomaylla de la \u00abComunidad Espiritual Andino Amaz\u00f3nica\u00bb. Con este importante ritual de la tradici\u00f3n andina se dio inicio a un nuevo ciclo en el que los hombres y mujeres renuevan sus energ\u00edas y se agradece por los bienes recibidos.<\/p>\n<p style=\"text-align: justify;\">Seguidamente, el p\u00fablico presenci\u00f3 la obra \u00abCaral de Arcilla, Caral de Fuego\u00bb, interpretada por la actriz nacional Rebeca Raez, con el acompa\u00f1amiento musical de Ruy Hinostroza.<\/p>\n<p style=\"text-align: justify;\">En torno al fuego sagrado, los asistentes bailaron con renovadas energ\u00edas por el inicio de un nuevo ciclo. El cierre de la ceremonia estuvo a cargo de Sikuris de la \u00abComunidad Art\u00edstica Ichma\u00bb.<\/p>\n<h2 style=\"text-align: justify;\">Festival Cultural.<\/h2>\n<p style=\"text-align: justify;\">El programa del s\u00e1bado 28 de octubre, se inici\u00f3 con la presentaci\u00f3n de los valores culturales y sociales de la Civilizaci\u00f3n Caral. Se realizaron <strong>visitas guiadas<\/strong> a: la exposici\u00f3n museogr\u00e1fica<strong> \u00abT\u00fanel de la Ciencia y Tecnolog\u00eda Andina\u00bb<\/strong>, para transmitir al visitante la producci\u00f3n de conocimientos en armon\u00eda con la inteligencia emocional para el Buen Vivir; el <strong>Centro de Interpretaci\u00f3n<\/strong>, para dar a conocer los nuevos conocimientos sobre la historia social, recuperada en los diferentes centros urbanos que vienen siendo intervenidos; y, al sitio arqueol\u00f3gico <strong>Ciudad Sagrada de Caral<\/strong>, para apreciar el impresionante dise\u00f1o urbano en armon\u00eda con la naturaleza y el medio ambiente; y, en particular las viviendas de los sectores residenciales diversos, as\u00ed como la parroquia de la periferia.<\/p>\n<p style=\"text-align: justify;\">Los asistentes tambi\u00e9n participaron en el <strong>\u00abCatu Caral\u00bb<\/strong>, exposici\u00f3n y venta de productos elaborados por la poblaci\u00f3n actual; en la exposici\u00f3n art\u00edstica: <strong>\u00abUna Visi\u00f3n de la Ciudad Sagrada de Caral\u00bb<\/strong>, presentada por la Asociaci\u00f3n Peruana de Artistas Pl\u00e1sticos &#8211; ASPAP, en homenaje a la ciudad sagrada; y, en la exposici\u00f3n de los artistas pl\u00e1sticos Enrique Gald\u00f3s y Juan Trujillo.<\/p>\n<p style=\"text-align: justify;\">Durante el <strong>concurso y festival gastron\u00f3mico: \u00abEl Sabor de mi Tierra\u00bb<\/strong>, se realiz\u00f3 la venta y exposici\u00f3n de la gastronom\u00eda tradicional.<\/p>\n<p style=\"text-align: justify;\">Los programas de Responsabilidad Social de la Zona Arqueol\u00f3gica Caral, tambi\u00e9n estuvieron presentes:<\/p>\n<p style=\"text-align: justify;\"><strong>\u00abCer\u00e1mica funcional y decorativa en el valle de Supe\u00bb<\/strong>. Creado para promover la producci\u00f3n artesanal como una forma importante de expresi\u00f3n cultural que refleje la est\u00e9tica, el simbolismo y la visi\u00f3n del mundo de las comunidades productoras, as\u00ed como de fomento de la actividad comercial basada en la diversidad cultural.<br \/>\n<strong>\u00abRecuperaci\u00f3n de la tradici\u00f3n musical de la Civilizaci\u00f3n Caral\u00bb<\/strong>. Creado en el a\u00f1o 2013, para fomentar el desarrollo de la inteligencia emocional entre los j\u00f3venes del valle de Supe. Los talleres de m\u00fasica est\u00e1n dirigidos a la poblaci\u00f3n de los centros poblados del valle de Supe, distritos de Supe, Supe Puerto y V\u00e9gueta, interesada en aprender los fundamentos de la ejecuci\u00f3n con instrumentos musicales recreados a partir de los recuperados en las excavaciones arqueol\u00f3gicas (flautas traversas, quenas y antaras).<br \/>\n<strong>\u00abEl Algod\u00f3n de Colores Naturales de Caral:<\/strong> un producto ancestral para contribuir con el desarrollo integral y sostenible de la poblaci\u00f3n rural actual\u00bb. Se ha implementado una parcela experimental para establecer las condiciones agron\u00f3micas y agroecol\u00f3gicas adecuadas para el mejoramiento gen\u00e9tico del algod\u00f3n peruano de colores en el valle de Supe. Asimismo, la Zona Arqueol\u00f3gica Caral ha implementaci\u00f3n talleres de hilado y confecci\u00f3n con algod\u00f3n peruano de colores naturales del valle de Supe, mediante la recuperaci\u00f3n y ense\u00f1anza de t\u00e9cnicas textiles en telar de cintura y tejido en palito y crochet contempor\u00e1neos. Con la participaci\u00f3n de mujeres del valle de Supe, se ha creado la Asociaci\u00f3n \u201cLlampu Maki\u201d (Manos Delicadas), con la cual se trabaja ingresar al mercado de prendas de vestir y accesorios mediante la oferta de productos artesanales con identidad cultural.<br \/>\n<strong>\u00abAgricultura ecol\u00f3gica en el valle Caral, Supe\u00bb<\/strong>. Programa creado para impulsar la siembra de cultivos ecol\u00f3gicos en el valle de Supe y difundir pr\u00e1cticas agr\u00edcolas basadas en el uso eficiente de los recursos naturales.<\/p>\n<h2 style=\"text-align: justify;\">Festival art\u00edstico.<\/h2>\n<p style=\"text-align: justify;\">El festival art\u00edstico cont\u00f3 con presentaciones que buscan la revalorizaci\u00f3n e identificaci\u00f3n de la poblaci\u00f3n con manifestaciones culturales de nuestra Naci\u00f3n.<\/p>\n<p style=\"text-align: justify;\">La agrupaci\u00f3n cultural \u00abAmaranta\u00bb, dirigida por George Bobadilla Lara, present\u00f3 la puesta en escena de \u201cCumanana\u201d, espect\u00e1culo de teatro con m\u00fasica, d\u00e9cimas y composiciones de los hermanos Victoria y Nicomedes Santa Cruz. Los alumnos del Centro Educativo Inicial n\u00b0 662 del centro poblado de Caral, presentaron la obra \u00abOfrenda a los Dioses\u00bb, dirigidos por el equipo de la Zona Arqueol\u00f3gica Caral. El elenco de teatro de la Universidad Nacional de Barranca present\u00f3 la comedia \u00abLos Sordos\u00bb.<\/p>\n<p style=\"text-align: justify;\">El elenco de danzas de la Universidad Nacional de Barranca present\u00f3 \u00abCarnaval de Pampacamara de Cusco\u00bb, originaria de la comunidad campesina de Pampacamara del distrito de Q\u2019atqa, provincia de Quispicanchis, regi\u00f3n Cusco.<\/p>\n<p style=\"text-align: justify;\">La comunicadora y guionista Lorena Best Urday present\u00f3 \u00abCuentos de los inicios de la creaci\u00f3n\u00bb, relatos que dan cuenta de las creencias populares de la creaci\u00f3n e inicios de la civilizaci\u00f3n y de c\u00f3mo el humano interact\u00faa con el medio ambiente natural.<\/p>\n<p style=\"text-align: justify;\">La presentaci\u00f3n de caballos de paso y chalanes estuvo a cargo de Agro Industrial Paramonga SAA-AIPSAA, empresa que orienta sus esfuerzos en pro de la conservaci\u00f3n de la raza equina nacional y la preservaci\u00f3n de una de las tradiciones culturales que pervive en nuestro pa\u00eds.<\/p>\n<p style=\"text-align: justify;\"><strong>M\u00fasica milenaria.<\/strong><\/p>\n<p style=\"text-align: justify;\">La m\u00fasica tambi\u00e9n form\u00f3 parte importante de la Civilizaci\u00f3n Caral; es por ello que los j\u00f3venes m\u00fasicos que participan en el programa de Responsabilidad Social de la Zona Arqueol\u00f3gica Caral \u00abRecuperaci\u00f3n de la tradici\u00f3n musical de la Civilizaci\u00f3n Caral\u00bb, se hizo presente para interpretar temas inspirados en los valores ancestrales de la Civilizaci\u00f3n Caral, con instrumentos musicales recreados a partir de los recuperados en las excavaciones arqueol\u00f3gicas. El taller de m\u00fasica nace en el a\u00f1o 2013, como propuesta de la doctora Ruth Shady para dar a conocer el descubrimiento de 32 flautas traversas, recuperadas en las excavaciones realizadas en el Templo del Anfiteatro de la Ciudad Sagrada de Caral el a\u00f1o 1999, y para fomentar el desarrollo de la inteligencia emocional entre los j\u00f3venes del valle de Supe. En las excavaciones subsiguientes se han recuperado: cornetas, antaras, quenas y otros artefactos sonoros, que representan un antecedente muy remoto de la tradici\u00f3n musical andina y la constataci\u00f3n de la gran importancia de la expresi\u00f3n musical en el desarrollo de la antigua sociedad caralina.<\/p>\n<p style=\"text-align: justify;\"><strong>C\u00f3mo llegar a Caral<\/strong><\/p>\n<p style=\"text-align: justify;\">La Ciudad Sagrada de Caral se encuentra en el valle de Supe, en la provincia de Barranca, al norte de Lima, a la altura del kil\u00f3metro 184 de la carretera Panamericana Norte, en el \u00c1rea Norcentral del Per\u00fa. El tiempo estimado de viaje desde Lima es cuatro horas.<br \/>\nEl centro arqueol\u00f3gico est\u00e1 provisto de un circuito de visita y orientadores tur\u00edsticos locales, adem\u00e1s de un Centro de Recepci\u00f3n de Visitantes que cuenta con estacionamiento para autos y buses, servicios higi\u00e9nicos, comedores, una tienda de recuerdos y publicaciones.<\/p>\n<div class=\"embedsocial-album\" data-ref=\"fdb07ab8f477f73db899ca273c86ea37a38df810\"><\/div>\n<p><script>\/\/ <![CDATA[\n(function(d, s, id){var js; if (d.getElementById(id)) {return;} js = d.createElement(s); js.id = id; js.src = \"https:\/\/embedsocial.com\/embedscript\/ei.js\"; d.getElementsByTagName(\"head\")[0].appendChild(js);}(document, \"script\", \"EmbedSocialScript\"));\n\/\/ ]]><\/script><\/p>\n<p style=\"text-align: justify;\"><strong>Fuente: Prensa ZAC<\/strong><\/p>\n<div style=\"color: #1f1f1f;\">\n<p style=\"text-align: justify;\">Fecha de publicaci\u00f3n: 03\/11\/2017<\/p>\n<\/div>\n","protected":false},"excerpt":{"rendered":"<p>La Zona Arqueol\u00f3gica Caral, unidad ejecutora 003 del Ministerio de Cultura, celebr\u00f3 veintitr\u00e9s a\u00f1os del inicio de las investigaciones sobre [&hellip;]<\/p>\n","protected":false},"author":1,"featured_media":11937,"comment_status":"closed","ping_status":"open","sticky":false,"template":"","format":"standard","meta":{"_acf_changed":false,"site-sidebar-layout":"default","site-content-layout":"","ast-site-content-layout":"default","site-content-style":"default","site-sidebar-style":"default","ast-global-header-display":"","ast-banner-title-visibility":"","ast-main-header-display":"","ast-hfb-above-header-display":"","ast-hfb-below-header-display":"","ast-hfb-mobile-header-display":"","site-post-title":"","ast-breadcrumbs-content":"","ast-featured-img":"","footer-sml-layout":"","ast-disable-related-posts":"","theme-transparent-header-meta":"","adv-header-id-meta":"","stick-header-meta":"","header-above-stick-meta":"","header-main-stick-meta":"","header-below-stick-meta":"","astra-migrate-meta-layouts":"default","ast-page-background-enabled":"default","ast-page-background-meta":{"desktop":{"background-color":"var(--ast-global-color-5)","background-image":"","background-repeat":"repeat","background-position":"center center","background-size":"auto","background-attachment":"scroll","background-type":"","background-media":"","overlay-type":"","overlay-color":"","overlay-opacity":"","overlay-gradient":""},"tablet":{"background-color":"","background-image":"","background-repeat":"repeat","background-position":"center center","background-size":"auto","background-attachment":"scroll","background-type":"","background-media":"","overlay-type":"","overlay-color":"","overlay-opacity":"","overlay-gradient":""},"mobile":{"background-color":"","background-image":"","background-repeat":"repeat","background-position":"center center","background-size":"auto","background-attachment":"scroll","background-type":"","background-media":"","overlay-type":"","overlay-color":"","overlay-opacity":"","overlay-gradient":""}},"ast-content-background-meta":{"desktop":{"background-color":"var(--ast-global-color-4)","background-image":"","background-repeat":"repeat","background-position":"center center","background-size":"auto","background-attachment":"scroll","background-type":"","background-media":"","overlay-type":"","overlay-color":"","overlay-opacity":"","overlay-gradient":""},"tablet":{"background-color":"var(--ast-global-color-4)","background-image":"","background-repeat":"repeat","background-position":"center center","background-size":"auto","background-attachment":"scroll","background-type":"","background-media":"","overlay-type":"","overlay-color":"","overlay-opacity":"","overlay-gradient":""},"mobile":{"background-color":"var(--ast-global-color-4)","background-image":"","background-repeat":"repeat","background-position":"center center","background-size":"auto","background-attachment":"scroll","background-type":"","background-media":"","overlay-type":"","overlay-color":"","overlay-opacity":"","overlay-gradient":""}},"footnotes":""},"categories":[208],"tags":[54,55],"class_list":["post-11929","post","type-post","status-publish","format-standard","has-post-thumbnail","hentry","category-noticias","tag-aniversario","tag-caral"],"acf":[],"yoast_head":"<!-- This site is optimized with the Yoast SEO plugin v27.3 - https:\/\/yoast.com\/product\/yoast-seo-wordpress\/ -->\n<title>As\u00ed celebr\u00f3 Caral los 23 a\u00f1os de investigaci\u00f3n<\/title>\n<meta name=\"description\" content=\"El C\u00f3nsul de Jap\u00f3n en el Per\u00fa, Tateo Ohashi visit\u00f3 el sitio arqueol\u00f3gico \u00c1spero, Ciudad Pesquera de la Civilizaci\u00f3n Caral, el domingo 15 de octubre de 2017, acompa\u00f1ado de una delegaci\u00f3n de estudiantes y miembros de instituciones peruano japonesas de la ciudad de Lima.\" \/>\n<meta name=\"robots\" content=\"index, follow, max-snippet:-1, max-image-preview:large, max-video-preview:-1\" \/>\n<link rel=\"canonical\" href=\"https:\/\/zonacaral.gob.pe\/en\/noticias\/caral-raymi-asi-celebro-la-zona-arqueologica-caral-los-23-anos-de-investigacion-sobre-la-civilizacion-caral\/\" \/>\n<meta property=\"og:locale\" content=\"en_US\" \/>\n<meta property=\"og:type\" content=\"article\" \/>\n<meta property=\"og:title\" content=\"As\u00ed celebr\u00f3 Caral los 23 a\u00f1os de investigaci\u00f3n\" \/>\n<meta property=\"og:description\" content=\"El C\u00f3nsul de Jap\u00f3n en el Per\u00fa, Tateo Ohashi visit\u00f3 el sitio arqueol\u00f3gico \u00c1spero, Ciudad Pesquera de la Civilizaci\u00f3n Caral, el domingo 15 de octubre de 2017, acompa\u00f1ado de una delegaci\u00f3n de estudiantes y miembros de instituciones peruano japonesas de la ciudad de Lima.\" \/>\n<meta property=\"og:url\" content=\"https:\/\/zonacaral.gob.pe\/en\/noticias\/caral-raymi-asi-celebro-la-zona-arqueologica-caral-los-23-anos-de-investigacion-sobre-la-civilizacion-caral\/\" \/>\n<meta property=\"og:site_name\" content=\"Zona Caral\" \/>\n<meta property=\"article:published_time\" content=\"2017-11-07T16:15:58+00:00\" \/>\n<meta property=\"og:image\" content=\"https:\/\/zonacaral.gob.pe\/wp-content\/uploads\/2017\/11\/aniversario-caral2017.jpg\" \/>\n\t<meta property=\"og:image:width\" content=\"800\" \/>\n\t<meta property=\"og:image:height\" content=\"534\" \/>\n\t<meta property=\"og:image:type\" content=\"image\/jpeg\" \/>\n<meta name=\"author\" content=\"Zona Caral Administrador\" \/>\n<meta name=\"twitter:card\" content=\"summary_large_image\" \/>\n<meta name=\"twitter:label1\" content=\"Written by\" \/>\n\t<meta name=\"twitter:data1\" content=\"Zona Caral Administrador\" \/>\n\t<meta name=\"twitter:label2\" content=\"Est. reading time\" \/>\n\t<meta name=\"twitter:data2\" content=\"9 minutes\" \/>\n<script type=\"application\/ld+json\" class=\"yoast-schema-graph\">{\"@context\":\"https:\\\/\\\/schema.org\",\"@graph\":[{\"@type\":\"Article\",\"@id\":\"https:\\\/\\\/zonacaral.gob.pe\\\/en\\\/noticias\\\/caral-raymi-asi-celebro-la-zona-arqueologica-caral-los-23-anos-de-investigacion-sobre-la-civilizacion-caral\\\/#article\",\"isPartOf\":{\"@id\":\"https:\\\/\\\/zonacaral.gob.pe\\\/en\\\/noticias\\\/caral-raymi-asi-celebro-la-zona-arqueologica-caral-los-23-anos-de-investigacion-sobre-la-civilizacion-caral\\\/\"},\"author\":{\"name\":\"Zona Caral Administrador\",\"@id\":\"https:\\\/\\\/zonacaral.gob.pe\\\/es\\\/#\\\/schema\\\/person\\\/beddb4d22f71a7230c5b90913270a0ee\"},\"headline\":\"\u201cCARAL RAYMI\u201d As\u00ed celebr\u00f3 la Zona Arqueol\u00f3gica Caral los 23 a\u00f1os de investigaci\u00f3n sobre la CIVILIZACI\u00d3N CARAL\",\"datePublished\":\"2017-11-07T16:15:58+00:00\",\"mainEntityOfPage\":{\"@id\":\"https:\\\/\\\/zonacaral.gob.pe\\\/en\\\/noticias\\\/caral-raymi-asi-celebro-la-zona-arqueologica-caral-los-23-anos-de-investigacion-sobre-la-civilizacion-caral\\\/\"},\"wordCount\":1881,\"image\":{\"@id\":\"https:\\\/\\\/zonacaral.gob.pe\\\/en\\\/noticias\\\/caral-raymi-asi-celebro-la-zona-arqueologica-caral-los-23-anos-de-investigacion-sobre-la-civilizacion-caral\\\/#primaryimage\"},\"thumbnailUrl\":\"https:\\\/\\\/zonacaral.gob.pe\\\/wp-content\\\/uploads\\\/2017\\\/11\\\/aniversario-caral2017.jpg\",\"keywords\":[\"aniversario\",\"caral\"],\"articleSection\":[\"noticias\"],\"inLanguage\":\"en-US\"},{\"@type\":\"WebPage\",\"@id\":\"https:\\\/\\\/zonacaral.gob.pe\\\/en\\\/noticias\\\/caral-raymi-asi-celebro-la-zona-arqueologica-caral-los-23-anos-de-investigacion-sobre-la-civilizacion-caral\\\/\",\"url\":\"https:\\\/\\\/zonacaral.gob.pe\\\/en\\\/noticias\\\/caral-raymi-asi-celebro-la-zona-arqueologica-caral-los-23-anos-de-investigacion-sobre-la-civilizacion-caral\\\/\",\"name\":\"As\u00ed celebr\u00f3 Caral los 23 a\u00f1os de investigaci\u00f3n\",\"isPartOf\":{\"@id\":\"https:\\\/\\\/zonacaral.gob.pe\\\/es\\\/#website\"},\"primaryImageOfPage\":{\"@id\":\"https:\\\/\\\/zonacaral.gob.pe\\\/en\\\/noticias\\\/caral-raymi-asi-celebro-la-zona-arqueologica-caral-los-23-anos-de-investigacion-sobre-la-civilizacion-caral\\\/#primaryimage\"},\"image\":{\"@id\":\"https:\\\/\\\/zonacaral.gob.pe\\\/en\\\/noticias\\\/caral-raymi-asi-celebro-la-zona-arqueologica-caral-los-23-anos-de-investigacion-sobre-la-civilizacion-caral\\\/#primaryimage\"},\"thumbnailUrl\":\"https:\\\/\\\/zonacaral.gob.pe\\\/wp-content\\\/uploads\\\/2017\\\/11\\\/aniversario-caral2017.jpg\",\"datePublished\":\"2017-11-07T16:15:58+00:00\",\"author\":{\"@id\":\"https:\\\/\\\/zonacaral.gob.pe\\\/es\\\/#\\\/schema\\\/person\\\/beddb4d22f71a7230c5b90913270a0ee\"},\"description\":\"El C\u00f3nsul de Jap\u00f3n en el Per\u00fa, Tateo Ohashi visit\u00f3 el sitio arqueol\u00f3gico \u00c1spero, Ciudad Pesquera de la Civilizaci\u00f3n Caral, el domingo 15 de octubre de 2017, acompa\u00f1ado de una delegaci\u00f3n de estudiantes y miembros de instituciones peruano japonesas de la ciudad de Lima.\",\"breadcrumb\":{\"@id\":\"https:\\\/\\\/zonacaral.gob.pe\\\/en\\\/noticias\\\/caral-raymi-asi-celebro-la-zona-arqueologica-caral-los-23-anos-de-investigacion-sobre-la-civilizacion-caral\\\/#breadcrumb\"},\"inLanguage\":\"en-US\",\"potentialAction\":[{\"@type\":\"ReadAction\",\"target\":[\"https:\\\/\\\/zonacaral.gob.pe\\\/en\\\/noticias\\\/caral-raymi-asi-celebro-la-zona-arqueologica-caral-los-23-anos-de-investigacion-sobre-la-civilizacion-caral\\\/\"]}]},{\"@type\":\"ImageObject\",\"inLanguage\":\"en-US\",\"@id\":\"https:\\\/\\\/zonacaral.gob.pe\\\/en\\\/noticias\\\/caral-raymi-asi-celebro-la-zona-arqueologica-caral-los-23-anos-de-investigacion-sobre-la-civilizacion-caral\\\/#primaryimage\",\"url\":\"https:\\\/\\\/zonacaral.gob.pe\\\/wp-content\\\/uploads\\\/2017\\\/11\\\/aniversario-caral2017.jpg\",\"contentUrl\":\"https:\\\/\\\/zonacaral.gob.pe\\\/wp-content\\\/uploads\\\/2017\\\/11\\\/aniversario-caral2017.jpg\",\"width\":800,\"height\":534},{\"@type\":\"BreadcrumbList\",\"@id\":\"https:\\\/\\\/zonacaral.gob.pe\\\/en\\\/noticias\\\/caral-raymi-asi-celebro-la-zona-arqueologica-caral-los-23-anos-de-investigacion-sobre-la-civilizacion-caral\\\/#breadcrumb\",\"itemListElement\":[{\"@type\":\"ListItem\",\"position\":1,\"name\":\"Portada\",\"item\":\"https:\\\/\\\/zonacaral.gob.pe\\\/\"},{\"@type\":\"ListItem\",\"position\":2,\"name\":\"\u201cCARAL RAYMI\u201d As\u00ed celebr\u00f3 la Zona Arqueol\u00f3gica Caral los 23 a\u00f1os de investigaci\u00f3n sobre la CIVILIZACI\u00d3N CARAL\"}]},{\"@type\":\"WebSite\",\"@id\":\"https:\\\/\\\/zonacaral.gob.pe\\\/es\\\/#website\",\"url\":\"https:\\\/\\\/zonacaral.gob.pe\\\/es\\\/\",\"name\":\"Zona Caral\",\"description\":\"Investigamos, conservamos y difundimos el patrimonio cultural de la Civilizaci\u00f3n Caral, la m\u00e1s antigua de Am\u00e9rica.\",\"potentialAction\":[{\"@type\":\"SearchAction\",\"target\":{\"@type\":\"EntryPoint\",\"urlTemplate\":\"https:\\\/\\\/zonacaral.gob.pe\\\/es\\\/?s={search_term_string}\"},\"query-input\":{\"@type\":\"PropertyValueSpecification\",\"valueRequired\":true,\"valueName\":\"search_term_string\"}}],\"inLanguage\":\"en-US\"},{\"@type\":\"Person\",\"@id\":\"https:\\\/\\\/zonacaral.gob.pe\\\/es\\\/#\\\/schema\\\/person\\\/beddb4d22f71a7230c5b90913270a0ee\",\"name\":\"Zona Caral Administrador\",\"image\":{\"@type\":\"ImageObject\",\"inLanguage\":\"en-US\",\"@id\":\"https:\\\/\\\/secure.gravatar.com\\\/avatar\\\/e4be162918a696358376de6446614e0f0f4062bdc5d170d6d540ada3d8b58c12?s=96&d=mm&r=g\",\"url\":\"https:\\\/\\\/secure.gravatar.com\\\/avatar\\\/e4be162918a696358376de6446614e0f0f4062bdc5d170d6d540ada3d8b58c12?s=96&d=mm&r=g\",\"contentUrl\":\"https:\\\/\\\/secure.gravatar.com\\\/avatar\\\/e4be162918a696358376de6446614e0f0f4062bdc5d170d6d540ada3d8b58c12?s=96&d=mm&r=g\",\"caption\":\"Zona Caral Administrador\"},\"sameAs\":[\"https:\\\/\\\/zonacaral.gob.pe\"],\"url\":\"https:\\\/\\\/zonacaral.gob.pe\\\/en\\\/noticias\\\/author\\\/ad_zonacaral\\\/\"}]}<\/script>\n<!-- \/ Yoast SEO plugin. -->","yoast_head_json":{"title":"As\u00ed celebr\u00f3 Caral los 23 a\u00f1os de investigaci\u00f3n","description":"El C\u00f3nsul de Jap\u00f3n en el Per\u00fa, Tateo Ohashi visit\u00f3 el sitio arqueol\u00f3gico \u00c1spero, Ciudad Pesquera de la Civilizaci\u00f3n Caral, el domingo 15 de octubre de 2017, acompa\u00f1ado de una delegaci\u00f3n de estudiantes y miembros de instituciones peruano japonesas de la ciudad de Lima.","robots":{"index":"index","follow":"follow","max-snippet":"max-snippet:-1","max-image-preview":"max-image-preview:large","max-video-preview":"max-video-preview:-1"},"canonical":"https:\/\/zonacaral.gob.pe\/en\/noticias\/caral-raymi-asi-celebro-la-zona-arqueologica-caral-los-23-anos-de-investigacion-sobre-la-civilizacion-caral\/","og_locale":"en_US","og_type":"article","og_title":"As\u00ed celebr\u00f3 Caral los 23 a\u00f1os de investigaci\u00f3n","og_description":"El C\u00f3nsul de Jap\u00f3n en el Per\u00fa, Tateo Ohashi visit\u00f3 el sitio arqueol\u00f3gico \u00c1spero, Ciudad Pesquera de la Civilizaci\u00f3n Caral, el domingo 15 de octubre de 2017, acompa\u00f1ado de una delegaci\u00f3n de estudiantes y miembros de instituciones peruano japonesas de la ciudad de Lima.","og_url":"https:\/\/zonacaral.gob.pe\/en\/noticias\/caral-raymi-asi-celebro-la-zona-arqueologica-caral-los-23-anos-de-investigacion-sobre-la-civilizacion-caral\/","og_site_name":"Zona Caral","article_published_time":"2017-11-07T16:15:58+00:00","og_image":[{"width":800,"height":534,"url":"https:\/\/zonacaral.gob.pe\/wp-content\/uploads\/2017\/11\/aniversario-caral2017.jpg","type":"image\/jpeg"}],"author":"Zona Caral Administrador","twitter_card":"summary_large_image","twitter_misc":{"Written by":"Zona Caral Administrador","Est. reading time":"9 minutes"},"schema":{"@context":"https:\/\/schema.org","@graph":[{"@type":"Article","@id":"https:\/\/zonacaral.gob.pe\/en\/noticias\/caral-raymi-asi-celebro-la-zona-arqueologica-caral-los-23-anos-de-investigacion-sobre-la-civilizacion-caral\/#article","isPartOf":{"@id":"https:\/\/zonacaral.gob.pe\/en\/noticias\/caral-raymi-asi-celebro-la-zona-arqueologica-caral-los-23-anos-de-investigacion-sobre-la-civilizacion-caral\/"},"author":{"name":"Zona Caral Administrador","@id":"https:\/\/zonacaral.gob.pe\/es\/#\/schema\/person\/beddb4d22f71a7230c5b90913270a0ee"},"headline":"\u201cCARAL RAYMI\u201d As\u00ed celebr\u00f3 la Zona Arqueol\u00f3gica Caral los 23 a\u00f1os de investigaci\u00f3n sobre la CIVILIZACI\u00d3N CARAL","datePublished":"2017-11-07T16:15:58+00:00","mainEntityOfPage":{"@id":"https:\/\/zonacaral.gob.pe\/en\/noticias\/caral-raymi-asi-celebro-la-zona-arqueologica-caral-los-23-anos-de-investigacion-sobre-la-civilizacion-caral\/"},"wordCount":1881,"image":{"@id":"https:\/\/zonacaral.gob.pe\/en\/noticias\/caral-raymi-asi-celebro-la-zona-arqueologica-caral-los-23-anos-de-investigacion-sobre-la-civilizacion-caral\/#primaryimage"},"thumbnailUrl":"https:\/\/zonacaral.gob.pe\/wp-content\/uploads\/2017\/11\/aniversario-caral2017.jpg","keywords":["aniversario","caral"],"articleSection":["noticias"],"inLanguage":"en-US"},{"@type":"WebPage","@id":"https:\/\/zonacaral.gob.pe\/en\/noticias\/caral-raymi-asi-celebro-la-zona-arqueologica-caral-los-23-anos-de-investigacion-sobre-la-civilizacion-caral\/","url":"https:\/\/zonacaral.gob.pe\/en\/noticias\/caral-raymi-asi-celebro-la-zona-arqueologica-caral-los-23-anos-de-investigacion-sobre-la-civilizacion-caral\/","name":"As\u00ed celebr\u00f3 Caral los 23 a\u00f1os de investigaci\u00f3n","isPartOf":{"@id":"https:\/\/zonacaral.gob.pe\/es\/#website"},"primaryImageOfPage":{"@id":"https:\/\/zonacaral.gob.pe\/en\/noticias\/caral-raymi-asi-celebro-la-zona-arqueologica-caral-los-23-anos-de-investigacion-sobre-la-civilizacion-caral\/#primaryimage"},"image":{"@id":"https:\/\/zonacaral.gob.pe\/en\/noticias\/caral-raymi-asi-celebro-la-zona-arqueologica-caral-los-23-anos-de-investigacion-sobre-la-civilizacion-caral\/#primaryimage"},"thumbnailUrl":"https:\/\/zonacaral.gob.pe\/wp-content\/uploads\/2017\/11\/aniversario-caral2017.jpg","datePublished":"2017-11-07T16:15:58+00:00","author":{"@id":"https:\/\/zonacaral.gob.pe\/es\/#\/schema\/person\/beddb4d22f71a7230c5b90913270a0ee"},"description":"El C\u00f3nsul de Jap\u00f3n en el Per\u00fa, Tateo Ohashi visit\u00f3 el sitio arqueol\u00f3gico \u00c1spero, Ciudad Pesquera de la Civilizaci\u00f3n Caral, el domingo 15 de octubre de 2017, acompa\u00f1ado de una delegaci\u00f3n de estudiantes y miembros de instituciones peruano japonesas de la ciudad de Lima.","breadcrumb":{"@id":"https:\/\/zonacaral.gob.pe\/en\/noticias\/caral-raymi-asi-celebro-la-zona-arqueologica-caral-los-23-anos-de-investigacion-sobre-la-civilizacion-caral\/#breadcrumb"},"inLanguage":"en-US","potentialAction":[{"@type":"ReadAction","target":["https:\/\/zonacaral.gob.pe\/en\/noticias\/caral-raymi-asi-celebro-la-zona-arqueologica-caral-los-23-anos-de-investigacion-sobre-la-civilizacion-caral\/"]}]},{"@type":"ImageObject","inLanguage":"en-US","@id":"https:\/\/zonacaral.gob.pe\/en\/noticias\/caral-raymi-asi-celebro-la-zona-arqueologica-caral-los-23-anos-de-investigacion-sobre-la-civilizacion-caral\/#primaryimage","url":"https:\/\/zonacaral.gob.pe\/wp-content\/uploads\/2017\/11\/aniversario-caral2017.jpg","contentUrl":"https:\/\/zonacaral.gob.pe\/wp-content\/uploads\/2017\/11\/aniversario-caral2017.jpg","width":800,"height":534},{"@type":"BreadcrumbList","@id":"https:\/\/zonacaral.gob.pe\/en\/noticias\/caral-raymi-asi-celebro-la-zona-arqueologica-caral-los-23-anos-de-investigacion-sobre-la-civilizacion-caral\/#breadcrumb","itemListElement":[{"@type":"ListItem","position":1,"name":"Portada","item":"https:\/\/zonacaral.gob.pe\/"},{"@type":"ListItem","position":2,"name":"\u201cCARAL RAYMI\u201d As\u00ed celebr\u00f3 la Zona Arqueol\u00f3gica Caral los 23 a\u00f1os de investigaci\u00f3n sobre la CIVILIZACI\u00d3N CARAL"}]},{"@type":"WebSite","@id":"https:\/\/zonacaral.gob.pe\/es\/#website","url":"https:\/\/zonacaral.gob.pe\/es\/","name":"Zona Caral","description":"Investigamos, conservamos y difundimos el patrimonio cultural de la Civilizaci\u00f3n Caral, la m\u00e1s antigua de Am\u00e9rica.","potentialAction":[{"@type":"SearchAction","target":{"@type":"EntryPoint","urlTemplate":"https:\/\/zonacaral.gob.pe\/es\/?s={search_term_string}"},"query-input":{"@type":"PropertyValueSpecification","valueRequired":true,"valueName":"search_term_string"}}],"inLanguage":"en-US"},{"@type":"Person","@id":"https:\/\/zonacaral.gob.pe\/es\/#\/schema\/person\/beddb4d22f71a7230c5b90913270a0ee","name":"Zona Caral Administrador","image":{"@type":"ImageObject","inLanguage":"en-US","@id":"https:\/\/secure.gravatar.com\/avatar\/e4be162918a696358376de6446614e0f0f4062bdc5d170d6d540ada3d8b58c12?s=96&d=mm&r=g","url":"https:\/\/secure.gravatar.com\/avatar\/e4be162918a696358376de6446614e0f0f4062bdc5d170d6d540ada3d8b58c12?s=96&d=mm&r=g","contentUrl":"https:\/\/secure.gravatar.com\/avatar\/e4be162918a696358376de6446614e0f0f4062bdc5d170d6d540ada3d8b58c12?s=96&d=mm&r=g","caption":"Zona Caral Administrador"},"sameAs":["https:\/\/zonacaral.gob.pe"],"url":"https:\/\/zonacaral.gob.pe\/en\/noticias\/author\/ad_zonacaral\/"}]}},"_links":{"self":[{"href":"https:\/\/zonacaral.gob.pe\/en\/wp-json\/wp\/v2\/posts\/11929","targetHints":{"allow":["GET"]}}],"collection":[{"href":"https:\/\/zonacaral.gob.pe\/en\/wp-json\/wp\/v2\/posts"}],"about":[{"href":"https:\/\/zonacaral.gob.pe\/en\/wp-json\/wp\/v2\/types\/post"}],"author":[{"embeddable":true,"href":"https:\/\/zonacaral.gob.pe\/en\/wp-json\/wp\/v2\/users\/1"}],"replies":[{"embeddable":true,"href":"https:\/\/zonacaral.gob.pe\/en\/wp-json\/wp\/v2\/comments?post=11929"}],"version-history":[{"count":0,"href":"https:\/\/zonacaral.gob.pe\/en\/wp-json\/wp\/v2\/posts\/11929\/revisions"}],"wp:featuredmedia":[{"embeddable":true,"href":"https:\/\/zonacaral.gob.pe\/en\/wp-json\/wp\/v2\/media\/11937"}],"wp:attachment":[{"href":"https:\/\/zonacaral.gob.pe\/en\/wp-json\/wp\/v2\/media?parent=11929"}],"wp:term":[{"taxonomy":"category","embeddable":true,"href":"https:\/\/zonacaral.gob.pe\/en\/wp-json\/wp\/v2\/categories?post=11929"},{"taxonomy":"post_tag","embeddable":true,"href":"https:\/\/zonacaral.gob.pe\/en\/wp-json\/wp\/v2\/tags?post=11929"}],"curies":[{"name":"wp","href":"https:\/\/api.w.org\/{rel}","templated":true}]}}