{"id":11951,"date":"2017-11-14T18:09:46","date_gmt":"2017-11-14T23:09:46","guid":{"rendered":"http:\/\/www.zonacaral.gob.pe\/?p=11951"},"modified":"2017-11-14T18:09:46","modified_gmt":"2017-11-14T23:09:46","slug":"ciencia-y-tecnologia-desarrollada-hace-5-000-anos-por-la-civilizacion-caral-fue-presentada-en-peru-con-ciencia","status":"publish","type":"post","link":"https:\/\/zonacaral.gob.pe\/en\/noticias\/ciencia-y-tecnologia-desarrollada-hace-5-000-anos-por-la-civilizacion-caral-fue-presentada-en-peru-con-ciencia\/","title":{"rendered":"Ciencia y Tecnolog\u00eda desarrollada hace 5 000 a\u00f1os por la CIVILIZACI\u00d3N CARAL  fue presentada en \u00abPER\u00da Con CIENCIA\u00bb"},"content":{"rendered":"<figure class=\"pic-autor\" style=\"color: #4d4d4d; text-align: justify;\"><\/figure>\n<blockquote>\n<p class=\"news-summary\" style=\"font-weight: normal; color: #444444;\">Los asistentes pudieron conocer qu\u00e9 Ciencia y Tecnolog\u00eda desarroll\u00f3 la civilizaci\u00f3n m\u00e1s antigua de Am\u00e9rica, hace 5 000 a\u00f1os. Exposici\u00f3n museogr\u00e1fica fue presentada en la feria cient\u00edfica m\u00e1s grande e importante de nuestro pa\u00eds: \u00abPER\u00da Con CIENCIA\u00bb, edici\u00f3n 2017.<\/p>\n<\/blockquote>\n<p>La Zona Arqueol\u00f3gica Caral (ZAC), unidad ejecutora 003 del Ministerio de Cultura particip\u00f3 en \u00abPER\u00da Con Ciencia\u00bb, la feria cient\u00edfica m\u00e1s grande e importante del pa\u00eds, organizada por el Consejo Nacional de Ciencia, Tecnolog\u00eda e Innovaci\u00f3n Tecnol\u00f3gica (CONCYTEC).<\/p>\n<p>Han transcurrido 23 a\u00f1os desde que, en 1994, la doctora Ruth Shady Sol\u00eds y un grupo de arque\u00f3logos iniciaran investigaciones en el valle de Supe. Los estudios realizados han puesto al descubierto que las sociedades de la Civilizaci\u00f3n Caral alcanzaron un impresionante desarrollo a nivel cultural, cient\u00edfico y tecnol\u00f3gico.<\/p>\n<p>La Zona Arqueol\u00f3gica Caral present\u00f3 la exposici\u00f3n museogr\u00e1fica \u00abLa Producci\u00f3n de Conocimientos en Armon\u00eda con la Inteligencia Emocional para el Buen Vivir\u00bb, en la edici\u00f3n 2017 de \u00abPER\u00da Con Ciencia\u00bb, acaparando la atenci\u00f3n del p\u00fablico asistente, que pudo apreciar y conocer c\u00f3mo, hace 5 000 a\u00f1os, la Civilizaci\u00f3n m\u00e1s antigua de Am\u00e9rica manej\u00f3 esta parte de nuestro territorio y los resultados que, gracias a la ciencia y tecnolog\u00eda aplicadas en diversos campos de la vida organizada, se obtuvieron para alcanzar la estabilidad de las estructuras edificadas (aplicaci\u00f3n de tecnolog\u00edas constructivas sostenibles y sismorresistentes); en el manejo gen\u00e9tico de especies agr\u00edcolas (algod\u00f3n de colores naturales); en el registro astron\u00f3mico, en la medici\u00f3n del tiempo y en la predicci\u00f3n de cambios clim\u00e1ticos; en la identificaci\u00f3n de plantas con propiedades medicinales (sauce, guayaba, etc.), resistencia de fibras vegetales como la cortaderia, o la calidad, longitud y suavidad del algod\u00f3n de colores; en el manejo de la energ\u00eda del viento (mec\u00e1nica de fluidos) y del sol (secado de alimentos para su conservaci\u00f3n por periodos largos); entre otros.<\/p>\n<p>Los estudiantes provenientes de los distritos de Lima y Callao, as\u00ed como de otras regiones del pa\u00eds, participaron opinando sobre los problemas y los aspectos que mejorar\u00edan en su ciudad para el buen vivir, a partir del ejemplo de planificaci\u00f3n urbana y sostenible de la Ciudad Sagrada de Caral, resultado de un profundo conocimiento del territorio y respeto por su entorno natural.<\/p>\n<p>La feria se llev\u00f3 a cabo en el Centro Comercial Plaza Lima Norte, del 9 al 12 de noviembre de 2017.<\/p>\n<p><script>\/\/ <![CDATA[\n(function(d, s, id){var js; if (d.getElementById(id)) {return;} js = d.createElement(s); js.id = id; js.src = \"https:\/\/embedsocial.com\/embedscript\/ei.js\"; d.getElementsByTagName(\"head\")[0].appendChild(js);}(document, \"script\", \"EmbedSocialScript\"));\n\/\/ ]]><\/script><\/p>\n<p style=\"text-align: justify;\"><span style=\"color: #993300;\"><strong>Fuente:\u00a0Prensa ZAC<\/strong><\/span><\/p>\n<div style=\"color: #1f1f1f;\">\n<p style=\"text-align: justify;\">Fecha de publicaci\u00f3n: 14\/11\/2017<\/p>\n<\/div>\n","protected":false},"excerpt":{"rendered":"<p>Los asistentes pudieron conocer qu\u00e9 Ciencia y Tecnolog\u00eda desarroll\u00f3 la civilizaci\u00f3n m\u00e1s antigua de Am\u00e9rica, hace 5 000 a\u00f1os. Exposici\u00f3n [&hellip;]<\/p>\n","protected":false},"author":1,"featured_media":11952,"comment_status":"closed","ping_status":"open","sticky":false,"template":"","format":"standard","meta":{"_acf_changed":false,"site-sidebar-layout":"default","site-content-layout":"","ast-site-content-layout":"default","site-content-style":"default","site-sidebar-style":"default","ast-global-header-display":"","ast-banner-title-visibility":"","ast-main-header-display":"","ast-hfb-above-header-display":"","ast-hfb-below-header-display":"","ast-hfb-mobile-header-display":"","site-post-title":"","ast-breadcrumbs-content":"","ast-featured-img":"","footer-sml-layout":"","ast-disable-related-posts":"","theme-transparent-header-meta":"","adv-header-id-meta":"","stick-header-meta":"","header-above-stick-meta":"","header-main-stick-meta":"","header-below-stick-meta":"","astra-migrate-meta-layouts":"default","ast-page-background-enabled":"default","ast-page-background-meta":{"desktop":{"background-color":"var(--ast-global-color-5)","background-image":"","background-repeat":"repeat","background-position":"center center","background-size":"auto","background-attachment":"scroll","background-type":"","background-media":"","overlay-type":"","overlay-color":"","overlay-opacity":"","overlay-gradient":""},"tablet":{"background-color":"","background-image":"","background-repeat":"repeat","background-position":"center center","background-size":"auto","background-attachment":"scroll","background-type":"","background-media":"","overlay-type":"","overlay-color":"","overlay-opacity":"","overlay-gradient":""},"mobile":{"background-color":"","background-image":"","background-repeat":"repeat","background-position":"center center","background-size":"auto","background-attachment":"scroll","background-type":"","background-media":"","overlay-type":"","overlay-color":"","overlay-opacity":"","overlay-gradient":""}},"ast-content-background-meta":{"desktop":{"background-color":"var(--ast-global-color-4)","background-image":"","background-repeat":"repeat","background-position":"center center","background-size":"auto","background-attachment":"scroll","background-type":"","background-media":"","overlay-type":"","overlay-color":"","overlay-opacity":"","overlay-gradient":""},"tablet":{"background-color":"var(--ast-global-color-4)","background-image":"","background-repeat":"repeat","background-position":"center center","background-size":"auto","background-attachment":"scroll","background-type":"","background-media":"","overlay-type":"","overlay-color":"","overlay-opacity":"","overlay-gradient":""},"mobile":{"background-color":"var(--ast-global-color-4)","background-image":"","background-repeat":"repeat","background-position":"center center","background-size":"auto","background-attachment":"scroll","background-type":"","background-media":"","overlay-type":"","overlay-color":"","overlay-opacity":"","overlay-gradient":""}},"footnotes":""},"categories":[208],"tags":[55,141],"class_list":["post-11951","post","type-post","status-publish","format-standard","has-post-thumbnail","hentry","category-noticias","tag-caral","tag-concytec"],"acf":[],"yoast_head":"<!-- This site is optimized with the Yoast SEO plugin v27.3 - https:\/\/yoast.com\/product\/yoast-seo-wordpress\/ -->\n<title>CARAL fue presentada en \u00abPER\u00da Con CIENCIA\u00bb<\/title>\n<meta name=\"description\" content=\"Los asistentes pudieron conocer qu\u00e9 Ciencia y Tecnolog\u00eda desarroll\u00f3 la civilizaci\u00f3n m\u00e1s antigua de Am\u00e9rica, hace 5 000 a\u00f1os. Exposici\u00f3n museogr\u00e1fica fue presentada en la feria cient\u00edfica m\u00e1s grande e importante de nuestro pa\u00eds: \u00abPER\u00da Con CIENCIA\u00bb, edici\u00f3n 2017.\" \/>\n<meta name=\"robots\" content=\"index, follow, max-snippet:-1, max-image-preview:large, max-video-preview:-1\" \/>\n<link rel=\"canonical\" href=\"https:\/\/zonacaral.gob.pe\/en\/noticias\/ciencia-y-tecnologia-desarrollada-hace-5-000-anos-por-la-civilizacion-caral-fue-presentada-en-peru-con-ciencia\/\" \/>\n<meta property=\"og:locale\" content=\"en_US\" \/>\n<meta property=\"og:type\" content=\"article\" \/>\n<meta property=\"og:title\" content=\"CARAL fue presentada en \u00abPER\u00da Con CIENCIA\u00bb\" \/>\n<meta property=\"og:description\" content=\"Los asistentes pudieron conocer qu\u00e9 Ciencia y Tecnolog\u00eda desarroll\u00f3 la civilizaci\u00f3n m\u00e1s antigua de Am\u00e9rica, hace 5 000 a\u00f1os. Exposici\u00f3n museogr\u00e1fica fue presentada en la feria cient\u00edfica m\u00e1s grande e importante de nuestro pa\u00eds: \u00abPER\u00da Con CIENCIA\u00bb, edici\u00f3n 2017.\" \/>\n<meta property=\"og:url\" content=\"https:\/\/zonacaral.gob.pe\/en\/noticias\/ciencia-y-tecnologia-desarrollada-hace-5-000-anos-por-la-civilizacion-caral-fue-presentada-en-peru-con-ciencia\/\" \/>\n<meta property=\"og:site_name\" content=\"Zona Caral\" \/>\n<meta property=\"article:published_time\" content=\"2017-11-14T23:09:46+00:00\" \/>\n<meta property=\"og:image\" content=\"https:\/\/zonacaral.gob.pe\/wp-content\/uploads\/2017\/11\/peru-conciencia-caral.jpg\" \/>\n\t<meta property=\"og:image:width\" content=\"1000\" \/>\n\t<meta property=\"og:image:height\" content=\"517\" \/>\n\t<meta property=\"og:image:type\" content=\"image\/jpeg\" \/>\n<meta name=\"author\" content=\"Zona Caral Administrador\" \/>\n<meta name=\"twitter:card\" content=\"summary_large_image\" \/>\n<meta name=\"twitter:label1\" content=\"Written by\" \/>\n\t<meta name=\"twitter:data1\" content=\"Zona Caral Administrador\" \/>\n\t<meta name=\"twitter:label2\" content=\"Est. reading time\" \/>\n\t<meta name=\"twitter:data2\" content=\"2 minutes\" \/>\n<script type=\"application\/ld+json\" class=\"yoast-schema-graph\">{\"@context\":\"https:\\\/\\\/schema.org\",\"@graph\":[{\"@type\":\"Article\",\"@id\":\"https:\\\/\\\/zonacaral.gob.pe\\\/es\\\/noticias\\\/ciencia-y-tecnologia-desarrollada-hace-5-000-anos-por-la-civilizacion-caral-fue-presentada-en-peru-con-ciencia\\\/#article\",\"isPartOf\":{\"@id\":\"https:\\\/\\\/zonacaral.gob.pe\\\/es\\\/noticias\\\/ciencia-y-tecnologia-desarrollada-hace-5-000-anos-por-la-civilizacion-caral-fue-presentada-en-peru-con-ciencia\\\/\"},\"author\":{\"name\":\"Zona Caral Administrador\",\"@id\":\"https:\\\/\\\/zonacaral.gob.pe\\\/es\\\/#\\\/schema\\\/person\\\/beddb4d22f71a7230c5b90913270a0ee\"},\"headline\":\"Ciencia y Tecnolog\u00eda desarrollada hace 5 000 a\u00f1os por la CIVILIZACI\u00d3N CARAL fue presentada en \u00abPER\u00da Con CIENCIA\u00bb\",\"datePublished\":\"2017-11-14T23:09:46+00:00\",\"mainEntityOfPage\":{\"@id\":\"https:\\\/\\\/zonacaral.gob.pe\\\/es\\\/noticias\\\/ciencia-y-tecnologia-desarrollada-hace-5-000-anos-por-la-civilizacion-caral-fue-presentada-en-peru-con-ciencia\\\/\"},\"wordCount\":451,\"image\":{\"@id\":\"https:\\\/\\\/zonacaral.gob.pe\\\/es\\\/noticias\\\/ciencia-y-tecnologia-desarrollada-hace-5-000-anos-por-la-civilizacion-caral-fue-presentada-en-peru-con-ciencia\\\/#primaryimage\"},\"thumbnailUrl\":\"https:\\\/\\\/zonacaral.gob.pe\\\/wp-content\\\/uploads\\\/2017\\\/11\\\/peru-conciencia-caral.jpg\",\"keywords\":[\"caral\",\"concytec\"],\"articleSection\":[\"noticias\"],\"inLanguage\":\"en-US\"},{\"@type\":\"WebPage\",\"@id\":\"https:\\\/\\\/zonacaral.gob.pe\\\/es\\\/noticias\\\/ciencia-y-tecnologia-desarrollada-hace-5-000-anos-por-la-civilizacion-caral-fue-presentada-en-peru-con-ciencia\\\/\",\"url\":\"https:\\\/\\\/zonacaral.gob.pe\\\/es\\\/noticias\\\/ciencia-y-tecnologia-desarrollada-hace-5-000-anos-por-la-civilizacion-caral-fue-presentada-en-peru-con-ciencia\\\/\",\"name\":\"CARAL fue presentada en \u00abPER\u00da Con CIENCIA\u00bb\",\"isPartOf\":{\"@id\":\"https:\\\/\\\/zonacaral.gob.pe\\\/es\\\/#website\"},\"primaryImageOfPage\":{\"@id\":\"https:\\\/\\\/zonacaral.gob.pe\\\/es\\\/noticias\\\/ciencia-y-tecnologia-desarrollada-hace-5-000-anos-por-la-civilizacion-caral-fue-presentada-en-peru-con-ciencia\\\/#primaryimage\"},\"image\":{\"@id\":\"https:\\\/\\\/zonacaral.gob.pe\\\/es\\\/noticias\\\/ciencia-y-tecnologia-desarrollada-hace-5-000-anos-por-la-civilizacion-caral-fue-presentada-en-peru-con-ciencia\\\/#primaryimage\"},\"thumbnailUrl\":\"https:\\\/\\\/zonacaral.gob.pe\\\/wp-content\\\/uploads\\\/2017\\\/11\\\/peru-conciencia-caral.jpg\",\"datePublished\":\"2017-11-14T23:09:46+00:00\",\"author\":{\"@id\":\"https:\\\/\\\/zonacaral.gob.pe\\\/es\\\/#\\\/schema\\\/person\\\/beddb4d22f71a7230c5b90913270a0ee\"},\"description\":\"Los asistentes pudieron conocer qu\u00e9 Ciencia y Tecnolog\u00eda desarroll\u00f3 la civilizaci\u00f3n m\u00e1s antigua de Am\u00e9rica, hace 5 000 a\u00f1os. Exposici\u00f3n museogr\u00e1fica fue presentada en la feria cient\u00edfica m\u00e1s grande e importante de nuestro pa\u00eds: \u00abPER\u00da Con CIENCIA\u00bb, edici\u00f3n 2017.\",\"breadcrumb\":{\"@id\":\"https:\\\/\\\/zonacaral.gob.pe\\\/es\\\/noticias\\\/ciencia-y-tecnologia-desarrollada-hace-5-000-anos-por-la-civilizacion-caral-fue-presentada-en-peru-con-ciencia\\\/#breadcrumb\"},\"inLanguage\":\"en-US\",\"potentialAction\":[{\"@type\":\"ReadAction\",\"target\":[\"https:\\\/\\\/zonacaral.gob.pe\\\/es\\\/noticias\\\/ciencia-y-tecnologia-desarrollada-hace-5-000-anos-por-la-civilizacion-caral-fue-presentada-en-peru-con-ciencia\\\/\"]}]},{\"@type\":\"ImageObject\",\"inLanguage\":\"en-US\",\"@id\":\"https:\\\/\\\/zonacaral.gob.pe\\\/es\\\/noticias\\\/ciencia-y-tecnologia-desarrollada-hace-5-000-anos-por-la-civilizacion-caral-fue-presentada-en-peru-con-ciencia\\\/#primaryimage\",\"url\":\"https:\\\/\\\/zonacaral.gob.pe\\\/wp-content\\\/uploads\\\/2017\\\/11\\\/peru-conciencia-caral.jpg\",\"contentUrl\":\"https:\\\/\\\/zonacaral.gob.pe\\\/wp-content\\\/uploads\\\/2017\\\/11\\\/peru-conciencia-caral.jpg\",\"width\":1000,\"height\":517},{\"@type\":\"BreadcrumbList\",\"@id\":\"https:\\\/\\\/zonacaral.gob.pe\\\/es\\\/noticias\\\/ciencia-y-tecnologia-desarrollada-hace-5-000-anos-por-la-civilizacion-caral-fue-presentada-en-peru-con-ciencia\\\/#breadcrumb\",\"itemListElement\":[{\"@type\":\"ListItem\",\"position\":1,\"name\":\"Portada\",\"item\":\"https:\\\/\\\/zonacaral.gob.pe\\\/\"},{\"@type\":\"ListItem\",\"position\":2,\"name\":\"Ciencia y Tecnolog\u00eda desarrollada hace 5 000 a\u00f1os por la CIVILIZACI\u00d3N CARAL fue presentada en \u00abPER\u00da Con CIENCIA\u00bb\"}]},{\"@type\":\"WebSite\",\"@id\":\"https:\\\/\\\/zonacaral.gob.pe\\\/es\\\/#website\",\"url\":\"https:\\\/\\\/zonacaral.gob.pe\\\/es\\\/\",\"name\":\"Zona Caral\",\"description\":\"Investigamos, conservamos y difundimos el patrimonio cultural de la Civilizaci\u00f3n Caral, la m\u00e1s antigua de Am\u00e9rica.\",\"potentialAction\":[{\"@type\":\"SearchAction\",\"target\":{\"@type\":\"EntryPoint\",\"urlTemplate\":\"https:\\\/\\\/zonacaral.gob.pe\\\/es\\\/?s={search_term_string}\"},\"query-input\":{\"@type\":\"PropertyValueSpecification\",\"valueRequired\":true,\"valueName\":\"search_term_string\"}}],\"inLanguage\":\"en-US\"},{\"@type\":\"Person\",\"@id\":\"https:\\\/\\\/zonacaral.gob.pe\\\/es\\\/#\\\/schema\\\/person\\\/beddb4d22f71a7230c5b90913270a0ee\",\"name\":\"Zona Caral Administrador\",\"image\":{\"@type\":\"ImageObject\",\"inLanguage\":\"en-US\",\"@id\":\"https:\\\/\\\/secure.gravatar.com\\\/avatar\\\/e4be162918a696358376de6446614e0f0f4062bdc5d170d6d540ada3d8b58c12?s=96&d=mm&r=g\",\"url\":\"https:\\\/\\\/secure.gravatar.com\\\/avatar\\\/e4be162918a696358376de6446614e0f0f4062bdc5d170d6d540ada3d8b58c12?s=96&d=mm&r=g\",\"contentUrl\":\"https:\\\/\\\/secure.gravatar.com\\\/avatar\\\/e4be162918a696358376de6446614e0f0f4062bdc5d170d6d540ada3d8b58c12?s=96&d=mm&r=g\",\"caption\":\"Zona Caral Administrador\"},\"sameAs\":[\"https:\\\/\\\/zonacaral.gob.pe\"],\"url\":\"https:\\\/\\\/zonacaral.gob.pe\\\/en\\\/noticias\\\/author\\\/ad_zonacaral\\\/\"}]}<\/script>\n<!-- \/ Yoast SEO plugin. -->","yoast_head_json":{"title":"CARAL fue presentada en \u00abPER\u00da Con CIENCIA\u00bb","description":"Los asistentes pudieron conocer qu\u00e9 Ciencia y Tecnolog\u00eda desarroll\u00f3 la civilizaci\u00f3n m\u00e1s antigua de Am\u00e9rica, hace 5 000 a\u00f1os. Exposici\u00f3n museogr\u00e1fica fue presentada en la feria cient\u00edfica m\u00e1s grande e importante de nuestro pa\u00eds: \u00abPER\u00da Con CIENCIA\u00bb, edici\u00f3n 2017.","robots":{"index":"index","follow":"follow","max-snippet":"max-snippet:-1","max-image-preview":"max-image-preview:large","max-video-preview":"max-video-preview:-1"},"canonical":"https:\/\/zonacaral.gob.pe\/en\/noticias\/ciencia-y-tecnologia-desarrollada-hace-5-000-anos-por-la-civilizacion-caral-fue-presentada-en-peru-con-ciencia\/","og_locale":"en_US","og_type":"article","og_title":"CARAL fue presentada en \u00abPER\u00da Con CIENCIA\u00bb","og_description":"Los asistentes pudieron conocer qu\u00e9 Ciencia y Tecnolog\u00eda desarroll\u00f3 la civilizaci\u00f3n m\u00e1s antigua de Am\u00e9rica, hace 5 000 a\u00f1os. Exposici\u00f3n museogr\u00e1fica fue presentada en la feria cient\u00edfica m\u00e1s grande e importante de nuestro pa\u00eds: \u00abPER\u00da Con CIENCIA\u00bb, edici\u00f3n 2017.","og_url":"https:\/\/zonacaral.gob.pe\/en\/noticias\/ciencia-y-tecnologia-desarrollada-hace-5-000-anos-por-la-civilizacion-caral-fue-presentada-en-peru-con-ciencia\/","og_site_name":"Zona Caral","article_published_time":"2017-11-14T23:09:46+00:00","og_image":[{"width":1000,"height":517,"url":"https:\/\/zonacaral.gob.pe\/wp-content\/uploads\/2017\/11\/peru-conciencia-caral.jpg","type":"image\/jpeg"}],"author":"Zona Caral Administrador","twitter_card":"summary_large_image","twitter_misc":{"Written by":"Zona Caral Administrador","Est. reading time":"2 minutes"},"schema":{"@context":"https:\/\/schema.org","@graph":[{"@type":"Article","@id":"https:\/\/zonacaral.gob.pe\/es\/noticias\/ciencia-y-tecnologia-desarrollada-hace-5-000-anos-por-la-civilizacion-caral-fue-presentada-en-peru-con-ciencia\/#article","isPartOf":{"@id":"https:\/\/zonacaral.gob.pe\/es\/noticias\/ciencia-y-tecnologia-desarrollada-hace-5-000-anos-por-la-civilizacion-caral-fue-presentada-en-peru-con-ciencia\/"},"author":{"name":"Zona Caral Administrador","@id":"https:\/\/zonacaral.gob.pe\/es\/#\/schema\/person\/beddb4d22f71a7230c5b90913270a0ee"},"headline":"Ciencia y Tecnolog\u00eda desarrollada hace 5 000 a\u00f1os por la CIVILIZACI\u00d3N CARAL fue presentada en \u00abPER\u00da Con CIENCIA\u00bb","datePublished":"2017-11-14T23:09:46+00:00","mainEntityOfPage":{"@id":"https:\/\/zonacaral.gob.pe\/es\/noticias\/ciencia-y-tecnologia-desarrollada-hace-5-000-anos-por-la-civilizacion-caral-fue-presentada-en-peru-con-ciencia\/"},"wordCount":451,"image":{"@id":"https:\/\/zonacaral.gob.pe\/es\/noticias\/ciencia-y-tecnologia-desarrollada-hace-5-000-anos-por-la-civilizacion-caral-fue-presentada-en-peru-con-ciencia\/#primaryimage"},"thumbnailUrl":"https:\/\/zonacaral.gob.pe\/wp-content\/uploads\/2017\/11\/peru-conciencia-caral.jpg","keywords":["caral","concytec"],"articleSection":["noticias"],"inLanguage":"en-US"},{"@type":"WebPage","@id":"https:\/\/zonacaral.gob.pe\/es\/noticias\/ciencia-y-tecnologia-desarrollada-hace-5-000-anos-por-la-civilizacion-caral-fue-presentada-en-peru-con-ciencia\/","url":"https:\/\/zonacaral.gob.pe\/es\/noticias\/ciencia-y-tecnologia-desarrollada-hace-5-000-anos-por-la-civilizacion-caral-fue-presentada-en-peru-con-ciencia\/","name":"CARAL fue presentada en \u00abPER\u00da Con CIENCIA\u00bb","isPartOf":{"@id":"https:\/\/zonacaral.gob.pe\/es\/#website"},"primaryImageOfPage":{"@id":"https:\/\/zonacaral.gob.pe\/es\/noticias\/ciencia-y-tecnologia-desarrollada-hace-5-000-anos-por-la-civilizacion-caral-fue-presentada-en-peru-con-ciencia\/#primaryimage"},"image":{"@id":"https:\/\/zonacaral.gob.pe\/es\/noticias\/ciencia-y-tecnologia-desarrollada-hace-5-000-anos-por-la-civilizacion-caral-fue-presentada-en-peru-con-ciencia\/#primaryimage"},"thumbnailUrl":"https:\/\/zonacaral.gob.pe\/wp-content\/uploads\/2017\/11\/peru-conciencia-caral.jpg","datePublished":"2017-11-14T23:09:46+00:00","author":{"@id":"https:\/\/zonacaral.gob.pe\/es\/#\/schema\/person\/beddb4d22f71a7230c5b90913270a0ee"},"description":"Los asistentes pudieron conocer qu\u00e9 Ciencia y Tecnolog\u00eda desarroll\u00f3 la civilizaci\u00f3n m\u00e1s antigua de Am\u00e9rica, hace 5 000 a\u00f1os. Exposici\u00f3n museogr\u00e1fica fue presentada en la feria cient\u00edfica m\u00e1s grande e importante de nuestro pa\u00eds: \u00abPER\u00da Con CIENCIA\u00bb, edici\u00f3n 2017.","breadcrumb":{"@id":"https:\/\/zonacaral.gob.pe\/es\/noticias\/ciencia-y-tecnologia-desarrollada-hace-5-000-anos-por-la-civilizacion-caral-fue-presentada-en-peru-con-ciencia\/#breadcrumb"},"inLanguage":"en-US","potentialAction":[{"@type":"ReadAction","target":["https:\/\/zonacaral.gob.pe\/es\/noticias\/ciencia-y-tecnologia-desarrollada-hace-5-000-anos-por-la-civilizacion-caral-fue-presentada-en-peru-con-ciencia\/"]}]},{"@type":"ImageObject","inLanguage":"en-US","@id":"https:\/\/zonacaral.gob.pe\/es\/noticias\/ciencia-y-tecnologia-desarrollada-hace-5-000-anos-por-la-civilizacion-caral-fue-presentada-en-peru-con-ciencia\/#primaryimage","url":"https:\/\/zonacaral.gob.pe\/wp-content\/uploads\/2017\/11\/peru-conciencia-caral.jpg","contentUrl":"https:\/\/zonacaral.gob.pe\/wp-content\/uploads\/2017\/11\/peru-conciencia-caral.jpg","width":1000,"height":517},{"@type":"BreadcrumbList","@id":"https:\/\/zonacaral.gob.pe\/es\/noticias\/ciencia-y-tecnologia-desarrollada-hace-5-000-anos-por-la-civilizacion-caral-fue-presentada-en-peru-con-ciencia\/#breadcrumb","itemListElement":[{"@type":"ListItem","position":1,"name":"Portada","item":"https:\/\/zonacaral.gob.pe\/"},{"@type":"ListItem","position":2,"name":"Ciencia y Tecnolog\u00eda desarrollada hace 5 000 a\u00f1os por la CIVILIZACI\u00d3N CARAL fue presentada en \u00abPER\u00da Con CIENCIA\u00bb"}]},{"@type":"WebSite","@id":"https:\/\/zonacaral.gob.pe\/es\/#website","url":"https:\/\/zonacaral.gob.pe\/es\/","name":"Zona Caral","description":"Investigamos, conservamos y difundimos el patrimonio cultural de la Civilizaci\u00f3n Caral, la m\u00e1s antigua de Am\u00e9rica.","potentialAction":[{"@type":"SearchAction","target":{"@type":"EntryPoint","urlTemplate":"https:\/\/zonacaral.gob.pe\/es\/?s={search_term_string}"},"query-input":{"@type":"PropertyValueSpecification","valueRequired":true,"valueName":"search_term_string"}}],"inLanguage":"en-US"},{"@type":"Person","@id":"https:\/\/zonacaral.gob.pe\/es\/#\/schema\/person\/beddb4d22f71a7230c5b90913270a0ee","name":"Zona Caral Administrador","image":{"@type":"ImageObject","inLanguage":"en-US","@id":"https:\/\/secure.gravatar.com\/avatar\/e4be162918a696358376de6446614e0f0f4062bdc5d170d6d540ada3d8b58c12?s=96&d=mm&r=g","url":"https:\/\/secure.gravatar.com\/avatar\/e4be162918a696358376de6446614e0f0f4062bdc5d170d6d540ada3d8b58c12?s=96&d=mm&r=g","contentUrl":"https:\/\/secure.gravatar.com\/avatar\/e4be162918a696358376de6446614e0f0f4062bdc5d170d6d540ada3d8b58c12?s=96&d=mm&r=g","caption":"Zona Caral Administrador"},"sameAs":["https:\/\/zonacaral.gob.pe"],"url":"https:\/\/zonacaral.gob.pe\/en\/noticias\/author\/ad_zonacaral\/"}]}},"_links":{"self":[{"href":"https:\/\/zonacaral.gob.pe\/en\/wp-json\/wp\/v2\/posts\/11951","targetHints":{"allow":["GET"]}}],"collection":[{"href":"https:\/\/zonacaral.gob.pe\/en\/wp-json\/wp\/v2\/posts"}],"about":[{"href":"https:\/\/zonacaral.gob.pe\/en\/wp-json\/wp\/v2\/types\/post"}],"author":[{"embeddable":true,"href":"https:\/\/zonacaral.gob.pe\/en\/wp-json\/wp\/v2\/users\/1"}],"replies":[{"embeddable":true,"href":"https:\/\/zonacaral.gob.pe\/en\/wp-json\/wp\/v2\/comments?post=11951"}],"version-history":[{"count":0,"href":"https:\/\/zonacaral.gob.pe\/en\/wp-json\/wp\/v2\/posts\/11951\/revisions"}],"wp:featuredmedia":[{"embeddable":true,"href":"https:\/\/zonacaral.gob.pe\/en\/wp-json\/wp\/v2\/media\/11952"}],"wp:attachment":[{"href":"https:\/\/zonacaral.gob.pe\/en\/wp-json\/wp\/v2\/media?parent=11951"}],"wp:term":[{"taxonomy":"category","embeddable":true,"href":"https:\/\/zonacaral.gob.pe\/en\/wp-json\/wp\/v2\/categories?post=11951"},{"taxonomy":"post_tag","embeddable":true,"href":"https:\/\/zonacaral.gob.pe\/en\/wp-json\/wp\/v2\/tags?post=11951"}],"curies":[{"name":"wp","href":"https:\/\/api.w.org\/{rel}","templated":true}]}}