{"id":12122,"date":"2018-02-08T15:56:15","date_gmt":"2018-02-08T20:56:15","guid":{"rendered":"http:\/\/www.zonacaral.gob.pe\/?p=12122"},"modified":"2018-02-08T15:56:15","modified_gmt":"2018-02-08T20:56:15","slug":"talleres-didactico-culturales-en-vichama","status":"publish","type":"post","link":"https:\/\/zonacaral.gob.pe\/en\/noticias\/talleres-didactico-culturales-en-vichama\/","title":{"rendered":"Talleres did\u00e1ctico culturales en Vichama"},"content":{"rendered":"<figure class=\"pic-autor\" style=\"color: #4d4d4d; text-align: justify;\"><\/figure>\n<p class=\"news-summary\" style=\"font-weight: normal; color: #444444;\">Como parte de las actividades culturales que la Zona Arqueol\u00f3gica Caral desarrolla con la poblaci\u00f3n local del Valle de Supe, V\u00e9gueta-Huaura\u00a0 y Supe Puerto, se realiz\u00f3 recientemente en el Sitio Arqueol\u00f3gico de Vichama, ubicado en el distrito de V\u00e9gueta\u00a0de la provincia de Huaura,\u00a0 la tercera edici\u00f3n de los \u00abTalleres Culturales de Verano: Aprendiendo los valores de la Civilizaci\u00f3n Caral &#8211; Vichama y conociendo la historia de mi Pueblo\u00bb con un taller de cer\u00e1mica\u00a0dirigida a ni\u00f1os, donde de manera entretenida y did\u00e1ctica aprendieron a realizar moldes a base de yeso inspirados en los frisos en relieve\u00a0y figuras\u00a0halladas en el sitio arqueol\u00f3gico.<\/p>\n<p class=\"news-summary\" style=\"font-weight: normal; color: #444444;\">Los ni\u00f1os previamente pudieron hacer un recorrido por el circuito tur\u00edstico del sitio, apreciar los edificios que albergan los asombrosos frisos en relieve para luego plasmarlos en sus trabajos de cer\u00e1mica.<\/p>\n<p class=\"news-summary\" style=\"font-weight: normal; color: #444444;\"><img fetchpriority=\"high\" decoding=\"async\" class=\"alignnone wp-image-12129\" src=\"http:\/\/www.zonacaral.gob.pe\/wp-content\/uploads\/2018\/02\/taller-ceramica-vichama-03.jpg\" alt=\"taller-ceramica-vichama-03\" width=\"600\" height=\"450\" srcset=\"https:\/\/zonacaral.gob.pe\/wp-content\/uploads\/2018\/02\/taller-ceramica-vichama-03.jpg 800w, https:\/\/zonacaral.gob.pe\/wp-content\/uploads\/2018\/02\/taller-ceramica-vichama-03-300x225.jpg 300w, https:\/\/zonacaral.gob.pe\/wp-content\/uploads\/2018\/02\/taller-ceramica-vichama-03-768x576.jpg 768w\" sizes=\"(max-width: 600px) 100vw, 600px\" \/><\/p>\n<p class=\"news-summary\" style=\"font-weight: normal; color: #444444;\"><img decoding=\"async\" class=\"alignnone wp-image-12128\" src=\"http:\/\/www.zonacaral.gob.pe\/wp-content\/uploads\/2018\/02\/taller-ceramica-vichama-02.jpg\" alt=\"taller-ceramica-vichama-02\" width=\"600\" height=\"450\" srcset=\"https:\/\/zonacaral.gob.pe\/wp-content\/uploads\/2018\/02\/taller-ceramica-vichama-02.jpg 800w, https:\/\/zonacaral.gob.pe\/wp-content\/uploads\/2018\/02\/taller-ceramica-vichama-02-300x225.jpg 300w, https:\/\/zonacaral.gob.pe\/wp-content\/uploads\/2018\/02\/taller-ceramica-vichama-02-768x576.jpg 768w\" sizes=\"(max-width: 600px) 100vw, 600px\" \/><\/p>\n<p><span style=\"color: #993300;\"><strong>Fuente:\u00a0Prensa ZAC<\/strong><\/span><\/p>\n<div style=\"color: #1f1f1f;\">\n<p style=\"text-align: justify;\">Fecha de publicaci\u00f3n: 08\/02\/2018<\/p>\n<\/div>","protected":false},"excerpt":{"rendered":"<p>Como parte de las actividades culturales que la Zona Arqueol\u00f3gica Caral desarrolla con la poblaci\u00f3n local del Valle de Supe, [&hellip;]<\/p>\n","protected":false},"author":1,"featured_media":12123,"comment_status":"closed","ping_status":"open","sticky":false,"template":"","format":"standard","meta":{"_acf_changed":false,"site-sidebar-layout":"default","site-content-layout":"","ast-site-content-layout":"default","site-content-style":"default","site-sidebar-style":"default","ast-global-header-display":"","ast-banner-title-visibility":"","ast-main-header-display":"","ast-hfb-above-header-display":"","ast-hfb-below-header-display":"","ast-hfb-mobile-header-display":"","site-post-title":"","ast-breadcrumbs-content":"","ast-featured-img":"","footer-sml-layout":"","ast-disable-related-posts":"","theme-transparent-header-meta":"","adv-header-id-meta":"","stick-header-meta":"","header-above-stick-meta":"","header-main-stick-meta":"","header-below-stick-meta":"","astra-migrate-meta-layouts":"default","ast-page-background-enabled":"default","ast-page-background-meta":{"desktop":{"background-color":"var(--ast-global-color-5)","background-image":"","background-repeat":"repeat","background-position":"center center","background-size":"auto","background-attachment":"scroll","background-type":"","background-media":"","overlay-type":"","overlay-color":"","overlay-opacity":"","overlay-gradient":""},"tablet":{"background-color":"","background-image":"","background-repeat":"repeat","background-position":"center center","background-size":"auto","background-attachment":"scroll","background-type":"","background-media":"","overlay-type":"","overlay-color":"","overlay-opacity":"","overlay-gradient":""},"mobile":{"background-color":"","background-image":"","background-repeat":"repeat","background-position":"center center","background-size":"auto","background-attachment":"scroll","background-type":"","background-media":"","overlay-type":"","overlay-color":"","overlay-opacity":"","overlay-gradient":""}},"ast-content-background-meta":{"desktop":{"background-color":"var(--ast-global-color-4)","background-image":"","background-repeat":"repeat","background-position":"center center","background-size":"auto","background-attachment":"scroll","background-type":"","background-media":"","overlay-type":"","overlay-color":"","overlay-opacity":"","overlay-gradient":""},"tablet":{"background-color":"var(--ast-global-color-4)","background-image":"","background-repeat":"repeat","background-position":"center center","background-size":"auto","background-attachment":"scroll","background-type":"","background-media":"","overlay-type":"","overlay-color":"","overlay-opacity":"","overlay-gradient":""},"mobile":{"background-color":"var(--ast-global-color-4)","background-image":"","background-repeat":"repeat","background-position":"center center","background-size":"auto","background-attachment":"scroll","background-type":"","background-media":"","overlay-type":"","overlay-color":"","overlay-opacity":"","overlay-gradient":""}},"footnotes":""},"categories":[208],"tags":[55,145,69,61],"class_list":["post-12122","post","type-post","status-publish","format-standard","has-post-thumbnail","hentry","category-noticias","tag-caral","tag-ceramica","tag-taller","tag-vichama"],"acf":[],"yoast_head":"<!-- This site is optimized with the Yoast SEO plugin v27.3 - https:\/\/yoast.com\/product\/yoast-seo-wordpress\/ -->\n<title>Talleres did\u00e1ctico culturales en Vichama<\/title>\n<meta name=\"description\" content=\"Como parte de las actividades culturales que la Zona Arqueol\u00f3gica Caral desarrolla con la poblaci\u00f3n local del Valle de Supe, V\u00e9gueta-Huaura y Supe Puerto.\" \/>\n<meta name=\"robots\" content=\"index, follow, max-snippet:-1, max-image-preview:large, max-video-preview:-1\" \/>\n<link rel=\"canonical\" href=\"https:\/\/zonacaral.gob.pe\/en\/noticias\/talleres-didactico-culturales-en-vichama\/\" \/>\n<meta property=\"og:locale\" content=\"en_US\" \/>\n<meta property=\"og:type\" content=\"article\" \/>\n<meta property=\"og:title\" content=\"Talleres did\u00e1ctico culturales en Vichama\" \/>\n<meta property=\"og:description\" content=\"Como parte de las actividades culturales que la Zona Arqueol\u00f3gica Caral desarrolla con la poblaci\u00f3n local del Valle de Supe, V\u00e9gueta-Huaura y Supe Puerto.\" \/>\n<meta property=\"og:url\" content=\"https:\/\/zonacaral.gob.pe\/en\/noticias\/talleres-didactico-culturales-en-vichama\/\" \/>\n<meta property=\"og:site_name\" content=\"Zona Caral\" \/>\n<meta property=\"article:published_time\" content=\"2018-02-08T20:56:15+00:00\" \/>\n<meta property=\"og:image\" content=\"https:\/\/zonacaral.gob.pe\/wp-content\/uploads\/2018\/02\/taller-ceramica-vichama.jpg\" \/>\n\t<meta property=\"og:image:width\" content=\"800\" \/>\n\t<meta property=\"og:image:height\" content=\"447\" \/>\n\t<meta property=\"og:image:type\" content=\"image\/jpeg\" \/>\n<meta name=\"author\" content=\"Zona Caral Administrador\" \/>\n<meta name=\"twitter:card\" content=\"summary_large_image\" \/>\n<meta name=\"twitter:label1\" content=\"Written by\" \/>\n\t<meta name=\"twitter:data1\" content=\"Zona Caral Administrador\" \/>\n\t<meta name=\"twitter:label2\" content=\"Est. reading time\" \/>\n\t<meta name=\"twitter:data2\" content=\"1 minute\" \/>\n<script type=\"application\/ld+json\" class=\"yoast-schema-graph\">{\"@context\":\"https:\\\/\\\/schema.org\",\"@graph\":[{\"@type\":\"Article\",\"@id\":\"https:\\\/\\\/zonacaral.gob.pe\\\/es\\\/noticias\\\/talleres-didactico-culturales-en-vichama\\\/#article\",\"isPartOf\":{\"@id\":\"https:\\\/\\\/zonacaral.gob.pe\\\/es\\\/noticias\\\/talleres-didactico-culturales-en-vichama\\\/\"},\"author\":{\"name\":\"Zona Caral Administrador\",\"@id\":\"https:\\\/\\\/zonacaral.gob.pe\\\/es\\\/#\\\/schema\\\/person\\\/beddb4d22f71a7230c5b90913270a0ee\"},\"headline\":\"Talleres did\u00e1ctico culturales en Vichama\",\"datePublished\":\"2018-02-08T20:56:15+00:00\",\"mainEntityOfPage\":{\"@id\":\"https:\\\/\\\/zonacaral.gob.pe\\\/es\\\/noticias\\\/talleres-didactico-culturales-en-vichama\\\/\"},\"wordCount\":162,\"image\":{\"@id\":\"https:\\\/\\\/zonacaral.gob.pe\\\/es\\\/noticias\\\/talleres-didactico-culturales-en-vichama\\\/#primaryimage\"},\"thumbnailUrl\":\"https:\\\/\\\/zonacaral.gob.pe\\\/wp-content\\\/uploads\\\/2018\\\/02\\\/taller-ceramica-vichama.jpg\",\"keywords\":[\"caral\",\"ceramica\",\"taller\",\"vichama\"],\"articleSection\":[\"noticias\"],\"inLanguage\":\"en-US\"},{\"@type\":\"WebPage\",\"@id\":\"https:\\\/\\\/zonacaral.gob.pe\\\/es\\\/noticias\\\/talleres-didactico-culturales-en-vichama\\\/\",\"url\":\"https:\\\/\\\/zonacaral.gob.pe\\\/es\\\/noticias\\\/talleres-didactico-culturales-en-vichama\\\/\",\"name\":\"Talleres did\u00e1ctico culturales en Vichama\",\"isPartOf\":{\"@id\":\"https:\\\/\\\/zonacaral.gob.pe\\\/es\\\/#website\"},\"primaryImageOfPage\":{\"@id\":\"https:\\\/\\\/zonacaral.gob.pe\\\/es\\\/noticias\\\/talleres-didactico-culturales-en-vichama\\\/#primaryimage\"},\"image\":{\"@id\":\"https:\\\/\\\/zonacaral.gob.pe\\\/es\\\/noticias\\\/talleres-didactico-culturales-en-vichama\\\/#primaryimage\"},\"thumbnailUrl\":\"https:\\\/\\\/zonacaral.gob.pe\\\/wp-content\\\/uploads\\\/2018\\\/02\\\/taller-ceramica-vichama.jpg\",\"datePublished\":\"2018-02-08T20:56:15+00:00\",\"author\":{\"@id\":\"https:\\\/\\\/zonacaral.gob.pe\\\/es\\\/#\\\/schema\\\/person\\\/beddb4d22f71a7230c5b90913270a0ee\"},\"description\":\"Como parte de las actividades culturales que la Zona Arqueol\u00f3gica Caral desarrolla con la poblaci\u00f3n local del Valle de Supe, V\u00e9gueta-Huaura y Supe Puerto.\",\"breadcrumb\":{\"@id\":\"https:\\\/\\\/zonacaral.gob.pe\\\/es\\\/noticias\\\/talleres-didactico-culturales-en-vichama\\\/#breadcrumb\"},\"inLanguage\":\"en-US\",\"potentialAction\":[{\"@type\":\"ReadAction\",\"target\":[\"https:\\\/\\\/zonacaral.gob.pe\\\/es\\\/noticias\\\/talleres-didactico-culturales-en-vichama\\\/\"]}]},{\"@type\":\"ImageObject\",\"inLanguage\":\"en-US\",\"@id\":\"https:\\\/\\\/zonacaral.gob.pe\\\/es\\\/noticias\\\/talleres-didactico-culturales-en-vichama\\\/#primaryimage\",\"url\":\"https:\\\/\\\/zonacaral.gob.pe\\\/wp-content\\\/uploads\\\/2018\\\/02\\\/taller-ceramica-vichama.jpg\",\"contentUrl\":\"https:\\\/\\\/zonacaral.gob.pe\\\/wp-content\\\/uploads\\\/2018\\\/02\\\/taller-ceramica-vichama.jpg\",\"width\":800,\"height\":447},{\"@type\":\"BreadcrumbList\",\"@id\":\"https:\\\/\\\/zonacaral.gob.pe\\\/es\\\/noticias\\\/talleres-didactico-culturales-en-vichama\\\/#breadcrumb\",\"itemListElement\":[{\"@type\":\"ListItem\",\"position\":1,\"name\":\"Portada\",\"item\":\"https:\\\/\\\/zonacaral.gob.pe\\\/\"},{\"@type\":\"ListItem\",\"position\":2,\"name\":\"Talleres did\u00e1ctico culturales en Vichama\"}]},{\"@type\":\"WebSite\",\"@id\":\"https:\\\/\\\/zonacaral.gob.pe\\\/es\\\/#website\",\"url\":\"https:\\\/\\\/zonacaral.gob.pe\\\/es\\\/\",\"name\":\"Zona Caral\",\"description\":\"Investigamos, conservamos y difundimos el patrimonio cultural de la Civilizaci\u00f3n Caral, la m\u00e1s antigua de Am\u00e9rica.\",\"potentialAction\":[{\"@type\":\"SearchAction\",\"target\":{\"@type\":\"EntryPoint\",\"urlTemplate\":\"https:\\\/\\\/zonacaral.gob.pe\\\/es\\\/?s={search_term_string}\"},\"query-input\":{\"@type\":\"PropertyValueSpecification\",\"valueRequired\":true,\"valueName\":\"search_term_string\"}}],\"inLanguage\":\"en-US\"},{\"@type\":\"Person\",\"@id\":\"https:\\\/\\\/zonacaral.gob.pe\\\/es\\\/#\\\/schema\\\/person\\\/beddb4d22f71a7230c5b90913270a0ee\",\"name\":\"Zona Caral Administrador\",\"image\":{\"@type\":\"ImageObject\",\"inLanguage\":\"en-US\",\"@id\":\"https:\\\/\\\/secure.gravatar.com\\\/avatar\\\/e4be162918a696358376de6446614e0f0f4062bdc5d170d6d540ada3d8b58c12?s=96&d=mm&r=g\",\"url\":\"https:\\\/\\\/secure.gravatar.com\\\/avatar\\\/e4be162918a696358376de6446614e0f0f4062bdc5d170d6d540ada3d8b58c12?s=96&d=mm&r=g\",\"contentUrl\":\"https:\\\/\\\/secure.gravatar.com\\\/avatar\\\/e4be162918a696358376de6446614e0f0f4062bdc5d170d6d540ada3d8b58c12?s=96&d=mm&r=g\",\"caption\":\"Zona Caral Administrador\"},\"sameAs\":[\"https:\\\/\\\/zonacaral.gob.pe\"],\"url\":\"https:\\\/\\\/zonacaral.gob.pe\\\/en\\\/noticias\\\/author\\\/ad_zonacaral\\\/\"}]}<\/script>\n<!-- \/ Yoast SEO plugin. -->","yoast_head_json":{"title":"Talleres did\u00e1ctico culturales en Vichama","description":"Como parte de las actividades culturales que la Zona Arqueol\u00f3gica Caral desarrolla con la poblaci\u00f3n local del Valle de Supe, V\u00e9gueta-Huaura y Supe Puerto.","robots":{"index":"index","follow":"follow","max-snippet":"max-snippet:-1","max-image-preview":"max-image-preview:large","max-video-preview":"max-video-preview:-1"},"canonical":"https:\/\/zonacaral.gob.pe\/en\/noticias\/talleres-didactico-culturales-en-vichama\/","og_locale":"en_US","og_type":"article","og_title":"Talleres did\u00e1ctico culturales en Vichama","og_description":"Como parte de las actividades culturales que la Zona Arqueol\u00f3gica Caral desarrolla con la poblaci\u00f3n local del Valle de Supe, V\u00e9gueta-Huaura y Supe Puerto.","og_url":"https:\/\/zonacaral.gob.pe\/en\/noticias\/talleres-didactico-culturales-en-vichama\/","og_site_name":"Zona Caral","article_published_time":"2018-02-08T20:56:15+00:00","og_image":[{"width":800,"height":447,"url":"https:\/\/zonacaral.gob.pe\/wp-content\/uploads\/2018\/02\/taller-ceramica-vichama.jpg","type":"image\/jpeg"}],"author":"Zona Caral Administrador","twitter_card":"summary_large_image","twitter_misc":{"Written by":"Zona Caral Administrador","Est. reading time":"1 minute"},"schema":{"@context":"https:\/\/schema.org","@graph":[{"@type":"Article","@id":"https:\/\/zonacaral.gob.pe\/es\/noticias\/talleres-didactico-culturales-en-vichama\/#article","isPartOf":{"@id":"https:\/\/zonacaral.gob.pe\/es\/noticias\/talleres-didactico-culturales-en-vichama\/"},"author":{"name":"Zona Caral Administrador","@id":"https:\/\/zonacaral.gob.pe\/es\/#\/schema\/person\/beddb4d22f71a7230c5b90913270a0ee"},"headline":"Talleres did\u00e1ctico culturales en Vichama","datePublished":"2018-02-08T20:56:15+00:00","mainEntityOfPage":{"@id":"https:\/\/zonacaral.gob.pe\/es\/noticias\/talleres-didactico-culturales-en-vichama\/"},"wordCount":162,"image":{"@id":"https:\/\/zonacaral.gob.pe\/es\/noticias\/talleres-didactico-culturales-en-vichama\/#primaryimage"},"thumbnailUrl":"https:\/\/zonacaral.gob.pe\/wp-content\/uploads\/2018\/02\/taller-ceramica-vichama.jpg","keywords":["caral","ceramica","taller","vichama"],"articleSection":["noticias"],"inLanguage":"en-US"},{"@type":"WebPage","@id":"https:\/\/zonacaral.gob.pe\/es\/noticias\/talleres-didactico-culturales-en-vichama\/","url":"https:\/\/zonacaral.gob.pe\/es\/noticias\/talleres-didactico-culturales-en-vichama\/","name":"Talleres did\u00e1ctico culturales en Vichama","isPartOf":{"@id":"https:\/\/zonacaral.gob.pe\/es\/#website"},"primaryImageOfPage":{"@id":"https:\/\/zonacaral.gob.pe\/es\/noticias\/talleres-didactico-culturales-en-vichama\/#primaryimage"},"image":{"@id":"https:\/\/zonacaral.gob.pe\/es\/noticias\/talleres-didactico-culturales-en-vichama\/#primaryimage"},"thumbnailUrl":"https:\/\/zonacaral.gob.pe\/wp-content\/uploads\/2018\/02\/taller-ceramica-vichama.jpg","datePublished":"2018-02-08T20:56:15+00:00","author":{"@id":"https:\/\/zonacaral.gob.pe\/es\/#\/schema\/person\/beddb4d22f71a7230c5b90913270a0ee"},"description":"Como parte de las actividades culturales que la Zona Arqueol\u00f3gica Caral desarrolla con la poblaci\u00f3n local del Valle de Supe, V\u00e9gueta-Huaura y Supe Puerto.","breadcrumb":{"@id":"https:\/\/zonacaral.gob.pe\/es\/noticias\/talleres-didactico-culturales-en-vichama\/#breadcrumb"},"inLanguage":"en-US","potentialAction":[{"@type":"ReadAction","target":["https:\/\/zonacaral.gob.pe\/es\/noticias\/talleres-didactico-culturales-en-vichama\/"]}]},{"@type":"ImageObject","inLanguage":"en-US","@id":"https:\/\/zonacaral.gob.pe\/es\/noticias\/talleres-didactico-culturales-en-vichama\/#primaryimage","url":"https:\/\/zonacaral.gob.pe\/wp-content\/uploads\/2018\/02\/taller-ceramica-vichama.jpg","contentUrl":"https:\/\/zonacaral.gob.pe\/wp-content\/uploads\/2018\/02\/taller-ceramica-vichama.jpg","width":800,"height":447},{"@type":"BreadcrumbList","@id":"https:\/\/zonacaral.gob.pe\/es\/noticias\/talleres-didactico-culturales-en-vichama\/#breadcrumb","itemListElement":[{"@type":"ListItem","position":1,"name":"Portada","item":"https:\/\/zonacaral.gob.pe\/"},{"@type":"ListItem","position":2,"name":"Talleres did\u00e1ctico culturales en Vichama"}]},{"@type":"WebSite","@id":"https:\/\/zonacaral.gob.pe\/es\/#website","url":"https:\/\/zonacaral.gob.pe\/es\/","name":"Zona Caral","description":"Investigamos, conservamos y difundimos el patrimonio cultural de la Civilizaci\u00f3n Caral, la m\u00e1s antigua de Am\u00e9rica.","potentialAction":[{"@type":"SearchAction","target":{"@type":"EntryPoint","urlTemplate":"https:\/\/zonacaral.gob.pe\/es\/?s={search_term_string}"},"query-input":{"@type":"PropertyValueSpecification","valueRequired":true,"valueName":"search_term_string"}}],"inLanguage":"en-US"},{"@type":"Person","@id":"https:\/\/zonacaral.gob.pe\/es\/#\/schema\/person\/beddb4d22f71a7230c5b90913270a0ee","name":"Zona Caral Administrador","image":{"@type":"ImageObject","inLanguage":"en-US","@id":"https:\/\/secure.gravatar.com\/avatar\/e4be162918a696358376de6446614e0f0f4062bdc5d170d6d540ada3d8b58c12?s=96&d=mm&r=g","url":"https:\/\/secure.gravatar.com\/avatar\/e4be162918a696358376de6446614e0f0f4062bdc5d170d6d540ada3d8b58c12?s=96&d=mm&r=g","contentUrl":"https:\/\/secure.gravatar.com\/avatar\/e4be162918a696358376de6446614e0f0f4062bdc5d170d6d540ada3d8b58c12?s=96&d=mm&r=g","caption":"Zona Caral Administrador"},"sameAs":["https:\/\/zonacaral.gob.pe"],"url":"https:\/\/zonacaral.gob.pe\/en\/noticias\/author\/ad_zonacaral\/"}]}},"_links":{"self":[{"href":"https:\/\/zonacaral.gob.pe\/en\/wp-json\/wp\/v2\/posts\/12122","targetHints":{"allow":["GET"]}}],"collection":[{"href":"https:\/\/zonacaral.gob.pe\/en\/wp-json\/wp\/v2\/posts"}],"about":[{"href":"https:\/\/zonacaral.gob.pe\/en\/wp-json\/wp\/v2\/types\/post"}],"author":[{"embeddable":true,"href":"https:\/\/zonacaral.gob.pe\/en\/wp-json\/wp\/v2\/users\/1"}],"replies":[{"embeddable":true,"href":"https:\/\/zonacaral.gob.pe\/en\/wp-json\/wp\/v2\/comments?post=12122"}],"version-history":[{"count":0,"href":"https:\/\/zonacaral.gob.pe\/en\/wp-json\/wp\/v2\/posts\/12122\/revisions"}],"wp:featuredmedia":[{"embeddable":true,"href":"https:\/\/zonacaral.gob.pe\/en\/wp-json\/wp\/v2\/media\/12123"}],"wp:attachment":[{"href":"https:\/\/zonacaral.gob.pe\/en\/wp-json\/wp\/v2\/media?parent=12122"}],"wp:term":[{"taxonomy":"category","embeddable":true,"href":"https:\/\/zonacaral.gob.pe\/en\/wp-json\/wp\/v2\/categories?post=12122"},{"taxonomy":"post_tag","embeddable":true,"href":"https:\/\/zonacaral.gob.pe\/en\/wp-json\/wp\/v2\/tags?post=12122"}],"curies":[{"name":"wp","href":"https:\/\/api.w.org\/{rel}","templated":true}]}}