{"id":12239,"date":"2018-03-08T13:28:41","date_gmt":"2018-03-08T18:28:41","guid":{"rendered":"http:\/\/www.zonacaral.gob.pe\/?p=12239"},"modified":"2018-03-08T13:28:41","modified_gmt":"2018-03-08T18:28:41","slug":"dia-de-la-mujer-conoce-a-tres-guardianas-de-la-historia-peruana","status":"publish","type":"post","link":"https:\/\/zonacaral.gob.pe\/en\/noticias\/dia-de-la-mujer-conoce-a-tres-guardianas-de-la-historia-peruana\/","title":{"rendered":"D\u00eda de la Mujer: conoce a tres guardianas de la historia peruana"},"content":{"rendered":"<figure class=\"pic-autor\" style=\"color: #4d4d4d; text-align: justify;\"><\/figure>\n<p style=\"text-align: justify;\">Las mujeres no solo han marcado la historia del Per\u00fa, tambi\u00e9n la han investigado y preservado. En este D\u00eda Internacional de la Mujer recordamos a tres de ellas, cuyo legado permanecer\u00e1 hasta las pr\u00f3ximas generaciones.<\/p>\n<p style=\"text-align: justify;\"><strong>Ruth Shady:<\/strong> Es arque\u00f3loga, antrop\u00f3loga y educadora. Es la responsable y gran investigadora de la Civilizaci\u00f3n Caral. Sus hallazgos asombraron al mundo y hoy es una referencia para conocer nuestros primeros pasos en la historia del Per\u00fa.<\/p>\n<p style=\"text-align: justify;\">Lidera las investigaciones, la conservaci\u00f3n y difusi\u00f3n de la Ciudad Sagrada de Caral, lugar donde se inici\u00f3 la civilizaci\u00f3n americana, a la par que en Mesopotamia, Egipto y China. Esta ciudad, erigida hace 5 mil a\u00f1os, posee notables pir\u00e1mides y plazas circulares hundidas.<\/p>\n<p style=\"text-align: justify;\">Tambi\u00e9n fue designada, el a\u00f1o 2012, como Punto Focal Peruano del Programa Mujeres para la Ciencia. Parte de la Red Interamericana de Academias de la Ciencia (IANAS, por sus siglas en ingl\u00e9s).<\/p>\n<p style=\"text-align: justify;\"><strong>Mar\u00eda Reiche<\/strong> (1903- 1998), la investigadora alemana que dedic\u00f3 52 a\u00f1os al estudio de las L\u00edneas de Nasca. \u201cLa Dama de la Pampa\u201d fue su gran defensora y difusora.<\/p>\n<p style=\"text-align: justify;\">Era usual verla recorrer el desierto, siempre buscando explicaciones sin importar el inclemente sol.<\/p>\n<p style=\"text-align: justify;\">Tambi\u00e9n recordamos en este D\u00eda Internacional de la Mujer a <strong>Mar\u00eda Rostworowski<\/strong> (1915 \u2013 2016), quien falleci\u00f3 a los 100 a\u00f1os y dej\u00f3 como herencia para los peruanos libros trascendentales para entender nuestra historia.<\/p>\n<p style=\"text-align: justify;\">\u00abHistoria del Tahuantinsuyo\u00bb (1988) y \u00abPachac\u00fatec\u00bb (1953) son textos b\u00e1sicos para entender el Estado Inca. Fue una investigadora incansable que ha servido de inspiraci\u00f3n a las nuevas generaciones.<\/p>\n<p class=\"news-summary\" style=\"font-weight: normal; color: #444444;\"><strong style=\"color: #993300;\">Fuen<span style=\"color: #993300;\">te: <a href=\"https:\/\/elcomercio.pe\/peru\/dia-mujer-conoce-tres-guardianas-historia-peruana-video-noticia-502752\"><span style=\"color: #993300;\">El Comercio<\/span><\/a><\/span><\/strong><\/p>\n<div style=\"color: #1f1f1f;\">\n<p style=\"text-align: justify;\">Fecha de publicaci\u00f3n: 08\/03\/2018<\/p>\n<\/div>","protected":false},"excerpt":{"rendered":"<p>Las mujeres no solo han marcado la historia del Per\u00fa, tambi\u00e9n la han investigado y preservado. En este D\u00eda Internacional [&hellip;]<\/p>\n","protected":false},"author":1,"featured_media":12240,"comment_status":"closed","ping_status":"open","sticky":false,"template":"","format":"standard","meta":{"_acf_changed":false,"site-sidebar-layout":"default","site-content-layout":"","ast-site-content-layout":"default","site-content-style":"default","site-sidebar-style":"default","ast-global-header-display":"","ast-banner-title-visibility":"","ast-main-header-display":"","ast-hfb-above-header-display":"","ast-hfb-below-header-display":"","ast-hfb-mobile-header-display":"","site-post-title":"","ast-breadcrumbs-content":"","ast-featured-img":"","footer-sml-layout":"","ast-disable-related-posts":"","theme-transparent-header-meta":"","adv-header-id-meta":"","stick-header-meta":"","header-above-stick-meta":"","header-main-stick-meta":"","header-below-stick-meta":"","astra-migrate-meta-layouts":"default","ast-page-background-enabled":"default","ast-page-background-meta":{"desktop":{"background-color":"var(--ast-global-color-5)","background-image":"","background-repeat":"repeat","background-position":"center center","background-size":"auto","background-attachment":"scroll","background-type":"","background-media":"","overlay-type":"","overlay-color":"","overlay-opacity":"","overlay-gradient":""},"tablet":{"background-color":"","background-image":"","background-repeat":"repeat","background-position":"center center","background-size":"auto","background-attachment":"scroll","background-type":"","background-media":"","overlay-type":"","overlay-color":"","overlay-opacity":"","overlay-gradient":""},"mobile":{"background-color":"","background-image":"","background-repeat":"repeat","background-position":"center center","background-size":"auto","background-attachment":"scroll","background-type":"","background-media":"","overlay-type":"","overlay-color":"","overlay-opacity":"","overlay-gradient":""}},"ast-content-background-meta":{"desktop":{"background-color":"var(--ast-global-color-4)","background-image":"","background-repeat":"repeat","background-position":"center center","background-size":"auto","background-attachment":"scroll","background-type":"","background-media":"","overlay-type":"","overlay-color":"","overlay-opacity":"","overlay-gradient":""},"tablet":{"background-color":"var(--ast-global-color-4)","background-image":"","background-repeat":"repeat","background-position":"center center","background-size":"auto","background-attachment":"scroll","background-type":"","background-media":"","overlay-type":"","overlay-color":"","overlay-opacity":"","overlay-gradient":""},"mobile":{"background-color":"var(--ast-global-color-4)","background-image":"","background-repeat":"repeat","background-position":"center center","background-size":"auto","background-attachment":"scroll","background-type":"","background-media":"","overlay-type":"","overlay-color":"","overlay-opacity":"","overlay-gradient":""}},"footnotes":""},"categories":[208],"tags":[148,65,149,61],"class_list":["post-12239","post","type-post","status-publish","format-standard","has-post-thumbnail","hentry","category-noticias","tag-maria-reiche","tag-mujer","tag-rostworowski","tag-vichama"],"acf":[],"yoast_head":"<!-- This site is optimized with the Yoast SEO plugin v27.3 - https:\/\/yoast.com\/product\/yoast-seo-wordpress\/ -->\n<title>D\u00eda de la Mujer: conoce a tres guardianas de la historia peruana<\/title>\n<meta name=\"description\" content=\"Las mujeres no solo han marcado la historia del Per\u00fa, tambi\u00e9n la han investigado y preservado. En este D\u00eda Internacional de la Mujer recordamos a tres de ellas, cuyo legado permanecer\u00e1 hasta las pr\u00f3ximas generaciones.\" \/>\n<meta name=\"robots\" content=\"index, follow, max-snippet:-1, max-image-preview:large, max-video-preview:-1\" \/>\n<link rel=\"canonical\" href=\"https:\/\/zonacaral.gob.pe\/en\/noticias\/dia-de-la-mujer-conoce-a-tres-guardianas-de-la-historia-peruana\/\" \/>\n<meta property=\"og:locale\" content=\"en_US\" \/>\n<meta property=\"og:type\" content=\"article\" \/>\n<meta property=\"og:title\" content=\"D\u00eda de la Mujer: conoce a tres guardianas de la historia peruana\" \/>\n<meta property=\"og:description\" content=\"Las mujeres no solo han marcado la historia del Per\u00fa, tambi\u00e9n la han investigado y preservado. En este D\u00eda Internacional de la Mujer recordamos a tres de ellas, cuyo legado permanecer\u00e1 hasta las pr\u00f3ximas generaciones.\" \/>\n<meta property=\"og:url\" content=\"https:\/\/zonacaral.gob.pe\/en\/noticias\/dia-de-la-mujer-conoce-a-tres-guardianas-de-la-historia-peruana\/\" \/>\n<meta property=\"og:site_name\" content=\"Zona Caral\" \/>\n<meta property=\"article:published_time\" content=\"2018-03-08T18:28:41+00:00\" \/>\n<meta property=\"og:image\" content=\"https:\/\/zonacaral.gob.pe\/wp-content\/uploads\/2018\/03\/tres-mujeres.jpg\" \/>\n\t<meta property=\"og:image:width\" content=\"800\" \/>\n\t<meta property=\"og:image:height\" content=\"418\" \/>\n\t<meta property=\"og:image:type\" content=\"image\/jpeg\" \/>\n<meta name=\"author\" content=\"Zona Caral Administrador\" \/>\n<meta name=\"twitter:card\" content=\"summary_large_image\" \/>\n<meta name=\"twitter:label1\" content=\"Written by\" \/>\n\t<meta name=\"twitter:data1\" content=\"Zona Caral Administrador\" \/>\n\t<meta name=\"twitter:label2\" content=\"Est. reading time\" \/>\n\t<meta name=\"twitter:data2\" content=\"1 minute\" \/>\n<script type=\"application\/ld+json\" class=\"yoast-schema-graph\">{\"@context\":\"https:\\\/\\\/schema.org\",\"@graph\":[{\"@type\":\"Article\",\"@id\":\"https:\\\/\\\/zonacaral.gob.pe\\\/en\\\/noticias\\\/dia-de-la-mujer-conoce-a-tres-guardianas-de-la-historia-peruana\\\/#article\",\"isPartOf\":{\"@id\":\"https:\\\/\\\/zonacaral.gob.pe\\\/en\\\/noticias\\\/dia-de-la-mujer-conoce-a-tres-guardianas-de-la-historia-peruana\\\/\"},\"author\":{\"name\":\"Zona Caral Administrador\",\"@id\":\"https:\\\/\\\/zonacaral.gob.pe\\\/es\\\/#\\\/schema\\\/person\\\/beddb4d22f71a7230c5b90913270a0ee\"},\"headline\":\"D\u00eda de la Mujer: conoce a tres guardianas de la historia peruana\",\"datePublished\":\"2018-03-08T18:28:41+00:00\",\"mainEntityOfPage\":{\"@id\":\"https:\\\/\\\/zonacaral.gob.pe\\\/en\\\/noticias\\\/dia-de-la-mujer-conoce-a-tres-guardianas-de-la-historia-peruana\\\/\"},\"wordCount\":286,\"image\":{\"@id\":\"https:\\\/\\\/zonacaral.gob.pe\\\/en\\\/noticias\\\/dia-de-la-mujer-conoce-a-tres-guardianas-de-la-historia-peruana\\\/#primaryimage\"},\"thumbnailUrl\":\"https:\\\/\\\/zonacaral.gob.pe\\\/wp-content\\\/uploads\\\/2018\\\/03\\\/tres-mujeres.jpg\",\"keywords\":[\"Mar\u00eda Reiche\",\"mujer\",\"Rostworowski\",\"vichama\"],\"articleSection\":[\"noticias\"],\"inLanguage\":\"en-US\"},{\"@type\":\"WebPage\",\"@id\":\"https:\\\/\\\/zonacaral.gob.pe\\\/en\\\/noticias\\\/dia-de-la-mujer-conoce-a-tres-guardianas-de-la-historia-peruana\\\/\",\"url\":\"https:\\\/\\\/zonacaral.gob.pe\\\/en\\\/noticias\\\/dia-de-la-mujer-conoce-a-tres-guardianas-de-la-historia-peruana\\\/\",\"name\":\"D\u00eda de la Mujer: conoce a tres guardianas de la historia peruana\",\"isPartOf\":{\"@id\":\"https:\\\/\\\/zonacaral.gob.pe\\\/es\\\/#website\"},\"primaryImageOfPage\":{\"@id\":\"https:\\\/\\\/zonacaral.gob.pe\\\/en\\\/noticias\\\/dia-de-la-mujer-conoce-a-tres-guardianas-de-la-historia-peruana\\\/#primaryimage\"},\"image\":{\"@id\":\"https:\\\/\\\/zonacaral.gob.pe\\\/en\\\/noticias\\\/dia-de-la-mujer-conoce-a-tres-guardianas-de-la-historia-peruana\\\/#primaryimage\"},\"thumbnailUrl\":\"https:\\\/\\\/zonacaral.gob.pe\\\/wp-content\\\/uploads\\\/2018\\\/03\\\/tres-mujeres.jpg\",\"datePublished\":\"2018-03-08T18:28:41+00:00\",\"author\":{\"@id\":\"https:\\\/\\\/zonacaral.gob.pe\\\/es\\\/#\\\/schema\\\/person\\\/beddb4d22f71a7230c5b90913270a0ee\"},\"description\":\"Las mujeres no solo han marcado la historia del Per\u00fa, tambi\u00e9n la han investigado y preservado. En este D\u00eda Internacional de la Mujer recordamos a tres de ellas, cuyo legado permanecer\u00e1 hasta las pr\u00f3ximas generaciones.\",\"breadcrumb\":{\"@id\":\"https:\\\/\\\/zonacaral.gob.pe\\\/en\\\/noticias\\\/dia-de-la-mujer-conoce-a-tres-guardianas-de-la-historia-peruana\\\/#breadcrumb\"},\"inLanguage\":\"en-US\",\"potentialAction\":[{\"@type\":\"ReadAction\",\"target\":[\"https:\\\/\\\/zonacaral.gob.pe\\\/en\\\/noticias\\\/dia-de-la-mujer-conoce-a-tres-guardianas-de-la-historia-peruana\\\/\"]}]},{\"@type\":\"ImageObject\",\"inLanguage\":\"en-US\",\"@id\":\"https:\\\/\\\/zonacaral.gob.pe\\\/en\\\/noticias\\\/dia-de-la-mujer-conoce-a-tres-guardianas-de-la-historia-peruana\\\/#primaryimage\",\"url\":\"https:\\\/\\\/zonacaral.gob.pe\\\/wp-content\\\/uploads\\\/2018\\\/03\\\/tres-mujeres.jpg\",\"contentUrl\":\"https:\\\/\\\/zonacaral.gob.pe\\\/wp-content\\\/uploads\\\/2018\\\/03\\\/tres-mujeres.jpg\",\"width\":800,\"height\":418},{\"@type\":\"BreadcrumbList\",\"@id\":\"https:\\\/\\\/zonacaral.gob.pe\\\/en\\\/noticias\\\/dia-de-la-mujer-conoce-a-tres-guardianas-de-la-historia-peruana\\\/#breadcrumb\",\"itemListElement\":[{\"@type\":\"ListItem\",\"position\":1,\"name\":\"Portada\",\"item\":\"https:\\\/\\\/zonacaral.gob.pe\\\/\"},{\"@type\":\"ListItem\",\"position\":2,\"name\":\"D\u00eda de la Mujer: conoce a tres guardianas de la historia peruana\"}]},{\"@type\":\"WebSite\",\"@id\":\"https:\\\/\\\/zonacaral.gob.pe\\\/es\\\/#website\",\"url\":\"https:\\\/\\\/zonacaral.gob.pe\\\/es\\\/\",\"name\":\"Zona Caral\",\"description\":\"Investigamos, conservamos y difundimos el patrimonio cultural de la Civilizaci\u00f3n Caral, la m\u00e1s antigua de Am\u00e9rica.\",\"potentialAction\":[{\"@type\":\"SearchAction\",\"target\":{\"@type\":\"EntryPoint\",\"urlTemplate\":\"https:\\\/\\\/zonacaral.gob.pe\\\/es\\\/?s={search_term_string}\"},\"query-input\":{\"@type\":\"PropertyValueSpecification\",\"valueRequired\":true,\"valueName\":\"search_term_string\"}}],\"inLanguage\":\"en-US\"},{\"@type\":\"Person\",\"@id\":\"https:\\\/\\\/zonacaral.gob.pe\\\/es\\\/#\\\/schema\\\/person\\\/beddb4d22f71a7230c5b90913270a0ee\",\"name\":\"Zona Caral Administrador\",\"image\":{\"@type\":\"ImageObject\",\"inLanguage\":\"en-US\",\"@id\":\"https:\\\/\\\/secure.gravatar.com\\\/avatar\\\/e4be162918a696358376de6446614e0f0f4062bdc5d170d6d540ada3d8b58c12?s=96&d=mm&r=g\",\"url\":\"https:\\\/\\\/secure.gravatar.com\\\/avatar\\\/e4be162918a696358376de6446614e0f0f4062bdc5d170d6d540ada3d8b58c12?s=96&d=mm&r=g\",\"contentUrl\":\"https:\\\/\\\/secure.gravatar.com\\\/avatar\\\/e4be162918a696358376de6446614e0f0f4062bdc5d170d6d540ada3d8b58c12?s=96&d=mm&r=g\",\"caption\":\"Zona Caral Administrador\"},\"sameAs\":[\"https:\\\/\\\/zonacaral.gob.pe\"],\"url\":\"https:\\\/\\\/zonacaral.gob.pe\\\/en\\\/noticias\\\/author\\\/ad_zonacaral\\\/\"}]}<\/script>\n<!-- \/ Yoast SEO plugin. -->","yoast_head_json":{"title":"D\u00eda de la Mujer: conoce a tres guardianas de la historia peruana","description":"Las mujeres no solo han marcado la historia del Per\u00fa, tambi\u00e9n la han investigado y preservado. En este D\u00eda Internacional de la Mujer recordamos a tres de ellas, cuyo legado permanecer\u00e1 hasta las pr\u00f3ximas generaciones.","robots":{"index":"index","follow":"follow","max-snippet":"max-snippet:-1","max-image-preview":"max-image-preview:large","max-video-preview":"max-video-preview:-1"},"canonical":"https:\/\/zonacaral.gob.pe\/en\/noticias\/dia-de-la-mujer-conoce-a-tres-guardianas-de-la-historia-peruana\/","og_locale":"en_US","og_type":"article","og_title":"D\u00eda de la Mujer: conoce a tres guardianas de la historia peruana","og_description":"Las mujeres no solo han marcado la historia del Per\u00fa, tambi\u00e9n la han investigado y preservado. En este D\u00eda Internacional de la Mujer recordamos a tres de ellas, cuyo legado permanecer\u00e1 hasta las pr\u00f3ximas generaciones.","og_url":"https:\/\/zonacaral.gob.pe\/en\/noticias\/dia-de-la-mujer-conoce-a-tres-guardianas-de-la-historia-peruana\/","og_site_name":"Zona Caral","article_published_time":"2018-03-08T18:28:41+00:00","og_image":[{"width":800,"height":418,"url":"https:\/\/zonacaral.gob.pe\/wp-content\/uploads\/2018\/03\/tres-mujeres.jpg","type":"image\/jpeg"}],"author":"Zona Caral Administrador","twitter_card":"summary_large_image","twitter_misc":{"Written by":"Zona Caral Administrador","Est. reading time":"1 minute"},"schema":{"@context":"https:\/\/schema.org","@graph":[{"@type":"Article","@id":"https:\/\/zonacaral.gob.pe\/en\/noticias\/dia-de-la-mujer-conoce-a-tres-guardianas-de-la-historia-peruana\/#article","isPartOf":{"@id":"https:\/\/zonacaral.gob.pe\/en\/noticias\/dia-de-la-mujer-conoce-a-tres-guardianas-de-la-historia-peruana\/"},"author":{"name":"Zona Caral Administrador","@id":"https:\/\/zonacaral.gob.pe\/es\/#\/schema\/person\/beddb4d22f71a7230c5b90913270a0ee"},"headline":"D\u00eda de la Mujer: conoce a tres guardianas de la historia peruana","datePublished":"2018-03-08T18:28:41+00:00","mainEntityOfPage":{"@id":"https:\/\/zonacaral.gob.pe\/en\/noticias\/dia-de-la-mujer-conoce-a-tres-guardianas-de-la-historia-peruana\/"},"wordCount":286,"image":{"@id":"https:\/\/zonacaral.gob.pe\/en\/noticias\/dia-de-la-mujer-conoce-a-tres-guardianas-de-la-historia-peruana\/#primaryimage"},"thumbnailUrl":"https:\/\/zonacaral.gob.pe\/wp-content\/uploads\/2018\/03\/tres-mujeres.jpg","keywords":["Mar\u00eda Reiche","mujer","Rostworowski","vichama"],"articleSection":["noticias"],"inLanguage":"en-US"},{"@type":"WebPage","@id":"https:\/\/zonacaral.gob.pe\/en\/noticias\/dia-de-la-mujer-conoce-a-tres-guardianas-de-la-historia-peruana\/","url":"https:\/\/zonacaral.gob.pe\/en\/noticias\/dia-de-la-mujer-conoce-a-tres-guardianas-de-la-historia-peruana\/","name":"D\u00eda de la Mujer: conoce a tres guardianas de la historia peruana","isPartOf":{"@id":"https:\/\/zonacaral.gob.pe\/es\/#website"},"primaryImageOfPage":{"@id":"https:\/\/zonacaral.gob.pe\/en\/noticias\/dia-de-la-mujer-conoce-a-tres-guardianas-de-la-historia-peruana\/#primaryimage"},"image":{"@id":"https:\/\/zonacaral.gob.pe\/en\/noticias\/dia-de-la-mujer-conoce-a-tres-guardianas-de-la-historia-peruana\/#primaryimage"},"thumbnailUrl":"https:\/\/zonacaral.gob.pe\/wp-content\/uploads\/2018\/03\/tres-mujeres.jpg","datePublished":"2018-03-08T18:28:41+00:00","author":{"@id":"https:\/\/zonacaral.gob.pe\/es\/#\/schema\/person\/beddb4d22f71a7230c5b90913270a0ee"},"description":"Las mujeres no solo han marcado la historia del Per\u00fa, tambi\u00e9n la han investigado y preservado. En este D\u00eda Internacional de la Mujer recordamos a tres de ellas, cuyo legado permanecer\u00e1 hasta las pr\u00f3ximas generaciones.","breadcrumb":{"@id":"https:\/\/zonacaral.gob.pe\/en\/noticias\/dia-de-la-mujer-conoce-a-tres-guardianas-de-la-historia-peruana\/#breadcrumb"},"inLanguage":"en-US","potentialAction":[{"@type":"ReadAction","target":["https:\/\/zonacaral.gob.pe\/en\/noticias\/dia-de-la-mujer-conoce-a-tres-guardianas-de-la-historia-peruana\/"]}]},{"@type":"ImageObject","inLanguage":"en-US","@id":"https:\/\/zonacaral.gob.pe\/en\/noticias\/dia-de-la-mujer-conoce-a-tres-guardianas-de-la-historia-peruana\/#primaryimage","url":"https:\/\/zonacaral.gob.pe\/wp-content\/uploads\/2018\/03\/tres-mujeres.jpg","contentUrl":"https:\/\/zonacaral.gob.pe\/wp-content\/uploads\/2018\/03\/tres-mujeres.jpg","width":800,"height":418},{"@type":"BreadcrumbList","@id":"https:\/\/zonacaral.gob.pe\/en\/noticias\/dia-de-la-mujer-conoce-a-tres-guardianas-de-la-historia-peruana\/#breadcrumb","itemListElement":[{"@type":"ListItem","position":1,"name":"Portada","item":"https:\/\/zonacaral.gob.pe\/"},{"@type":"ListItem","position":2,"name":"D\u00eda de la Mujer: conoce a tres guardianas de la historia peruana"}]},{"@type":"WebSite","@id":"https:\/\/zonacaral.gob.pe\/es\/#website","url":"https:\/\/zonacaral.gob.pe\/es\/","name":"Zona Caral","description":"Investigamos, conservamos y difundimos el patrimonio cultural de la Civilizaci\u00f3n Caral, la m\u00e1s antigua de Am\u00e9rica.","potentialAction":[{"@type":"SearchAction","target":{"@type":"EntryPoint","urlTemplate":"https:\/\/zonacaral.gob.pe\/es\/?s={search_term_string}"},"query-input":{"@type":"PropertyValueSpecification","valueRequired":true,"valueName":"search_term_string"}}],"inLanguage":"en-US"},{"@type":"Person","@id":"https:\/\/zonacaral.gob.pe\/es\/#\/schema\/person\/beddb4d22f71a7230c5b90913270a0ee","name":"Zona Caral Administrador","image":{"@type":"ImageObject","inLanguage":"en-US","@id":"https:\/\/secure.gravatar.com\/avatar\/e4be162918a696358376de6446614e0f0f4062bdc5d170d6d540ada3d8b58c12?s=96&d=mm&r=g","url":"https:\/\/secure.gravatar.com\/avatar\/e4be162918a696358376de6446614e0f0f4062bdc5d170d6d540ada3d8b58c12?s=96&d=mm&r=g","contentUrl":"https:\/\/secure.gravatar.com\/avatar\/e4be162918a696358376de6446614e0f0f4062bdc5d170d6d540ada3d8b58c12?s=96&d=mm&r=g","caption":"Zona Caral Administrador"},"sameAs":["https:\/\/zonacaral.gob.pe"],"url":"https:\/\/zonacaral.gob.pe\/en\/noticias\/author\/ad_zonacaral\/"}]}},"_links":{"self":[{"href":"https:\/\/zonacaral.gob.pe\/en\/wp-json\/wp\/v2\/posts\/12239","targetHints":{"allow":["GET"]}}],"collection":[{"href":"https:\/\/zonacaral.gob.pe\/en\/wp-json\/wp\/v2\/posts"}],"about":[{"href":"https:\/\/zonacaral.gob.pe\/en\/wp-json\/wp\/v2\/types\/post"}],"author":[{"embeddable":true,"href":"https:\/\/zonacaral.gob.pe\/en\/wp-json\/wp\/v2\/users\/1"}],"replies":[{"embeddable":true,"href":"https:\/\/zonacaral.gob.pe\/en\/wp-json\/wp\/v2\/comments?post=12239"}],"version-history":[{"count":0,"href":"https:\/\/zonacaral.gob.pe\/en\/wp-json\/wp\/v2\/posts\/12239\/revisions"}],"wp:featuredmedia":[{"embeddable":true,"href":"https:\/\/zonacaral.gob.pe\/en\/wp-json\/wp\/v2\/media\/12240"}],"wp:attachment":[{"href":"https:\/\/zonacaral.gob.pe\/en\/wp-json\/wp\/v2\/media?parent=12239"}],"wp:term":[{"taxonomy":"category","embeddable":true,"href":"https:\/\/zonacaral.gob.pe\/en\/wp-json\/wp\/v2\/categories?post=12239"},{"taxonomy":"post_tag","embeddable":true,"href":"https:\/\/zonacaral.gob.pe\/en\/wp-json\/wp\/v2\/tags?post=12239"}],"curies":[{"name":"wp","href":"https:\/\/api.w.org\/{rel}","templated":true}]}}