{"id":12243,"date":"2018-03-09T13:03:16","date_gmt":"2018-03-09T18:03:16","guid":{"rendered":"http:\/\/www.zonacaral.gob.pe\/?p=12243"},"modified":"2018-03-09T13:03:16","modified_gmt":"2018-03-09T18:03:16","slug":"semana-santa-pasa-tu-fin-de-semana-en-la-ciudad-sagrada-de-caral","status":"publish","type":"post","link":"https:\/\/zonacaral.gob.pe\/en\/noticias\/semana-santa-pasa-tu-fin-de-semana-en-la-ciudad-sagrada-de-caral\/","title":{"rendered":"Semana Santa: Pasa tu fin de semana en la Ciudad Sagrada de Caral"},"content":{"rendered":"<figure class=\"pic-autor\" style=\"color: #4d4d4d; text-align: justify;\"><\/figure>\n<p>\u00bfSin planes para Semana Santa? La Zona Arqueol\u00f3gica Caral, te invita a visitar los destinos de la civilizaci\u00f3n m\u00e1s antigua de Am\u00e9rica: Caral, \u00c1spero y Vichama, ubicadas a 4 horas de Lima.<\/p>\n<p>Estos sitios arqueol\u00f3gicos cuentan con servicios de orientadores o gu\u00edas locales, zona acondicionada para campamento (especial por semana santa), comedores y servicios b\u00e1sicos. Venta de artesan\u00edas y recuerdos de estos lugares.<\/p>\n<p>Tambi\u00e9n puedes visitar los museos comunitarios de Supe y V\u00e9gueta, disfrutar de la gastronom\u00eda local y de sus playas.<\/p>\n<p><a href=\"http:\/\/www.zonacaral.gob.pe\/wp-content\/uploads\/2018\/03\/taller-ceramica-vichama-06.jpg\"><img fetchpriority=\"high\" decoding=\"async\" class=\"alignnone wp-image-12255\" src=\"http:\/\/www.zonacaral.gob.pe\/wp-content\/uploads\/2018\/03\/taller-ceramica-vichama-06.jpg\" alt=\"Mapa de los destinos tur\u00edsticos de la &quot;Ruta de la Civiizaci\u00f3n Caral&quot;\" width=\"600\" height=\"390\" srcset=\"https:\/\/zonacaral.gob.pe\/wp-content\/uploads\/2018\/03\/taller-ceramica-vichama-06.jpg 1200w, https:\/\/zonacaral.gob.pe\/wp-content\/uploads\/2018\/03\/taller-ceramica-vichama-06-300x195.jpg 300w, https:\/\/zonacaral.gob.pe\/wp-content\/uploads\/2018\/03\/taller-ceramica-vichama-06-1024x666.jpg 1024w, https:\/\/zonacaral.gob.pe\/wp-content\/uploads\/2018\/03\/taller-ceramica-vichama-06-768x500.jpg 768w\" sizes=\"(max-width: 600px) 100vw, 600px\" \/><\/a><\/p>\n<h3>DATO<\/h3>\n<p>Si deseas visitar los destinos de la civilizaci\u00f3n Caral con tu familia o grupo de amigos, la Zona Arqueol\u00f3gica de Caral te ofrece <span style=\"color: #993300;\"><strong><a href=\"https:\/\/zonacaral.gob.pe\/en\/viajes-educativos\/salidas-semanales\/\"><span style=\"color: #993300;\">viajes especiales<\/span><\/a><\/strong><\/span> por semana santa.<\/p>\n<p>Para informes comunicarse al tel\u00e9fono (01) 205 &#8211; 2517 o al WhatsApp 955\u00a0881\u00a0340. Puedes tambi\u00e9n enviar un correo a\u00a0<a href=\"mailto:viajeseducativos@zonacaral.gob.pe\" data-mt-detrack-inspected=\"true\">viajeseducativos@zonacaral.gob.pe<\/a>.<\/p>\n<p>Horario de recepci\u00f3n de llamadas e inscripciones v\u00eda web o correo electr\u00f3nico: de lunes a viernes de 9 a.m. \u2013 1 p.m. \/ 2 p.m. \u2013 6 p.m.<\/p>\n<p class=\"news-summary\" style=\"font-weight: normal; color: #444444;\"><strong style=\"color: #993300;\">Fuen<span style=\"color: #993300;\">te:\u00a0Prensa ZAC<\/span><\/strong><\/p>\n<div style=\"color: #1f1f1f;\">\n<p style=\"text-align: justify;\">Fecha de publicaci\u00f3n: 09\/03\/2018<\/p>\n<\/div>","protected":false},"excerpt":{"rendered":"<p>\u00bfSin planes para Semana Santa? La Zona Arqueol\u00f3gica Caral, te invita a visitar los destinos de la civilizaci\u00f3n m\u00e1s antigua [&hellip;]<\/p>\n","protected":false},"author":1,"featured_media":12244,"comment_status":"closed","ping_status":"open","sticky":false,"template":"","format":"standard","meta":{"_acf_changed":false,"site-sidebar-layout":"default","site-content-layout":"","ast-site-content-layout":"default","site-content-style":"default","site-sidebar-style":"default","ast-global-header-display":"","ast-banner-title-visibility":"","ast-main-header-display":"","ast-hfb-above-header-display":"","ast-hfb-below-header-display":"","ast-hfb-mobile-header-display":"","site-post-title":"","ast-breadcrumbs-content":"","ast-featured-img":"","footer-sml-layout":"","ast-disable-related-posts":"","theme-transparent-header-meta":"","adv-header-id-meta":"","stick-header-meta":"","header-above-stick-meta":"","header-main-stick-meta":"","header-below-stick-meta":"","astra-migrate-meta-layouts":"default","ast-page-background-enabled":"default","ast-page-background-meta":{"desktop":{"background-color":"var(--ast-global-color-5)","background-image":"","background-repeat":"repeat","background-position":"center center","background-size":"auto","background-attachment":"scroll","background-type":"","background-media":"","overlay-type":"","overlay-color":"","overlay-opacity":"","overlay-gradient":""},"tablet":{"background-color":"","background-image":"","background-repeat":"repeat","background-position":"center center","background-size":"auto","background-attachment":"scroll","background-type":"","background-media":"","overlay-type":"","overlay-color":"","overlay-opacity":"","overlay-gradient":""},"mobile":{"background-color":"","background-image":"","background-repeat":"repeat","background-position":"center center","background-size":"auto","background-attachment":"scroll","background-type":"","background-media":"","overlay-type":"","overlay-color":"","overlay-opacity":"","overlay-gradient":""}},"ast-content-background-meta":{"desktop":{"background-color":"var(--ast-global-color-4)","background-image":"","background-repeat":"repeat","background-position":"center center","background-size":"auto","background-attachment":"scroll","background-type":"","background-media":"","overlay-type":"","overlay-color":"","overlay-opacity":"","overlay-gradient":""},"tablet":{"background-color":"var(--ast-global-color-4)","background-image":"","background-repeat":"repeat","background-position":"center center","background-size":"auto","background-attachment":"scroll","background-type":"","background-media":"","overlay-type":"","overlay-color":"","overlay-opacity":"","overlay-gradient":""},"mobile":{"background-color":"var(--ast-global-color-4)","background-image":"","background-repeat":"repeat","background-position":"center center","background-size":"auto","background-attachment":"scroll","background-type":"","background-media":"","overlay-type":"","overlay-color":"","overlay-opacity":"","overlay-gradient":""}},"footnotes":""},"categories":[208],"tags":[63,55,150,61],"class_list":["post-12243","post","type-post","status-publish","format-standard","has-post-thumbnail","hentry","category-noticias","tag-aspero","tag-caral","tag-semana-santa","tag-vichama"],"acf":[],"yoast_head":"<!-- This site is optimized with the Yoast SEO plugin v27.3 - https:\/\/yoast.com\/product\/yoast-seo-wordpress\/ -->\n<title>Semana Santa: Pasa tu fin de semana en Caral<\/title>\n<meta name=\"description\" content=\"\u00bfSin planes para Semana Santa? La Zona Arqueol\u00f3gica Caral, te invita a visitar los destinos de la civilizaci\u00f3n m\u00e1s antigua de Am\u00e9rica: Caral, \u00c1spero y Vichama, ubicadas a 4 horas de Lima. Estos sitios arqueol\u00f3gicos cuentan con servicios de orientadores o gu\u00edas locales, zona acondicionada para campamento (especial por semana santa), comedores y servicios b\u00e1sicos. Venta de artesan\u00edas y recuerdos de estos lugares.\" \/>\n<meta name=\"robots\" content=\"index, follow, max-snippet:-1, max-image-preview:large, max-video-preview:-1\" \/>\n<link rel=\"canonical\" href=\"https:\/\/zonacaral.gob.pe\/en\/noticias\/semana-santa-pasa-tu-fin-de-semana-en-la-ciudad-sagrada-de-caral\/\" \/>\n<meta property=\"og:locale\" content=\"en_US\" \/>\n<meta property=\"og:type\" content=\"article\" \/>\n<meta property=\"og:title\" content=\"Semana Santa: Pasa tu fin de semana en Caral\" \/>\n<meta property=\"og:description\" content=\"\u00bfSin planes para Semana Santa? La Zona Arqueol\u00f3gica Caral, te invita a visitar los destinos de la civilizaci\u00f3n m\u00e1s antigua de Am\u00e9rica: Caral, \u00c1spero y Vichama, ubicadas a 4 horas de Lima. Estos sitios arqueol\u00f3gicos cuentan con servicios de orientadores o gu\u00edas locales, zona acondicionada para campamento (especial por semana santa), comedores y servicios b\u00e1sicos. Venta de artesan\u00edas y recuerdos de estos lugares.\" \/>\n<meta property=\"og:url\" content=\"https:\/\/zonacaral.gob.pe\/en\/noticias\/semana-santa-pasa-tu-fin-de-semana-en-la-ciudad-sagrada-de-caral\/\" \/>\n<meta property=\"og:site_name\" content=\"Zona Caral\" \/>\n<meta property=\"article:published_time\" content=\"2018-03-09T18:03:16+00:00\" \/>\n<meta property=\"og:image\" content=\"https:\/\/zonacaral.gob.pe\/wp-content\/uploads\/2018\/03\/semana-santa-caral.jpg\" \/>\n\t<meta property=\"og:image:width\" content=\"800\" \/>\n\t<meta property=\"og:image:height\" content=\"444\" \/>\n\t<meta property=\"og:image:type\" content=\"image\/jpeg\" \/>\n<meta name=\"author\" content=\"Zona Caral Administrador\" \/>\n<meta name=\"twitter:card\" content=\"summary_large_image\" \/>\n<meta name=\"twitter:label1\" content=\"Written by\" \/>\n\t<meta name=\"twitter:data1\" content=\"Zona Caral Administrador\" \/>\n\t<meta name=\"twitter:label2\" content=\"Est. reading time\" \/>\n\t<meta name=\"twitter:data2\" content=\"1 minute\" \/>\n<script type=\"application\/ld+json\" class=\"yoast-schema-graph\">{\"@context\":\"https:\\\/\\\/schema.org\",\"@graph\":[{\"@type\":\"Article\",\"@id\":\"https:\\\/\\\/zonacaral.gob.pe\\\/es\\\/noticias\\\/semana-santa-pasa-tu-fin-de-semana-en-la-ciudad-sagrada-de-caral\\\/#article\",\"isPartOf\":{\"@id\":\"https:\\\/\\\/zonacaral.gob.pe\\\/es\\\/noticias\\\/semana-santa-pasa-tu-fin-de-semana-en-la-ciudad-sagrada-de-caral\\\/\"},\"author\":{\"name\":\"Zona Caral Administrador\",\"@id\":\"https:\\\/\\\/zonacaral.gob.pe\\\/es\\\/#\\\/schema\\\/person\\\/beddb4d22f71a7230c5b90913270a0ee\"},\"headline\":\"Semana Santa: Pasa tu fin de semana en la Ciudad Sagrada de Caral\",\"datePublished\":\"2018-03-09T18:03:16+00:00\",\"mainEntityOfPage\":{\"@id\":\"https:\\\/\\\/zonacaral.gob.pe\\\/es\\\/noticias\\\/semana-santa-pasa-tu-fin-de-semana-en-la-ciudad-sagrada-de-caral\\\/\"},\"wordCount\":192,\"image\":{\"@id\":\"https:\\\/\\\/zonacaral.gob.pe\\\/es\\\/noticias\\\/semana-santa-pasa-tu-fin-de-semana-en-la-ciudad-sagrada-de-caral\\\/#primaryimage\"},\"thumbnailUrl\":\"https:\\\/\\\/zonacaral.gob.pe\\\/wp-content\\\/uploads\\\/2018\\\/03\\\/semana-santa-caral.jpg\",\"keywords\":[\"Aspero\",\"caral\",\"semana santa\",\"vichama\"],\"articleSection\":[\"noticias\"],\"inLanguage\":\"en-US\"},{\"@type\":\"WebPage\",\"@id\":\"https:\\\/\\\/zonacaral.gob.pe\\\/es\\\/noticias\\\/semana-santa-pasa-tu-fin-de-semana-en-la-ciudad-sagrada-de-caral\\\/\",\"url\":\"https:\\\/\\\/zonacaral.gob.pe\\\/es\\\/noticias\\\/semana-santa-pasa-tu-fin-de-semana-en-la-ciudad-sagrada-de-caral\\\/\",\"name\":\"Semana Santa: Pasa tu fin de semana en Caral\",\"isPartOf\":{\"@id\":\"https:\\\/\\\/zonacaral.gob.pe\\\/es\\\/#website\"},\"primaryImageOfPage\":{\"@id\":\"https:\\\/\\\/zonacaral.gob.pe\\\/es\\\/noticias\\\/semana-santa-pasa-tu-fin-de-semana-en-la-ciudad-sagrada-de-caral\\\/#primaryimage\"},\"image\":{\"@id\":\"https:\\\/\\\/zonacaral.gob.pe\\\/es\\\/noticias\\\/semana-santa-pasa-tu-fin-de-semana-en-la-ciudad-sagrada-de-caral\\\/#primaryimage\"},\"thumbnailUrl\":\"https:\\\/\\\/zonacaral.gob.pe\\\/wp-content\\\/uploads\\\/2018\\\/03\\\/semana-santa-caral.jpg\",\"datePublished\":\"2018-03-09T18:03:16+00:00\",\"author\":{\"@id\":\"https:\\\/\\\/zonacaral.gob.pe\\\/es\\\/#\\\/schema\\\/person\\\/beddb4d22f71a7230c5b90913270a0ee\"},\"description\":\"\u00bfSin planes para Semana Santa? La Zona Arqueol\u00f3gica Caral, te invita a visitar los destinos de la civilizaci\u00f3n m\u00e1s antigua de Am\u00e9rica: Caral, \u00c1spero y Vichama, ubicadas a 4 horas de Lima. Estos sitios arqueol\u00f3gicos cuentan con servicios de orientadores o gu\u00edas locales, zona acondicionada para campamento (especial por semana santa), comedores y servicios b\u00e1sicos. Venta de artesan\u00edas y recuerdos de estos lugares.\",\"breadcrumb\":{\"@id\":\"https:\\\/\\\/zonacaral.gob.pe\\\/es\\\/noticias\\\/semana-santa-pasa-tu-fin-de-semana-en-la-ciudad-sagrada-de-caral\\\/#breadcrumb\"},\"inLanguage\":\"en-US\",\"potentialAction\":[{\"@type\":\"ReadAction\",\"target\":[\"https:\\\/\\\/zonacaral.gob.pe\\\/es\\\/noticias\\\/semana-santa-pasa-tu-fin-de-semana-en-la-ciudad-sagrada-de-caral\\\/\"]}]},{\"@type\":\"ImageObject\",\"inLanguage\":\"en-US\",\"@id\":\"https:\\\/\\\/zonacaral.gob.pe\\\/es\\\/noticias\\\/semana-santa-pasa-tu-fin-de-semana-en-la-ciudad-sagrada-de-caral\\\/#primaryimage\",\"url\":\"https:\\\/\\\/zonacaral.gob.pe\\\/wp-content\\\/uploads\\\/2018\\\/03\\\/semana-santa-caral.jpg\",\"contentUrl\":\"https:\\\/\\\/zonacaral.gob.pe\\\/wp-content\\\/uploads\\\/2018\\\/03\\\/semana-santa-caral.jpg\",\"width\":800,\"height\":444},{\"@type\":\"BreadcrumbList\",\"@id\":\"https:\\\/\\\/zonacaral.gob.pe\\\/es\\\/noticias\\\/semana-santa-pasa-tu-fin-de-semana-en-la-ciudad-sagrada-de-caral\\\/#breadcrumb\",\"itemListElement\":[{\"@type\":\"ListItem\",\"position\":1,\"name\":\"Portada\",\"item\":\"https:\\\/\\\/zonacaral.gob.pe\\\/\"},{\"@type\":\"ListItem\",\"position\":2,\"name\":\"Semana Santa: Pasa tu fin de semana en la Ciudad Sagrada de Caral\"}]},{\"@type\":\"WebSite\",\"@id\":\"https:\\\/\\\/zonacaral.gob.pe\\\/es\\\/#website\",\"url\":\"https:\\\/\\\/zonacaral.gob.pe\\\/es\\\/\",\"name\":\"Zona Caral\",\"description\":\"Investigamos, conservamos y difundimos el patrimonio cultural de la Civilizaci\u00f3n Caral, la m\u00e1s antigua de Am\u00e9rica.\",\"potentialAction\":[{\"@type\":\"SearchAction\",\"target\":{\"@type\":\"EntryPoint\",\"urlTemplate\":\"https:\\\/\\\/zonacaral.gob.pe\\\/es\\\/?s={search_term_string}\"},\"query-input\":{\"@type\":\"PropertyValueSpecification\",\"valueRequired\":true,\"valueName\":\"search_term_string\"}}],\"inLanguage\":\"en-US\"},{\"@type\":\"Person\",\"@id\":\"https:\\\/\\\/zonacaral.gob.pe\\\/es\\\/#\\\/schema\\\/person\\\/beddb4d22f71a7230c5b90913270a0ee\",\"name\":\"Zona Caral Administrador\",\"image\":{\"@type\":\"ImageObject\",\"inLanguage\":\"en-US\",\"@id\":\"https:\\\/\\\/secure.gravatar.com\\\/avatar\\\/e4be162918a696358376de6446614e0f0f4062bdc5d170d6d540ada3d8b58c12?s=96&d=mm&r=g\",\"url\":\"https:\\\/\\\/secure.gravatar.com\\\/avatar\\\/e4be162918a696358376de6446614e0f0f4062bdc5d170d6d540ada3d8b58c12?s=96&d=mm&r=g\",\"contentUrl\":\"https:\\\/\\\/secure.gravatar.com\\\/avatar\\\/e4be162918a696358376de6446614e0f0f4062bdc5d170d6d540ada3d8b58c12?s=96&d=mm&r=g\",\"caption\":\"Zona Caral Administrador\"},\"sameAs\":[\"https:\\\/\\\/zonacaral.gob.pe\"],\"url\":\"https:\\\/\\\/zonacaral.gob.pe\\\/en\\\/noticias\\\/author\\\/ad_zonacaral\\\/\"}]}<\/script>\n<!-- \/ Yoast SEO plugin. -->","yoast_head_json":{"title":"Semana Santa: Pasa tu fin de semana en Caral","description":"\u00bfSin planes para Semana Santa? La Zona Arqueol\u00f3gica Caral, te invita a visitar los destinos de la civilizaci\u00f3n m\u00e1s antigua de Am\u00e9rica: Caral, \u00c1spero y Vichama, ubicadas a 4 horas de Lima. Estos sitios arqueol\u00f3gicos cuentan con servicios de orientadores o gu\u00edas locales, zona acondicionada para campamento (especial por semana santa), comedores y servicios b\u00e1sicos. Venta de artesan\u00edas y recuerdos de estos lugares.","robots":{"index":"index","follow":"follow","max-snippet":"max-snippet:-1","max-image-preview":"max-image-preview:large","max-video-preview":"max-video-preview:-1"},"canonical":"https:\/\/zonacaral.gob.pe\/en\/noticias\/semana-santa-pasa-tu-fin-de-semana-en-la-ciudad-sagrada-de-caral\/","og_locale":"en_US","og_type":"article","og_title":"Semana Santa: Pasa tu fin de semana en Caral","og_description":"\u00bfSin planes para Semana Santa? La Zona Arqueol\u00f3gica Caral, te invita a visitar los destinos de la civilizaci\u00f3n m\u00e1s antigua de Am\u00e9rica: Caral, \u00c1spero y Vichama, ubicadas a 4 horas de Lima. Estos sitios arqueol\u00f3gicos cuentan con servicios de orientadores o gu\u00edas locales, zona acondicionada para campamento (especial por semana santa), comedores y servicios b\u00e1sicos. Venta de artesan\u00edas y recuerdos de estos lugares.","og_url":"https:\/\/zonacaral.gob.pe\/en\/noticias\/semana-santa-pasa-tu-fin-de-semana-en-la-ciudad-sagrada-de-caral\/","og_site_name":"Zona Caral","article_published_time":"2018-03-09T18:03:16+00:00","og_image":[{"width":800,"height":444,"url":"https:\/\/zonacaral.gob.pe\/wp-content\/uploads\/2018\/03\/semana-santa-caral.jpg","type":"image\/jpeg"}],"author":"Zona Caral Administrador","twitter_card":"summary_large_image","twitter_misc":{"Written by":"Zona Caral Administrador","Est. reading time":"1 minute"},"schema":{"@context":"https:\/\/schema.org","@graph":[{"@type":"Article","@id":"https:\/\/zonacaral.gob.pe\/es\/noticias\/semana-santa-pasa-tu-fin-de-semana-en-la-ciudad-sagrada-de-caral\/#article","isPartOf":{"@id":"https:\/\/zonacaral.gob.pe\/es\/noticias\/semana-santa-pasa-tu-fin-de-semana-en-la-ciudad-sagrada-de-caral\/"},"author":{"name":"Zona Caral Administrador","@id":"https:\/\/zonacaral.gob.pe\/es\/#\/schema\/person\/beddb4d22f71a7230c5b90913270a0ee"},"headline":"Semana Santa: Pasa tu fin de semana en la Ciudad Sagrada de Caral","datePublished":"2018-03-09T18:03:16+00:00","mainEntityOfPage":{"@id":"https:\/\/zonacaral.gob.pe\/es\/noticias\/semana-santa-pasa-tu-fin-de-semana-en-la-ciudad-sagrada-de-caral\/"},"wordCount":192,"image":{"@id":"https:\/\/zonacaral.gob.pe\/es\/noticias\/semana-santa-pasa-tu-fin-de-semana-en-la-ciudad-sagrada-de-caral\/#primaryimage"},"thumbnailUrl":"https:\/\/zonacaral.gob.pe\/wp-content\/uploads\/2018\/03\/semana-santa-caral.jpg","keywords":["Aspero","caral","semana santa","vichama"],"articleSection":["noticias"],"inLanguage":"en-US"},{"@type":"WebPage","@id":"https:\/\/zonacaral.gob.pe\/es\/noticias\/semana-santa-pasa-tu-fin-de-semana-en-la-ciudad-sagrada-de-caral\/","url":"https:\/\/zonacaral.gob.pe\/es\/noticias\/semana-santa-pasa-tu-fin-de-semana-en-la-ciudad-sagrada-de-caral\/","name":"Semana Santa: Pasa tu fin de semana en Caral","isPartOf":{"@id":"https:\/\/zonacaral.gob.pe\/es\/#website"},"primaryImageOfPage":{"@id":"https:\/\/zonacaral.gob.pe\/es\/noticias\/semana-santa-pasa-tu-fin-de-semana-en-la-ciudad-sagrada-de-caral\/#primaryimage"},"image":{"@id":"https:\/\/zonacaral.gob.pe\/es\/noticias\/semana-santa-pasa-tu-fin-de-semana-en-la-ciudad-sagrada-de-caral\/#primaryimage"},"thumbnailUrl":"https:\/\/zonacaral.gob.pe\/wp-content\/uploads\/2018\/03\/semana-santa-caral.jpg","datePublished":"2018-03-09T18:03:16+00:00","author":{"@id":"https:\/\/zonacaral.gob.pe\/es\/#\/schema\/person\/beddb4d22f71a7230c5b90913270a0ee"},"description":"\u00bfSin planes para Semana Santa? La Zona Arqueol\u00f3gica Caral, te invita a visitar los destinos de la civilizaci\u00f3n m\u00e1s antigua de Am\u00e9rica: Caral, \u00c1spero y Vichama, ubicadas a 4 horas de Lima. Estos sitios arqueol\u00f3gicos cuentan con servicios de orientadores o gu\u00edas locales, zona acondicionada para campamento (especial por semana santa), comedores y servicios b\u00e1sicos. Venta de artesan\u00edas y recuerdos de estos lugares.","breadcrumb":{"@id":"https:\/\/zonacaral.gob.pe\/es\/noticias\/semana-santa-pasa-tu-fin-de-semana-en-la-ciudad-sagrada-de-caral\/#breadcrumb"},"inLanguage":"en-US","potentialAction":[{"@type":"ReadAction","target":["https:\/\/zonacaral.gob.pe\/es\/noticias\/semana-santa-pasa-tu-fin-de-semana-en-la-ciudad-sagrada-de-caral\/"]}]},{"@type":"ImageObject","inLanguage":"en-US","@id":"https:\/\/zonacaral.gob.pe\/es\/noticias\/semana-santa-pasa-tu-fin-de-semana-en-la-ciudad-sagrada-de-caral\/#primaryimage","url":"https:\/\/zonacaral.gob.pe\/wp-content\/uploads\/2018\/03\/semana-santa-caral.jpg","contentUrl":"https:\/\/zonacaral.gob.pe\/wp-content\/uploads\/2018\/03\/semana-santa-caral.jpg","width":800,"height":444},{"@type":"BreadcrumbList","@id":"https:\/\/zonacaral.gob.pe\/es\/noticias\/semana-santa-pasa-tu-fin-de-semana-en-la-ciudad-sagrada-de-caral\/#breadcrumb","itemListElement":[{"@type":"ListItem","position":1,"name":"Portada","item":"https:\/\/zonacaral.gob.pe\/"},{"@type":"ListItem","position":2,"name":"Semana Santa: Pasa tu fin de semana en la Ciudad Sagrada de Caral"}]},{"@type":"WebSite","@id":"https:\/\/zonacaral.gob.pe\/es\/#website","url":"https:\/\/zonacaral.gob.pe\/es\/","name":"Zona Caral","description":"Investigamos, conservamos y difundimos el patrimonio cultural de la Civilizaci\u00f3n Caral, la m\u00e1s antigua de Am\u00e9rica.","potentialAction":[{"@type":"SearchAction","target":{"@type":"EntryPoint","urlTemplate":"https:\/\/zonacaral.gob.pe\/es\/?s={search_term_string}"},"query-input":{"@type":"PropertyValueSpecification","valueRequired":true,"valueName":"search_term_string"}}],"inLanguage":"en-US"},{"@type":"Person","@id":"https:\/\/zonacaral.gob.pe\/es\/#\/schema\/person\/beddb4d22f71a7230c5b90913270a0ee","name":"Zona Caral Administrador","image":{"@type":"ImageObject","inLanguage":"en-US","@id":"https:\/\/secure.gravatar.com\/avatar\/e4be162918a696358376de6446614e0f0f4062bdc5d170d6d540ada3d8b58c12?s=96&d=mm&r=g","url":"https:\/\/secure.gravatar.com\/avatar\/e4be162918a696358376de6446614e0f0f4062bdc5d170d6d540ada3d8b58c12?s=96&d=mm&r=g","contentUrl":"https:\/\/secure.gravatar.com\/avatar\/e4be162918a696358376de6446614e0f0f4062bdc5d170d6d540ada3d8b58c12?s=96&d=mm&r=g","caption":"Zona Caral Administrador"},"sameAs":["https:\/\/zonacaral.gob.pe"],"url":"https:\/\/zonacaral.gob.pe\/en\/noticias\/author\/ad_zonacaral\/"}]}},"_links":{"self":[{"href":"https:\/\/zonacaral.gob.pe\/en\/wp-json\/wp\/v2\/posts\/12243","targetHints":{"allow":["GET"]}}],"collection":[{"href":"https:\/\/zonacaral.gob.pe\/en\/wp-json\/wp\/v2\/posts"}],"about":[{"href":"https:\/\/zonacaral.gob.pe\/en\/wp-json\/wp\/v2\/types\/post"}],"author":[{"embeddable":true,"href":"https:\/\/zonacaral.gob.pe\/en\/wp-json\/wp\/v2\/users\/1"}],"replies":[{"embeddable":true,"href":"https:\/\/zonacaral.gob.pe\/en\/wp-json\/wp\/v2\/comments?post=12243"}],"version-history":[{"count":0,"href":"https:\/\/zonacaral.gob.pe\/en\/wp-json\/wp\/v2\/posts\/12243\/revisions"}],"wp:featuredmedia":[{"embeddable":true,"href":"https:\/\/zonacaral.gob.pe\/en\/wp-json\/wp\/v2\/media\/12244"}],"wp:attachment":[{"href":"https:\/\/zonacaral.gob.pe\/en\/wp-json\/wp\/v2\/media?parent=12243"}],"wp:term":[{"taxonomy":"category","embeddable":true,"href":"https:\/\/zonacaral.gob.pe\/en\/wp-json\/wp\/v2\/categories?post=12243"},{"taxonomy":"post_tag","embeddable":true,"href":"https:\/\/zonacaral.gob.pe\/en\/wp-json\/wp\/v2\/tags?post=12243"}],"curies":[{"name":"wp","href":"https:\/\/api.w.org\/{rel}","templated":true}]}}