{"id":12284,"date":"2018-03-16T14:35:38","date_gmt":"2018-03-16T19:35:38","guid":{"rendered":"http:\/\/www.zonacaral.gob.pe\/?p=12284"},"modified":"2018-03-16T14:35:38","modified_gmt":"2018-03-16T19:35:38","slug":"viaja-al-norte-y-participa-del-tinkuy-vichama-en-vegueta-huaura","status":"publish","type":"post","link":"https:\/\/zonacaral.gob.pe\/en\/noticias\/viaja-al-norte-y-participa-del-tinkuy-vichama-en-vegueta-huaura\/","title":{"rendered":"Viaja al norte y participa del \u201cTinkuy-Vichama\u201d en V\u00e9gueta-Huaura"},"content":{"rendered":"<figure class=\"pic-autor\" style=\"color: #4d4d4d; text-align: justify;\"><\/figure>\n<p>La Zona Arqueol\u00f3gica de Caral, est\u00e1 organizando este fin de semana, s\u00e1bado 17 de marzo, su Primer Encuentro Art\u00edstico y Cultural denominado \u201cExpresando Mi Talento\u201d, en el marco del desarrollo del programa \u201cTINKUY \u2013 VICHAMA\u201d en V\u00c9GUETA-HUAURA, a pocas horas al norte de Lima.<\/p>\n<p>Esta actividad tiene por finalidad impulsar el desarrollo social de su comunidad, principalmente, a trav\u00e9s del Arte y la Cultura. Este a\u00f1o tiene como principal participante a la Compa\u00f1\u00eda Folkl\u00f3rica \u201c<em>Sonqo Per\u00fa\u201d<\/em> del Centro Poblado La Perlita.<\/p>\n<p>El evento iniciar\u00e1 con el recorrido nocturno del Museo Comunitario de V\u00e9gueta y por el sendero interpretativo iluminado de la Ciudad de Vichama, legado de la Civilizaci\u00f3n Agropesquera de V\u00e9gueta-Huaura, de hace 3,800 a\u00f1os; cuya historia social recuperada ser\u00e1 contada por los personajes de la Civilizaci\u00f3n Vichama.<\/p>\n<p>El \u201cTINKUY\u2013VICHAMA\u201d, se realizar\u00e1, desde las 5:00 p.m., en el Centro de Visitantes de Vichama. Velada cultural donde se transmitir\u00e1n valores de esta zona y se apreciar\u00e1n danzas ejecutadas por los integrantes de la Compa\u00f1\u00eda Folkl\u00f3rica \u201cSonqo Per\u00fa\u201d del Centro Poblado La Perlita.<\/p>\n<p>Adem\u00e1s de escuchar canciones tradicionales interpretadas por el Profesor C\u00e9sar Cuellar del Centro Universitario de Arte y Cultura de la Universidad Nacional Jos\u00e9 Faustino S\u00e1nchez Carri\u00f3n (CUACU).<\/p>\n<p><a href=\"http:\/\/www.zonacaral.gob.pe\/wp-content\/uploads\/2018\/03\/tinkuy-vichama-2018.jpg\"><img fetchpriority=\"high\" decoding=\"async\" class=\"alignnone wp-image-12287\" src=\"http:\/\/www.zonacaral.gob.pe\/wp-content\/uploads\/2018\/03\/tinkuy-vichama-2018.jpg\" alt=\"tinkuy-vichama-2018\" width=\"600\" height=\"849\" srcset=\"https:\/\/zonacaral.gob.pe\/wp-content\/uploads\/2018\/03\/tinkuy-vichama-2018.jpg 700w, https:\/\/zonacaral.gob.pe\/wp-content\/uploads\/2018\/03\/tinkuy-vichama-2018-212x300.jpg 212w\" sizes=\"(max-width: 600px) 100vw, 600px\" \/><\/a><\/p>\n<p class=\"news-summary\" style=\"font-weight: normal; color: #444444;\"><strong style=\"color: #993300;\">Fuen<span style=\"color: #993300;\">te:\u00a0Prensa ZAC<\/span><\/strong><\/p>\n<div style=\"color: #1f1f1f;\">\n<p style=\"text-align: justify;\">Fecha de publicaci\u00f3n: 16\/03\/2018<\/p>\n<\/div>","protected":false},"excerpt":{"rendered":"<p>La Zona Arqueol\u00f3gica de Caral, est\u00e1 organizando este fin de semana, s\u00e1bado 17 de marzo, su Primer Encuentro Art\u00edstico y [&hellip;]<\/p>\n","protected":false},"author":1,"featured_media":12285,"comment_status":"closed","ping_status":"open","sticky":false,"template":"","format":"standard","meta":{"_acf_changed":false,"site-sidebar-layout":"default","site-content-layout":"","ast-site-content-layout":"default","site-content-style":"default","site-sidebar-style":"default","ast-global-header-display":"","ast-banner-title-visibility":"","ast-main-header-display":"","ast-hfb-above-header-display":"","ast-hfb-below-header-display":"","ast-hfb-mobile-header-display":"","site-post-title":"","ast-breadcrumbs-content":"","ast-featured-img":"","footer-sml-layout":"","ast-disable-related-posts":"","theme-transparent-header-meta":"","adv-header-id-meta":"","stick-header-meta":"","header-above-stick-meta":"","header-main-stick-meta":"","header-below-stick-meta":"","astra-migrate-meta-layouts":"default","ast-page-background-enabled":"default","ast-page-background-meta":{"desktop":{"background-color":"var(--ast-global-color-5)","background-image":"","background-repeat":"repeat","background-position":"center center","background-size":"auto","background-attachment":"scroll","background-type":"","background-media":"","overlay-type":"","overlay-color":"","overlay-opacity":"","overlay-gradient":""},"tablet":{"background-color":"","background-image":"","background-repeat":"repeat","background-position":"center center","background-size":"auto","background-attachment":"scroll","background-type":"","background-media":"","overlay-type":"","overlay-color":"","overlay-opacity":"","overlay-gradient":""},"mobile":{"background-color":"","background-image":"","background-repeat":"repeat","background-position":"center center","background-size":"auto","background-attachment":"scroll","background-type":"","background-media":"","overlay-type":"","overlay-color":"","overlay-opacity":"","overlay-gradient":""}},"ast-content-background-meta":{"desktop":{"background-color":"var(--ast-global-color-4)","background-image":"","background-repeat":"repeat","background-position":"center center","background-size":"auto","background-attachment":"scroll","background-type":"","background-media":"","overlay-type":"","overlay-color":"","overlay-opacity":"","overlay-gradient":""},"tablet":{"background-color":"var(--ast-global-color-4)","background-image":"","background-repeat":"repeat","background-position":"center center","background-size":"auto","background-attachment":"scroll","background-type":"","background-media":"","overlay-type":"","overlay-color":"","overlay-opacity":"","overlay-gradient":""},"mobile":{"background-color":"var(--ast-global-color-4)","background-image":"","background-repeat":"repeat","background-position":"center center","background-size":"auto","background-attachment":"scroll","background-type":"","background-media":"","overlay-type":"","overlay-color":"","overlay-opacity":"","overlay-gradient":""}},"footnotes":""},"categories":[208],"tags":[151,152,60,61],"class_list":["post-12284","post","type-post","status-publish","format-standard","has-post-thumbnail","hentry","category-noticias","tag-tinkuy","tag-tinkuy-vichama","tag-vegueta","tag-vichama"],"acf":[],"yoast_head":"<!-- This site is optimized with the Yoast SEO plugin v27.3 - https:\/\/yoast.com\/product\/yoast-seo-wordpress\/ -->\n<title>Viaja al norte y participa del \u201cTinkuy-Vichama\u201d<\/title>\n<meta name=\"description\" content=\"La Zona Arqueol\u00f3gica de Caral, est\u00e1 organizando este fin de semana, s\u00e1bado 17 de marzo, su Primer Encuentro Art\u00edstico y Cultural denominado \u201cExpresando Mi Talento\u201d, en el marco del desarrollo del programa \u201cTINKUY \u2013 VICHAMA\u201d en V\u00c9GUETA-HUAURA, a pocas horas al norte de Lima.\" \/>\n<meta name=\"robots\" content=\"index, follow, max-snippet:-1, max-image-preview:large, max-video-preview:-1\" \/>\n<link rel=\"canonical\" href=\"https:\/\/zonacaral.gob.pe\/en\/noticias\/viaja-al-norte-y-participa-del-tinkuy-vichama-en-vegueta-huaura\/\" \/>\n<meta property=\"og:locale\" content=\"en_US\" \/>\n<meta property=\"og:type\" content=\"article\" \/>\n<meta property=\"og:title\" content=\"Viaja al norte y participa del \u201cTinkuy-Vichama\u201d\" \/>\n<meta property=\"og:description\" content=\"La Zona Arqueol\u00f3gica de Caral, est\u00e1 organizando este fin de semana, s\u00e1bado 17 de marzo, su Primer Encuentro Art\u00edstico y Cultural denominado \u201cExpresando Mi Talento\u201d, en el marco del desarrollo del programa \u201cTINKUY \u2013 VICHAMA\u201d en V\u00c9GUETA-HUAURA, a pocas horas al norte de Lima.\" \/>\n<meta property=\"og:url\" content=\"https:\/\/zonacaral.gob.pe\/en\/noticias\/viaja-al-norte-y-participa-del-tinkuy-vichama-en-vegueta-huaura\/\" \/>\n<meta property=\"og:site_name\" content=\"Zona Caral\" \/>\n<meta property=\"article:published_time\" content=\"2018-03-16T19:35:38+00:00\" \/>\n<meta property=\"og:image\" content=\"https:\/\/zonacaral.gob.pe\/wp-content\/uploads\/2018\/03\/tinkuy-vichama.jpg\" \/>\n\t<meta property=\"og:image:width\" content=\"810\" \/>\n\t<meta property=\"og:image:height\" content=\"410\" \/>\n\t<meta property=\"og:image:type\" content=\"image\/jpeg\" \/>\n<meta name=\"author\" content=\"Zona Caral Administrador\" \/>\n<meta name=\"twitter:card\" content=\"summary_large_image\" \/>\n<meta name=\"twitter:label1\" content=\"Written by\" \/>\n\t<meta name=\"twitter:data1\" content=\"Zona Caral Administrador\" \/>\n\t<meta name=\"twitter:label2\" content=\"Est. reading time\" \/>\n\t<meta name=\"twitter:data2\" content=\"1 minute\" \/>\n<script type=\"application\/ld+json\" class=\"yoast-schema-graph\">{\"@context\":\"https:\\\/\\\/schema.org\",\"@graph\":[{\"@type\":\"Article\",\"@id\":\"https:\\\/\\\/zonacaral.gob.pe\\\/en\\\/noticias\\\/viaja-al-norte-y-participa-del-tinkuy-vichama-en-vegueta-huaura\\\/#article\",\"isPartOf\":{\"@id\":\"https:\\\/\\\/zonacaral.gob.pe\\\/en\\\/noticias\\\/viaja-al-norte-y-participa-del-tinkuy-vichama-en-vegueta-huaura\\\/\"},\"author\":{\"name\":\"Zona Caral Administrador\",\"@id\":\"https:\\\/\\\/zonacaral.gob.pe\\\/es\\\/#\\\/schema\\\/person\\\/beddb4d22f71a7230c5b90913270a0ee\"},\"headline\":\"Viaja al norte y participa del \u201cTinkuy-Vichama\u201d en V\u00e9gueta-Huaura\",\"datePublished\":\"2018-03-16T19:35:38+00:00\",\"mainEntityOfPage\":{\"@id\":\"https:\\\/\\\/zonacaral.gob.pe\\\/en\\\/noticias\\\/viaja-al-norte-y-participa-del-tinkuy-vichama-en-vegueta-huaura\\\/\"},\"wordCount\":234,\"image\":{\"@id\":\"https:\\\/\\\/zonacaral.gob.pe\\\/en\\\/noticias\\\/viaja-al-norte-y-participa-del-tinkuy-vichama-en-vegueta-huaura\\\/#primaryimage\"},\"thumbnailUrl\":\"https:\\\/\\\/zonacaral.gob.pe\\\/wp-content\\\/uploads\\\/2018\\\/03\\\/tinkuy-vichama.jpg\",\"keywords\":[\"tinkuy\",\"tinkuy vichama\",\"vegueta\",\"vichama\"],\"articleSection\":[\"noticias\"],\"inLanguage\":\"en-US\"},{\"@type\":\"WebPage\",\"@id\":\"https:\\\/\\\/zonacaral.gob.pe\\\/en\\\/noticias\\\/viaja-al-norte-y-participa-del-tinkuy-vichama-en-vegueta-huaura\\\/\",\"url\":\"https:\\\/\\\/zonacaral.gob.pe\\\/en\\\/noticias\\\/viaja-al-norte-y-participa-del-tinkuy-vichama-en-vegueta-huaura\\\/\",\"name\":\"Viaja al norte y participa del \u201cTinkuy-Vichama\u201d\",\"isPartOf\":{\"@id\":\"https:\\\/\\\/zonacaral.gob.pe\\\/es\\\/#website\"},\"primaryImageOfPage\":{\"@id\":\"https:\\\/\\\/zonacaral.gob.pe\\\/en\\\/noticias\\\/viaja-al-norte-y-participa-del-tinkuy-vichama-en-vegueta-huaura\\\/#primaryimage\"},\"image\":{\"@id\":\"https:\\\/\\\/zonacaral.gob.pe\\\/en\\\/noticias\\\/viaja-al-norte-y-participa-del-tinkuy-vichama-en-vegueta-huaura\\\/#primaryimage\"},\"thumbnailUrl\":\"https:\\\/\\\/zonacaral.gob.pe\\\/wp-content\\\/uploads\\\/2018\\\/03\\\/tinkuy-vichama.jpg\",\"datePublished\":\"2018-03-16T19:35:38+00:00\",\"author\":{\"@id\":\"https:\\\/\\\/zonacaral.gob.pe\\\/es\\\/#\\\/schema\\\/person\\\/beddb4d22f71a7230c5b90913270a0ee\"},\"description\":\"La Zona Arqueol\u00f3gica de Caral, est\u00e1 organizando este fin de semana, s\u00e1bado 17 de marzo, su Primer Encuentro Art\u00edstico y Cultural denominado \u201cExpresando Mi Talento\u201d, en el marco del desarrollo del programa \u201cTINKUY \u2013 VICHAMA\u201d en V\u00c9GUETA-HUAURA, a pocas horas al norte de Lima.\",\"breadcrumb\":{\"@id\":\"https:\\\/\\\/zonacaral.gob.pe\\\/en\\\/noticias\\\/viaja-al-norte-y-participa-del-tinkuy-vichama-en-vegueta-huaura\\\/#breadcrumb\"},\"inLanguage\":\"en-US\",\"potentialAction\":[{\"@type\":\"ReadAction\",\"target\":[\"https:\\\/\\\/zonacaral.gob.pe\\\/en\\\/noticias\\\/viaja-al-norte-y-participa-del-tinkuy-vichama-en-vegueta-huaura\\\/\"]}]},{\"@type\":\"ImageObject\",\"inLanguage\":\"en-US\",\"@id\":\"https:\\\/\\\/zonacaral.gob.pe\\\/en\\\/noticias\\\/viaja-al-norte-y-participa-del-tinkuy-vichama-en-vegueta-huaura\\\/#primaryimage\",\"url\":\"https:\\\/\\\/zonacaral.gob.pe\\\/wp-content\\\/uploads\\\/2018\\\/03\\\/tinkuy-vichama.jpg\",\"contentUrl\":\"https:\\\/\\\/zonacaral.gob.pe\\\/wp-content\\\/uploads\\\/2018\\\/03\\\/tinkuy-vichama.jpg\",\"width\":810,\"height\":410},{\"@type\":\"BreadcrumbList\",\"@id\":\"https:\\\/\\\/zonacaral.gob.pe\\\/en\\\/noticias\\\/viaja-al-norte-y-participa-del-tinkuy-vichama-en-vegueta-huaura\\\/#breadcrumb\",\"itemListElement\":[{\"@type\":\"ListItem\",\"position\":1,\"name\":\"Portada\",\"item\":\"https:\\\/\\\/zonacaral.gob.pe\\\/\"},{\"@type\":\"ListItem\",\"position\":2,\"name\":\"Viaja al norte y participa del \u201cTinkuy-Vichama\u201d en V\u00e9gueta-Huaura\"}]},{\"@type\":\"WebSite\",\"@id\":\"https:\\\/\\\/zonacaral.gob.pe\\\/es\\\/#website\",\"url\":\"https:\\\/\\\/zonacaral.gob.pe\\\/es\\\/\",\"name\":\"Zona Caral\",\"description\":\"Investigamos, conservamos y difundimos el patrimonio cultural de la Civilizaci\u00f3n Caral, la m\u00e1s antigua de Am\u00e9rica.\",\"potentialAction\":[{\"@type\":\"SearchAction\",\"target\":{\"@type\":\"EntryPoint\",\"urlTemplate\":\"https:\\\/\\\/zonacaral.gob.pe\\\/es\\\/?s={search_term_string}\"},\"query-input\":{\"@type\":\"PropertyValueSpecification\",\"valueRequired\":true,\"valueName\":\"search_term_string\"}}],\"inLanguage\":\"en-US\"},{\"@type\":\"Person\",\"@id\":\"https:\\\/\\\/zonacaral.gob.pe\\\/es\\\/#\\\/schema\\\/person\\\/beddb4d22f71a7230c5b90913270a0ee\",\"name\":\"Zona Caral Administrador\",\"image\":{\"@type\":\"ImageObject\",\"inLanguage\":\"en-US\",\"@id\":\"https:\\\/\\\/secure.gravatar.com\\\/avatar\\\/e4be162918a696358376de6446614e0f0f4062bdc5d170d6d540ada3d8b58c12?s=96&d=mm&r=g\",\"url\":\"https:\\\/\\\/secure.gravatar.com\\\/avatar\\\/e4be162918a696358376de6446614e0f0f4062bdc5d170d6d540ada3d8b58c12?s=96&d=mm&r=g\",\"contentUrl\":\"https:\\\/\\\/secure.gravatar.com\\\/avatar\\\/e4be162918a696358376de6446614e0f0f4062bdc5d170d6d540ada3d8b58c12?s=96&d=mm&r=g\",\"caption\":\"Zona Caral Administrador\"},\"sameAs\":[\"https:\\\/\\\/zonacaral.gob.pe\"],\"url\":\"https:\\\/\\\/zonacaral.gob.pe\\\/en\\\/noticias\\\/author\\\/ad_zonacaral\\\/\"}]}<\/script>\n<!-- \/ Yoast SEO plugin. -->","yoast_head_json":{"title":"Viaja al norte y participa del \u201cTinkuy-Vichama\u201d","description":"La Zona Arqueol\u00f3gica de Caral, est\u00e1 organizando este fin de semana, s\u00e1bado 17 de marzo, su Primer Encuentro Art\u00edstico y Cultural denominado \u201cExpresando Mi Talento\u201d, en el marco del desarrollo del programa \u201cTINKUY \u2013 VICHAMA\u201d en V\u00c9GUETA-HUAURA, a pocas horas al norte de Lima.","robots":{"index":"index","follow":"follow","max-snippet":"max-snippet:-1","max-image-preview":"max-image-preview:large","max-video-preview":"max-video-preview:-1"},"canonical":"https:\/\/zonacaral.gob.pe\/en\/noticias\/viaja-al-norte-y-participa-del-tinkuy-vichama-en-vegueta-huaura\/","og_locale":"en_US","og_type":"article","og_title":"Viaja al norte y participa del \u201cTinkuy-Vichama\u201d","og_description":"La Zona Arqueol\u00f3gica de Caral, est\u00e1 organizando este fin de semana, s\u00e1bado 17 de marzo, su Primer Encuentro Art\u00edstico y Cultural denominado \u201cExpresando Mi Talento\u201d, en el marco del desarrollo del programa \u201cTINKUY \u2013 VICHAMA\u201d en V\u00c9GUETA-HUAURA, a pocas horas al norte de Lima.","og_url":"https:\/\/zonacaral.gob.pe\/en\/noticias\/viaja-al-norte-y-participa-del-tinkuy-vichama-en-vegueta-huaura\/","og_site_name":"Zona Caral","article_published_time":"2018-03-16T19:35:38+00:00","og_image":[{"width":810,"height":410,"url":"https:\/\/zonacaral.gob.pe\/wp-content\/uploads\/2018\/03\/tinkuy-vichama.jpg","type":"image\/jpeg"}],"author":"Zona Caral Administrador","twitter_card":"summary_large_image","twitter_misc":{"Written by":"Zona Caral Administrador","Est. reading time":"1 minute"},"schema":{"@context":"https:\/\/schema.org","@graph":[{"@type":"Article","@id":"https:\/\/zonacaral.gob.pe\/en\/noticias\/viaja-al-norte-y-participa-del-tinkuy-vichama-en-vegueta-huaura\/#article","isPartOf":{"@id":"https:\/\/zonacaral.gob.pe\/en\/noticias\/viaja-al-norte-y-participa-del-tinkuy-vichama-en-vegueta-huaura\/"},"author":{"name":"Zona Caral Administrador","@id":"https:\/\/zonacaral.gob.pe\/es\/#\/schema\/person\/beddb4d22f71a7230c5b90913270a0ee"},"headline":"Viaja al norte y participa del \u201cTinkuy-Vichama\u201d en V\u00e9gueta-Huaura","datePublished":"2018-03-16T19:35:38+00:00","mainEntityOfPage":{"@id":"https:\/\/zonacaral.gob.pe\/en\/noticias\/viaja-al-norte-y-participa-del-tinkuy-vichama-en-vegueta-huaura\/"},"wordCount":234,"image":{"@id":"https:\/\/zonacaral.gob.pe\/en\/noticias\/viaja-al-norte-y-participa-del-tinkuy-vichama-en-vegueta-huaura\/#primaryimage"},"thumbnailUrl":"https:\/\/zonacaral.gob.pe\/wp-content\/uploads\/2018\/03\/tinkuy-vichama.jpg","keywords":["tinkuy","tinkuy vichama","vegueta","vichama"],"articleSection":["noticias"],"inLanguage":"en-US"},{"@type":"WebPage","@id":"https:\/\/zonacaral.gob.pe\/en\/noticias\/viaja-al-norte-y-participa-del-tinkuy-vichama-en-vegueta-huaura\/","url":"https:\/\/zonacaral.gob.pe\/en\/noticias\/viaja-al-norte-y-participa-del-tinkuy-vichama-en-vegueta-huaura\/","name":"Viaja al norte y participa del \u201cTinkuy-Vichama\u201d","isPartOf":{"@id":"https:\/\/zonacaral.gob.pe\/es\/#website"},"primaryImageOfPage":{"@id":"https:\/\/zonacaral.gob.pe\/en\/noticias\/viaja-al-norte-y-participa-del-tinkuy-vichama-en-vegueta-huaura\/#primaryimage"},"image":{"@id":"https:\/\/zonacaral.gob.pe\/en\/noticias\/viaja-al-norte-y-participa-del-tinkuy-vichama-en-vegueta-huaura\/#primaryimage"},"thumbnailUrl":"https:\/\/zonacaral.gob.pe\/wp-content\/uploads\/2018\/03\/tinkuy-vichama.jpg","datePublished":"2018-03-16T19:35:38+00:00","author":{"@id":"https:\/\/zonacaral.gob.pe\/es\/#\/schema\/person\/beddb4d22f71a7230c5b90913270a0ee"},"description":"La Zona Arqueol\u00f3gica de Caral, est\u00e1 organizando este fin de semana, s\u00e1bado 17 de marzo, su Primer Encuentro Art\u00edstico y Cultural denominado \u201cExpresando Mi Talento\u201d, en el marco del desarrollo del programa \u201cTINKUY \u2013 VICHAMA\u201d en V\u00c9GUETA-HUAURA, a pocas horas al norte de Lima.","breadcrumb":{"@id":"https:\/\/zonacaral.gob.pe\/en\/noticias\/viaja-al-norte-y-participa-del-tinkuy-vichama-en-vegueta-huaura\/#breadcrumb"},"inLanguage":"en-US","potentialAction":[{"@type":"ReadAction","target":["https:\/\/zonacaral.gob.pe\/en\/noticias\/viaja-al-norte-y-participa-del-tinkuy-vichama-en-vegueta-huaura\/"]}]},{"@type":"ImageObject","inLanguage":"en-US","@id":"https:\/\/zonacaral.gob.pe\/en\/noticias\/viaja-al-norte-y-participa-del-tinkuy-vichama-en-vegueta-huaura\/#primaryimage","url":"https:\/\/zonacaral.gob.pe\/wp-content\/uploads\/2018\/03\/tinkuy-vichama.jpg","contentUrl":"https:\/\/zonacaral.gob.pe\/wp-content\/uploads\/2018\/03\/tinkuy-vichama.jpg","width":810,"height":410},{"@type":"BreadcrumbList","@id":"https:\/\/zonacaral.gob.pe\/en\/noticias\/viaja-al-norte-y-participa-del-tinkuy-vichama-en-vegueta-huaura\/#breadcrumb","itemListElement":[{"@type":"ListItem","position":1,"name":"Portada","item":"https:\/\/zonacaral.gob.pe\/"},{"@type":"ListItem","position":2,"name":"Viaja al norte y participa del \u201cTinkuy-Vichama\u201d en V\u00e9gueta-Huaura"}]},{"@type":"WebSite","@id":"https:\/\/zonacaral.gob.pe\/es\/#website","url":"https:\/\/zonacaral.gob.pe\/es\/","name":"Zona Caral","description":"Investigamos, conservamos y difundimos el patrimonio cultural de la Civilizaci\u00f3n Caral, la m\u00e1s antigua de Am\u00e9rica.","potentialAction":[{"@type":"SearchAction","target":{"@type":"EntryPoint","urlTemplate":"https:\/\/zonacaral.gob.pe\/es\/?s={search_term_string}"},"query-input":{"@type":"PropertyValueSpecification","valueRequired":true,"valueName":"search_term_string"}}],"inLanguage":"en-US"},{"@type":"Person","@id":"https:\/\/zonacaral.gob.pe\/es\/#\/schema\/person\/beddb4d22f71a7230c5b90913270a0ee","name":"Zona Caral Administrador","image":{"@type":"ImageObject","inLanguage":"en-US","@id":"https:\/\/secure.gravatar.com\/avatar\/e4be162918a696358376de6446614e0f0f4062bdc5d170d6d540ada3d8b58c12?s=96&d=mm&r=g","url":"https:\/\/secure.gravatar.com\/avatar\/e4be162918a696358376de6446614e0f0f4062bdc5d170d6d540ada3d8b58c12?s=96&d=mm&r=g","contentUrl":"https:\/\/secure.gravatar.com\/avatar\/e4be162918a696358376de6446614e0f0f4062bdc5d170d6d540ada3d8b58c12?s=96&d=mm&r=g","caption":"Zona Caral Administrador"},"sameAs":["https:\/\/zonacaral.gob.pe"],"url":"https:\/\/zonacaral.gob.pe\/en\/noticias\/author\/ad_zonacaral\/"}]}},"_links":{"self":[{"href":"https:\/\/zonacaral.gob.pe\/en\/wp-json\/wp\/v2\/posts\/12284","targetHints":{"allow":["GET"]}}],"collection":[{"href":"https:\/\/zonacaral.gob.pe\/en\/wp-json\/wp\/v2\/posts"}],"about":[{"href":"https:\/\/zonacaral.gob.pe\/en\/wp-json\/wp\/v2\/types\/post"}],"author":[{"embeddable":true,"href":"https:\/\/zonacaral.gob.pe\/en\/wp-json\/wp\/v2\/users\/1"}],"replies":[{"embeddable":true,"href":"https:\/\/zonacaral.gob.pe\/en\/wp-json\/wp\/v2\/comments?post=12284"}],"version-history":[{"count":0,"href":"https:\/\/zonacaral.gob.pe\/en\/wp-json\/wp\/v2\/posts\/12284\/revisions"}],"wp:featuredmedia":[{"embeddable":true,"href":"https:\/\/zonacaral.gob.pe\/en\/wp-json\/wp\/v2\/media\/12285"}],"wp:attachment":[{"href":"https:\/\/zonacaral.gob.pe\/en\/wp-json\/wp\/v2\/media?parent=12284"}],"wp:term":[{"taxonomy":"category","embeddable":true,"href":"https:\/\/zonacaral.gob.pe\/en\/wp-json\/wp\/v2\/categories?post=12284"},{"taxonomy":"post_tag","embeddable":true,"href":"https:\/\/zonacaral.gob.pe\/en\/wp-json\/wp\/v2\/tags?post=12284"}],"curies":[{"name":"wp","href":"https:\/\/api.w.org\/{rel}","templated":true}]}}