{"id":12333,"date":"2018-03-19T17:38:46","date_gmt":"2018-03-19T22:38:46","guid":{"rendered":"http:\/\/www.zonacaral.gob.pe\/?p=12333"},"modified":"2018-03-19T17:38:46","modified_gmt":"2018-03-19T22:38:46","slug":"tinkuy-vichama-se-realizo-con-exito-en-vegueta-huaura","status":"publish","type":"post","link":"https:\/\/zonacaral.gob.pe\/en\/noticias\/tinkuy-vichama-se-realizo-con-exito-en-vegueta-huaura\/","title":{"rendered":"\u201cTINKUY-VICHAMA\u201d se realiz\u00f3 con \u00e9xito en V\u00e9gueta \u2013 Huaura"},"content":{"rendered":"<figure class=\"pic-autor\" style=\"color: #4d4d4d; text-align: justify;\"><\/figure>\n<p>Con \u00e9xito se realiz\u00f3 el Primer Encuentro Art\u00edstico y Cultural denominado <strong>\u201cExpresando Mi Talento\u201d<\/strong>, en el marco del desarrollo del programa <strong>\u201cTINKUY \u2013 VICHAMA\u201d<\/strong> en V\u00c9GUETA-HUAURA, el \u00faltimo s\u00e1bado.<\/p>\n<p>En esta actividad, tanto ni\u00f1os como adolescentes de la Compa\u00f1\u00eda Folkl\u00f3rica <em>\u201cSonqo Per\u00fa\u201d<\/em> del Centro Poblado La Perlita, dieron la mejor demostraci\u00f3n de su arte y cultura ante el p\u00fablico asistente.<\/p>\n<p>Las palabras de bienvenida las dio la Licenciada Edna Quispe, representante de la Zona Arqueol\u00f3gica Caral \u2013 ZAC, quien inaugur\u00f3 el encuentro cultural Tinkuy \u201cespacios para fomentar iniciativas de las diferentes asociaciones que buscan el desarrollo social y cultural del entorno de Vichama\u201d.<\/p>\n<p>En el lugar tambi\u00e9n particip\u00f3 el jefe del sitio arqueol\u00f3gico de Vichama, Aldemar Crisp\u00edn, y la directora de la Compa\u00f1\u00eda Folkl\u00f3rica <em>\u201cSonqo Per\u00fa\u201d<\/em>, Yanina Mu\u00f1oz Gonz\u00e1les.<\/p>\n<p>El evento inici\u00f3 con el recorrido nocturno del Museo Comunitario de V\u00e9gueta y por el sendero interpretativo iluminado de la Ciudad de Vichama, legado de la Civilizaci\u00f3n Agropesquera de V\u00e9gueta-Huaura, de hace 3,800 a\u00f1os; cuya historia social recuperada ser\u00e1 contada por los personajes de la Civilizaci\u00f3n Vichama.<\/p>\n<p>El <strong>\u201cTINKUY\u2013VICHAMA\u201d<\/strong>, se realiz\u00f3 en el Centro de Visitantes de Vichama. Velada cultural donde se transmitieron valores de esta zona.<\/p>\n<p>Adem\u00e1s de escuchar canciones tradicionales interpretadas por el Profesor C\u00e9sar Cuellar del Centro Universitario de Arte y Cultura de la Universidad Nacional Jos\u00e9 Faustino S\u00e1nchez Carri\u00f3n (CUACU).<\/p>\n<p><iframe style=\"border:none;overflow:hidden\" src=\"https:\/\/www.facebook.com\/plugins\/video.php?href=https%3A%2F%2Fwww.facebook.com%2F100013113031790%2Fvideos%2F410250896088675%2F%3Fid%3D100013113031790&amp;width=500&amp;show_text=false&amp;appId=263871333964770&amp;height=281\" width=\"500\" height=\"281\" frameborder=\"0\" scrolling=\"no\" allowfullscreen=\"allowfullscreen\"><\/iframe><\/p>\n<p class=\"news-summary\" style=\"font-weight: normal; color: #444444;\"><strong style=\"color: #993300;\">Fuen<span style=\"color: #993300;\">te:\u00a0Prensa ZAC<\/span><\/strong><\/p>\n<div style=\"color: #1f1f1f;\">\n<p style=\"text-align: justify;\">Fecha de publicaci\u00f3n: 19\/03\/2018<\/p>\n<\/div>","protected":false},"excerpt":{"rendered":"<p>Con \u00e9xito se realiz\u00f3 el Primer Encuentro Art\u00edstico y Cultural denominado \u201cExpresando Mi Talento\u201d, en el marco del desarrollo del [&hellip;]<\/p>\n","protected":false},"author":1,"featured_media":12334,"comment_status":"closed","ping_status":"open","sticky":false,"template":"","format":"standard","meta":{"_acf_changed":false,"site-sidebar-layout":"default","site-content-layout":"","ast-site-content-layout":"default","site-content-style":"default","site-sidebar-style":"default","ast-global-header-display":"","ast-banner-title-visibility":"","ast-main-header-display":"","ast-hfb-above-header-display":"","ast-hfb-below-header-display":"","ast-hfb-mobile-header-display":"","site-post-title":"","ast-breadcrumbs-content":"","ast-featured-img":"","footer-sml-layout":"","ast-disable-related-posts":"","theme-transparent-header-meta":"","adv-header-id-meta":"","stick-header-meta":"","header-above-stick-meta":"","header-main-stick-meta":"","header-below-stick-meta":"","astra-migrate-meta-layouts":"default","ast-page-background-enabled":"default","ast-page-background-meta":{"desktop":{"background-color":"var(--ast-global-color-5)","background-image":"","background-repeat":"repeat","background-position":"center center","background-size":"auto","background-attachment":"scroll","background-type":"","background-media":"","overlay-type":"","overlay-color":"","overlay-opacity":"","overlay-gradient":""},"tablet":{"background-color":"","background-image":"","background-repeat":"repeat","background-position":"center center","background-size":"auto","background-attachment":"scroll","background-type":"","background-media":"","overlay-type":"","overlay-color":"","overlay-opacity":"","overlay-gradient":""},"mobile":{"background-color":"","background-image":"","background-repeat":"repeat","background-position":"center center","background-size":"auto","background-attachment":"scroll","background-type":"","background-media":"","overlay-type":"","overlay-color":"","overlay-opacity":"","overlay-gradient":""}},"ast-content-background-meta":{"desktop":{"background-color":"var(--ast-global-color-4)","background-image":"","background-repeat":"repeat","background-position":"center center","background-size":"auto","background-attachment":"scroll","background-type":"","background-media":"","overlay-type":"","overlay-color":"","overlay-opacity":"","overlay-gradient":""},"tablet":{"background-color":"var(--ast-global-color-4)","background-image":"","background-repeat":"repeat","background-position":"center center","background-size":"auto","background-attachment":"scroll","background-type":"","background-media":"","overlay-type":"","overlay-color":"","overlay-opacity":"","overlay-gradient":""},"mobile":{"background-color":"var(--ast-global-color-4)","background-image":"","background-repeat":"repeat","background-position":"center center","background-size":"auto","background-attachment":"scroll","background-type":"","background-media":"","overlay-type":"","overlay-color":"","overlay-opacity":"","overlay-gradient":""}},"footnotes":""},"categories":[208],"tags":[153,152,60,61],"class_list":["post-12333","post","type-post","status-publish","format-standard","has-post-thumbnail","hentry","category-noticias","tag-festival","tag-tinkuy-vichama","tag-vegueta","tag-vichama"],"acf":[],"yoast_head":"<!-- This site is optimized with the Yoast SEO plugin v27.3 - https:\/\/yoast.com\/product\/yoast-seo-wordpress\/ -->\n<title>\u201cTINKUY-VICHAMA\u201d se realiz\u00f3 con \u00e9xito en V\u00e9gueta \u2013 Huaura<\/title>\n<meta name=\"description\" content=\"Con \u00e9xito se realiz\u00f3 el Primer Encuentro Art\u00edstico y Cultural denominado \u201cExpresando Mi Talento\u201d, en el marco del desarrollo del programa \u201cTINKUY \u2013 VICHAMA\u201d en V\u00c9GUETA-HUAURA, el \u00faltimo s\u00e1bado.\" \/>\n<meta name=\"robots\" content=\"index, follow, max-snippet:-1, max-image-preview:large, max-video-preview:-1\" \/>\n<link rel=\"canonical\" href=\"https:\/\/zonacaral.gob.pe\/en\/noticias\/tinkuy-vichama-se-realizo-con-exito-en-vegueta-huaura\/\" \/>\n<meta property=\"og:locale\" content=\"en_US\" \/>\n<meta property=\"og:type\" content=\"article\" \/>\n<meta property=\"og:title\" content=\"\u201cTINKUY-VICHAMA\u201d se realiz\u00f3 con \u00e9xito en V\u00e9gueta \u2013 Huaura\" \/>\n<meta property=\"og:description\" content=\"Con \u00e9xito se realiz\u00f3 el Primer Encuentro Art\u00edstico y Cultural denominado \u201cExpresando Mi Talento\u201d, en el marco del desarrollo del programa \u201cTINKUY \u2013 VICHAMA\u201d en V\u00c9GUETA-HUAURA, el \u00faltimo s\u00e1bado.\" \/>\n<meta property=\"og:url\" content=\"https:\/\/zonacaral.gob.pe\/en\/noticias\/tinkuy-vichama-se-realizo-con-exito-en-vegueta-huaura\/\" \/>\n<meta property=\"og:site_name\" content=\"Zona Caral\" \/>\n<meta property=\"article:published_time\" content=\"2018-03-19T22:38:46+00:00\" \/>\n<meta property=\"og:image\" content=\"https:\/\/zonacaral.gob.pe\/wp-content\/uploads\/2018\/03\/tinkuy-vichama-fue-exito.png\" \/>\n\t<meta property=\"og:image:width\" content=\"810\" \/>\n\t<meta property=\"og:image:height\" content=\"410\" \/>\n\t<meta property=\"og:image:type\" content=\"image\/png\" \/>\n<meta name=\"author\" content=\"Zona Caral Administrador\" \/>\n<meta name=\"twitter:card\" content=\"summary_large_image\" \/>\n<meta name=\"twitter:label1\" content=\"Written by\" \/>\n\t<meta name=\"twitter:data1\" content=\"Zona Caral Administrador\" \/>\n\t<meta name=\"twitter:label2\" content=\"Est. reading time\" \/>\n\t<meta name=\"twitter:data2\" content=\"1 minute\" \/>\n<script type=\"application\/ld+json\" class=\"yoast-schema-graph\">{\"@context\":\"https:\\\/\\\/schema.org\",\"@graph\":[{\"@type\":\"Article\",\"@id\":\"https:\\\/\\\/zonacaral.gob.pe\\\/es\\\/noticias\\\/tinkuy-vichama-se-realizo-con-exito-en-vegueta-huaura\\\/#article\",\"isPartOf\":{\"@id\":\"https:\\\/\\\/zonacaral.gob.pe\\\/es\\\/noticias\\\/tinkuy-vichama-se-realizo-con-exito-en-vegueta-huaura\\\/\"},\"author\":{\"name\":\"Zona Caral Administrador\",\"@id\":\"https:\\\/\\\/zonacaral.gob.pe\\\/es\\\/#\\\/schema\\\/person\\\/beddb4d22f71a7230c5b90913270a0ee\"},\"headline\":\"\u201cTINKUY-VICHAMA\u201d se realiz\u00f3 con \u00e9xito en V\u00e9gueta \u2013 Huaura\",\"datePublished\":\"2018-03-19T22:38:46+00:00\",\"mainEntityOfPage\":{\"@id\":\"https:\\\/\\\/zonacaral.gob.pe\\\/es\\\/noticias\\\/tinkuy-vichama-se-realizo-con-exito-en-vegueta-huaura\\\/\"},\"wordCount\":262,\"image\":{\"@id\":\"https:\\\/\\\/zonacaral.gob.pe\\\/es\\\/noticias\\\/tinkuy-vichama-se-realizo-con-exito-en-vegueta-huaura\\\/#primaryimage\"},\"thumbnailUrl\":\"https:\\\/\\\/zonacaral.gob.pe\\\/wp-content\\\/uploads\\\/2018\\\/03\\\/tinkuy-vichama-fue-exito.png\",\"keywords\":[\"festival\",\"tinkuy vichama\",\"vegueta\",\"vichama\"],\"articleSection\":[\"noticias\"],\"inLanguage\":\"en-US\"},{\"@type\":\"WebPage\",\"@id\":\"https:\\\/\\\/zonacaral.gob.pe\\\/es\\\/noticias\\\/tinkuy-vichama-se-realizo-con-exito-en-vegueta-huaura\\\/\",\"url\":\"https:\\\/\\\/zonacaral.gob.pe\\\/es\\\/noticias\\\/tinkuy-vichama-se-realizo-con-exito-en-vegueta-huaura\\\/\",\"name\":\"\u201cTINKUY-VICHAMA\u201d se realiz\u00f3 con \u00e9xito en V\u00e9gueta \u2013 Huaura\",\"isPartOf\":{\"@id\":\"https:\\\/\\\/zonacaral.gob.pe\\\/es\\\/#website\"},\"primaryImageOfPage\":{\"@id\":\"https:\\\/\\\/zonacaral.gob.pe\\\/es\\\/noticias\\\/tinkuy-vichama-se-realizo-con-exito-en-vegueta-huaura\\\/#primaryimage\"},\"image\":{\"@id\":\"https:\\\/\\\/zonacaral.gob.pe\\\/es\\\/noticias\\\/tinkuy-vichama-se-realizo-con-exito-en-vegueta-huaura\\\/#primaryimage\"},\"thumbnailUrl\":\"https:\\\/\\\/zonacaral.gob.pe\\\/wp-content\\\/uploads\\\/2018\\\/03\\\/tinkuy-vichama-fue-exito.png\",\"datePublished\":\"2018-03-19T22:38:46+00:00\",\"author\":{\"@id\":\"https:\\\/\\\/zonacaral.gob.pe\\\/es\\\/#\\\/schema\\\/person\\\/beddb4d22f71a7230c5b90913270a0ee\"},\"description\":\"Con \u00e9xito se realiz\u00f3 el Primer Encuentro Art\u00edstico y Cultural denominado \u201cExpresando Mi Talento\u201d, en el marco del desarrollo del programa \u201cTINKUY \u2013 VICHAMA\u201d en V\u00c9GUETA-HUAURA, el \u00faltimo s\u00e1bado.\",\"breadcrumb\":{\"@id\":\"https:\\\/\\\/zonacaral.gob.pe\\\/es\\\/noticias\\\/tinkuy-vichama-se-realizo-con-exito-en-vegueta-huaura\\\/#breadcrumb\"},\"inLanguage\":\"en-US\",\"potentialAction\":[{\"@type\":\"ReadAction\",\"target\":[\"https:\\\/\\\/zonacaral.gob.pe\\\/es\\\/noticias\\\/tinkuy-vichama-se-realizo-con-exito-en-vegueta-huaura\\\/\"]}]},{\"@type\":\"ImageObject\",\"inLanguage\":\"en-US\",\"@id\":\"https:\\\/\\\/zonacaral.gob.pe\\\/es\\\/noticias\\\/tinkuy-vichama-se-realizo-con-exito-en-vegueta-huaura\\\/#primaryimage\",\"url\":\"https:\\\/\\\/zonacaral.gob.pe\\\/wp-content\\\/uploads\\\/2018\\\/03\\\/tinkuy-vichama-fue-exito.png\",\"contentUrl\":\"https:\\\/\\\/zonacaral.gob.pe\\\/wp-content\\\/uploads\\\/2018\\\/03\\\/tinkuy-vichama-fue-exito.png\",\"width\":810,\"height\":410},{\"@type\":\"BreadcrumbList\",\"@id\":\"https:\\\/\\\/zonacaral.gob.pe\\\/es\\\/noticias\\\/tinkuy-vichama-se-realizo-con-exito-en-vegueta-huaura\\\/#breadcrumb\",\"itemListElement\":[{\"@type\":\"ListItem\",\"position\":1,\"name\":\"Portada\",\"item\":\"https:\\\/\\\/zonacaral.gob.pe\\\/\"},{\"@type\":\"ListItem\",\"position\":2,\"name\":\"\u201cTINKUY-VICHAMA\u201d se realiz\u00f3 con \u00e9xito en V\u00e9gueta \u2013 Huaura\"}]},{\"@type\":\"WebSite\",\"@id\":\"https:\\\/\\\/zonacaral.gob.pe\\\/es\\\/#website\",\"url\":\"https:\\\/\\\/zonacaral.gob.pe\\\/es\\\/\",\"name\":\"Zona Caral\",\"description\":\"Investigamos, conservamos y difundimos el patrimonio cultural de la Civilizaci\u00f3n Caral, la m\u00e1s antigua de Am\u00e9rica.\",\"potentialAction\":[{\"@type\":\"SearchAction\",\"target\":{\"@type\":\"EntryPoint\",\"urlTemplate\":\"https:\\\/\\\/zonacaral.gob.pe\\\/es\\\/?s={search_term_string}\"},\"query-input\":{\"@type\":\"PropertyValueSpecification\",\"valueRequired\":true,\"valueName\":\"search_term_string\"}}],\"inLanguage\":\"en-US\"},{\"@type\":\"Person\",\"@id\":\"https:\\\/\\\/zonacaral.gob.pe\\\/es\\\/#\\\/schema\\\/person\\\/beddb4d22f71a7230c5b90913270a0ee\",\"name\":\"Zona Caral Administrador\",\"image\":{\"@type\":\"ImageObject\",\"inLanguage\":\"en-US\",\"@id\":\"https:\\\/\\\/secure.gravatar.com\\\/avatar\\\/e4be162918a696358376de6446614e0f0f4062bdc5d170d6d540ada3d8b58c12?s=96&d=mm&r=g\",\"url\":\"https:\\\/\\\/secure.gravatar.com\\\/avatar\\\/e4be162918a696358376de6446614e0f0f4062bdc5d170d6d540ada3d8b58c12?s=96&d=mm&r=g\",\"contentUrl\":\"https:\\\/\\\/secure.gravatar.com\\\/avatar\\\/e4be162918a696358376de6446614e0f0f4062bdc5d170d6d540ada3d8b58c12?s=96&d=mm&r=g\",\"caption\":\"Zona Caral Administrador\"},\"sameAs\":[\"https:\\\/\\\/zonacaral.gob.pe\"],\"url\":\"https:\\\/\\\/zonacaral.gob.pe\\\/en\\\/noticias\\\/author\\\/ad_zonacaral\\\/\"}]}<\/script>\n<!-- \/ Yoast SEO plugin. -->","yoast_head_json":{"title":"\u201cTINKUY-VICHAMA\u201d se realiz\u00f3 con \u00e9xito en V\u00e9gueta \u2013 Huaura","description":"Con \u00e9xito se realiz\u00f3 el Primer Encuentro Art\u00edstico y Cultural denominado \u201cExpresando Mi Talento\u201d, en el marco del desarrollo del programa \u201cTINKUY \u2013 VICHAMA\u201d en V\u00c9GUETA-HUAURA, el \u00faltimo s\u00e1bado.","robots":{"index":"index","follow":"follow","max-snippet":"max-snippet:-1","max-image-preview":"max-image-preview:large","max-video-preview":"max-video-preview:-1"},"canonical":"https:\/\/zonacaral.gob.pe\/en\/noticias\/tinkuy-vichama-se-realizo-con-exito-en-vegueta-huaura\/","og_locale":"en_US","og_type":"article","og_title":"\u201cTINKUY-VICHAMA\u201d se realiz\u00f3 con \u00e9xito en V\u00e9gueta \u2013 Huaura","og_description":"Con \u00e9xito se realiz\u00f3 el Primer Encuentro Art\u00edstico y Cultural denominado \u201cExpresando Mi Talento\u201d, en el marco del desarrollo del programa \u201cTINKUY \u2013 VICHAMA\u201d en V\u00c9GUETA-HUAURA, el \u00faltimo s\u00e1bado.","og_url":"https:\/\/zonacaral.gob.pe\/en\/noticias\/tinkuy-vichama-se-realizo-con-exito-en-vegueta-huaura\/","og_site_name":"Zona Caral","article_published_time":"2018-03-19T22:38:46+00:00","og_image":[{"width":810,"height":410,"url":"https:\/\/zonacaral.gob.pe\/wp-content\/uploads\/2018\/03\/tinkuy-vichama-fue-exito.png","type":"image\/png"}],"author":"Zona Caral Administrador","twitter_card":"summary_large_image","twitter_misc":{"Written by":"Zona Caral Administrador","Est. reading time":"1 minute"},"schema":{"@context":"https:\/\/schema.org","@graph":[{"@type":"Article","@id":"https:\/\/zonacaral.gob.pe\/es\/noticias\/tinkuy-vichama-se-realizo-con-exito-en-vegueta-huaura\/#article","isPartOf":{"@id":"https:\/\/zonacaral.gob.pe\/es\/noticias\/tinkuy-vichama-se-realizo-con-exito-en-vegueta-huaura\/"},"author":{"name":"Zona Caral Administrador","@id":"https:\/\/zonacaral.gob.pe\/es\/#\/schema\/person\/beddb4d22f71a7230c5b90913270a0ee"},"headline":"\u201cTINKUY-VICHAMA\u201d se realiz\u00f3 con \u00e9xito en V\u00e9gueta \u2013 Huaura","datePublished":"2018-03-19T22:38:46+00:00","mainEntityOfPage":{"@id":"https:\/\/zonacaral.gob.pe\/es\/noticias\/tinkuy-vichama-se-realizo-con-exito-en-vegueta-huaura\/"},"wordCount":262,"image":{"@id":"https:\/\/zonacaral.gob.pe\/es\/noticias\/tinkuy-vichama-se-realizo-con-exito-en-vegueta-huaura\/#primaryimage"},"thumbnailUrl":"https:\/\/zonacaral.gob.pe\/wp-content\/uploads\/2018\/03\/tinkuy-vichama-fue-exito.png","keywords":["festival","tinkuy vichama","vegueta","vichama"],"articleSection":["noticias"],"inLanguage":"en-US"},{"@type":"WebPage","@id":"https:\/\/zonacaral.gob.pe\/es\/noticias\/tinkuy-vichama-se-realizo-con-exito-en-vegueta-huaura\/","url":"https:\/\/zonacaral.gob.pe\/es\/noticias\/tinkuy-vichama-se-realizo-con-exito-en-vegueta-huaura\/","name":"\u201cTINKUY-VICHAMA\u201d se realiz\u00f3 con \u00e9xito en V\u00e9gueta \u2013 Huaura","isPartOf":{"@id":"https:\/\/zonacaral.gob.pe\/es\/#website"},"primaryImageOfPage":{"@id":"https:\/\/zonacaral.gob.pe\/es\/noticias\/tinkuy-vichama-se-realizo-con-exito-en-vegueta-huaura\/#primaryimage"},"image":{"@id":"https:\/\/zonacaral.gob.pe\/es\/noticias\/tinkuy-vichama-se-realizo-con-exito-en-vegueta-huaura\/#primaryimage"},"thumbnailUrl":"https:\/\/zonacaral.gob.pe\/wp-content\/uploads\/2018\/03\/tinkuy-vichama-fue-exito.png","datePublished":"2018-03-19T22:38:46+00:00","author":{"@id":"https:\/\/zonacaral.gob.pe\/es\/#\/schema\/person\/beddb4d22f71a7230c5b90913270a0ee"},"description":"Con \u00e9xito se realiz\u00f3 el Primer Encuentro Art\u00edstico y Cultural denominado \u201cExpresando Mi Talento\u201d, en el marco del desarrollo del programa \u201cTINKUY \u2013 VICHAMA\u201d en V\u00c9GUETA-HUAURA, el \u00faltimo s\u00e1bado.","breadcrumb":{"@id":"https:\/\/zonacaral.gob.pe\/es\/noticias\/tinkuy-vichama-se-realizo-con-exito-en-vegueta-huaura\/#breadcrumb"},"inLanguage":"en-US","potentialAction":[{"@type":"ReadAction","target":["https:\/\/zonacaral.gob.pe\/es\/noticias\/tinkuy-vichama-se-realizo-con-exito-en-vegueta-huaura\/"]}]},{"@type":"ImageObject","inLanguage":"en-US","@id":"https:\/\/zonacaral.gob.pe\/es\/noticias\/tinkuy-vichama-se-realizo-con-exito-en-vegueta-huaura\/#primaryimage","url":"https:\/\/zonacaral.gob.pe\/wp-content\/uploads\/2018\/03\/tinkuy-vichama-fue-exito.png","contentUrl":"https:\/\/zonacaral.gob.pe\/wp-content\/uploads\/2018\/03\/tinkuy-vichama-fue-exito.png","width":810,"height":410},{"@type":"BreadcrumbList","@id":"https:\/\/zonacaral.gob.pe\/es\/noticias\/tinkuy-vichama-se-realizo-con-exito-en-vegueta-huaura\/#breadcrumb","itemListElement":[{"@type":"ListItem","position":1,"name":"Portada","item":"https:\/\/zonacaral.gob.pe\/"},{"@type":"ListItem","position":2,"name":"\u201cTINKUY-VICHAMA\u201d se realiz\u00f3 con \u00e9xito en V\u00e9gueta \u2013 Huaura"}]},{"@type":"WebSite","@id":"https:\/\/zonacaral.gob.pe\/es\/#website","url":"https:\/\/zonacaral.gob.pe\/es\/","name":"Zona Caral","description":"Investigamos, conservamos y difundimos el patrimonio cultural de la Civilizaci\u00f3n Caral, la m\u00e1s antigua de Am\u00e9rica.","potentialAction":[{"@type":"SearchAction","target":{"@type":"EntryPoint","urlTemplate":"https:\/\/zonacaral.gob.pe\/es\/?s={search_term_string}"},"query-input":{"@type":"PropertyValueSpecification","valueRequired":true,"valueName":"search_term_string"}}],"inLanguage":"en-US"},{"@type":"Person","@id":"https:\/\/zonacaral.gob.pe\/es\/#\/schema\/person\/beddb4d22f71a7230c5b90913270a0ee","name":"Zona Caral Administrador","image":{"@type":"ImageObject","inLanguage":"en-US","@id":"https:\/\/secure.gravatar.com\/avatar\/e4be162918a696358376de6446614e0f0f4062bdc5d170d6d540ada3d8b58c12?s=96&d=mm&r=g","url":"https:\/\/secure.gravatar.com\/avatar\/e4be162918a696358376de6446614e0f0f4062bdc5d170d6d540ada3d8b58c12?s=96&d=mm&r=g","contentUrl":"https:\/\/secure.gravatar.com\/avatar\/e4be162918a696358376de6446614e0f0f4062bdc5d170d6d540ada3d8b58c12?s=96&d=mm&r=g","caption":"Zona Caral Administrador"},"sameAs":["https:\/\/zonacaral.gob.pe"],"url":"https:\/\/zonacaral.gob.pe\/en\/noticias\/author\/ad_zonacaral\/"}]}},"_links":{"self":[{"href":"https:\/\/zonacaral.gob.pe\/en\/wp-json\/wp\/v2\/posts\/12333","targetHints":{"allow":["GET"]}}],"collection":[{"href":"https:\/\/zonacaral.gob.pe\/en\/wp-json\/wp\/v2\/posts"}],"about":[{"href":"https:\/\/zonacaral.gob.pe\/en\/wp-json\/wp\/v2\/types\/post"}],"author":[{"embeddable":true,"href":"https:\/\/zonacaral.gob.pe\/en\/wp-json\/wp\/v2\/users\/1"}],"replies":[{"embeddable":true,"href":"https:\/\/zonacaral.gob.pe\/en\/wp-json\/wp\/v2\/comments?post=12333"}],"version-history":[{"count":0,"href":"https:\/\/zonacaral.gob.pe\/en\/wp-json\/wp\/v2\/posts\/12333\/revisions"}],"wp:featuredmedia":[{"embeddable":true,"href":"https:\/\/zonacaral.gob.pe\/en\/wp-json\/wp\/v2\/media\/12334"}],"wp:attachment":[{"href":"https:\/\/zonacaral.gob.pe\/en\/wp-json\/wp\/v2\/media?parent=12333"}],"wp:term":[{"taxonomy":"category","embeddable":true,"href":"https:\/\/zonacaral.gob.pe\/en\/wp-json\/wp\/v2\/categories?post=12333"},{"taxonomy":"post_tag","embeddable":true,"href":"https:\/\/zonacaral.gob.pe\/en\/wp-json\/wp\/v2\/tags?post=12333"}],"curies":[{"name":"wp","href":"https:\/\/api.w.org\/{rel}","templated":true}]}}