{"id":12374,"date":"2018-03-21T15:47:18","date_gmt":"2018-03-21T20:47:18","guid":{"rendered":"http:\/\/www.zonacaral.gob.pe\/?p=12374"},"modified":"2018-03-21T15:47:18","modified_gmt":"2018-03-21T20:47:18","slug":"tinkuy-en-caral-ven-y-participa-de-este-gran-encuentro-cultural","status":"publish","type":"post","link":"https:\/\/zonacaral.gob.pe\/en\/noticias\/tinkuy-en-caral-ven-y-participa-de-este-gran-encuentro-cultural\/","title":{"rendered":"Tinkuy en Caral: Ven y participa de este gran encuentro cultural\u2028"},"content":{"rendered":"<figure class=\"pic-autor\" style=\"color: #4d4d4d; text-align: justify;\"><\/figure>\n<p style=\"text-align: justify;\">El programa cultural comunitario \u00abTINKUY\u00bb (en espa\u00f1ol \u201cEncuentro\u201d) es una iniciativa de la Zona Arqueol\u00f3gica Caral, concebido con la finalidad de generar un espacio de encuentro y promover iniciativas en diversos campos que contribuyan en la mejora de la comunidad.<\/p>\n<p style=\"text-align: justify;\">Promueve la interacci\u00f3n de los valores sociales y culturales de la Civilizaci\u00f3n Caral y la propuesta del Sumaq Kawsay o buen vivir. Impulsar el desarrollo social y econ\u00f3mico de estas zonas e impulsar el crecimiento cultural.<\/p>\n<h3>PROGRAMA \u201cTinkuy \u2013 CARAL\u201d<\/h3>\n<p style=\"text-align: justify;\">Desde temprano (el viernes a las 9:00 a.m.) recorre con nosotros la Ciudad Sagrada de Caral, donde podr\u00e1s interactuar con personajes de la Civilizaci\u00f3n Caral, as\u00ed como tambi\u00e9n el \u00abCentro de Interpretaci\u00f3n\u00bb, el \u00abT\u00fanel de la Ciencia y Tecnolog\u00eda Andina\u00bb, y an\u00edmate a recorrer el \u00abBosque de los Huarangos\u00bb.<\/p>\n<p style=\"text-align: justify;\">Participa del Catu Caral, donde podr\u00e1s degustar platos y postres t\u00edpicos de la culinaria local, comprar productos de la zona y las creaciones de los m\u00e1s destacados artesanos locales.<\/p>\n<p style=\"text-align: justify;\">Tambi\u00e9n participa de los talleres de pintura, cer\u00e1mica y origami, para ni\u00f1os y adultos, (a cargo de la Asociaci\u00f3n Peruana de Artistas Pl\u00e1sticos \u2013 ASPAP, de los Talleres de Responsabilidad Social de la ZAC y de la Asociaci\u00f3n Cultural Peruano Japon\u00e9s) donde se desarrollar\u00e1n como tema los valores de la Civilizaci\u00f3n Caral.<\/p>\n<p style=\"text-align: justify;\">Por la noche, desde las 6:30 p.m. acomp\u00e1\u00f1anos en el recorrido nocturno por la Ciudad Sagrada de Caral, la cual estar\u00e1 iluminada y ofrecer\u00e1 una majestuosa vista. En el camino personajes de la Civilizaci\u00f3n Caral te contar\u00e1n como se forj\u00f3, hace 5,000 a\u00f1os, la civilizaci\u00f3n m\u00e1s antigua de Am\u00e9rica.<\/p>\n<p style=\"text-align: justify;\">Al finalizar, en medio de una fogata, te esperar\u00e1n los \u201cAbuelos Cuentacuentos\u201d de la Casa de la Literatura, con la tradici\u00f3n oral de nuestros antepasados.<\/p>\n<p style=\"text-align: justify;\">El s\u00e1bado 31, tienes dos opciones: Seguir compartiendo en Caral de las actividades o puedes animarte a visitar:<\/p>\n<p style=\"text-align: justify;\">\u00c1spero: la ciudad que abasteci\u00f3 de productos marinos a los habitantes de la Ciudad Sagrada y a los habitantes del valle de Supe y su playa \u201cLa Isla del Fara\u00f3n\u201d. Ubicada hacia el norte a 45 minutos de Caral.<\/p>\n<p style=\"text-align: justify;\">Vichama (ubicada a 30 de minutos de \u00c1spero): es la ciudad agropesquera, cuyas edificaciones son consideradas como las \u00faltimas construcciones de Caral. Est\u00e1 ubicada en el distrito de V\u00e9gueta, Huaura-Huacho. En este lugar tambi\u00e9n puedes visitar su Museo Comunitario.<\/p>\n<h3>DATO<\/h3>\n<p style=\"text-align: justify;\">Las salidas por Semana Santa, organizadas por la Zona Arqueol\u00f3gica Caral (ZAC), se realizar\u00e1n a diario, desde el jueves 29 y hasta el 1 de abril. (<span style=\"color: #993300;\"><a href=\"https:\/\/zonacaral.gob.pe\/en\/viajes-educativos\/salidas-semanales\/semana-santa-30-31\/\"><span style=\"color: #993300;\">Ingresa aqu\u00ed y averigua sobre nuestros viajes educativos<\/span><\/a><\/span>)<\/p>\n<p style=\"text-align: justify;\">Estos viajes puedes realizarlo tambi\u00e9n de manera particular, solo no dejes de visitar la primera civilizaci\u00f3n de Am\u00e9rica, Patrimonio de la Humanidad.<\/p>\n<p style=\"text-align: justify;\">\u00a0\u00a1Caral, \u00c1spero y Vichama te esperan esta Semana Santa!<\/p>\n<p class=\"news-summary\" style=\"font-weight: normal; color: #444444;\"><strong style=\"color: #993300;\">Fuen<span style=\"color: #993300;\">te:\u00a0Prensa ZAC<\/span><\/strong><\/p>\n<div style=\"color: #1f1f1f;\">\n<p style=\"text-align: justify;\">Fecha de publicaci\u00f3n: 21\/03\/2018<\/p>\n<\/div>","protected":false},"excerpt":{"rendered":"<p>El programa cultural comunitario \u00abTINKUY\u00bb (en espa\u00f1ol \u201cEncuentro\u201d) es una iniciativa de la Zona Arqueol\u00f3gica Caral, concebido con la finalidad [&hellip;]<\/p>\n","protected":false},"author":1,"featured_media":12376,"comment_status":"closed","ping_status":"open","sticky":false,"template":"","format":"standard","meta":{"_acf_changed":false,"site-sidebar-layout":"default","site-content-layout":"","ast-site-content-layout":"default","site-content-style":"default","site-sidebar-style":"default","ast-global-header-display":"","ast-banner-title-visibility":"","ast-main-header-display":"","ast-hfb-above-header-display":"","ast-hfb-below-header-display":"","ast-hfb-mobile-header-display":"","site-post-title":"","ast-breadcrumbs-content":"","ast-featured-img":"","footer-sml-layout":"","ast-disable-related-posts":"","theme-transparent-header-meta":"","adv-header-id-meta":"","stick-header-meta":"","header-above-stick-meta":"","header-main-stick-meta":"","header-below-stick-meta":"","astra-migrate-meta-layouts":"default","ast-page-background-enabled":"default","ast-page-background-meta":{"desktop":{"background-color":"var(--ast-global-color-5)","background-image":"","background-repeat":"repeat","background-position":"center center","background-size":"auto","background-attachment":"scroll","background-type":"","background-media":"","overlay-type":"","overlay-color":"","overlay-opacity":"","overlay-gradient":""},"tablet":{"background-color":"","background-image":"","background-repeat":"repeat","background-position":"center center","background-size":"auto","background-attachment":"scroll","background-type":"","background-media":"","overlay-type":"","overlay-color":"","overlay-opacity":"","overlay-gradient":""},"mobile":{"background-color":"","background-image":"","background-repeat":"repeat","background-position":"center center","background-size":"auto","background-attachment":"scroll","background-type":"","background-media":"","overlay-type":"","overlay-color":"","overlay-opacity":"","overlay-gradient":""}},"ast-content-background-meta":{"desktop":{"background-color":"var(--ast-global-color-4)","background-image":"","background-repeat":"repeat","background-position":"center center","background-size":"auto","background-attachment":"scroll","background-type":"","background-media":"","overlay-type":"","overlay-color":"","overlay-opacity":"","overlay-gradient":""},"tablet":{"background-color":"var(--ast-global-color-4)","background-image":"","background-repeat":"repeat","background-position":"center center","background-size":"auto","background-attachment":"scroll","background-type":"","background-media":"","overlay-type":"","overlay-color":"","overlay-opacity":"","overlay-gradient":""},"mobile":{"background-color":"var(--ast-global-color-4)","background-image":"","background-repeat":"repeat","background-position":"center center","background-size":"auto","background-attachment":"scroll","background-type":"","background-media":"","overlay-type":"","overlay-color":"","overlay-opacity":"","overlay-gradient":""}},"footnotes":""},"categories":[208],"tags":[55,150,151,155],"class_list":["post-12374","post","type-post","status-publish","format-standard","has-post-thumbnail","hentry","category-noticias","tag-caral","tag-semana-santa","tag-tinkuy","tag-tinkuy-caral"],"acf":[],"yoast_head":"<!-- This site is optimized with the Yoast SEO plugin v27.3 - https:\/\/yoast.com\/product\/yoast-seo-wordpress\/ -->\n<title>Tinkuy Caral: Participa de este gran encuentro cultural\u2028<\/title>\n<meta name=\"description\" content=\"El programa cultural comunitario \u00abTINKUY\u00bb (en espa\u00f1ol \u201cEncuentro\u201d) es una iniciativa de la Zona Arqueol\u00f3gica Caral, concebido con la finalidad de generar un espacio de encuentro y promover iniciativas en diversos campos que contribuyan en la mejora de la comunidad.\" \/>\n<meta name=\"robots\" content=\"index, follow, max-snippet:-1, max-image-preview:large, max-video-preview:-1\" \/>\n<link rel=\"canonical\" href=\"https:\/\/zonacaral.gob.pe\/en\/noticias\/tinkuy-en-caral-ven-y-participa-de-este-gran-encuentro-cultural\/\" \/>\n<meta property=\"og:locale\" content=\"en_US\" \/>\n<meta property=\"og:type\" content=\"article\" \/>\n<meta property=\"og:title\" content=\"Tinkuy Caral: Participa de este gran encuentro cultural\u2028\" \/>\n<meta property=\"og:description\" content=\"El programa cultural comunitario \u00abTINKUY\u00bb (en espa\u00f1ol \u201cEncuentro\u201d) es una iniciativa de la Zona Arqueol\u00f3gica Caral, concebido con la finalidad de generar un espacio de encuentro y promover iniciativas en diversos campos que contribuyan en la mejora de la comunidad.\" \/>\n<meta property=\"og:url\" content=\"https:\/\/zonacaral.gob.pe\/en\/noticias\/tinkuy-en-caral-ven-y-participa-de-este-gran-encuentro-cultural\/\" \/>\n<meta property=\"og:site_name\" content=\"Zona Caral\" \/>\n<meta property=\"article:published_time\" content=\"2018-03-21T20:47:18+00:00\" \/>\n<meta property=\"og:image\" content=\"https:\/\/zonacaral.gob.pe\/wp-content\/uploads\/2018\/03\/tinkuy-caral-semana-santa.jpg\" \/>\n\t<meta property=\"og:image:width\" content=\"820\" \/>\n\t<meta property=\"og:image:height\" content=\"416\" \/>\n\t<meta property=\"og:image:type\" content=\"image\/jpeg\" \/>\n<meta name=\"author\" content=\"Zona Caral Administrador\" \/>\n<meta name=\"twitter:card\" content=\"summary_large_image\" \/>\n<meta name=\"twitter:label1\" content=\"Written by\" \/>\n\t<meta name=\"twitter:data1\" content=\"Zona Caral Administrador\" \/>\n\t<meta name=\"twitter:label2\" content=\"Est. reading time\" \/>\n\t<meta name=\"twitter:data2\" content=\"2 minutes\" \/>\n<script type=\"application\/ld+json\" class=\"yoast-schema-graph\">{\"@context\":\"https:\\\/\\\/schema.org\",\"@graph\":[{\"@type\":\"Article\",\"@id\":\"https:\\\/\\\/zonacaral.gob.pe\\\/es\\\/noticias\\\/tinkuy-en-caral-ven-y-participa-de-este-gran-encuentro-cultural\\\/#article\",\"isPartOf\":{\"@id\":\"https:\\\/\\\/zonacaral.gob.pe\\\/es\\\/noticias\\\/tinkuy-en-caral-ven-y-participa-de-este-gran-encuentro-cultural\\\/\"},\"author\":{\"name\":\"Zona Caral Administrador\",\"@id\":\"https:\\\/\\\/zonacaral.gob.pe\\\/es\\\/#\\\/schema\\\/person\\\/beddb4d22f71a7230c5b90913270a0ee\"},\"headline\":\"Tinkuy en Caral: Ven y participa de este gran encuentro cultural\\u2028\",\"datePublished\":\"2018-03-21T20:47:18+00:00\",\"mainEntityOfPage\":{\"@id\":\"https:\\\/\\\/zonacaral.gob.pe\\\/es\\\/noticias\\\/tinkuy-en-caral-ven-y-participa-de-este-gran-encuentro-cultural\\\/\"},\"wordCount\":498,\"image\":{\"@id\":\"https:\\\/\\\/zonacaral.gob.pe\\\/es\\\/noticias\\\/tinkuy-en-caral-ven-y-participa-de-este-gran-encuentro-cultural\\\/#primaryimage\"},\"thumbnailUrl\":\"https:\\\/\\\/zonacaral.gob.pe\\\/wp-content\\\/uploads\\\/2018\\\/03\\\/tinkuy-caral-semana-santa.jpg\",\"keywords\":[\"caral\",\"semana santa\",\"tinkuy\",\"tinkuy caral\"],\"articleSection\":[\"noticias\"],\"inLanguage\":\"en-US\"},{\"@type\":\"WebPage\",\"@id\":\"https:\\\/\\\/zonacaral.gob.pe\\\/es\\\/noticias\\\/tinkuy-en-caral-ven-y-participa-de-este-gran-encuentro-cultural\\\/\",\"url\":\"https:\\\/\\\/zonacaral.gob.pe\\\/es\\\/noticias\\\/tinkuy-en-caral-ven-y-participa-de-este-gran-encuentro-cultural\\\/\",\"name\":\"Tinkuy Caral: Participa de este gran encuentro cultural\\u2028\",\"isPartOf\":{\"@id\":\"https:\\\/\\\/zonacaral.gob.pe\\\/es\\\/#website\"},\"primaryImageOfPage\":{\"@id\":\"https:\\\/\\\/zonacaral.gob.pe\\\/es\\\/noticias\\\/tinkuy-en-caral-ven-y-participa-de-este-gran-encuentro-cultural\\\/#primaryimage\"},\"image\":{\"@id\":\"https:\\\/\\\/zonacaral.gob.pe\\\/es\\\/noticias\\\/tinkuy-en-caral-ven-y-participa-de-este-gran-encuentro-cultural\\\/#primaryimage\"},\"thumbnailUrl\":\"https:\\\/\\\/zonacaral.gob.pe\\\/wp-content\\\/uploads\\\/2018\\\/03\\\/tinkuy-caral-semana-santa.jpg\",\"datePublished\":\"2018-03-21T20:47:18+00:00\",\"author\":{\"@id\":\"https:\\\/\\\/zonacaral.gob.pe\\\/es\\\/#\\\/schema\\\/person\\\/beddb4d22f71a7230c5b90913270a0ee\"},\"description\":\"El programa cultural comunitario \u00abTINKUY\u00bb (en espa\u00f1ol \u201cEncuentro\u201d) es una iniciativa de la Zona Arqueol\u00f3gica Caral, concebido con la finalidad de generar un espacio de encuentro y promover iniciativas en diversos campos que contribuyan en la mejora de la comunidad.\",\"breadcrumb\":{\"@id\":\"https:\\\/\\\/zonacaral.gob.pe\\\/es\\\/noticias\\\/tinkuy-en-caral-ven-y-participa-de-este-gran-encuentro-cultural\\\/#breadcrumb\"},\"inLanguage\":\"en-US\",\"potentialAction\":[{\"@type\":\"ReadAction\",\"target\":[\"https:\\\/\\\/zonacaral.gob.pe\\\/es\\\/noticias\\\/tinkuy-en-caral-ven-y-participa-de-este-gran-encuentro-cultural\\\/\"]}]},{\"@type\":\"ImageObject\",\"inLanguage\":\"en-US\",\"@id\":\"https:\\\/\\\/zonacaral.gob.pe\\\/es\\\/noticias\\\/tinkuy-en-caral-ven-y-participa-de-este-gran-encuentro-cultural\\\/#primaryimage\",\"url\":\"https:\\\/\\\/zonacaral.gob.pe\\\/wp-content\\\/uploads\\\/2018\\\/03\\\/tinkuy-caral-semana-santa.jpg\",\"contentUrl\":\"https:\\\/\\\/zonacaral.gob.pe\\\/wp-content\\\/uploads\\\/2018\\\/03\\\/tinkuy-caral-semana-santa.jpg\",\"width\":820,\"height\":416},{\"@type\":\"BreadcrumbList\",\"@id\":\"https:\\\/\\\/zonacaral.gob.pe\\\/es\\\/noticias\\\/tinkuy-en-caral-ven-y-participa-de-este-gran-encuentro-cultural\\\/#breadcrumb\",\"itemListElement\":[{\"@type\":\"ListItem\",\"position\":1,\"name\":\"Portada\",\"item\":\"https:\\\/\\\/zonacaral.gob.pe\\\/\"},{\"@type\":\"ListItem\",\"position\":2,\"name\":\"Tinkuy en Caral: Ven y participa de este gran encuentro cultural\\u2028\"}]},{\"@type\":\"WebSite\",\"@id\":\"https:\\\/\\\/zonacaral.gob.pe\\\/es\\\/#website\",\"url\":\"https:\\\/\\\/zonacaral.gob.pe\\\/es\\\/\",\"name\":\"Zona Caral\",\"description\":\"Investigamos, conservamos y difundimos el patrimonio cultural de la Civilizaci\u00f3n Caral, la m\u00e1s antigua de Am\u00e9rica.\",\"potentialAction\":[{\"@type\":\"SearchAction\",\"target\":{\"@type\":\"EntryPoint\",\"urlTemplate\":\"https:\\\/\\\/zonacaral.gob.pe\\\/es\\\/?s={search_term_string}\"},\"query-input\":{\"@type\":\"PropertyValueSpecification\",\"valueRequired\":true,\"valueName\":\"search_term_string\"}}],\"inLanguage\":\"en-US\"},{\"@type\":\"Person\",\"@id\":\"https:\\\/\\\/zonacaral.gob.pe\\\/es\\\/#\\\/schema\\\/person\\\/beddb4d22f71a7230c5b90913270a0ee\",\"name\":\"Zona Caral Administrador\",\"image\":{\"@type\":\"ImageObject\",\"inLanguage\":\"en-US\",\"@id\":\"https:\\\/\\\/secure.gravatar.com\\\/avatar\\\/e4be162918a696358376de6446614e0f0f4062bdc5d170d6d540ada3d8b58c12?s=96&d=mm&r=g\",\"url\":\"https:\\\/\\\/secure.gravatar.com\\\/avatar\\\/e4be162918a696358376de6446614e0f0f4062bdc5d170d6d540ada3d8b58c12?s=96&d=mm&r=g\",\"contentUrl\":\"https:\\\/\\\/secure.gravatar.com\\\/avatar\\\/e4be162918a696358376de6446614e0f0f4062bdc5d170d6d540ada3d8b58c12?s=96&d=mm&r=g\",\"caption\":\"Zona Caral Administrador\"},\"sameAs\":[\"https:\\\/\\\/zonacaral.gob.pe\"],\"url\":\"https:\\\/\\\/zonacaral.gob.pe\\\/en\\\/noticias\\\/author\\\/ad_zonacaral\\\/\"}]}<\/script>\n<!-- \/ Yoast SEO plugin. -->","yoast_head_json":{"title":"Tinkuy Caral: Participa de este gran encuentro cultural\u2028","description":"El programa cultural comunitario \u00abTINKUY\u00bb (en espa\u00f1ol \u201cEncuentro\u201d) es una iniciativa de la Zona Arqueol\u00f3gica Caral, concebido con la finalidad de generar un espacio de encuentro y promover iniciativas en diversos campos que contribuyan en la mejora de la comunidad.","robots":{"index":"index","follow":"follow","max-snippet":"max-snippet:-1","max-image-preview":"max-image-preview:large","max-video-preview":"max-video-preview:-1"},"canonical":"https:\/\/zonacaral.gob.pe\/en\/noticias\/tinkuy-en-caral-ven-y-participa-de-este-gran-encuentro-cultural\/","og_locale":"en_US","og_type":"article","og_title":"Tinkuy Caral: Participa de este gran encuentro cultural\u2028","og_description":"El programa cultural comunitario \u00abTINKUY\u00bb (en espa\u00f1ol \u201cEncuentro\u201d) es una iniciativa de la Zona Arqueol\u00f3gica Caral, concebido con la finalidad de generar un espacio de encuentro y promover iniciativas en diversos campos que contribuyan en la mejora de la comunidad.","og_url":"https:\/\/zonacaral.gob.pe\/en\/noticias\/tinkuy-en-caral-ven-y-participa-de-este-gran-encuentro-cultural\/","og_site_name":"Zona Caral","article_published_time":"2018-03-21T20:47:18+00:00","og_image":[{"width":820,"height":416,"url":"https:\/\/zonacaral.gob.pe\/wp-content\/uploads\/2018\/03\/tinkuy-caral-semana-santa.jpg","type":"image\/jpeg"}],"author":"Zona Caral Administrador","twitter_card":"summary_large_image","twitter_misc":{"Written by":"Zona Caral Administrador","Est. reading time":"2 minutes"},"schema":{"@context":"https:\/\/schema.org","@graph":[{"@type":"Article","@id":"https:\/\/zonacaral.gob.pe\/es\/noticias\/tinkuy-en-caral-ven-y-participa-de-este-gran-encuentro-cultural\/#article","isPartOf":{"@id":"https:\/\/zonacaral.gob.pe\/es\/noticias\/tinkuy-en-caral-ven-y-participa-de-este-gran-encuentro-cultural\/"},"author":{"name":"Zona Caral Administrador","@id":"https:\/\/zonacaral.gob.pe\/es\/#\/schema\/person\/beddb4d22f71a7230c5b90913270a0ee"},"headline":"Tinkuy en Caral: Ven y participa de este gran encuentro cultural\u2028","datePublished":"2018-03-21T20:47:18+00:00","mainEntityOfPage":{"@id":"https:\/\/zonacaral.gob.pe\/es\/noticias\/tinkuy-en-caral-ven-y-participa-de-este-gran-encuentro-cultural\/"},"wordCount":498,"image":{"@id":"https:\/\/zonacaral.gob.pe\/es\/noticias\/tinkuy-en-caral-ven-y-participa-de-este-gran-encuentro-cultural\/#primaryimage"},"thumbnailUrl":"https:\/\/zonacaral.gob.pe\/wp-content\/uploads\/2018\/03\/tinkuy-caral-semana-santa.jpg","keywords":["caral","semana santa","tinkuy","tinkuy caral"],"articleSection":["noticias"],"inLanguage":"en-US"},{"@type":"WebPage","@id":"https:\/\/zonacaral.gob.pe\/es\/noticias\/tinkuy-en-caral-ven-y-participa-de-este-gran-encuentro-cultural\/","url":"https:\/\/zonacaral.gob.pe\/es\/noticias\/tinkuy-en-caral-ven-y-participa-de-este-gran-encuentro-cultural\/","name":"Tinkuy Caral: Participa de este gran encuentro cultural\u2028","isPartOf":{"@id":"https:\/\/zonacaral.gob.pe\/es\/#website"},"primaryImageOfPage":{"@id":"https:\/\/zonacaral.gob.pe\/es\/noticias\/tinkuy-en-caral-ven-y-participa-de-este-gran-encuentro-cultural\/#primaryimage"},"image":{"@id":"https:\/\/zonacaral.gob.pe\/es\/noticias\/tinkuy-en-caral-ven-y-participa-de-este-gran-encuentro-cultural\/#primaryimage"},"thumbnailUrl":"https:\/\/zonacaral.gob.pe\/wp-content\/uploads\/2018\/03\/tinkuy-caral-semana-santa.jpg","datePublished":"2018-03-21T20:47:18+00:00","author":{"@id":"https:\/\/zonacaral.gob.pe\/es\/#\/schema\/person\/beddb4d22f71a7230c5b90913270a0ee"},"description":"El programa cultural comunitario \u00abTINKUY\u00bb (en espa\u00f1ol \u201cEncuentro\u201d) es una iniciativa de la Zona Arqueol\u00f3gica Caral, concebido con la finalidad de generar un espacio de encuentro y promover iniciativas en diversos campos que contribuyan en la mejora de la comunidad.","breadcrumb":{"@id":"https:\/\/zonacaral.gob.pe\/es\/noticias\/tinkuy-en-caral-ven-y-participa-de-este-gran-encuentro-cultural\/#breadcrumb"},"inLanguage":"en-US","potentialAction":[{"@type":"ReadAction","target":["https:\/\/zonacaral.gob.pe\/es\/noticias\/tinkuy-en-caral-ven-y-participa-de-este-gran-encuentro-cultural\/"]}]},{"@type":"ImageObject","inLanguage":"en-US","@id":"https:\/\/zonacaral.gob.pe\/es\/noticias\/tinkuy-en-caral-ven-y-participa-de-este-gran-encuentro-cultural\/#primaryimage","url":"https:\/\/zonacaral.gob.pe\/wp-content\/uploads\/2018\/03\/tinkuy-caral-semana-santa.jpg","contentUrl":"https:\/\/zonacaral.gob.pe\/wp-content\/uploads\/2018\/03\/tinkuy-caral-semana-santa.jpg","width":820,"height":416},{"@type":"BreadcrumbList","@id":"https:\/\/zonacaral.gob.pe\/es\/noticias\/tinkuy-en-caral-ven-y-participa-de-este-gran-encuentro-cultural\/#breadcrumb","itemListElement":[{"@type":"ListItem","position":1,"name":"Portada","item":"https:\/\/zonacaral.gob.pe\/"},{"@type":"ListItem","position":2,"name":"Tinkuy en Caral: Ven y participa de este gran encuentro cultural\u2028"}]},{"@type":"WebSite","@id":"https:\/\/zonacaral.gob.pe\/es\/#website","url":"https:\/\/zonacaral.gob.pe\/es\/","name":"Zona Caral","description":"Investigamos, conservamos y difundimos el patrimonio cultural de la Civilizaci\u00f3n Caral, la m\u00e1s antigua de Am\u00e9rica.","potentialAction":[{"@type":"SearchAction","target":{"@type":"EntryPoint","urlTemplate":"https:\/\/zonacaral.gob.pe\/es\/?s={search_term_string}"},"query-input":{"@type":"PropertyValueSpecification","valueRequired":true,"valueName":"search_term_string"}}],"inLanguage":"en-US"},{"@type":"Person","@id":"https:\/\/zonacaral.gob.pe\/es\/#\/schema\/person\/beddb4d22f71a7230c5b90913270a0ee","name":"Zona Caral Administrador","image":{"@type":"ImageObject","inLanguage":"en-US","@id":"https:\/\/secure.gravatar.com\/avatar\/e4be162918a696358376de6446614e0f0f4062bdc5d170d6d540ada3d8b58c12?s=96&d=mm&r=g","url":"https:\/\/secure.gravatar.com\/avatar\/e4be162918a696358376de6446614e0f0f4062bdc5d170d6d540ada3d8b58c12?s=96&d=mm&r=g","contentUrl":"https:\/\/secure.gravatar.com\/avatar\/e4be162918a696358376de6446614e0f0f4062bdc5d170d6d540ada3d8b58c12?s=96&d=mm&r=g","caption":"Zona Caral Administrador"},"sameAs":["https:\/\/zonacaral.gob.pe"],"url":"https:\/\/zonacaral.gob.pe\/en\/noticias\/author\/ad_zonacaral\/"}]}},"_links":{"self":[{"href":"https:\/\/zonacaral.gob.pe\/en\/wp-json\/wp\/v2\/posts\/12374","targetHints":{"allow":["GET"]}}],"collection":[{"href":"https:\/\/zonacaral.gob.pe\/en\/wp-json\/wp\/v2\/posts"}],"about":[{"href":"https:\/\/zonacaral.gob.pe\/en\/wp-json\/wp\/v2\/types\/post"}],"author":[{"embeddable":true,"href":"https:\/\/zonacaral.gob.pe\/en\/wp-json\/wp\/v2\/users\/1"}],"replies":[{"embeddable":true,"href":"https:\/\/zonacaral.gob.pe\/en\/wp-json\/wp\/v2\/comments?post=12374"}],"version-history":[{"count":0,"href":"https:\/\/zonacaral.gob.pe\/en\/wp-json\/wp\/v2\/posts\/12374\/revisions"}],"wp:featuredmedia":[{"embeddable":true,"href":"https:\/\/zonacaral.gob.pe\/en\/wp-json\/wp\/v2\/media\/12376"}],"wp:attachment":[{"href":"https:\/\/zonacaral.gob.pe\/en\/wp-json\/wp\/v2\/media?parent=12374"}],"wp:term":[{"taxonomy":"category","embeddable":true,"href":"https:\/\/zonacaral.gob.pe\/en\/wp-json\/wp\/v2\/categories?post=12374"},{"taxonomy":"post_tag","embeddable":true,"href":"https:\/\/zonacaral.gob.pe\/en\/wp-json\/wp\/v2\/tags?post=12374"}],"curies":[{"name":"wp","href":"https:\/\/api.w.org\/{rel}","templated":true}]}}