{"id":12513,"date":"2018-04-19T13:00:08","date_gmt":"2018-04-19T18:00:08","guid":{"rendered":"http:\/\/www.zonacaral.gob.pe\/?p=12513"},"modified":"2018-04-19T13:00:08","modified_gmt":"2018-04-19T18:00:08","slug":"ruth-shady-hay-que-recuperar-patrimonio-arquitectonico-de-supe-puerto","status":"publish","type":"post","link":"https:\/\/zonacaral.gob.pe\/en\/noticias\/ruth-shady-hay-que-recuperar-patrimonio-arquitectonico-de-supe-puerto\/","title":{"rendered":"Ruth Shady: hay que recuperar patrimonio arquitect\u00f3nico de Supe Puerto"},"content":{"rendered":"<figure class=\"pic-autor\" style=\"color: #4d4d4d; text-align: justify;\"><\/figure>\n<blockquote>\n<p style=\"text-align: justify;\">Como las casas de reconocidos escritores, poetas y artistas<\/p>\n<\/blockquote>\n<p style=\"text-align: justify;\">El distrito de Supe puerto, en la provincia de Barranca, regi\u00f3n Lima, no solo posee un potencial patrimonio arqueol\u00f3gico sino tambi\u00e9n arquitect\u00f3nico, que data de los siglos XIX y XX, y que se requiere rehabilitar porque se est\u00e1 perdiendo al no prestarle las autoridades la atenci\u00f3n necesaria.<\/p>\n<p style=\"text-align: justify;\">As\u00ed lo sostuvo la directora de la Zona Arqueol\u00f3gica de Caral, Ruth Shady, quien subray\u00f3 que en el pasado Supe Puerto fue muy importante para intelectuales como el escritor y poeta peruano Jos\u00e9 Mar\u00eda Arguedas, quien tiene su casa en este lugar; y la poetisa Blanca Varea, quien escribi\u00f3 su primer libro titulado \u201cEse puerto existe\u201d.<\/p>\n<p style=\"text-align: justify;\">\u201cEllos se re reun\u00edan con el artista pl\u00e1stico Fernando de Szyszla y otros intelectuales de la \u00e9poca los fines de semana. Entonces hubo una din\u00e1mica intelectual en Supe Puerto\u201d, puntualizo la arque\u00f3loga a la Agencia Andina.<\/p>\n<p style=\"text-align: justify;\">Mencion\u00f3 que antes el techo de la casa de Jos\u00e9 Mar\u00eda Arguedas, que da hacia fuera, ten\u00eda un lindo enjambre de madera y lamentablemente se va perdiendo parte de sus componentes de la vivienda.<\/p>\n<p style=\"text-align: justify;\"><img decoding=\"async\" class=\"alignnone wp-image-12516\" src=\"http:\/\/www.zonacaral.gob.pe\/wp-content\/uploads\/2018\/04\/ruth-shady-supe-puerto-02.jpg\" alt=\"casa de arguedas supe puerto\" width=\"100%\" srcset=\"https:\/\/zonacaral.gob.pe\/wp-content\/uploads\/2018\/04\/ruth-shady-supe-puerto-02.jpg 500w, https:\/\/zonacaral.gob.pe\/wp-content\/uploads\/2018\/04\/ruth-shady-supe-puerto-02-300x200.jpg 300w\" sizes=\"(max-width: 500px) 100vw, 500px\" \/><\/p>\n<p style=\"text-align: justify;\">Shady a\u00f1adi\u00f3 que el alcalde quiso comprar dicha casa para que se convierta en un museo como se hizo con la casa del poeta Pablo Neruda en Chile, y que la gente conozca qui\u00e9n fue Arguedas y su legado, pero antes el Ministerio de Cultura tiene antes que declararlo Patrimonio Cultural de la Naci\u00f3n para que pueda ser vendida<\/p>\n<p style=\"text-align: justify;\">De otro lado, Shady al referirse a la casa del empresario pesquero Luis Luis Banchero Rossi, ubicada tambi\u00e9n en Supe Puerto, dijo que la est\u00e1n solicitando a la Marina de Guerra para poder instalar all\u00ed el Museo de la Historia de la Pesca, porque est\u00e1 en un lugar estrat\u00e9gico y desde all\u00ed se visualiza todo el mar, las embarcaciones de diferentes partes del mundo y la extracci\u00f3n del recurso marino.<\/p>\n<p style=\"text-align: justify;\"><img decoding=\"async\" class=\"alignnone wp-image-12517 size-full\" src=\"http:\/\/www.zonacaral.gob.pe\/wp-content\/uploads\/2018\/04\/ruth-shady-supe-puerto-03.jpg\" alt=\"Luis Banchero Rossi\" width=\"100%\" srcset=\"https:\/\/zonacaral.gob.pe\/wp-content\/uploads\/2018\/04\/ruth-shady-supe-puerto-03.jpg 500w, https:\/\/zonacaral.gob.pe\/wp-content\/uploads\/2018\/04\/ruth-shady-supe-puerto-03-300x200.jpg 300w\" sizes=\"(max-width: 500px) 100vw, 500px\" \/><\/p>\n<p style=\"text-align: justify;\">Banchero Rossi, resalt\u00f3, promovi\u00f3 la pesca de la anchoveta como empresa y en el siglo XX tuvo mucha relevancia en la econom\u00eda de las poblaciones.<\/p>\n<p style=\"text-align: justify;\">La investigadora destac\u00f3, asimismo, que Supe Puerto posee paisajes muy lindos, como la playa La Isla que tiene todo un contenido de mensajes sobre los cambios clim\u00e1ticos. Explic\u00f3 que el nombre de la Isla naci\u00f3 porque el mont\u00edculo estaba en medio del mar y despu\u00e9s, a lo largo de los a\u00f1os, estaba rodeado por las aguas hasta que el mar se fue retirando paulatinamente y cualquiera ingresaba y se sub\u00eda a los mont\u00edculos.<\/p>\n<p style=\"text-align: justify;\">Sin embargo, mencion\u00f3, que en los \u00faltimos meses, tras a\u00f1os, el agua volvi\u00f3 a salir hacia la orilla, lo cual est\u00e1 relacionado con el cambio clim\u00e1tico que afecta el planeta y seguir\u00e1 intensific\u00e1ndose en los pr\u00f3ximos a\u00f1os.<\/p>\n<p style=\"text-align: justify;\">\u201cNosotros estamos trabajando tambi\u00e9n el aspecto del cambio clim\u00e1tico en los 12 sitios que investigamos, con la visi\u00f3n de poder recuperar c\u00f3mo fue el proceso y lo hacemos no solo los arque\u00f3logos, sino un equipo multidisciplinario con especialistas en el tema\u201d, anot\u00f3.<\/p>\n<h3 style=\"text-align: justify;\">Aniversario de puesta en valor de \u00c1spero<\/h3>\n<p style=\"text-align: justify;\">Shady dio a conocer m\u00e1s adelante que los d\u00edas 27 y 28 de abril se celebrar\u00e1 el 13 aniversario de la puesta en valor de \u00c1spero, la ciudad pesquera de Caral, con una variada programaci\u00f3n que incluye un pasacalle de los colegios de la provincia de Barranca, en particular de los de Supe Puerto, donde los escolares hacen escenograf\u00eda inspiradas en la historia de \u00c1spero y concursan entre ellos. Se cuenta con la colaboraci\u00f3n de entidades p\u00fablicas y privadas.<\/p>\n<p style=\"text-align: justify;\"><img decoding=\"async\" class=\"alignnone wp-image-12518 size-full\" src=\"http:\/\/www.zonacaral.gob.pe\/wp-content\/uploads\/2018\/04\/ruth-shady-supe-puerto-04.jpg\" alt=\"David Palomino Supe Puerto\" width=\"100%\" srcset=\"https:\/\/zonacaral.gob.pe\/wp-content\/uploads\/2018\/04\/ruth-shady-supe-puerto-04.jpg 500w, https:\/\/zonacaral.gob.pe\/wp-content\/uploads\/2018\/04\/ruth-shady-supe-puerto-04-300x202.jpg 300w\" sizes=\"(max-width: 500px) 100vw, 500px\" \/><\/p>\n<p style=\"text-align: justify;\">\u201cSe trabaja asimismo con las poblaciones la visi\u00f3n de que el patrimonio cultural es un s\u00edmbolo de fortalecimiento de la identidad cultural\u201d, enfatiz\u00f3.<\/p>\n<p class=\"news-summary\" style=\"font-weight: normal; color: #444444;\"><strong style=\"color: #993300;\">Fuen<span style=\"color: #993300;\">te: <a href=\"http:\/\/andina.pe\/agencia\/noticia-ruth-shady-hay-recuperar-patrimonio-arquitectonico-supe-puerto-707185.aspx\"><span style=\"color: #993300;\">Agencia Andina<\/span><\/a><\/span><\/strong><\/p>\n<div style=\"color: #1f1f1f;\">\n<p style=\"text-align: justify;\">Fecha de publicaci\u00f3n: 18\/04\/2018<\/p>\n<\/div>","protected":false},"excerpt":{"rendered":"<p>Como las casas de reconocidos escritores, poetas y artistas El distrito de Supe puerto, en la provincia de Barranca, regi\u00f3n [&hellip;]<\/p>\n","protected":false},"author":1,"featured_media":12515,"comment_status":"closed","ping_status":"open","sticky":false,"template":"","format":"standard","meta":{"_acf_changed":false,"site-sidebar-layout":"default","site-content-layout":"","ast-site-content-layout":"default","site-content-style":"default","site-sidebar-style":"default","ast-global-header-display":"","ast-banner-title-visibility":"","ast-main-header-display":"","ast-hfb-above-header-display":"","ast-hfb-below-header-display":"","ast-hfb-mobile-header-display":"","site-post-title":"","ast-breadcrumbs-content":"","ast-featured-img":"","footer-sml-layout":"","ast-disable-related-posts":"","theme-transparent-header-meta":"","adv-header-id-meta":"","stick-header-meta":"","header-above-stick-meta":"","header-main-stick-meta":"","header-below-stick-meta":"","astra-migrate-meta-layouts":"default","ast-page-background-enabled":"default","ast-page-background-meta":{"desktop":{"background-color":"var(--ast-global-color-5)","background-image":"","background-repeat":"repeat","background-position":"center center","background-size":"auto","background-attachment":"scroll","background-type":"","background-media":"","overlay-type":"","overlay-color":"","overlay-opacity":"","overlay-gradient":""},"tablet":{"background-color":"","background-image":"","background-repeat":"repeat","background-position":"center center","background-size":"auto","background-attachment":"scroll","background-type":"","background-media":"","overlay-type":"","overlay-color":"","overlay-opacity":"","overlay-gradient":""},"mobile":{"background-color":"","background-image":"","background-repeat":"repeat","background-position":"center center","background-size":"auto","background-attachment":"scroll","background-type":"","background-media":"","overlay-type":"","overlay-color":"","overlay-opacity":"","overlay-gradient":""}},"ast-content-background-meta":{"desktop":{"background-color":"var(--ast-global-color-4)","background-image":"","background-repeat":"repeat","background-position":"center center","background-size":"auto","background-attachment":"scroll","background-type":"","background-media":"","overlay-type":"","overlay-color":"","overlay-opacity":"","overlay-gradient":""},"tablet":{"background-color":"var(--ast-global-color-4)","background-image":"","background-repeat":"repeat","background-position":"center center","background-size":"auto","background-attachment":"scroll","background-type":"","background-media":"","overlay-type":"","overlay-color":"","overlay-opacity":"","overlay-gradient":""},"mobile":{"background-color":"var(--ast-global-color-4)","background-image":"","background-repeat":"repeat","background-position":"center center","background-size":"auto","background-attachment":"scroll","background-type":"","background-media":"","overlay-type":"","overlay-color":"","overlay-opacity":"","overlay-gradient":""}},"footnotes":""},"categories":[208],"tags":[54,63,158,64],"class_list":["post-12513","post","type-post","status-publish","format-standard","has-post-thumbnail","hentry","category-noticias","tag-aniversario","tag-aspero","tag-ojos-de-dios","tag-supe-puerto"],"acf":[],"yoast_head":"<!-- This site is optimized with the Yoast SEO plugin v27.3 - https:\/\/yoast.com\/product\/yoast-seo-wordpress\/ -->\n<title>Ruth Shady: hay que recuperar patrimonio arquitect\u00f3nico de Supe Puerto<\/title>\n<meta name=\"description\" content=\"En \u00c1spero, la ciudad pesquera de Caral, situada en el valle de Supe, provincia de Barranca, regi\u00f3n Lima, en recientes investigaciones se hall\u00f3 una ofrenda compuesta por siete objetos denominados \u201cOjos de Dios\u201d, plumas de guacamayo, algod\u00f3n ,cuentas de spondylus y crisocola.\" \/>\n<meta name=\"robots\" content=\"index, follow, max-snippet:-1, max-image-preview:large, max-video-preview:-1\" \/>\n<link rel=\"canonical\" href=\"https:\/\/zonacaral.gob.pe\/en\/noticias\/ruth-shady-hay-que-recuperar-patrimonio-arquitectonico-de-supe-puerto\/\" \/>\n<meta property=\"og:locale\" content=\"en_US\" \/>\n<meta property=\"og:type\" content=\"article\" \/>\n<meta property=\"og:title\" content=\"Ruth Shady: hay que recuperar patrimonio arquitect\u00f3nico de Supe Puerto\" \/>\n<meta property=\"og:description\" content=\"En \u00c1spero, la ciudad pesquera de Caral, situada en el valle de Supe, provincia de Barranca, regi\u00f3n Lima, en recientes investigaciones se hall\u00f3 una ofrenda compuesta por siete objetos denominados \u201cOjos de Dios\u201d, plumas de guacamayo, algod\u00f3n ,cuentas de spondylus y crisocola.\" \/>\n<meta property=\"og:url\" content=\"https:\/\/zonacaral.gob.pe\/en\/noticias\/ruth-shady-hay-que-recuperar-patrimonio-arquitectonico-de-supe-puerto\/\" \/>\n<meta property=\"og:site_name\" content=\"Zona Caral\" \/>\n<meta property=\"article:published_time\" content=\"2018-04-19T18:00:08+00:00\" \/>\n<meta property=\"og:image\" content=\"https:\/\/zonacaral.gob.pe\/wp-content\/uploads\/2018\/04\/ruth-shady-supe-puerto-00.jpg\" \/>\n\t<meta property=\"og:image:width\" content=\"800\" \/>\n\t<meta property=\"og:image:height\" content=\"533\" \/>\n\t<meta property=\"og:image:type\" content=\"image\/jpeg\" \/>\n<meta name=\"author\" content=\"Zona Caral Administrador\" \/>\n<meta name=\"twitter:card\" content=\"summary_large_image\" \/>\n<meta name=\"twitter:label1\" content=\"Written by\" \/>\n\t<meta name=\"twitter:data1\" content=\"Zona Caral Administrador\" \/>\n\t<meta name=\"twitter:label2\" content=\"Est. reading time\" \/>\n\t<meta name=\"twitter:data2\" content=\"3 minutes\" \/>\n<script type=\"application\/ld+json\" class=\"yoast-schema-graph\">{\"@context\":\"https:\\\/\\\/schema.org\",\"@graph\":[{\"@type\":\"Article\",\"@id\":\"https:\\\/\\\/zonacaral.gob.pe\\\/es\\\/noticias\\\/ruth-shady-hay-que-recuperar-patrimonio-arquitectonico-de-supe-puerto\\\/#article\",\"isPartOf\":{\"@id\":\"https:\\\/\\\/zonacaral.gob.pe\\\/es\\\/noticias\\\/ruth-shady-hay-que-recuperar-patrimonio-arquitectonico-de-supe-puerto\\\/\"},\"author\":{\"name\":\"Zona Caral Administrador\",\"@id\":\"https:\\\/\\\/zonacaral.gob.pe\\\/es\\\/#\\\/schema\\\/person\\\/beddb4d22f71a7230c5b90913270a0ee\"},\"headline\":\"Ruth Shady: hay que recuperar patrimonio arquitect\u00f3nico de Supe Puerto\",\"datePublished\":\"2018-04-19T18:00:08+00:00\",\"mainEntityOfPage\":{\"@id\":\"https:\\\/\\\/zonacaral.gob.pe\\\/es\\\/noticias\\\/ruth-shady-hay-que-recuperar-patrimonio-arquitectonico-de-supe-puerto\\\/\"},\"wordCount\":656,\"image\":{\"@id\":\"https:\\\/\\\/zonacaral.gob.pe\\\/es\\\/noticias\\\/ruth-shady-hay-que-recuperar-patrimonio-arquitectonico-de-supe-puerto\\\/#primaryimage\"},\"thumbnailUrl\":\"https:\\\/\\\/zonacaral.gob.pe\\\/wp-content\\\/uploads\\\/2018\\\/04\\\/ruth-shady-supe-puerto-00.jpg\",\"keywords\":[\"aniversario\",\"Aspero\",\"ojos de dios\",\"supe puerto\"],\"articleSection\":[\"noticias\"],\"inLanguage\":\"en-US\"},{\"@type\":\"WebPage\",\"@id\":\"https:\\\/\\\/zonacaral.gob.pe\\\/es\\\/noticias\\\/ruth-shady-hay-que-recuperar-patrimonio-arquitectonico-de-supe-puerto\\\/\",\"url\":\"https:\\\/\\\/zonacaral.gob.pe\\\/es\\\/noticias\\\/ruth-shady-hay-que-recuperar-patrimonio-arquitectonico-de-supe-puerto\\\/\",\"name\":\"Ruth Shady: hay que recuperar patrimonio arquitect\u00f3nico de Supe Puerto\",\"isPartOf\":{\"@id\":\"https:\\\/\\\/zonacaral.gob.pe\\\/es\\\/#website\"},\"primaryImageOfPage\":{\"@id\":\"https:\\\/\\\/zonacaral.gob.pe\\\/es\\\/noticias\\\/ruth-shady-hay-que-recuperar-patrimonio-arquitectonico-de-supe-puerto\\\/#primaryimage\"},\"image\":{\"@id\":\"https:\\\/\\\/zonacaral.gob.pe\\\/es\\\/noticias\\\/ruth-shady-hay-que-recuperar-patrimonio-arquitectonico-de-supe-puerto\\\/#primaryimage\"},\"thumbnailUrl\":\"https:\\\/\\\/zonacaral.gob.pe\\\/wp-content\\\/uploads\\\/2018\\\/04\\\/ruth-shady-supe-puerto-00.jpg\",\"datePublished\":\"2018-04-19T18:00:08+00:00\",\"author\":{\"@id\":\"https:\\\/\\\/zonacaral.gob.pe\\\/es\\\/#\\\/schema\\\/person\\\/beddb4d22f71a7230c5b90913270a0ee\"},\"description\":\"En \u00c1spero, la ciudad pesquera de Caral, situada en el valle de Supe, provincia de Barranca, regi\u00f3n Lima, en recientes investigaciones se hall\u00f3 una ofrenda compuesta por siete objetos denominados \u201cOjos de Dios\u201d, plumas de guacamayo, algod\u00f3n ,cuentas de spondylus y crisocola.\",\"breadcrumb\":{\"@id\":\"https:\\\/\\\/zonacaral.gob.pe\\\/es\\\/noticias\\\/ruth-shady-hay-que-recuperar-patrimonio-arquitectonico-de-supe-puerto\\\/#breadcrumb\"},\"inLanguage\":\"en-US\",\"potentialAction\":[{\"@type\":\"ReadAction\",\"target\":[\"https:\\\/\\\/zonacaral.gob.pe\\\/es\\\/noticias\\\/ruth-shady-hay-que-recuperar-patrimonio-arquitectonico-de-supe-puerto\\\/\"]}]},{\"@type\":\"ImageObject\",\"inLanguage\":\"en-US\",\"@id\":\"https:\\\/\\\/zonacaral.gob.pe\\\/es\\\/noticias\\\/ruth-shady-hay-que-recuperar-patrimonio-arquitectonico-de-supe-puerto\\\/#primaryimage\",\"url\":\"https:\\\/\\\/zonacaral.gob.pe\\\/wp-content\\\/uploads\\\/2018\\\/04\\\/ruth-shady-supe-puerto-00.jpg\",\"contentUrl\":\"https:\\\/\\\/zonacaral.gob.pe\\\/wp-content\\\/uploads\\\/2018\\\/04\\\/ruth-shady-supe-puerto-00.jpg\",\"width\":800,\"height\":533},{\"@type\":\"BreadcrumbList\",\"@id\":\"https:\\\/\\\/zonacaral.gob.pe\\\/es\\\/noticias\\\/ruth-shady-hay-que-recuperar-patrimonio-arquitectonico-de-supe-puerto\\\/#breadcrumb\",\"itemListElement\":[{\"@type\":\"ListItem\",\"position\":1,\"name\":\"Portada\",\"item\":\"https:\\\/\\\/zonacaral.gob.pe\\\/\"},{\"@type\":\"ListItem\",\"position\":2,\"name\":\"Ruth Shady: hay que recuperar patrimonio arquitect\u00f3nico de Supe Puerto\"}]},{\"@type\":\"WebSite\",\"@id\":\"https:\\\/\\\/zonacaral.gob.pe\\\/es\\\/#website\",\"url\":\"https:\\\/\\\/zonacaral.gob.pe\\\/es\\\/\",\"name\":\"Zona Caral\",\"description\":\"Investigamos, conservamos y difundimos el patrimonio cultural de la Civilizaci\u00f3n Caral, la m\u00e1s antigua de Am\u00e9rica.\",\"potentialAction\":[{\"@type\":\"SearchAction\",\"target\":{\"@type\":\"EntryPoint\",\"urlTemplate\":\"https:\\\/\\\/zonacaral.gob.pe\\\/es\\\/?s={search_term_string}\"},\"query-input\":{\"@type\":\"PropertyValueSpecification\",\"valueRequired\":true,\"valueName\":\"search_term_string\"}}],\"inLanguage\":\"en-US\"},{\"@type\":\"Person\",\"@id\":\"https:\\\/\\\/zonacaral.gob.pe\\\/es\\\/#\\\/schema\\\/person\\\/beddb4d22f71a7230c5b90913270a0ee\",\"name\":\"Zona Caral Administrador\",\"image\":{\"@type\":\"ImageObject\",\"inLanguage\":\"en-US\",\"@id\":\"https:\\\/\\\/secure.gravatar.com\\\/avatar\\\/e4be162918a696358376de6446614e0f0f4062bdc5d170d6d540ada3d8b58c12?s=96&d=mm&r=g\",\"url\":\"https:\\\/\\\/secure.gravatar.com\\\/avatar\\\/e4be162918a696358376de6446614e0f0f4062bdc5d170d6d540ada3d8b58c12?s=96&d=mm&r=g\",\"contentUrl\":\"https:\\\/\\\/secure.gravatar.com\\\/avatar\\\/e4be162918a696358376de6446614e0f0f4062bdc5d170d6d540ada3d8b58c12?s=96&d=mm&r=g\",\"caption\":\"Zona Caral Administrador\"},\"sameAs\":[\"https:\\\/\\\/zonacaral.gob.pe\"],\"url\":\"https:\\\/\\\/zonacaral.gob.pe\\\/en\\\/noticias\\\/author\\\/ad_zonacaral\\\/\"}]}<\/script>\n<!-- \/ Yoast SEO plugin. -->","yoast_head_json":{"title":"Ruth Shady: hay que recuperar patrimonio arquitect\u00f3nico de Supe Puerto","description":"En \u00c1spero, la ciudad pesquera de Caral, situada en el valle de Supe, provincia de Barranca, regi\u00f3n Lima, en recientes investigaciones se hall\u00f3 una ofrenda compuesta por siete objetos denominados \u201cOjos de Dios\u201d, plumas de guacamayo, algod\u00f3n ,cuentas de spondylus y crisocola.","robots":{"index":"index","follow":"follow","max-snippet":"max-snippet:-1","max-image-preview":"max-image-preview:large","max-video-preview":"max-video-preview:-1"},"canonical":"https:\/\/zonacaral.gob.pe\/en\/noticias\/ruth-shady-hay-que-recuperar-patrimonio-arquitectonico-de-supe-puerto\/","og_locale":"en_US","og_type":"article","og_title":"Ruth Shady: hay que recuperar patrimonio arquitect\u00f3nico de Supe Puerto","og_description":"En \u00c1spero, la ciudad pesquera de Caral, situada en el valle de Supe, provincia de Barranca, regi\u00f3n Lima, en recientes investigaciones se hall\u00f3 una ofrenda compuesta por siete objetos denominados \u201cOjos de Dios\u201d, plumas de guacamayo, algod\u00f3n ,cuentas de spondylus y crisocola.","og_url":"https:\/\/zonacaral.gob.pe\/en\/noticias\/ruth-shady-hay-que-recuperar-patrimonio-arquitectonico-de-supe-puerto\/","og_site_name":"Zona Caral","article_published_time":"2018-04-19T18:00:08+00:00","og_image":[{"width":800,"height":533,"url":"https:\/\/zonacaral.gob.pe\/wp-content\/uploads\/2018\/04\/ruth-shady-supe-puerto-00.jpg","type":"image\/jpeg"}],"author":"Zona Caral Administrador","twitter_card":"summary_large_image","twitter_misc":{"Written by":"Zona Caral Administrador","Est. reading time":"3 minutes"},"schema":{"@context":"https:\/\/schema.org","@graph":[{"@type":"Article","@id":"https:\/\/zonacaral.gob.pe\/es\/noticias\/ruth-shady-hay-que-recuperar-patrimonio-arquitectonico-de-supe-puerto\/#article","isPartOf":{"@id":"https:\/\/zonacaral.gob.pe\/es\/noticias\/ruth-shady-hay-que-recuperar-patrimonio-arquitectonico-de-supe-puerto\/"},"author":{"name":"Zona Caral Administrador","@id":"https:\/\/zonacaral.gob.pe\/es\/#\/schema\/person\/beddb4d22f71a7230c5b90913270a0ee"},"headline":"Ruth Shady: hay que recuperar patrimonio arquitect\u00f3nico de Supe Puerto","datePublished":"2018-04-19T18:00:08+00:00","mainEntityOfPage":{"@id":"https:\/\/zonacaral.gob.pe\/es\/noticias\/ruth-shady-hay-que-recuperar-patrimonio-arquitectonico-de-supe-puerto\/"},"wordCount":656,"image":{"@id":"https:\/\/zonacaral.gob.pe\/es\/noticias\/ruth-shady-hay-que-recuperar-patrimonio-arquitectonico-de-supe-puerto\/#primaryimage"},"thumbnailUrl":"https:\/\/zonacaral.gob.pe\/wp-content\/uploads\/2018\/04\/ruth-shady-supe-puerto-00.jpg","keywords":["aniversario","Aspero","ojos de dios","supe puerto"],"articleSection":["noticias"],"inLanguage":"en-US"},{"@type":"WebPage","@id":"https:\/\/zonacaral.gob.pe\/es\/noticias\/ruth-shady-hay-que-recuperar-patrimonio-arquitectonico-de-supe-puerto\/","url":"https:\/\/zonacaral.gob.pe\/es\/noticias\/ruth-shady-hay-que-recuperar-patrimonio-arquitectonico-de-supe-puerto\/","name":"Ruth Shady: hay que recuperar patrimonio arquitect\u00f3nico de Supe Puerto","isPartOf":{"@id":"https:\/\/zonacaral.gob.pe\/es\/#website"},"primaryImageOfPage":{"@id":"https:\/\/zonacaral.gob.pe\/es\/noticias\/ruth-shady-hay-que-recuperar-patrimonio-arquitectonico-de-supe-puerto\/#primaryimage"},"image":{"@id":"https:\/\/zonacaral.gob.pe\/es\/noticias\/ruth-shady-hay-que-recuperar-patrimonio-arquitectonico-de-supe-puerto\/#primaryimage"},"thumbnailUrl":"https:\/\/zonacaral.gob.pe\/wp-content\/uploads\/2018\/04\/ruth-shady-supe-puerto-00.jpg","datePublished":"2018-04-19T18:00:08+00:00","author":{"@id":"https:\/\/zonacaral.gob.pe\/es\/#\/schema\/person\/beddb4d22f71a7230c5b90913270a0ee"},"description":"En \u00c1spero, la ciudad pesquera de Caral, situada en el valle de Supe, provincia de Barranca, regi\u00f3n Lima, en recientes investigaciones se hall\u00f3 una ofrenda compuesta por siete objetos denominados \u201cOjos de Dios\u201d, plumas de guacamayo, algod\u00f3n ,cuentas de spondylus y crisocola.","breadcrumb":{"@id":"https:\/\/zonacaral.gob.pe\/es\/noticias\/ruth-shady-hay-que-recuperar-patrimonio-arquitectonico-de-supe-puerto\/#breadcrumb"},"inLanguage":"en-US","potentialAction":[{"@type":"ReadAction","target":["https:\/\/zonacaral.gob.pe\/es\/noticias\/ruth-shady-hay-que-recuperar-patrimonio-arquitectonico-de-supe-puerto\/"]}]},{"@type":"ImageObject","inLanguage":"en-US","@id":"https:\/\/zonacaral.gob.pe\/es\/noticias\/ruth-shady-hay-que-recuperar-patrimonio-arquitectonico-de-supe-puerto\/#primaryimage","url":"https:\/\/zonacaral.gob.pe\/wp-content\/uploads\/2018\/04\/ruth-shady-supe-puerto-00.jpg","contentUrl":"https:\/\/zonacaral.gob.pe\/wp-content\/uploads\/2018\/04\/ruth-shady-supe-puerto-00.jpg","width":800,"height":533},{"@type":"BreadcrumbList","@id":"https:\/\/zonacaral.gob.pe\/es\/noticias\/ruth-shady-hay-que-recuperar-patrimonio-arquitectonico-de-supe-puerto\/#breadcrumb","itemListElement":[{"@type":"ListItem","position":1,"name":"Portada","item":"https:\/\/zonacaral.gob.pe\/"},{"@type":"ListItem","position":2,"name":"Ruth Shady: hay que recuperar patrimonio arquitect\u00f3nico de Supe Puerto"}]},{"@type":"WebSite","@id":"https:\/\/zonacaral.gob.pe\/es\/#website","url":"https:\/\/zonacaral.gob.pe\/es\/","name":"Zona Caral","description":"Investigamos, conservamos y difundimos el patrimonio cultural de la Civilizaci\u00f3n Caral, la m\u00e1s antigua de Am\u00e9rica.","potentialAction":[{"@type":"SearchAction","target":{"@type":"EntryPoint","urlTemplate":"https:\/\/zonacaral.gob.pe\/es\/?s={search_term_string}"},"query-input":{"@type":"PropertyValueSpecification","valueRequired":true,"valueName":"search_term_string"}}],"inLanguage":"en-US"},{"@type":"Person","@id":"https:\/\/zonacaral.gob.pe\/es\/#\/schema\/person\/beddb4d22f71a7230c5b90913270a0ee","name":"Zona Caral Administrador","image":{"@type":"ImageObject","inLanguage":"en-US","@id":"https:\/\/secure.gravatar.com\/avatar\/e4be162918a696358376de6446614e0f0f4062bdc5d170d6d540ada3d8b58c12?s=96&d=mm&r=g","url":"https:\/\/secure.gravatar.com\/avatar\/e4be162918a696358376de6446614e0f0f4062bdc5d170d6d540ada3d8b58c12?s=96&d=mm&r=g","contentUrl":"https:\/\/secure.gravatar.com\/avatar\/e4be162918a696358376de6446614e0f0f4062bdc5d170d6d540ada3d8b58c12?s=96&d=mm&r=g","caption":"Zona Caral Administrador"},"sameAs":["https:\/\/zonacaral.gob.pe"],"url":"https:\/\/zonacaral.gob.pe\/en\/noticias\/author\/ad_zonacaral\/"}]}},"_links":{"self":[{"href":"https:\/\/zonacaral.gob.pe\/en\/wp-json\/wp\/v2\/posts\/12513","targetHints":{"allow":["GET"]}}],"collection":[{"href":"https:\/\/zonacaral.gob.pe\/en\/wp-json\/wp\/v2\/posts"}],"about":[{"href":"https:\/\/zonacaral.gob.pe\/en\/wp-json\/wp\/v2\/types\/post"}],"author":[{"embeddable":true,"href":"https:\/\/zonacaral.gob.pe\/en\/wp-json\/wp\/v2\/users\/1"}],"replies":[{"embeddable":true,"href":"https:\/\/zonacaral.gob.pe\/en\/wp-json\/wp\/v2\/comments?post=12513"}],"version-history":[{"count":0,"href":"https:\/\/zonacaral.gob.pe\/en\/wp-json\/wp\/v2\/posts\/12513\/revisions"}],"wp:featuredmedia":[{"embeddable":true,"href":"https:\/\/zonacaral.gob.pe\/en\/wp-json\/wp\/v2\/media\/12515"}],"wp:attachment":[{"href":"https:\/\/zonacaral.gob.pe\/en\/wp-json\/wp\/v2\/media?parent=12513"}],"wp:term":[{"taxonomy":"category","embeddable":true,"href":"https:\/\/zonacaral.gob.pe\/en\/wp-json\/wp\/v2\/categories?post=12513"},{"taxonomy":"post_tag","embeddable":true,"href":"https:\/\/zonacaral.gob.pe\/en\/wp-json\/wp\/v2\/tags?post=12513"}],"curies":[{"name":"wp","href":"https:\/\/api.w.org\/{rel}","templated":true}]}}