{"id":12521,"date":"2018-04-19T19:16:54","date_gmt":"2018-04-20T00:16:54","guid":{"rendered":"http:\/\/www.zonacaral.gob.pe\/?p=12521"},"modified":"2018-04-19T19:16:54","modified_gmt":"2018-04-20T00:16:54","slug":"presentamos-un-nuevo-hallazgo-en-aspero-los-ojos-de-dios","status":"publish","type":"post","link":"https:\/\/zonacaral.gob.pe\/en\/noticias\/presentamos-un-nuevo-hallazgo-en-aspero-los-ojos-de-dios\/","title":{"rendered":"Presentamos un nuevo hallazgo en \u00c1spero: \u201cLos Ojos de Dios\u201d"},"content":{"rendered":"<figure class=\"pic-autor\" style=\"color: #4d4d4d; text-align: justify;\"><\/figure>\n<blockquote>\n<p style=\"text-align: justify;\">El hallazgo de ofrendas en \u00c1spero, de costa, sierra y selva; asimismo, de materiales provenientes de las aguas ecuatoriales, evidencian relaciones interculturales en condiciones de paz. Ser\u00eda un modelo ancestral de interacci\u00f3n intercultural para la integraci\u00f3n americana.<\/p>\n<\/blockquote>\n<p>En conferencia de prensa, la Dra. Ruth Shady, directora de la Zona Arqueol\u00f3gica Caral, transmiti\u00f3 importantes hallazgos realizados en \u00c1spero, Ciudad Pesquera de la Civilizaci\u00f3n Caral. Destac\u00f3 la ofrenda compuesta por ocho objetos, denominados \u201cOjos de Dios\u201d, plumas de guacamayo, algod\u00f3n y cuentas de spondylus y crisocola.<\/p>\n<p>Hallazgos que evidencian la interacci\u00f3n e intercambio que hubo entre los pueblos del litoral, la sierra y la Amazon\u00eda; as\u00ed como tambi\u00e9n con aquellos de la costa ecuatorial, en condiciones de paz para beneficio compartido. Relaciones que superaron las diferencias sociales, culturales y ling\u00fc\u00edsticas; y promovieron el desarrollo.<\/p>\n<p>Los \u201cOjos de Dios\u201d est\u00e1n conformados por dos ramitas (generalmente de sauce o carricillo) en forma de cruz, que serv\u00edan como estructura de soporte de un tejido con hilos de algod\u00f3n, de diferentes colores, que plasmaban un dise\u00f1o romboidal conc\u00e9ntrico.<\/p>\n<p>Icono que, si bien ha sido recuperado en varios asentamientos de la Civilizaci\u00f3n Caral, han sido encontrados en mayor n\u00famero en \u00c1spero y continuaron siendo usados por su significado simb\u00f3lico a trav\u00e9s del proceso cultural andino y hasta el presente.<\/p>\n<h3>EN LA ACTUALIDAD<\/h3>\n<p>Han sido identificados tanto entre los Pano de las cabeceras del Ucayali, como los Cashibo (que los denominan basim\u00ebti) y los Shipibo. Fuera del Per\u00fa, los utilizan los Cuna del sur de Panam\u00e1, los Wix\u00e1rikas (Huicholes) de la Sierra Madre Occidental de M\u00e9xico (que los llaman <em>sikuli<\/em>) y los Navajo en el suroeste norteamericano.<\/p>\n<p>Simb\u00f3licamente, las poblaciones actuales relacionan estas cruces con hilos con los puntos cardinales, la puerta o centro del cielo, la sabidur\u00eda y clarividencia, o la protecci\u00f3n. Por lo mencionado, los \u201cOjos de Dios\u201d pueden ser portados por gobernantes, iniciados o infantes. En todos los casos, forman parte de rituales por su connotaci\u00f3n simb\u00f3lica.<\/p>\n<p><a href=\"http:\/\/www.zonacaral.gob.pe\/wp-content\/uploads\/2018\/04\/INFOGRAFIA-WEB-OJO-DE-DIO.jpg\"><img decoding=\"async\" class=\"alignnone wp-image-12528 size-full\" src=\"http:\/\/www.zonacaral.gob.pe\/wp-content\/uploads\/2018\/04\/INFOGRAFIA-WEB-OJO-DE-DIO.jpg\" alt=\"Infograf\u00eda: Los &quot;Ojos de Dios de \u00c1spero&quot;\" width=\"100%\" srcset=\"https:\/\/zonacaral.gob.pe\/wp-content\/uploads\/2018\/04\/INFOGRAFIA-WEB-OJO-DE-DIO.jpg 1568w, https:\/\/zonacaral.gob.pe\/wp-content\/uploads\/2018\/04\/INFOGRAFIA-WEB-OJO-DE-DIO-235x300.jpg 235w, https:\/\/zonacaral.gob.pe\/wp-content\/uploads\/2018\/04\/INFOGRAFIA-WEB-OJO-DE-DIO-803x1024.jpg 803w, https:\/\/zonacaral.gob.pe\/wp-content\/uploads\/2018\/04\/INFOGRAFIA-WEB-OJO-DE-DIO-768x980.jpg 768w, https:\/\/zonacaral.gob.pe\/wp-content\/uploads\/2018\/04\/INFOGRAFIA-WEB-OJO-DE-DIO-1204x1536.jpg 1204w\" sizes=\"(max-width: 1568px) 100vw, 1568px\" \/><\/a><\/p>\n<p style=\"text-align: justify;\"><strong style=\"color: #993300;\">Fuen<span style=\"color: #993300;\">te: Prensa ZAC<\/span><\/strong><\/p>\n<div style=\"color: #1f1f1f;\">\n<p style=\"text-align: justify;\">Fecha de publicaci\u00f3n: 19\/04\/2018<\/p>\n<\/div>","protected":false},"excerpt":{"rendered":"<p>El hallazgo de ofrendas en \u00c1spero, de costa, sierra y selva; asimismo, de materiales provenientes de las aguas ecuatoriales, evidencian [&hellip;]<\/p>\n","protected":false},"author":1,"featured_media":12523,"comment_status":"closed","ping_status":"open","sticky":false,"template":"","format":"standard","meta":{"_acf_changed":false,"site-sidebar-layout":"default","site-content-layout":"","ast-site-content-layout":"default","site-content-style":"default","site-sidebar-style":"default","ast-global-header-display":"","ast-banner-title-visibility":"","ast-main-header-display":"","ast-hfb-above-header-display":"","ast-hfb-below-header-display":"","ast-hfb-mobile-header-display":"","site-post-title":"","ast-breadcrumbs-content":"","ast-featured-img":"","footer-sml-layout":"","ast-disable-related-posts":"","theme-transparent-header-meta":"","adv-header-id-meta":"","stick-header-meta":"","header-above-stick-meta":"","header-main-stick-meta":"","header-below-stick-meta":"","astra-migrate-meta-layouts":"default","ast-page-background-enabled":"default","ast-page-background-meta":{"desktop":{"background-color":"var(--ast-global-color-5)","background-image":"","background-repeat":"repeat","background-position":"center center","background-size":"auto","background-attachment":"scroll","background-type":"","background-media":"","overlay-type":"","overlay-color":"","overlay-opacity":"","overlay-gradient":""},"tablet":{"background-color":"","background-image":"","background-repeat":"repeat","background-position":"center center","background-size":"auto","background-attachment":"scroll","background-type":"","background-media":"","overlay-type":"","overlay-color":"","overlay-opacity":"","overlay-gradient":""},"mobile":{"background-color":"","background-image":"","background-repeat":"repeat","background-position":"center center","background-size":"auto","background-attachment":"scroll","background-type":"","background-media":"","overlay-type":"","overlay-color":"","overlay-opacity":"","overlay-gradient":""}},"ast-content-background-meta":{"desktop":{"background-color":"var(--ast-global-color-4)","background-image":"","background-repeat":"repeat","background-position":"center center","background-size":"auto","background-attachment":"scroll","background-type":"","background-media":"","overlay-type":"","overlay-color":"","overlay-opacity":"","overlay-gradient":""},"tablet":{"background-color":"var(--ast-global-color-4)","background-image":"","background-repeat":"repeat","background-position":"center center","background-size":"auto","background-attachment":"scroll","background-type":"","background-media":"","overlay-type":"","overlay-color":"","overlay-opacity":"","overlay-gradient":""},"mobile":{"background-color":"var(--ast-global-color-4)","background-image":"","background-repeat":"repeat","background-position":"center center","background-size":"auto","background-attachment":"scroll","background-type":"","background-media":"","overlay-type":"","overlay-color":"","overlay-opacity":"","overlay-gradient":""}},"footnotes":""},"categories":[208],"tags":[63,55,159,158],"class_list":["post-12521","post","type-post","status-publish","format-standard","has-post-thumbnail","hentry","category-noticias","tag-aspero","tag-caral","tag-hallazgo","tag-ojos-de-dios"],"acf":[],"yoast_head":"<!-- This site is optimized with the Yoast SEO plugin v27.3 - https:\/\/yoast.com\/product\/yoast-seo-wordpress\/ -->\n<title>Presentamos un nuevo hallazgo en \u00c1spero: \u201cLos Ojos de Dios\u201d<\/title>\n<meta name=\"description\" content=\"El hallazgo de ofrendas en \u00c1spero, de costa, sierra y selva; asimismo, de materiales provenientes de las aguas ecuatoriales, evidencian relaciones interculturales en condiciones de paz. Ser\u00eda un modelo ancestral de interacci\u00f3n intercultural para la integraci\u00f3n americana.\" \/>\n<meta name=\"robots\" content=\"index, follow, max-snippet:-1, max-image-preview:large, max-video-preview:-1\" \/>\n<link rel=\"canonical\" href=\"https:\/\/zonacaral.gob.pe\/en\/noticias\/presentamos-un-nuevo-hallazgo-en-aspero-los-ojos-de-dios\/\" \/>\n<meta property=\"og:locale\" content=\"en_US\" \/>\n<meta property=\"og:type\" content=\"article\" \/>\n<meta property=\"og:title\" content=\"Presentamos un nuevo hallazgo en \u00c1spero: \u201cLos Ojos de Dios\u201d\" \/>\n<meta property=\"og:description\" content=\"El hallazgo de ofrendas en \u00c1spero, de costa, sierra y selva; asimismo, de materiales provenientes de las aguas ecuatoriales, evidencian relaciones interculturales en condiciones de paz. Ser\u00eda un modelo ancestral de interacci\u00f3n intercultural para la integraci\u00f3n americana.\" \/>\n<meta property=\"og:url\" content=\"https:\/\/zonacaral.gob.pe\/en\/noticias\/presentamos-un-nuevo-hallazgo-en-aspero-los-ojos-de-dios\/\" \/>\n<meta property=\"og:site_name\" content=\"Zona Caral\" \/>\n<meta property=\"article:published_time\" content=\"2018-04-20T00:16:54+00:00\" \/>\n<meta property=\"og:image\" content=\"https:\/\/zonacaral.gob.pe\/wp-content\/uploads\/2018\/04\/ojos-de-dios.jpg\" \/>\n\t<meta property=\"og:image:width\" content=\"900\" \/>\n\t<meta property=\"og:image:height\" content=\"663\" \/>\n\t<meta property=\"og:image:type\" content=\"image\/jpeg\" \/>\n<meta name=\"author\" content=\"Zona Caral Administrador\" \/>\n<meta name=\"twitter:card\" content=\"summary_large_image\" \/>\n<meta name=\"twitter:label1\" content=\"Written by\" \/>\n\t<meta name=\"twitter:data1\" content=\"Zona Caral Administrador\" \/>\n\t<meta name=\"twitter:label2\" content=\"Est. reading time\" \/>\n\t<meta name=\"twitter:data2\" content=\"2 minutes\" \/>\n<script type=\"application\/ld+json\" class=\"yoast-schema-graph\">{\"@context\":\"https:\\\/\\\/schema.org\",\"@graph\":[{\"@type\":\"Article\",\"@id\":\"https:\\\/\\\/zonacaral.gob.pe\\\/es\\\/noticias\\\/presentamos-un-nuevo-hallazgo-en-aspero-los-ojos-de-dios\\\/#article\",\"isPartOf\":{\"@id\":\"https:\\\/\\\/zonacaral.gob.pe\\\/es\\\/noticias\\\/presentamos-un-nuevo-hallazgo-en-aspero-los-ojos-de-dios\\\/\"},\"author\":{\"name\":\"Zona Caral Administrador\",\"@id\":\"https:\\\/\\\/zonacaral.gob.pe\\\/es\\\/#\\\/schema\\\/person\\\/beddb4d22f71a7230c5b90913270a0ee\"},\"headline\":\"Presentamos un nuevo hallazgo en \u00c1spero: \u201cLos Ojos de Dios\u201d\",\"datePublished\":\"2018-04-20T00:16:54+00:00\",\"mainEntityOfPage\":{\"@id\":\"https:\\\/\\\/zonacaral.gob.pe\\\/es\\\/noticias\\\/presentamos-un-nuevo-hallazgo-en-aspero-los-ojos-de-dios\\\/\"},\"wordCount\":366,\"image\":{\"@id\":\"https:\\\/\\\/zonacaral.gob.pe\\\/es\\\/noticias\\\/presentamos-un-nuevo-hallazgo-en-aspero-los-ojos-de-dios\\\/#primaryimage\"},\"thumbnailUrl\":\"https:\\\/\\\/zonacaral.gob.pe\\\/wp-content\\\/uploads\\\/2018\\\/04\\\/ojos-de-dios.jpg\",\"keywords\":[\"Aspero\",\"caral\",\"hallazgo\",\"ojos de dios\"],\"articleSection\":[\"noticias\"],\"inLanguage\":\"en-US\"},{\"@type\":\"WebPage\",\"@id\":\"https:\\\/\\\/zonacaral.gob.pe\\\/es\\\/noticias\\\/presentamos-un-nuevo-hallazgo-en-aspero-los-ojos-de-dios\\\/\",\"url\":\"https:\\\/\\\/zonacaral.gob.pe\\\/es\\\/noticias\\\/presentamos-un-nuevo-hallazgo-en-aspero-los-ojos-de-dios\\\/\",\"name\":\"Presentamos un nuevo hallazgo en \u00c1spero: \u201cLos Ojos de Dios\u201d\",\"isPartOf\":{\"@id\":\"https:\\\/\\\/zonacaral.gob.pe\\\/es\\\/#website\"},\"primaryImageOfPage\":{\"@id\":\"https:\\\/\\\/zonacaral.gob.pe\\\/es\\\/noticias\\\/presentamos-un-nuevo-hallazgo-en-aspero-los-ojos-de-dios\\\/#primaryimage\"},\"image\":{\"@id\":\"https:\\\/\\\/zonacaral.gob.pe\\\/es\\\/noticias\\\/presentamos-un-nuevo-hallazgo-en-aspero-los-ojos-de-dios\\\/#primaryimage\"},\"thumbnailUrl\":\"https:\\\/\\\/zonacaral.gob.pe\\\/wp-content\\\/uploads\\\/2018\\\/04\\\/ojos-de-dios.jpg\",\"datePublished\":\"2018-04-20T00:16:54+00:00\",\"author\":{\"@id\":\"https:\\\/\\\/zonacaral.gob.pe\\\/es\\\/#\\\/schema\\\/person\\\/beddb4d22f71a7230c5b90913270a0ee\"},\"description\":\"El hallazgo de ofrendas en \u00c1spero, de costa, sierra y selva; asimismo, de materiales provenientes de las aguas ecuatoriales, evidencian relaciones interculturales en condiciones de paz. Ser\u00eda un modelo ancestral de interacci\u00f3n intercultural para la integraci\u00f3n americana.\",\"breadcrumb\":{\"@id\":\"https:\\\/\\\/zonacaral.gob.pe\\\/es\\\/noticias\\\/presentamos-un-nuevo-hallazgo-en-aspero-los-ojos-de-dios\\\/#breadcrumb\"},\"inLanguage\":\"en-US\",\"potentialAction\":[{\"@type\":\"ReadAction\",\"target\":[\"https:\\\/\\\/zonacaral.gob.pe\\\/es\\\/noticias\\\/presentamos-un-nuevo-hallazgo-en-aspero-los-ojos-de-dios\\\/\"]}]},{\"@type\":\"ImageObject\",\"inLanguage\":\"en-US\",\"@id\":\"https:\\\/\\\/zonacaral.gob.pe\\\/es\\\/noticias\\\/presentamos-un-nuevo-hallazgo-en-aspero-los-ojos-de-dios\\\/#primaryimage\",\"url\":\"https:\\\/\\\/zonacaral.gob.pe\\\/wp-content\\\/uploads\\\/2018\\\/04\\\/ojos-de-dios.jpg\",\"contentUrl\":\"https:\\\/\\\/zonacaral.gob.pe\\\/wp-content\\\/uploads\\\/2018\\\/04\\\/ojos-de-dios.jpg\",\"width\":900,\"height\":663},{\"@type\":\"BreadcrumbList\",\"@id\":\"https:\\\/\\\/zonacaral.gob.pe\\\/es\\\/noticias\\\/presentamos-un-nuevo-hallazgo-en-aspero-los-ojos-de-dios\\\/#breadcrumb\",\"itemListElement\":[{\"@type\":\"ListItem\",\"position\":1,\"name\":\"Portada\",\"item\":\"https:\\\/\\\/zonacaral.gob.pe\\\/\"},{\"@type\":\"ListItem\",\"position\":2,\"name\":\"Presentamos un nuevo hallazgo en \u00c1spero: \u201cLos Ojos de Dios\u201d\"}]},{\"@type\":\"WebSite\",\"@id\":\"https:\\\/\\\/zonacaral.gob.pe\\\/es\\\/#website\",\"url\":\"https:\\\/\\\/zonacaral.gob.pe\\\/es\\\/\",\"name\":\"Zona Caral\",\"description\":\"Investigamos, conservamos y difundimos el patrimonio cultural de la Civilizaci\u00f3n Caral, la m\u00e1s antigua de Am\u00e9rica.\",\"potentialAction\":[{\"@type\":\"SearchAction\",\"target\":{\"@type\":\"EntryPoint\",\"urlTemplate\":\"https:\\\/\\\/zonacaral.gob.pe\\\/es\\\/?s={search_term_string}\"},\"query-input\":{\"@type\":\"PropertyValueSpecification\",\"valueRequired\":true,\"valueName\":\"search_term_string\"}}],\"inLanguage\":\"en-US\"},{\"@type\":\"Person\",\"@id\":\"https:\\\/\\\/zonacaral.gob.pe\\\/es\\\/#\\\/schema\\\/person\\\/beddb4d22f71a7230c5b90913270a0ee\",\"name\":\"Zona Caral Administrador\",\"image\":{\"@type\":\"ImageObject\",\"inLanguage\":\"en-US\",\"@id\":\"https:\\\/\\\/secure.gravatar.com\\\/avatar\\\/e4be162918a696358376de6446614e0f0f4062bdc5d170d6d540ada3d8b58c12?s=96&d=mm&r=g\",\"url\":\"https:\\\/\\\/secure.gravatar.com\\\/avatar\\\/e4be162918a696358376de6446614e0f0f4062bdc5d170d6d540ada3d8b58c12?s=96&d=mm&r=g\",\"contentUrl\":\"https:\\\/\\\/secure.gravatar.com\\\/avatar\\\/e4be162918a696358376de6446614e0f0f4062bdc5d170d6d540ada3d8b58c12?s=96&d=mm&r=g\",\"caption\":\"Zona Caral Administrador\"},\"sameAs\":[\"https:\\\/\\\/zonacaral.gob.pe\"],\"url\":\"https:\\\/\\\/zonacaral.gob.pe\\\/en\\\/noticias\\\/author\\\/ad_zonacaral\\\/\"}]}<\/script>\n<!-- \/ Yoast SEO plugin. -->","yoast_head_json":{"title":"Presentamos un nuevo hallazgo en \u00c1spero: \u201cLos Ojos de Dios\u201d","description":"El hallazgo de ofrendas en \u00c1spero, de costa, sierra y selva; asimismo, de materiales provenientes de las aguas ecuatoriales, evidencian relaciones interculturales en condiciones de paz. Ser\u00eda un modelo ancestral de interacci\u00f3n intercultural para la integraci\u00f3n americana.","robots":{"index":"index","follow":"follow","max-snippet":"max-snippet:-1","max-image-preview":"max-image-preview:large","max-video-preview":"max-video-preview:-1"},"canonical":"https:\/\/zonacaral.gob.pe\/en\/noticias\/presentamos-un-nuevo-hallazgo-en-aspero-los-ojos-de-dios\/","og_locale":"en_US","og_type":"article","og_title":"Presentamos un nuevo hallazgo en \u00c1spero: \u201cLos Ojos de Dios\u201d","og_description":"El hallazgo de ofrendas en \u00c1spero, de costa, sierra y selva; asimismo, de materiales provenientes de las aguas ecuatoriales, evidencian relaciones interculturales en condiciones de paz. Ser\u00eda un modelo ancestral de interacci\u00f3n intercultural para la integraci\u00f3n americana.","og_url":"https:\/\/zonacaral.gob.pe\/en\/noticias\/presentamos-un-nuevo-hallazgo-en-aspero-los-ojos-de-dios\/","og_site_name":"Zona Caral","article_published_time":"2018-04-20T00:16:54+00:00","og_image":[{"width":900,"height":663,"url":"https:\/\/zonacaral.gob.pe\/wp-content\/uploads\/2018\/04\/ojos-de-dios.jpg","type":"image\/jpeg"}],"author":"Zona Caral Administrador","twitter_card":"summary_large_image","twitter_misc":{"Written by":"Zona Caral Administrador","Est. reading time":"2 minutes"},"schema":{"@context":"https:\/\/schema.org","@graph":[{"@type":"Article","@id":"https:\/\/zonacaral.gob.pe\/es\/noticias\/presentamos-un-nuevo-hallazgo-en-aspero-los-ojos-de-dios\/#article","isPartOf":{"@id":"https:\/\/zonacaral.gob.pe\/es\/noticias\/presentamos-un-nuevo-hallazgo-en-aspero-los-ojos-de-dios\/"},"author":{"name":"Zona Caral Administrador","@id":"https:\/\/zonacaral.gob.pe\/es\/#\/schema\/person\/beddb4d22f71a7230c5b90913270a0ee"},"headline":"Presentamos un nuevo hallazgo en \u00c1spero: \u201cLos Ojos de Dios\u201d","datePublished":"2018-04-20T00:16:54+00:00","mainEntityOfPage":{"@id":"https:\/\/zonacaral.gob.pe\/es\/noticias\/presentamos-un-nuevo-hallazgo-en-aspero-los-ojos-de-dios\/"},"wordCount":366,"image":{"@id":"https:\/\/zonacaral.gob.pe\/es\/noticias\/presentamos-un-nuevo-hallazgo-en-aspero-los-ojos-de-dios\/#primaryimage"},"thumbnailUrl":"https:\/\/zonacaral.gob.pe\/wp-content\/uploads\/2018\/04\/ojos-de-dios.jpg","keywords":["Aspero","caral","hallazgo","ojos de dios"],"articleSection":["noticias"],"inLanguage":"en-US"},{"@type":"WebPage","@id":"https:\/\/zonacaral.gob.pe\/es\/noticias\/presentamos-un-nuevo-hallazgo-en-aspero-los-ojos-de-dios\/","url":"https:\/\/zonacaral.gob.pe\/es\/noticias\/presentamos-un-nuevo-hallazgo-en-aspero-los-ojos-de-dios\/","name":"Presentamos un nuevo hallazgo en \u00c1spero: \u201cLos Ojos de Dios\u201d","isPartOf":{"@id":"https:\/\/zonacaral.gob.pe\/es\/#website"},"primaryImageOfPage":{"@id":"https:\/\/zonacaral.gob.pe\/es\/noticias\/presentamos-un-nuevo-hallazgo-en-aspero-los-ojos-de-dios\/#primaryimage"},"image":{"@id":"https:\/\/zonacaral.gob.pe\/es\/noticias\/presentamos-un-nuevo-hallazgo-en-aspero-los-ojos-de-dios\/#primaryimage"},"thumbnailUrl":"https:\/\/zonacaral.gob.pe\/wp-content\/uploads\/2018\/04\/ojos-de-dios.jpg","datePublished":"2018-04-20T00:16:54+00:00","author":{"@id":"https:\/\/zonacaral.gob.pe\/es\/#\/schema\/person\/beddb4d22f71a7230c5b90913270a0ee"},"description":"El hallazgo de ofrendas en \u00c1spero, de costa, sierra y selva; asimismo, de materiales provenientes de las aguas ecuatoriales, evidencian relaciones interculturales en condiciones de paz. Ser\u00eda un modelo ancestral de interacci\u00f3n intercultural para la integraci\u00f3n americana.","breadcrumb":{"@id":"https:\/\/zonacaral.gob.pe\/es\/noticias\/presentamos-un-nuevo-hallazgo-en-aspero-los-ojos-de-dios\/#breadcrumb"},"inLanguage":"en-US","potentialAction":[{"@type":"ReadAction","target":["https:\/\/zonacaral.gob.pe\/es\/noticias\/presentamos-un-nuevo-hallazgo-en-aspero-los-ojos-de-dios\/"]}]},{"@type":"ImageObject","inLanguage":"en-US","@id":"https:\/\/zonacaral.gob.pe\/es\/noticias\/presentamos-un-nuevo-hallazgo-en-aspero-los-ojos-de-dios\/#primaryimage","url":"https:\/\/zonacaral.gob.pe\/wp-content\/uploads\/2018\/04\/ojos-de-dios.jpg","contentUrl":"https:\/\/zonacaral.gob.pe\/wp-content\/uploads\/2018\/04\/ojos-de-dios.jpg","width":900,"height":663},{"@type":"BreadcrumbList","@id":"https:\/\/zonacaral.gob.pe\/es\/noticias\/presentamos-un-nuevo-hallazgo-en-aspero-los-ojos-de-dios\/#breadcrumb","itemListElement":[{"@type":"ListItem","position":1,"name":"Portada","item":"https:\/\/zonacaral.gob.pe\/"},{"@type":"ListItem","position":2,"name":"Presentamos un nuevo hallazgo en \u00c1spero: \u201cLos Ojos de Dios\u201d"}]},{"@type":"WebSite","@id":"https:\/\/zonacaral.gob.pe\/es\/#website","url":"https:\/\/zonacaral.gob.pe\/es\/","name":"Zona Caral","description":"Investigamos, conservamos y difundimos el patrimonio cultural de la Civilizaci\u00f3n Caral, la m\u00e1s antigua de Am\u00e9rica.","potentialAction":[{"@type":"SearchAction","target":{"@type":"EntryPoint","urlTemplate":"https:\/\/zonacaral.gob.pe\/es\/?s={search_term_string}"},"query-input":{"@type":"PropertyValueSpecification","valueRequired":true,"valueName":"search_term_string"}}],"inLanguage":"en-US"},{"@type":"Person","@id":"https:\/\/zonacaral.gob.pe\/es\/#\/schema\/person\/beddb4d22f71a7230c5b90913270a0ee","name":"Zona Caral Administrador","image":{"@type":"ImageObject","inLanguage":"en-US","@id":"https:\/\/secure.gravatar.com\/avatar\/e4be162918a696358376de6446614e0f0f4062bdc5d170d6d540ada3d8b58c12?s=96&d=mm&r=g","url":"https:\/\/secure.gravatar.com\/avatar\/e4be162918a696358376de6446614e0f0f4062bdc5d170d6d540ada3d8b58c12?s=96&d=mm&r=g","contentUrl":"https:\/\/secure.gravatar.com\/avatar\/e4be162918a696358376de6446614e0f0f4062bdc5d170d6d540ada3d8b58c12?s=96&d=mm&r=g","caption":"Zona Caral Administrador"},"sameAs":["https:\/\/zonacaral.gob.pe"],"url":"https:\/\/zonacaral.gob.pe\/en\/noticias\/author\/ad_zonacaral\/"}]}},"_links":{"self":[{"href":"https:\/\/zonacaral.gob.pe\/en\/wp-json\/wp\/v2\/posts\/12521","targetHints":{"allow":["GET"]}}],"collection":[{"href":"https:\/\/zonacaral.gob.pe\/en\/wp-json\/wp\/v2\/posts"}],"about":[{"href":"https:\/\/zonacaral.gob.pe\/en\/wp-json\/wp\/v2\/types\/post"}],"author":[{"embeddable":true,"href":"https:\/\/zonacaral.gob.pe\/en\/wp-json\/wp\/v2\/users\/1"}],"replies":[{"embeddable":true,"href":"https:\/\/zonacaral.gob.pe\/en\/wp-json\/wp\/v2\/comments?post=12521"}],"version-history":[{"count":0,"href":"https:\/\/zonacaral.gob.pe\/en\/wp-json\/wp\/v2\/posts\/12521\/revisions"}],"wp:featuredmedia":[{"embeddable":true,"href":"https:\/\/zonacaral.gob.pe\/en\/wp-json\/wp\/v2\/media\/12523"}],"wp:attachment":[{"href":"https:\/\/zonacaral.gob.pe\/en\/wp-json\/wp\/v2\/media?parent=12521"}],"wp:term":[{"taxonomy":"category","embeddable":true,"href":"https:\/\/zonacaral.gob.pe\/en\/wp-json\/wp\/v2\/categories?post=12521"},{"taxonomy":"post_tag","embeddable":true,"href":"https:\/\/zonacaral.gob.pe\/en\/wp-json\/wp\/v2\/tags?post=12521"}],"curies":[{"name":"wp","href":"https:\/\/api.w.org\/{rel}","templated":true}]}}