{"id":12554,"date":"2018-04-25T18:59:11","date_gmt":"2018-04-25T23:59:11","guid":{"rendered":"http:\/\/www.zonacaral.gob.pe\/?p=12554"},"modified":"2018-04-25T18:59:11","modified_gmt":"2018-04-25T23:59:11","slug":"caral-recibio-la-vista-de-rotary-club-a-traves-de-viajes-educativos","status":"publish","type":"post","link":"https:\/\/zonacaral.gob.pe\/en\/noticias\/caral-recibio-la-vista-de-rotary-club-a-traves-de-viajes-educativos\/","title":{"rendered":"Caral recibi\u00f3 la vista de Rotary Club a trav\u00e9s de Viajes Educativos"},"content":{"rendered":"<figure class=\"pic-autor\" style=\"color: #4d4d4d; text-align: justify;\"><\/figure>\n<p style=\"text-align: justify;\">El \u00faltimo fin de semana un grupo de integrantes del Rotary Club, emprendieron la aventura de conocer Caral, la primera Civilizaci\u00f3n de Am\u00e9rica, con 5,000 a\u00f1os de antig\u00fcedad y reconocida por la UNESCO como Patrimonio Cultural de la Humanidad.<\/p>\n<p style=\"text-align: justify;\">El grupo de turistas, entre peruanos y brasile\u00f1os, partieron desde muy temprano de Lima hacia \u00c1spero, conocida como la Ciudad Pesquera de Caral. En el camino, hicieron su primera parada en el restaurante Delpino, donde degustaron un t\u00edpico desayuno del norte chico: su chicharr\u00f3n con pan y su tamal supano, acompa\u00f1ado de un jugo o taza de caf\u00e9.<\/p>\n<p style=\"text-align: justify;\"><img decoding=\"async\" class=\"alignnone size-full wp-image-12555\" src=\"http:\/\/www.zonacaral.gob.pe\/wp-content\/uploads\/2018\/04\/rotary-club-04.jpg\" alt=\"rotary-club-04\" width=\"100%\" srcset=\"https:\/\/zonacaral.gob.pe\/wp-content\/uploads\/2018\/04\/rotary-club-04.jpg 950w, https:\/\/zonacaral.gob.pe\/wp-content\/uploads\/2018\/04\/rotary-club-04-300x152.jpg 300w, https:\/\/zonacaral.gob.pe\/wp-content\/uploads\/2018\/04\/rotary-club-04-768x389.jpg 768w\" sizes=\"(max-width: 950px) 100vw, 950px\" \/><\/p>\n<p style=\"text-align: justify;\">\u2028Al llegar a \u00c1spero, lo miembros del Rotary Club fueron trasladados hasta el sitio arqueol\u00f3gico, donde hicieron el recorrido por los principales atractivos y terminaron visitando el centro de interpretaci\u00f3n del lugar. Aqu\u00ed aprovecharon para llevarse algunos recuerdos.<\/p>\n<p style=\"text-align: justify;\">\u2028\u2028El \u201cplato de fondo\u201d de su visita, fue llegar a Caral, donde su imponente paisaje en la cual se ven las pir\u00e1mides que se construyeron hace 5,000 mil a\u00f1os, cautiv\u00f3 a nuestros visitantes. El gu\u00edel lugar les hizo un recorrido especial que termin\u00f3 con la recarga de energ\u00edas en la Plazuela de la Huanca.<\/p>\n<p style=\"text-align: justify;\"><img decoding=\"async\" class=\"alignnone size-full wp-image-12557\" src=\"http:\/\/www.zonacaral.gob.pe\/wp-content\/uploads\/2018\/04\/rotary-club-02.jpg\" alt=\"rotary-club-02\" width=\"100%\" srcset=\"https:\/\/zonacaral.gob.pe\/wp-content\/uploads\/2018\/04\/rotary-club-02.jpg 950w, https:\/\/zonacaral.gob.pe\/wp-content\/uploads\/2018\/04\/rotary-club-02-300x152.jpg 300w, https:\/\/zonacaral.gob.pe\/wp-content\/uploads\/2018\/04\/rotary-club-02-768x389.jpg 768w\" sizes=\"(max-width: 950px) 100vw, 950px\" \/><\/p>\n<p style=\"text-align: justify;\">\u2028\u2028Al terminar el recorrido, compartieron en el patio de comidas una suculenta pachamanca de pollo, acompa\u00f1ado de una causa rellena de entrada.<\/p>\n<p style=\"text-align: justify;\">Nuestros visitantes del Rotary Club, quedaron maravillados de estos sitios arqueol\u00f3gicos, \u00fanico en Am\u00e9rica. Sus gestos de alegr\u00eda pod\u00edan m\u00e1s que el cansancio por la caminata y no les perdieron atenci\u00f3n a las explicaciones.<\/p>\n<p style=\"text-align: center;\"><em>\u00a1Gracias por su visita amigos de Rotary Club! \u00a1Regresen pronto!\u00a0<\/em><\/p>\n<h2>DATO<\/h2>\n<p>Si tambi\u00e9n deseas participar de nuestros viajes educativos ingresa al siguiente link: <a href=\"https:\/\/zonacaral.gob.pe\/en\/viajes-educativos\/\">zonacaral.gob.pe\/viajes-educativos<\/a><\/p>\n<p class=\"news-summary\" style=\"font-weight: normal; color: #444444;\"><span style=\"color: #993300;\"><strong style=\"color: #993300;\">Fuente: Prensa ZAC<\/strong><\/span><\/p>\n<div style=\"color: #1f1f1f;\">\n<p style=\"text-align: justify;\">Fecha de publicaci\u00f3n: 25\/04\/2018<\/p>\n<\/div>","protected":false},"excerpt":{"rendered":"<p>El \u00faltimo fin de semana un grupo de integrantes del Rotary Club, emprendieron la aventura de conocer Caral, la primera [&hellip;]<\/p>\n","protected":false},"author":1,"featured_media":12556,"comment_status":"closed","ping_status":"open","sticky":false,"template":"","format":"standard","meta":{"_acf_changed":false,"site-sidebar-layout":"default","site-content-layout":"","ast-site-content-layout":"default","site-content-style":"default","site-sidebar-style":"default","ast-global-header-display":"","ast-banner-title-visibility":"","ast-main-header-display":"","ast-hfb-above-header-display":"","ast-hfb-below-header-display":"","ast-hfb-mobile-header-display":"","site-post-title":"","ast-breadcrumbs-content":"","ast-featured-img":"","footer-sml-layout":"","ast-disable-related-posts":"","theme-transparent-header-meta":"","adv-header-id-meta":"","stick-header-meta":"","header-above-stick-meta":"","header-main-stick-meta":"","header-below-stick-meta":"","astra-migrate-meta-layouts":"default","ast-page-background-enabled":"default","ast-page-background-meta":{"desktop":{"background-color":"var(--ast-global-color-5)","background-image":"","background-repeat":"repeat","background-position":"center center","background-size":"auto","background-attachment":"scroll","background-type":"","background-media":"","overlay-type":"","overlay-color":"","overlay-opacity":"","overlay-gradient":""},"tablet":{"background-color":"","background-image":"","background-repeat":"repeat","background-position":"center center","background-size":"auto","background-attachment":"scroll","background-type":"","background-media":"","overlay-type":"","overlay-color":"","overlay-opacity":"","overlay-gradient":""},"mobile":{"background-color":"","background-image":"","background-repeat":"repeat","background-position":"center center","background-size":"auto","background-attachment":"scroll","background-type":"","background-media":"","overlay-type":"","overlay-color":"","overlay-opacity":"","overlay-gradient":""}},"ast-content-background-meta":{"desktop":{"background-color":"var(--ast-global-color-4)","background-image":"","background-repeat":"repeat","background-position":"center center","background-size":"auto","background-attachment":"scroll","background-type":"","background-media":"","overlay-type":"","overlay-color":"","overlay-opacity":"","overlay-gradient":""},"tablet":{"background-color":"var(--ast-global-color-4)","background-image":"","background-repeat":"repeat","background-position":"center center","background-size":"auto","background-attachment":"scroll","background-type":"","background-media":"","overlay-type":"","overlay-color":"","overlay-opacity":"","overlay-gradient":""},"mobile":{"background-color":"var(--ast-global-color-4)","background-image":"","background-repeat":"repeat","background-position":"center center","background-size":"auto","background-attachment":"scroll","background-type":"","background-media":"","overlay-type":"","overlay-color":"","overlay-opacity":"","overlay-gradient":""}},"footnotes":""},"categories":[208],"tags":[63,55,71],"class_list":["post-12554","post","type-post","status-publish","format-standard","has-post-thumbnail","hentry","category-noticias","tag-aspero","tag-caral","tag-viajes-educativos"],"acf":[],"yoast_head":"<!-- This site is optimized with the Yoast SEO plugin v27.3 - https:\/\/yoast.com\/product\/yoast-seo-wordpress\/ -->\n<title>Caral recibi\u00f3 la vista de Rotary Club a trav\u00e9s de Viajes Educativos<\/title>\n<meta name=\"description\" content=\"El \u00faltimo fin de semana un grupo de integrantes del Rotary Club, emprendieron la aventura de conocer Caral, la primera Civilizaci\u00f3n de Am\u00e9rica, con 5,000 a\u00f1os de antig\u00fcedad y reconocida por la UNESCO como Patrimonio Cultural de la Humanidad.\" \/>\n<meta name=\"robots\" content=\"index, follow, max-snippet:-1, max-image-preview:large, max-video-preview:-1\" \/>\n<link rel=\"canonical\" href=\"https:\/\/zonacaral.gob.pe\/en\/noticias\/caral-recibio-la-vista-de-rotary-club-a-traves-de-viajes-educativos\/\" \/>\n<meta property=\"og:locale\" content=\"en_US\" \/>\n<meta property=\"og:type\" content=\"article\" \/>\n<meta property=\"og:title\" content=\"Caral recibi\u00f3 la vista de Rotary Club a trav\u00e9s de Viajes Educativos\" \/>\n<meta property=\"og:description\" content=\"El \u00faltimo fin de semana un grupo de integrantes del Rotary Club, emprendieron la aventura de conocer Caral, la primera Civilizaci\u00f3n de Am\u00e9rica, con 5,000 a\u00f1os de antig\u00fcedad y reconocida por la UNESCO como Patrimonio Cultural de la Humanidad.\" \/>\n<meta property=\"og:url\" content=\"https:\/\/zonacaral.gob.pe\/en\/noticias\/caral-recibio-la-vista-de-rotary-club-a-traves-de-viajes-educativos\/\" \/>\n<meta property=\"og:site_name\" content=\"Zona Caral\" \/>\n<meta property=\"article:published_time\" content=\"2018-04-25T23:59:11+00:00\" \/>\n<meta property=\"og:image\" content=\"https:\/\/zonacaral.gob.pe\/wp-content\/uploads\/2018\/04\/rotary-club-03.jpg\" \/>\n\t<meta property=\"og:image:width\" content=\"950\" \/>\n\t<meta property=\"og:image:height\" content=\"481\" \/>\n\t<meta property=\"og:image:type\" content=\"image\/jpeg\" \/>\n<meta name=\"author\" content=\"Zona Caral Administrador\" \/>\n<meta name=\"twitter:card\" content=\"summary_large_image\" \/>\n<meta name=\"twitter:label1\" content=\"Written by\" \/>\n\t<meta name=\"twitter:data1\" content=\"Zona Caral Administrador\" \/>\n\t<meta name=\"twitter:label2\" content=\"Est. reading time\" \/>\n\t<meta name=\"twitter:data2\" content=\"1 minute\" \/>\n<script type=\"application\/ld+json\" class=\"yoast-schema-graph\">{\"@context\":\"https:\\\/\\\/schema.org\",\"@graph\":[{\"@type\":\"Article\",\"@id\":\"https:\\\/\\\/zonacaral.gob.pe\\\/en\\\/noticias\\\/caral-recibio-la-vista-de-rotary-club-a-traves-de-viajes-educativos\\\/#article\",\"isPartOf\":{\"@id\":\"https:\\\/\\\/zonacaral.gob.pe\\\/en\\\/noticias\\\/caral-recibio-la-vista-de-rotary-club-a-traves-de-viajes-educativos\\\/\"},\"author\":{\"name\":\"Zona Caral Administrador\",\"@id\":\"https:\\\/\\\/zonacaral.gob.pe\\\/es\\\/#\\\/schema\\\/person\\\/beddb4d22f71a7230c5b90913270a0ee\"},\"headline\":\"Caral recibi\u00f3 la vista de Rotary Club a trav\u00e9s de Viajes Educativos\",\"datePublished\":\"2018-04-25T23:59:11+00:00\",\"mainEntityOfPage\":{\"@id\":\"https:\\\/\\\/zonacaral.gob.pe\\\/en\\\/noticias\\\/caral-recibio-la-vista-de-rotary-club-a-traves-de-viajes-educativos\\\/\"},\"wordCount\":312,\"image\":{\"@id\":\"https:\\\/\\\/zonacaral.gob.pe\\\/en\\\/noticias\\\/caral-recibio-la-vista-de-rotary-club-a-traves-de-viajes-educativos\\\/#primaryimage\"},\"thumbnailUrl\":\"https:\\\/\\\/zonacaral.gob.pe\\\/wp-content\\\/uploads\\\/2018\\\/04\\\/rotary-club-03.jpg\",\"keywords\":[\"Aspero\",\"caral\",\"viajes educativos\"],\"articleSection\":[\"noticias\"],\"inLanguage\":\"en-US\"},{\"@type\":\"WebPage\",\"@id\":\"https:\\\/\\\/zonacaral.gob.pe\\\/en\\\/noticias\\\/caral-recibio-la-vista-de-rotary-club-a-traves-de-viajes-educativos\\\/\",\"url\":\"https:\\\/\\\/zonacaral.gob.pe\\\/en\\\/noticias\\\/caral-recibio-la-vista-de-rotary-club-a-traves-de-viajes-educativos\\\/\",\"name\":\"Caral recibi\u00f3 la vista de Rotary Club a trav\u00e9s de Viajes Educativos\",\"isPartOf\":{\"@id\":\"https:\\\/\\\/zonacaral.gob.pe\\\/es\\\/#website\"},\"primaryImageOfPage\":{\"@id\":\"https:\\\/\\\/zonacaral.gob.pe\\\/en\\\/noticias\\\/caral-recibio-la-vista-de-rotary-club-a-traves-de-viajes-educativos\\\/#primaryimage\"},\"image\":{\"@id\":\"https:\\\/\\\/zonacaral.gob.pe\\\/en\\\/noticias\\\/caral-recibio-la-vista-de-rotary-club-a-traves-de-viajes-educativos\\\/#primaryimage\"},\"thumbnailUrl\":\"https:\\\/\\\/zonacaral.gob.pe\\\/wp-content\\\/uploads\\\/2018\\\/04\\\/rotary-club-03.jpg\",\"datePublished\":\"2018-04-25T23:59:11+00:00\",\"author\":{\"@id\":\"https:\\\/\\\/zonacaral.gob.pe\\\/es\\\/#\\\/schema\\\/person\\\/beddb4d22f71a7230c5b90913270a0ee\"},\"description\":\"El \u00faltimo fin de semana un grupo de integrantes del Rotary Club, emprendieron la aventura de conocer Caral, la primera Civilizaci\u00f3n de Am\u00e9rica, con 5,000 a\u00f1os de antig\u00fcedad y reconocida por la UNESCO como Patrimonio Cultural de la Humanidad.\",\"breadcrumb\":{\"@id\":\"https:\\\/\\\/zonacaral.gob.pe\\\/en\\\/noticias\\\/caral-recibio-la-vista-de-rotary-club-a-traves-de-viajes-educativos\\\/#breadcrumb\"},\"inLanguage\":\"en-US\",\"potentialAction\":[{\"@type\":\"ReadAction\",\"target\":[\"https:\\\/\\\/zonacaral.gob.pe\\\/en\\\/noticias\\\/caral-recibio-la-vista-de-rotary-club-a-traves-de-viajes-educativos\\\/\"]}]},{\"@type\":\"ImageObject\",\"inLanguage\":\"en-US\",\"@id\":\"https:\\\/\\\/zonacaral.gob.pe\\\/en\\\/noticias\\\/caral-recibio-la-vista-de-rotary-club-a-traves-de-viajes-educativos\\\/#primaryimage\",\"url\":\"https:\\\/\\\/zonacaral.gob.pe\\\/wp-content\\\/uploads\\\/2018\\\/04\\\/rotary-club-03.jpg\",\"contentUrl\":\"https:\\\/\\\/zonacaral.gob.pe\\\/wp-content\\\/uploads\\\/2018\\\/04\\\/rotary-club-03.jpg\",\"width\":950,\"height\":481},{\"@type\":\"BreadcrumbList\",\"@id\":\"https:\\\/\\\/zonacaral.gob.pe\\\/en\\\/noticias\\\/caral-recibio-la-vista-de-rotary-club-a-traves-de-viajes-educativos\\\/#breadcrumb\",\"itemListElement\":[{\"@type\":\"ListItem\",\"position\":1,\"name\":\"Portada\",\"item\":\"https:\\\/\\\/zonacaral.gob.pe\\\/\"},{\"@type\":\"ListItem\",\"position\":2,\"name\":\"Caral recibi\u00f3 la vista de Rotary Club a trav\u00e9s de Viajes Educativos\"}]},{\"@type\":\"WebSite\",\"@id\":\"https:\\\/\\\/zonacaral.gob.pe\\\/es\\\/#website\",\"url\":\"https:\\\/\\\/zonacaral.gob.pe\\\/es\\\/\",\"name\":\"Zona Caral\",\"description\":\"Investigamos, conservamos y difundimos el patrimonio cultural de la Civilizaci\u00f3n Caral, la m\u00e1s antigua de Am\u00e9rica.\",\"potentialAction\":[{\"@type\":\"SearchAction\",\"target\":{\"@type\":\"EntryPoint\",\"urlTemplate\":\"https:\\\/\\\/zonacaral.gob.pe\\\/es\\\/?s={search_term_string}\"},\"query-input\":{\"@type\":\"PropertyValueSpecification\",\"valueRequired\":true,\"valueName\":\"search_term_string\"}}],\"inLanguage\":\"en-US\"},{\"@type\":\"Person\",\"@id\":\"https:\\\/\\\/zonacaral.gob.pe\\\/es\\\/#\\\/schema\\\/person\\\/beddb4d22f71a7230c5b90913270a0ee\",\"name\":\"Zona Caral Administrador\",\"image\":{\"@type\":\"ImageObject\",\"inLanguage\":\"en-US\",\"@id\":\"https:\\\/\\\/secure.gravatar.com\\\/avatar\\\/e4be162918a696358376de6446614e0f0f4062bdc5d170d6d540ada3d8b58c12?s=96&d=mm&r=g\",\"url\":\"https:\\\/\\\/secure.gravatar.com\\\/avatar\\\/e4be162918a696358376de6446614e0f0f4062bdc5d170d6d540ada3d8b58c12?s=96&d=mm&r=g\",\"contentUrl\":\"https:\\\/\\\/secure.gravatar.com\\\/avatar\\\/e4be162918a696358376de6446614e0f0f4062bdc5d170d6d540ada3d8b58c12?s=96&d=mm&r=g\",\"caption\":\"Zona Caral Administrador\"},\"sameAs\":[\"https:\\\/\\\/zonacaral.gob.pe\"],\"url\":\"https:\\\/\\\/zonacaral.gob.pe\\\/en\\\/noticias\\\/author\\\/ad_zonacaral\\\/\"}]}<\/script>\n<!-- \/ Yoast SEO plugin. -->","yoast_head_json":{"title":"Caral recibi\u00f3 la vista de Rotary Club a trav\u00e9s de Viajes Educativos","description":"El \u00faltimo fin de semana un grupo de integrantes del Rotary Club, emprendieron la aventura de conocer Caral, la primera Civilizaci\u00f3n de Am\u00e9rica, con 5,000 a\u00f1os de antig\u00fcedad y reconocida por la UNESCO como Patrimonio Cultural de la Humanidad.","robots":{"index":"index","follow":"follow","max-snippet":"max-snippet:-1","max-image-preview":"max-image-preview:large","max-video-preview":"max-video-preview:-1"},"canonical":"https:\/\/zonacaral.gob.pe\/en\/noticias\/caral-recibio-la-vista-de-rotary-club-a-traves-de-viajes-educativos\/","og_locale":"en_US","og_type":"article","og_title":"Caral recibi\u00f3 la vista de Rotary Club a trav\u00e9s de Viajes Educativos","og_description":"El \u00faltimo fin de semana un grupo de integrantes del Rotary Club, emprendieron la aventura de conocer Caral, la primera Civilizaci\u00f3n de Am\u00e9rica, con 5,000 a\u00f1os de antig\u00fcedad y reconocida por la UNESCO como Patrimonio Cultural de la Humanidad.","og_url":"https:\/\/zonacaral.gob.pe\/en\/noticias\/caral-recibio-la-vista-de-rotary-club-a-traves-de-viajes-educativos\/","og_site_name":"Zona Caral","article_published_time":"2018-04-25T23:59:11+00:00","og_image":[{"width":950,"height":481,"url":"https:\/\/zonacaral.gob.pe\/wp-content\/uploads\/2018\/04\/rotary-club-03.jpg","type":"image\/jpeg"}],"author":"Zona Caral Administrador","twitter_card":"summary_large_image","twitter_misc":{"Written by":"Zona Caral Administrador","Est. reading time":"1 minute"},"schema":{"@context":"https:\/\/schema.org","@graph":[{"@type":"Article","@id":"https:\/\/zonacaral.gob.pe\/en\/noticias\/caral-recibio-la-vista-de-rotary-club-a-traves-de-viajes-educativos\/#article","isPartOf":{"@id":"https:\/\/zonacaral.gob.pe\/en\/noticias\/caral-recibio-la-vista-de-rotary-club-a-traves-de-viajes-educativos\/"},"author":{"name":"Zona Caral Administrador","@id":"https:\/\/zonacaral.gob.pe\/es\/#\/schema\/person\/beddb4d22f71a7230c5b90913270a0ee"},"headline":"Caral recibi\u00f3 la vista de Rotary Club a trav\u00e9s de Viajes Educativos","datePublished":"2018-04-25T23:59:11+00:00","mainEntityOfPage":{"@id":"https:\/\/zonacaral.gob.pe\/en\/noticias\/caral-recibio-la-vista-de-rotary-club-a-traves-de-viajes-educativos\/"},"wordCount":312,"image":{"@id":"https:\/\/zonacaral.gob.pe\/en\/noticias\/caral-recibio-la-vista-de-rotary-club-a-traves-de-viajes-educativos\/#primaryimage"},"thumbnailUrl":"https:\/\/zonacaral.gob.pe\/wp-content\/uploads\/2018\/04\/rotary-club-03.jpg","keywords":["Aspero","caral","viajes educativos"],"articleSection":["noticias"],"inLanguage":"en-US"},{"@type":"WebPage","@id":"https:\/\/zonacaral.gob.pe\/en\/noticias\/caral-recibio-la-vista-de-rotary-club-a-traves-de-viajes-educativos\/","url":"https:\/\/zonacaral.gob.pe\/en\/noticias\/caral-recibio-la-vista-de-rotary-club-a-traves-de-viajes-educativos\/","name":"Caral recibi\u00f3 la vista de Rotary Club a trav\u00e9s de Viajes Educativos","isPartOf":{"@id":"https:\/\/zonacaral.gob.pe\/es\/#website"},"primaryImageOfPage":{"@id":"https:\/\/zonacaral.gob.pe\/en\/noticias\/caral-recibio-la-vista-de-rotary-club-a-traves-de-viajes-educativos\/#primaryimage"},"image":{"@id":"https:\/\/zonacaral.gob.pe\/en\/noticias\/caral-recibio-la-vista-de-rotary-club-a-traves-de-viajes-educativos\/#primaryimage"},"thumbnailUrl":"https:\/\/zonacaral.gob.pe\/wp-content\/uploads\/2018\/04\/rotary-club-03.jpg","datePublished":"2018-04-25T23:59:11+00:00","author":{"@id":"https:\/\/zonacaral.gob.pe\/es\/#\/schema\/person\/beddb4d22f71a7230c5b90913270a0ee"},"description":"El \u00faltimo fin de semana un grupo de integrantes del Rotary Club, emprendieron la aventura de conocer Caral, la primera Civilizaci\u00f3n de Am\u00e9rica, con 5,000 a\u00f1os de antig\u00fcedad y reconocida por la UNESCO como Patrimonio Cultural de la Humanidad.","breadcrumb":{"@id":"https:\/\/zonacaral.gob.pe\/en\/noticias\/caral-recibio-la-vista-de-rotary-club-a-traves-de-viajes-educativos\/#breadcrumb"},"inLanguage":"en-US","potentialAction":[{"@type":"ReadAction","target":["https:\/\/zonacaral.gob.pe\/en\/noticias\/caral-recibio-la-vista-de-rotary-club-a-traves-de-viajes-educativos\/"]}]},{"@type":"ImageObject","inLanguage":"en-US","@id":"https:\/\/zonacaral.gob.pe\/en\/noticias\/caral-recibio-la-vista-de-rotary-club-a-traves-de-viajes-educativos\/#primaryimage","url":"https:\/\/zonacaral.gob.pe\/wp-content\/uploads\/2018\/04\/rotary-club-03.jpg","contentUrl":"https:\/\/zonacaral.gob.pe\/wp-content\/uploads\/2018\/04\/rotary-club-03.jpg","width":950,"height":481},{"@type":"BreadcrumbList","@id":"https:\/\/zonacaral.gob.pe\/en\/noticias\/caral-recibio-la-vista-de-rotary-club-a-traves-de-viajes-educativos\/#breadcrumb","itemListElement":[{"@type":"ListItem","position":1,"name":"Portada","item":"https:\/\/zonacaral.gob.pe\/"},{"@type":"ListItem","position":2,"name":"Caral recibi\u00f3 la vista de Rotary Club a trav\u00e9s de Viajes Educativos"}]},{"@type":"WebSite","@id":"https:\/\/zonacaral.gob.pe\/es\/#website","url":"https:\/\/zonacaral.gob.pe\/es\/","name":"Zona Caral","description":"Investigamos, conservamos y difundimos el patrimonio cultural de la Civilizaci\u00f3n Caral, la m\u00e1s antigua de Am\u00e9rica.","potentialAction":[{"@type":"SearchAction","target":{"@type":"EntryPoint","urlTemplate":"https:\/\/zonacaral.gob.pe\/es\/?s={search_term_string}"},"query-input":{"@type":"PropertyValueSpecification","valueRequired":true,"valueName":"search_term_string"}}],"inLanguage":"en-US"},{"@type":"Person","@id":"https:\/\/zonacaral.gob.pe\/es\/#\/schema\/person\/beddb4d22f71a7230c5b90913270a0ee","name":"Zona Caral Administrador","image":{"@type":"ImageObject","inLanguage":"en-US","@id":"https:\/\/secure.gravatar.com\/avatar\/e4be162918a696358376de6446614e0f0f4062bdc5d170d6d540ada3d8b58c12?s=96&d=mm&r=g","url":"https:\/\/secure.gravatar.com\/avatar\/e4be162918a696358376de6446614e0f0f4062bdc5d170d6d540ada3d8b58c12?s=96&d=mm&r=g","contentUrl":"https:\/\/secure.gravatar.com\/avatar\/e4be162918a696358376de6446614e0f0f4062bdc5d170d6d540ada3d8b58c12?s=96&d=mm&r=g","caption":"Zona Caral Administrador"},"sameAs":["https:\/\/zonacaral.gob.pe"],"url":"https:\/\/zonacaral.gob.pe\/en\/noticias\/author\/ad_zonacaral\/"}]}},"_links":{"self":[{"href":"https:\/\/zonacaral.gob.pe\/en\/wp-json\/wp\/v2\/posts\/12554","targetHints":{"allow":["GET"]}}],"collection":[{"href":"https:\/\/zonacaral.gob.pe\/en\/wp-json\/wp\/v2\/posts"}],"about":[{"href":"https:\/\/zonacaral.gob.pe\/en\/wp-json\/wp\/v2\/types\/post"}],"author":[{"embeddable":true,"href":"https:\/\/zonacaral.gob.pe\/en\/wp-json\/wp\/v2\/users\/1"}],"replies":[{"embeddable":true,"href":"https:\/\/zonacaral.gob.pe\/en\/wp-json\/wp\/v2\/comments?post=12554"}],"version-history":[{"count":0,"href":"https:\/\/zonacaral.gob.pe\/en\/wp-json\/wp\/v2\/posts\/12554\/revisions"}],"wp:featuredmedia":[{"embeddable":true,"href":"https:\/\/zonacaral.gob.pe\/en\/wp-json\/wp\/v2\/media\/12556"}],"wp:attachment":[{"href":"https:\/\/zonacaral.gob.pe\/en\/wp-json\/wp\/v2\/media?parent=12554"}],"wp:term":[{"taxonomy":"category","embeddable":true,"href":"https:\/\/zonacaral.gob.pe\/en\/wp-json\/wp\/v2\/categories?post=12554"},{"taxonomy":"post_tag","embeddable":true,"href":"https:\/\/zonacaral.gob.pe\/en\/wp-json\/wp\/v2\/tags?post=12554"}],"curies":[{"name":"wp","href":"https:\/\/api.w.org\/{rel}","templated":true}]}}