{"id":12562,"date":"2018-04-30T11:02:25","date_gmt":"2018-04-30T16:02:25","guid":{"rendered":"http:\/\/www.zonacaral.gob.pe\/?p=12562"},"modified":"2018-04-30T11:02:25","modified_gmt":"2018-04-30T16:02:25","slug":"cultura-misticismo-arte-y-diversion-asi-se-vivio-el-13-aniversario-de-aspero","status":"publish","type":"post","link":"https:\/\/zonacaral.gob.pe\/en\/noticias\/cultura-misticismo-arte-y-diversion-asi-se-vivio-el-13-aniversario-de-aspero\/","title":{"rendered":"Cultura, misticismo, arte y diversi\u00f3n: as\u00ed se vivi\u00f3 el 13\u00ba aniversario de \u00c1spero"},"content":{"rendered":"<figure class=\"pic-autor\" style=\"color: #4d4d4d; text-align: justify;\"><\/figure>\n<p>Este fin de semana, \u00c1spero, Ciudad Pesquera de la Civilizaci\u00f3n Caral, celebr\u00f3 a lo grande su d\u00e9cimo tercer aniversario, con la principal participaci\u00f3n de sus habitantes quienes llenaron de color, m\u00fasica, cultura, misticismo, de arte y diversi\u00f3n, los dos d\u00edas que duraron las celebraciones, en Supe Puerto, Barranca.<\/p>\n<p>Como cada a\u00f1o, la Zona Arqueol\u00f3gica Caral (ZAC), Unidad Ejecutora 003 del Ministerio de Cultura, organiz\u00f3 el viernes 27 y s\u00e1bado 28 de abril, los 13 a\u00f1os de la puesta en valor del sitio arqueol\u00f3gico de \u00c1spero, con diversas actividades las cuales fueron encabezadas por la Dra. Ruth Shady, directora de la ZAC, y cont\u00f3 con la presencia de las principales autoridades de Supe, Barranca, y tuvo la visita especial de la embajadora de Argentina.<\/p>\n<p>Las celebraciones iniciaron el viernes por la tarde con el <em>IV Concurso Escolar de Antorchas y Pasacalle: \u201cRevalorando Nuestro Pasado Milenario\u201d,<\/em> en la cual, las instituciones educativas de la zona, desde inicial hasta secundaria, vistiendo trajes hechos con materiales reciclables, representaron el inicio de la civilizaci\u00f3n de \u00c1spero, hasta los tiempos modernos.<\/p>\n<p style=\"text-align: justify;\"><img decoding=\"async\" class=\"alignnone size-full wp-image-12565\" src=\"http:\/\/www.zonacaral.gob.pe\/wp-content\/uploads\/2018\/05\/aniversario-aspero-02.jpg\" alt=\"aniversario-aspero-02\" width=\"100%\" srcset=\"https:\/\/zonacaral.gob.pe\/wp-content\/uploads\/2018\/05\/aniversario-aspero-02.jpg 675w, https:\/\/zonacaral.gob.pe\/wp-content\/uploads\/2018\/05\/aniversario-aspero-02-300x185.jpg 300w\" sizes=\"(max-width: 675px) 100vw, 675px\" \/><\/p>\n<p>Los ni\u00f1os, con ayuda de sus maestros y padres de familia, muy bien organizados, lograron crear vestidos usando papel peri\u00f3dico, bolsas de pl\u00e1stico, entre otros materiales; fomentando la conciencia del reciclaje y el arte de crear. Todos esos vestidos fueron presentados en el pasacalle, en la cual tambi\u00e9n participaron estudiantes de educaci\u00f3n superior.<\/p>\n<p>Al t\u00e9rmino, todos se dirigieron en caravana al sitio arqueol\u00f3gico de \u00c1spero, el cual fue iluminado para recibir a sus visitantes, lugar donde se celebr\u00f3 el acostumbrado<em>, Pago a la Cochamama<\/em>, acto ritual que inici\u00f3 con la representaci\u00f3n del Se\u00f1or de Caral, la Se\u00f1ora del \u00c1spero y la Dama de los Cuatro Tupus; y en medio del fuego, se hizo el pago al mar; acto en la que particip\u00f3 la directora de la ZAC, Shady Sol\u00eds, y todos los visitantes.<\/p>\n<p>Como parte de esta celebraci\u00f3n, tambi\u00e9n se ilumin\u00f3 las pir\u00e1mides principales de \u00c1spero, la cual dio una vista majestuosa para todos sus visitantes, que desde el mirador pudieron disfrutar del espl\u00e9ndido paisaje.<\/p>\n<p style=\"text-align: justify;\"><img decoding=\"async\" class=\"alignnone size-full wp-image-12568\" src=\"http:\/\/www.zonacaral.gob.pe\/wp-content\/uploads\/2018\/05\/aniversario-aspero-03.jpg\" alt=\"aniversario-aspero-03\" width=\"100%\" srcset=\"https:\/\/zonacaral.gob.pe\/wp-content\/uploads\/2018\/05\/aniversario-aspero-03.jpg 1000w, https:\/\/zonacaral.gob.pe\/wp-content\/uploads\/2018\/05\/aniversario-aspero-03-300x200.jpg 300w, https:\/\/zonacaral.gob.pe\/wp-content\/uploads\/2018\/05\/aniversario-aspero-03-768x512.jpg 768w\" sizes=\"(max-width: 1000px) 100vw, 1000px\" \/><\/p>\n<p>El s\u00e1bado por la ma\u00f1ana, todos los visitantes participaron del \u201c\u00c1spero Raymi\u201d, como, por ejemplo: <em>Primer Concurso de Cometas \u201cVolando por los Cielos\u201d,<\/em> cometas caseras hechas con materiales reciclables, <em>Primer Concurso de Maqueta \u201cPaisaje cultural y Recurso Pesquero en \u00c1spero hace 5,000 a\u00f1os\u201d<\/em> y del <em>II Concurso de Cer\u00e1mica \u201cAplicando el arte de la Sociedad del \u00c1spero\u201d,<\/em> eventos en la que, haciendo gala de arte heredado de sus ancestros, los ni\u00f1os crearon vistosos objetos.<\/p>\n<p style=\"text-align: justify;\"><img decoding=\"async\" class=\"alignnone size-full wp-image-12569\" src=\"http:\/\/www.zonacaral.gob.pe\/wp-content\/uploads\/2018\/05\/aniversario-aspero-04.jpg\" alt=\"aniversario-aspero-04\" width=\"100%\" srcset=\"https:\/\/zonacaral.gob.pe\/wp-content\/uploads\/2018\/05\/aniversario-aspero-04.jpg 1000w, https:\/\/zonacaral.gob.pe\/wp-content\/uploads\/2018\/05\/aniversario-aspero-04-300x200.jpg 300w, https:\/\/zonacaral.gob.pe\/wp-content\/uploads\/2018\/05\/aniversario-aspero-04-768x512.jpg 768w\" sizes=\"(max-width: 1000px) 100vw, 1000px\" \/><\/p>\n<p style=\"text-align: justify;\">Luego lleg\u00f3 el <em>Festival Art\u00edstico \u201cLo mejor de mi Tierra\u201d,<\/em> dando paso a danzas, m\u00fasica y cantos, a cargo de las instituciones del lugar, quienes demostraron la capacidad cultural que existe en la provincia de Barranca. Asimismo, se realiz\u00f3 el <em>\u201cCatu \u00c1spero\u201d o expo-feria: \u201cProducci\u00f3n social actual\u201d<\/em>, exposici\u00f3n y venta de productos agroecol\u00f3gicos y artesanales, <em>IX Festival de la Anchoveta, pescados y mariscos<\/em>: venta y degustaci\u00f3n de platos de la gastronom\u00eda local, elaborados con pescados y mariscos; y finalmente se hizo una visita guiada gratuita al \u201cCentro de Interpretaci\u00f3n\u201d y a la ciudad pesquera \u00c1spero.<\/p>\n<p style=\"text-align: justify;\"><img decoding=\"async\" class=\"alignnone size-full wp-image-12570\" src=\"http:\/\/www.zonacaral.gob.pe\/wp-content\/uploads\/2018\/05\/DSC_5744.jpg\" alt=\"DSC_5744\" width=\"100%\" srcset=\"https:\/\/zonacaral.gob.pe\/wp-content\/uploads\/2018\/05\/DSC_5744.jpg 1000w, https:\/\/zonacaral.gob.pe\/wp-content\/uploads\/2018\/05\/DSC_5744-300x200.jpg 300w, https:\/\/zonacaral.gob.pe\/wp-content\/uploads\/2018\/05\/DSC_5744-768x512.jpg 768w\" sizes=\"(max-width: 1000px) 100vw, 1000px\" \/><\/p>\n<p style=\"text-align: justify;\">La doctora Ruth Shady sostuvo que el objetivo es mostrar la historia de \u00c1spero y reflexionar sobre las expresiones arquitect\u00f3nicas y culturales de esta poblaci\u00f3n de hace 5,000 a\u00f1os. \u201cEsa visi\u00f3n y manejo de un territorio tan megadiverso en todas sus condiciones geogr\u00e1ficas y de recursos, por tanto, culturales les permiti\u00f3 a nuestras sociedades ancestrales dar especial atenci\u00f3n a los recursos para el acondicionamiento y manejo del territorio\u201d, indic\u00f3.<\/p>\n<p style=\"text-align: justify;\"><img decoding=\"async\" class=\"alignnone size-full wp-image-12572\" src=\"http:\/\/www.zonacaral.gob.pe\/wp-content\/uploads\/2018\/05\/aniversario-aspero-05.jpg\" alt=\"aniversario-aspero-05\" width=\"100%\" srcset=\"https:\/\/zonacaral.gob.pe\/wp-content\/uploads\/2018\/05\/aniversario-aspero-05.jpg 1000w, https:\/\/zonacaral.gob.pe\/wp-content\/uploads\/2018\/05\/aniversario-aspero-05-300x200.jpg 300w, https:\/\/zonacaral.gob.pe\/wp-content\/uploads\/2018\/05\/aniversario-aspero-05-768x512.jpg 768w\" sizes=\"(max-width: 1000px) 100vw, 1000px\" \/><\/p>\n<h2>DATO<\/h2>\n<ul>\n<li>En estas actividades participaron pobladores de Supe, Supe Puerto, Barranca, Carqu\u00edn, V\u00e9gueta.<\/li>\n<li>\u00c1spero proporcionaba de productos a Caral, principalmente de anchoveta y sardina.<\/li>\n<li>Los pobladores ten\u00edan un buen manejo territorial. No se asentaban sobre causes de huaicos o playas.<\/li>\n<li>En el 2016 se hall\u00f3 el entierro la \u2018Dama de los Cuatro Tupus\u2019, que confirma la importancia del papel femenino en el desarrollo de esta civilizaci\u00f3n.<\/li>\n<li>Pir\u00e1mides, como la Huaca Alta, Huaca de los \u00cddolos y Huaca de los Sacrificios, conjuntos residenciales, muros y bloques de piedra unidos con mortero de arcilla son algunos de sus atractivos.<\/li>\n<li>Es en la Huaca de \u00cddolos donde se encontr\u00f3 el \u00faltimo hallazgo \u201cLos Ojos de Dios\u201d. Un objeto compuesto por siete Ojos de Dios, que representaba una ofrenda y evidencian relaciones interculturales en condiciones de paz. Ser\u00eda un modelo ancestral de interacci\u00f3n intercultural para la integraci\u00f3n americana.<\/li>\n<li>Treinta a\u00f1os antes, \u00c1spero fue un botadero de basura municipal, que luego, tras los trabajos de la Dra. Ruth Shady, se puso en valor este sitio arqueol\u00f3gico.<\/li>\n<\/ul>\n<p class=\"news-summary\" style=\"font-weight: normal; color: #444444;\"><span style=\"color: #993300;\"><strong style=\"color: #993300;\">Fuente: Prensa ZAC<\/strong><\/span><\/p>\n<div style=\"color: #1f1f1f;\">\n<p style=\"text-align: justify;\">Fecha de publicaci\u00f3n: 30\/04\/2018<\/p>\n<\/div>","protected":false},"excerpt":{"rendered":"<p>Este fin de semana, \u00c1spero, Ciudad Pesquera de la Civilizaci\u00f3n Caral, celebr\u00f3 a lo grande su d\u00e9cimo tercer aniversario, con [&hellip;]<\/p>\n","protected":false},"author":1,"featured_media":12563,"comment_status":"closed","ping_status":"open","sticky":false,"template":"","format":"standard","meta":{"_acf_changed":false,"site-sidebar-layout":"default","site-content-layout":"","ast-site-content-layout":"default","site-content-style":"default","site-sidebar-style":"default","ast-global-header-display":"","ast-banner-title-visibility":"","ast-main-header-display":"","ast-hfb-above-header-display":"","ast-hfb-below-header-display":"","ast-hfb-mobile-header-display":"","site-post-title":"","ast-breadcrumbs-content":"","ast-featured-img":"","footer-sml-layout":"","ast-disable-related-posts":"","theme-transparent-header-meta":"","adv-header-id-meta":"","stick-header-meta":"","header-above-stick-meta":"","header-main-stick-meta":"","header-below-stick-meta":"","astra-migrate-meta-layouts":"default","ast-page-background-enabled":"default","ast-page-background-meta":{"desktop":{"background-color":"var(--ast-global-color-5)","background-image":"","background-repeat":"repeat","background-position":"center center","background-size":"auto","background-attachment":"scroll","background-type":"","background-media":"","overlay-type":"","overlay-color":"","overlay-opacity":"","overlay-gradient":""},"tablet":{"background-color":"","background-image":"","background-repeat":"repeat","background-position":"center center","background-size":"auto","background-attachment":"scroll","background-type":"","background-media":"","overlay-type":"","overlay-color":"","overlay-opacity":"","overlay-gradient":""},"mobile":{"background-color":"","background-image":"","background-repeat":"repeat","background-position":"center center","background-size":"auto","background-attachment":"scroll","background-type":"","background-media":"","overlay-type":"","overlay-color":"","overlay-opacity":"","overlay-gradient":""}},"ast-content-background-meta":{"desktop":{"background-color":"var(--ast-global-color-4)","background-image":"","background-repeat":"repeat","background-position":"center center","background-size":"auto","background-attachment":"scroll","background-type":"","background-media":"","overlay-type":"","overlay-color":"","overlay-opacity":"","overlay-gradient":""},"tablet":{"background-color":"var(--ast-global-color-4)","background-image":"","background-repeat":"repeat","background-position":"center center","background-size":"auto","background-attachment":"scroll","background-type":"","background-media":"","overlay-type":"","overlay-color":"","overlay-opacity":"","overlay-gradient":""},"mobile":{"background-color":"var(--ast-global-color-4)","background-image":"","background-repeat":"repeat","background-position":"center center","background-size":"auto","background-attachment":"scroll","background-type":"","background-media":"","overlay-type":"","overlay-color":"","overlay-opacity":"","overlay-gradient":""}},"footnotes":""},"categories":[208],"tags":[54,63],"class_list":["post-12562","post","type-post","status-publish","format-standard","has-post-thumbnail","hentry","category-noticias","tag-aniversario","tag-aspero"],"acf":[],"yoast_head":"<!-- This site is optimized with the Yoast SEO plugin v27.3 - https:\/\/yoast.com\/product\/yoast-seo-wordpress\/ -->\n<title>Cultura, misticismo, arte y diversi\u00f3n: as\u00ed se vivi\u00f3 el 13\u00ba aniversario de \u00c1spero<\/title>\n<meta name=\"description\" content=\"Este fin de semana, \u00c1spero, Ciudad Pesquera de la Civilizaci\u00f3n Caral, celebr\u00f3 a lo grande su d\u00e9cimo tercer aniversario, con la principal participaci\u00f3n de sus habitantes quienes llenaron de color, m\u00fasica, cultura, misticismo, de arte y diversi\u00f3n, los dos d\u00edas que duraron las celebraciones, en Supe Puerto, Barranca.\" \/>\n<meta name=\"robots\" content=\"index, follow, max-snippet:-1, max-image-preview:large, max-video-preview:-1\" \/>\n<link rel=\"canonical\" href=\"https:\/\/zonacaral.gob.pe\/en\/noticias\/cultura-misticismo-arte-y-diversion-asi-se-vivio-el-13-aniversario-de-aspero\/\" \/>\n<meta property=\"og:locale\" content=\"en_US\" \/>\n<meta property=\"og:type\" content=\"article\" \/>\n<meta property=\"og:title\" content=\"Cultura, misticismo, arte y diversi\u00f3n: as\u00ed se vivi\u00f3 el 13\u00ba aniversario de \u00c1spero\" \/>\n<meta property=\"og:description\" content=\"Este fin de semana, \u00c1spero, Ciudad Pesquera de la Civilizaci\u00f3n Caral, celebr\u00f3 a lo grande su d\u00e9cimo tercer aniversario, con la principal participaci\u00f3n de sus habitantes quienes llenaron de color, m\u00fasica, cultura, misticismo, de arte y diversi\u00f3n, los dos d\u00edas que duraron las celebraciones, en Supe Puerto, Barranca.\" \/>\n<meta property=\"og:url\" content=\"https:\/\/zonacaral.gob.pe\/en\/noticias\/cultura-misticismo-arte-y-diversion-asi-se-vivio-el-13-aniversario-de-aspero\/\" \/>\n<meta property=\"og:site_name\" content=\"Zona Caral\" \/>\n<meta property=\"article:published_time\" content=\"2018-04-30T16:02:25+00:00\" \/>\n<meta property=\"og:image\" content=\"https:\/\/zonacaral.gob.pe\/wp-content\/uploads\/2018\/05\/aniversario-aspero-01.jpg\" \/>\n\t<meta property=\"og:image:width\" content=\"800\" \/>\n\t<meta property=\"og:image:height\" content=\"534\" \/>\n\t<meta property=\"og:image:type\" content=\"image\/jpeg\" \/>\n<meta name=\"author\" content=\"Zona Caral Administrador\" \/>\n<meta name=\"twitter:card\" content=\"summary_large_image\" \/>\n<meta name=\"twitter:label1\" content=\"Written by\" \/>\n\t<meta name=\"twitter:data1\" content=\"Zona Caral Administrador\" \/>\n\t<meta name=\"twitter:label2\" content=\"Est. reading time\" \/>\n\t<meta name=\"twitter:data2\" content=\"4 minutes\" \/>\n<script type=\"application\/ld+json\" class=\"yoast-schema-graph\">{\"@context\":\"https:\\\/\\\/schema.org\",\"@graph\":[{\"@type\":\"Article\",\"@id\":\"https:\\\/\\\/zonacaral.gob.pe\\\/en\\\/noticias\\\/cultura-misticismo-arte-y-diversion-asi-se-vivio-el-13-aniversario-de-aspero\\\/#article\",\"isPartOf\":{\"@id\":\"https:\\\/\\\/zonacaral.gob.pe\\\/en\\\/noticias\\\/cultura-misticismo-arte-y-diversion-asi-se-vivio-el-13-aniversario-de-aspero\\\/\"},\"author\":{\"name\":\"Zona Caral Administrador\",\"@id\":\"https:\\\/\\\/zonacaral.gob.pe\\\/es\\\/#\\\/schema\\\/person\\\/beddb4d22f71a7230c5b90913270a0ee\"},\"headline\":\"Cultura, misticismo, arte y diversi\u00f3n: as\u00ed se vivi\u00f3 el 13\u00ba aniversario de \u00c1spero\",\"datePublished\":\"2018-04-30T16:02:25+00:00\",\"mainEntityOfPage\":{\"@id\":\"https:\\\/\\\/zonacaral.gob.pe\\\/en\\\/noticias\\\/cultura-misticismo-arte-y-diversion-asi-se-vivio-el-13-aniversario-de-aspero\\\/\"},\"wordCount\":818,\"image\":{\"@id\":\"https:\\\/\\\/zonacaral.gob.pe\\\/en\\\/noticias\\\/cultura-misticismo-arte-y-diversion-asi-se-vivio-el-13-aniversario-de-aspero\\\/#primaryimage\"},\"thumbnailUrl\":\"https:\\\/\\\/zonacaral.gob.pe\\\/wp-content\\\/uploads\\\/2018\\\/05\\\/aniversario-aspero-01.jpg\",\"keywords\":[\"aniversario\",\"Aspero\"],\"articleSection\":[\"noticias\"],\"inLanguage\":\"en-US\"},{\"@type\":\"WebPage\",\"@id\":\"https:\\\/\\\/zonacaral.gob.pe\\\/en\\\/noticias\\\/cultura-misticismo-arte-y-diversion-asi-se-vivio-el-13-aniversario-de-aspero\\\/\",\"url\":\"https:\\\/\\\/zonacaral.gob.pe\\\/en\\\/noticias\\\/cultura-misticismo-arte-y-diversion-asi-se-vivio-el-13-aniversario-de-aspero\\\/\",\"name\":\"Cultura, misticismo, arte y diversi\u00f3n: as\u00ed se vivi\u00f3 el 13\u00ba aniversario de \u00c1spero\",\"isPartOf\":{\"@id\":\"https:\\\/\\\/zonacaral.gob.pe\\\/es\\\/#website\"},\"primaryImageOfPage\":{\"@id\":\"https:\\\/\\\/zonacaral.gob.pe\\\/en\\\/noticias\\\/cultura-misticismo-arte-y-diversion-asi-se-vivio-el-13-aniversario-de-aspero\\\/#primaryimage\"},\"image\":{\"@id\":\"https:\\\/\\\/zonacaral.gob.pe\\\/en\\\/noticias\\\/cultura-misticismo-arte-y-diversion-asi-se-vivio-el-13-aniversario-de-aspero\\\/#primaryimage\"},\"thumbnailUrl\":\"https:\\\/\\\/zonacaral.gob.pe\\\/wp-content\\\/uploads\\\/2018\\\/05\\\/aniversario-aspero-01.jpg\",\"datePublished\":\"2018-04-30T16:02:25+00:00\",\"author\":{\"@id\":\"https:\\\/\\\/zonacaral.gob.pe\\\/es\\\/#\\\/schema\\\/person\\\/beddb4d22f71a7230c5b90913270a0ee\"},\"description\":\"Este fin de semana, \u00c1spero, Ciudad Pesquera de la Civilizaci\u00f3n Caral, celebr\u00f3 a lo grande su d\u00e9cimo tercer aniversario, con la principal participaci\u00f3n de sus habitantes quienes llenaron de color, m\u00fasica, cultura, misticismo, de arte y diversi\u00f3n, los dos d\u00edas que duraron las celebraciones, en Supe Puerto, Barranca.\",\"breadcrumb\":{\"@id\":\"https:\\\/\\\/zonacaral.gob.pe\\\/en\\\/noticias\\\/cultura-misticismo-arte-y-diversion-asi-se-vivio-el-13-aniversario-de-aspero\\\/#breadcrumb\"},\"inLanguage\":\"en-US\",\"potentialAction\":[{\"@type\":\"ReadAction\",\"target\":[\"https:\\\/\\\/zonacaral.gob.pe\\\/en\\\/noticias\\\/cultura-misticismo-arte-y-diversion-asi-se-vivio-el-13-aniversario-de-aspero\\\/\"]}]},{\"@type\":\"ImageObject\",\"inLanguage\":\"en-US\",\"@id\":\"https:\\\/\\\/zonacaral.gob.pe\\\/en\\\/noticias\\\/cultura-misticismo-arte-y-diversion-asi-se-vivio-el-13-aniversario-de-aspero\\\/#primaryimage\",\"url\":\"https:\\\/\\\/zonacaral.gob.pe\\\/wp-content\\\/uploads\\\/2018\\\/05\\\/aniversario-aspero-01.jpg\",\"contentUrl\":\"https:\\\/\\\/zonacaral.gob.pe\\\/wp-content\\\/uploads\\\/2018\\\/05\\\/aniversario-aspero-01.jpg\",\"width\":800,\"height\":534},{\"@type\":\"BreadcrumbList\",\"@id\":\"https:\\\/\\\/zonacaral.gob.pe\\\/en\\\/noticias\\\/cultura-misticismo-arte-y-diversion-asi-se-vivio-el-13-aniversario-de-aspero\\\/#breadcrumb\",\"itemListElement\":[{\"@type\":\"ListItem\",\"position\":1,\"name\":\"Portada\",\"item\":\"https:\\\/\\\/zonacaral.gob.pe\\\/\"},{\"@type\":\"ListItem\",\"position\":2,\"name\":\"Cultura, misticismo, arte y diversi\u00f3n: as\u00ed se vivi\u00f3 el 13\u00ba aniversario de \u00c1spero\"}]},{\"@type\":\"WebSite\",\"@id\":\"https:\\\/\\\/zonacaral.gob.pe\\\/es\\\/#website\",\"url\":\"https:\\\/\\\/zonacaral.gob.pe\\\/es\\\/\",\"name\":\"Zona Caral\",\"description\":\"Investigamos, conservamos y difundimos el patrimonio cultural de la Civilizaci\u00f3n Caral, la m\u00e1s antigua de Am\u00e9rica.\",\"potentialAction\":[{\"@type\":\"SearchAction\",\"target\":{\"@type\":\"EntryPoint\",\"urlTemplate\":\"https:\\\/\\\/zonacaral.gob.pe\\\/es\\\/?s={search_term_string}\"},\"query-input\":{\"@type\":\"PropertyValueSpecification\",\"valueRequired\":true,\"valueName\":\"search_term_string\"}}],\"inLanguage\":\"en-US\"},{\"@type\":\"Person\",\"@id\":\"https:\\\/\\\/zonacaral.gob.pe\\\/es\\\/#\\\/schema\\\/person\\\/beddb4d22f71a7230c5b90913270a0ee\",\"name\":\"Zona Caral Administrador\",\"image\":{\"@type\":\"ImageObject\",\"inLanguage\":\"en-US\",\"@id\":\"https:\\\/\\\/secure.gravatar.com\\\/avatar\\\/e4be162918a696358376de6446614e0f0f4062bdc5d170d6d540ada3d8b58c12?s=96&d=mm&r=g\",\"url\":\"https:\\\/\\\/secure.gravatar.com\\\/avatar\\\/e4be162918a696358376de6446614e0f0f4062bdc5d170d6d540ada3d8b58c12?s=96&d=mm&r=g\",\"contentUrl\":\"https:\\\/\\\/secure.gravatar.com\\\/avatar\\\/e4be162918a696358376de6446614e0f0f4062bdc5d170d6d540ada3d8b58c12?s=96&d=mm&r=g\",\"caption\":\"Zona Caral Administrador\"},\"sameAs\":[\"https:\\\/\\\/zonacaral.gob.pe\"],\"url\":\"https:\\\/\\\/zonacaral.gob.pe\\\/en\\\/noticias\\\/author\\\/ad_zonacaral\\\/\"}]}<\/script>\n<!-- \/ Yoast SEO plugin. -->","yoast_head_json":{"title":"Cultura, misticismo, arte y diversi\u00f3n: as\u00ed se vivi\u00f3 el 13\u00ba aniversario de \u00c1spero","description":"Este fin de semana, \u00c1spero, Ciudad Pesquera de la Civilizaci\u00f3n Caral, celebr\u00f3 a lo grande su d\u00e9cimo tercer aniversario, con la principal participaci\u00f3n de sus habitantes quienes llenaron de color, m\u00fasica, cultura, misticismo, de arte y diversi\u00f3n, los dos d\u00edas que duraron las celebraciones, en Supe Puerto, Barranca.","robots":{"index":"index","follow":"follow","max-snippet":"max-snippet:-1","max-image-preview":"max-image-preview:large","max-video-preview":"max-video-preview:-1"},"canonical":"https:\/\/zonacaral.gob.pe\/en\/noticias\/cultura-misticismo-arte-y-diversion-asi-se-vivio-el-13-aniversario-de-aspero\/","og_locale":"en_US","og_type":"article","og_title":"Cultura, misticismo, arte y diversi\u00f3n: as\u00ed se vivi\u00f3 el 13\u00ba aniversario de \u00c1spero","og_description":"Este fin de semana, \u00c1spero, Ciudad Pesquera de la Civilizaci\u00f3n Caral, celebr\u00f3 a lo grande su d\u00e9cimo tercer aniversario, con la principal participaci\u00f3n de sus habitantes quienes llenaron de color, m\u00fasica, cultura, misticismo, de arte y diversi\u00f3n, los dos d\u00edas que duraron las celebraciones, en Supe Puerto, Barranca.","og_url":"https:\/\/zonacaral.gob.pe\/en\/noticias\/cultura-misticismo-arte-y-diversion-asi-se-vivio-el-13-aniversario-de-aspero\/","og_site_name":"Zona Caral","article_published_time":"2018-04-30T16:02:25+00:00","og_image":[{"width":800,"height":534,"url":"https:\/\/zonacaral.gob.pe\/wp-content\/uploads\/2018\/05\/aniversario-aspero-01.jpg","type":"image\/jpeg"}],"author":"Zona Caral Administrador","twitter_card":"summary_large_image","twitter_misc":{"Written by":"Zona Caral Administrador","Est. reading time":"4 minutes"},"schema":{"@context":"https:\/\/schema.org","@graph":[{"@type":"Article","@id":"https:\/\/zonacaral.gob.pe\/en\/noticias\/cultura-misticismo-arte-y-diversion-asi-se-vivio-el-13-aniversario-de-aspero\/#article","isPartOf":{"@id":"https:\/\/zonacaral.gob.pe\/en\/noticias\/cultura-misticismo-arte-y-diversion-asi-se-vivio-el-13-aniversario-de-aspero\/"},"author":{"name":"Zona Caral Administrador","@id":"https:\/\/zonacaral.gob.pe\/es\/#\/schema\/person\/beddb4d22f71a7230c5b90913270a0ee"},"headline":"Cultura, misticismo, arte y diversi\u00f3n: as\u00ed se vivi\u00f3 el 13\u00ba aniversario de \u00c1spero","datePublished":"2018-04-30T16:02:25+00:00","mainEntityOfPage":{"@id":"https:\/\/zonacaral.gob.pe\/en\/noticias\/cultura-misticismo-arte-y-diversion-asi-se-vivio-el-13-aniversario-de-aspero\/"},"wordCount":818,"image":{"@id":"https:\/\/zonacaral.gob.pe\/en\/noticias\/cultura-misticismo-arte-y-diversion-asi-se-vivio-el-13-aniversario-de-aspero\/#primaryimage"},"thumbnailUrl":"https:\/\/zonacaral.gob.pe\/wp-content\/uploads\/2018\/05\/aniversario-aspero-01.jpg","keywords":["aniversario","Aspero"],"articleSection":["noticias"],"inLanguage":"en-US"},{"@type":"WebPage","@id":"https:\/\/zonacaral.gob.pe\/en\/noticias\/cultura-misticismo-arte-y-diversion-asi-se-vivio-el-13-aniversario-de-aspero\/","url":"https:\/\/zonacaral.gob.pe\/en\/noticias\/cultura-misticismo-arte-y-diversion-asi-se-vivio-el-13-aniversario-de-aspero\/","name":"Cultura, misticismo, arte y diversi\u00f3n: as\u00ed se vivi\u00f3 el 13\u00ba aniversario de \u00c1spero","isPartOf":{"@id":"https:\/\/zonacaral.gob.pe\/es\/#website"},"primaryImageOfPage":{"@id":"https:\/\/zonacaral.gob.pe\/en\/noticias\/cultura-misticismo-arte-y-diversion-asi-se-vivio-el-13-aniversario-de-aspero\/#primaryimage"},"image":{"@id":"https:\/\/zonacaral.gob.pe\/en\/noticias\/cultura-misticismo-arte-y-diversion-asi-se-vivio-el-13-aniversario-de-aspero\/#primaryimage"},"thumbnailUrl":"https:\/\/zonacaral.gob.pe\/wp-content\/uploads\/2018\/05\/aniversario-aspero-01.jpg","datePublished":"2018-04-30T16:02:25+00:00","author":{"@id":"https:\/\/zonacaral.gob.pe\/es\/#\/schema\/person\/beddb4d22f71a7230c5b90913270a0ee"},"description":"Este fin de semana, \u00c1spero, Ciudad Pesquera de la Civilizaci\u00f3n Caral, celebr\u00f3 a lo grande su d\u00e9cimo tercer aniversario, con la principal participaci\u00f3n de sus habitantes quienes llenaron de color, m\u00fasica, cultura, misticismo, de arte y diversi\u00f3n, los dos d\u00edas que duraron las celebraciones, en Supe Puerto, Barranca.","breadcrumb":{"@id":"https:\/\/zonacaral.gob.pe\/en\/noticias\/cultura-misticismo-arte-y-diversion-asi-se-vivio-el-13-aniversario-de-aspero\/#breadcrumb"},"inLanguage":"en-US","potentialAction":[{"@type":"ReadAction","target":["https:\/\/zonacaral.gob.pe\/en\/noticias\/cultura-misticismo-arte-y-diversion-asi-se-vivio-el-13-aniversario-de-aspero\/"]}]},{"@type":"ImageObject","inLanguage":"en-US","@id":"https:\/\/zonacaral.gob.pe\/en\/noticias\/cultura-misticismo-arte-y-diversion-asi-se-vivio-el-13-aniversario-de-aspero\/#primaryimage","url":"https:\/\/zonacaral.gob.pe\/wp-content\/uploads\/2018\/05\/aniversario-aspero-01.jpg","contentUrl":"https:\/\/zonacaral.gob.pe\/wp-content\/uploads\/2018\/05\/aniversario-aspero-01.jpg","width":800,"height":534},{"@type":"BreadcrumbList","@id":"https:\/\/zonacaral.gob.pe\/en\/noticias\/cultura-misticismo-arte-y-diversion-asi-se-vivio-el-13-aniversario-de-aspero\/#breadcrumb","itemListElement":[{"@type":"ListItem","position":1,"name":"Portada","item":"https:\/\/zonacaral.gob.pe\/"},{"@type":"ListItem","position":2,"name":"Cultura, misticismo, arte y diversi\u00f3n: as\u00ed se vivi\u00f3 el 13\u00ba aniversario de \u00c1spero"}]},{"@type":"WebSite","@id":"https:\/\/zonacaral.gob.pe\/es\/#website","url":"https:\/\/zonacaral.gob.pe\/es\/","name":"Zona Caral","description":"Investigamos, conservamos y difundimos el patrimonio cultural de la Civilizaci\u00f3n Caral, la m\u00e1s antigua de Am\u00e9rica.","potentialAction":[{"@type":"SearchAction","target":{"@type":"EntryPoint","urlTemplate":"https:\/\/zonacaral.gob.pe\/es\/?s={search_term_string}"},"query-input":{"@type":"PropertyValueSpecification","valueRequired":true,"valueName":"search_term_string"}}],"inLanguage":"en-US"},{"@type":"Person","@id":"https:\/\/zonacaral.gob.pe\/es\/#\/schema\/person\/beddb4d22f71a7230c5b90913270a0ee","name":"Zona Caral Administrador","image":{"@type":"ImageObject","inLanguage":"en-US","@id":"https:\/\/secure.gravatar.com\/avatar\/e4be162918a696358376de6446614e0f0f4062bdc5d170d6d540ada3d8b58c12?s=96&d=mm&r=g","url":"https:\/\/secure.gravatar.com\/avatar\/e4be162918a696358376de6446614e0f0f4062bdc5d170d6d540ada3d8b58c12?s=96&d=mm&r=g","contentUrl":"https:\/\/secure.gravatar.com\/avatar\/e4be162918a696358376de6446614e0f0f4062bdc5d170d6d540ada3d8b58c12?s=96&d=mm&r=g","caption":"Zona Caral Administrador"},"sameAs":["https:\/\/zonacaral.gob.pe"],"url":"https:\/\/zonacaral.gob.pe\/en\/noticias\/author\/ad_zonacaral\/"}]}},"_links":{"self":[{"href":"https:\/\/zonacaral.gob.pe\/en\/wp-json\/wp\/v2\/posts\/12562","targetHints":{"allow":["GET"]}}],"collection":[{"href":"https:\/\/zonacaral.gob.pe\/en\/wp-json\/wp\/v2\/posts"}],"about":[{"href":"https:\/\/zonacaral.gob.pe\/en\/wp-json\/wp\/v2\/types\/post"}],"author":[{"embeddable":true,"href":"https:\/\/zonacaral.gob.pe\/en\/wp-json\/wp\/v2\/users\/1"}],"replies":[{"embeddable":true,"href":"https:\/\/zonacaral.gob.pe\/en\/wp-json\/wp\/v2\/comments?post=12562"}],"version-history":[{"count":0,"href":"https:\/\/zonacaral.gob.pe\/en\/wp-json\/wp\/v2\/posts\/12562\/revisions"}],"wp:featuredmedia":[{"embeddable":true,"href":"https:\/\/zonacaral.gob.pe\/en\/wp-json\/wp\/v2\/media\/12563"}],"wp:attachment":[{"href":"https:\/\/zonacaral.gob.pe\/en\/wp-json\/wp\/v2\/media?parent=12562"}],"wp:term":[{"taxonomy":"category","embeddable":true,"href":"https:\/\/zonacaral.gob.pe\/en\/wp-json\/wp\/v2\/categories?post=12562"},{"taxonomy":"post_tag","embeddable":true,"href":"https:\/\/zonacaral.gob.pe\/en\/wp-json\/wp\/v2\/tags?post=12562"}],"curies":[{"name":"wp","href":"https:\/\/api.w.org\/{rel}","templated":true}]}}