{"id":12619,"date":"2018-05-07T10:06:01","date_gmt":"2018-05-07T15:06:01","guid":{"rendered":"http:\/\/www.zonacaral.gob.pe\/?p=12619"},"modified":"2018-05-07T10:06:01","modified_gmt":"2018-05-07T15:06:01","slug":"aspero-gracias-por-el-fuego","status":"publish","type":"post","link":"https:\/\/zonacaral.gob.pe\/en\/noticias\/aspero-gracias-por-el-fuego\/","title":{"rendered":"\u00c1spero: Gracias por el fuego"},"content":{"rendered":"<figure class=\"pic-autor\" style=\"color: #4d4d4d; text-align: justify;\"><\/figure>\n<p style=\"text-align: justify;\">Nuevos hallazgos en el sorprendente complejo arqueol\u00f3gico de Supe Puerto, vinculados a Caral, dan nuevas luces sobre el antiqu\u00edsimo intercambio cultural entre los pueblos originarios de toda Am\u00e9rica.<\/p>\n<p style=\"text-align: justify;\">\u00bfQu\u00e9 tienen en com\u00fan los antiguos pescadores de Supe con las actuales comunidades de Shipibos-Conibos y los indios Navajo del suroeste norteamericano?<\/p>\n<p style=\"text-align: justify;\">Se le llama los \u201cOjos de Dios\u201d: un pieza textil de algod\u00f3n de colores que plasma un rombo conc\u00e9ntrico y que tiene como soporte dos ramas en forma de cruz. Fueron hallados como ofrendas en antiqu\u00edsimas tumbas del complejo arqueol\u00f3gico de \u00c1spero (Supe Puerto) que est\u00e1 vinculado con Caral.<\/p>\n<p style=\"text-align: justify;\">Para la Dra. Ruth Shady, los \u201cOjos de Dios evidencian la interacci\u00f3n que hubo desde \u00e9pocas pre-cer\u00e1micas entre los pueblos del litoral, la sierra y la Amazon\u00eda&#8230; y m\u00e1s all\u00e1 de las actuales fronteras del mundo andino. Se trata de un s\u00edmbolo de poder a\u00fan vigente en las comunidades Shipibo y los Cashibo, que llaman basim\u00ebti a los \u201cOjos de Dios. Tambi\u00e9n usados por los Cuna del sur de Panam\u00e1, los Huicholes de la Sierra madre mexicana (ellos la denominan \u201csikuli\u201d) y los Navajo, cuyo territorio se extendi\u00f3 a lo largo y ancho de la actual frontera de EEUU con M\u00e9xico.<\/p>\n<p style=\"text-align: justify;\">Los \u201cOjos de Dios\u201d hallados en las tumbas precer\u00e1micas de \u00c1spero est\u00e1n confeccionados con algod\u00f3n de colores y algunos incorporan plumas de guacamayos. Fueron usados como sombreros, estandartes y como ofrendas funerarias.<\/p>\n<p style=\"text-align: justify;\">As\u00ed como Caral sorprendi\u00f3 al mundo, as\u00ed tambi\u00e9n los hallazgos en \u00c1spero maravillan a los visitantes con su solemne arquitectura de piedra, el uso de shicras (bolsas tejidas) como base monumental y la ausencia de evidencias de armas ni murallas. Al parecer no fue un sociedad b\u00e9lica y las enormes piedras fueron trasladadas m\u00e1s de un kil\u00f3metro para la construcci\u00f3n de la \u201cHuaca de los \u00cddolos\u201d.<\/p>\n<p style=\"text-align: justify;\">\u00c1spero hizo noticia en el 2016 por el hallazgo de la c\u00e9lebre Dama de los Cuatro Tupus, una mujer de alto estatus social que, al parecer, no fue una gobernante. Tambi\u00e9n se descubrieron dos sacrificios humanos: un beb\u00e9 envuelto de textiles y redes de pesca y un adulto en posici\u00f3n fetal que fue instalado como un adobe m\u00e1s.<\/p>\n<p style=\"text-align: justify;\">\u00c1spero ya se integr\u00f3 al circuito arqueol\u00f3gico y tur\u00edstico del Norte Chico, junto con Caral y Vichama.<\/p>\n<p style=\"text-align: justify;\"><strong>\u00c1SPERO.<\/strong> Fue escenario este fin de semana de una sorprendente actividad cultural.<\/p>\n<p style=\"text-align: justify;\"><strong>OJOS DE DIOS.<\/strong> Antiguo s\u00edmbolo de poder de uso actual en todo el continente americano.<\/p>\n<p style=\"text-align: justify;\"><strong>EDUCACI\u00d3N.<\/strong> Los escolares de Supe son las m\u00e1s entusiastas difusores de su cultura ancestral.<\/p>\n<p style=\"text-align: justify;\"><strong>PIEDRA SOBRE PIEDRA.<\/strong> Las construcciones de \u00c1spero fueron construidas antes del adobe.<\/p>\n<p><iframe src=\"https:\/\/www.youtube.com\/embed\/oKQX1qmeBcA\" width=\"560\" height=\"315\" frameborder=\"0\" allowfullscreen=\"allowfullscreen\"><\/iframe><\/p>\n<p><span style=\"color: #993300;\"><strong>Fuente: Prensa ZAC<\/strong><\/span><\/p>\n<div style=\"color: #1f1f1f;\">\n<p style=\"text-align: justify;\">Fecha de publicaci\u00f3n: 03\/05\/2018<\/p>\n<\/div>","protected":false},"excerpt":{"rendered":"<p>Nuevos hallazgos en el sorprendente complejo arqueol\u00f3gico de Supe Puerto, vinculados a Caral, dan nuevas luces sobre el antiqu\u00edsimo intercambio [&hellip;]<\/p>\n","protected":false},"author":1,"featured_media":12621,"comment_status":"closed","ping_status":"open","sticky":false,"template":"","format":"standard","meta":{"_acf_changed":false,"site-sidebar-layout":"default","site-content-layout":"","ast-site-content-layout":"default","site-content-style":"default","site-sidebar-style":"default","ast-global-header-display":"","ast-banner-title-visibility":"","ast-main-header-display":"","ast-hfb-above-header-display":"","ast-hfb-below-header-display":"","ast-hfb-mobile-header-display":"","site-post-title":"","ast-breadcrumbs-content":"","ast-featured-img":"","footer-sml-layout":"","ast-disable-related-posts":"","theme-transparent-header-meta":"","adv-header-id-meta":"","stick-header-meta":"","header-above-stick-meta":"","header-main-stick-meta":"","header-below-stick-meta":"","astra-migrate-meta-layouts":"default","ast-page-background-enabled":"default","ast-page-background-meta":{"desktop":{"background-color":"var(--ast-global-color-5)","background-image":"","background-repeat":"repeat","background-position":"center center","background-size":"auto","background-attachment":"scroll","background-type":"","background-media":"","overlay-type":"","overlay-color":"","overlay-opacity":"","overlay-gradient":""},"tablet":{"background-color":"","background-image":"","background-repeat":"repeat","background-position":"center center","background-size":"auto","background-attachment":"scroll","background-type":"","background-media":"","overlay-type":"","overlay-color":"","overlay-opacity":"","overlay-gradient":""},"mobile":{"background-color":"","background-image":"","background-repeat":"repeat","background-position":"center center","background-size":"auto","background-attachment":"scroll","background-type":"","background-media":"","overlay-type":"","overlay-color":"","overlay-opacity":"","overlay-gradient":""}},"ast-content-background-meta":{"desktop":{"background-color":"var(--ast-global-color-4)","background-image":"","background-repeat":"repeat","background-position":"center center","background-size":"auto","background-attachment":"scroll","background-type":"","background-media":"","overlay-type":"","overlay-color":"","overlay-opacity":"","overlay-gradient":""},"tablet":{"background-color":"var(--ast-global-color-4)","background-image":"","background-repeat":"repeat","background-position":"center center","background-size":"auto","background-attachment":"scroll","background-type":"","background-media":"","overlay-type":"","overlay-color":"","overlay-opacity":"","overlay-gradient":""},"mobile":{"background-color":"var(--ast-global-color-4)","background-image":"","background-repeat":"repeat","background-position":"center center","background-size":"auto","background-attachment":"scroll","background-type":"","background-media":"","overlay-type":"","overlay-color":"","overlay-opacity":"","overlay-gradient":""}},"footnotes":""},"categories":[208],"tags":[54,63,161,64],"class_list":["post-12619","post","type-post","status-publish","format-standard","has-post-thumbnail","hentry","category-noticias","tag-aniversario","tag-aspero","tag-ojo-de-dios","tag-supe-puerto"],"acf":[],"yoast_head":"<!-- This site is optimized with the Yoast SEO plugin v27.3 - https:\/\/yoast.com\/product\/yoast-seo-wordpress\/ -->\n<title>\u00c1spero: Gracias por el fuego<\/title>\n<meta name=\"description\" content=\"\u00bfQu\u00e9 tienen en com\u00fan los antiguos pescadores de Supe con las actuales comunidades de Shipibos-Conibos y los indios Navajo del suroeste norteamericano?\" \/>\n<meta name=\"robots\" content=\"index, follow, max-snippet:-1, max-image-preview:large, max-video-preview:-1\" \/>\n<link rel=\"canonical\" href=\"https:\/\/zonacaral.gob.pe\/en\/noticias\/aspero-gracias-por-el-fuego\/\" \/>\n<meta property=\"og:locale\" content=\"en_US\" \/>\n<meta property=\"og:type\" content=\"article\" \/>\n<meta property=\"og:title\" content=\"\u00c1spero: Gracias por el fuego\" \/>\n<meta property=\"og:description\" content=\"\u00bfQu\u00e9 tienen en com\u00fan los antiguos pescadores de Supe con las actuales comunidades de Shipibos-Conibos y los indios Navajo del suroeste norteamericano?\" \/>\n<meta property=\"og:url\" content=\"https:\/\/zonacaral.gob.pe\/en\/noticias\/aspero-gracias-por-el-fuego\/\" \/>\n<meta property=\"og:site_name\" content=\"Zona Caral\" \/>\n<meta property=\"article:published_time\" content=\"2018-05-07T15:06:01+00:00\" \/>\n<meta property=\"og:image\" content=\"https:\/\/zonacaral.gob.pe\/wp-content\/uploads\/2018\/05\/aspero-gracias-por-el-fuego.jpg\" \/>\n\t<meta property=\"og:image:width\" content=\"800\" \/>\n\t<meta property=\"og:image:height\" content=\"448\" \/>\n\t<meta property=\"og:image:type\" content=\"image\/jpeg\" \/>\n<meta name=\"author\" content=\"Zona Caral Administrador\" \/>\n<meta name=\"twitter:card\" content=\"summary_large_image\" \/>\n<meta name=\"twitter:label1\" content=\"Written by\" \/>\n\t<meta name=\"twitter:data1\" content=\"Zona Caral Administrador\" \/>\n\t<meta name=\"twitter:label2\" content=\"Est. reading time\" \/>\n\t<meta name=\"twitter:data2\" content=\"2 minutes\" \/>\n<script type=\"application\/ld+json\" class=\"yoast-schema-graph\">{\"@context\":\"https:\\\/\\\/schema.org\",\"@graph\":[{\"@type\":\"Article\",\"@id\":\"https:\\\/\\\/zonacaral.gob.pe\\\/en\\\/noticias\\\/aspero-gracias-por-el-fuego\\\/#article\",\"isPartOf\":{\"@id\":\"https:\\\/\\\/zonacaral.gob.pe\\\/en\\\/noticias\\\/aspero-gracias-por-el-fuego\\\/\"},\"author\":{\"name\":\"Zona Caral Administrador\",\"@id\":\"https:\\\/\\\/zonacaral.gob.pe\\\/es\\\/#\\\/schema\\\/person\\\/beddb4d22f71a7230c5b90913270a0ee\"},\"headline\":\"\u00c1spero: Gracias por el fuego\",\"datePublished\":\"2018-05-07T15:06:01+00:00\",\"mainEntityOfPage\":{\"@id\":\"https:\\\/\\\/zonacaral.gob.pe\\\/en\\\/noticias\\\/aspero-gracias-por-el-fuego\\\/\"},\"wordCount\":471,\"image\":{\"@id\":\"https:\\\/\\\/zonacaral.gob.pe\\\/en\\\/noticias\\\/aspero-gracias-por-el-fuego\\\/#primaryimage\"},\"thumbnailUrl\":\"https:\\\/\\\/zonacaral.gob.pe\\\/wp-content\\\/uploads\\\/2018\\\/05\\\/aspero-gracias-por-el-fuego.jpg\",\"keywords\":[\"aniversario\",\"Aspero\",\"ojo de dios\",\"supe puerto\"],\"articleSection\":[\"noticias\"],\"inLanguage\":\"en-US\"},{\"@type\":\"WebPage\",\"@id\":\"https:\\\/\\\/zonacaral.gob.pe\\\/en\\\/noticias\\\/aspero-gracias-por-el-fuego\\\/\",\"url\":\"https:\\\/\\\/zonacaral.gob.pe\\\/en\\\/noticias\\\/aspero-gracias-por-el-fuego\\\/\",\"name\":\"\u00c1spero: Gracias por el fuego\",\"isPartOf\":{\"@id\":\"https:\\\/\\\/zonacaral.gob.pe\\\/es\\\/#website\"},\"primaryImageOfPage\":{\"@id\":\"https:\\\/\\\/zonacaral.gob.pe\\\/en\\\/noticias\\\/aspero-gracias-por-el-fuego\\\/#primaryimage\"},\"image\":{\"@id\":\"https:\\\/\\\/zonacaral.gob.pe\\\/en\\\/noticias\\\/aspero-gracias-por-el-fuego\\\/#primaryimage\"},\"thumbnailUrl\":\"https:\\\/\\\/zonacaral.gob.pe\\\/wp-content\\\/uploads\\\/2018\\\/05\\\/aspero-gracias-por-el-fuego.jpg\",\"datePublished\":\"2018-05-07T15:06:01+00:00\",\"author\":{\"@id\":\"https:\\\/\\\/zonacaral.gob.pe\\\/es\\\/#\\\/schema\\\/person\\\/beddb4d22f71a7230c5b90913270a0ee\"},\"description\":\"\u00bfQu\u00e9 tienen en com\u00fan los antiguos pescadores de Supe con las actuales comunidades de Shipibos-Conibos y los indios Navajo del suroeste norteamericano?\",\"breadcrumb\":{\"@id\":\"https:\\\/\\\/zonacaral.gob.pe\\\/en\\\/noticias\\\/aspero-gracias-por-el-fuego\\\/#breadcrumb\"},\"inLanguage\":\"en-US\",\"potentialAction\":[{\"@type\":\"ReadAction\",\"target\":[\"https:\\\/\\\/zonacaral.gob.pe\\\/en\\\/noticias\\\/aspero-gracias-por-el-fuego\\\/\"]}]},{\"@type\":\"ImageObject\",\"inLanguage\":\"en-US\",\"@id\":\"https:\\\/\\\/zonacaral.gob.pe\\\/en\\\/noticias\\\/aspero-gracias-por-el-fuego\\\/#primaryimage\",\"url\":\"https:\\\/\\\/zonacaral.gob.pe\\\/wp-content\\\/uploads\\\/2018\\\/05\\\/aspero-gracias-por-el-fuego.jpg\",\"contentUrl\":\"https:\\\/\\\/zonacaral.gob.pe\\\/wp-content\\\/uploads\\\/2018\\\/05\\\/aspero-gracias-por-el-fuego.jpg\",\"width\":800,\"height\":448},{\"@type\":\"BreadcrumbList\",\"@id\":\"https:\\\/\\\/zonacaral.gob.pe\\\/en\\\/noticias\\\/aspero-gracias-por-el-fuego\\\/#breadcrumb\",\"itemListElement\":[{\"@type\":\"ListItem\",\"position\":1,\"name\":\"Portada\",\"item\":\"https:\\\/\\\/zonacaral.gob.pe\\\/\"},{\"@type\":\"ListItem\",\"position\":2,\"name\":\"\u00c1spero: Gracias por el fuego\"}]},{\"@type\":\"WebSite\",\"@id\":\"https:\\\/\\\/zonacaral.gob.pe\\\/es\\\/#website\",\"url\":\"https:\\\/\\\/zonacaral.gob.pe\\\/es\\\/\",\"name\":\"Zona Caral\",\"description\":\"Investigamos, conservamos y difundimos el patrimonio cultural de la Civilizaci\u00f3n Caral, la m\u00e1s antigua de Am\u00e9rica.\",\"potentialAction\":[{\"@type\":\"SearchAction\",\"target\":{\"@type\":\"EntryPoint\",\"urlTemplate\":\"https:\\\/\\\/zonacaral.gob.pe\\\/es\\\/?s={search_term_string}\"},\"query-input\":{\"@type\":\"PropertyValueSpecification\",\"valueRequired\":true,\"valueName\":\"search_term_string\"}}],\"inLanguage\":\"en-US\"},{\"@type\":\"Person\",\"@id\":\"https:\\\/\\\/zonacaral.gob.pe\\\/es\\\/#\\\/schema\\\/person\\\/beddb4d22f71a7230c5b90913270a0ee\",\"name\":\"Zona Caral Administrador\",\"image\":{\"@type\":\"ImageObject\",\"inLanguage\":\"en-US\",\"@id\":\"https:\\\/\\\/secure.gravatar.com\\\/avatar\\\/e4be162918a696358376de6446614e0f0f4062bdc5d170d6d540ada3d8b58c12?s=96&d=mm&r=g\",\"url\":\"https:\\\/\\\/secure.gravatar.com\\\/avatar\\\/e4be162918a696358376de6446614e0f0f4062bdc5d170d6d540ada3d8b58c12?s=96&d=mm&r=g\",\"contentUrl\":\"https:\\\/\\\/secure.gravatar.com\\\/avatar\\\/e4be162918a696358376de6446614e0f0f4062bdc5d170d6d540ada3d8b58c12?s=96&d=mm&r=g\",\"caption\":\"Zona Caral Administrador\"},\"sameAs\":[\"https:\\\/\\\/zonacaral.gob.pe\"],\"url\":\"https:\\\/\\\/zonacaral.gob.pe\\\/en\\\/noticias\\\/author\\\/ad_zonacaral\\\/\"}]}<\/script>\n<!-- \/ Yoast SEO plugin. -->","yoast_head_json":{"title":"\u00c1spero: Gracias por el fuego","description":"\u00bfQu\u00e9 tienen en com\u00fan los antiguos pescadores de Supe con las actuales comunidades de Shipibos-Conibos y los indios Navajo del suroeste norteamericano?","robots":{"index":"index","follow":"follow","max-snippet":"max-snippet:-1","max-image-preview":"max-image-preview:large","max-video-preview":"max-video-preview:-1"},"canonical":"https:\/\/zonacaral.gob.pe\/en\/noticias\/aspero-gracias-por-el-fuego\/","og_locale":"en_US","og_type":"article","og_title":"\u00c1spero: Gracias por el fuego","og_description":"\u00bfQu\u00e9 tienen en com\u00fan los antiguos pescadores de Supe con las actuales comunidades de Shipibos-Conibos y los indios Navajo del suroeste norteamericano?","og_url":"https:\/\/zonacaral.gob.pe\/en\/noticias\/aspero-gracias-por-el-fuego\/","og_site_name":"Zona Caral","article_published_time":"2018-05-07T15:06:01+00:00","og_image":[{"width":800,"height":448,"url":"https:\/\/zonacaral.gob.pe\/wp-content\/uploads\/2018\/05\/aspero-gracias-por-el-fuego.jpg","type":"image\/jpeg"}],"author":"Zona Caral Administrador","twitter_card":"summary_large_image","twitter_misc":{"Written by":"Zona Caral Administrador","Est. reading time":"2 minutes"},"schema":{"@context":"https:\/\/schema.org","@graph":[{"@type":"Article","@id":"https:\/\/zonacaral.gob.pe\/en\/noticias\/aspero-gracias-por-el-fuego\/#article","isPartOf":{"@id":"https:\/\/zonacaral.gob.pe\/en\/noticias\/aspero-gracias-por-el-fuego\/"},"author":{"name":"Zona Caral Administrador","@id":"https:\/\/zonacaral.gob.pe\/es\/#\/schema\/person\/beddb4d22f71a7230c5b90913270a0ee"},"headline":"\u00c1spero: Gracias por el fuego","datePublished":"2018-05-07T15:06:01+00:00","mainEntityOfPage":{"@id":"https:\/\/zonacaral.gob.pe\/en\/noticias\/aspero-gracias-por-el-fuego\/"},"wordCount":471,"image":{"@id":"https:\/\/zonacaral.gob.pe\/en\/noticias\/aspero-gracias-por-el-fuego\/#primaryimage"},"thumbnailUrl":"https:\/\/zonacaral.gob.pe\/wp-content\/uploads\/2018\/05\/aspero-gracias-por-el-fuego.jpg","keywords":["aniversario","Aspero","ojo de dios","supe puerto"],"articleSection":["noticias"],"inLanguage":"en-US"},{"@type":"WebPage","@id":"https:\/\/zonacaral.gob.pe\/en\/noticias\/aspero-gracias-por-el-fuego\/","url":"https:\/\/zonacaral.gob.pe\/en\/noticias\/aspero-gracias-por-el-fuego\/","name":"\u00c1spero: Gracias por el fuego","isPartOf":{"@id":"https:\/\/zonacaral.gob.pe\/es\/#website"},"primaryImageOfPage":{"@id":"https:\/\/zonacaral.gob.pe\/en\/noticias\/aspero-gracias-por-el-fuego\/#primaryimage"},"image":{"@id":"https:\/\/zonacaral.gob.pe\/en\/noticias\/aspero-gracias-por-el-fuego\/#primaryimage"},"thumbnailUrl":"https:\/\/zonacaral.gob.pe\/wp-content\/uploads\/2018\/05\/aspero-gracias-por-el-fuego.jpg","datePublished":"2018-05-07T15:06:01+00:00","author":{"@id":"https:\/\/zonacaral.gob.pe\/es\/#\/schema\/person\/beddb4d22f71a7230c5b90913270a0ee"},"description":"\u00bfQu\u00e9 tienen en com\u00fan los antiguos pescadores de Supe con las actuales comunidades de Shipibos-Conibos y los indios Navajo del suroeste norteamericano?","breadcrumb":{"@id":"https:\/\/zonacaral.gob.pe\/en\/noticias\/aspero-gracias-por-el-fuego\/#breadcrumb"},"inLanguage":"en-US","potentialAction":[{"@type":"ReadAction","target":["https:\/\/zonacaral.gob.pe\/en\/noticias\/aspero-gracias-por-el-fuego\/"]}]},{"@type":"ImageObject","inLanguage":"en-US","@id":"https:\/\/zonacaral.gob.pe\/en\/noticias\/aspero-gracias-por-el-fuego\/#primaryimage","url":"https:\/\/zonacaral.gob.pe\/wp-content\/uploads\/2018\/05\/aspero-gracias-por-el-fuego.jpg","contentUrl":"https:\/\/zonacaral.gob.pe\/wp-content\/uploads\/2018\/05\/aspero-gracias-por-el-fuego.jpg","width":800,"height":448},{"@type":"BreadcrumbList","@id":"https:\/\/zonacaral.gob.pe\/en\/noticias\/aspero-gracias-por-el-fuego\/#breadcrumb","itemListElement":[{"@type":"ListItem","position":1,"name":"Portada","item":"https:\/\/zonacaral.gob.pe\/"},{"@type":"ListItem","position":2,"name":"\u00c1spero: Gracias por el fuego"}]},{"@type":"WebSite","@id":"https:\/\/zonacaral.gob.pe\/es\/#website","url":"https:\/\/zonacaral.gob.pe\/es\/","name":"Zona Caral","description":"Investigamos, conservamos y difundimos el patrimonio cultural de la Civilizaci\u00f3n Caral, la m\u00e1s antigua de Am\u00e9rica.","potentialAction":[{"@type":"SearchAction","target":{"@type":"EntryPoint","urlTemplate":"https:\/\/zonacaral.gob.pe\/es\/?s={search_term_string}"},"query-input":{"@type":"PropertyValueSpecification","valueRequired":true,"valueName":"search_term_string"}}],"inLanguage":"en-US"},{"@type":"Person","@id":"https:\/\/zonacaral.gob.pe\/es\/#\/schema\/person\/beddb4d22f71a7230c5b90913270a0ee","name":"Zona Caral Administrador","image":{"@type":"ImageObject","inLanguage":"en-US","@id":"https:\/\/secure.gravatar.com\/avatar\/e4be162918a696358376de6446614e0f0f4062bdc5d170d6d540ada3d8b58c12?s=96&d=mm&r=g","url":"https:\/\/secure.gravatar.com\/avatar\/e4be162918a696358376de6446614e0f0f4062bdc5d170d6d540ada3d8b58c12?s=96&d=mm&r=g","contentUrl":"https:\/\/secure.gravatar.com\/avatar\/e4be162918a696358376de6446614e0f0f4062bdc5d170d6d540ada3d8b58c12?s=96&d=mm&r=g","caption":"Zona Caral Administrador"},"sameAs":["https:\/\/zonacaral.gob.pe"],"url":"https:\/\/zonacaral.gob.pe\/en\/noticias\/author\/ad_zonacaral\/"}]}},"_links":{"self":[{"href":"https:\/\/zonacaral.gob.pe\/en\/wp-json\/wp\/v2\/posts\/12619","targetHints":{"allow":["GET"]}}],"collection":[{"href":"https:\/\/zonacaral.gob.pe\/en\/wp-json\/wp\/v2\/posts"}],"about":[{"href":"https:\/\/zonacaral.gob.pe\/en\/wp-json\/wp\/v2\/types\/post"}],"author":[{"embeddable":true,"href":"https:\/\/zonacaral.gob.pe\/en\/wp-json\/wp\/v2\/users\/1"}],"replies":[{"embeddable":true,"href":"https:\/\/zonacaral.gob.pe\/en\/wp-json\/wp\/v2\/comments?post=12619"}],"version-history":[{"count":0,"href":"https:\/\/zonacaral.gob.pe\/en\/wp-json\/wp\/v2\/posts\/12619\/revisions"}],"wp:featuredmedia":[{"embeddable":true,"href":"https:\/\/zonacaral.gob.pe\/en\/wp-json\/wp\/v2\/media\/12621"}],"wp:attachment":[{"href":"https:\/\/zonacaral.gob.pe\/en\/wp-json\/wp\/v2\/media?parent=12619"}],"wp:term":[{"taxonomy":"category","embeddable":true,"href":"https:\/\/zonacaral.gob.pe\/en\/wp-json\/wp\/v2\/categories?post=12619"},{"taxonomy":"post_tag","embeddable":true,"href":"https:\/\/zonacaral.gob.pe\/en\/wp-json\/wp\/v2\/tags?post=12619"}],"curies":[{"name":"wp","href":"https:\/\/api.w.org\/{rel}","templated":true}]}}