{"id":12704,"date":"2018-05-24T10:44:36","date_gmt":"2018-05-24T15:44:36","guid":{"rendered":"http:\/\/www.zonacaral.gob.pe\/?p=12704"},"modified":"2018-05-24T10:44:36","modified_gmt":"2018-05-24T15:44:36","slug":"transmision-desde-el-museo-comunitario-de-supe-peru-y-el-museo-comunitario-del-complejo-cultural-real-alto-ecuador","status":"publish","type":"post","link":"https:\/\/zonacaral.gob.pe\/en\/noticias\/transmision-desde-el-museo-comunitario-de-supe-peru-y-el-museo-comunitario-del-complejo-cultural-real-alto-ecuador\/","title":{"rendered":"Museos de Per\u00fa y Ecuador intercambiar\u00e1n culturas v\u00eda streaming"},"content":{"rendered":"<figure class=\"pic-autor\" style=\"color: #4d4d4d; text-align: justify;\"><\/figure>\n<blockquote>\n<p style=\"text-align: justify;\">Un encuentro entre Caral, Primera Civilizaci\u00f3n de Am\u00e9rica, y Valdivia, Primera Cultura Alfarera de Am\u00e9rica, ambas con alrededor de 5,000 a\u00f1os de antig\u00fcedad. Actividad gratuita, apta para todo el p\u00fablico.<\/p>\n<\/blockquote>\n<p>El Museo Comunitario de Supe (Per\u00fa) y el Museo Comunitario del Complejo Cultural Real Alto (Ecuador), intercambiar\u00e1n sus culturas, V\u00cdA STREAMING, bajo el t\u00edtulo: <strong>\u00abRelaci\u00f3n del pasado con el presente: Caral y Valdivia, dos antiguas culturas del Per\u00fa y Ecuador\u00bb<\/strong>.<\/p>\n<p>Esta actividad se realizar\u00e1 el jueves 31 de mayo a partir de las 16:00 hrs., en el marco del Mes Internacional de los Museos. Es organizado por el programa TINKUY, de la Zona Arqueol\u00f3gica Caral (ZAC), unidad ejecutora 003, del Ministerio de Cultura.<\/p>\n<h2 style=\"text-align: justify;\">\u00bfQu\u00e9 se realizar\u00e1?<\/h2>\n<p style=\"text-align: justify;\">La Dra. Ruth Shady, directora de la ZAC, desde el Museo Comunitario de Supe, presentar\u00e1 las investigaciones sobre la civilizaci\u00f3n Caral y la presencia del \u201cmullu\u201d o concha Spondylus y su significado, para inferir desde la materialidad, c\u00f3mo ha sido la vida de las poblaciones de los centros urbanos de la Primera Civilizaci\u00f3n de Am\u00e9rica, Patrimonio Mundial, con 5,000 a\u00f1os de antig\u00fcedad.<\/p>\n<p style=\"text-align: justify;\">Del otro lado, el Dr. Jorge Marcos Pino, desde el Museo Comunitario del Complejo Cultural Real Alto (Santa Elena, Ecuador), presentar\u00e1 sus investigaciones sobre la presencia del Spondylus y tambi\u00e9n las relaciones de interacci\u00f3n y las rutas de intercambio que se establecieron con otras sociedades tempranas, entre 3,500 a\u00f1os a.C a 1,800 a\u00f1os a.C.<\/p>\n<h2 style=\"text-align: justify;\">\u00bfC\u00f3mo ver la transmisi\u00f3n?<\/h2>\n<p style=\"text-align: justify;\">La transmisi\u00f3n podr\u00e1 ser vista desde los siguientes enlaces:<\/p>\n<ul>\n<li>Canal del Ministerio de Cultura\u00a0<span style=\"color: #222222;\">\u2192<\/span><strong>\u00a0<a href=\"http:\/\/www.cultura24.tv\/\">www.cultura24.tv<\/a><\/strong><\/li>\n<li>Portal Per\u00faEduca del Ministerio de Educaci\u00f3n\u00a0<span style=\"color: #222222;\">\u2192<\/span> <strong><a href=\"http:\/\/envivo.perueduca.pe\/\">envivo.perueduca.pe<\/a><\/strong><\/li>\n<li>P\u00e1gina de Facebook de Zona Arqueol\u00f3gica Caral <span style=\"color: #222222;\">\u2192<\/span> <strong><a href=\"https:\/\/www.facebook.com\/CARALPERU\/\">@CARALPERU<\/a><\/strong><\/li>\n<li>P\u00e1gina de Facebook de la Facultad de Ciencias Sociales y Human\u00edsticas \u2013 ESPOL de Ecuador <span style=\"color: #222222;\">\u2192\u00a0<\/span><strong><a href=\"https:\/\/www.facebook.com\/ESPOL.FCSH\/\">@ESPOL.FCSH\u00a0<\/a><\/strong><\/li>\n<\/ul>\n<h2 style=\"text-align: justify;\">Agenda de Actividades<\/h2>\n<h3 style=\"text-align: justify;\"><strong>jueves 31 de mayo<\/strong><\/h3>\n<p><strong>09:30 AM:\u00a0<\/strong>Registro de participantes en el Museo Comunitario de Supe.<\/p>\n<p><strong>10:00 AM:<\/strong>\u00a0Inicio del PRIMER CIRCUITO PEATONAL TURISTICO \u00abSUPE TE CUENTA SU HISTORIA\u00bb (breve rese\u00f1a hist\u00f3rica y principales atractivos tur\u00edsticos). Lugar: Plaza de Armas.<\/p>\n<p><strong>10:20 AM:<\/strong> Primera Representaci\u00f3n Teatral C\u00edvica. Acomp\u00e1\u00f1anos a disfrutar de la puesta en escena en la hist\u00f3rica Plaza de Armas, lugar en donde un 5 de abril de 1819, Francisco Vidal Laos y otros patriotas dieron el Primer Grito de Libertad.<\/p>\n<p><strong>10:50 AM:<\/strong>\u00a0Visita guiada al \u00abMuseo Comunitario de Supe\u00bb. Recorre el Museo Comunitario de Supe y aprox\u00edmate al conocimiento sobre la historia social de la Civilizaci\u00f3n Caral, Patrimonio Mundial que se viene recuperando a partir de las investigaciones arqueol\u00f3gicas.<\/p>\n<p><strong>11:30 AM:<\/strong>\u00a0Caminata al Cerro Chimu C\u00e1pac (Mirador Natural). Conoceremos su historia y tambi\u00e9n el mito que da cuenta sobre su creaci\u00f3n; as\u00ed tambi\u00e9n, se podr\u00e1 apreciar el distrito de Supe.<\/p>\n<p><strong>4:00 PM:<\/strong>\u00a0Transmisi\u00f3n digital (streaming) entre el Museo Comunitario de Supe (Supe, Per\u00fa) y Museo Comunitario del Complejo Cultural Real Alto (Santa Elena, Ecuador).<\/p>\n<p><strong>INCLUYE:<\/strong><\/p>\n<ul>\n<li>Guiado<\/li>\n<li>Material informativo.<\/li>\n<li>Entrada al Museo Comunitario.<\/li>\n<\/ul>\n<p>Importante:<\/p>\n<ul>\n<li>Es muy importante respetar el itinerario y el tiempo otorgado en cada destino por comodidad de todos los participantes.<\/li>\n<li>En Supe, el clima es templado, sin embargo, hay espacios donde corre mucho viento.<\/li>\n<li>Sugerimos llevar ropa c\u00f3moda (buzo &#8211; chaqueta manga larga) y zapatillas ligeras para caminata.<\/li>\n<li>Se recomienda llevar agua, bloqueador solar, lentes y gorra.<\/li>\n<\/ul>\n<p><span style=\"color: #993300;\"><strong>Fuente<\/strong><strong>:\u00a0Prensa ZAC<\/strong><\/span><\/p>\n<div style=\"color: #1f1f1f;\">\n<p style=\"text-align: justify;\">Fecha de publicaci\u00f3n: 23\/05\/2018<\/p>\n<\/div>","protected":false},"excerpt":{"rendered":"<p>Un encuentro entre Caral, Primera Civilizaci\u00f3n de Am\u00e9rica, y Valdivia, Primera Cultura Alfarera de Am\u00e9rica, ambas con alrededor de 5,000 [&hellip;]<\/p>\n","protected":false},"author":1,"featured_media":12705,"comment_status":"closed","ping_status":"open","sticky":false,"template":"","format":"standard","meta":{"_acf_changed":false,"site-sidebar-layout":"default","site-content-layout":"","ast-site-content-layout":"default","site-content-style":"default","site-sidebar-style":"default","ast-global-header-display":"","ast-banner-title-visibility":"","ast-main-header-display":"","ast-hfb-above-header-display":"","ast-hfb-below-header-display":"","ast-hfb-mobile-header-display":"","site-post-title":"","ast-breadcrumbs-content":"","ast-featured-img":"","footer-sml-layout":"","ast-disable-related-posts":"","theme-transparent-header-meta":"","adv-header-id-meta":"","stick-header-meta":"","header-above-stick-meta":"","header-main-stick-meta":"","header-below-stick-meta":"","astra-migrate-meta-layouts":"default","ast-page-background-enabled":"default","ast-page-background-meta":{"desktop":{"background-color":"var(--ast-global-color-5)","background-image":"","background-repeat":"repeat","background-position":"center center","background-size":"auto","background-attachment":"scroll","background-type":"","background-media":"","overlay-type":"","overlay-color":"","overlay-opacity":"","overlay-gradient":""},"tablet":{"background-color":"","background-image":"","background-repeat":"repeat","background-position":"center center","background-size":"auto","background-attachment":"scroll","background-type":"","background-media":"","overlay-type":"","overlay-color":"","overlay-opacity":"","overlay-gradient":""},"mobile":{"background-color":"","background-image":"","background-repeat":"repeat","background-position":"center center","background-size":"auto","background-attachment":"scroll","background-type":"","background-media":"","overlay-type":"","overlay-color":"","overlay-opacity":"","overlay-gradient":""}},"ast-content-background-meta":{"desktop":{"background-color":"var(--ast-global-color-4)","background-image":"","background-repeat":"repeat","background-position":"center center","background-size":"auto","background-attachment":"scroll","background-type":"","background-media":"","overlay-type":"","overlay-color":"","overlay-opacity":"","overlay-gradient":""},"tablet":{"background-color":"var(--ast-global-color-4)","background-image":"","background-repeat":"repeat","background-position":"center center","background-size":"auto","background-attachment":"scroll","background-type":"","background-media":"","overlay-type":"","overlay-color":"","overlay-opacity":"","overlay-gradient":""},"mobile":{"background-color":"var(--ast-global-color-4)","background-image":"","background-repeat":"repeat","background-position":"center center","background-size":"auto","background-attachment":"scroll","background-type":"","background-media":"","overlay-type":"","overlay-color":"","overlay-opacity":"","overlay-gradient":""}},"footnotes":""},"categories":[208],"tags":[55,121,163],"class_list":["post-12704","post","type-post","status-publish","format-standard","has-post-thumbnail","hentry","category-noticias","tag-caral","tag-museos","tag-valdivia"],"acf":[],"yoast_head":"<!-- This site is optimized with the Yoast SEO plugin v27.3 - https:\/\/yoast.com\/product\/yoast-seo-wordpress\/ -->\n<title>Transmisi\u00f3n desde el Museo de Caral y el Museo Real Alto de Ecuador<\/title>\n<meta name=\"description\" content=\"Un encuentro entre Caral, Primera Civilizaci\u00f3n de Am\u00e9rica, y Valdivia, Primera Cultura Alfarera de Am\u00e9rica, ambas con alrededor de 5,000 a\u00f1os de antig\u00fcedad. Actividad gratuita, apta para todo el p\u00fablico.\" \/>\n<meta name=\"robots\" content=\"index, follow, max-snippet:-1, max-image-preview:large, max-video-preview:-1\" \/>\n<link rel=\"canonical\" href=\"https:\/\/zonacaral.gob.pe\/en\/noticias\/transmision-desde-el-museo-comunitario-de-supe-peru-y-el-museo-comunitario-del-complejo-cultural-real-alto-ecuador\/\" \/>\n<meta property=\"og:locale\" content=\"en_US\" \/>\n<meta property=\"og:type\" content=\"article\" \/>\n<meta property=\"og:title\" content=\"Transmisi\u00f3n desde el Museo de Caral y el Museo Real Alto de Ecuador\" \/>\n<meta property=\"og:description\" content=\"Un encuentro entre Caral, Primera Civilizaci\u00f3n de Am\u00e9rica, y Valdivia, Primera Cultura Alfarera de Am\u00e9rica, ambas con alrededor de 5,000 a\u00f1os de antig\u00fcedad. Actividad gratuita, apta para todo el p\u00fablico.\" \/>\n<meta property=\"og:url\" content=\"https:\/\/zonacaral.gob.pe\/en\/noticias\/transmision-desde-el-museo-comunitario-de-supe-peru-y-el-museo-comunitario-del-complejo-cultural-real-alto-ecuador\/\" \/>\n<meta property=\"og:site_name\" content=\"Zona Caral\" \/>\n<meta property=\"article:published_time\" content=\"2018-05-24T15:44:36+00:00\" \/>\n<meta property=\"og:image\" content=\"https:\/\/zonacaral.gob.pe\/wp-content\/uploads\/2018\/05\/valdivia-caral.jpg\" \/>\n\t<meta property=\"og:image:width\" content=\"1000\" \/>\n\t<meta property=\"og:image:height\" content=\"521\" \/>\n\t<meta property=\"og:image:type\" content=\"image\/jpeg\" \/>\n<meta name=\"author\" content=\"Zona Caral Administrador\" \/>\n<meta name=\"twitter:card\" content=\"summary_large_image\" \/>\n<meta name=\"twitter:label1\" content=\"Written by\" \/>\n\t<meta name=\"twitter:data1\" content=\"Zona Caral Administrador\" \/>\n\t<meta name=\"twitter:label2\" content=\"Est. reading time\" \/>\n\t<meta name=\"twitter:data2\" content=\"3 minutes\" \/>\n<script type=\"application\/ld+json\" class=\"yoast-schema-graph\">{\"@context\":\"https:\\\/\\\/schema.org\",\"@graph\":[{\"@type\":\"Article\",\"@id\":\"https:\\\/\\\/zonacaral.gob.pe\\\/en\\\/noticias\\\/transmision-desde-el-museo-comunitario-de-supe-peru-y-el-museo-comunitario-del-complejo-cultural-real-alto-ecuador\\\/#article\",\"isPartOf\":{\"@id\":\"https:\\\/\\\/zonacaral.gob.pe\\\/en\\\/noticias\\\/transmision-desde-el-museo-comunitario-de-supe-peru-y-el-museo-comunitario-del-complejo-cultural-real-alto-ecuador\\\/\"},\"author\":{\"name\":\"Zona Caral Administrador\",\"@id\":\"https:\\\/\\\/zonacaral.gob.pe\\\/es\\\/#\\\/schema\\\/person\\\/beddb4d22f71a7230c5b90913270a0ee\"},\"headline\":\"Museos de Per\u00fa y Ecuador intercambiar\u00e1n culturas v\u00eda streaming\",\"datePublished\":\"2018-05-24T15:44:36+00:00\",\"mainEntityOfPage\":{\"@id\":\"https:\\\/\\\/zonacaral.gob.pe\\\/en\\\/noticias\\\/transmision-desde-el-museo-comunitario-de-supe-peru-y-el-museo-comunitario-del-complejo-cultural-real-alto-ecuador\\\/\"},\"wordCount\":578,\"image\":{\"@id\":\"https:\\\/\\\/zonacaral.gob.pe\\\/en\\\/noticias\\\/transmision-desde-el-museo-comunitario-de-supe-peru-y-el-museo-comunitario-del-complejo-cultural-real-alto-ecuador\\\/#primaryimage\"},\"thumbnailUrl\":\"https:\\\/\\\/zonacaral.gob.pe\\\/wp-content\\\/uploads\\\/2018\\\/05\\\/valdivia-caral.jpg\",\"keywords\":[\"caral\",\"museos\",\"valdivia\"],\"articleSection\":[\"noticias\"],\"inLanguage\":\"en-US\"},{\"@type\":\"WebPage\",\"@id\":\"https:\\\/\\\/zonacaral.gob.pe\\\/en\\\/noticias\\\/transmision-desde-el-museo-comunitario-de-supe-peru-y-el-museo-comunitario-del-complejo-cultural-real-alto-ecuador\\\/\",\"url\":\"https:\\\/\\\/zonacaral.gob.pe\\\/en\\\/noticias\\\/transmision-desde-el-museo-comunitario-de-supe-peru-y-el-museo-comunitario-del-complejo-cultural-real-alto-ecuador\\\/\",\"name\":\"Transmisi\u00f3n desde el Museo de Caral y el Museo Real Alto de Ecuador\",\"isPartOf\":{\"@id\":\"https:\\\/\\\/zonacaral.gob.pe\\\/es\\\/#website\"},\"primaryImageOfPage\":{\"@id\":\"https:\\\/\\\/zonacaral.gob.pe\\\/en\\\/noticias\\\/transmision-desde-el-museo-comunitario-de-supe-peru-y-el-museo-comunitario-del-complejo-cultural-real-alto-ecuador\\\/#primaryimage\"},\"image\":{\"@id\":\"https:\\\/\\\/zonacaral.gob.pe\\\/en\\\/noticias\\\/transmision-desde-el-museo-comunitario-de-supe-peru-y-el-museo-comunitario-del-complejo-cultural-real-alto-ecuador\\\/#primaryimage\"},\"thumbnailUrl\":\"https:\\\/\\\/zonacaral.gob.pe\\\/wp-content\\\/uploads\\\/2018\\\/05\\\/valdivia-caral.jpg\",\"datePublished\":\"2018-05-24T15:44:36+00:00\",\"author\":{\"@id\":\"https:\\\/\\\/zonacaral.gob.pe\\\/es\\\/#\\\/schema\\\/person\\\/beddb4d22f71a7230c5b90913270a0ee\"},\"description\":\"Un encuentro entre Caral, Primera Civilizaci\u00f3n de Am\u00e9rica, y Valdivia, Primera Cultura Alfarera de Am\u00e9rica, ambas con alrededor de 5,000 a\u00f1os de antig\u00fcedad. Actividad gratuita, apta para todo el p\u00fablico.\",\"breadcrumb\":{\"@id\":\"https:\\\/\\\/zonacaral.gob.pe\\\/en\\\/noticias\\\/transmision-desde-el-museo-comunitario-de-supe-peru-y-el-museo-comunitario-del-complejo-cultural-real-alto-ecuador\\\/#breadcrumb\"},\"inLanguage\":\"en-US\",\"potentialAction\":[{\"@type\":\"ReadAction\",\"target\":[\"https:\\\/\\\/zonacaral.gob.pe\\\/en\\\/noticias\\\/transmision-desde-el-museo-comunitario-de-supe-peru-y-el-museo-comunitario-del-complejo-cultural-real-alto-ecuador\\\/\"]}]},{\"@type\":\"ImageObject\",\"inLanguage\":\"en-US\",\"@id\":\"https:\\\/\\\/zonacaral.gob.pe\\\/en\\\/noticias\\\/transmision-desde-el-museo-comunitario-de-supe-peru-y-el-museo-comunitario-del-complejo-cultural-real-alto-ecuador\\\/#primaryimage\",\"url\":\"https:\\\/\\\/zonacaral.gob.pe\\\/wp-content\\\/uploads\\\/2018\\\/05\\\/valdivia-caral.jpg\",\"contentUrl\":\"https:\\\/\\\/zonacaral.gob.pe\\\/wp-content\\\/uploads\\\/2018\\\/05\\\/valdivia-caral.jpg\",\"width\":1000,\"height\":521},{\"@type\":\"BreadcrumbList\",\"@id\":\"https:\\\/\\\/zonacaral.gob.pe\\\/en\\\/noticias\\\/transmision-desde-el-museo-comunitario-de-supe-peru-y-el-museo-comunitario-del-complejo-cultural-real-alto-ecuador\\\/#breadcrumb\",\"itemListElement\":[{\"@type\":\"ListItem\",\"position\":1,\"name\":\"Portada\",\"item\":\"https:\\\/\\\/zonacaral.gob.pe\\\/\"},{\"@type\":\"ListItem\",\"position\":2,\"name\":\"Museos de Per\u00fa y Ecuador intercambiar\u00e1n culturas v\u00eda streaming\"}]},{\"@type\":\"WebSite\",\"@id\":\"https:\\\/\\\/zonacaral.gob.pe\\\/es\\\/#website\",\"url\":\"https:\\\/\\\/zonacaral.gob.pe\\\/es\\\/\",\"name\":\"Zona Caral\",\"description\":\"Investigamos, conservamos y difundimos el patrimonio cultural de la Civilizaci\u00f3n Caral, la m\u00e1s antigua de Am\u00e9rica.\",\"potentialAction\":[{\"@type\":\"SearchAction\",\"target\":{\"@type\":\"EntryPoint\",\"urlTemplate\":\"https:\\\/\\\/zonacaral.gob.pe\\\/es\\\/?s={search_term_string}\"},\"query-input\":{\"@type\":\"PropertyValueSpecification\",\"valueRequired\":true,\"valueName\":\"search_term_string\"}}],\"inLanguage\":\"en-US\"},{\"@type\":\"Person\",\"@id\":\"https:\\\/\\\/zonacaral.gob.pe\\\/es\\\/#\\\/schema\\\/person\\\/beddb4d22f71a7230c5b90913270a0ee\",\"name\":\"Zona Caral Administrador\",\"image\":{\"@type\":\"ImageObject\",\"inLanguage\":\"en-US\",\"@id\":\"https:\\\/\\\/secure.gravatar.com\\\/avatar\\\/e4be162918a696358376de6446614e0f0f4062bdc5d170d6d540ada3d8b58c12?s=96&d=mm&r=g\",\"url\":\"https:\\\/\\\/secure.gravatar.com\\\/avatar\\\/e4be162918a696358376de6446614e0f0f4062bdc5d170d6d540ada3d8b58c12?s=96&d=mm&r=g\",\"contentUrl\":\"https:\\\/\\\/secure.gravatar.com\\\/avatar\\\/e4be162918a696358376de6446614e0f0f4062bdc5d170d6d540ada3d8b58c12?s=96&d=mm&r=g\",\"caption\":\"Zona Caral Administrador\"},\"sameAs\":[\"https:\\\/\\\/zonacaral.gob.pe\"],\"url\":\"https:\\\/\\\/zonacaral.gob.pe\\\/en\\\/noticias\\\/author\\\/ad_zonacaral\\\/\"}]}<\/script>\n<!-- \/ Yoast SEO plugin. -->","yoast_head_json":{"title":"Transmisi\u00f3n desde el Museo de Caral y el Museo Real Alto de Ecuador","description":"Un encuentro entre Caral, Primera Civilizaci\u00f3n de Am\u00e9rica, y Valdivia, Primera Cultura Alfarera de Am\u00e9rica, ambas con alrededor de 5,000 a\u00f1os de antig\u00fcedad. Actividad gratuita, apta para todo el p\u00fablico.","robots":{"index":"index","follow":"follow","max-snippet":"max-snippet:-1","max-image-preview":"max-image-preview:large","max-video-preview":"max-video-preview:-1"},"canonical":"https:\/\/zonacaral.gob.pe\/en\/noticias\/transmision-desde-el-museo-comunitario-de-supe-peru-y-el-museo-comunitario-del-complejo-cultural-real-alto-ecuador\/","og_locale":"en_US","og_type":"article","og_title":"Transmisi\u00f3n desde el Museo de Caral y el Museo Real Alto de Ecuador","og_description":"Un encuentro entre Caral, Primera Civilizaci\u00f3n de Am\u00e9rica, y Valdivia, Primera Cultura Alfarera de Am\u00e9rica, ambas con alrededor de 5,000 a\u00f1os de antig\u00fcedad. Actividad gratuita, apta para todo el p\u00fablico.","og_url":"https:\/\/zonacaral.gob.pe\/en\/noticias\/transmision-desde-el-museo-comunitario-de-supe-peru-y-el-museo-comunitario-del-complejo-cultural-real-alto-ecuador\/","og_site_name":"Zona Caral","article_published_time":"2018-05-24T15:44:36+00:00","og_image":[{"width":1000,"height":521,"url":"https:\/\/zonacaral.gob.pe\/wp-content\/uploads\/2018\/05\/valdivia-caral.jpg","type":"image\/jpeg"}],"author":"Zona Caral Administrador","twitter_card":"summary_large_image","twitter_misc":{"Written by":"Zona Caral Administrador","Est. reading time":"3 minutes"},"schema":{"@context":"https:\/\/schema.org","@graph":[{"@type":"Article","@id":"https:\/\/zonacaral.gob.pe\/en\/noticias\/transmision-desde-el-museo-comunitario-de-supe-peru-y-el-museo-comunitario-del-complejo-cultural-real-alto-ecuador\/#article","isPartOf":{"@id":"https:\/\/zonacaral.gob.pe\/en\/noticias\/transmision-desde-el-museo-comunitario-de-supe-peru-y-el-museo-comunitario-del-complejo-cultural-real-alto-ecuador\/"},"author":{"name":"Zona Caral Administrador","@id":"https:\/\/zonacaral.gob.pe\/es\/#\/schema\/person\/beddb4d22f71a7230c5b90913270a0ee"},"headline":"Museos de Per\u00fa y Ecuador intercambiar\u00e1n culturas v\u00eda streaming","datePublished":"2018-05-24T15:44:36+00:00","mainEntityOfPage":{"@id":"https:\/\/zonacaral.gob.pe\/en\/noticias\/transmision-desde-el-museo-comunitario-de-supe-peru-y-el-museo-comunitario-del-complejo-cultural-real-alto-ecuador\/"},"wordCount":578,"image":{"@id":"https:\/\/zonacaral.gob.pe\/en\/noticias\/transmision-desde-el-museo-comunitario-de-supe-peru-y-el-museo-comunitario-del-complejo-cultural-real-alto-ecuador\/#primaryimage"},"thumbnailUrl":"https:\/\/zonacaral.gob.pe\/wp-content\/uploads\/2018\/05\/valdivia-caral.jpg","keywords":["caral","museos","valdivia"],"articleSection":["noticias"],"inLanguage":"en-US"},{"@type":"WebPage","@id":"https:\/\/zonacaral.gob.pe\/en\/noticias\/transmision-desde-el-museo-comunitario-de-supe-peru-y-el-museo-comunitario-del-complejo-cultural-real-alto-ecuador\/","url":"https:\/\/zonacaral.gob.pe\/en\/noticias\/transmision-desde-el-museo-comunitario-de-supe-peru-y-el-museo-comunitario-del-complejo-cultural-real-alto-ecuador\/","name":"Transmisi\u00f3n desde el Museo de Caral y el Museo Real Alto de Ecuador","isPartOf":{"@id":"https:\/\/zonacaral.gob.pe\/es\/#website"},"primaryImageOfPage":{"@id":"https:\/\/zonacaral.gob.pe\/en\/noticias\/transmision-desde-el-museo-comunitario-de-supe-peru-y-el-museo-comunitario-del-complejo-cultural-real-alto-ecuador\/#primaryimage"},"image":{"@id":"https:\/\/zonacaral.gob.pe\/en\/noticias\/transmision-desde-el-museo-comunitario-de-supe-peru-y-el-museo-comunitario-del-complejo-cultural-real-alto-ecuador\/#primaryimage"},"thumbnailUrl":"https:\/\/zonacaral.gob.pe\/wp-content\/uploads\/2018\/05\/valdivia-caral.jpg","datePublished":"2018-05-24T15:44:36+00:00","author":{"@id":"https:\/\/zonacaral.gob.pe\/es\/#\/schema\/person\/beddb4d22f71a7230c5b90913270a0ee"},"description":"Un encuentro entre Caral, Primera Civilizaci\u00f3n de Am\u00e9rica, y Valdivia, Primera Cultura Alfarera de Am\u00e9rica, ambas con alrededor de 5,000 a\u00f1os de antig\u00fcedad. Actividad gratuita, apta para todo el p\u00fablico.","breadcrumb":{"@id":"https:\/\/zonacaral.gob.pe\/en\/noticias\/transmision-desde-el-museo-comunitario-de-supe-peru-y-el-museo-comunitario-del-complejo-cultural-real-alto-ecuador\/#breadcrumb"},"inLanguage":"en-US","potentialAction":[{"@type":"ReadAction","target":["https:\/\/zonacaral.gob.pe\/en\/noticias\/transmision-desde-el-museo-comunitario-de-supe-peru-y-el-museo-comunitario-del-complejo-cultural-real-alto-ecuador\/"]}]},{"@type":"ImageObject","inLanguage":"en-US","@id":"https:\/\/zonacaral.gob.pe\/en\/noticias\/transmision-desde-el-museo-comunitario-de-supe-peru-y-el-museo-comunitario-del-complejo-cultural-real-alto-ecuador\/#primaryimage","url":"https:\/\/zonacaral.gob.pe\/wp-content\/uploads\/2018\/05\/valdivia-caral.jpg","contentUrl":"https:\/\/zonacaral.gob.pe\/wp-content\/uploads\/2018\/05\/valdivia-caral.jpg","width":1000,"height":521},{"@type":"BreadcrumbList","@id":"https:\/\/zonacaral.gob.pe\/en\/noticias\/transmision-desde-el-museo-comunitario-de-supe-peru-y-el-museo-comunitario-del-complejo-cultural-real-alto-ecuador\/#breadcrumb","itemListElement":[{"@type":"ListItem","position":1,"name":"Portada","item":"https:\/\/zonacaral.gob.pe\/"},{"@type":"ListItem","position":2,"name":"Museos de Per\u00fa y Ecuador intercambiar\u00e1n culturas v\u00eda streaming"}]},{"@type":"WebSite","@id":"https:\/\/zonacaral.gob.pe\/es\/#website","url":"https:\/\/zonacaral.gob.pe\/es\/","name":"Zona Caral","description":"Investigamos, conservamos y difundimos el patrimonio cultural de la Civilizaci\u00f3n Caral, la m\u00e1s antigua de Am\u00e9rica.","potentialAction":[{"@type":"SearchAction","target":{"@type":"EntryPoint","urlTemplate":"https:\/\/zonacaral.gob.pe\/es\/?s={search_term_string}"},"query-input":{"@type":"PropertyValueSpecification","valueRequired":true,"valueName":"search_term_string"}}],"inLanguage":"en-US"},{"@type":"Person","@id":"https:\/\/zonacaral.gob.pe\/es\/#\/schema\/person\/beddb4d22f71a7230c5b90913270a0ee","name":"Zona Caral Administrador","image":{"@type":"ImageObject","inLanguage":"en-US","@id":"https:\/\/secure.gravatar.com\/avatar\/e4be162918a696358376de6446614e0f0f4062bdc5d170d6d540ada3d8b58c12?s=96&d=mm&r=g","url":"https:\/\/secure.gravatar.com\/avatar\/e4be162918a696358376de6446614e0f0f4062bdc5d170d6d540ada3d8b58c12?s=96&d=mm&r=g","contentUrl":"https:\/\/secure.gravatar.com\/avatar\/e4be162918a696358376de6446614e0f0f4062bdc5d170d6d540ada3d8b58c12?s=96&d=mm&r=g","caption":"Zona Caral Administrador"},"sameAs":["https:\/\/zonacaral.gob.pe"],"url":"https:\/\/zonacaral.gob.pe\/en\/noticias\/author\/ad_zonacaral\/"}]}},"_links":{"self":[{"href":"https:\/\/zonacaral.gob.pe\/en\/wp-json\/wp\/v2\/posts\/12704","targetHints":{"allow":["GET"]}}],"collection":[{"href":"https:\/\/zonacaral.gob.pe\/en\/wp-json\/wp\/v2\/posts"}],"about":[{"href":"https:\/\/zonacaral.gob.pe\/en\/wp-json\/wp\/v2\/types\/post"}],"author":[{"embeddable":true,"href":"https:\/\/zonacaral.gob.pe\/en\/wp-json\/wp\/v2\/users\/1"}],"replies":[{"embeddable":true,"href":"https:\/\/zonacaral.gob.pe\/en\/wp-json\/wp\/v2\/comments?post=12704"}],"version-history":[{"count":0,"href":"https:\/\/zonacaral.gob.pe\/en\/wp-json\/wp\/v2\/posts\/12704\/revisions"}],"wp:featuredmedia":[{"embeddable":true,"href":"https:\/\/zonacaral.gob.pe\/en\/wp-json\/wp\/v2\/media\/12705"}],"wp:attachment":[{"href":"https:\/\/zonacaral.gob.pe\/en\/wp-json\/wp\/v2\/media?parent=12704"}],"wp:term":[{"taxonomy":"category","embeddable":true,"href":"https:\/\/zonacaral.gob.pe\/en\/wp-json\/wp\/v2\/categories?post=12704"},{"taxonomy":"post_tag","embeddable":true,"href":"https:\/\/zonacaral.gob.pe\/en\/wp-json\/wp\/v2\/tags?post=12704"}],"curies":[{"name":"wp","href":"https:\/\/api.w.org\/{rel}","templated":true}]}}