{"id":12709,"date":"2018-05-24T12:38:11","date_gmt":"2018-05-24T17:38:11","guid":{"rendered":"http:\/\/www.zonacaral.gob.pe\/?p=12709"},"modified":"2018-05-24T12:38:11","modified_gmt":"2018-05-24T17:38:11","slug":"jefes-del-sernanp-quedaron-maravillados-con-caral","status":"publish","type":"post","link":"https:\/\/zonacaral.gob.pe\/en\/noticias\/jefes-del-sernanp-quedaron-maravillados-con-caral\/","title":{"rendered":"Jefes del SERNANP quedaron maravillados con Caral\u2028"},"content":{"rendered":"<figure class=\"pic-autor\" style=\"color: #4d4d4d; text-align: justify;\"><\/figure>\n<p style=\"text-align: justify;\">Los jefes del Servicio Nacional de \u00c1reas Naturales Protegidas por el Estado (SERNANP), quedaron maravillados con la monumentalidad de las construcciones piramidales de la Primera Civilizaci\u00f3n de Am\u00e9rica, Caral; y adem\u00e1s conocieron el trabajo de turismo responsable y sostenible que se hace en el lugar.<\/p>\n<p style=\"text-align: justify;\">Con el objetivo de conocer la gesti\u00f3n en este sitio arqueol\u00f3gico, jefes y coordinadores de 12 \u00e1reas naturales protegidas, en coordinaci\u00f3n con la Zona Arqueol\u00f3gica Caral (ZAC), visitaron nuestro Patrimonio Mundial, para conocer y compartir sus experiencias en dise\u00f1o y desarrollo de infraestructura, en servicios tur\u00edsticos, en instrumentos de gesti\u00f3n cultural, social y la relaci\u00f3n con la comunidad.<\/p>\n<p style=\"text-align: justify;\">En ese contexto, la Dr. Ruth Shady, directora de la ZAC, junto a los sub directores Carlos Leyva y Marco Machacuay, hicieron una exposici\u00f3n sobre la formaci\u00f3n, el desarrollo, la importancia de Caral. Tambi\u00e9n c\u00f3mo se trabaja con las comunidades para impulsar su desarrollo, el turismo educativo y cultural; adem\u00e1s de la conservaci\u00f3n de sus \u00e1reas. \u2028\u2028Por su parte, los jefes del Parque Nacional Tingo Mar\u00eda (Hu\u00e1nuco), el Santuario Hist\u00f3rico Bosque de P\u00f3mac (Lambayeque) y la Reserva Nacional de Lachay (Lima) presentaron las exitosas experiencias de gesti\u00f3n de turismo.<\/p>\n<p style=\"text-align: justify;\">En esa actividad participaron tambi\u00e9n personal de las Reservas Nacionales de Paracas, Pacaya Samiria, Allpahuayo Mishana, Salinas y Aguada Blanca, Calipuy y Sistema de Islas; el Santuario Hist\u00f3rico de Machupicchu, el Santuario Nacional Megantoni y el Bosque de Protecci\u00f3n Alto Mayo.<\/p>\n<h3 style=\"text-align: justify;\">\u2028DATO<\/h3>\n<p>Los jefes del SERNANP conocieron sobre el turismo inclusivo en Caral, que cuenta con un espacio especial para personas con discapacidad. Adem\u00e1s de las did\u00e1cticas gratuitas que est\u00e1n en el denominado t\u00fanel de la ciencia.<\/p>\n<p>Asimismo, compartieron sus experiencias en el tema de reciclaje y mostraron, en el caso de Lachay, su inter\u00e9s de formar una sola ruta tur\u00edstica, entre lo natural y cultural. En su visita no dudaron en sacarse unas instant\u00e1neas para inmortalizar su estad\u00eda en Caral.<\/p>\n<p>Les agradecemos su vista y esperamos su pronto regreso.<\/p>\n<p><span style=\"color: #993300;\"><strong>Fuente<\/strong><strong>: Prensa ZAC<\/strong><\/span><\/p>\n<div style=\"color: #1f1f1f;\">\n<p style=\"text-align: justify;\">Fecha de publicaci\u00f3n: 24\/05\/2018<\/p>\n<\/div>","protected":false},"excerpt":{"rendered":"<p>Los jefes del Servicio Nacional de \u00c1reas Naturales Protegidas por el Estado (SERNANP), quedaron maravillados con la monumentalidad de las [&hellip;]<\/p>\n","protected":false},"author":1,"featured_media":12718,"comment_status":"closed","ping_status":"open","sticky":false,"template":"","format":"standard","meta":{"_acf_changed":false,"site-sidebar-layout":"default","site-content-layout":"","ast-site-content-layout":"default","site-content-style":"default","site-sidebar-style":"default","ast-global-header-display":"","ast-banner-title-visibility":"","ast-main-header-display":"","ast-hfb-above-header-display":"","ast-hfb-below-header-display":"","ast-hfb-mobile-header-display":"","site-post-title":"","ast-breadcrumbs-content":"","ast-featured-img":"","footer-sml-layout":"","ast-disable-related-posts":"","theme-transparent-header-meta":"","adv-header-id-meta":"","stick-header-meta":"","header-above-stick-meta":"","header-main-stick-meta":"","header-below-stick-meta":"","astra-migrate-meta-layouts":"default","ast-page-background-enabled":"default","ast-page-background-meta":{"desktop":{"background-color":"var(--ast-global-color-5)","background-image":"","background-repeat":"repeat","background-position":"center center","background-size":"auto","background-attachment":"scroll","background-type":"","background-media":"","overlay-type":"","overlay-color":"","overlay-opacity":"","overlay-gradient":""},"tablet":{"background-color":"","background-image":"","background-repeat":"repeat","background-position":"center center","background-size":"auto","background-attachment":"scroll","background-type":"","background-media":"","overlay-type":"","overlay-color":"","overlay-opacity":"","overlay-gradient":""},"mobile":{"background-color":"","background-image":"","background-repeat":"repeat","background-position":"center center","background-size":"auto","background-attachment":"scroll","background-type":"","background-media":"","overlay-type":"","overlay-color":"","overlay-opacity":"","overlay-gradient":""}},"ast-content-background-meta":{"desktop":{"background-color":"var(--ast-global-color-4)","background-image":"","background-repeat":"repeat","background-position":"center center","background-size":"auto","background-attachment":"scroll","background-type":"","background-media":"","overlay-type":"","overlay-color":"","overlay-opacity":"","overlay-gradient":""},"tablet":{"background-color":"var(--ast-global-color-4)","background-image":"","background-repeat":"repeat","background-position":"center center","background-size":"auto","background-attachment":"scroll","background-type":"","background-media":"","overlay-type":"","overlay-color":"","overlay-opacity":"","overlay-gradient":""},"mobile":{"background-color":"var(--ast-global-color-4)","background-image":"","background-repeat":"repeat","background-position":"center center","background-size":"auto","background-attachment":"scroll","background-type":"","background-media":"","overlay-type":"","overlay-color":"","overlay-opacity":"","overlay-gradient":""}},"footnotes":""},"categories":[208],"tags":[55,164],"class_list":["post-12709","post","type-post","status-publish","format-standard","has-post-thumbnail","hentry","category-noticias","tag-caral","tag-sernamp"],"acf":[],"yoast_head":"<!-- This site is optimized with the Yoast SEO plugin v27.3 - https:\/\/yoast.com\/product\/yoast-seo-wordpress\/ -->\n<title>Jefes del SERNANP quedaron maravillados con Caral\u2028<\/title>\n<meta name=\"description\" content=\"Los jefes del Servicio Nacional de \u00c1reas Naturales Protegidas por el Estado (SERNANP), quedaron maravillados con la monumentalidad de las construcciones piramidales de la Primera Civilizaci\u00f3n de Am\u00e9rica, Caral; y adem\u00e1s conocieron el trabajo de turismo responsable y sostenible que se hace en el lugar.\" \/>\n<meta name=\"robots\" content=\"index, follow, max-snippet:-1, max-image-preview:large, max-video-preview:-1\" \/>\n<link rel=\"canonical\" href=\"https:\/\/zonacaral.gob.pe\/en\/noticias\/jefes-del-sernanp-quedaron-maravillados-con-caral\/\" \/>\n<meta property=\"og:locale\" content=\"en_US\" \/>\n<meta property=\"og:type\" content=\"article\" \/>\n<meta property=\"og:title\" content=\"Jefes del SERNANP quedaron maravillados con Caral\u2028\" \/>\n<meta property=\"og:description\" content=\"Los jefes del Servicio Nacional de \u00c1reas Naturales Protegidas por el Estado (SERNANP), quedaron maravillados con la monumentalidad de las construcciones piramidales de la Primera Civilizaci\u00f3n de Am\u00e9rica, Caral; y adem\u00e1s conocieron el trabajo de turismo responsable y sostenible que se hace en el lugar.\" \/>\n<meta property=\"og:url\" content=\"https:\/\/zonacaral.gob.pe\/en\/noticias\/jefes-del-sernanp-quedaron-maravillados-con-caral\/\" \/>\n<meta property=\"og:site_name\" content=\"Zona Caral\" \/>\n<meta property=\"article:published_time\" content=\"2018-05-24T17:38:11+00:00\" \/>\n<meta property=\"og:image\" content=\"https:\/\/zonacaral.gob.pe\/wp-content\/uploads\/2018\/05\/sernamp-visita-caral-03.jpg\" \/>\n\t<meta property=\"og:image:width\" content=\"1000\" \/>\n\t<meta property=\"og:image:height\" content=\"667\" \/>\n\t<meta property=\"og:image:type\" content=\"image\/jpeg\" \/>\n<meta name=\"author\" content=\"Zona Caral Administrador\" \/>\n<meta name=\"twitter:card\" content=\"summary_large_image\" \/>\n<meta name=\"twitter:label1\" content=\"Written by\" \/>\n\t<meta name=\"twitter:data1\" content=\"Zona Caral Administrador\" \/>\n\t<meta name=\"twitter:label2\" content=\"Est. reading time\" \/>\n\t<meta name=\"twitter:data2\" content=\"2 minutes\" \/>\n<script type=\"application\/ld+json\" class=\"yoast-schema-graph\">{\"@context\":\"https:\\\/\\\/schema.org\",\"@graph\":[{\"@type\":\"Article\",\"@id\":\"https:\\\/\\\/zonacaral.gob.pe\\\/es\\\/noticias\\\/jefes-del-sernanp-quedaron-maravillados-con-caral\\\/#article\",\"isPartOf\":{\"@id\":\"https:\\\/\\\/zonacaral.gob.pe\\\/es\\\/noticias\\\/jefes-del-sernanp-quedaron-maravillados-con-caral\\\/\"},\"author\":{\"name\":\"Zona Caral Administrador\",\"@id\":\"https:\\\/\\\/zonacaral.gob.pe\\\/es\\\/#\\\/schema\\\/person\\\/beddb4d22f71a7230c5b90913270a0ee\"},\"headline\":\"Jefes del SERNANP quedaron maravillados con Caral\\u2028\",\"datePublished\":\"2018-05-24T17:38:11+00:00\",\"mainEntityOfPage\":{\"@id\":\"https:\\\/\\\/zonacaral.gob.pe\\\/es\\\/noticias\\\/jefes-del-sernanp-quedaron-maravillados-con-caral\\\/\"},\"wordCount\":368,\"image\":{\"@id\":\"https:\\\/\\\/zonacaral.gob.pe\\\/es\\\/noticias\\\/jefes-del-sernanp-quedaron-maravillados-con-caral\\\/#primaryimage\"},\"thumbnailUrl\":\"https:\\\/\\\/zonacaral.gob.pe\\\/wp-content\\\/uploads\\\/2018\\\/05\\\/sernamp-visita-caral-03.jpg\",\"keywords\":[\"caral\",\"sernamp\"],\"articleSection\":[\"noticias\"],\"inLanguage\":\"en-US\"},{\"@type\":\"WebPage\",\"@id\":\"https:\\\/\\\/zonacaral.gob.pe\\\/es\\\/noticias\\\/jefes-del-sernanp-quedaron-maravillados-con-caral\\\/\",\"url\":\"https:\\\/\\\/zonacaral.gob.pe\\\/es\\\/noticias\\\/jefes-del-sernanp-quedaron-maravillados-con-caral\\\/\",\"name\":\"Jefes del SERNANP quedaron maravillados con Caral\\u2028\",\"isPartOf\":{\"@id\":\"https:\\\/\\\/zonacaral.gob.pe\\\/es\\\/#website\"},\"primaryImageOfPage\":{\"@id\":\"https:\\\/\\\/zonacaral.gob.pe\\\/es\\\/noticias\\\/jefes-del-sernanp-quedaron-maravillados-con-caral\\\/#primaryimage\"},\"image\":{\"@id\":\"https:\\\/\\\/zonacaral.gob.pe\\\/es\\\/noticias\\\/jefes-del-sernanp-quedaron-maravillados-con-caral\\\/#primaryimage\"},\"thumbnailUrl\":\"https:\\\/\\\/zonacaral.gob.pe\\\/wp-content\\\/uploads\\\/2018\\\/05\\\/sernamp-visita-caral-03.jpg\",\"datePublished\":\"2018-05-24T17:38:11+00:00\",\"author\":{\"@id\":\"https:\\\/\\\/zonacaral.gob.pe\\\/es\\\/#\\\/schema\\\/person\\\/beddb4d22f71a7230c5b90913270a0ee\"},\"description\":\"Los jefes del Servicio Nacional de \u00c1reas Naturales Protegidas por el Estado (SERNANP), quedaron maravillados con la monumentalidad de las construcciones piramidales de la Primera Civilizaci\u00f3n de Am\u00e9rica, Caral; y adem\u00e1s conocieron el trabajo de turismo responsable y sostenible que se hace en el lugar.\",\"breadcrumb\":{\"@id\":\"https:\\\/\\\/zonacaral.gob.pe\\\/es\\\/noticias\\\/jefes-del-sernanp-quedaron-maravillados-con-caral\\\/#breadcrumb\"},\"inLanguage\":\"en-US\",\"potentialAction\":[{\"@type\":\"ReadAction\",\"target\":[\"https:\\\/\\\/zonacaral.gob.pe\\\/es\\\/noticias\\\/jefes-del-sernanp-quedaron-maravillados-con-caral\\\/\"]}]},{\"@type\":\"ImageObject\",\"inLanguage\":\"en-US\",\"@id\":\"https:\\\/\\\/zonacaral.gob.pe\\\/es\\\/noticias\\\/jefes-del-sernanp-quedaron-maravillados-con-caral\\\/#primaryimage\",\"url\":\"https:\\\/\\\/zonacaral.gob.pe\\\/wp-content\\\/uploads\\\/2018\\\/05\\\/sernamp-visita-caral-03.jpg\",\"contentUrl\":\"https:\\\/\\\/zonacaral.gob.pe\\\/wp-content\\\/uploads\\\/2018\\\/05\\\/sernamp-visita-caral-03.jpg\",\"width\":1000,\"height\":667},{\"@type\":\"BreadcrumbList\",\"@id\":\"https:\\\/\\\/zonacaral.gob.pe\\\/es\\\/noticias\\\/jefes-del-sernanp-quedaron-maravillados-con-caral\\\/#breadcrumb\",\"itemListElement\":[{\"@type\":\"ListItem\",\"position\":1,\"name\":\"Portada\",\"item\":\"https:\\\/\\\/zonacaral.gob.pe\\\/\"},{\"@type\":\"ListItem\",\"position\":2,\"name\":\"Jefes del SERNANP quedaron maravillados con Caral\\u2028\"}]},{\"@type\":\"WebSite\",\"@id\":\"https:\\\/\\\/zonacaral.gob.pe\\\/es\\\/#website\",\"url\":\"https:\\\/\\\/zonacaral.gob.pe\\\/es\\\/\",\"name\":\"Zona Caral\",\"description\":\"Investigamos, conservamos y difundimos el patrimonio cultural de la Civilizaci\u00f3n Caral, la m\u00e1s antigua de Am\u00e9rica.\",\"potentialAction\":[{\"@type\":\"SearchAction\",\"target\":{\"@type\":\"EntryPoint\",\"urlTemplate\":\"https:\\\/\\\/zonacaral.gob.pe\\\/es\\\/?s={search_term_string}\"},\"query-input\":{\"@type\":\"PropertyValueSpecification\",\"valueRequired\":true,\"valueName\":\"search_term_string\"}}],\"inLanguage\":\"en-US\"},{\"@type\":\"Person\",\"@id\":\"https:\\\/\\\/zonacaral.gob.pe\\\/es\\\/#\\\/schema\\\/person\\\/beddb4d22f71a7230c5b90913270a0ee\",\"name\":\"Zona Caral Administrador\",\"image\":{\"@type\":\"ImageObject\",\"inLanguage\":\"en-US\",\"@id\":\"https:\\\/\\\/secure.gravatar.com\\\/avatar\\\/e4be162918a696358376de6446614e0f0f4062bdc5d170d6d540ada3d8b58c12?s=96&d=mm&r=g\",\"url\":\"https:\\\/\\\/secure.gravatar.com\\\/avatar\\\/e4be162918a696358376de6446614e0f0f4062bdc5d170d6d540ada3d8b58c12?s=96&d=mm&r=g\",\"contentUrl\":\"https:\\\/\\\/secure.gravatar.com\\\/avatar\\\/e4be162918a696358376de6446614e0f0f4062bdc5d170d6d540ada3d8b58c12?s=96&d=mm&r=g\",\"caption\":\"Zona Caral Administrador\"},\"sameAs\":[\"https:\\\/\\\/zonacaral.gob.pe\"],\"url\":\"https:\\\/\\\/zonacaral.gob.pe\\\/en\\\/noticias\\\/author\\\/ad_zonacaral\\\/\"}]}<\/script>\n<!-- \/ Yoast SEO plugin. -->","yoast_head_json":{"title":"Jefes del SERNANP quedaron maravillados con Caral\u2028","description":"Los jefes del Servicio Nacional de \u00c1reas Naturales Protegidas por el Estado (SERNANP), quedaron maravillados con la monumentalidad de las construcciones piramidales de la Primera Civilizaci\u00f3n de Am\u00e9rica, Caral; y adem\u00e1s conocieron el trabajo de turismo responsable y sostenible que se hace en el lugar.","robots":{"index":"index","follow":"follow","max-snippet":"max-snippet:-1","max-image-preview":"max-image-preview:large","max-video-preview":"max-video-preview:-1"},"canonical":"https:\/\/zonacaral.gob.pe\/en\/noticias\/jefes-del-sernanp-quedaron-maravillados-con-caral\/","og_locale":"en_US","og_type":"article","og_title":"Jefes del SERNANP quedaron maravillados con Caral\u2028","og_description":"Los jefes del Servicio Nacional de \u00c1reas Naturales Protegidas por el Estado (SERNANP), quedaron maravillados con la monumentalidad de las construcciones piramidales de la Primera Civilizaci\u00f3n de Am\u00e9rica, Caral; y adem\u00e1s conocieron el trabajo de turismo responsable y sostenible que se hace en el lugar.","og_url":"https:\/\/zonacaral.gob.pe\/en\/noticias\/jefes-del-sernanp-quedaron-maravillados-con-caral\/","og_site_name":"Zona Caral","article_published_time":"2018-05-24T17:38:11+00:00","og_image":[{"width":1000,"height":667,"url":"https:\/\/zonacaral.gob.pe\/wp-content\/uploads\/2018\/05\/sernamp-visita-caral-03.jpg","type":"image\/jpeg"}],"author":"Zona Caral Administrador","twitter_card":"summary_large_image","twitter_misc":{"Written by":"Zona Caral Administrador","Est. reading time":"2 minutes"},"schema":{"@context":"https:\/\/schema.org","@graph":[{"@type":"Article","@id":"https:\/\/zonacaral.gob.pe\/es\/noticias\/jefes-del-sernanp-quedaron-maravillados-con-caral\/#article","isPartOf":{"@id":"https:\/\/zonacaral.gob.pe\/es\/noticias\/jefes-del-sernanp-quedaron-maravillados-con-caral\/"},"author":{"name":"Zona Caral Administrador","@id":"https:\/\/zonacaral.gob.pe\/es\/#\/schema\/person\/beddb4d22f71a7230c5b90913270a0ee"},"headline":"Jefes del SERNANP quedaron maravillados con Caral\u2028","datePublished":"2018-05-24T17:38:11+00:00","mainEntityOfPage":{"@id":"https:\/\/zonacaral.gob.pe\/es\/noticias\/jefes-del-sernanp-quedaron-maravillados-con-caral\/"},"wordCount":368,"image":{"@id":"https:\/\/zonacaral.gob.pe\/es\/noticias\/jefes-del-sernanp-quedaron-maravillados-con-caral\/#primaryimage"},"thumbnailUrl":"https:\/\/zonacaral.gob.pe\/wp-content\/uploads\/2018\/05\/sernamp-visita-caral-03.jpg","keywords":["caral","sernamp"],"articleSection":["noticias"],"inLanguage":"en-US"},{"@type":"WebPage","@id":"https:\/\/zonacaral.gob.pe\/es\/noticias\/jefes-del-sernanp-quedaron-maravillados-con-caral\/","url":"https:\/\/zonacaral.gob.pe\/es\/noticias\/jefes-del-sernanp-quedaron-maravillados-con-caral\/","name":"Jefes del SERNANP quedaron maravillados con Caral\u2028","isPartOf":{"@id":"https:\/\/zonacaral.gob.pe\/es\/#website"},"primaryImageOfPage":{"@id":"https:\/\/zonacaral.gob.pe\/es\/noticias\/jefes-del-sernanp-quedaron-maravillados-con-caral\/#primaryimage"},"image":{"@id":"https:\/\/zonacaral.gob.pe\/es\/noticias\/jefes-del-sernanp-quedaron-maravillados-con-caral\/#primaryimage"},"thumbnailUrl":"https:\/\/zonacaral.gob.pe\/wp-content\/uploads\/2018\/05\/sernamp-visita-caral-03.jpg","datePublished":"2018-05-24T17:38:11+00:00","author":{"@id":"https:\/\/zonacaral.gob.pe\/es\/#\/schema\/person\/beddb4d22f71a7230c5b90913270a0ee"},"description":"Los jefes del Servicio Nacional de \u00c1reas Naturales Protegidas por el Estado (SERNANP), quedaron maravillados con la monumentalidad de las construcciones piramidales de la Primera Civilizaci\u00f3n de Am\u00e9rica, Caral; y adem\u00e1s conocieron el trabajo de turismo responsable y sostenible que se hace en el lugar.","breadcrumb":{"@id":"https:\/\/zonacaral.gob.pe\/es\/noticias\/jefes-del-sernanp-quedaron-maravillados-con-caral\/#breadcrumb"},"inLanguage":"en-US","potentialAction":[{"@type":"ReadAction","target":["https:\/\/zonacaral.gob.pe\/es\/noticias\/jefes-del-sernanp-quedaron-maravillados-con-caral\/"]}]},{"@type":"ImageObject","inLanguage":"en-US","@id":"https:\/\/zonacaral.gob.pe\/es\/noticias\/jefes-del-sernanp-quedaron-maravillados-con-caral\/#primaryimage","url":"https:\/\/zonacaral.gob.pe\/wp-content\/uploads\/2018\/05\/sernamp-visita-caral-03.jpg","contentUrl":"https:\/\/zonacaral.gob.pe\/wp-content\/uploads\/2018\/05\/sernamp-visita-caral-03.jpg","width":1000,"height":667},{"@type":"BreadcrumbList","@id":"https:\/\/zonacaral.gob.pe\/es\/noticias\/jefes-del-sernanp-quedaron-maravillados-con-caral\/#breadcrumb","itemListElement":[{"@type":"ListItem","position":1,"name":"Portada","item":"https:\/\/zonacaral.gob.pe\/"},{"@type":"ListItem","position":2,"name":"Jefes del SERNANP quedaron maravillados con Caral\u2028"}]},{"@type":"WebSite","@id":"https:\/\/zonacaral.gob.pe\/es\/#website","url":"https:\/\/zonacaral.gob.pe\/es\/","name":"Zona Caral","description":"Investigamos, conservamos y difundimos el patrimonio cultural de la Civilizaci\u00f3n Caral, la m\u00e1s antigua de Am\u00e9rica.","potentialAction":[{"@type":"SearchAction","target":{"@type":"EntryPoint","urlTemplate":"https:\/\/zonacaral.gob.pe\/es\/?s={search_term_string}"},"query-input":{"@type":"PropertyValueSpecification","valueRequired":true,"valueName":"search_term_string"}}],"inLanguage":"en-US"},{"@type":"Person","@id":"https:\/\/zonacaral.gob.pe\/es\/#\/schema\/person\/beddb4d22f71a7230c5b90913270a0ee","name":"Zona Caral Administrador","image":{"@type":"ImageObject","inLanguage":"en-US","@id":"https:\/\/secure.gravatar.com\/avatar\/e4be162918a696358376de6446614e0f0f4062bdc5d170d6d540ada3d8b58c12?s=96&d=mm&r=g","url":"https:\/\/secure.gravatar.com\/avatar\/e4be162918a696358376de6446614e0f0f4062bdc5d170d6d540ada3d8b58c12?s=96&d=mm&r=g","contentUrl":"https:\/\/secure.gravatar.com\/avatar\/e4be162918a696358376de6446614e0f0f4062bdc5d170d6d540ada3d8b58c12?s=96&d=mm&r=g","caption":"Zona Caral Administrador"},"sameAs":["https:\/\/zonacaral.gob.pe"],"url":"https:\/\/zonacaral.gob.pe\/en\/noticias\/author\/ad_zonacaral\/"}]}},"_links":{"self":[{"href":"https:\/\/zonacaral.gob.pe\/en\/wp-json\/wp\/v2\/posts\/12709","targetHints":{"allow":["GET"]}}],"collection":[{"href":"https:\/\/zonacaral.gob.pe\/en\/wp-json\/wp\/v2\/posts"}],"about":[{"href":"https:\/\/zonacaral.gob.pe\/en\/wp-json\/wp\/v2\/types\/post"}],"author":[{"embeddable":true,"href":"https:\/\/zonacaral.gob.pe\/en\/wp-json\/wp\/v2\/users\/1"}],"replies":[{"embeddable":true,"href":"https:\/\/zonacaral.gob.pe\/en\/wp-json\/wp\/v2\/comments?post=12709"}],"version-history":[{"count":0,"href":"https:\/\/zonacaral.gob.pe\/en\/wp-json\/wp\/v2\/posts\/12709\/revisions"}],"wp:featuredmedia":[{"embeddable":true,"href":"https:\/\/zonacaral.gob.pe\/en\/wp-json\/wp\/v2\/media\/12718"}],"wp:attachment":[{"href":"https:\/\/zonacaral.gob.pe\/en\/wp-json\/wp\/v2\/media?parent=12709"}],"wp:term":[{"taxonomy":"category","embeddable":true,"href":"https:\/\/zonacaral.gob.pe\/en\/wp-json\/wp\/v2\/categories?post=12709"},{"taxonomy":"post_tag","embeddable":true,"href":"https:\/\/zonacaral.gob.pe\/en\/wp-json\/wp\/v2\/tags?post=12709"}],"curies":[{"name":"wp","href":"https:\/\/api.w.org\/{rel}","templated":true}]}}