{"id":12723,"date":"2018-05-24T13:00:18","date_gmt":"2018-05-24T18:00:18","guid":{"rendered":"http:\/\/www.zonacaral.gob.pe\/?p=12723"},"modified":"2018-05-24T13:00:18","modified_gmt":"2018-05-24T18:00:18","slug":"visita-gratis-la-exposicion-fotografica-de-caral-reflexiones-para-el-buen-vivir","status":"publish","type":"post","link":"https:\/\/zonacaral.gob.pe\/en\/noticias\/visita-gratis-la-exposicion-fotografica-de-caral-reflexiones-para-el-buen-vivir\/","title":{"rendered":"Visita gratis la exposici\u00f3n fotogr\u00e1fica de Caral: Reflexiones para el Buen Vivir"},"content":{"rendered":"<figure class=\"pic-autor\" style=\"color: #4d4d4d; text-align: justify;\"><\/figure>\n<p style=\"text-align: justify;\">La Zona Arqueol\u00f3gica Caral (ZAC), Unidad Ejecutora 003, del Ministerio de Cultura, y la Secretar\u00eda General de la Comunidad Andina (CAN), ponen a disposici\u00f3n de todo el p\u00fablico la exposici\u00f3n fotogr\u00e1fica: \u201cLos Valores de la Civilizaci\u00f3n Caral: Reflexiones para el Buen Vivir\u201d.\u2028\u2028La muestra, que fue inaugurada ayer y va hasta el 31 de mayo, tiene lugar en la sede de la Secretar\u00eda General de la CAN, ubicada en la Av. Paseo de la Rep\u00fablica N\u00ba 3895 en San Isidro. El ingreso es libre y estar\u00e1 abierto de 08.00 a las 17.00 horas.<\/p>\n<p style=\"text-align: justify;\">En la inauguraci\u00f3n, el Secretario General de la Comunidad Andina, Walker San Miguel, sostuvo que esta exposici\u00f3n, que se realiza en el mes de aniversario de la CAN, busca dar a conocer la gran riqueza de la civilizaci\u00f3n Caral, desarrollada hace m\u00e1s de 5,000 a\u00f1os en el valle de Supe (Barranca) al norte de Lima, hoy reconocida por la UNESCO como Patrimonio Mundial.<\/p>\n<p style=\"text-align: justify;\">Los visitantes podr\u00e1n observar m\u00e1s de 30 fotograf\u00edas de la Ciudad Sagrada de la civilizaci\u00f3n Caral, de los campos de cultivos, los paisajes culturales, edificios piramidales y vistas nocturnas de la Ciudad. Im\u00e1genes que fueron seleccionas personalmente por la Dra. Ruth Shady, directora de la ZAC.<\/p>\n<p style=\"text-align: justify;\">Asimismo, conocer\u00e1n en la exposici\u00f3n: las relaciones interculturales, el intercambio de productos y bienes, de la organizaci\u00f3n social, de la producci\u00f3n de conocimientos en ciencia y tecnolog\u00eda, de la cosmovisi\u00f3n e ideolog\u00eda y de la visi\u00f3n de la vida integrada en la cultura Caral, considerada la m\u00e1s antigua de las civilizaciones prehisp\u00e1nica y seg\u00fan las investigaciones realizadas, la cultura origen de la civilizaci\u00f3n andina.<\/p>\n<h2 style=\"text-align: justify;\">DATOS<\/h2>\n<p style=\"text-align: justify;\">En Caral no se encontraron armas de guerra ni fortalezas, por lo que se deduce que vivir\u00e1n en armon\u00eda con las dem\u00e1s comunidades. Tambi\u00e9n se hallaron objetos, restos de productos alimenticios, animales, entre otras cosas, tra\u00eddas de diferentes partes del pa\u00eds, hasta de otros pa\u00edses.<\/p>\n<p style=\"text-align: justify;\">Caral, celebra su aniversario el \u00faltimo viernes y s\u00e1bado de octubre. Este a\u00f1o las celebraciones ser\u00e1n el 27 y 28 de ese mes.<\/p>\n<p style=\"text-align: justify;\">La Ciudad Sagrada de Caral se encuentra en Supe, a la altura del kil\u00f3metro 184 de la carretera Panamericana Norte, en el \u00c1rea Norcentral del Per\u00fa. <strong><a href=\"https:\/\/zonacaral.gob.pe\/en\/conoce-caral\/como-llegar-a-caral\/\">Clic aqu\u00ed para conocer c\u00f3mo llegar a Caral.<\/a><\/strong><\/p>\n<p><span style=\"color: #993300;\"><strong>Fuente<\/strong><strong>: Prensa ZAC<\/strong><\/span><\/p>\n<div style=\"color: #1f1f1f;\">\n<p style=\"text-align: justify;\">Fecha de publicaci\u00f3n: 24\/05\/2018<\/p>\n<\/div>","protected":false},"excerpt":{"rendered":"<p>La Zona Arqueol\u00f3gica Caral (ZAC), Unidad Ejecutora 003, del Ministerio de Cultura, y la Secretar\u00eda General de la Comunidad Andina [&hellip;]<\/p>\n","protected":false},"author":1,"featured_media":12724,"comment_status":"closed","ping_status":"open","sticky":false,"template":"","format":"standard","meta":{"_acf_changed":false,"site-sidebar-layout":"default","site-content-layout":"","ast-site-content-layout":"default","site-content-style":"default","site-sidebar-style":"default","ast-global-header-display":"","ast-banner-title-visibility":"","ast-main-header-display":"","ast-hfb-above-header-display":"","ast-hfb-below-header-display":"","ast-hfb-mobile-header-display":"","site-post-title":"","ast-breadcrumbs-content":"","ast-featured-img":"","footer-sml-layout":"","ast-disable-related-posts":"","theme-transparent-header-meta":"","adv-header-id-meta":"","stick-header-meta":"","header-above-stick-meta":"","header-main-stick-meta":"","header-below-stick-meta":"","astra-migrate-meta-layouts":"default","ast-page-background-enabled":"default","ast-page-background-meta":{"desktop":{"background-color":"var(--ast-global-color-5)","background-image":"","background-repeat":"repeat","background-position":"center center","background-size":"auto","background-attachment":"scroll","background-type":"","background-media":"","overlay-type":"","overlay-color":"","overlay-opacity":"","overlay-gradient":""},"tablet":{"background-color":"","background-image":"","background-repeat":"repeat","background-position":"center center","background-size":"auto","background-attachment":"scroll","background-type":"","background-media":"","overlay-type":"","overlay-color":"","overlay-opacity":"","overlay-gradient":""},"mobile":{"background-color":"","background-image":"","background-repeat":"repeat","background-position":"center center","background-size":"auto","background-attachment":"scroll","background-type":"","background-media":"","overlay-type":"","overlay-color":"","overlay-opacity":"","overlay-gradient":""}},"ast-content-background-meta":{"desktop":{"background-color":"var(--ast-global-color-4)","background-image":"","background-repeat":"repeat","background-position":"center center","background-size":"auto","background-attachment":"scroll","background-type":"","background-media":"","overlay-type":"","overlay-color":"","overlay-opacity":"","overlay-gradient":""},"tablet":{"background-color":"var(--ast-global-color-4)","background-image":"","background-repeat":"repeat","background-position":"center center","background-size":"auto","background-attachment":"scroll","background-type":"","background-media":"","overlay-type":"","overlay-color":"","overlay-opacity":"","overlay-gradient":""},"mobile":{"background-color":"var(--ast-global-color-4)","background-image":"","background-repeat":"repeat","background-position":"center center","background-size":"auto","background-attachment":"scroll","background-type":"","background-media":"","overlay-type":"","overlay-color":"","overlay-opacity":"","overlay-gradient":""}},"footnotes":""},"categories":[208],"tags":[160,55,123],"class_list":["post-12723","post","type-post","status-publish","format-standard","has-post-thumbnail","hentry","category-noticias","tag-can","tag-caral","tag-exposicion"],"acf":[],"yoast_head":"<!-- This site is optimized with the Yoast SEO plugin v27.3 - https:\/\/yoast.com\/product\/yoast-seo-wordpress\/ -->\n<title>Visita gratis la exposici\u00f3n fotogr\u00e1fica de Caral: Reflexiones para el Buen Vivir<\/title>\n<meta name=\"description\" content=\"La Zona Arqueol\u00f3gica Caral (ZAC), Unidad Ejecutora 003, del Ministerio de Cultura, y la Secretar\u00eda General de la Comunidad Andina (CAN), ponen a disposici\u00f3n de todo el p\u00fablico la exposici\u00f3n fotogr\u00e1fica: \u201cLos Valores de la Civilizaci\u00f3n Caral: Reflexiones para el Buen Vivir\u201d.\u2028\u2028La muestra, que fue inaugurada ayer y va hasta el 31 de mayo, tiene lugar en la sede de la Secretar\u00eda General de la CAN, ubicada en la Av. Paseo de la Rep\u00fablica N\u00ba 3895 en San Isidro. El ingreso es libre y estar\u00e1 abierto de 08.00 a las 17.00 horas.\" \/>\n<meta name=\"robots\" content=\"index, follow, max-snippet:-1, max-image-preview:large, max-video-preview:-1\" \/>\n<link rel=\"canonical\" href=\"https:\/\/zonacaral.gob.pe\/en\/noticias\/visita-gratis-la-exposicion-fotografica-de-caral-reflexiones-para-el-buen-vivir\/\" \/>\n<meta property=\"og:locale\" content=\"en_US\" \/>\n<meta property=\"og:type\" content=\"article\" \/>\n<meta property=\"og:title\" content=\"Visita gratis la exposici\u00f3n fotogr\u00e1fica de Caral: Reflexiones para el Buen Vivir\" \/>\n<meta property=\"og:description\" content=\"La Zona Arqueol\u00f3gica Caral (ZAC), Unidad Ejecutora 003, del Ministerio de Cultura, y la Secretar\u00eda General de la Comunidad Andina (CAN), ponen a disposici\u00f3n de todo el p\u00fablico la exposici\u00f3n fotogr\u00e1fica: \u201cLos Valores de la Civilizaci\u00f3n Caral: Reflexiones para el Buen Vivir\u201d.\u2028\u2028La muestra, que fue inaugurada ayer y va hasta el 31 de mayo, tiene lugar en la sede de la Secretar\u00eda General de la CAN, ubicada en la Av. Paseo de la Rep\u00fablica N\u00ba 3895 en San Isidro. El ingreso es libre y estar\u00e1 abierto de 08.00 a las 17.00 horas.\" \/>\n<meta property=\"og:url\" content=\"https:\/\/zonacaral.gob.pe\/en\/noticias\/visita-gratis-la-exposicion-fotografica-de-caral-reflexiones-para-el-buen-vivir\/\" \/>\n<meta property=\"og:site_name\" content=\"Zona Caral\" \/>\n<meta property=\"article:published_time\" content=\"2018-05-24T18:00:18+00:00\" \/>\n<meta property=\"og:image\" content=\"https:\/\/zonacaral.gob.pe\/wp-content\/uploads\/2018\/05\/expo-can-fotos-caral-03.jpg\" \/>\n\t<meta property=\"og:image:width\" content=\"1000\" \/>\n\t<meta property=\"og:image:height\" content=\"667\" \/>\n\t<meta property=\"og:image:type\" content=\"image\/jpeg\" \/>\n<meta name=\"author\" content=\"Zona Caral Administrador\" \/>\n<meta name=\"twitter:card\" content=\"summary_large_image\" \/>\n<meta name=\"twitter:label1\" content=\"Written by\" \/>\n\t<meta name=\"twitter:data1\" content=\"Zona Caral Administrador\" \/>\n\t<meta name=\"twitter:label2\" content=\"Est. reading time\" \/>\n\t<meta name=\"twitter:data2\" content=\"2 minutes\" \/>\n<script type=\"application\/ld+json\" class=\"yoast-schema-graph\">{\"@context\":\"https:\\\/\\\/schema.org\",\"@graph\":[{\"@type\":\"Article\",\"@id\":\"https:\\\/\\\/zonacaral.gob.pe\\\/es\\\/noticias\\\/visita-gratis-la-exposicion-fotografica-de-caral-reflexiones-para-el-buen-vivir\\\/#article\",\"isPartOf\":{\"@id\":\"https:\\\/\\\/zonacaral.gob.pe\\\/es\\\/noticias\\\/visita-gratis-la-exposicion-fotografica-de-caral-reflexiones-para-el-buen-vivir\\\/\"},\"author\":{\"name\":\"Zona Caral Administrador\",\"@id\":\"https:\\\/\\\/zonacaral.gob.pe\\\/es\\\/#\\\/schema\\\/person\\\/beddb4d22f71a7230c5b90913270a0ee\"},\"headline\":\"Visita gratis la exposici\u00f3n fotogr\u00e1fica de Caral: Reflexiones para el Buen Vivir\",\"datePublished\":\"2018-05-24T18:00:18+00:00\",\"mainEntityOfPage\":{\"@id\":\"https:\\\/\\\/zonacaral.gob.pe\\\/es\\\/noticias\\\/visita-gratis-la-exposicion-fotografica-de-caral-reflexiones-para-el-buen-vivir\\\/\"},\"wordCount\":423,\"image\":{\"@id\":\"https:\\\/\\\/zonacaral.gob.pe\\\/es\\\/noticias\\\/visita-gratis-la-exposicion-fotografica-de-caral-reflexiones-para-el-buen-vivir\\\/#primaryimage\"},\"thumbnailUrl\":\"https:\\\/\\\/zonacaral.gob.pe\\\/wp-content\\\/uploads\\\/2018\\\/05\\\/expo-can-fotos-caral-03.jpg\",\"keywords\":[\"can\",\"caral\",\"exposicion\"],\"articleSection\":[\"noticias\"],\"inLanguage\":\"en-US\"},{\"@type\":\"WebPage\",\"@id\":\"https:\\\/\\\/zonacaral.gob.pe\\\/es\\\/noticias\\\/visita-gratis-la-exposicion-fotografica-de-caral-reflexiones-para-el-buen-vivir\\\/\",\"url\":\"https:\\\/\\\/zonacaral.gob.pe\\\/es\\\/noticias\\\/visita-gratis-la-exposicion-fotografica-de-caral-reflexiones-para-el-buen-vivir\\\/\",\"name\":\"Visita gratis la exposici\u00f3n fotogr\u00e1fica de Caral: Reflexiones para el Buen Vivir\",\"isPartOf\":{\"@id\":\"https:\\\/\\\/zonacaral.gob.pe\\\/es\\\/#website\"},\"primaryImageOfPage\":{\"@id\":\"https:\\\/\\\/zonacaral.gob.pe\\\/es\\\/noticias\\\/visita-gratis-la-exposicion-fotografica-de-caral-reflexiones-para-el-buen-vivir\\\/#primaryimage\"},\"image\":{\"@id\":\"https:\\\/\\\/zonacaral.gob.pe\\\/es\\\/noticias\\\/visita-gratis-la-exposicion-fotografica-de-caral-reflexiones-para-el-buen-vivir\\\/#primaryimage\"},\"thumbnailUrl\":\"https:\\\/\\\/zonacaral.gob.pe\\\/wp-content\\\/uploads\\\/2018\\\/05\\\/expo-can-fotos-caral-03.jpg\",\"datePublished\":\"2018-05-24T18:00:18+00:00\",\"author\":{\"@id\":\"https:\\\/\\\/zonacaral.gob.pe\\\/es\\\/#\\\/schema\\\/person\\\/beddb4d22f71a7230c5b90913270a0ee\"},\"description\":\"La Zona Arqueol\u00f3gica Caral (ZAC), Unidad Ejecutora 003, del Ministerio de Cultura, y la Secretar\u00eda General de la Comunidad Andina (CAN), ponen a disposici\u00f3n de todo el p\u00fablico la exposici\u00f3n fotogr\u00e1fica: \u201cLos Valores de la Civilizaci\u00f3n Caral: Reflexiones para el Buen Vivir\u201d.\\u2028\\u2028La muestra, que fue inaugurada ayer y va hasta el 31 de mayo, tiene lugar en la sede de la Secretar\u00eda General de la CAN, ubicada en la Av. Paseo de la Rep\u00fablica N\u00ba 3895 en San Isidro. El ingreso es libre y estar\u00e1 abierto de 08.00 a las 17.00 horas.\",\"breadcrumb\":{\"@id\":\"https:\\\/\\\/zonacaral.gob.pe\\\/es\\\/noticias\\\/visita-gratis-la-exposicion-fotografica-de-caral-reflexiones-para-el-buen-vivir\\\/#breadcrumb\"},\"inLanguage\":\"en-US\",\"potentialAction\":[{\"@type\":\"ReadAction\",\"target\":[\"https:\\\/\\\/zonacaral.gob.pe\\\/es\\\/noticias\\\/visita-gratis-la-exposicion-fotografica-de-caral-reflexiones-para-el-buen-vivir\\\/\"]}]},{\"@type\":\"ImageObject\",\"inLanguage\":\"en-US\",\"@id\":\"https:\\\/\\\/zonacaral.gob.pe\\\/es\\\/noticias\\\/visita-gratis-la-exposicion-fotografica-de-caral-reflexiones-para-el-buen-vivir\\\/#primaryimage\",\"url\":\"https:\\\/\\\/zonacaral.gob.pe\\\/wp-content\\\/uploads\\\/2018\\\/05\\\/expo-can-fotos-caral-03.jpg\",\"contentUrl\":\"https:\\\/\\\/zonacaral.gob.pe\\\/wp-content\\\/uploads\\\/2018\\\/05\\\/expo-can-fotos-caral-03.jpg\",\"width\":1000,\"height\":667},{\"@type\":\"BreadcrumbList\",\"@id\":\"https:\\\/\\\/zonacaral.gob.pe\\\/es\\\/noticias\\\/visita-gratis-la-exposicion-fotografica-de-caral-reflexiones-para-el-buen-vivir\\\/#breadcrumb\",\"itemListElement\":[{\"@type\":\"ListItem\",\"position\":1,\"name\":\"Portada\",\"item\":\"https:\\\/\\\/zonacaral.gob.pe\\\/\"},{\"@type\":\"ListItem\",\"position\":2,\"name\":\"Visita gratis la exposici\u00f3n fotogr\u00e1fica de Caral: Reflexiones para el Buen Vivir\"}]},{\"@type\":\"WebSite\",\"@id\":\"https:\\\/\\\/zonacaral.gob.pe\\\/es\\\/#website\",\"url\":\"https:\\\/\\\/zonacaral.gob.pe\\\/es\\\/\",\"name\":\"Zona Caral\",\"description\":\"Investigamos, conservamos y difundimos el patrimonio cultural de la Civilizaci\u00f3n Caral, la m\u00e1s antigua de Am\u00e9rica.\",\"potentialAction\":[{\"@type\":\"SearchAction\",\"target\":{\"@type\":\"EntryPoint\",\"urlTemplate\":\"https:\\\/\\\/zonacaral.gob.pe\\\/es\\\/?s={search_term_string}\"},\"query-input\":{\"@type\":\"PropertyValueSpecification\",\"valueRequired\":true,\"valueName\":\"search_term_string\"}}],\"inLanguage\":\"en-US\"},{\"@type\":\"Person\",\"@id\":\"https:\\\/\\\/zonacaral.gob.pe\\\/es\\\/#\\\/schema\\\/person\\\/beddb4d22f71a7230c5b90913270a0ee\",\"name\":\"Zona Caral Administrador\",\"image\":{\"@type\":\"ImageObject\",\"inLanguage\":\"en-US\",\"@id\":\"https:\\\/\\\/secure.gravatar.com\\\/avatar\\\/e4be162918a696358376de6446614e0f0f4062bdc5d170d6d540ada3d8b58c12?s=96&d=mm&r=g\",\"url\":\"https:\\\/\\\/secure.gravatar.com\\\/avatar\\\/e4be162918a696358376de6446614e0f0f4062bdc5d170d6d540ada3d8b58c12?s=96&d=mm&r=g\",\"contentUrl\":\"https:\\\/\\\/secure.gravatar.com\\\/avatar\\\/e4be162918a696358376de6446614e0f0f4062bdc5d170d6d540ada3d8b58c12?s=96&d=mm&r=g\",\"caption\":\"Zona Caral Administrador\"},\"sameAs\":[\"https:\\\/\\\/zonacaral.gob.pe\"],\"url\":\"https:\\\/\\\/zonacaral.gob.pe\\\/en\\\/noticias\\\/author\\\/ad_zonacaral\\\/\"}]}<\/script>\n<!-- \/ Yoast SEO plugin. -->","yoast_head_json":{"title":"Visita gratis la exposici\u00f3n fotogr\u00e1fica de Caral: Reflexiones para el Buen Vivir","description":"La Zona Arqueol\u00f3gica Caral (ZAC), Unidad Ejecutora 003, del Ministerio de Cultura, y la Secretar\u00eda General de la Comunidad Andina (CAN), ponen a disposici\u00f3n de todo el p\u00fablico la exposici\u00f3n fotogr\u00e1fica: \u201cLos Valores de la Civilizaci\u00f3n Caral: Reflexiones para el Buen Vivir\u201d.\u2028\u2028La muestra, que fue inaugurada ayer y va hasta el 31 de mayo, tiene lugar en la sede de la Secretar\u00eda General de la CAN, ubicada en la Av. Paseo de la Rep\u00fablica N\u00ba 3895 en San Isidro. El ingreso es libre y estar\u00e1 abierto de 08.00 a las 17.00 horas.","robots":{"index":"index","follow":"follow","max-snippet":"max-snippet:-1","max-image-preview":"max-image-preview:large","max-video-preview":"max-video-preview:-1"},"canonical":"https:\/\/zonacaral.gob.pe\/en\/noticias\/visita-gratis-la-exposicion-fotografica-de-caral-reflexiones-para-el-buen-vivir\/","og_locale":"en_US","og_type":"article","og_title":"Visita gratis la exposici\u00f3n fotogr\u00e1fica de Caral: Reflexiones para el Buen Vivir","og_description":"La Zona Arqueol\u00f3gica Caral (ZAC), Unidad Ejecutora 003, del Ministerio de Cultura, y la Secretar\u00eda General de la Comunidad Andina (CAN), ponen a disposici\u00f3n de todo el p\u00fablico la exposici\u00f3n fotogr\u00e1fica: \u201cLos Valores de la Civilizaci\u00f3n Caral: Reflexiones para el Buen Vivir\u201d.\u2028\u2028La muestra, que fue inaugurada ayer y va hasta el 31 de mayo, tiene lugar en la sede de la Secretar\u00eda General de la CAN, ubicada en la Av. Paseo de la Rep\u00fablica N\u00ba 3895 en San Isidro. El ingreso es libre y estar\u00e1 abierto de 08.00 a las 17.00 horas.","og_url":"https:\/\/zonacaral.gob.pe\/en\/noticias\/visita-gratis-la-exposicion-fotografica-de-caral-reflexiones-para-el-buen-vivir\/","og_site_name":"Zona Caral","article_published_time":"2018-05-24T18:00:18+00:00","og_image":[{"width":1000,"height":667,"url":"https:\/\/zonacaral.gob.pe\/wp-content\/uploads\/2018\/05\/expo-can-fotos-caral-03.jpg","type":"image\/jpeg"}],"author":"Zona Caral Administrador","twitter_card":"summary_large_image","twitter_misc":{"Written by":"Zona Caral Administrador","Est. reading time":"2 minutes"},"schema":{"@context":"https:\/\/schema.org","@graph":[{"@type":"Article","@id":"https:\/\/zonacaral.gob.pe\/es\/noticias\/visita-gratis-la-exposicion-fotografica-de-caral-reflexiones-para-el-buen-vivir\/#article","isPartOf":{"@id":"https:\/\/zonacaral.gob.pe\/es\/noticias\/visita-gratis-la-exposicion-fotografica-de-caral-reflexiones-para-el-buen-vivir\/"},"author":{"name":"Zona Caral Administrador","@id":"https:\/\/zonacaral.gob.pe\/es\/#\/schema\/person\/beddb4d22f71a7230c5b90913270a0ee"},"headline":"Visita gratis la exposici\u00f3n fotogr\u00e1fica de Caral: Reflexiones para el Buen Vivir","datePublished":"2018-05-24T18:00:18+00:00","mainEntityOfPage":{"@id":"https:\/\/zonacaral.gob.pe\/es\/noticias\/visita-gratis-la-exposicion-fotografica-de-caral-reflexiones-para-el-buen-vivir\/"},"wordCount":423,"image":{"@id":"https:\/\/zonacaral.gob.pe\/es\/noticias\/visita-gratis-la-exposicion-fotografica-de-caral-reflexiones-para-el-buen-vivir\/#primaryimage"},"thumbnailUrl":"https:\/\/zonacaral.gob.pe\/wp-content\/uploads\/2018\/05\/expo-can-fotos-caral-03.jpg","keywords":["can","caral","exposicion"],"articleSection":["noticias"],"inLanguage":"en-US"},{"@type":"WebPage","@id":"https:\/\/zonacaral.gob.pe\/es\/noticias\/visita-gratis-la-exposicion-fotografica-de-caral-reflexiones-para-el-buen-vivir\/","url":"https:\/\/zonacaral.gob.pe\/es\/noticias\/visita-gratis-la-exposicion-fotografica-de-caral-reflexiones-para-el-buen-vivir\/","name":"Visita gratis la exposici\u00f3n fotogr\u00e1fica de Caral: Reflexiones para el Buen Vivir","isPartOf":{"@id":"https:\/\/zonacaral.gob.pe\/es\/#website"},"primaryImageOfPage":{"@id":"https:\/\/zonacaral.gob.pe\/es\/noticias\/visita-gratis-la-exposicion-fotografica-de-caral-reflexiones-para-el-buen-vivir\/#primaryimage"},"image":{"@id":"https:\/\/zonacaral.gob.pe\/es\/noticias\/visita-gratis-la-exposicion-fotografica-de-caral-reflexiones-para-el-buen-vivir\/#primaryimage"},"thumbnailUrl":"https:\/\/zonacaral.gob.pe\/wp-content\/uploads\/2018\/05\/expo-can-fotos-caral-03.jpg","datePublished":"2018-05-24T18:00:18+00:00","author":{"@id":"https:\/\/zonacaral.gob.pe\/es\/#\/schema\/person\/beddb4d22f71a7230c5b90913270a0ee"},"description":"La Zona Arqueol\u00f3gica Caral (ZAC), Unidad Ejecutora 003, del Ministerio de Cultura, y la Secretar\u00eda General de la Comunidad Andina (CAN), ponen a disposici\u00f3n de todo el p\u00fablico la exposici\u00f3n fotogr\u00e1fica: \u201cLos Valores de la Civilizaci\u00f3n Caral: Reflexiones para el Buen Vivir\u201d.\u2028\u2028La muestra, que fue inaugurada ayer y va hasta el 31 de mayo, tiene lugar en la sede de la Secretar\u00eda General de la CAN, ubicada en la Av. Paseo de la Rep\u00fablica N\u00ba 3895 en San Isidro. El ingreso es libre y estar\u00e1 abierto de 08.00 a las 17.00 horas.","breadcrumb":{"@id":"https:\/\/zonacaral.gob.pe\/es\/noticias\/visita-gratis-la-exposicion-fotografica-de-caral-reflexiones-para-el-buen-vivir\/#breadcrumb"},"inLanguage":"en-US","potentialAction":[{"@type":"ReadAction","target":["https:\/\/zonacaral.gob.pe\/es\/noticias\/visita-gratis-la-exposicion-fotografica-de-caral-reflexiones-para-el-buen-vivir\/"]}]},{"@type":"ImageObject","inLanguage":"en-US","@id":"https:\/\/zonacaral.gob.pe\/es\/noticias\/visita-gratis-la-exposicion-fotografica-de-caral-reflexiones-para-el-buen-vivir\/#primaryimage","url":"https:\/\/zonacaral.gob.pe\/wp-content\/uploads\/2018\/05\/expo-can-fotos-caral-03.jpg","contentUrl":"https:\/\/zonacaral.gob.pe\/wp-content\/uploads\/2018\/05\/expo-can-fotos-caral-03.jpg","width":1000,"height":667},{"@type":"BreadcrumbList","@id":"https:\/\/zonacaral.gob.pe\/es\/noticias\/visita-gratis-la-exposicion-fotografica-de-caral-reflexiones-para-el-buen-vivir\/#breadcrumb","itemListElement":[{"@type":"ListItem","position":1,"name":"Portada","item":"https:\/\/zonacaral.gob.pe\/"},{"@type":"ListItem","position":2,"name":"Visita gratis la exposici\u00f3n fotogr\u00e1fica de Caral: Reflexiones para el Buen Vivir"}]},{"@type":"WebSite","@id":"https:\/\/zonacaral.gob.pe\/es\/#website","url":"https:\/\/zonacaral.gob.pe\/es\/","name":"Zona Caral","description":"Investigamos, conservamos y difundimos el patrimonio cultural de la Civilizaci\u00f3n Caral, la m\u00e1s antigua de Am\u00e9rica.","potentialAction":[{"@type":"SearchAction","target":{"@type":"EntryPoint","urlTemplate":"https:\/\/zonacaral.gob.pe\/es\/?s={search_term_string}"},"query-input":{"@type":"PropertyValueSpecification","valueRequired":true,"valueName":"search_term_string"}}],"inLanguage":"en-US"},{"@type":"Person","@id":"https:\/\/zonacaral.gob.pe\/es\/#\/schema\/person\/beddb4d22f71a7230c5b90913270a0ee","name":"Zona Caral Administrador","image":{"@type":"ImageObject","inLanguage":"en-US","@id":"https:\/\/secure.gravatar.com\/avatar\/e4be162918a696358376de6446614e0f0f4062bdc5d170d6d540ada3d8b58c12?s=96&d=mm&r=g","url":"https:\/\/secure.gravatar.com\/avatar\/e4be162918a696358376de6446614e0f0f4062bdc5d170d6d540ada3d8b58c12?s=96&d=mm&r=g","contentUrl":"https:\/\/secure.gravatar.com\/avatar\/e4be162918a696358376de6446614e0f0f4062bdc5d170d6d540ada3d8b58c12?s=96&d=mm&r=g","caption":"Zona Caral Administrador"},"sameAs":["https:\/\/zonacaral.gob.pe"],"url":"https:\/\/zonacaral.gob.pe\/en\/noticias\/author\/ad_zonacaral\/"}]}},"_links":{"self":[{"href":"https:\/\/zonacaral.gob.pe\/en\/wp-json\/wp\/v2\/posts\/12723","targetHints":{"allow":["GET"]}}],"collection":[{"href":"https:\/\/zonacaral.gob.pe\/en\/wp-json\/wp\/v2\/posts"}],"about":[{"href":"https:\/\/zonacaral.gob.pe\/en\/wp-json\/wp\/v2\/types\/post"}],"author":[{"embeddable":true,"href":"https:\/\/zonacaral.gob.pe\/en\/wp-json\/wp\/v2\/users\/1"}],"replies":[{"embeddable":true,"href":"https:\/\/zonacaral.gob.pe\/en\/wp-json\/wp\/v2\/comments?post=12723"}],"version-history":[{"count":0,"href":"https:\/\/zonacaral.gob.pe\/en\/wp-json\/wp\/v2\/posts\/12723\/revisions"}],"wp:featuredmedia":[{"embeddable":true,"href":"https:\/\/zonacaral.gob.pe\/en\/wp-json\/wp\/v2\/media\/12724"}],"wp:attachment":[{"href":"https:\/\/zonacaral.gob.pe\/en\/wp-json\/wp\/v2\/media?parent=12723"}],"wp:term":[{"taxonomy":"category","embeddable":true,"href":"https:\/\/zonacaral.gob.pe\/en\/wp-json\/wp\/v2\/categories?post=12723"},{"taxonomy":"post_tag","embeddable":true,"href":"https:\/\/zonacaral.gob.pe\/en\/wp-json\/wp\/v2\/tags?post=12723"}],"curies":[{"name":"wp","href":"https:\/\/api.w.org\/{rel}","templated":true}]}}