{"id":12738,"date":"2018-05-31T17:13:26","date_gmt":"2018-05-31T22:13:26","guid":{"rendered":"http:\/\/www.zonacaral.gob.pe\/?p=12738"},"modified":"2018-05-31T17:13:26","modified_gmt":"2018-05-31T22:13:26","slug":"se-acerca-tu-cumpleanos-regalate-un-viaje-y-no-una-fiesta","status":"publish","type":"post","link":"https:\/\/zonacaral.gob.pe\/en\/noticias\/se-acerca-tu-cumpleanos-regalate-un-viaje-y-no-una-fiesta\/","title":{"rendered":"\u00bfSe acerca tu cumplea\u00f1os? Reg\u00e1late un viaje y no una fiesta"},"content":{"rendered":"<figure class=\"pic-autor\" style=\"color: #4d4d4d; text-align: justify;\"><\/figure>\n<blockquote>\n<p style=\"text-align: justify;\">\u201cEl mundo es como un libro abierto, quien no viaja solo ha le\u00eddo la primera p\u00e1gina\u201d. Un viaje m\u00e1s que un placer, te llena de la experiencia de conocer nuevos lugares, culturas y hasta nuevos amigos.<\/p>\n<\/blockquote>\n<p style=\"text-align: justify;\">Si eres de los que organiza reuniones en su cumplea\u00f1os, an\u00edmate a salir de esa rutina eligiendo un viaje de un d\u00eda, dos o tres d\u00edas; puedes ir con amigos o solo, pero no dudes en tomar una nueva experiencia que te haga pasar momentos \u00fanicos que jam\u00e1s te arrepentir\u00e1s, si no nos crees, aqu\u00ed tienes algunas razones:<\/p>\n<h3><strong>1. Un viaje dura m\u00e1s<\/strong><\/h3>\n<p>Celebrar tu cumplea\u00f1os dura un par de horas, un viaje suele durar un d\u00eda, dos o hasta tres d\u00edas.<\/p>\n<h3><strong>2. Ahorrar\u00e1s<\/strong><\/h3>\n<p>Comprar bebidas alcoh\u00f3licas para tus amigos, por ejemplo, costar\u00eda alrededor de 100 soles (un whisky) m\u00e1s complementos. Un chop de cerveza unos 300 soles. Ese dinero bien lo puedes invertir en un viaje cerca a Lima.<\/p>\n<h3><strong>3. Viajar es m\u00e1s saludable<\/strong><\/h3>\n<p>Si vas a celebrar tus \u201c20\u201d a\u00f1os (nuevamente), emborracharte no ser\u00eda una buena opci\u00f3n, por la resaca del d\u00eda anterior. Con un viaje te relajas, te alejas de lo que te aburr\u00eda y la rutina\u2026 Respiras aire puro.<\/p>\n<h3><strong>4. Refuerzas tus v\u00ednculos o formas unos nuevos<\/strong><\/h3>\n<p>Si viajas con tu familia, amigos o con tu novio, esa actividad crea v\u00ednculos m\u00e1s fuertes en su relaci\u00f3n, adem\u00e1s de tener hermosos recuerdos de esa gran aventura.<\/p>\n<h3>5. Fuera estr\u00e9s<\/h3>\n<p>Est\u00e1 comprobado que el estr\u00e9s puede causarte graves enfermedades y es por ello que debes de viajar, ya que esta actividad te llena de alegr\u00eda.<\/p>\n<h3>6. Conoces amistades muy particulares<\/h3>\n<p>En cada viaje podr\u00e1s conocer a diferentes personas de todo el mundo y de ellos aprender\u00e1s distintas costumbres que ni te imaginabas. Adem\u00e1s, algunos se volver\u00e1n tus amigos o, si estas solo, esa nueva amistad puede convertirse tu pr\u00f3xima cita.<\/p>\n<h3>7. Aprendes a conocerte m\u00e1s<\/h3>\n<p style=\"text-align: justify;\">Uno de los beneficios de viajar solo es que podr\u00e1s detectar cu\u00e1les son tus gustos, temores y aprender\u00e1s a cuidar de ti en todo momento.<\/p>\n<p style=\"text-align: justify;\">Si est\u00e1s por cumplir a\u00f1os, ve planeado el pr\u00f3ximo destino que conocer\u00e1s, por ejemplo, al norte de Lima te esperan 3 sitios arqueol\u00f3gicos: Caral, Vichama y \u00c1spero.<\/p>\n<ul style=\"text-align: justify;\">\n<li>Caral, con 5,000 a\u00f1os de antig\u00fcedad, es conocida como la Civilizaci\u00f3n m\u00e1s Antigua de Am\u00e9rica. Nombrada por la UNESCO como Patrimonio Mundial. (<span style=\"color: #000000;\"><strong><a href=\"https:\/\/zonacaral.gob.pe\/en\/conoce-caral\/como-llegar-a-caral\/\"><span style=\"color: #000000;\">Conoce c\u00f3mo llegar aqu\u00ed<\/span><\/a>)<\/strong><\/span><\/li>\n<\/ul>\n<p><img decoding=\"async\" class=\"alignnone size-full wp-image-12320\" src=\"http:\/\/www.zonacaral.gob.pe\/wp-content\/uploads\/2018\/03\/ruta-caral-panoramica.jpg\" alt=\"ruta-caral-panoramica\" width=\"100%\" srcset=\"https:\/\/zonacaral.gob.pe\/wp-content\/uploads\/2018\/03\/ruta-caral-panoramica.jpg 900w, https:\/\/zonacaral.gob.pe\/wp-content\/uploads\/2018\/03\/ruta-caral-panoramica-300x198.jpg 300w, https:\/\/zonacaral.gob.pe\/wp-content\/uploads\/2018\/03\/ruta-caral-panoramica-768x506.jpg 768w\" sizes=\"(max-width: 900px) 100vw, 900px\" \/><\/p>\n<ul style=\"text-align: justify;\">\n<li>Vichama: ubicada en el distrito de V\u00e9gueta, ha sido nombrada como la civilizaci\u00f3n agropesquera de Caral. (<a href=\"https:\/\/zonacaral.gob.pe\/en\/conoce-caral\/como-llegar-a-vichama\/\"><strong>Conoce c\u00f3mo llegar aqu\u00ed<\/strong><\/a>)<\/li>\n<\/ul>\n<p><img decoding=\"async\" class=\"alignnone wp-image-12322\" src=\"http:\/\/www.zonacaral.gob.pe\/wp-content\/uploads\/2018\/03\/mapa-vichama-ruta1.jpg\" alt=\"mapa-vichama-ruta\" width=\"100%\" srcset=\"https:\/\/zonacaral.gob.pe\/wp-content\/uploads\/2018\/03\/mapa-vichama-ruta1.jpg 1000w, https:\/\/zonacaral.gob.pe\/wp-content\/uploads\/2018\/03\/mapa-vichama-ruta1-300x198.jpg 300w, https:\/\/zonacaral.gob.pe\/wp-content\/uploads\/2018\/03\/mapa-vichama-ruta1-768x506.jpg 768w\" sizes=\"(max-width: 1000px) 100vw, 1000px\" \/><\/p>\n<ul style=\"text-align: justify;\">\n<li>\u00c1spero: Est\u00e1 dentro de Puerto Supe (cerca a Barranca), conocida como la ciudad pesquera de Caral. (<strong><a href=\"https:\/\/zonacaral.gob.pe\/en\/conoce-caral\/como-llegar-al-aspero\/\">Conoce c\u00f3mo llegar aqu\u00ed<\/a><\/strong>)<\/li>\n<\/ul>\n<p><img decoding=\"async\" class=\"alignnone size-full wp-image-12318\" src=\"http:\/\/www.zonacaral.gob.pe\/wp-content\/uploads\/2018\/03\/mapa-caral-ruta.jpg\" alt=\"mapa-caral-ruta\" width=\"100%\" srcset=\"https:\/\/zonacaral.gob.pe\/wp-content\/uploads\/2018\/03\/mapa-caral-ruta.jpg 1000w, https:\/\/zonacaral.gob.pe\/wp-content\/uploads\/2018\/03\/mapa-caral-ruta-300x198.jpg 300w, https:\/\/zonacaral.gob.pe\/wp-content\/uploads\/2018\/03\/mapa-caral-ruta-768x506.jpg 768w\" sizes=\"(max-width: 1000px) 100vw, 1000px\" \/><\/p>\n<p style=\"text-align: justify;\">An\u00edmate a conocer estos sitios arqueol\u00f3gicos, todos dentro de la Regi\u00f3n Lima. Puedes tambi\u00e9n viajar con nosotros, inf\u00f3rmate m\u00e1s en:<\/p>\n<p style=\"text-align: justify;\"><a href=\"\/en\/www.zonacaral.gob.pe\/viajes-educativos\/\"><strong>zonacaral.gob.pe\/viajes-educativos<\/strong><\/a> o env\u00eda tu correo a <strong>viajeseducativos@zonacaral.gob.pe<\/strong> o llamarnos en \u00a0205 2517<\/p>\n<p><span style=\"color: #993300;\"><strong>Fuente<\/strong><strong>: Prensa ZAC<\/strong><\/span><\/p>\n<div style=\"color: #1f1f1f;\">\n<p style=\"text-align: justify;\">Fecha de publicaci\u00f3n: 31\/05\/2018<\/p>\n<\/div>","protected":false},"excerpt":{"rendered":"<p>\u201cEl mundo es como un libro abierto, quien no viaja solo ha le\u00eddo la primera p\u00e1gina\u201d. Un viaje m\u00e1s que [&hellip;]<\/p>\n","protected":false},"author":1,"featured_media":12741,"comment_status":"closed","ping_status":"open","sticky":false,"template":"","format":"standard","meta":{"_acf_changed":false,"site-sidebar-layout":"default","site-content-layout":"","ast-site-content-layout":"default","site-content-style":"default","site-sidebar-style":"default","ast-global-header-display":"","ast-banner-title-visibility":"","ast-main-header-display":"","ast-hfb-above-header-display":"","ast-hfb-below-header-display":"","ast-hfb-mobile-header-display":"","site-post-title":"","ast-breadcrumbs-content":"","ast-featured-img":"","footer-sml-layout":"","ast-disable-related-posts":"","theme-transparent-header-meta":"","adv-header-id-meta":"","stick-header-meta":"","header-above-stick-meta":"","header-main-stick-meta":"","header-below-stick-meta":"","astra-migrate-meta-layouts":"default","ast-page-background-enabled":"default","ast-page-background-meta":{"desktop":{"background-color":"var(--ast-global-color-5)","background-image":"","background-repeat":"repeat","background-position":"center center","background-size":"auto","background-attachment":"scroll","background-type":"","background-media":"","overlay-type":"","overlay-color":"","overlay-opacity":"","overlay-gradient":""},"tablet":{"background-color":"","background-image":"","background-repeat":"repeat","background-position":"center center","background-size":"auto","background-attachment":"scroll","background-type":"","background-media":"","overlay-type":"","overlay-color":"","overlay-opacity":"","overlay-gradient":""},"mobile":{"background-color":"","background-image":"","background-repeat":"repeat","background-position":"center center","background-size":"auto","background-attachment":"scroll","background-type":"","background-media":"","overlay-type":"","overlay-color":"","overlay-opacity":"","overlay-gradient":""}},"ast-content-background-meta":{"desktop":{"background-color":"var(--ast-global-color-4)","background-image":"","background-repeat":"repeat","background-position":"center center","background-size":"auto","background-attachment":"scroll","background-type":"","background-media":"","overlay-type":"","overlay-color":"","overlay-opacity":"","overlay-gradient":""},"tablet":{"background-color":"var(--ast-global-color-4)","background-image":"","background-repeat":"repeat","background-position":"center center","background-size":"auto","background-attachment":"scroll","background-type":"","background-media":"","overlay-type":"","overlay-color":"","overlay-opacity":"","overlay-gradient":""},"mobile":{"background-color":"var(--ast-global-color-4)","background-image":"","background-repeat":"repeat","background-position":"center center","background-size":"auto","background-attachment":"scroll","background-type":"","background-media":"","overlay-type":"","overlay-color":"","overlay-opacity":"","overlay-gradient":""}},"footnotes":""},"categories":[208],"tags":[55,71],"class_list":["post-12738","post","type-post","status-publish","format-standard","has-post-thumbnail","hentry","category-noticias","tag-caral","tag-viajes-educativos"],"acf":[],"yoast_head":"<!-- This site is optimized with the Yoast SEO plugin v27.3 - https:\/\/yoast.com\/product\/yoast-seo-wordpress\/ -->\n<title>\u00bfSe acerca tu cumplea\u00f1os? Reg\u00e1late un viaje y no una fiesta<\/title>\n<meta name=\"description\" content=\"Si eres de los que organiza reuniones en su cumplea\u00f1os, an\u00edmate a salir de esa rutina eligiendo un viaje de un d\u00eda, dos o tres d\u00edas; puedes ir con amigos o solo, pero no dudes en tomar una nueva experiencia que te haga pasar momentos \u00fanicos que jam\u00e1s te arrepentir\u00e1s, si no nos crees, aqu\u00ed tienes algunas razones.\" \/>\n<meta name=\"robots\" content=\"index, follow, max-snippet:-1, max-image-preview:large, max-video-preview:-1\" \/>\n<link rel=\"canonical\" href=\"https:\/\/zonacaral.gob.pe\/en\/noticias\/se-acerca-tu-cumpleanos-regalate-un-viaje-y-no-una-fiesta\/\" \/>\n<meta property=\"og:locale\" content=\"en_US\" \/>\n<meta property=\"og:type\" content=\"article\" \/>\n<meta property=\"og:title\" content=\"\u00bfSe acerca tu cumplea\u00f1os? Reg\u00e1late un viaje y no una fiesta\" \/>\n<meta property=\"og:description\" content=\"Si eres de los que organiza reuniones en su cumplea\u00f1os, an\u00edmate a salir de esa rutina eligiendo un viaje de un d\u00eda, dos o tres d\u00edas; puedes ir con amigos o solo, pero no dudes en tomar una nueva experiencia que te haga pasar momentos \u00fanicos que jam\u00e1s te arrepentir\u00e1s, si no nos crees, aqu\u00ed tienes algunas razones.\" \/>\n<meta property=\"og:url\" content=\"https:\/\/zonacaral.gob.pe\/en\/noticias\/se-acerca-tu-cumpleanos-regalate-un-viaje-y-no-una-fiesta\/\" \/>\n<meta property=\"og:site_name\" content=\"Zona Caral\" \/>\n<meta property=\"article:published_time\" content=\"2018-05-31T22:13:26+00:00\" \/>\n<meta property=\"og:image\" content=\"https:\/\/zonacaral.gob.pe\/wp-content\/uploads\/2018\/05\/cumple-caral.jpg\" \/>\n\t<meta property=\"og:image:width\" content=\"800\" \/>\n\t<meta property=\"og:image:height\" content=\"449\" \/>\n\t<meta property=\"og:image:type\" content=\"image\/jpeg\" \/>\n<meta name=\"author\" content=\"Zona Caral Administrador\" \/>\n<meta name=\"twitter:card\" content=\"summary_large_image\" \/>\n<meta name=\"twitter:label1\" content=\"Written by\" \/>\n\t<meta name=\"twitter:data1\" content=\"Zona Caral Administrador\" \/>\n\t<meta name=\"twitter:label2\" content=\"Est. reading time\" \/>\n\t<meta name=\"twitter:data2\" content=\"3 minutes\" \/>\n<script type=\"application\/ld+json\" class=\"yoast-schema-graph\">{\"@context\":\"https:\\\/\\\/schema.org\",\"@graph\":[{\"@type\":\"Article\",\"@id\":\"https:\\\/\\\/zonacaral.gob.pe\\\/es\\\/noticias\\\/se-acerca-tu-cumpleanos-regalate-un-viaje-y-no-una-fiesta\\\/#article\",\"isPartOf\":{\"@id\":\"https:\\\/\\\/zonacaral.gob.pe\\\/es\\\/noticias\\\/se-acerca-tu-cumpleanos-regalate-un-viaje-y-no-una-fiesta\\\/\"},\"author\":{\"name\":\"Zona Caral Administrador\",\"@id\":\"https:\\\/\\\/zonacaral.gob.pe\\\/es\\\/#\\\/schema\\\/person\\\/beddb4d22f71a7230c5b90913270a0ee\"},\"headline\":\"\u00bfSe acerca tu cumplea\u00f1os? Reg\u00e1late un viaje y no una fiesta\",\"datePublished\":\"2018-05-31T22:13:26+00:00\",\"mainEntityOfPage\":{\"@id\":\"https:\\\/\\\/zonacaral.gob.pe\\\/es\\\/noticias\\\/se-acerca-tu-cumpleanos-regalate-un-viaje-y-no-una-fiesta\\\/\"},\"wordCount\":537,\"image\":{\"@id\":\"https:\\\/\\\/zonacaral.gob.pe\\\/es\\\/noticias\\\/se-acerca-tu-cumpleanos-regalate-un-viaje-y-no-una-fiesta\\\/#primaryimage\"},\"thumbnailUrl\":\"https:\\\/\\\/zonacaral.gob.pe\\\/wp-content\\\/uploads\\\/2018\\\/05\\\/cumple-caral.jpg\",\"keywords\":[\"caral\",\"viajes educativos\"],\"articleSection\":[\"noticias\"],\"inLanguage\":\"en-US\"},{\"@type\":\"WebPage\",\"@id\":\"https:\\\/\\\/zonacaral.gob.pe\\\/es\\\/noticias\\\/se-acerca-tu-cumpleanos-regalate-un-viaje-y-no-una-fiesta\\\/\",\"url\":\"https:\\\/\\\/zonacaral.gob.pe\\\/es\\\/noticias\\\/se-acerca-tu-cumpleanos-regalate-un-viaje-y-no-una-fiesta\\\/\",\"name\":\"\u00bfSe acerca tu cumplea\u00f1os? Reg\u00e1late un viaje y no una fiesta\",\"isPartOf\":{\"@id\":\"https:\\\/\\\/zonacaral.gob.pe\\\/es\\\/#website\"},\"primaryImageOfPage\":{\"@id\":\"https:\\\/\\\/zonacaral.gob.pe\\\/es\\\/noticias\\\/se-acerca-tu-cumpleanos-regalate-un-viaje-y-no-una-fiesta\\\/#primaryimage\"},\"image\":{\"@id\":\"https:\\\/\\\/zonacaral.gob.pe\\\/es\\\/noticias\\\/se-acerca-tu-cumpleanos-regalate-un-viaje-y-no-una-fiesta\\\/#primaryimage\"},\"thumbnailUrl\":\"https:\\\/\\\/zonacaral.gob.pe\\\/wp-content\\\/uploads\\\/2018\\\/05\\\/cumple-caral.jpg\",\"datePublished\":\"2018-05-31T22:13:26+00:00\",\"author\":{\"@id\":\"https:\\\/\\\/zonacaral.gob.pe\\\/es\\\/#\\\/schema\\\/person\\\/beddb4d22f71a7230c5b90913270a0ee\"},\"description\":\"Si eres de los que organiza reuniones en su cumplea\u00f1os, an\u00edmate a salir de esa rutina eligiendo un viaje de un d\u00eda, dos o tres d\u00edas; puedes ir con amigos o solo, pero no dudes en tomar una nueva experiencia que te haga pasar momentos \u00fanicos que jam\u00e1s te arrepentir\u00e1s, si no nos crees, aqu\u00ed tienes algunas razones.\",\"breadcrumb\":{\"@id\":\"https:\\\/\\\/zonacaral.gob.pe\\\/es\\\/noticias\\\/se-acerca-tu-cumpleanos-regalate-un-viaje-y-no-una-fiesta\\\/#breadcrumb\"},\"inLanguage\":\"en-US\",\"potentialAction\":[{\"@type\":\"ReadAction\",\"target\":[\"https:\\\/\\\/zonacaral.gob.pe\\\/es\\\/noticias\\\/se-acerca-tu-cumpleanos-regalate-un-viaje-y-no-una-fiesta\\\/\"]}]},{\"@type\":\"ImageObject\",\"inLanguage\":\"en-US\",\"@id\":\"https:\\\/\\\/zonacaral.gob.pe\\\/es\\\/noticias\\\/se-acerca-tu-cumpleanos-regalate-un-viaje-y-no-una-fiesta\\\/#primaryimage\",\"url\":\"https:\\\/\\\/zonacaral.gob.pe\\\/wp-content\\\/uploads\\\/2018\\\/05\\\/cumple-caral.jpg\",\"contentUrl\":\"https:\\\/\\\/zonacaral.gob.pe\\\/wp-content\\\/uploads\\\/2018\\\/05\\\/cumple-caral.jpg\",\"width\":800,\"height\":449},{\"@type\":\"BreadcrumbList\",\"@id\":\"https:\\\/\\\/zonacaral.gob.pe\\\/es\\\/noticias\\\/se-acerca-tu-cumpleanos-regalate-un-viaje-y-no-una-fiesta\\\/#breadcrumb\",\"itemListElement\":[{\"@type\":\"ListItem\",\"position\":1,\"name\":\"Portada\",\"item\":\"https:\\\/\\\/zonacaral.gob.pe\\\/\"},{\"@type\":\"ListItem\",\"position\":2,\"name\":\"\u00bfSe acerca tu cumplea\u00f1os? Reg\u00e1late un viaje y no una fiesta\"}]},{\"@type\":\"WebSite\",\"@id\":\"https:\\\/\\\/zonacaral.gob.pe\\\/es\\\/#website\",\"url\":\"https:\\\/\\\/zonacaral.gob.pe\\\/es\\\/\",\"name\":\"Zona Caral\",\"description\":\"Investigamos, conservamos y difundimos el patrimonio cultural de la Civilizaci\u00f3n Caral, la m\u00e1s antigua de Am\u00e9rica.\",\"potentialAction\":[{\"@type\":\"SearchAction\",\"target\":{\"@type\":\"EntryPoint\",\"urlTemplate\":\"https:\\\/\\\/zonacaral.gob.pe\\\/es\\\/?s={search_term_string}\"},\"query-input\":{\"@type\":\"PropertyValueSpecification\",\"valueRequired\":true,\"valueName\":\"search_term_string\"}}],\"inLanguage\":\"en-US\"},{\"@type\":\"Person\",\"@id\":\"https:\\\/\\\/zonacaral.gob.pe\\\/es\\\/#\\\/schema\\\/person\\\/beddb4d22f71a7230c5b90913270a0ee\",\"name\":\"Zona Caral Administrador\",\"image\":{\"@type\":\"ImageObject\",\"inLanguage\":\"en-US\",\"@id\":\"https:\\\/\\\/secure.gravatar.com\\\/avatar\\\/e4be162918a696358376de6446614e0f0f4062bdc5d170d6d540ada3d8b58c12?s=96&d=mm&r=g\",\"url\":\"https:\\\/\\\/secure.gravatar.com\\\/avatar\\\/e4be162918a696358376de6446614e0f0f4062bdc5d170d6d540ada3d8b58c12?s=96&d=mm&r=g\",\"contentUrl\":\"https:\\\/\\\/secure.gravatar.com\\\/avatar\\\/e4be162918a696358376de6446614e0f0f4062bdc5d170d6d540ada3d8b58c12?s=96&d=mm&r=g\",\"caption\":\"Zona Caral Administrador\"},\"sameAs\":[\"https:\\\/\\\/zonacaral.gob.pe\"],\"url\":\"https:\\\/\\\/zonacaral.gob.pe\\\/en\\\/noticias\\\/author\\\/ad_zonacaral\\\/\"}]}<\/script>\n<!-- \/ Yoast SEO plugin. -->","yoast_head_json":{"title":"\u00bfSe acerca tu cumplea\u00f1os? Reg\u00e1late un viaje y no una fiesta","description":"Si eres de los que organiza reuniones en su cumplea\u00f1os, an\u00edmate a salir de esa rutina eligiendo un viaje de un d\u00eda, dos o tres d\u00edas; puedes ir con amigos o solo, pero no dudes en tomar una nueva experiencia que te haga pasar momentos \u00fanicos que jam\u00e1s te arrepentir\u00e1s, si no nos crees, aqu\u00ed tienes algunas razones.","robots":{"index":"index","follow":"follow","max-snippet":"max-snippet:-1","max-image-preview":"max-image-preview:large","max-video-preview":"max-video-preview:-1"},"canonical":"https:\/\/zonacaral.gob.pe\/en\/noticias\/se-acerca-tu-cumpleanos-regalate-un-viaje-y-no-una-fiesta\/","og_locale":"en_US","og_type":"article","og_title":"\u00bfSe acerca tu cumplea\u00f1os? Reg\u00e1late un viaje y no una fiesta","og_description":"Si eres de los que organiza reuniones en su cumplea\u00f1os, an\u00edmate a salir de esa rutina eligiendo un viaje de un d\u00eda, dos o tres d\u00edas; puedes ir con amigos o solo, pero no dudes en tomar una nueva experiencia que te haga pasar momentos \u00fanicos que jam\u00e1s te arrepentir\u00e1s, si no nos crees, aqu\u00ed tienes algunas razones.","og_url":"https:\/\/zonacaral.gob.pe\/en\/noticias\/se-acerca-tu-cumpleanos-regalate-un-viaje-y-no-una-fiesta\/","og_site_name":"Zona Caral","article_published_time":"2018-05-31T22:13:26+00:00","og_image":[{"width":800,"height":449,"url":"https:\/\/zonacaral.gob.pe\/wp-content\/uploads\/2018\/05\/cumple-caral.jpg","type":"image\/jpeg"}],"author":"Zona Caral Administrador","twitter_card":"summary_large_image","twitter_misc":{"Written by":"Zona Caral Administrador","Est. reading time":"3 minutes"},"schema":{"@context":"https:\/\/schema.org","@graph":[{"@type":"Article","@id":"https:\/\/zonacaral.gob.pe\/es\/noticias\/se-acerca-tu-cumpleanos-regalate-un-viaje-y-no-una-fiesta\/#article","isPartOf":{"@id":"https:\/\/zonacaral.gob.pe\/es\/noticias\/se-acerca-tu-cumpleanos-regalate-un-viaje-y-no-una-fiesta\/"},"author":{"name":"Zona Caral Administrador","@id":"https:\/\/zonacaral.gob.pe\/es\/#\/schema\/person\/beddb4d22f71a7230c5b90913270a0ee"},"headline":"\u00bfSe acerca tu cumplea\u00f1os? Reg\u00e1late un viaje y no una fiesta","datePublished":"2018-05-31T22:13:26+00:00","mainEntityOfPage":{"@id":"https:\/\/zonacaral.gob.pe\/es\/noticias\/se-acerca-tu-cumpleanos-regalate-un-viaje-y-no-una-fiesta\/"},"wordCount":537,"image":{"@id":"https:\/\/zonacaral.gob.pe\/es\/noticias\/se-acerca-tu-cumpleanos-regalate-un-viaje-y-no-una-fiesta\/#primaryimage"},"thumbnailUrl":"https:\/\/zonacaral.gob.pe\/wp-content\/uploads\/2018\/05\/cumple-caral.jpg","keywords":["caral","viajes educativos"],"articleSection":["noticias"],"inLanguage":"en-US"},{"@type":"WebPage","@id":"https:\/\/zonacaral.gob.pe\/es\/noticias\/se-acerca-tu-cumpleanos-regalate-un-viaje-y-no-una-fiesta\/","url":"https:\/\/zonacaral.gob.pe\/es\/noticias\/se-acerca-tu-cumpleanos-regalate-un-viaje-y-no-una-fiesta\/","name":"\u00bfSe acerca tu cumplea\u00f1os? Reg\u00e1late un viaje y no una fiesta","isPartOf":{"@id":"https:\/\/zonacaral.gob.pe\/es\/#website"},"primaryImageOfPage":{"@id":"https:\/\/zonacaral.gob.pe\/es\/noticias\/se-acerca-tu-cumpleanos-regalate-un-viaje-y-no-una-fiesta\/#primaryimage"},"image":{"@id":"https:\/\/zonacaral.gob.pe\/es\/noticias\/se-acerca-tu-cumpleanos-regalate-un-viaje-y-no-una-fiesta\/#primaryimage"},"thumbnailUrl":"https:\/\/zonacaral.gob.pe\/wp-content\/uploads\/2018\/05\/cumple-caral.jpg","datePublished":"2018-05-31T22:13:26+00:00","author":{"@id":"https:\/\/zonacaral.gob.pe\/es\/#\/schema\/person\/beddb4d22f71a7230c5b90913270a0ee"},"description":"Si eres de los que organiza reuniones en su cumplea\u00f1os, an\u00edmate a salir de esa rutina eligiendo un viaje de un d\u00eda, dos o tres d\u00edas; puedes ir con amigos o solo, pero no dudes en tomar una nueva experiencia que te haga pasar momentos \u00fanicos que jam\u00e1s te arrepentir\u00e1s, si no nos crees, aqu\u00ed tienes algunas razones.","breadcrumb":{"@id":"https:\/\/zonacaral.gob.pe\/es\/noticias\/se-acerca-tu-cumpleanos-regalate-un-viaje-y-no-una-fiesta\/#breadcrumb"},"inLanguage":"en-US","potentialAction":[{"@type":"ReadAction","target":["https:\/\/zonacaral.gob.pe\/es\/noticias\/se-acerca-tu-cumpleanos-regalate-un-viaje-y-no-una-fiesta\/"]}]},{"@type":"ImageObject","inLanguage":"en-US","@id":"https:\/\/zonacaral.gob.pe\/es\/noticias\/se-acerca-tu-cumpleanos-regalate-un-viaje-y-no-una-fiesta\/#primaryimage","url":"https:\/\/zonacaral.gob.pe\/wp-content\/uploads\/2018\/05\/cumple-caral.jpg","contentUrl":"https:\/\/zonacaral.gob.pe\/wp-content\/uploads\/2018\/05\/cumple-caral.jpg","width":800,"height":449},{"@type":"BreadcrumbList","@id":"https:\/\/zonacaral.gob.pe\/es\/noticias\/se-acerca-tu-cumpleanos-regalate-un-viaje-y-no-una-fiesta\/#breadcrumb","itemListElement":[{"@type":"ListItem","position":1,"name":"Portada","item":"https:\/\/zonacaral.gob.pe\/"},{"@type":"ListItem","position":2,"name":"\u00bfSe acerca tu cumplea\u00f1os? Reg\u00e1late un viaje y no una fiesta"}]},{"@type":"WebSite","@id":"https:\/\/zonacaral.gob.pe\/es\/#website","url":"https:\/\/zonacaral.gob.pe\/es\/","name":"Zona Caral","description":"Investigamos, conservamos y difundimos el patrimonio cultural de la Civilizaci\u00f3n Caral, la m\u00e1s antigua de Am\u00e9rica.","potentialAction":[{"@type":"SearchAction","target":{"@type":"EntryPoint","urlTemplate":"https:\/\/zonacaral.gob.pe\/es\/?s={search_term_string}"},"query-input":{"@type":"PropertyValueSpecification","valueRequired":true,"valueName":"search_term_string"}}],"inLanguage":"en-US"},{"@type":"Person","@id":"https:\/\/zonacaral.gob.pe\/es\/#\/schema\/person\/beddb4d22f71a7230c5b90913270a0ee","name":"Zona Caral Administrador","image":{"@type":"ImageObject","inLanguage":"en-US","@id":"https:\/\/secure.gravatar.com\/avatar\/e4be162918a696358376de6446614e0f0f4062bdc5d170d6d540ada3d8b58c12?s=96&d=mm&r=g","url":"https:\/\/secure.gravatar.com\/avatar\/e4be162918a696358376de6446614e0f0f4062bdc5d170d6d540ada3d8b58c12?s=96&d=mm&r=g","contentUrl":"https:\/\/secure.gravatar.com\/avatar\/e4be162918a696358376de6446614e0f0f4062bdc5d170d6d540ada3d8b58c12?s=96&d=mm&r=g","caption":"Zona Caral Administrador"},"sameAs":["https:\/\/zonacaral.gob.pe"],"url":"https:\/\/zonacaral.gob.pe\/en\/noticias\/author\/ad_zonacaral\/"}]}},"_links":{"self":[{"href":"https:\/\/zonacaral.gob.pe\/en\/wp-json\/wp\/v2\/posts\/12738","targetHints":{"allow":["GET"]}}],"collection":[{"href":"https:\/\/zonacaral.gob.pe\/en\/wp-json\/wp\/v2\/posts"}],"about":[{"href":"https:\/\/zonacaral.gob.pe\/en\/wp-json\/wp\/v2\/types\/post"}],"author":[{"embeddable":true,"href":"https:\/\/zonacaral.gob.pe\/en\/wp-json\/wp\/v2\/users\/1"}],"replies":[{"embeddable":true,"href":"https:\/\/zonacaral.gob.pe\/en\/wp-json\/wp\/v2\/comments?post=12738"}],"version-history":[{"count":0,"href":"https:\/\/zonacaral.gob.pe\/en\/wp-json\/wp\/v2\/posts\/12738\/revisions"}],"wp:featuredmedia":[{"embeddable":true,"href":"https:\/\/zonacaral.gob.pe\/en\/wp-json\/wp\/v2\/media\/12741"}],"wp:attachment":[{"href":"https:\/\/zonacaral.gob.pe\/en\/wp-json\/wp\/v2\/media?parent=12738"}],"wp:term":[{"taxonomy":"category","embeddable":true,"href":"https:\/\/zonacaral.gob.pe\/en\/wp-json\/wp\/v2\/categories?post=12738"},{"taxonomy":"post_tag","embeddable":true,"href":"https:\/\/zonacaral.gob.pe\/en\/wp-json\/wp\/v2\/tags?post=12738"}],"curies":[{"name":"wp","href":"https:\/\/api.w.org\/{rel}","templated":true}]}}