{"id":12751,"date":"2018-06-11T10:54:56","date_gmt":"2018-06-11T15:54:56","guid":{"rendered":"http:\/\/www.zonacaral.gob.pe\/?p=12751"},"modified":"2018-06-11T10:54:56","modified_gmt":"2018-06-11T15:54:56","slug":"conoce-caral-aspero-y-vichama-con-nuestros-viajes-educativos","status":"publish","type":"post","link":"https:\/\/zonacaral.gob.pe\/en\/noticias\/conoce-caral-aspero-y-vichama-con-nuestros-viajes-educativos\/","title":{"rendered":"Conoce Caral, \u00c1spero y Vichama con nuestros Viajes Educativos\u2028"},"content":{"rendered":"<figure class=\"pic-autor\" style=\"color: #4d4d4d; text-align: justify;\"><\/figure>\n<blockquote>\n<p style=\"text-align: justify;\">Servicio, cultural y educativo, dedicado a difundir como destino tur\u00edstico las civilizaciones de Caral<\/p>\n<\/blockquote>\n<p style=\"text-align: justify;\">La Zona Arqueol\u00f3gica Caral, Unidad Ejecutora 003, del Ministerio de Cultura, pone a disposici\u00f3n de la poblaci\u00f3n nacional y extranjeros, su servicio de paseos organizados, denominado \u201cViajes Educativos\u201d, el cual tiene como finalidad promover, incentivar y difundir nuestro patrimonio cultural.<\/p>\n<p style=\"text-align: justify;\">Uno de los principales destinos es la Ciudad Sagrada de Caral (ubicado en Supe, kil\u00f3metro 184 de la Panamericana Norte), lugar donde se origin\u00f3 la civilizaci\u00f3n de Am\u00e9rica (con 5,000 a\u00f1os de antig\u00fcedad) y reconocida como Patrimonio Mundial por la UNESCO.<\/p>\n<p style=\"text-align: justify;\">A la par, est\u00e1n los sitios arqueol\u00f3gicos contempor\u00e1neos del \u00c1spero \u2013 Ciudad Pesquera de la Civilizaci\u00f3n Caral \u2013 (en el valle de Supe) y Vichama \u2013 Ciudad Agropesquera de V\u00e9gueta \u2013 (en el valle de Huaura), todos al norte de Lima.<\/p>\n<p style=\"text-align: justify;\">Adem\u00e1s, de acuerdo al itinerario del fin de semana, podr\u00e1n visitar los museos comunitarios de Supe y V\u00e9gueta; y, por temporadas, las \u00e1reas naturales protegidas como las Lomas de Lachay, la Alb\u00fafera de Medio Mundo y la playa La Isla.<\/p>\n<p style=\"text-align: justify;\">Nuestros viajes programados incluyen: el transporte privado, ida y vuelta, almuerzo t\u00edpico especial, tickets de ingreso a los sitios arqueol\u00f3gicos, material informativo y guiado local.<\/p>\n<p style=\"text-align: justify;\">Las salidas de Viajes Educativos est\u00e1n dirigidas a todo el p\u00fablico; es decir, a turistas nacionales y extranjeros. Estamos aptos y capacitados para atender a peque\u00f1os o grandes grupos de personas y a personas con discapacidad. Organizamos viajes de colegios (p\u00fablicos y privados), instituciones estatales, empresas, clubs, asociaciones, grupos de amigos o familias, entre otros.<\/p>\n<h2 style=\"text-align: justify;\">DATO<\/h2>\n<ul>\n<li>Obt\u00e9n mayor informaci\u00f3n enviando un correo a <strong>viajeseducativos@zonacaral.gob.pe<\/strong>. Tambi\u00e9n llamando a los n\u00fameros <strong>(01) 205-2517<\/strong> o al (01) <strong>955 881 340<\/strong>.<\/li>\n<li>Los servicios especiales pueden coordinar su lugar de recojo.\u2028- Pregunta por el itinerario del fin de semana, las salidas especiales, los viajes m\u00edsticos y solidarios.<\/li>\n<li>El servicio de guiado local, es un trabajo de labor social, en beneficio de los pobladores del lugar.<\/li>\n<li>Visita nuestra web: <a href=\"https:\/\/zonacaral.gob.pe\/en\/viajes-educativos\/salidas-semanales\/\"><span style=\"color: #993300;\"><strong>zonacaral.gob.pe\/viajes-educativos\/salidas-semanales\/<\/strong><\/span><\/a><\/li>\n<\/ul>\n<p><span style=\"color: #993300;\"><strong>Fuente<\/strong><strong>: Prensa ZAC<\/strong><\/span><\/p>\n<div style=\"color: #1f1f1f;\">\n<p style=\"text-align: justify;\">Fecha de publicaci\u00f3n: 11\/06\/2018<\/p>\n<\/div>","protected":false},"excerpt":{"rendered":"<p>Servicio, cultural y educativo, dedicado a difundir como destino tur\u00edstico las civilizaciones de Caral La Zona Arqueol\u00f3gica Caral, Unidad Ejecutora [&hellip;]<\/p>\n","protected":false},"author":1,"featured_media":12752,"comment_status":"closed","ping_status":"open","sticky":false,"template":"","format":"standard","meta":{"_acf_changed":false,"site-sidebar-layout":"default","site-content-layout":"","ast-site-content-layout":"default","site-content-style":"default","site-sidebar-style":"default","ast-global-header-display":"","ast-banner-title-visibility":"","ast-main-header-display":"","ast-hfb-above-header-display":"","ast-hfb-below-header-display":"","ast-hfb-mobile-header-display":"","site-post-title":"","ast-breadcrumbs-content":"","ast-featured-img":"","footer-sml-layout":"","ast-disable-related-posts":"","theme-transparent-header-meta":"","adv-header-id-meta":"","stick-header-meta":"","header-above-stick-meta":"","header-main-stick-meta":"","header-below-stick-meta":"","astra-migrate-meta-layouts":"default","ast-page-background-enabled":"default","ast-page-background-meta":{"desktop":{"background-color":"var(--ast-global-color-5)","background-image":"","background-repeat":"repeat","background-position":"center center","background-size":"auto","background-attachment":"scroll","background-type":"","background-media":"","overlay-type":"","overlay-color":"","overlay-opacity":"","overlay-gradient":""},"tablet":{"background-color":"","background-image":"","background-repeat":"repeat","background-position":"center center","background-size":"auto","background-attachment":"scroll","background-type":"","background-media":"","overlay-type":"","overlay-color":"","overlay-opacity":"","overlay-gradient":""},"mobile":{"background-color":"","background-image":"","background-repeat":"repeat","background-position":"center center","background-size":"auto","background-attachment":"scroll","background-type":"","background-media":"","overlay-type":"","overlay-color":"","overlay-opacity":"","overlay-gradient":""}},"ast-content-background-meta":{"desktop":{"background-color":"var(--ast-global-color-4)","background-image":"","background-repeat":"repeat","background-position":"center center","background-size":"auto","background-attachment":"scroll","background-type":"","background-media":"","overlay-type":"","overlay-color":"","overlay-opacity":"","overlay-gradient":""},"tablet":{"background-color":"var(--ast-global-color-4)","background-image":"","background-repeat":"repeat","background-position":"center center","background-size":"auto","background-attachment":"scroll","background-type":"","background-media":"","overlay-type":"","overlay-color":"","overlay-opacity":"","overlay-gradient":""},"mobile":{"background-color":"var(--ast-global-color-4)","background-image":"","background-repeat":"repeat","background-position":"center center","background-size":"auto","background-attachment":"scroll","background-type":"","background-media":"","overlay-type":"","overlay-color":"","overlay-opacity":"","overlay-gradient":""}},"footnotes":""},"categories":[208],"tags":[63,55,166,61],"class_list":["post-12751","post","type-post","status-publish","format-standard","has-post-thumbnail","hentry","category-noticias","tag-aspero","tag-caral","tag-streaming","tag-vichama"],"acf":[],"yoast_head":"<!-- This site is optimized with the Yoast SEO plugin v27.3 - https:\/\/yoast.com\/product\/yoast-seo-wordpress\/ -->\n<title>Conoce Caral, \u00c1spero y Vichama con los Viajes Educativos\u2028<\/title>\n<meta name=\"description\" content=\"La Zona Arqueol\u00f3gica Caral, Unidad Ejecutora 003, del Ministerio de Cultura, pone a disposici\u00f3n de la poblaci\u00f3n nacional y extranjeros, su servicio de paseos organizados, denominado \u201cViajes Educativos\u201d, el cual tiene como finalidad promover, incentivar y difundir nuestro patrimonio cultural.\" \/>\n<meta name=\"robots\" content=\"index, follow, max-snippet:-1, max-image-preview:large, max-video-preview:-1\" \/>\n<link rel=\"canonical\" href=\"https:\/\/zonacaral.gob.pe\/en\/noticias\/conoce-caral-aspero-y-vichama-con-nuestros-viajes-educativos\/\" \/>\n<meta property=\"og:locale\" content=\"en_US\" \/>\n<meta property=\"og:type\" content=\"article\" \/>\n<meta property=\"og:title\" content=\"Conoce Caral, \u00c1spero y Vichama con los Viajes Educativos\u2028\" \/>\n<meta property=\"og:description\" content=\"La Zona Arqueol\u00f3gica Caral, Unidad Ejecutora 003, del Ministerio de Cultura, pone a disposici\u00f3n de la poblaci\u00f3n nacional y extranjeros, su servicio de paseos organizados, denominado \u201cViajes Educativos\u201d, el cual tiene como finalidad promover, incentivar y difundir nuestro patrimonio cultural.\" \/>\n<meta property=\"og:url\" content=\"https:\/\/zonacaral.gob.pe\/en\/noticias\/conoce-caral-aspero-y-vichama-con-nuestros-viajes-educativos\/\" \/>\n<meta property=\"og:site_name\" content=\"Zona Caral\" \/>\n<meta property=\"article:published_time\" content=\"2018-06-11T15:54:56+00:00\" \/>\n<meta property=\"og:image\" content=\"https:\/\/zonacaral.gob.pe\/wp-content\/uploads\/2018\/06\/zac-organiza-viajes-educativos.jpg\" \/>\n\t<meta property=\"og:image:width\" content=\"900\" \/>\n\t<meta property=\"og:image:height\" content=\"536\" \/>\n\t<meta property=\"og:image:type\" content=\"image\/jpeg\" \/>\n<meta name=\"author\" content=\"Zona Caral Administrador\" \/>\n<meta name=\"twitter:card\" content=\"summary_large_image\" \/>\n<meta name=\"twitter:label1\" content=\"Written by\" \/>\n\t<meta name=\"twitter:data1\" content=\"Zona Caral Administrador\" \/>\n\t<meta name=\"twitter:label2\" content=\"Est. reading time\" \/>\n\t<meta name=\"twitter:data2\" content=\"2 minutes\" \/>\n<script type=\"application\/ld+json\" class=\"yoast-schema-graph\">{\"@context\":\"https:\\\/\\\/schema.org\",\"@graph\":[{\"@type\":\"Article\",\"@id\":\"https:\\\/\\\/zonacaral.gob.pe\\\/es\\\/noticias\\\/conoce-caral-aspero-y-vichama-con-nuestros-viajes-educativos\\\/#article\",\"isPartOf\":{\"@id\":\"https:\\\/\\\/zonacaral.gob.pe\\\/es\\\/noticias\\\/conoce-caral-aspero-y-vichama-con-nuestros-viajes-educativos\\\/\"},\"author\":{\"name\":\"Zona Caral Administrador\",\"@id\":\"https:\\\/\\\/zonacaral.gob.pe\\\/es\\\/#\\\/schema\\\/person\\\/beddb4d22f71a7230c5b90913270a0ee\"},\"headline\":\"Conoce Caral, \u00c1spero y Vichama con nuestros Viajes Educativos\\u2028\",\"datePublished\":\"2018-06-11T15:54:56+00:00\",\"mainEntityOfPage\":{\"@id\":\"https:\\\/\\\/zonacaral.gob.pe\\\/es\\\/noticias\\\/conoce-caral-aspero-y-vichama-con-nuestros-viajes-educativos\\\/\"},\"wordCount\":366,\"image\":{\"@id\":\"https:\\\/\\\/zonacaral.gob.pe\\\/es\\\/noticias\\\/conoce-caral-aspero-y-vichama-con-nuestros-viajes-educativos\\\/#primaryimage\"},\"thumbnailUrl\":\"https:\\\/\\\/zonacaral.gob.pe\\\/wp-content\\\/uploads\\\/2018\\\/06\\\/zac-organiza-viajes-educativos.jpg\",\"keywords\":[\"Aspero\",\"caral\",\"streaming\",\"vichama\"],\"articleSection\":[\"noticias\"],\"inLanguage\":\"en-US\"},{\"@type\":\"WebPage\",\"@id\":\"https:\\\/\\\/zonacaral.gob.pe\\\/es\\\/noticias\\\/conoce-caral-aspero-y-vichama-con-nuestros-viajes-educativos\\\/\",\"url\":\"https:\\\/\\\/zonacaral.gob.pe\\\/es\\\/noticias\\\/conoce-caral-aspero-y-vichama-con-nuestros-viajes-educativos\\\/\",\"name\":\"Conoce Caral, \u00c1spero y Vichama con los Viajes Educativos\\u2028\",\"isPartOf\":{\"@id\":\"https:\\\/\\\/zonacaral.gob.pe\\\/es\\\/#website\"},\"primaryImageOfPage\":{\"@id\":\"https:\\\/\\\/zonacaral.gob.pe\\\/es\\\/noticias\\\/conoce-caral-aspero-y-vichama-con-nuestros-viajes-educativos\\\/#primaryimage\"},\"image\":{\"@id\":\"https:\\\/\\\/zonacaral.gob.pe\\\/es\\\/noticias\\\/conoce-caral-aspero-y-vichama-con-nuestros-viajes-educativos\\\/#primaryimage\"},\"thumbnailUrl\":\"https:\\\/\\\/zonacaral.gob.pe\\\/wp-content\\\/uploads\\\/2018\\\/06\\\/zac-organiza-viajes-educativos.jpg\",\"datePublished\":\"2018-06-11T15:54:56+00:00\",\"author\":{\"@id\":\"https:\\\/\\\/zonacaral.gob.pe\\\/es\\\/#\\\/schema\\\/person\\\/beddb4d22f71a7230c5b90913270a0ee\"},\"description\":\"La Zona Arqueol\u00f3gica Caral, Unidad Ejecutora 003, del Ministerio de Cultura, pone a disposici\u00f3n de la poblaci\u00f3n nacional y extranjeros, su servicio de paseos organizados, denominado \u201cViajes Educativos\u201d, el cual tiene como finalidad promover, incentivar y difundir nuestro patrimonio cultural.\",\"breadcrumb\":{\"@id\":\"https:\\\/\\\/zonacaral.gob.pe\\\/es\\\/noticias\\\/conoce-caral-aspero-y-vichama-con-nuestros-viajes-educativos\\\/#breadcrumb\"},\"inLanguage\":\"en-US\",\"potentialAction\":[{\"@type\":\"ReadAction\",\"target\":[\"https:\\\/\\\/zonacaral.gob.pe\\\/es\\\/noticias\\\/conoce-caral-aspero-y-vichama-con-nuestros-viajes-educativos\\\/\"]}]},{\"@type\":\"ImageObject\",\"inLanguage\":\"en-US\",\"@id\":\"https:\\\/\\\/zonacaral.gob.pe\\\/es\\\/noticias\\\/conoce-caral-aspero-y-vichama-con-nuestros-viajes-educativos\\\/#primaryimage\",\"url\":\"https:\\\/\\\/zonacaral.gob.pe\\\/wp-content\\\/uploads\\\/2018\\\/06\\\/zac-organiza-viajes-educativos.jpg\",\"contentUrl\":\"https:\\\/\\\/zonacaral.gob.pe\\\/wp-content\\\/uploads\\\/2018\\\/06\\\/zac-organiza-viajes-educativos.jpg\",\"width\":900,\"height\":536},{\"@type\":\"BreadcrumbList\",\"@id\":\"https:\\\/\\\/zonacaral.gob.pe\\\/es\\\/noticias\\\/conoce-caral-aspero-y-vichama-con-nuestros-viajes-educativos\\\/#breadcrumb\",\"itemListElement\":[{\"@type\":\"ListItem\",\"position\":1,\"name\":\"Portada\",\"item\":\"https:\\\/\\\/zonacaral.gob.pe\\\/\"},{\"@type\":\"ListItem\",\"position\":2,\"name\":\"Conoce Caral, \u00c1spero y Vichama con nuestros Viajes Educativos\\u2028\"}]},{\"@type\":\"WebSite\",\"@id\":\"https:\\\/\\\/zonacaral.gob.pe\\\/es\\\/#website\",\"url\":\"https:\\\/\\\/zonacaral.gob.pe\\\/es\\\/\",\"name\":\"Zona Caral\",\"description\":\"Investigamos, conservamos y difundimos el patrimonio cultural de la Civilizaci\u00f3n Caral, la m\u00e1s antigua de Am\u00e9rica.\",\"potentialAction\":[{\"@type\":\"SearchAction\",\"target\":{\"@type\":\"EntryPoint\",\"urlTemplate\":\"https:\\\/\\\/zonacaral.gob.pe\\\/es\\\/?s={search_term_string}\"},\"query-input\":{\"@type\":\"PropertyValueSpecification\",\"valueRequired\":true,\"valueName\":\"search_term_string\"}}],\"inLanguage\":\"en-US\"},{\"@type\":\"Person\",\"@id\":\"https:\\\/\\\/zonacaral.gob.pe\\\/es\\\/#\\\/schema\\\/person\\\/beddb4d22f71a7230c5b90913270a0ee\",\"name\":\"Zona Caral Administrador\",\"image\":{\"@type\":\"ImageObject\",\"inLanguage\":\"en-US\",\"@id\":\"https:\\\/\\\/secure.gravatar.com\\\/avatar\\\/e4be162918a696358376de6446614e0f0f4062bdc5d170d6d540ada3d8b58c12?s=96&d=mm&r=g\",\"url\":\"https:\\\/\\\/secure.gravatar.com\\\/avatar\\\/e4be162918a696358376de6446614e0f0f4062bdc5d170d6d540ada3d8b58c12?s=96&d=mm&r=g\",\"contentUrl\":\"https:\\\/\\\/secure.gravatar.com\\\/avatar\\\/e4be162918a696358376de6446614e0f0f4062bdc5d170d6d540ada3d8b58c12?s=96&d=mm&r=g\",\"caption\":\"Zona Caral Administrador\"},\"sameAs\":[\"https:\\\/\\\/zonacaral.gob.pe\"],\"url\":\"https:\\\/\\\/zonacaral.gob.pe\\\/en\\\/noticias\\\/author\\\/ad_zonacaral\\\/\"}]}<\/script>\n<!-- \/ Yoast SEO plugin. -->","yoast_head_json":{"title":"Conoce Caral, \u00c1spero y Vichama con los Viajes Educativos\u2028","description":"La Zona Arqueol\u00f3gica Caral, Unidad Ejecutora 003, del Ministerio de Cultura, pone a disposici\u00f3n de la poblaci\u00f3n nacional y extranjeros, su servicio de paseos organizados, denominado \u201cViajes Educativos\u201d, el cual tiene como finalidad promover, incentivar y difundir nuestro patrimonio cultural.","robots":{"index":"index","follow":"follow","max-snippet":"max-snippet:-1","max-image-preview":"max-image-preview:large","max-video-preview":"max-video-preview:-1"},"canonical":"https:\/\/zonacaral.gob.pe\/en\/noticias\/conoce-caral-aspero-y-vichama-con-nuestros-viajes-educativos\/","og_locale":"en_US","og_type":"article","og_title":"Conoce Caral, \u00c1spero y Vichama con los Viajes Educativos\u2028","og_description":"La Zona Arqueol\u00f3gica Caral, Unidad Ejecutora 003, del Ministerio de Cultura, pone a disposici\u00f3n de la poblaci\u00f3n nacional y extranjeros, su servicio de paseos organizados, denominado \u201cViajes Educativos\u201d, el cual tiene como finalidad promover, incentivar y difundir nuestro patrimonio cultural.","og_url":"https:\/\/zonacaral.gob.pe\/en\/noticias\/conoce-caral-aspero-y-vichama-con-nuestros-viajes-educativos\/","og_site_name":"Zona Caral","article_published_time":"2018-06-11T15:54:56+00:00","og_image":[{"width":900,"height":536,"url":"https:\/\/zonacaral.gob.pe\/wp-content\/uploads\/2018\/06\/zac-organiza-viajes-educativos.jpg","type":"image\/jpeg"}],"author":"Zona Caral Administrador","twitter_card":"summary_large_image","twitter_misc":{"Written by":"Zona Caral Administrador","Est. reading time":"2 minutes"},"schema":{"@context":"https:\/\/schema.org","@graph":[{"@type":"Article","@id":"https:\/\/zonacaral.gob.pe\/es\/noticias\/conoce-caral-aspero-y-vichama-con-nuestros-viajes-educativos\/#article","isPartOf":{"@id":"https:\/\/zonacaral.gob.pe\/es\/noticias\/conoce-caral-aspero-y-vichama-con-nuestros-viajes-educativos\/"},"author":{"name":"Zona Caral Administrador","@id":"https:\/\/zonacaral.gob.pe\/es\/#\/schema\/person\/beddb4d22f71a7230c5b90913270a0ee"},"headline":"Conoce Caral, \u00c1spero y Vichama con nuestros Viajes Educativos\u2028","datePublished":"2018-06-11T15:54:56+00:00","mainEntityOfPage":{"@id":"https:\/\/zonacaral.gob.pe\/es\/noticias\/conoce-caral-aspero-y-vichama-con-nuestros-viajes-educativos\/"},"wordCount":366,"image":{"@id":"https:\/\/zonacaral.gob.pe\/es\/noticias\/conoce-caral-aspero-y-vichama-con-nuestros-viajes-educativos\/#primaryimage"},"thumbnailUrl":"https:\/\/zonacaral.gob.pe\/wp-content\/uploads\/2018\/06\/zac-organiza-viajes-educativos.jpg","keywords":["Aspero","caral","streaming","vichama"],"articleSection":["noticias"],"inLanguage":"en-US"},{"@type":"WebPage","@id":"https:\/\/zonacaral.gob.pe\/es\/noticias\/conoce-caral-aspero-y-vichama-con-nuestros-viajes-educativos\/","url":"https:\/\/zonacaral.gob.pe\/es\/noticias\/conoce-caral-aspero-y-vichama-con-nuestros-viajes-educativos\/","name":"Conoce Caral, \u00c1spero y Vichama con los Viajes Educativos\u2028","isPartOf":{"@id":"https:\/\/zonacaral.gob.pe\/es\/#website"},"primaryImageOfPage":{"@id":"https:\/\/zonacaral.gob.pe\/es\/noticias\/conoce-caral-aspero-y-vichama-con-nuestros-viajes-educativos\/#primaryimage"},"image":{"@id":"https:\/\/zonacaral.gob.pe\/es\/noticias\/conoce-caral-aspero-y-vichama-con-nuestros-viajes-educativos\/#primaryimage"},"thumbnailUrl":"https:\/\/zonacaral.gob.pe\/wp-content\/uploads\/2018\/06\/zac-organiza-viajes-educativos.jpg","datePublished":"2018-06-11T15:54:56+00:00","author":{"@id":"https:\/\/zonacaral.gob.pe\/es\/#\/schema\/person\/beddb4d22f71a7230c5b90913270a0ee"},"description":"La Zona Arqueol\u00f3gica Caral, Unidad Ejecutora 003, del Ministerio de Cultura, pone a disposici\u00f3n de la poblaci\u00f3n nacional y extranjeros, su servicio de paseos organizados, denominado \u201cViajes Educativos\u201d, el cual tiene como finalidad promover, incentivar y difundir nuestro patrimonio cultural.","breadcrumb":{"@id":"https:\/\/zonacaral.gob.pe\/es\/noticias\/conoce-caral-aspero-y-vichama-con-nuestros-viajes-educativos\/#breadcrumb"},"inLanguage":"en-US","potentialAction":[{"@type":"ReadAction","target":["https:\/\/zonacaral.gob.pe\/es\/noticias\/conoce-caral-aspero-y-vichama-con-nuestros-viajes-educativos\/"]}]},{"@type":"ImageObject","inLanguage":"en-US","@id":"https:\/\/zonacaral.gob.pe\/es\/noticias\/conoce-caral-aspero-y-vichama-con-nuestros-viajes-educativos\/#primaryimage","url":"https:\/\/zonacaral.gob.pe\/wp-content\/uploads\/2018\/06\/zac-organiza-viajes-educativos.jpg","contentUrl":"https:\/\/zonacaral.gob.pe\/wp-content\/uploads\/2018\/06\/zac-organiza-viajes-educativos.jpg","width":900,"height":536},{"@type":"BreadcrumbList","@id":"https:\/\/zonacaral.gob.pe\/es\/noticias\/conoce-caral-aspero-y-vichama-con-nuestros-viajes-educativos\/#breadcrumb","itemListElement":[{"@type":"ListItem","position":1,"name":"Portada","item":"https:\/\/zonacaral.gob.pe\/"},{"@type":"ListItem","position":2,"name":"Conoce Caral, \u00c1spero y Vichama con nuestros Viajes Educativos\u2028"}]},{"@type":"WebSite","@id":"https:\/\/zonacaral.gob.pe\/es\/#website","url":"https:\/\/zonacaral.gob.pe\/es\/","name":"Zona Caral","description":"Investigamos, conservamos y difundimos el patrimonio cultural de la Civilizaci\u00f3n Caral, la m\u00e1s antigua de Am\u00e9rica.","potentialAction":[{"@type":"SearchAction","target":{"@type":"EntryPoint","urlTemplate":"https:\/\/zonacaral.gob.pe\/es\/?s={search_term_string}"},"query-input":{"@type":"PropertyValueSpecification","valueRequired":true,"valueName":"search_term_string"}}],"inLanguage":"en-US"},{"@type":"Person","@id":"https:\/\/zonacaral.gob.pe\/es\/#\/schema\/person\/beddb4d22f71a7230c5b90913270a0ee","name":"Zona Caral Administrador","image":{"@type":"ImageObject","inLanguage":"en-US","@id":"https:\/\/secure.gravatar.com\/avatar\/e4be162918a696358376de6446614e0f0f4062bdc5d170d6d540ada3d8b58c12?s=96&d=mm&r=g","url":"https:\/\/secure.gravatar.com\/avatar\/e4be162918a696358376de6446614e0f0f4062bdc5d170d6d540ada3d8b58c12?s=96&d=mm&r=g","contentUrl":"https:\/\/secure.gravatar.com\/avatar\/e4be162918a696358376de6446614e0f0f4062bdc5d170d6d540ada3d8b58c12?s=96&d=mm&r=g","caption":"Zona Caral Administrador"},"sameAs":["https:\/\/zonacaral.gob.pe"],"url":"https:\/\/zonacaral.gob.pe\/en\/noticias\/author\/ad_zonacaral\/"}]}},"_links":{"self":[{"href":"https:\/\/zonacaral.gob.pe\/en\/wp-json\/wp\/v2\/posts\/12751","targetHints":{"allow":["GET"]}}],"collection":[{"href":"https:\/\/zonacaral.gob.pe\/en\/wp-json\/wp\/v2\/posts"}],"about":[{"href":"https:\/\/zonacaral.gob.pe\/en\/wp-json\/wp\/v2\/types\/post"}],"author":[{"embeddable":true,"href":"https:\/\/zonacaral.gob.pe\/en\/wp-json\/wp\/v2\/users\/1"}],"replies":[{"embeddable":true,"href":"https:\/\/zonacaral.gob.pe\/en\/wp-json\/wp\/v2\/comments?post=12751"}],"version-history":[{"count":0,"href":"https:\/\/zonacaral.gob.pe\/en\/wp-json\/wp\/v2\/posts\/12751\/revisions"}],"wp:featuredmedia":[{"embeddable":true,"href":"https:\/\/zonacaral.gob.pe\/en\/wp-json\/wp\/v2\/media\/12752"}],"wp:attachment":[{"href":"https:\/\/zonacaral.gob.pe\/en\/wp-json\/wp\/v2\/media?parent=12751"}],"wp:term":[{"taxonomy":"category","embeddable":true,"href":"https:\/\/zonacaral.gob.pe\/en\/wp-json\/wp\/v2\/categories?post=12751"},{"taxonomy":"post_tag","embeddable":true,"href":"https:\/\/zonacaral.gob.pe\/en\/wp-json\/wp\/v2\/tags?post=12751"}],"curies":[{"name":"wp","href":"https:\/\/api.w.org\/{rel}","templated":true}]}}