{"id":12760,"date":"2018-06-14T15:05:55","date_gmt":"2018-06-14T20:05:55","guid":{"rendered":"http:\/\/www.zonacaral.gob.pe\/?p=12760"},"modified":"2018-06-14T15:05:55","modified_gmt":"2018-06-14T20:05:55","slug":"dra-ruth-shady-expuso-sobre-la-trascendencia-de-la-civilizacion-caral","status":"publish","type":"post","link":"https:\/\/zonacaral.gob.pe\/en\/noticias\/dra-ruth-shady-expuso-sobre-la-trascendencia-de-la-civilizacion-caral\/","title":{"rendered":"Dra. Ruth Shady expuso sobre la trascendencia de la Civilizaci\u00f3n Caral"},"content":{"rendered":"<figure class=\"pic-autor\" style=\"color: #4d4d4d; text-align: justify;\"><\/figure>\n<blockquote>\n<p style=\"text-align: justify;\">\u2028En el marco de las exposiciones magistrales en la III Conferencia Regional de Educaci\u00f3n Superior \u2013 CRES2018, realizado en la Universidad Nacional de C\u00f3rdoba \u2013 Argentina.<\/p><\/blockquote>\n<p style=\"text-align: justify;\">La Dra. Ruth Shady, directora de la Zona Arqueol\u00f3gica Caral (ZAC), hizo una exposici\u00f3n magistral en uno de los auditorios de la Universidad Nacional de C\u00f3rdoba, en Argentina, donde expuso sobre la Trascendencia de la Civilizaci\u00f3n Caral, para Generar Reflexiones en la Sociedad.<\/p>\n<p style=\"text-align: justify;\">\u2028Entre los temas ejes de su participaci\u00f3n est\u00e1n \u201cLos Valores de la Civilizaci\u00f3n Caral\u201d:<\/p>\n<ol>\n<li>Vivir en armon\u00eda entre los seres humanos y con la naturaleza.<\/li>\n<li>Manejo del territorio andino con visi\u00f3n de cuenca y la importancia de la interacci\u00f3n y el intercambio.<\/li>\n<li>Organizaci\u00f3n del colectivo social para la ejecuci\u00f3n de obras de beneficio compartido, &#8211; conducidas por autoridades sociales y pol\u00edticas.<\/li>\n<li>Identificaci\u00f3n de problemas y b\u00fasqueda de soluciones a trav\u00e9s de la producci\u00f3n de conocimientos.<\/li>\n<li>Equidad de G\u00e9nero.<\/li>\n<li>Desarrollo integral del ser humano.<\/li>\n<li>Interacci\u00f3n social con respeto a la diversidad cultural e ideolog\u00eda.<\/li>\n<\/ol>\n<p style=\"text-align: justify;\">Con estos temas, la Dr. Ruth Shady, busc\u00f3 difundir los conceptos adoptados hace 5,000 a\u00f1os atr\u00e1s en Caral, cuna de la Civilizaci\u00f3n de Am\u00e9rica. Actualmente Patrimonio Mundial.<\/p>\n<p style=\"text-align: justify;\">\u2028La III Conferencia Regional de Educaci\u00f3n Superior (CRES-2018) es un evento regional importante que re\u00fane a rectores, directores, acad\u00e9micos, trabajadores, estudiantes, redes, asociaciones profesionales, centros de investigaciones, entre otros, para discutir criterios, formular propuestas y l\u00edneas de acci\u00f3n que consoliden la educaci\u00f3n superior como un bien social, derecho humano y\u00a0universal con responsabilidad de los Estados.<\/p>\n<p style=\"text-align: justify;\"><span style=\"color: #993300;\"><a href=\"http:\/\/www.zonacaral.gob.pe\/viajes-educativos\/\" target=\"_blank\"><span style=\"color: #993300;\"><strong>[CONOCE CARAL, \u00c1SPERO Y VICHAMA CON NUESTROS VIAJES EDUCATIVOS]<\/strong><\/span><\/a><\/span><\/p>\n<p style=\"text-align: justify;\"><span style=\"color: #993300;\"><strong><a href=\"http:\/\/www.zonacaral.gob.pe\/noticias\/los-valores-de-la-civilizacion-caral-reflexiones-para-el-buen-vivir\/\" target=\"_blank\"><span style=\"color: #993300;\">[LOS VALORES DE LA CIVILIZACI\u00d3N CARAL: REFLEXIONES PARA EL \u201cBUEN VIVIR\u201d]<\/span><\/a><\/strong><\/span><\/p>\n<p><iframe src=\"https:\/\/www.youtube.com\/embed\/b-MfShKKQcY?rel=0\" width=\"560\" height=\"415\" frameborder=\"0\" allowfullscreen=\"allowfullscreen\"><\/iframe><\/p>\n<p><span style=\"color: #993300;\"><strong>Fuente<\/strong><strong>: Prensa ZAC<\/strong><\/span><\/p>\n<div style=\"color: #1f1f1f;\">\n<p style=\"text-align: justify;\">Fecha de publicaci\u00f3n: 14\/06\/2018<\/p>\n<\/div>\n","protected":false},"excerpt":{"rendered":"<p>\u2028En el marco de las exposiciones magistrales en la III Conferencia Regional de Educaci\u00f3n Superior \u2013 CRES2018, realizado en la [&hellip;]<\/p>\n","protected":false},"author":1,"featured_media":12764,"comment_status":"closed","ping_status":"open","sticky":false,"template":"","format":"standard","meta":{"_acf_changed":false,"site-sidebar-layout":"default","site-content-layout":"","ast-site-content-layout":"default","site-content-style":"default","site-sidebar-style":"default","ast-global-header-display":"","ast-banner-title-visibility":"","ast-main-header-display":"","ast-hfb-above-header-display":"","ast-hfb-below-header-display":"","ast-hfb-mobile-header-display":"","site-post-title":"","ast-breadcrumbs-content":"","ast-featured-img":"","footer-sml-layout":"","ast-disable-related-posts":"","theme-transparent-header-meta":"","adv-header-id-meta":"","stick-header-meta":"","header-above-stick-meta":"","header-main-stick-meta":"","header-below-stick-meta":"","astra-migrate-meta-layouts":"default","ast-page-background-enabled":"default","ast-page-background-meta":{"desktop":{"background-color":"var(--ast-global-color-5)","background-image":"","background-repeat":"repeat","background-position":"center center","background-size":"auto","background-attachment":"scroll","background-type":"","background-media":"","overlay-type":"","overlay-color":"","overlay-opacity":"","overlay-gradient":""},"tablet":{"background-color":"","background-image":"","background-repeat":"repeat","background-position":"center center","background-size":"auto","background-attachment":"scroll","background-type":"","background-media":"","overlay-type":"","overlay-color":"","overlay-opacity":"","overlay-gradient":""},"mobile":{"background-color":"","background-image":"","background-repeat":"repeat","background-position":"center center","background-size":"auto","background-attachment":"scroll","background-type":"","background-media":"","overlay-type":"","overlay-color":"","overlay-opacity":"","overlay-gradient":""}},"ast-content-background-meta":{"desktop":{"background-color":"var(--ast-global-color-4)","background-image":"","background-repeat":"repeat","background-position":"center center","background-size":"auto","background-attachment":"scroll","background-type":"","background-media":"","overlay-type":"","overlay-color":"","overlay-opacity":"","overlay-gradient":""},"tablet":{"background-color":"var(--ast-global-color-4)","background-image":"","background-repeat":"repeat","background-position":"center center","background-size":"auto","background-attachment":"scroll","background-type":"","background-media":"","overlay-type":"","overlay-color":"","overlay-opacity":"","overlay-gradient":""},"mobile":{"background-color":"var(--ast-global-color-4)","background-image":"","background-repeat":"repeat","background-position":"center center","background-size":"auto","background-attachment":"scroll","background-type":"","background-media":"","overlay-type":"","overlay-color":"","overlay-opacity":"","overlay-gradient":""}},"footnotes":""},"categories":[208],"tags":[55,167,82],"class_list":["post-12760","post","type-post","status-publish","format-standard","has-post-thumbnail","hentry","category-noticias","tag-caral","tag-cres2018","tag-ruth-shady"],"acf":[],"yoast_head":"<!-- This site is optimized with the Yoast SEO plugin v27.3 - https:\/\/yoast.com\/product\/yoast-seo-wordpress\/ -->\n<title>Dra. Ruth Shady expuso sobre la trascendencia de la Civilizaci\u00f3n Caral<\/title>\n<meta name=\"description\" content=\"En el marco de las exposiciones magistrales en la III Conferencia Regional de Educaci\u00f3n Superior \u2013 CRES2018, realizado en la Universidad Nacional de C\u00f3rdoba \u2013 Argentina.\" \/>\n<meta name=\"robots\" content=\"index, follow, max-snippet:-1, max-image-preview:large, max-video-preview:-1\" \/>\n<link rel=\"canonical\" href=\"https:\/\/zonacaral.gob.pe\/en\/noticias\/dra-ruth-shady-expuso-sobre-la-trascendencia-de-la-civilizacion-caral\/\" \/>\n<meta property=\"og:locale\" content=\"en_US\" \/>\n<meta property=\"og:type\" content=\"article\" \/>\n<meta property=\"og:title\" content=\"Dra. Ruth Shady expuso sobre la trascendencia de la Civilizaci\u00f3n Caral\" \/>\n<meta property=\"og:description\" content=\"En el marco de las exposiciones magistrales en la III Conferencia Regional de Educaci\u00f3n Superior \u2013 CRES2018, realizado en la Universidad Nacional de C\u00f3rdoba \u2013 Argentina.\" \/>\n<meta property=\"og:url\" content=\"https:\/\/zonacaral.gob.pe\/en\/noticias\/dra-ruth-shady-expuso-sobre-la-trascendencia-de-la-civilizacion-caral\/\" \/>\n<meta property=\"og:site_name\" content=\"Zona Caral\" \/>\n<meta property=\"article:published_time\" content=\"2018-06-14T20:05:55+00:00\" \/>\n<meta property=\"og:image\" content=\"https:\/\/zonacaral.gob.pe\/wp-content\/uploads\/2018\/06\/ruth-shady-arqgentina.jpg\" \/>\n\t<meta property=\"og:image:width\" content=\"900\" \/>\n\t<meta property=\"og:image:height\" content=\"456\" \/>\n\t<meta property=\"og:image:type\" content=\"image\/jpeg\" \/>\n<meta name=\"author\" content=\"Zona Caral Administrador\" \/>\n<meta name=\"twitter:card\" content=\"summary_large_image\" \/>\n<meta name=\"twitter:label1\" content=\"Written by\" \/>\n\t<meta name=\"twitter:data1\" content=\"Zona Caral Administrador\" \/>\n\t<meta name=\"twitter:label2\" content=\"Est. reading time\" \/>\n\t<meta name=\"twitter:data2\" content=\"2 minutes\" \/>\n<script type=\"application\/ld+json\" class=\"yoast-schema-graph\">{\"@context\":\"https:\\\/\\\/schema.org\",\"@graph\":[{\"@type\":\"Article\",\"@id\":\"https:\\\/\\\/zonacaral.gob.pe\\\/es\\\/noticias\\\/dra-ruth-shady-expuso-sobre-la-trascendencia-de-la-civilizacion-caral\\\/#article\",\"isPartOf\":{\"@id\":\"https:\\\/\\\/zonacaral.gob.pe\\\/es\\\/noticias\\\/dra-ruth-shady-expuso-sobre-la-trascendencia-de-la-civilizacion-caral\\\/\"},\"author\":{\"name\":\"Zona Caral Administrador\",\"@id\":\"https:\\\/\\\/zonacaral.gob.pe\\\/es\\\/#\\\/schema\\\/person\\\/beddb4d22f71a7230c5b90913270a0ee\"},\"headline\":\"Dra. Ruth Shady expuso sobre la trascendencia de la Civilizaci\u00f3n Caral\",\"datePublished\":\"2018-06-14T20:05:55+00:00\",\"mainEntityOfPage\":{\"@id\":\"https:\\\/\\\/zonacaral.gob.pe\\\/es\\\/noticias\\\/dra-ruth-shady-expuso-sobre-la-trascendencia-de-la-civilizacion-caral\\\/\"},\"wordCount\":314,\"image\":{\"@id\":\"https:\\\/\\\/zonacaral.gob.pe\\\/es\\\/noticias\\\/dra-ruth-shady-expuso-sobre-la-trascendencia-de-la-civilizacion-caral\\\/#primaryimage\"},\"thumbnailUrl\":\"https:\\\/\\\/zonacaral.gob.pe\\\/wp-content\\\/uploads\\\/2018\\\/06\\\/ruth-shady-arqgentina.jpg\",\"keywords\":[\"caral\",\"cres2018\",\"Ruth Shady\"],\"articleSection\":[\"noticias\"],\"inLanguage\":\"en-US\"},{\"@type\":\"WebPage\",\"@id\":\"https:\\\/\\\/zonacaral.gob.pe\\\/es\\\/noticias\\\/dra-ruth-shady-expuso-sobre-la-trascendencia-de-la-civilizacion-caral\\\/\",\"url\":\"https:\\\/\\\/zonacaral.gob.pe\\\/es\\\/noticias\\\/dra-ruth-shady-expuso-sobre-la-trascendencia-de-la-civilizacion-caral\\\/\",\"name\":\"Dra. Ruth Shady expuso sobre la trascendencia de la Civilizaci\u00f3n Caral\",\"isPartOf\":{\"@id\":\"https:\\\/\\\/zonacaral.gob.pe\\\/es\\\/#website\"},\"primaryImageOfPage\":{\"@id\":\"https:\\\/\\\/zonacaral.gob.pe\\\/es\\\/noticias\\\/dra-ruth-shady-expuso-sobre-la-trascendencia-de-la-civilizacion-caral\\\/#primaryimage\"},\"image\":{\"@id\":\"https:\\\/\\\/zonacaral.gob.pe\\\/es\\\/noticias\\\/dra-ruth-shady-expuso-sobre-la-trascendencia-de-la-civilizacion-caral\\\/#primaryimage\"},\"thumbnailUrl\":\"https:\\\/\\\/zonacaral.gob.pe\\\/wp-content\\\/uploads\\\/2018\\\/06\\\/ruth-shady-arqgentina.jpg\",\"datePublished\":\"2018-06-14T20:05:55+00:00\",\"author\":{\"@id\":\"https:\\\/\\\/zonacaral.gob.pe\\\/es\\\/#\\\/schema\\\/person\\\/beddb4d22f71a7230c5b90913270a0ee\"},\"description\":\"En el marco de las exposiciones magistrales en la III Conferencia Regional de Educaci\u00f3n Superior \u2013 CRES2018, realizado en la Universidad Nacional de C\u00f3rdoba \u2013 Argentina.\",\"breadcrumb\":{\"@id\":\"https:\\\/\\\/zonacaral.gob.pe\\\/es\\\/noticias\\\/dra-ruth-shady-expuso-sobre-la-trascendencia-de-la-civilizacion-caral\\\/#breadcrumb\"},\"inLanguage\":\"en-US\",\"potentialAction\":[{\"@type\":\"ReadAction\",\"target\":[\"https:\\\/\\\/zonacaral.gob.pe\\\/es\\\/noticias\\\/dra-ruth-shady-expuso-sobre-la-trascendencia-de-la-civilizacion-caral\\\/\"]}]},{\"@type\":\"ImageObject\",\"inLanguage\":\"en-US\",\"@id\":\"https:\\\/\\\/zonacaral.gob.pe\\\/es\\\/noticias\\\/dra-ruth-shady-expuso-sobre-la-trascendencia-de-la-civilizacion-caral\\\/#primaryimage\",\"url\":\"https:\\\/\\\/zonacaral.gob.pe\\\/wp-content\\\/uploads\\\/2018\\\/06\\\/ruth-shady-arqgentina.jpg\",\"contentUrl\":\"https:\\\/\\\/zonacaral.gob.pe\\\/wp-content\\\/uploads\\\/2018\\\/06\\\/ruth-shady-arqgentina.jpg\",\"width\":900,\"height\":456},{\"@type\":\"BreadcrumbList\",\"@id\":\"https:\\\/\\\/zonacaral.gob.pe\\\/es\\\/noticias\\\/dra-ruth-shady-expuso-sobre-la-trascendencia-de-la-civilizacion-caral\\\/#breadcrumb\",\"itemListElement\":[{\"@type\":\"ListItem\",\"position\":1,\"name\":\"Portada\",\"item\":\"https:\\\/\\\/zonacaral.gob.pe\\\/\"},{\"@type\":\"ListItem\",\"position\":2,\"name\":\"Dra. Ruth Shady expuso sobre la trascendencia de la Civilizaci\u00f3n Caral\"}]},{\"@type\":\"WebSite\",\"@id\":\"https:\\\/\\\/zonacaral.gob.pe\\\/es\\\/#website\",\"url\":\"https:\\\/\\\/zonacaral.gob.pe\\\/es\\\/\",\"name\":\"Zona Caral\",\"description\":\"Investigamos, conservamos y difundimos el patrimonio cultural de la Civilizaci\u00f3n Caral, la m\u00e1s antigua de Am\u00e9rica.\",\"potentialAction\":[{\"@type\":\"SearchAction\",\"target\":{\"@type\":\"EntryPoint\",\"urlTemplate\":\"https:\\\/\\\/zonacaral.gob.pe\\\/es\\\/?s={search_term_string}\"},\"query-input\":{\"@type\":\"PropertyValueSpecification\",\"valueRequired\":true,\"valueName\":\"search_term_string\"}}],\"inLanguage\":\"en-US\"},{\"@type\":\"Person\",\"@id\":\"https:\\\/\\\/zonacaral.gob.pe\\\/es\\\/#\\\/schema\\\/person\\\/beddb4d22f71a7230c5b90913270a0ee\",\"name\":\"Zona Caral Administrador\",\"image\":{\"@type\":\"ImageObject\",\"inLanguage\":\"en-US\",\"@id\":\"https:\\\/\\\/secure.gravatar.com\\\/avatar\\\/e4be162918a696358376de6446614e0f0f4062bdc5d170d6d540ada3d8b58c12?s=96&d=mm&r=g\",\"url\":\"https:\\\/\\\/secure.gravatar.com\\\/avatar\\\/e4be162918a696358376de6446614e0f0f4062bdc5d170d6d540ada3d8b58c12?s=96&d=mm&r=g\",\"contentUrl\":\"https:\\\/\\\/secure.gravatar.com\\\/avatar\\\/e4be162918a696358376de6446614e0f0f4062bdc5d170d6d540ada3d8b58c12?s=96&d=mm&r=g\",\"caption\":\"Zona Caral Administrador\"},\"sameAs\":[\"https:\\\/\\\/zonacaral.gob.pe\"],\"url\":\"https:\\\/\\\/zonacaral.gob.pe\\\/en\\\/noticias\\\/author\\\/ad_zonacaral\\\/\"}]}<\/script>\n<!-- \/ Yoast SEO plugin. -->","yoast_head_json":{"title":"Dra. Ruth Shady expuso sobre la trascendencia de la Civilizaci\u00f3n Caral","description":"En el marco de las exposiciones magistrales en la III Conferencia Regional de Educaci\u00f3n Superior \u2013 CRES2018, realizado en la Universidad Nacional de C\u00f3rdoba \u2013 Argentina.","robots":{"index":"index","follow":"follow","max-snippet":"max-snippet:-1","max-image-preview":"max-image-preview:large","max-video-preview":"max-video-preview:-1"},"canonical":"https:\/\/zonacaral.gob.pe\/en\/noticias\/dra-ruth-shady-expuso-sobre-la-trascendencia-de-la-civilizacion-caral\/","og_locale":"en_US","og_type":"article","og_title":"Dra. Ruth Shady expuso sobre la trascendencia de la Civilizaci\u00f3n Caral","og_description":"En el marco de las exposiciones magistrales en la III Conferencia Regional de Educaci\u00f3n Superior \u2013 CRES2018, realizado en la Universidad Nacional de C\u00f3rdoba \u2013 Argentina.","og_url":"https:\/\/zonacaral.gob.pe\/en\/noticias\/dra-ruth-shady-expuso-sobre-la-trascendencia-de-la-civilizacion-caral\/","og_site_name":"Zona Caral","article_published_time":"2018-06-14T20:05:55+00:00","og_image":[{"width":900,"height":456,"url":"https:\/\/zonacaral.gob.pe\/wp-content\/uploads\/2018\/06\/ruth-shady-arqgentina.jpg","type":"image\/jpeg"}],"author":"Zona Caral Administrador","twitter_card":"summary_large_image","twitter_misc":{"Written by":"Zona Caral Administrador","Est. reading time":"2 minutes"},"schema":{"@context":"https:\/\/schema.org","@graph":[{"@type":"Article","@id":"https:\/\/zonacaral.gob.pe\/es\/noticias\/dra-ruth-shady-expuso-sobre-la-trascendencia-de-la-civilizacion-caral\/#article","isPartOf":{"@id":"https:\/\/zonacaral.gob.pe\/es\/noticias\/dra-ruth-shady-expuso-sobre-la-trascendencia-de-la-civilizacion-caral\/"},"author":{"name":"Zona Caral Administrador","@id":"https:\/\/zonacaral.gob.pe\/es\/#\/schema\/person\/beddb4d22f71a7230c5b90913270a0ee"},"headline":"Dra. Ruth Shady expuso sobre la trascendencia de la Civilizaci\u00f3n Caral","datePublished":"2018-06-14T20:05:55+00:00","mainEntityOfPage":{"@id":"https:\/\/zonacaral.gob.pe\/es\/noticias\/dra-ruth-shady-expuso-sobre-la-trascendencia-de-la-civilizacion-caral\/"},"wordCount":314,"image":{"@id":"https:\/\/zonacaral.gob.pe\/es\/noticias\/dra-ruth-shady-expuso-sobre-la-trascendencia-de-la-civilizacion-caral\/#primaryimage"},"thumbnailUrl":"https:\/\/zonacaral.gob.pe\/wp-content\/uploads\/2018\/06\/ruth-shady-arqgentina.jpg","keywords":["caral","cres2018","Ruth Shady"],"articleSection":["noticias"],"inLanguage":"en-US"},{"@type":"WebPage","@id":"https:\/\/zonacaral.gob.pe\/es\/noticias\/dra-ruth-shady-expuso-sobre-la-trascendencia-de-la-civilizacion-caral\/","url":"https:\/\/zonacaral.gob.pe\/es\/noticias\/dra-ruth-shady-expuso-sobre-la-trascendencia-de-la-civilizacion-caral\/","name":"Dra. Ruth Shady expuso sobre la trascendencia de la Civilizaci\u00f3n Caral","isPartOf":{"@id":"https:\/\/zonacaral.gob.pe\/es\/#website"},"primaryImageOfPage":{"@id":"https:\/\/zonacaral.gob.pe\/es\/noticias\/dra-ruth-shady-expuso-sobre-la-trascendencia-de-la-civilizacion-caral\/#primaryimage"},"image":{"@id":"https:\/\/zonacaral.gob.pe\/es\/noticias\/dra-ruth-shady-expuso-sobre-la-trascendencia-de-la-civilizacion-caral\/#primaryimage"},"thumbnailUrl":"https:\/\/zonacaral.gob.pe\/wp-content\/uploads\/2018\/06\/ruth-shady-arqgentina.jpg","datePublished":"2018-06-14T20:05:55+00:00","author":{"@id":"https:\/\/zonacaral.gob.pe\/es\/#\/schema\/person\/beddb4d22f71a7230c5b90913270a0ee"},"description":"En el marco de las exposiciones magistrales en la III Conferencia Regional de Educaci\u00f3n Superior \u2013 CRES2018, realizado en la Universidad Nacional de C\u00f3rdoba \u2013 Argentina.","breadcrumb":{"@id":"https:\/\/zonacaral.gob.pe\/es\/noticias\/dra-ruth-shady-expuso-sobre-la-trascendencia-de-la-civilizacion-caral\/#breadcrumb"},"inLanguage":"en-US","potentialAction":[{"@type":"ReadAction","target":["https:\/\/zonacaral.gob.pe\/es\/noticias\/dra-ruth-shady-expuso-sobre-la-trascendencia-de-la-civilizacion-caral\/"]}]},{"@type":"ImageObject","inLanguage":"en-US","@id":"https:\/\/zonacaral.gob.pe\/es\/noticias\/dra-ruth-shady-expuso-sobre-la-trascendencia-de-la-civilizacion-caral\/#primaryimage","url":"https:\/\/zonacaral.gob.pe\/wp-content\/uploads\/2018\/06\/ruth-shady-arqgentina.jpg","contentUrl":"https:\/\/zonacaral.gob.pe\/wp-content\/uploads\/2018\/06\/ruth-shady-arqgentina.jpg","width":900,"height":456},{"@type":"BreadcrumbList","@id":"https:\/\/zonacaral.gob.pe\/es\/noticias\/dra-ruth-shady-expuso-sobre-la-trascendencia-de-la-civilizacion-caral\/#breadcrumb","itemListElement":[{"@type":"ListItem","position":1,"name":"Portada","item":"https:\/\/zonacaral.gob.pe\/"},{"@type":"ListItem","position":2,"name":"Dra. Ruth Shady expuso sobre la trascendencia de la Civilizaci\u00f3n Caral"}]},{"@type":"WebSite","@id":"https:\/\/zonacaral.gob.pe\/es\/#website","url":"https:\/\/zonacaral.gob.pe\/es\/","name":"Zona Caral","description":"Investigamos, conservamos y difundimos el patrimonio cultural de la Civilizaci\u00f3n Caral, la m\u00e1s antigua de Am\u00e9rica.","potentialAction":[{"@type":"SearchAction","target":{"@type":"EntryPoint","urlTemplate":"https:\/\/zonacaral.gob.pe\/es\/?s={search_term_string}"},"query-input":{"@type":"PropertyValueSpecification","valueRequired":true,"valueName":"search_term_string"}}],"inLanguage":"en-US"},{"@type":"Person","@id":"https:\/\/zonacaral.gob.pe\/es\/#\/schema\/person\/beddb4d22f71a7230c5b90913270a0ee","name":"Zona Caral Administrador","image":{"@type":"ImageObject","inLanguage":"en-US","@id":"https:\/\/secure.gravatar.com\/avatar\/e4be162918a696358376de6446614e0f0f4062bdc5d170d6d540ada3d8b58c12?s=96&d=mm&r=g","url":"https:\/\/secure.gravatar.com\/avatar\/e4be162918a696358376de6446614e0f0f4062bdc5d170d6d540ada3d8b58c12?s=96&d=mm&r=g","contentUrl":"https:\/\/secure.gravatar.com\/avatar\/e4be162918a696358376de6446614e0f0f4062bdc5d170d6d540ada3d8b58c12?s=96&d=mm&r=g","caption":"Zona Caral Administrador"},"sameAs":["https:\/\/zonacaral.gob.pe"],"url":"https:\/\/zonacaral.gob.pe\/en\/noticias\/author\/ad_zonacaral\/"}]}},"_links":{"self":[{"href":"https:\/\/zonacaral.gob.pe\/en\/wp-json\/wp\/v2\/posts\/12760","targetHints":{"allow":["GET"]}}],"collection":[{"href":"https:\/\/zonacaral.gob.pe\/en\/wp-json\/wp\/v2\/posts"}],"about":[{"href":"https:\/\/zonacaral.gob.pe\/en\/wp-json\/wp\/v2\/types\/post"}],"author":[{"embeddable":true,"href":"https:\/\/zonacaral.gob.pe\/en\/wp-json\/wp\/v2\/users\/1"}],"replies":[{"embeddable":true,"href":"https:\/\/zonacaral.gob.pe\/en\/wp-json\/wp\/v2\/comments?post=12760"}],"version-history":[{"count":0,"href":"https:\/\/zonacaral.gob.pe\/en\/wp-json\/wp\/v2\/posts\/12760\/revisions"}],"wp:featuredmedia":[{"embeddable":true,"href":"https:\/\/zonacaral.gob.pe\/en\/wp-json\/wp\/v2\/media\/12764"}],"wp:attachment":[{"href":"https:\/\/zonacaral.gob.pe\/en\/wp-json\/wp\/v2\/media?parent=12760"}],"wp:term":[{"taxonomy":"category","embeddable":true,"href":"https:\/\/zonacaral.gob.pe\/en\/wp-json\/wp\/v2\/categories?post=12760"},{"taxonomy":"post_tag","embeddable":true,"href":"https:\/\/zonacaral.gob.pe\/en\/wp-json\/wp\/v2\/tags?post=12760"}],"curies":[{"name":"wp","href":"https:\/\/api.w.org\/{rel}","templated":true}]}}