{"id":12768,"date":"2018-06-18T18:54:23","date_gmt":"2018-06-18T23:54:23","guid":{"rendered":"http:\/\/www.zonacaral.gob.pe\/?p=12768"},"modified":"2018-06-18T18:54:23","modified_gmt":"2018-06-18T23:54:23","slug":"dia-del-yoga-en-la-ciudad-sagrada-de-caral-importancia-del-yoga","status":"publish","type":"post","link":"https:\/\/zonacaral.gob.pe\/en\/noticias\/dia-del-yoga-en-la-ciudad-sagrada-de-caral-importancia-del-yoga\/","title":{"rendered":"D\u00eda del Yoga en la Ciudad Sagrada de Caral: Importancia del Yoga"},"content":{"rendered":"<figure class=\"pic-autor\" style=\"color: #4d4d4d; text-align: justify;\"><\/figure>\n<p style=\"text-align: justify;\">La Embajada de la India y la Zona Arqueol\u00f3gica Caral, te invitan a celebrar, este mi\u00e9rcoles 20 de junio, el D\u00eda Internacional del Yoga, en la Ciudad Sagrada de Caral, desde las 11:30 a.m. y la 1:00 p.m.<\/p>\n<p style=\"text-align: justify;\">Estamos ubicados en el kil\u00f3metro 184 de la Panamericana Norte en el Valle de Supe, al norte de Lima. La actividad contar\u00e1 con la participaci\u00f3n de la Dra. Ruth Shady, directora de la Zona Arqueol\u00f3gica Caral, Unidad Ejecutora 003, del Ministerio de Cultura y del Embajador de la India en Per\u00fa y Bolivia, Mandarapu Subbrayudu.<\/p>\n<h2>Importancia del Yoga<\/h2>\n<p>El yoga es una antigua pr\u00e1ctica f\u00edsica, mental y espiritual que se origin\u00f3 en la India. La palabra \u201cyoga\u201d deriva del s\u00e1nscrito y significa para unirse o para unir , que simboliza la uni\u00f3n del cuerpo y la conciencia.<\/p>\n<p>Reconociendo su atractivo universal, el 11 de diciembre de 2014, las Naciones Unidas proclam\u00f3 al 21 de junio como D\u00eda Internacional de Yoga. Esta fecha tiene como objetivo aumentar la conciencia mundial sobre los muchos beneficios de esta pr\u00e1ctica.<\/p>\n<p>Posturas del Yoga cl\u00e1sicas: Postura de Palmera. Postura del \u00c1rbol. Postura del Tri\u00e1ngulo. Postura de Camello. Postura de Liebre.<\/p>\n<p>Conoce m\u00e1s aqu\u00ed: <a href=\"https:\/\/www.facebook.com\/diainternacionaldelyogaperu\/\"><strong>https:\/\/www.facebook.com\/diainternacionaldelyogaperu\/ <\/strong><\/a><\/p>\n<p>El a\u00f1o pasado el D\u00eda del Yoga se desarroll\u00f3 en el Santuario de Machu Picchu, y en esta ocasi\u00f3n, la cita se da en la infraestructura de la Civilizaci\u00f3n m\u00e1s anitgua de Am\u00e9rica. Nuestro Patrimonio Mundial.<\/p>\n<p><span style=\"color: #993300;\"><strong>Fuente<\/strong><strong>: Prensa ZAC<\/strong><\/span><\/p>\n<div style=\"color: #1f1f1f;\">\n<p style=\"text-align: justify;\">Fecha de publicaci\u00f3n: 18\/06\/2018<\/p>\n<\/div>","protected":false},"excerpt":{"rendered":"<p>La Embajada de la India y la Zona Arqueol\u00f3gica Caral, te invitan a celebrar, este mi\u00e9rcoles 20 de junio, el [&hellip;]<\/p>\n","protected":false},"author":1,"featured_media":12769,"comment_status":"closed","ping_status":"open","sticky":false,"template":"","format":"standard","meta":{"_acf_changed":false,"site-sidebar-layout":"default","site-content-layout":"","ast-site-content-layout":"default","site-content-style":"default","site-sidebar-style":"default","ast-global-header-display":"","ast-banner-title-visibility":"","ast-main-header-display":"","ast-hfb-above-header-display":"","ast-hfb-below-header-display":"","ast-hfb-mobile-header-display":"","site-post-title":"","ast-breadcrumbs-content":"","ast-featured-img":"","footer-sml-layout":"","ast-disable-related-posts":"","theme-transparent-header-meta":"","adv-header-id-meta":"","stick-header-meta":"","header-above-stick-meta":"","header-main-stick-meta":"","header-below-stick-meta":"","astra-migrate-meta-layouts":"default","ast-page-background-enabled":"default","ast-page-background-meta":{"desktop":{"background-color":"var(--ast-global-color-5)","background-image":"","background-repeat":"repeat","background-position":"center center","background-size":"auto","background-attachment":"scroll","background-type":"","background-media":"","overlay-type":"","overlay-color":"","overlay-opacity":"","overlay-gradient":""},"tablet":{"background-color":"","background-image":"","background-repeat":"repeat","background-position":"center center","background-size":"auto","background-attachment":"scroll","background-type":"","background-media":"","overlay-type":"","overlay-color":"","overlay-opacity":"","overlay-gradient":""},"mobile":{"background-color":"","background-image":"","background-repeat":"repeat","background-position":"center center","background-size":"auto","background-attachment":"scroll","background-type":"","background-media":"","overlay-type":"","overlay-color":"","overlay-opacity":"","overlay-gradient":""}},"ast-content-background-meta":{"desktop":{"background-color":"var(--ast-global-color-4)","background-image":"","background-repeat":"repeat","background-position":"center center","background-size":"auto","background-attachment":"scroll","background-type":"","background-media":"","overlay-type":"","overlay-color":"","overlay-opacity":"","overlay-gradient":""},"tablet":{"background-color":"var(--ast-global-color-4)","background-image":"","background-repeat":"repeat","background-position":"center center","background-size":"auto","background-attachment":"scroll","background-type":"","background-media":"","overlay-type":"","overlay-color":"","overlay-opacity":"","overlay-gradient":""},"mobile":{"background-color":"var(--ast-global-color-4)","background-image":"","background-repeat":"repeat","background-position":"center center","background-size":"auto","background-attachment":"scroll","background-type":"","background-media":"","overlay-type":"","overlay-color":"","overlay-opacity":"","overlay-gradient":""}},"footnotes":""},"categories":[208],"tags":[55,67,68],"class_list":["post-12768","post","type-post","status-publish","format-standard","has-post-thumbnail","hentry","category-noticias","tag-caral","tag-india","tag-yoga"],"acf":[],"yoast_head":"<!-- This site is optimized with the Yoast SEO plugin v27.3 - https:\/\/yoast.com\/product\/yoast-seo-wordpress\/ -->\n<title>D\u00eda del Yoga en la Ciudad Sagrada de Caral: Importancia del Yoga<\/title>\n<meta name=\"description\" content=\"La Embajada de la India y la Zona Arqueol\u00f3gica Caral, te invitan a celebrar, este mi\u00e9rcoles 20 de junio, el D\u00eda Internacional del Yoga, en la Ciudad Sagrada de Caral, desde las 11:30 a.m. y la 1:00 p.m.\" \/>\n<meta name=\"robots\" content=\"index, follow, max-snippet:-1, max-image-preview:large, max-video-preview:-1\" \/>\n<link rel=\"canonical\" href=\"https:\/\/zonacaral.gob.pe\/en\/noticias\/dia-del-yoga-en-la-ciudad-sagrada-de-caral-importancia-del-yoga\/\" \/>\n<meta property=\"og:locale\" content=\"en_US\" \/>\n<meta property=\"og:type\" content=\"article\" \/>\n<meta property=\"og:title\" content=\"D\u00eda del Yoga en la Ciudad Sagrada de Caral: Importancia del Yoga\" \/>\n<meta property=\"og:description\" content=\"La Embajada de la India y la Zona Arqueol\u00f3gica Caral, te invitan a celebrar, este mi\u00e9rcoles 20 de junio, el D\u00eda Internacional del Yoga, en la Ciudad Sagrada de Caral, desde las 11:30 a.m. y la 1:00 p.m.\" \/>\n<meta property=\"og:url\" content=\"https:\/\/zonacaral.gob.pe\/en\/noticias\/dia-del-yoga-en-la-ciudad-sagrada-de-caral-importancia-del-yoga\/\" \/>\n<meta property=\"og:site_name\" content=\"Zona Caral\" \/>\n<meta property=\"article:published_time\" content=\"2018-06-18T23:54:23+00:00\" \/>\n<meta property=\"og:image\" content=\"https:\/\/zonacaral.gob.pe\/wp-content\/uploads\/2018\/06\/dia-yoga-caral.jpg\" \/>\n\t<meta property=\"og:image:width\" content=\"1200\" \/>\n\t<meta property=\"og:image:height\" content=\"673\" \/>\n\t<meta property=\"og:image:type\" content=\"image\/jpeg\" \/>\n<meta name=\"author\" content=\"Zona Caral Administrador\" \/>\n<meta name=\"twitter:card\" content=\"summary_large_image\" \/>\n<meta name=\"twitter:label1\" content=\"Written by\" \/>\n\t<meta name=\"twitter:data1\" content=\"Zona Caral Administrador\" \/>\n\t<meta name=\"twitter:label2\" content=\"Est. reading time\" \/>\n\t<meta name=\"twitter:data2\" content=\"1 minute\" \/>\n<script type=\"application\/ld+json\" class=\"yoast-schema-graph\">{\"@context\":\"https:\\\/\\\/schema.org\",\"@graph\":[{\"@type\":\"Article\",\"@id\":\"https:\\\/\\\/zonacaral.gob.pe\\\/es\\\/noticias\\\/dia-del-yoga-en-la-ciudad-sagrada-de-caral-importancia-del-yoga\\\/#article\",\"isPartOf\":{\"@id\":\"https:\\\/\\\/zonacaral.gob.pe\\\/es\\\/noticias\\\/dia-del-yoga-en-la-ciudad-sagrada-de-caral-importancia-del-yoga\\\/\"},\"author\":{\"name\":\"Zona Caral Administrador\",\"@id\":\"https:\\\/\\\/zonacaral.gob.pe\\\/es\\\/#\\\/schema\\\/person\\\/beddb4d22f71a7230c5b90913270a0ee\"},\"headline\":\"D\u00eda del Yoga en la Ciudad Sagrada de Caral: Importancia del Yoga\",\"datePublished\":\"2018-06-18T23:54:23+00:00\",\"mainEntityOfPage\":{\"@id\":\"https:\\\/\\\/zonacaral.gob.pe\\\/es\\\/noticias\\\/dia-del-yoga-en-la-ciudad-sagrada-de-caral-importancia-del-yoga\\\/\"},\"wordCount\":271,\"image\":{\"@id\":\"https:\\\/\\\/zonacaral.gob.pe\\\/es\\\/noticias\\\/dia-del-yoga-en-la-ciudad-sagrada-de-caral-importancia-del-yoga\\\/#primaryimage\"},\"thumbnailUrl\":\"https:\\\/\\\/zonacaral.gob.pe\\\/wp-content\\\/uploads\\\/2018\\\/06\\\/dia-yoga-caral.jpg\",\"keywords\":[\"caral\",\"india\",\"yoga\"],\"articleSection\":[\"noticias\"],\"inLanguage\":\"en-US\"},{\"@type\":\"WebPage\",\"@id\":\"https:\\\/\\\/zonacaral.gob.pe\\\/es\\\/noticias\\\/dia-del-yoga-en-la-ciudad-sagrada-de-caral-importancia-del-yoga\\\/\",\"url\":\"https:\\\/\\\/zonacaral.gob.pe\\\/es\\\/noticias\\\/dia-del-yoga-en-la-ciudad-sagrada-de-caral-importancia-del-yoga\\\/\",\"name\":\"D\u00eda del Yoga en la Ciudad Sagrada de Caral: Importancia del Yoga\",\"isPartOf\":{\"@id\":\"https:\\\/\\\/zonacaral.gob.pe\\\/es\\\/#website\"},\"primaryImageOfPage\":{\"@id\":\"https:\\\/\\\/zonacaral.gob.pe\\\/es\\\/noticias\\\/dia-del-yoga-en-la-ciudad-sagrada-de-caral-importancia-del-yoga\\\/#primaryimage\"},\"image\":{\"@id\":\"https:\\\/\\\/zonacaral.gob.pe\\\/es\\\/noticias\\\/dia-del-yoga-en-la-ciudad-sagrada-de-caral-importancia-del-yoga\\\/#primaryimage\"},\"thumbnailUrl\":\"https:\\\/\\\/zonacaral.gob.pe\\\/wp-content\\\/uploads\\\/2018\\\/06\\\/dia-yoga-caral.jpg\",\"datePublished\":\"2018-06-18T23:54:23+00:00\",\"author\":{\"@id\":\"https:\\\/\\\/zonacaral.gob.pe\\\/es\\\/#\\\/schema\\\/person\\\/beddb4d22f71a7230c5b90913270a0ee\"},\"description\":\"La Embajada de la India y la Zona Arqueol\u00f3gica Caral, te invitan a celebrar, este mi\u00e9rcoles 20 de junio, el D\u00eda Internacional del Yoga, en la Ciudad Sagrada de Caral, desde las 11:30 a.m. y la 1:00 p.m.\",\"breadcrumb\":{\"@id\":\"https:\\\/\\\/zonacaral.gob.pe\\\/es\\\/noticias\\\/dia-del-yoga-en-la-ciudad-sagrada-de-caral-importancia-del-yoga\\\/#breadcrumb\"},\"inLanguage\":\"en-US\",\"potentialAction\":[{\"@type\":\"ReadAction\",\"target\":[\"https:\\\/\\\/zonacaral.gob.pe\\\/es\\\/noticias\\\/dia-del-yoga-en-la-ciudad-sagrada-de-caral-importancia-del-yoga\\\/\"]}]},{\"@type\":\"ImageObject\",\"inLanguage\":\"en-US\",\"@id\":\"https:\\\/\\\/zonacaral.gob.pe\\\/es\\\/noticias\\\/dia-del-yoga-en-la-ciudad-sagrada-de-caral-importancia-del-yoga\\\/#primaryimage\",\"url\":\"https:\\\/\\\/zonacaral.gob.pe\\\/wp-content\\\/uploads\\\/2018\\\/06\\\/dia-yoga-caral.jpg\",\"contentUrl\":\"https:\\\/\\\/zonacaral.gob.pe\\\/wp-content\\\/uploads\\\/2018\\\/06\\\/dia-yoga-caral.jpg\",\"width\":1200,\"height\":673},{\"@type\":\"BreadcrumbList\",\"@id\":\"https:\\\/\\\/zonacaral.gob.pe\\\/es\\\/noticias\\\/dia-del-yoga-en-la-ciudad-sagrada-de-caral-importancia-del-yoga\\\/#breadcrumb\",\"itemListElement\":[{\"@type\":\"ListItem\",\"position\":1,\"name\":\"Portada\",\"item\":\"https:\\\/\\\/zonacaral.gob.pe\\\/\"},{\"@type\":\"ListItem\",\"position\":2,\"name\":\"D\u00eda del Yoga en la Ciudad Sagrada de Caral: Importancia del Yoga\"}]},{\"@type\":\"WebSite\",\"@id\":\"https:\\\/\\\/zonacaral.gob.pe\\\/es\\\/#website\",\"url\":\"https:\\\/\\\/zonacaral.gob.pe\\\/es\\\/\",\"name\":\"Zona Caral\",\"description\":\"Investigamos, conservamos y difundimos el patrimonio cultural de la Civilizaci\u00f3n Caral, la m\u00e1s antigua de Am\u00e9rica.\",\"potentialAction\":[{\"@type\":\"SearchAction\",\"target\":{\"@type\":\"EntryPoint\",\"urlTemplate\":\"https:\\\/\\\/zonacaral.gob.pe\\\/es\\\/?s={search_term_string}\"},\"query-input\":{\"@type\":\"PropertyValueSpecification\",\"valueRequired\":true,\"valueName\":\"search_term_string\"}}],\"inLanguage\":\"en-US\"},{\"@type\":\"Person\",\"@id\":\"https:\\\/\\\/zonacaral.gob.pe\\\/es\\\/#\\\/schema\\\/person\\\/beddb4d22f71a7230c5b90913270a0ee\",\"name\":\"Zona Caral Administrador\",\"image\":{\"@type\":\"ImageObject\",\"inLanguage\":\"en-US\",\"@id\":\"https:\\\/\\\/secure.gravatar.com\\\/avatar\\\/e4be162918a696358376de6446614e0f0f4062bdc5d170d6d540ada3d8b58c12?s=96&d=mm&r=g\",\"url\":\"https:\\\/\\\/secure.gravatar.com\\\/avatar\\\/e4be162918a696358376de6446614e0f0f4062bdc5d170d6d540ada3d8b58c12?s=96&d=mm&r=g\",\"contentUrl\":\"https:\\\/\\\/secure.gravatar.com\\\/avatar\\\/e4be162918a696358376de6446614e0f0f4062bdc5d170d6d540ada3d8b58c12?s=96&d=mm&r=g\",\"caption\":\"Zona Caral Administrador\"},\"sameAs\":[\"https:\\\/\\\/zonacaral.gob.pe\"],\"url\":\"https:\\\/\\\/zonacaral.gob.pe\\\/en\\\/noticias\\\/author\\\/ad_zonacaral\\\/\"}]}<\/script>\n<!-- \/ Yoast SEO plugin. -->","yoast_head_json":{"title":"D\u00eda del Yoga en la Ciudad Sagrada de Caral: Importancia del Yoga","description":"La Embajada de la India y la Zona Arqueol\u00f3gica Caral, te invitan a celebrar, este mi\u00e9rcoles 20 de junio, el D\u00eda Internacional del Yoga, en la Ciudad Sagrada de Caral, desde las 11:30 a.m. y la 1:00 p.m.","robots":{"index":"index","follow":"follow","max-snippet":"max-snippet:-1","max-image-preview":"max-image-preview:large","max-video-preview":"max-video-preview:-1"},"canonical":"https:\/\/zonacaral.gob.pe\/en\/noticias\/dia-del-yoga-en-la-ciudad-sagrada-de-caral-importancia-del-yoga\/","og_locale":"en_US","og_type":"article","og_title":"D\u00eda del Yoga en la Ciudad Sagrada de Caral: Importancia del Yoga","og_description":"La Embajada de la India y la Zona Arqueol\u00f3gica Caral, te invitan a celebrar, este mi\u00e9rcoles 20 de junio, el D\u00eda Internacional del Yoga, en la Ciudad Sagrada de Caral, desde las 11:30 a.m. y la 1:00 p.m.","og_url":"https:\/\/zonacaral.gob.pe\/en\/noticias\/dia-del-yoga-en-la-ciudad-sagrada-de-caral-importancia-del-yoga\/","og_site_name":"Zona Caral","article_published_time":"2018-06-18T23:54:23+00:00","og_image":[{"width":1200,"height":673,"url":"https:\/\/zonacaral.gob.pe\/wp-content\/uploads\/2018\/06\/dia-yoga-caral.jpg","type":"image\/jpeg"}],"author":"Zona Caral Administrador","twitter_card":"summary_large_image","twitter_misc":{"Written by":"Zona Caral Administrador","Est. reading time":"1 minute"},"schema":{"@context":"https:\/\/schema.org","@graph":[{"@type":"Article","@id":"https:\/\/zonacaral.gob.pe\/es\/noticias\/dia-del-yoga-en-la-ciudad-sagrada-de-caral-importancia-del-yoga\/#article","isPartOf":{"@id":"https:\/\/zonacaral.gob.pe\/es\/noticias\/dia-del-yoga-en-la-ciudad-sagrada-de-caral-importancia-del-yoga\/"},"author":{"name":"Zona Caral Administrador","@id":"https:\/\/zonacaral.gob.pe\/es\/#\/schema\/person\/beddb4d22f71a7230c5b90913270a0ee"},"headline":"D\u00eda del Yoga en la Ciudad Sagrada de Caral: Importancia del Yoga","datePublished":"2018-06-18T23:54:23+00:00","mainEntityOfPage":{"@id":"https:\/\/zonacaral.gob.pe\/es\/noticias\/dia-del-yoga-en-la-ciudad-sagrada-de-caral-importancia-del-yoga\/"},"wordCount":271,"image":{"@id":"https:\/\/zonacaral.gob.pe\/es\/noticias\/dia-del-yoga-en-la-ciudad-sagrada-de-caral-importancia-del-yoga\/#primaryimage"},"thumbnailUrl":"https:\/\/zonacaral.gob.pe\/wp-content\/uploads\/2018\/06\/dia-yoga-caral.jpg","keywords":["caral","india","yoga"],"articleSection":["noticias"],"inLanguage":"en-US"},{"@type":"WebPage","@id":"https:\/\/zonacaral.gob.pe\/es\/noticias\/dia-del-yoga-en-la-ciudad-sagrada-de-caral-importancia-del-yoga\/","url":"https:\/\/zonacaral.gob.pe\/es\/noticias\/dia-del-yoga-en-la-ciudad-sagrada-de-caral-importancia-del-yoga\/","name":"D\u00eda del Yoga en la Ciudad Sagrada de Caral: Importancia del Yoga","isPartOf":{"@id":"https:\/\/zonacaral.gob.pe\/es\/#website"},"primaryImageOfPage":{"@id":"https:\/\/zonacaral.gob.pe\/es\/noticias\/dia-del-yoga-en-la-ciudad-sagrada-de-caral-importancia-del-yoga\/#primaryimage"},"image":{"@id":"https:\/\/zonacaral.gob.pe\/es\/noticias\/dia-del-yoga-en-la-ciudad-sagrada-de-caral-importancia-del-yoga\/#primaryimage"},"thumbnailUrl":"https:\/\/zonacaral.gob.pe\/wp-content\/uploads\/2018\/06\/dia-yoga-caral.jpg","datePublished":"2018-06-18T23:54:23+00:00","author":{"@id":"https:\/\/zonacaral.gob.pe\/es\/#\/schema\/person\/beddb4d22f71a7230c5b90913270a0ee"},"description":"La Embajada de la India y la Zona Arqueol\u00f3gica Caral, te invitan a celebrar, este mi\u00e9rcoles 20 de junio, el D\u00eda Internacional del Yoga, en la Ciudad Sagrada de Caral, desde las 11:30 a.m. y la 1:00 p.m.","breadcrumb":{"@id":"https:\/\/zonacaral.gob.pe\/es\/noticias\/dia-del-yoga-en-la-ciudad-sagrada-de-caral-importancia-del-yoga\/#breadcrumb"},"inLanguage":"en-US","potentialAction":[{"@type":"ReadAction","target":["https:\/\/zonacaral.gob.pe\/es\/noticias\/dia-del-yoga-en-la-ciudad-sagrada-de-caral-importancia-del-yoga\/"]}]},{"@type":"ImageObject","inLanguage":"en-US","@id":"https:\/\/zonacaral.gob.pe\/es\/noticias\/dia-del-yoga-en-la-ciudad-sagrada-de-caral-importancia-del-yoga\/#primaryimage","url":"https:\/\/zonacaral.gob.pe\/wp-content\/uploads\/2018\/06\/dia-yoga-caral.jpg","contentUrl":"https:\/\/zonacaral.gob.pe\/wp-content\/uploads\/2018\/06\/dia-yoga-caral.jpg","width":1200,"height":673},{"@type":"BreadcrumbList","@id":"https:\/\/zonacaral.gob.pe\/es\/noticias\/dia-del-yoga-en-la-ciudad-sagrada-de-caral-importancia-del-yoga\/#breadcrumb","itemListElement":[{"@type":"ListItem","position":1,"name":"Portada","item":"https:\/\/zonacaral.gob.pe\/"},{"@type":"ListItem","position":2,"name":"D\u00eda del Yoga en la Ciudad Sagrada de Caral: Importancia del Yoga"}]},{"@type":"WebSite","@id":"https:\/\/zonacaral.gob.pe\/es\/#website","url":"https:\/\/zonacaral.gob.pe\/es\/","name":"Zona Caral","description":"Investigamos, conservamos y difundimos el patrimonio cultural de la Civilizaci\u00f3n Caral, la m\u00e1s antigua de Am\u00e9rica.","potentialAction":[{"@type":"SearchAction","target":{"@type":"EntryPoint","urlTemplate":"https:\/\/zonacaral.gob.pe\/es\/?s={search_term_string}"},"query-input":{"@type":"PropertyValueSpecification","valueRequired":true,"valueName":"search_term_string"}}],"inLanguage":"en-US"},{"@type":"Person","@id":"https:\/\/zonacaral.gob.pe\/es\/#\/schema\/person\/beddb4d22f71a7230c5b90913270a0ee","name":"Zona Caral Administrador","image":{"@type":"ImageObject","inLanguage":"en-US","@id":"https:\/\/secure.gravatar.com\/avatar\/e4be162918a696358376de6446614e0f0f4062bdc5d170d6d540ada3d8b58c12?s=96&d=mm&r=g","url":"https:\/\/secure.gravatar.com\/avatar\/e4be162918a696358376de6446614e0f0f4062bdc5d170d6d540ada3d8b58c12?s=96&d=mm&r=g","contentUrl":"https:\/\/secure.gravatar.com\/avatar\/e4be162918a696358376de6446614e0f0f4062bdc5d170d6d540ada3d8b58c12?s=96&d=mm&r=g","caption":"Zona Caral Administrador"},"sameAs":["https:\/\/zonacaral.gob.pe"],"url":"https:\/\/zonacaral.gob.pe\/en\/noticias\/author\/ad_zonacaral\/"}]}},"_links":{"self":[{"href":"https:\/\/zonacaral.gob.pe\/en\/wp-json\/wp\/v2\/posts\/12768","targetHints":{"allow":["GET"]}}],"collection":[{"href":"https:\/\/zonacaral.gob.pe\/en\/wp-json\/wp\/v2\/posts"}],"about":[{"href":"https:\/\/zonacaral.gob.pe\/en\/wp-json\/wp\/v2\/types\/post"}],"author":[{"embeddable":true,"href":"https:\/\/zonacaral.gob.pe\/en\/wp-json\/wp\/v2\/users\/1"}],"replies":[{"embeddable":true,"href":"https:\/\/zonacaral.gob.pe\/en\/wp-json\/wp\/v2\/comments?post=12768"}],"version-history":[{"count":0,"href":"https:\/\/zonacaral.gob.pe\/en\/wp-json\/wp\/v2\/posts\/12768\/revisions"}],"wp:featuredmedia":[{"embeddable":true,"href":"https:\/\/zonacaral.gob.pe\/en\/wp-json\/wp\/v2\/media\/12769"}],"wp:attachment":[{"href":"https:\/\/zonacaral.gob.pe\/en\/wp-json\/wp\/v2\/media?parent=12768"}],"wp:term":[{"taxonomy":"category","embeddable":true,"href":"https:\/\/zonacaral.gob.pe\/en\/wp-json\/wp\/v2\/categories?post=12768"},{"taxonomy":"post_tag","embeddable":true,"href":"https:\/\/zonacaral.gob.pe\/en\/wp-json\/wp\/v2\/tags?post=12768"}],"curies":[{"name":"wp","href":"https:\/\/api.w.org\/{rel}","templated":true}]}}