{"id":12773,"date":"2018-06-22T17:32:31","date_gmt":"2018-06-22T22:32:31","guid":{"rendered":"http:\/\/www.zonacaral.gob.pe\/?p=12773"},"modified":"2018-06-22T17:32:31","modified_gmt":"2018-06-22T22:32:31","slug":"dia-internacional-del-yoga-en-caral","status":"publish","type":"post","link":"https:\/\/zonacaral.gob.pe\/en\/noticias\/dia-internacional-del-yoga-en-caral\/","title":{"rendered":"D\u00eda Internacional del Yoga en Caral"},"content":{"rendered":"<figure class=\"pic-autor\" style=\"color: #4d4d4d; text-align: justify;\"><\/figure>\n<blockquote>\n<p style=\"text-align: justify;\">Una actividad milenaria de la India, en un lugar milenario del Per\u00fa.<\/p>\n<\/blockquote>\n<p style=\"text-align: justify;\">La Ciudad Sagrada de Caral, cuna de la Civilizaci\u00f3n de Am\u00e9rica, fue escenario para la realizaci\u00f3n de la cuarta edici\u00f3n del D\u00eda Internacional del Yoga, organizado por la Embajada de la India, en nuestro pa\u00eds; evento que cont\u00f3 con la participaci\u00f3n de decenas de personas entre ni\u00f1os, j\u00f3venes, adultos y adultos mayores.<\/p>\n<p style=\"text-align: justify;\">Si bien el d\u00eda central del Yoga, instaurado por la UNESCO, es el 21 de junio; en nuestro pa\u00eds se desarroll\u00f3 el domingo 17 en el distrito lime\u00f1o de Miraflores y el mi\u00e9rcoles 21 en Caral. En esta actividad se juntaron dos culturas que han tenido el mismo desarrollo: el respeto a los dem\u00e1s y a la naturaleza, la b\u00fasqueda de la paz y la armon\u00eda, y el desarrollo compartido.<\/p>\n<p style=\"text-align: justify;\">El Yoga, es una pr\u00e1ctica milenaria que ha trascendido los a\u00f1os, las fronteras, los idiomas y los g\u00e9neros, en busca del bienestar de la humanidad, de la paz y la felicidad. Consta en realizar movimientos f\u00edsicos de las extremidades, de acuerdo a t\u00e1cticas y\u00f3guicas que deben hacerse con un gu\u00eda o experto en Yoga.<\/p>\n<p style=\"text-align: justify;\">La actividad estuvo encabezada por la Dra. Ruth Shady, Directora de la Zona Arqueol\u00f3gica de Caral, el embajador de la India para Per\u00fa y Bolivia, Shir M. Subbarayudu, el alcalde del distrito de Barranca, Elgar Marreros; as\u00ed como m\u00e1ximos representantes del Yoga en nuestro pa\u00eds como el Dr. Aayam Gupta, Director del Centro Cultural de la India y profesor de Yoga.<\/p>\n<p style=\"text-align: justify;\">Tras la actividad se hizo el reconocimiento a las autoridades presentes y entreg\u00f3 certificados a nuevos instructores de Yoga en nuestro pa\u00eds.<\/p>\n<p><span style=\"color: #993300;\"><strong>Fuente<\/strong><strong>: Prensa ZAC<\/strong><\/span><\/p>\n<div style=\"color: #1f1f1f;\">\n<p style=\"text-align: justify;\">Fecha de publicaci\u00f3n: 22\/06\/2018<\/p>\n<\/div>","protected":false},"excerpt":{"rendered":"<p>Una actividad milenaria de la India, en un lugar milenario del Per\u00fa. La Ciudad Sagrada de Caral, cuna de la [&hellip;]<\/p>\n","protected":false},"author":1,"featured_media":12785,"comment_status":"closed","ping_status":"open","sticky":false,"template":"","format":"standard","meta":{"_acf_changed":false,"site-sidebar-layout":"default","site-content-layout":"","ast-site-content-layout":"default","site-content-style":"default","site-sidebar-style":"default","ast-global-header-display":"","ast-banner-title-visibility":"","ast-main-header-display":"","ast-hfb-above-header-display":"","ast-hfb-below-header-display":"","ast-hfb-mobile-header-display":"","site-post-title":"","ast-breadcrumbs-content":"","ast-featured-img":"","footer-sml-layout":"","ast-disable-related-posts":"","theme-transparent-header-meta":"","adv-header-id-meta":"","stick-header-meta":"","header-above-stick-meta":"","header-main-stick-meta":"","header-below-stick-meta":"","astra-migrate-meta-layouts":"default","ast-page-background-enabled":"default","ast-page-background-meta":{"desktop":{"background-color":"var(--ast-global-color-5)","background-image":"","background-repeat":"repeat","background-position":"center center","background-size":"auto","background-attachment":"scroll","background-type":"","background-media":"","overlay-type":"","overlay-color":"","overlay-opacity":"","overlay-gradient":""},"tablet":{"background-color":"","background-image":"","background-repeat":"repeat","background-position":"center center","background-size":"auto","background-attachment":"scroll","background-type":"","background-media":"","overlay-type":"","overlay-color":"","overlay-opacity":"","overlay-gradient":""},"mobile":{"background-color":"","background-image":"","background-repeat":"repeat","background-position":"center center","background-size":"auto","background-attachment":"scroll","background-type":"","background-media":"","overlay-type":"","overlay-color":"","overlay-opacity":"","overlay-gradient":""}},"ast-content-background-meta":{"desktop":{"background-color":"var(--ast-global-color-4)","background-image":"","background-repeat":"repeat","background-position":"center center","background-size":"auto","background-attachment":"scroll","background-type":"","background-media":"","overlay-type":"","overlay-color":"","overlay-opacity":"","overlay-gradient":""},"tablet":{"background-color":"var(--ast-global-color-4)","background-image":"","background-repeat":"repeat","background-position":"center center","background-size":"auto","background-attachment":"scroll","background-type":"","background-media":"","overlay-type":"","overlay-color":"","overlay-opacity":"","overlay-gradient":""},"mobile":{"background-color":"var(--ast-global-color-4)","background-image":"","background-repeat":"repeat","background-position":"center center","background-size":"auto","background-attachment":"scroll","background-type":"","background-media":"","overlay-type":"","overlay-color":"","overlay-opacity":"","overlay-gradient":""}},"footnotes":""},"categories":[208],"tags":[55,67,68],"class_list":["post-12773","post","type-post","status-publish","format-standard","has-post-thumbnail","hentry","category-noticias","tag-caral","tag-india","tag-yoga"],"acf":[],"yoast_head":"<!-- This site is optimized with the Yoast SEO plugin v27.3 - https:\/\/yoast.com\/product\/yoast-seo-wordpress\/ -->\n<title>D\u00eda Internacional del Yoga en Caral<\/title>\n<meta name=\"description\" content=\"Caral fue escenario para la realizaci\u00f3n de la cuarta edici\u00f3n del D\u00eda Internacional del Yoga, organizado por la Embajada de la India, en nuestro pa\u00eds; evento que cont\u00f3 con la participaci\u00f3n de decenas de personas entre ni\u00f1os, j\u00f3venes, adultos y adultos mayores.\" \/>\n<meta name=\"robots\" content=\"index, follow, max-snippet:-1, max-image-preview:large, max-video-preview:-1\" \/>\n<link rel=\"canonical\" href=\"https:\/\/zonacaral.gob.pe\/en\/noticias\/dia-internacional-del-yoga-en-caral\/\" \/>\n<meta property=\"og:locale\" content=\"en_US\" \/>\n<meta property=\"og:type\" content=\"article\" \/>\n<meta property=\"og:title\" content=\"D\u00eda Internacional del Yoga en Caral\" \/>\n<meta property=\"og:description\" content=\"Caral fue escenario para la realizaci\u00f3n de la cuarta edici\u00f3n del D\u00eda Internacional del Yoga, organizado por la Embajada de la India, en nuestro pa\u00eds; evento que cont\u00f3 con la participaci\u00f3n de decenas de personas entre ni\u00f1os, j\u00f3venes, adultos y adultos mayores.\" \/>\n<meta property=\"og:url\" content=\"https:\/\/zonacaral.gob.pe\/en\/noticias\/dia-internacional-del-yoga-en-caral\/\" \/>\n<meta property=\"og:site_name\" content=\"Zona Caral\" \/>\n<meta property=\"article:published_time\" content=\"2018-06-22T22:32:31+00:00\" \/>\n<meta property=\"og:image\" content=\"https:\/\/zonacaral.gob.pe\/wp-content\/uploads\/2018\/06\/dia-yoga-caral-indica-10.jpg\" \/>\n\t<meta property=\"og:image:width\" content=\"1000\" \/>\n\t<meta property=\"og:image:height\" content=\"534\" \/>\n\t<meta property=\"og:image:type\" content=\"image\/jpeg\" \/>\n<meta name=\"author\" content=\"Zona Caral Administrador\" \/>\n<meta name=\"twitter:card\" content=\"summary_large_image\" \/>\n<meta name=\"twitter:label1\" content=\"Written by\" \/>\n\t<meta name=\"twitter:data1\" content=\"Zona Caral Administrador\" \/>\n\t<meta name=\"twitter:label2\" content=\"Est. reading time\" \/>\n\t<meta name=\"twitter:data2\" content=\"2 minutes\" \/>\n<script type=\"application\/ld+json\" class=\"yoast-schema-graph\">{\"@context\":\"https:\\\/\\\/schema.org\",\"@graph\":[{\"@type\":\"Article\",\"@id\":\"https:\\\/\\\/zonacaral.gob.pe\\\/en\\\/noticias\\\/dia-internacional-del-yoga-en-caral\\\/#article\",\"isPartOf\":{\"@id\":\"https:\\\/\\\/zonacaral.gob.pe\\\/en\\\/noticias\\\/dia-internacional-del-yoga-en-caral\\\/\"},\"author\":{\"name\":\"Zona Caral Administrador\",\"@id\":\"https:\\\/\\\/zonacaral.gob.pe\\\/es\\\/#\\\/schema\\\/person\\\/beddb4d22f71a7230c5b90913270a0ee\"},\"headline\":\"D\u00eda Internacional del Yoga en Caral\",\"datePublished\":\"2018-06-22T22:32:31+00:00\",\"mainEntityOfPage\":{\"@id\":\"https:\\\/\\\/zonacaral.gob.pe\\\/en\\\/noticias\\\/dia-internacional-del-yoga-en-caral\\\/\"},\"wordCount\":309,\"image\":{\"@id\":\"https:\\\/\\\/zonacaral.gob.pe\\\/en\\\/noticias\\\/dia-internacional-del-yoga-en-caral\\\/#primaryimage\"},\"thumbnailUrl\":\"https:\\\/\\\/zonacaral.gob.pe\\\/wp-content\\\/uploads\\\/2018\\\/06\\\/dia-yoga-caral-indica-10.jpg\",\"keywords\":[\"caral\",\"india\",\"yoga\"],\"articleSection\":[\"noticias\"],\"inLanguage\":\"en-US\"},{\"@type\":\"WebPage\",\"@id\":\"https:\\\/\\\/zonacaral.gob.pe\\\/en\\\/noticias\\\/dia-internacional-del-yoga-en-caral\\\/\",\"url\":\"https:\\\/\\\/zonacaral.gob.pe\\\/en\\\/noticias\\\/dia-internacional-del-yoga-en-caral\\\/\",\"name\":\"D\u00eda Internacional del Yoga en Caral\",\"isPartOf\":{\"@id\":\"https:\\\/\\\/zonacaral.gob.pe\\\/es\\\/#website\"},\"primaryImageOfPage\":{\"@id\":\"https:\\\/\\\/zonacaral.gob.pe\\\/en\\\/noticias\\\/dia-internacional-del-yoga-en-caral\\\/#primaryimage\"},\"image\":{\"@id\":\"https:\\\/\\\/zonacaral.gob.pe\\\/en\\\/noticias\\\/dia-internacional-del-yoga-en-caral\\\/#primaryimage\"},\"thumbnailUrl\":\"https:\\\/\\\/zonacaral.gob.pe\\\/wp-content\\\/uploads\\\/2018\\\/06\\\/dia-yoga-caral-indica-10.jpg\",\"datePublished\":\"2018-06-22T22:32:31+00:00\",\"author\":{\"@id\":\"https:\\\/\\\/zonacaral.gob.pe\\\/es\\\/#\\\/schema\\\/person\\\/beddb4d22f71a7230c5b90913270a0ee\"},\"description\":\"Caral fue escenario para la realizaci\u00f3n de la cuarta edici\u00f3n del D\u00eda Internacional del Yoga, organizado por la Embajada de la India, en nuestro pa\u00eds; evento que cont\u00f3 con la participaci\u00f3n de decenas de personas entre ni\u00f1os, j\u00f3venes, adultos y adultos mayores.\",\"breadcrumb\":{\"@id\":\"https:\\\/\\\/zonacaral.gob.pe\\\/en\\\/noticias\\\/dia-internacional-del-yoga-en-caral\\\/#breadcrumb\"},\"inLanguage\":\"en-US\",\"potentialAction\":[{\"@type\":\"ReadAction\",\"target\":[\"https:\\\/\\\/zonacaral.gob.pe\\\/en\\\/noticias\\\/dia-internacional-del-yoga-en-caral\\\/\"]}]},{\"@type\":\"ImageObject\",\"inLanguage\":\"en-US\",\"@id\":\"https:\\\/\\\/zonacaral.gob.pe\\\/en\\\/noticias\\\/dia-internacional-del-yoga-en-caral\\\/#primaryimage\",\"url\":\"https:\\\/\\\/zonacaral.gob.pe\\\/wp-content\\\/uploads\\\/2018\\\/06\\\/dia-yoga-caral-indica-10.jpg\",\"contentUrl\":\"https:\\\/\\\/zonacaral.gob.pe\\\/wp-content\\\/uploads\\\/2018\\\/06\\\/dia-yoga-caral-indica-10.jpg\",\"width\":1000,\"height\":534},{\"@type\":\"BreadcrumbList\",\"@id\":\"https:\\\/\\\/zonacaral.gob.pe\\\/en\\\/noticias\\\/dia-internacional-del-yoga-en-caral\\\/#breadcrumb\",\"itemListElement\":[{\"@type\":\"ListItem\",\"position\":1,\"name\":\"Portada\",\"item\":\"https:\\\/\\\/zonacaral.gob.pe\\\/\"},{\"@type\":\"ListItem\",\"position\":2,\"name\":\"D\u00eda Internacional del Yoga en Caral\"}]},{\"@type\":\"WebSite\",\"@id\":\"https:\\\/\\\/zonacaral.gob.pe\\\/es\\\/#website\",\"url\":\"https:\\\/\\\/zonacaral.gob.pe\\\/es\\\/\",\"name\":\"Zona Caral\",\"description\":\"Investigamos, conservamos y difundimos el patrimonio cultural de la Civilizaci\u00f3n Caral, la m\u00e1s antigua de Am\u00e9rica.\",\"potentialAction\":[{\"@type\":\"SearchAction\",\"target\":{\"@type\":\"EntryPoint\",\"urlTemplate\":\"https:\\\/\\\/zonacaral.gob.pe\\\/es\\\/?s={search_term_string}\"},\"query-input\":{\"@type\":\"PropertyValueSpecification\",\"valueRequired\":true,\"valueName\":\"search_term_string\"}}],\"inLanguage\":\"en-US\"},{\"@type\":\"Person\",\"@id\":\"https:\\\/\\\/zonacaral.gob.pe\\\/es\\\/#\\\/schema\\\/person\\\/beddb4d22f71a7230c5b90913270a0ee\",\"name\":\"Zona Caral Administrador\",\"image\":{\"@type\":\"ImageObject\",\"inLanguage\":\"en-US\",\"@id\":\"https:\\\/\\\/secure.gravatar.com\\\/avatar\\\/e4be162918a696358376de6446614e0f0f4062bdc5d170d6d540ada3d8b58c12?s=96&d=mm&r=g\",\"url\":\"https:\\\/\\\/secure.gravatar.com\\\/avatar\\\/e4be162918a696358376de6446614e0f0f4062bdc5d170d6d540ada3d8b58c12?s=96&d=mm&r=g\",\"contentUrl\":\"https:\\\/\\\/secure.gravatar.com\\\/avatar\\\/e4be162918a696358376de6446614e0f0f4062bdc5d170d6d540ada3d8b58c12?s=96&d=mm&r=g\",\"caption\":\"Zona Caral Administrador\"},\"sameAs\":[\"https:\\\/\\\/zonacaral.gob.pe\"],\"url\":\"https:\\\/\\\/zonacaral.gob.pe\\\/en\\\/noticias\\\/author\\\/ad_zonacaral\\\/\"}]}<\/script>\n<!-- \/ Yoast SEO plugin. -->","yoast_head_json":{"title":"D\u00eda Internacional del Yoga en Caral","description":"Caral fue escenario para la realizaci\u00f3n de la cuarta edici\u00f3n del D\u00eda Internacional del Yoga, organizado por la Embajada de la India, en nuestro pa\u00eds; evento que cont\u00f3 con la participaci\u00f3n de decenas de personas entre ni\u00f1os, j\u00f3venes, adultos y adultos mayores.","robots":{"index":"index","follow":"follow","max-snippet":"max-snippet:-1","max-image-preview":"max-image-preview:large","max-video-preview":"max-video-preview:-1"},"canonical":"https:\/\/zonacaral.gob.pe\/en\/noticias\/dia-internacional-del-yoga-en-caral\/","og_locale":"en_US","og_type":"article","og_title":"D\u00eda Internacional del Yoga en Caral","og_description":"Caral fue escenario para la realizaci\u00f3n de la cuarta edici\u00f3n del D\u00eda Internacional del Yoga, organizado por la Embajada de la India, en nuestro pa\u00eds; evento que cont\u00f3 con la participaci\u00f3n de decenas de personas entre ni\u00f1os, j\u00f3venes, adultos y adultos mayores.","og_url":"https:\/\/zonacaral.gob.pe\/en\/noticias\/dia-internacional-del-yoga-en-caral\/","og_site_name":"Zona Caral","article_published_time":"2018-06-22T22:32:31+00:00","og_image":[{"width":1000,"height":534,"url":"https:\/\/zonacaral.gob.pe\/wp-content\/uploads\/2018\/06\/dia-yoga-caral-indica-10.jpg","type":"image\/jpeg"}],"author":"Zona Caral Administrador","twitter_card":"summary_large_image","twitter_misc":{"Written by":"Zona Caral Administrador","Est. reading time":"2 minutes"},"schema":{"@context":"https:\/\/schema.org","@graph":[{"@type":"Article","@id":"https:\/\/zonacaral.gob.pe\/en\/noticias\/dia-internacional-del-yoga-en-caral\/#article","isPartOf":{"@id":"https:\/\/zonacaral.gob.pe\/en\/noticias\/dia-internacional-del-yoga-en-caral\/"},"author":{"name":"Zona Caral Administrador","@id":"https:\/\/zonacaral.gob.pe\/es\/#\/schema\/person\/beddb4d22f71a7230c5b90913270a0ee"},"headline":"D\u00eda Internacional del Yoga en Caral","datePublished":"2018-06-22T22:32:31+00:00","mainEntityOfPage":{"@id":"https:\/\/zonacaral.gob.pe\/en\/noticias\/dia-internacional-del-yoga-en-caral\/"},"wordCount":309,"image":{"@id":"https:\/\/zonacaral.gob.pe\/en\/noticias\/dia-internacional-del-yoga-en-caral\/#primaryimage"},"thumbnailUrl":"https:\/\/zonacaral.gob.pe\/wp-content\/uploads\/2018\/06\/dia-yoga-caral-indica-10.jpg","keywords":["caral","india","yoga"],"articleSection":["noticias"],"inLanguage":"en-US"},{"@type":"WebPage","@id":"https:\/\/zonacaral.gob.pe\/en\/noticias\/dia-internacional-del-yoga-en-caral\/","url":"https:\/\/zonacaral.gob.pe\/en\/noticias\/dia-internacional-del-yoga-en-caral\/","name":"D\u00eda Internacional del Yoga en Caral","isPartOf":{"@id":"https:\/\/zonacaral.gob.pe\/es\/#website"},"primaryImageOfPage":{"@id":"https:\/\/zonacaral.gob.pe\/en\/noticias\/dia-internacional-del-yoga-en-caral\/#primaryimage"},"image":{"@id":"https:\/\/zonacaral.gob.pe\/en\/noticias\/dia-internacional-del-yoga-en-caral\/#primaryimage"},"thumbnailUrl":"https:\/\/zonacaral.gob.pe\/wp-content\/uploads\/2018\/06\/dia-yoga-caral-indica-10.jpg","datePublished":"2018-06-22T22:32:31+00:00","author":{"@id":"https:\/\/zonacaral.gob.pe\/es\/#\/schema\/person\/beddb4d22f71a7230c5b90913270a0ee"},"description":"Caral fue escenario para la realizaci\u00f3n de la cuarta edici\u00f3n del D\u00eda Internacional del Yoga, organizado por la Embajada de la India, en nuestro pa\u00eds; evento que cont\u00f3 con la participaci\u00f3n de decenas de personas entre ni\u00f1os, j\u00f3venes, adultos y adultos mayores.","breadcrumb":{"@id":"https:\/\/zonacaral.gob.pe\/en\/noticias\/dia-internacional-del-yoga-en-caral\/#breadcrumb"},"inLanguage":"en-US","potentialAction":[{"@type":"ReadAction","target":["https:\/\/zonacaral.gob.pe\/en\/noticias\/dia-internacional-del-yoga-en-caral\/"]}]},{"@type":"ImageObject","inLanguage":"en-US","@id":"https:\/\/zonacaral.gob.pe\/en\/noticias\/dia-internacional-del-yoga-en-caral\/#primaryimage","url":"https:\/\/zonacaral.gob.pe\/wp-content\/uploads\/2018\/06\/dia-yoga-caral-indica-10.jpg","contentUrl":"https:\/\/zonacaral.gob.pe\/wp-content\/uploads\/2018\/06\/dia-yoga-caral-indica-10.jpg","width":1000,"height":534},{"@type":"BreadcrumbList","@id":"https:\/\/zonacaral.gob.pe\/en\/noticias\/dia-internacional-del-yoga-en-caral\/#breadcrumb","itemListElement":[{"@type":"ListItem","position":1,"name":"Portada","item":"https:\/\/zonacaral.gob.pe\/"},{"@type":"ListItem","position":2,"name":"D\u00eda Internacional del Yoga en Caral"}]},{"@type":"WebSite","@id":"https:\/\/zonacaral.gob.pe\/es\/#website","url":"https:\/\/zonacaral.gob.pe\/es\/","name":"Zona Caral","description":"Investigamos, conservamos y difundimos el patrimonio cultural de la Civilizaci\u00f3n Caral, la m\u00e1s antigua de Am\u00e9rica.","potentialAction":[{"@type":"SearchAction","target":{"@type":"EntryPoint","urlTemplate":"https:\/\/zonacaral.gob.pe\/es\/?s={search_term_string}"},"query-input":{"@type":"PropertyValueSpecification","valueRequired":true,"valueName":"search_term_string"}}],"inLanguage":"en-US"},{"@type":"Person","@id":"https:\/\/zonacaral.gob.pe\/es\/#\/schema\/person\/beddb4d22f71a7230c5b90913270a0ee","name":"Zona Caral Administrador","image":{"@type":"ImageObject","inLanguage":"en-US","@id":"https:\/\/secure.gravatar.com\/avatar\/e4be162918a696358376de6446614e0f0f4062bdc5d170d6d540ada3d8b58c12?s=96&d=mm&r=g","url":"https:\/\/secure.gravatar.com\/avatar\/e4be162918a696358376de6446614e0f0f4062bdc5d170d6d540ada3d8b58c12?s=96&d=mm&r=g","contentUrl":"https:\/\/secure.gravatar.com\/avatar\/e4be162918a696358376de6446614e0f0f4062bdc5d170d6d540ada3d8b58c12?s=96&d=mm&r=g","caption":"Zona Caral Administrador"},"sameAs":["https:\/\/zonacaral.gob.pe"],"url":"https:\/\/zonacaral.gob.pe\/en\/noticias\/author\/ad_zonacaral\/"}]}},"_links":{"self":[{"href":"https:\/\/zonacaral.gob.pe\/en\/wp-json\/wp\/v2\/posts\/12773","targetHints":{"allow":["GET"]}}],"collection":[{"href":"https:\/\/zonacaral.gob.pe\/en\/wp-json\/wp\/v2\/posts"}],"about":[{"href":"https:\/\/zonacaral.gob.pe\/en\/wp-json\/wp\/v2\/types\/post"}],"author":[{"embeddable":true,"href":"https:\/\/zonacaral.gob.pe\/en\/wp-json\/wp\/v2\/users\/1"}],"replies":[{"embeddable":true,"href":"https:\/\/zonacaral.gob.pe\/en\/wp-json\/wp\/v2\/comments?post=12773"}],"version-history":[{"count":0,"href":"https:\/\/zonacaral.gob.pe\/en\/wp-json\/wp\/v2\/posts\/12773\/revisions"}],"wp:featuredmedia":[{"embeddable":true,"href":"https:\/\/zonacaral.gob.pe\/en\/wp-json\/wp\/v2\/media\/12785"}],"wp:attachment":[{"href":"https:\/\/zonacaral.gob.pe\/en\/wp-json\/wp\/v2\/media?parent=12773"}],"wp:term":[{"taxonomy":"category","embeddable":true,"href":"https:\/\/zonacaral.gob.pe\/en\/wp-json\/wp\/v2\/categories?post=12773"},{"taxonomy":"post_tag","embeddable":true,"href":"https:\/\/zonacaral.gob.pe\/en\/wp-json\/wp\/v2\/tags?post=12773"}],"curies":[{"name":"wp","href":"https:\/\/api.w.org\/{rel}","templated":true}]}}