{"id":12838,"date":"2018-07-03T21:13:11","date_gmt":"2018-07-04T02:13:11","guid":{"rendered":"http:\/\/www.zonacaral.gob.pe\/?p=12838"},"modified":"2018-07-03T21:13:11","modified_gmt":"2018-07-04T02:13:11","slug":"exposicion-museografica-los-valores-de-la-civilizacion-caral","status":"publish","type":"post","link":"https:\/\/zonacaral.gob.pe\/en\/noticias\/exposicion-museografica-los-valores-de-la-civilizacion-caral\/","title":{"rendered":"Inici\u00f3 la gran exposici\u00f3n museogr\u00e1fica: Los valores de la Civilizaci\u00f3n Caral"},"content":{"rendered":"<figure class=\"pic-autor\" style=\"color: #4d4d4d; text-align: justify;\"><\/figure>\n<p>La Zona Arqueol\u00f3gica Caral (ZAC), UE 003 del Ministerio de Cultura, en coordinaci\u00f3n con el Ej\u00e9rcito del Per\u00fa, invitan al p\u00fablico en general a la Exposici\u00f3n Museogr\u00e1fica:<strong><em> \u201cLos Valores de la Civilizaci\u00f3n Caral: Reflexiones para el Buen Vivir\u201d<\/em><\/strong>, la cual se instal\u00f3 en el Museo Fortaleza Real Felipe \u2013 Callao.<\/p>\n<p>La exposici\u00f3n museogr\u00e1fica va del<strong> 4 de julio hasta el 30 de setiembre, de 9:00 a.m. a 4:00 p.m., de martes a domingo, en el auditorio de la Casa del Gobernador de la Fortaleza Real Felipe<\/strong>, ubicado en la Plaza Independencia S\/N (altura 1ra. Cdra. Av. S\u00e1enz Pe\u00f1a, Callao). <strong>INGRESO LIBRE.<\/strong><\/p>\n<p>Por primera vez en el Callao se muestra al p\u00fablico objetos arqueol\u00f3gicos como las tres esculturas que corresponden a una sacerdotisa; y a otros dos personajes de alta jerarqu\u00eda; el ajuar de la \u201cDama de los Cuatro Tupus\u201d, y dos huesos de ballenas con tallados ancestrales. En total, ser\u00e1n 332 objetos que estar\u00e1n en la muestra. Adem\u00e1s de esculturas hiperrealistas, juegos l\u00fadicos y otros interactivos tecnol\u00f3gicos para un mejor aprendizaje.<\/p>\n<p>La exposici\u00f3n de \u201cLos Valores de la Civilizaci\u00f3n Caral\u201d, busca el entendimiento del pasado para aplicarlo en el presente. Valores obtenidos hace 5,000 a\u00f1os atr\u00e1s, como el respeto a las otras culturas, a la naturaleza, la equidad de g\u00e9nero y el desarrollo integral humano. Recuperar sus conocimientos en construcci\u00f3n, manejo de territorio y del recurso h\u00eddrico para llegar a ser una ciudad sostenible con el tiempo.<\/p>\n<p>La Civilizaci\u00f3n Caral (con 5,000 a\u00f1os de antig\u00fcedad) se form\u00f3 en el \u00e1rea norcentral del Per\u00fa, antes que en cualquier otro lugar de los Andes y de Am\u00e9rica, en simult\u00e1neo con las civilizaciones del Viejo Mundo, como Mesopotamia (5,200 a\u00f1os) y Egipto (4,700 a\u00f1os). Y ha sido reconocida como Patrimonio Mundial por la UNESCO.<\/p>\n<p>La inauguraci\u00f3n de esta exposici\u00f3n se realiz\u00f3 el martes 3 de julio, y cont\u00f3 con la presencia de la directora de la Zona Arqueol\u00f3gica Caral, Dra. Ruth Shady Sol\u00eds; y el General de Divisi\u00f3n, Augusto Villarroel Rossi, Inspector General del Ej\u00e9rcito, entre otras autoridades.<\/p>\n<h2 style=\"text-align: justify;\">Caral en el Callao<\/h2>\n<p>Es el resultado de la alianza estrat\u00e9gica de la ZAC y de la Direcci\u00f3n de Museos del Ej\u00e9rcito del Per\u00fa. Alianza cultural al que se sumaron la Direcci\u00f3n Desconcentrada de Cultura del Callao, la Gerencia de Educaci\u00f3n y Deporte del Gobierno Regional del Callao, C\u00e1lidda &#8211; Gas Natural del Per\u00fa, DIRCETUR del Gobierno Regional de Lima, Facultad de Ciencias Administrativas de la UNMSM, Universidad Mar\u00edtima del Per\u00fa, Centro Comercial Minka, Direcci\u00f3n Regional de Educaci\u00f3n del Callao, Cuyay Tours y los restaurantes \u201cVane Vane\u201d, \u201cTenedor Libre\u201d y \u201cSara Sara\u201d.<\/p>\n<p>MAYOR INFORMACI\u00d3N EN LA P\u00c1GINA WEB DE LA EXPOSICI\u00d3N:\u00a0<span style=\"color: #993300;\"><strong><a href=\"https:\/\/zonacaral.gob.pe\/en\/realfelipe\/\"><span style=\"color: #993300;\">zonacaral.gob.pe\/realfelipe<\/span><\/a><\/strong><\/span><\/p>\n<p><iframe style=\"border: none; overflow: hidden;\" src=\"https:\/\/www.facebook.com\/plugins\/video.php?href=https%3A%2F%2Fwww.facebook.com%2FCARALPERU%2Fvideos%2F1903540199684833%2F&amp;show_text=0&amp;width=560\" width=\"100%\" height=\"415\" frameborder=\"0\" scrolling=\"no\" allowfullscreen=\"allowfullscreen\"><\/iframe><br \/>\nConoce m\u00e1s sobre Los Valores de la Civilizaci\u00f3n Caral en:<\/p>\n<p><span style=\"color: #993300;\"><a href=\"https:\/\/zonacaral.gob.pe\/en\/noticias\/dra-ruth-shady-expuso-sobre-la-trascendencia-de-la-civilizacion-caral\/\"><span style=\"color: #993300;\"><strong>EXPOSI\u00d3N DE LA DR. RUTH SHADY EN C\u00d3RDOVA \u2013 ARGENTINA:<\/strong><\/span><\/a><\/span><\/p>\n<p><span style=\"color: #993300;\"><strong><a href=\"https:\/\/zonacaral.gob.pe\/en\/noticias\/los-valores-de-la-civilizacion-caral-reflexiones-para-el-buen-vivir\/\"><span style=\"color: #993300;\">LIBRO DE LOS VALORES DE LOS VALORES DE LA CIVILIZACI\u00d3N CARAL:<\/span><\/a><\/strong><\/span><\/p>\n<p style=\"text-align: justify;\"><span style=\"color: #993300;\"><strong>Fuente<\/strong><strong>: Prensa ZAC<\/strong><\/span><\/p>\n<div style=\"color: #1f1f1f;\">\n<p style=\"text-align: justify;\">Fecha de publicaci\u00f3n: 03\/07\/2018<\/p>\n<\/div>","protected":false},"excerpt":{"rendered":"<p>La Zona Arqueol\u00f3gica Caral (ZAC), UE 003 del Ministerio de Cultura, en coordinaci\u00f3n con el Ej\u00e9rcito del Per\u00fa, invitan al [&hellip;]<\/p>\n","protected":false},"author":1,"featured_media":12839,"comment_status":"closed","ping_status":"open","sticky":false,"template":"","format":"standard","meta":{"_acf_changed":false,"site-sidebar-layout":"default","site-content-layout":"","ast-site-content-layout":"default","site-content-style":"default","site-sidebar-style":"default","ast-global-header-display":"","ast-banner-title-visibility":"","ast-main-header-display":"","ast-hfb-above-header-display":"","ast-hfb-below-header-display":"","ast-hfb-mobile-header-display":"","site-post-title":"","ast-breadcrumbs-content":"","ast-featured-img":"","footer-sml-layout":"","ast-disable-related-posts":"","theme-transparent-header-meta":"","adv-header-id-meta":"","stick-header-meta":"","header-above-stick-meta":"","header-main-stick-meta":"","header-below-stick-meta":"","astra-migrate-meta-layouts":"default","ast-page-background-enabled":"default","ast-page-background-meta":{"desktop":{"background-color":"var(--ast-global-color-5)","background-image":"","background-repeat":"repeat","background-position":"center center","background-size":"auto","background-attachment":"scroll","background-type":"","background-media":"","overlay-type":"","overlay-color":"","overlay-opacity":"","overlay-gradient":""},"tablet":{"background-color":"","background-image":"","background-repeat":"repeat","background-position":"center center","background-size":"auto","background-attachment":"scroll","background-type":"","background-media":"","overlay-type":"","overlay-color":"","overlay-opacity":"","overlay-gradient":""},"mobile":{"background-color":"","background-image":"","background-repeat":"repeat","background-position":"center center","background-size":"auto","background-attachment":"scroll","background-type":"","background-media":"","overlay-type":"","overlay-color":"","overlay-opacity":"","overlay-gradient":""}},"ast-content-background-meta":{"desktop":{"background-color":"var(--ast-global-color-4)","background-image":"","background-repeat":"repeat","background-position":"center center","background-size":"auto","background-attachment":"scroll","background-type":"","background-media":"","overlay-type":"","overlay-color":"","overlay-opacity":"","overlay-gradient":""},"tablet":{"background-color":"var(--ast-global-color-4)","background-image":"","background-repeat":"repeat","background-position":"center center","background-size":"auto","background-attachment":"scroll","background-type":"","background-media":"","overlay-type":"","overlay-color":"","overlay-opacity":"","overlay-gradient":""},"mobile":{"background-color":"var(--ast-global-color-4)","background-image":"","background-repeat":"repeat","background-position":"center center","background-size":"auto","background-attachment":"scroll","background-type":"","background-media":"","overlay-type":"","overlay-color":"","overlay-opacity":"","overlay-gradient":""}},"footnotes":""},"categories":[208],"tags":[55,123,168],"class_list":["post-12838","post","type-post","status-publish","format-standard","has-post-thumbnail","hentry","category-noticias","tag-caral","tag-exposicion","tag-real-felipe"],"acf":[],"yoast_head":"<!-- This site is optimized with the Yoast SEO plugin v27.3 - https:\/\/yoast.com\/product\/yoast-seo-wordpress\/ -->\n<title>Exposici\u00f3n Museogr\u00e1fica: Los valores de la Caral<\/title>\n<meta name=\"description\" content=\"La Zona Arqueol\u00f3gica Caral (ZAC), Unidad Ejecutora 003, del Ministerio de Cultura, en coordinaci\u00f3n con el Ej\u00e9rcito del Per\u00fa, inaugur\u00f3, hoy martes 03 de julio, en el Museo Fortaleza Real Felipe - Callao, la Exposici\u00f3n Museogr\u00e1fica: \u201cLos Valores de la Civilizaci\u00f3n Caral: Reflexiones para el Buen Vivir\u201d.\" \/>\n<meta name=\"robots\" content=\"index, follow, max-snippet:-1, max-image-preview:large, max-video-preview:-1\" \/>\n<link rel=\"canonical\" href=\"https:\/\/zonacaral.gob.pe\/en\/noticias\/exposicion-museografica-los-valores-de-la-civilizacion-caral\/\" \/>\n<meta property=\"og:locale\" content=\"en_US\" \/>\n<meta property=\"og:type\" content=\"article\" \/>\n<meta property=\"og:title\" content=\"Exposici\u00f3n Museogr\u00e1fica: Los valores de la Caral\" \/>\n<meta property=\"og:description\" content=\"La Zona Arqueol\u00f3gica Caral (ZAC), Unidad Ejecutora 003, del Ministerio de Cultura, en coordinaci\u00f3n con el Ej\u00e9rcito del Per\u00fa, inaugur\u00f3, hoy martes 03 de julio, en el Museo Fortaleza Real Felipe - Callao, la Exposici\u00f3n Museogr\u00e1fica: \u201cLos Valores de la Civilizaci\u00f3n Caral: Reflexiones para el Buen Vivir\u201d.\" \/>\n<meta property=\"og:url\" content=\"https:\/\/zonacaral.gob.pe\/en\/noticias\/exposicion-museografica-los-valores-de-la-civilizacion-caral\/\" \/>\n<meta property=\"og:site_name\" content=\"Zona Caral\" \/>\n<meta property=\"article:published_time\" content=\"2018-07-04T02:13:11+00:00\" \/>\n<meta property=\"og:image\" content=\"https:\/\/zonacaral.gob.pe\/wp-content\/uploads\/2018\/07\/portada.jpg\" \/>\n\t<meta property=\"og:image:width\" content=\"1000\" \/>\n\t<meta property=\"og:image:height\" content=\"553\" \/>\n\t<meta property=\"og:image:type\" content=\"image\/jpeg\" \/>\n<meta name=\"author\" content=\"Zona Caral Administrador\" \/>\n<meta name=\"twitter:card\" content=\"summary_large_image\" \/>\n<meta name=\"twitter:label1\" content=\"Written by\" \/>\n\t<meta name=\"twitter:data1\" content=\"Zona Caral Administrador\" \/>\n\t<meta name=\"twitter:label2\" content=\"Est. reading time\" \/>\n\t<meta name=\"twitter:data2\" content=\"3 minutes\" \/>\n<script type=\"application\/ld+json\" class=\"yoast-schema-graph\">{\"@context\":\"https:\\\/\\\/schema.org\",\"@graph\":[{\"@type\":\"Article\",\"@id\":\"https:\\\/\\\/zonacaral.gob.pe\\\/es\\\/noticias\\\/exposicion-museografica-los-valores-de-la-civilizacion-caral\\\/#article\",\"isPartOf\":{\"@id\":\"https:\\\/\\\/zonacaral.gob.pe\\\/es\\\/noticias\\\/exposicion-museografica-los-valores-de-la-civilizacion-caral\\\/\"},\"author\":{\"name\":\"Zona Caral Administrador\",\"@id\":\"https:\\\/\\\/zonacaral.gob.pe\\\/es\\\/#\\\/schema\\\/person\\\/beddb4d22f71a7230c5b90913270a0ee\"},\"headline\":\"Inici\u00f3 la gran exposici\u00f3n museogr\u00e1fica: Los valores de la Civilizaci\u00f3n Caral\",\"datePublished\":\"2018-07-04T02:13:11+00:00\",\"mainEntityOfPage\":{\"@id\":\"https:\\\/\\\/zonacaral.gob.pe\\\/es\\\/noticias\\\/exposicion-museografica-los-valores-de-la-civilizacion-caral\\\/\"},\"wordCount\":538,\"image\":{\"@id\":\"https:\\\/\\\/zonacaral.gob.pe\\\/es\\\/noticias\\\/exposicion-museografica-los-valores-de-la-civilizacion-caral\\\/#primaryimage\"},\"thumbnailUrl\":\"https:\\\/\\\/zonacaral.gob.pe\\\/wp-content\\\/uploads\\\/2018\\\/07\\\/portada.jpg\",\"keywords\":[\"caral\",\"exposicion\",\"real felipe\"],\"articleSection\":[\"noticias\"],\"inLanguage\":\"en-US\"},{\"@type\":\"WebPage\",\"@id\":\"https:\\\/\\\/zonacaral.gob.pe\\\/es\\\/noticias\\\/exposicion-museografica-los-valores-de-la-civilizacion-caral\\\/\",\"url\":\"https:\\\/\\\/zonacaral.gob.pe\\\/es\\\/noticias\\\/exposicion-museografica-los-valores-de-la-civilizacion-caral\\\/\",\"name\":\"Exposici\u00f3n Museogr\u00e1fica: Los valores de la Caral\",\"isPartOf\":{\"@id\":\"https:\\\/\\\/zonacaral.gob.pe\\\/es\\\/#website\"},\"primaryImageOfPage\":{\"@id\":\"https:\\\/\\\/zonacaral.gob.pe\\\/es\\\/noticias\\\/exposicion-museografica-los-valores-de-la-civilizacion-caral\\\/#primaryimage\"},\"image\":{\"@id\":\"https:\\\/\\\/zonacaral.gob.pe\\\/es\\\/noticias\\\/exposicion-museografica-los-valores-de-la-civilizacion-caral\\\/#primaryimage\"},\"thumbnailUrl\":\"https:\\\/\\\/zonacaral.gob.pe\\\/wp-content\\\/uploads\\\/2018\\\/07\\\/portada.jpg\",\"datePublished\":\"2018-07-04T02:13:11+00:00\",\"author\":{\"@id\":\"https:\\\/\\\/zonacaral.gob.pe\\\/es\\\/#\\\/schema\\\/person\\\/beddb4d22f71a7230c5b90913270a0ee\"},\"description\":\"La Zona Arqueol\u00f3gica Caral (ZAC), Unidad Ejecutora 003, del Ministerio de Cultura, en coordinaci\u00f3n con el Ej\u00e9rcito del Per\u00fa, inaugur\u00f3, hoy martes 03 de julio, en el Museo Fortaleza Real Felipe - Callao, la Exposici\u00f3n Museogr\u00e1fica: \u201cLos Valores de la Civilizaci\u00f3n Caral: Reflexiones para el Buen Vivir\u201d.\",\"breadcrumb\":{\"@id\":\"https:\\\/\\\/zonacaral.gob.pe\\\/es\\\/noticias\\\/exposicion-museografica-los-valores-de-la-civilizacion-caral\\\/#breadcrumb\"},\"inLanguage\":\"en-US\",\"potentialAction\":[{\"@type\":\"ReadAction\",\"target\":[\"https:\\\/\\\/zonacaral.gob.pe\\\/es\\\/noticias\\\/exposicion-museografica-los-valores-de-la-civilizacion-caral\\\/\"]}]},{\"@type\":\"ImageObject\",\"inLanguage\":\"en-US\",\"@id\":\"https:\\\/\\\/zonacaral.gob.pe\\\/es\\\/noticias\\\/exposicion-museografica-los-valores-de-la-civilizacion-caral\\\/#primaryimage\",\"url\":\"https:\\\/\\\/zonacaral.gob.pe\\\/wp-content\\\/uploads\\\/2018\\\/07\\\/portada.jpg\",\"contentUrl\":\"https:\\\/\\\/zonacaral.gob.pe\\\/wp-content\\\/uploads\\\/2018\\\/07\\\/portada.jpg\",\"width\":1000,\"height\":553},{\"@type\":\"BreadcrumbList\",\"@id\":\"https:\\\/\\\/zonacaral.gob.pe\\\/es\\\/noticias\\\/exposicion-museografica-los-valores-de-la-civilizacion-caral\\\/#breadcrumb\",\"itemListElement\":[{\"@type\":\"ListItem\",\"position\":1,\"name\":\"Portada\",\"item\":\"https:\\\/\\\/zonacaral.gob.pe\\\/\"},{\"@type\":\"ListItem\",\"position\":2,\"name\":\"Inici\u00f3 la gran exposici\u00f3n museogr\u00e1fica: Los valores de la Civilizaci\u00f3n Caral\"}]},{\"@type\":\"WebSite\",\"@id\":\"https:\\\/\\\/zonacaral.gob.pe\\\/es\\\/#website\",\"url\":\"https:\\\/\\\/zonacaral.gob.pe\\\/es\\\/\",\"name\":\"Zona Caral\",\"description\":\"Investigamos, conservamos y difundimos el patrimonio cultural de la Civilizaci\u00f3n Caral, la m\u00e1s antigua de Am\u00e9rica.\",\"potentialAction\":[{\"@type\":\"SearchAction\",\"target\":{\"@type\":\"EntryPoint\",\"urlTemplate\":\"https:\\\/\\\/zonacaral.gob.pe\\\/es\\\/?s={search_term_string}\"},\"query-input\":{\"@type\":\"PropertyValueSpecification\",\"valueRequired\":true,\"valueName\":\"search_term_string\"}}],\"inLanguage\":\"en-US\"},{\"@type\":\"Person\",\"@id\":\"https:\\\/\\\/zonacaral.gob.pe\\\/es\\\/#\\\/schema\\\/person\\\/beddb4d22f71a7230c5b90913270a0ee\",\"name\":\"Zona Caral Administrador\",\"image\":{\"@type\":\"ImageObject\",\"inLanguage\":\"en-US\",\"@id\":\"https:\\\/\\\/secure.gravatar.com\\\/avatar\\\/e4be162918a696358376de6446614e0f0f4062bdc5d170d6d540ada3d8b58c12?s=96&d=mm&r=g\",\"url\":\"https:\\\/\\\/secure.gravatar.com\\\/avatar\\\/e4be162918a696358376de6446614e0f0f4062bdc5d170d6d540ada3d8b58c12?s=96&d=mm&r=g\",\"contentUrl\":\"https:\\\/\\\/secure.gravatar.com\\\/avatar\\\/e4be162918a696358376de6446614e0f0f4062bdc5d170d6d540ada3d8b58c12?s=96&d=mm&r=g\",\"caption\":\"Zona Caral Administrador\"},\"sameAs\":[\"https:\\\/\\\/zonacaral.gob.pe\"],\"url\":\"https:\\\/\\\/zonacaral.gob.pe\\\/en\\\/noticias\\\/author\\\/ad_zonacaral\\\/\"}]}<\/script>\n<!-- \/ Yoast SEO plugin. -->","yoast_head_json":{"title":"Exposici\u00f3n Museogr\u00e1fica: Los valores de la Caral","description":"La Zona Arqueol\u00f3gica Caral (ZAC), Unidad Ejecutora 003, del Ministerio de Cultura, en coordinaci\u00f3n con el Ej\u00e9rcito del Per\u00fa, inaugur\u00f3, hoy martes 03 de julio, en el Museo Fortaleza Real Felipe - Callao, la Exposici\u00f3n Museogr\u00e1fica: \u201cLos Valores de la Civilizaci\u00f3n Caral: Reflexiones para el Buen Vivir\u201d.","robots":{"index":"index","follow":"follow","max-snippet":"max-snippet:-1","max-image-preview":"max-image-preview:large","max-video-preview":"max-video-preview:-1"},"canonical":"https:\/\/zonacaral.gob.pe\/en\/noticias\/exposicion-museografica-los-valores-de-la-civilizacion-caral\/","og_locale":"en_US","og_type":"article","og_title":"Exposici\u00f3n Museogr\u00e1fica: Los valores de la Caral","og_description":"La Zona Arqueol\u00f3gica Caral (ZAC), Unidad Ejecutora 003, del Ministerio de Cultura, en coordinaci\u00f3n con el Ej\u00e9rcito del Per\u00fa, inaugur\u00f3, hoy martes 03 de julio, en el Museo Fortaleza Real Felipe - Callao, la Exposici\u00f3n Museogr\u00e1fica: \u201cLos Valores de la Civilizaci\u00f3n Caral: Reflexiones para el Buen Vivir\u201d.","og_url":"https:\/\/zonacaral.gob.pe\/en\/noticias\/exposicion-museografica-los-valores-de-la-civilizacion-caral\/","og_site_name":"Zona Caral","article_published_time":"2018-07-04T02:13:11+00:00","og_image":[{"width":1000,"height":553,"url":"https:\/\/zonacaral.gob.pe\/wp-content\/uploads\/2018\/07\/portada.jpg","type":"image\/jpeg"}],"author":"Zona Caral Administrador","twitter_card":"summary_large_image","twitter_misc":{"Written by":"Zona Caral Administrador","Est. reading time":"3 minutes"},"schema":{"@context":"https:\/\/schema.org","@graph":[{"@type":"Article","@id":"https:\/\/zonacaral.gob.pe\/es\/noticias\/exposicion-museografica-los-valores-de-la-civilizacion-caral\/#article","isPartOf":{"@id":"https:\/\/zonacaral.gob.pe\/es\/noticias\/exposicion-museografica-los-valores-de-la-civilizacion-caral\/"},"author":{"name":"Zona Caral Administrador","@id":"https:\/\/zonacaral.gob.pe\/es\/#\/schema\/person\/beddb4d22f71a7230c5b90913270a0ee"},"headline":"Inici\u00f3 la gran exposici\u00f3n museogr\u00e1fica: Los valores de la Civilizaci\u00f3n Caral","datePublished":"2018-07-04T02:13:11+00:00","mainEntityOfPage":{"@id":"https:\/\/zonacaral.gob.pe\/es\/noticias\/exposicion-museografica-los-valores-de-la-civilizacion-caral\/"},"wordCount":538,"image":{"@id":"https:\/\/zonacaral.gob.pe\/es\/noticias\/exposicion-museografica-los-valores-de-la-civilizacion-caral\/#primaryimage"},"thumbnailUrl":"https:\/\/zonacaral.gob.pe\/wp-content\/uploads\/2018\/07\/portada.jpg","keywords":["caral","exposicion","real felipe"],"articleSection":["noticias"],"inLanguage":"en-US"},{"@type":"WebPage","@id":"https:\/\/zonacaral.gob.pe\/es\/noticias\/exposicion-museografica-los-valores-de-la-civilizacion-caral\/","url":"https:\/\/zonacaral.gob.pe\/es\/noticias\/exposicion-museografica-los-valores-de-la-civilizacion-caral\/","name":"Exposici\u00f3n Museogr\u00e1fica: Los valores de la Caral","isPartOf":{"@id":"https:\/\/zonacaral.gob.pe\/es\/#website"},"primaryImageOfPage":{"@id":"https:\/\/zonacaral.gob.pe\/es\/noticias\/exposicion-museografica-los-valores-de-la-civilizacion-caral\/#primaryimage"},"image":{"@id":"https:\/\/zonacaral.gob.pe\/es\/noticias\/exposicion-museografica-los-valores-de-la-civilizacion-caral\/#primaryimage"},"thumbnailUrl":"https:\/\/zonacaral.gob.pe\/wp-content\/uploads\/2018\/07\/portada.jpg","datePublished":"2018-07-04T02:13:11+00:00","author":{"@id":"https:\/\/zonacaral.gob.pe\/es\/#\/schema\/person\/beddb4d22f71a7230c5b90913270a0ee"},"description":"La Zona Arqueol\u00f3gica Caral (ZAC), Unidad Ejecutora 003, del Ministerio de Cultura, en coordinaci\u00f3n con el Ej\u00e9rcito del Per\u00fa, inaugur\u00f3, hoy martes 03 de julio, en el Museo Fortaleza Real Felipe - Callao, la Exposici\u00f3n Museogr\u00e1fica: \u201cLos Valores de la Civilizaci\u00f3n Caral: Reflexiones para el Buen Vivir\u201d.","breadcrumb":{"@id":"https:\/\/zonacaral.gob.pe\/es\/noticias\/exposicion-museografica-los-valores-de-la-civilizacion-caral\/#breadcrumb"},"inLanguage":"en-US","potentialAction":[{"@type":"ReadAction","target":["https:\/\/zonacaral.gob.pe\/es\/noticias\/exposicion-museografica-los-valores-de-la-civilizacion-caral\/"]}]},{"@type":"ImageObject","inLanguage":"en-US","@id":"https:\/\/zonacaral.gob.pe\/es\/noticias\/exposicion-museografica-los-valores-de-la-civilizacion-caral\/#primaryimage","url":"https:\/\/zonacaral.gob.pe\/wp-content\/uploads\/2018\/07\/portada.jpg","contentUrl":"https:\/\/zonacaral.gob.pe\/wp-content\/uploads\/2018\/07\/portada.jpg","width":1000,"height":553},{"@type":"BreadcrumbList","@id":"https:\/\/zonacaral.gob.pe\/es\/noticias\/exposicion-museografica-los-valores-de-la-civilizacion-caral\/#breadcrumb","itemListElement":[{"@type":"ListItem","position":1,"name":"Portada","item":"https:\/\/zonacaral.gob.pe\/"},{"@type":"ListItem","position":2,"name":"Inici\u00f3 la gran exposici\u00f3n museogr\u00e1fica: Los valores de la Civilizaci\u00f3n Caral"}]},{"@type":"WebSite","@id":"https:\/\/zonacaral.gob.pe\/es\/#website","url":"https:\/\/zonacaral.gob.pe\/es\/","name":"Zona Caral","description":"Investigamos, conservamos y difundimos el patrimonio cultural de la Civilizaci\u00f3n Caral, la m\u00e1s antigua de Am\u00e9rica.","potentialAction":[{"@type":"SearchAction","target":{"@type":"EntryPoint","urlTemplate":"https:\/\/zonacaral.gob.pe\/es\/?s={search_term_string}"},"query-input":{"@type":"PropertyValueSpecification","valueRequired":true,"valueName":"search_term_string"}}],"inLanguage":"en-US"},{"@type":"Person","@id":"https:\/\/zonacaral.gob.pe\/es\/#\/schema\/person\/beddb4d22f71a7230c5b90913270a0ee","name":"Zona Caral Administrador","image":{"@type":"ImageObject","inLanguage":"en-US","@id":"https:\/\/secure.gravatar.com\/avatar\/e4be162918a696358376de6446614e0f0f4062bdc5d170d6d540ada3d8b58c12?s=96&d=mm&r=g","url":"https:\/\/secure.gravatar.com\/avatar\/e4be162918a696358376de6446614e0f0f4062bdc5d170d6d540ada3d8b58c12?s=96&d=mm&r=g","contentUrl":"https:\/\/secure.gravatar.com\/avatar\/e4be162918a696358376de6446614e0f0f4062bdc5d170d6d540ada3d8b58c12?s=96&d=mm&r=g","caption":"Zona Caral Administrador"},"sameAs":["https:\/\/zonacaral.gob.pe"],"url":"https:\/\/zonacaral.gob.pe\/en\/noticias\/author\/ad_zonacaral\/"}]}},"_links":{"self":[{"href":"https:\/\/zonacaral.gob.pe\/en\/wp-json\/wp\/v2\/posts\/12838","targetHints":{"allow":["GET"]}}],"collection":[{"href":"https:\/\/zonacaral.gob.pe\/en\/wp-json\/wp\/v2\/posts"}],"about":[{"href":"https:\/\/zonacaral.gob.pe\/en\/wp-json\/wp\/v2\/types\/post"}],"author":[{"embeddable":true,"href":"https:\/\/zonacaral.gob.pe\/en\/wp-json\/wp\/v2\/users\/1"}],"replies":[{"embeddable":true,"href":"https:\/\/zonacaral.gob.pe\/en\/wp-json\/wp\/v2\/comments?post=12838"}],"version-history":[{"count":0,"href":"https:\/\/zonacaral.gob.pe\/en\/wp-json\/wp\/v2\/posts\/12838\/revisions"}],"wp:featuredmedia":[{"embeddable":true,"href":"https:\/\/zonacaral.gob.pe\/en\/wp-json\/wp\/v2\/media\/12839"}],"wp:attachment":[{"href":"https:\/\/zonacaral.gob.pe\/en\/wp-json\/wp\/v2\/media?parent=12838"}],"wp:term":[{"taxonomy":"category","embeddable":true,"href":"https:\/\/zonacaral.gob.pe\/en\/wp-json\/wp\/v2\/categories?post=12838"},{"taxonomy":"post_tag","embeddable":true,"href":"https:\/\/zonacaral.gob.pe\/en\/wp-json\/wp\/v2\/tags?post=12838"}],"curies":[{"name":"wp","href":"https:\/\/api.w.org\/{rel}","templated":true}]}}