{"id":12929,"date":"2018-07-12T14:33:42","date_gmt":"2018-07-12T19:33:42","guid":{"rendered":"http:\/\/www.zonacaral.gob.pe\/?p=12929"},"modified":"2018-07-12T14:33:42","modified_gmt":"2018-07-12T19:33:42","slug":"libro-los-valores-de-la-civilizacion-caral","status":"publish","type":"post","link":"https:\/\/zonacaral.gob.pe\/en\/noticias\/libro-los-valores-de-la-civilizacion-caral\/","title":{"rendered":"Libro \u201cLos valores de la civilizaci\u00f3n Caral\u201d: una memoria para el futuro"},"content":{"rendered":"<figure class=\"pic-autor\" style=\"color: #4d4d4d; text-align: justify;\"><\/figure>\n<blockquote><p>\u00a0Recibi\u00f3 las mejores cr\u00edticas de diferentes acad\u00e9micos y tuvo gran acogida del p\u00fablico estudiantil.<\/p><\/blockquote>\n<p>La Dra. Ruth Shady Sol\u00eds, directora de la Zona Arqueol\u00f3gica Caral (ZAC), present\u00f3 en la Universidad Nacional Mayor de San Marcos (UNMSM) el libro \u201cLos Valores de la Civilizaci\u00f3n Caral: Reflexiones para el Buen Vivir\u201d.<\/p>\n<p>La presentaci\u00f3n cont\u00f3 con los comentarios del Dr. Julio Mej\u00eda Navarrete, Decano de la Facultad de Ciencias Sociales; el Dr. Alejandro Cussianovich, profesor em\u00e9rito de la UNMSM; y el Dr. C\u00e9sar German\u00e1, profesor em\u00e9rito de la UNMSM. Asimismo, se tuvo la presencia tanto de estudiantes como de personal de dicha casa de estudios.<\/p>\n<p>Durante la actividad, el Dr. Cussianovich resalt\u00f3 que el libro \u201cLos Valores de la Civilizaci\u00f3n Caral\u201d resulta, a su entender, una memoria para el futuro, \u201chacia d\u00f3nde vamos, recordar, retomar el mensaje de Caral. Es pensar en adelante, para adelante. No es una memoria como espejo retrovisor sino una memoria de futuro\u201d.<\/p>\n<p>\u201cHablar de Caral, debe ser hablar de la intertransculturalidad; es decir, la capacidad no solamente de respetar culturas diversas, sino aprender y compartir para seguir avanzando en la construcci\u00f3n cultural\u2026 C\u00f3mo producimos y reproducimos nuestra propia cultura. Prevenir a partir de la experiencia\u201d, se\u00f1al\u00f3.\u2028\u2028A su turno, el Dr. German\u00e1 agreg\u00f3 que el libro de los valores \u201cno solo es una memoria para el futuro, sino que son las ra\u00edces ind\u00edgenas del futuro\u201d. \u201cEl Buen Vivir se convierte en un proyecto en la b\u00fasqueda de un nuevo orden social. Se trata de un horizonte hist\u00f3rico de futuro\u201d, a\u00f1adi\u00f3.<\/p>\n<p>Lo propio hizo el Dr. Julio Mej\u00eda, quien sostuvo que el libro sobre el Buen Vivir, \u201ctrata de una esperanza del futuro, es un ideal cr\u00edtico. Tiene otra forma de organizar la sociedad, siempre en construcci\u00f3n en b\u00fasqueda del principio social, se\u00f1ala un camino\u201d.<\/p>\n<p>Antes de las magistrales presentaciones, la Dra. Ruth Shady, hizo una exposici\u00f3n sobre los Valores de la Civilizaci\u00f3n Caral, puntos que encierran temas como los conocimientos adquiridos sobre las construcciones, la producci\u00f3n de alimentos, el manejo del territorio, el respeto entre varones y mujeres, respeto a la naturaleza, a las otras comunidades, a las costumbres y creencias, entre muchos otros temas que fueron recuperados en 24 a\u00f1os de investigaciones.<\/p>\n<p>El libro \u201cLos Valores de la Civilizaci\u00f3n Caral: Reflexiones para el Buen Vivir\u201d, se encuentra a la venta en las diferentes librer\u00edas de la capital; as\u00ed tambi\u00e9n en la biblioteca del Ministerio de Cultura.<\/p>\n<p><iframe src=\"https:\/\/www.youtube.com\/embed\/0SRYSHDS5SE\" width=\"560\" height=\"400\" frameborder=\"0\" allowfullscreen=\"allowfullscreen\"><\/iframe><\/p>\n<p><strong>VIDEO:<\/strong> <a href=\"https:\/\/www.youtube.com\/watch?v=b-MfShKKQcY&amp;t=3875s\">Trascendencia de la Civilizaci\u00f3n Caral &#8211; Exposici\u00f3n Dra. Ruth Shady en CRES2018<\/a><\/p>\n<p><strong>VIDEO:<\/strong> <a href=\"https:\/\/www.youtube.com\/watch?v=3OHySlJttO0\">Dra. Ruth Shady presenta libro Los Valores de la Civilizaci\u00f3n Caral<\/a><\/p>\n<p style=\"text-align: justify;\"><span style=\"color: #993300;\"><strong>Fuente<\/strong><strong>: Prensa ZAC<\/strong><\/span><\/p>\n<div style=\"color: #1f1f1f;\">\n<p style=\"text-align: justify;\">Fecha de publicaci\u00f3n: 08\/07\/2018<\/p>\n<\/div>","protected":false},"excerpt":{"rendered":"<p>\u00a0Recibi\u00f3 las mejores cr\u00edticas de diferentes acad\u00e9micos y tuvo gran acogida del p\u00fablico estudiantil. La Dra. Ruth Shady Sol\u00eds, directora [&hellip;]<\/p>\n","protected":false},"author":1,"featured_media":12932,"comment_status":"closed","ping_status":"open","sticky":false,"template":"","format":"standard","meta":{"_acf_changed":false,"site-sidebar-layout":"default","site-content-layout":"","ast-site-content-layout":"default","site-content-style":"default","site-sidebar-style":"default","ast-global-header-display":"","ast-banner-title-visibility":"","ast-main-header-display":"","ast-hfb-above-header-display":"","ast-hfb-below-header-display":"","ast-hfb-mobile-header-display":"","site-post-title":"","ast-breadcrumbs-content":"","ast-featured-img":"","footer-sml-layout":"","ast-disable-related-posts":"","theme-transparent-header-meta":"","adv-header-id-meta":"","stick-header-meta":"","header-above-stick-meta":"","header-main-stick-meta":"","header-below-stick-meta":"","astra-migrate-meta-layouts":"default","ast-page-background-enabled":"default","ast-page-background-meta":{"desktop":{"background-color":"var(--ast-global-color-5)","background-image":"","background-repeat":"repeat","background-position":"center center","background-size":"auto","background-attachment":"scroll","background-type":"","background-media":"","overlay-type":"","overlay-color":"","overlay-opacity":"","overlay-gradient":""},"tablet":{"background-color":"","background-image":"","background-repeat":"repeat","background-position":"center center","background-size":"auto","background-attachment":"scroll","background-type":"","background-media":"","overlay-type":"","overlay-color":"","overlay-opacity":"","overlay-gradient":""},"mobile":{"background-color":"","background-image":"","background-repeat":"repeat","background-position":"center center","background-size":"auto","background-attachment":"scroll","background-type":"","background-media":"","overlay-type":"","overlay-color":"","overlay-opacity":"","overlay-gradient":""}},"ast-content-background-meta":{"desktop":{"background-color":"var(--ast-global-color-4)","background-image":"","background-repeat":"repeat","background-position":"center center","background-size":"auto","background-attachment":"scroll","background-type":"","background-media":"","overlay-type":"","overlay-color":"","overlay-opacity":"","overlay-gradient":""},"tablet":{"background-color":"var(--ast-global-color-4)","background-image":"","background-repeat":"repeat","background-position":"center center","background-size":"auto","background-attachment":"scroll","background-type":"","background-media":"","overlay-type":"","overlay-color":"","overlay-opacity":"","overlay-gradient":""},"mobile":{"background-color":"var(--ast-global-color-4)","background-image":"","background-repeat":"repeat","background-position":"center center","background-size":"auto","background-attachment":"scroll","background-type":"","background-media":"","overlay-type":"","overlay-color":"","overlay-opacity":"","overlay-gradient":""}},"footnotes":""},"categories":[208],"tags":[55,162],"class_list":["post-12929","post","type-post","status-publish","format-standard","has-post-thumbnail","hentry","category-noticias","tag-caral","tag-libro-valores"],"acf":[],"yoast_head":"<!-- This site is optimized with the Yoast SEO plugin v27.3 - https:\/\/yoast.com\/product\/yoast-seo-wordpress\/ -->\n<title>Libro \u201cLos valores de la civilizaci\u00f3n Caral\u201d<\/title>\n<meta name=\"description\" content=\"La Dra. Ruth Shady Sol\u00eds, directora de la Zona Arqueol\u00f3gica Caral (ZAC), present\u00f3 en la Universidad Nacional Mayor de San Marcos (UNMSM) el libro \u201cLos Valores de la Civilizaci\u00f3n Caral: Reflexiones para el Buen Vivir\u201d.\" \/>\n<meta name=\"robots\" content=\"index, follow, max-snippet:-1, max-image-preview:large, max-video-preview:-1\" \/>\n<link rel=\"canonical\" href=\"https:\/\/zonacaral.gob.pe\/en\/noticias\/libro-los-valores-de-la-civilizacion-caral\/\" \/>\n<meta property=\"og:locale\" content=\"en_US\" \/>\n<meta property=\"og:type\" content=\"article\" \/>\n<meta property=\"og:title\" content=\"Libro \u201cLos valores de la civilizaci\u00f3n Caral\u201d\" \/>\n<meta property=\"og:description\" content=\"La Dra. Ruth Shady Sol\u00eds, directora de la Zona Arqueol\u00f3gica Caral (ZAC), present\u00f3 en la Universidad Nacional Mayor de San Marcos (UNMSM) el libro \u201cLos Valores de la Civilizaci\u00f3n Caral: Reflexiones para el Buen Vivir\u201d.\" \/>\n<meta property=\"og:url\" content=\"https:\/\/zonacaral.gob.pe\/en\/noticias\/libro-los-valores-de-la-civilizacion-caral\/\" \/>\n<meta property=\"og:site_name\" content=\"Zona Caral\" \/>\n<meta property=\"article:published_time\" content=\"2018-07-12T19:33:42+00:00\" \/>\n<meta property=\"og:image\" content=\"https:\/\/zonacaral.gob.pe\/wp-content\/uploads\/2018\/07\/libro-los-valores-de-la-Civilizacion-Caral-.jpg\" \/>\n\t<meta property=\"og:image:width\" content=\"1008\" \/>\n\t<meta property=\"og:image:height\" content=\"717\" \/>\n\t<meta property=\"og:image:type\" content=\"image\/jpeg\" \/>\n<meta name=\"author\" content=\"Zona Caral Administrador\" \/>\n<meta name=\"twitter:card\" content=\"summary_large_image\" \/>\n<meta name=\"twitter:label1\" content=\"Written by\" \/>\n\t<meta name=\"twitter:data1\" content=\"Zona Caral Administrador\" \/>\n\t<meta name=\"twitter:label2\" content=\"Est. reading time\" \/>\n\t<meta name=\"twitter:data2\" content=\"2 minutes\" \/>\n<script type=\"application\/ld+json\" class=\"yoast-schema-graph\">{\"@context\":\"https:\\\/\\\/schema.org\",\"@graph\":[{\"@type\":\"Article\",\"@id\":\"https:\\\/\\\/zonacaral.gob.pe\\\/en\\\/noticias\\\/libro-los-valores-de-la-civilizacion-caral\\\/#article\",\"isPartOf\":{\"@id\":\"https:\\\/\\\/zonacaral.gob.pe\\\/en\\\/noticias\\\/libro-los-valores-de-la-civilizacion-caral\\\/\"},\"author\":{\"name\":\"Zona Caral Administrador\",\"@id\":\"https:\\\/\\\/zonacaral.gob.pe\\\/es\\\/#\\\/schema\\\/person\\\/beddb4d22f71a7230c5b90913270a0ee\"},\"headline\":\"Libro \u201cLos valores de la civilizaci\u00f3n Caral\u201d: una memoria para el futuro\",\"datePublished\":\"2018-07-12T19:33:42+00:00\",\"mainEntityOfPage\":{\"@id\":\"https:\\\/\\\/zonacaral.gob.pe\\\/en\\\/noticias\\\/libro-los-valores-de-la-civilizacion-caral\\\/\"},\"wordCount\":479,\"image\":{\"@id\":\"https:\\\/\\\/zonacaral.gob.pe\\\/en\\\/noticias\\\/libro-los-valores-de-la-civilizacion-caral\\\/#primaryimage\"},\"thumbnailUrl\":\"https:\\\/\\\/zonacaral.gob.pe\\\/wp-content\\\/uploads\\\/2018\\\/07\\\/libro-los-valores-de-la-Civilizacion-Caral-.jpg\",\"keywords\":[\"caral\",\"libro valores\"],\"articleSection\":[\"noticias\"],\"inLanguage\":\"en-US\"},{\"@type\":\"WebPage\",\"@id\":\"https:\\\/\\\/zonacaral.gob.pe\\\/en\\\/noticias\\\/libro-los-valores-de-la-civilizacion-caral\\\/\",\"url\":\"https:\\\/\\\/zonacaral.gob.pe\\\/en\\\/noticias\\\/libro-los-valores-de-la-civilizacion-caral\\\/\",\"name\":\"Libro \u201cLos valores de la civilizaci\u00f3n Caral\u201d\",\"isPartOf\":{\"@id\":\"https:\\\/\\\/zonacaral.gob.pe\\\/es\\\/#website\"},\"primaryImageOfPage\":{\"@id\":\"https:\\\/\\\/zonacaral.gob.pe\\\/en\\\/noticias\\\/libro-los-valores-de-la-civilizacion-caral\\\/#primaryimage\"},\"image\":{\"@id\":\"https:\\\/\\\/zonacaral.gob.pe\\\/en\\\/noticias\\\/libro-los-valores-de-la-civilizacion-caral\\\/#primaryimage\"},\"thumbnailUrl\":\"https:\\\/\\\/zonacaral.gob.pe\\\/wp-content\\\/uploads\\\/2018\\\/07\\\/libro-los-valores-de-la-Civilizacion-Caral-.jpg\",\"datePublished\":\"2018-07-12T19:33:42+00:00\",\"author\":{\"@id\":\"https:\\\/\\\/zonacaral.gob.pe\\\/es\\\/#\\\/schema\\\/person\\\/beddb4d22f71a7230c5b90913270a0ee\"},\"description\":\"La Dra. Ruth Shady Sol\u00eds, directora de la Zona Arqueol\u00f3gica Caral (ZAC), present\u00f3 en la Universidad Nacional Mayor de San Marcos (UNMSM) el libro \u201cLos Valores de la Civilizaci\u00f3n Caral: Reflexiones para el Buen Vivir\u201d.\",\"breadcrumb\":{\"@id\":\"https:\\\/\\\/zonacaral.gob.pe\\\/en\\\/noticias\\\/libro-los-valores-de-la-civilizacion-caral\\\/#breadcrumb\"},\"inLanguage\":\"en-US\",\"potentialAction\":[{\"@type\":\"ReadAction\",\"target\":[\"https:\\\/\\\/zonacaral.gob.pe\\\/en\\\/noticias\\\/libro-los-valores-de-la-civilizacion-caral\\\/\"]}]},{\"@type\":\"ImageObject\",\"inLanguage\":\"en-US\",\"@id\":\"https:\\\/\\\/zonacaral.gob.pe\\\/en\\\/noticias\\\/libro-los-valores-de-la-civilizacion-caral\\\/#primaryimage\",\"url\":\"https:\\\/\\\/zonacaral.gob.pe\\\/wp-content\\\/uploads\\\/2018\\\/07\\\/libro-los-valores-de-la-Civilizacion-Caral-.jpg\",\"contentUrl\":\"https:\\\/\\\/zonacaral.gob.pe\\\/wp-content\\\/uploads\\\/2018\\\/07\\\/libro-los-valores-de-la-Civilizacion-Caral-.jpg\",\"width\":1008,\"height\":717},{\"@type\":\"BreadcrumbList\",\"@id\":\"https:\\\/\\\/zonacaral.gob.pe\\\/en\\\/noticias\\\/libro-los-valores-de-la-civilizacion-caral\\\/#breadcrumb\",\"itemListElement\":[{\"@type\":\"ListItem\",\"position\":1,\"name\":\"Portada\",\"item\":\"https:\\\/\\\/zonacaral.gob.pe\\\/\"},{\"@type\":\"ListItem\",\"position\":2,\"name\":\"Libro \u201cLos valores de la civilizaci\u00f3n Caral\u201d: una memoria para el futuro\"}]},{\"@type\":\"WebSite\",\"@id\":\"https:\\\/\\\/zonacaral.gob.pe\\\/es\\\/#website\",\"url\":\"https:\\\/\\\/zonacaral.gob.pe\\\/es\\\/\",\"name\":\"Zona Caral\",\"description\":\"Investigamos, conservamos y difundimos el patrimonio cultural de la Civilizaci\u00f3n Caral, la m\u00e1s antigua de Am\u00e9rica.\",\"potentialAction\":[{\"@type\":\"SearchAction\",\"target\":{\"@type\":\"EntryPoint\",\"urlTemplate\":\"https:\\\/\\\/zonacaral.gob.pe\\\/es\\\/?s={search_term_string}\"},\"query-input\":{\"@type\":\"PropertyValueSpecification\",\"valueRequired\":true,\"valueName\":\"search_term_string\"}}],\"inLanguage\":\"en-US\"},{\"@type\":\"Person\",\"@id\":\"https:\\\/\\\/zonacaral.gob.pe\\\/es\\\/#\\\/schema\\\/person\\\/beddb4d22f71a7230c5b90913270a0ee\",\"name\":\"Zona Caral Administrador\",\"image\":{\"@type\":\"ImageObject\",\"inLanguage\":\"en-US\",\"@id\":\"https:\\\/\\\/secure.gravatar.com\\\/avatar\\\/e4be162918a696358376de6446614e0f0f4062bdc5d170d6d540ada3d8b58c12?s=96&d=mm&r=g\",\"url\":\"https:\\\/\\\/secure.gravatar.com\\\/avatar\\\/e4be162918a696358376de6446614e0f0f4062bdc5d170d6d540ada3d8b58c12?s=96&d=mm&r=g\",\"contentUrl\":\"https:\\\/\\\/secure.gravatar.com\\\/avatar\\\/e4be162918a696358376de6446614e0f0f4062bdc5d170d6d540ada3d8b58c12?s=96&d=mm&r=g\",\"caption\":\"Zona Caral Administrador\"},\"sameAs\":[\"https:\\\/\\\/zonacaral.gob.pe\"],\"url\":\"https:\\\/\\\/zonacaral.gob.pe\\\/en\\\/noticias\\\/author\\\/ad_zonacaral\\\/\"}]}<\/script>\n<!-- \/ Yoast SEO plugin. -->","yoast_head_json":{"title":"Libro \u201cLos valores de la civilizaci\u00f3n Caral\u201d","description":"La Dra. Ruth Shady Sol\u00eds, directora de la Zona Arqueol\u00f3gica Caral (ZAC), present\u00f3 en la Universidad Nacional Mayor de San Marcos (UNMSM) el libro \u201cLos Valores de la Civilizaci\u00f3n Caral: Reflexiones para el Buen Vivir\u201d.","robots":{"index":"index","follow":"follow","max-snippet":"max-snippet:-1","max-image-preview":"max-image-preview:large","max-video-preview":"max-video-preview:-1"},"canonical":"https:\/\/zonacaral.gob.pe\/en\/noticias\/libro-los-valores-de-la-civilizacion-caral\/","og_locale":"en_US","og_type":"article","og_title":"Libro \u201cLos valores de la civilizaci\u00f3n Caral\u201d","og_description":"La Dra. Ruth Shady Sol\u00eds, directora de la Zona Arqueol\u00f3gica Caral (ZAC), present\u00f3 en la Universidad Nacional Mayor de San Marcos (UNMSM) el libro \u201cLos Valores de la Civilizaci\u00f3n Caral: Reflexiones para el Buen Vivir\u201d.","og_url":"https:\/\/zonacaral.gob.pe\/en\/noticias\/libro-los-valores-de-la-civilizacion-caral\/","og_site_name":"Zona Caral","article_published_time":"2018-07-12T19:33:42+00:00","og_image":[{"width":1008,"height":717,"url":"https:\/\/zonacaral.gob.pe\/wp-content\/uploads\/2018\/07\/libro-los-valores-de-la-Civilizacion-Caral-.jpg","type":"image\/jpeg"}],"author":"Zona Caral Administrador","twitter_card":"summary_large_image","twitter_misc":{"Written by":"Zona Caral Administrador","Est. reading time":"2 minutes"},"schema":{"@context":"https:\/\/schema.org","@graph":[{"@type":"Article","@id":"https:\/\/zonacaral.gob.pe\/en\/noticias\/libro-los-valores-de-la-civilizacion-caral\/#article","isPartOf":{"@id":"https:\/\/zonacaral.gob.pe\/en\/noticias\/libro-los-valores-de-la-civilizacion-caral\/"},"author":{"name":"Zona Caral Administrador","@id":"https:\/\/zonacaral.gob.pe\/es\/#\/schema\/person\/beddb4d22f71a7230c5b90913270a0ee"},"headline":"Libro \u201cLos valores de la civilizaci\u00f3n Caral\u201d: una memoria para el futuro","datePublished":"2018-07-12T19:33:42+00:00","mainEntityOfPage":{"@id":"https:\/\/zonacaral.gob.pe\/en\/noticias\/libro-los-valores-de-la-civilizacion-caral\/"},"wordCount":479,"image":{"@id":"https:\/\/zonacaral.gob.pe\/en\/noticias\/libro-los-valores-de-la-civilizacion-caral\/#primaryimage"},"thumbnailUrl":"https:\/\/zonacaral.gob.pe\/wp-content\/uploads\/2018\/07\/libro-los-valores-de-la-Civilizacion-Caral-.jpg","keywords":["caral","libro valores"],"articleSection":["noticias"],"inLanguage":"en-US"},{"@type":"WebPage","@id":"https:\/\/zonacaral.gob.pe\/en\/noticias\/libro-los-valores-de-la-civilizacion-caral\/","url":"https:\/\/zonacaral.gob.pe\/en\/noticias\/libro-los-valores-de-la-civilizacion-caral\/","name":"Libro \u201cLos valores de la civilizaci\u00f3n Caral\u201d","isPartOf":{"@id":"https:\/\/zonacaral.gob.pe\/es\/#website"},"primaryImageOfPage":{"@id":"https:\/\/zonacaral.gob.pe\/en\/noticias\/libro-los-valores-de-la-civilizacion-caral\/#primaryimage"},"image":{"@id":"https:\/\/zonacaral.gob.pe\/en\/noticias\/libro-los-valores-de-la-civilizacion-caral\/#primaryimage"},"thumbnailUrl":"https:\/\/zonacaral.gob.pe\/wp-content\/uploads\/2018\/07\/libro-los-valores-de-la-Civilizacion-Caral-.jpg","datePublished":"2018-07-12T19:33:42+00:00","author":{"@id":"https:\/\/zonacaral.gob.pe\/es\/#\/schema\/person\/beddb4d22f71a7230c5b90913270a0ee"},"description":"La Dra. Ruth Shady Sol\u00eds, directora de la Zona Arqueol\u00f3gica Caral (ZAC), present\u00f3 en la Universidad Nacional Mayor de San Marcos (UNMSM) el libro \u201cLos Valores de la Civilizaci\u00f3n Caral: Reflexiones para el Buen Vivir\u201d.","breadcrumb":{"@id":"https:\/\/zonacaral.gob.pe\/en\/noticias\/libro-los-valores-de-la-civilizacion-caral\/#breadcrumb"},"inLanguage":"en-US","potentialAction":[{"@type":"ReadAction","target":["https:\/\/zonacaral.gob.pe\/en\/noticias\/libro-los-valores-de-la-civilizacion-caral\/"]}]},{"@type":"ImageObject","inLanguage":"en-US","@id":"https:\/\/zonacaral.gob.pe\/en\/noticias\/libro-los-valores-de-la-civilizacion-caral\/#primaryimage","url":"https:\/\/zonacaral.gob.pe\/wp-content\/uploads\/2018\/07\/libro-los-valores-de-la-Civilizacion-Caral-.jpg","contentUrl":"https:\/\/zonacaral.gob.pe\/wp-content\/uploads\/2018\/07\/libro-los-valores-de-la-Civilizacion-Caral-.jpg","width":1008,"height":717},{"@type":"BreadcrumbList","@id":"https:\/\/zonacaral.gob.pe\/en\/noticias\/libro-los-valores-de-la-civilizacion-caral\/#breadcrumb","itemListElement":[{"@type":"ListItem","position":1,"name":"Portada","item":"https:\/\/zonacaral.gob.pe\/"},{"@type":"ListItem","position":2,"name":"Libro \u201cLos valores de la civilizaci\u00f3n Caral\u201d: una memoria para el futuro"}]},{"@type":"WebSite","@id":"https:\/\/zonacaral.gob.pe\/es\/#website","url":"https:\/\/zonacaral.gob.pe\/es\/","name":"Zona Caral","description":"Investigamos, conservamos y difundimos el patrimonio cultural de la Civilizaci\u00f3n Caral, la m\u00e1s antigua de Am\u00e9rica.","potentialAction":[{"@type":"SearchAction","target":{"@type":"EntryPoint","urlTemplate":"https:\/\/zonacaral.gob.pe\/es\/?s={search_term_string}"},"query-input":{"@type":"PropertyValueSpecification","valueRequired":true,"valueName":"search_term_string"}}],"inLanguage":"en-US"},{"@type":"Person","@id":"https:\/\/zonacaral.gob.pe\/es\/#\/schema\/person\/beddb4d22f71a7230c5b90913270a0ee","name":"Zona Caral Administrador","image":{"@type":"ImageObject","inLanguage":"en-US","@id":"https:\/\/secure.gravatar.com\/avatar\/e4be162918a696358376de6446614e0f0f4062bdc5d170d6d540ada3d8b58c12?s=96&d=mm&r=g","url":"https:\/\/secure.gravatar.com\/avatar\/e4be162918a696358376de6446614e0f0f4062bdc5d170d6d540ada3d8b58c12?s=96&d=mm&r=g","contentUrl":"https:\/\/secure.gravatar.com\/avatar\/e4be162918a696358376de6446614e0f0f4062bdc5d170d6d540ada3d8b58c12?s=96&d=mm&r=g","caption":"Zona Caral Administrador"},"sameAs":["https:\/\/zonacaral.gob.pe"],"url":"https:\/\/zonacaral.gob.pe\/en\/noticias\/author\/ad_zonacaral\/"}]}},"_links":{"self":[{"href":"https:\/\/zonacaral.gob.pe\/en\/wp-json\/wp\/v2\/posts\/12929","targetHints":{"allow":["GET"]}}],"collection":[{"href":"https:\/\/zonacaral.gob.pe\/en\/wp-json\/wp\/v2\/posts"}],"about":[{"href":"https:\/\/zonacaral.gob.pe\/en\/wp-json\/wp\/v2\/types\/post"}],"author":[{"embeddable":true,"href":"https:\/\/zonacaral.gob.pe\/en\/wp-json\/wp\/v2\/users\/1"}],"replies":[{"embeddable":true,"href":"https:\/\/zonacaral.gob.pe\/en\/wp-json\/wp\/v2\/comments?post=12929"}],"version-history":[{"count":0,"href":"https:\/\/zonacaral.gob.pe\/en\/wp-json\/wp\/v2\/posts\/12929\/revisions"}],"wp:featuredmedia":[{"embeddable":true,"href":"https:\/\/zonacaral.gob.pe\/en\/wp-json\/wp\/v2\/media\/12932"}],"wp:attachment":[{"href":"https:\/\/zonacaral.gob.pe\/en\/wp-json\/wp\/v2\/media?parent=12929"}],"wp:term":[{"taxonomy":"category","embeddable":true,"href":"https:\/\/zonacaral.gob.pe\/en\/wp-json\/wp\/v2\/categories?post=12929"},{"taxonomy":"post_tag","embeddable":true,"href":"https:\/\/zonacaral.gob.pe\/en\/wp-json\/wp\/v2\/tags?post=12929"}],"curies":[{"name":"wp","href":"https:\/\/api.w.org\/{rel}","templated":true}]}}