{"id":12968,"date":"2018-07-16T17:11:42","date_gmt":"2018-07-16T22:11:42","guid":{"rendered":"http:\/\/www.zonacaral.gob.pe\/?p=12968"},"modified":"2018-07-16T17:11:42","modified_gmt":"2018-07-16T22:11:42","slug":"ruta-turistica-los-origenes-de-la-civilizacion-caral-2","status":"publish","type":"post","link":"https:\/\/zonacaral.gob.pe\/en\/noticias\/ruta-turistica-los-origenes-de-la-civilizacion-caral-2\/","title":{"rendered":"Ruta tur\u00edstica, los or\u00edgenes de la Civilizaci\u00f3n Caral"},"content":{"rendered":"<figure class=\"pic-autor\" style=\"color: #4d4d4d; text-align: justify;\"><\/figure>\n<blockquote><p>Caral, \u00c1spero y Vichama, tres sitios arqueol\u00f3gicos cerca de Lima, lugares donde se inici\u00f3 la Civilizaci\u00f3n en toda Am\u00e9rica, la segunda en el mundo, despu\u00e9s de Mesopotamia.<\/p><\/blockquote>\n<p>Hace m\u00e1s de 5,000 a\u00f1os, en el norte chico del Per\u00fa se construy\u00f3 la civilizaci\u00f3n m\u00e1s antigua de Am\u00e9rica, CARAL; erigida entre un terrero \u00e1rido y un gran valle fruct\u00edfero, con un clima costero, en medio de cerros, que hacen de este sitio un m\u00e1gico lugar.<\/p>\n<p>Aqu\u00ed los habitantes se organizaron e iniciaron el proceso civilizatorio en toda Am\u00e9rica. Se produjo una serie de conocimientos en construcci\u00f3n, pesca y cultivo; conocimientos f\u00edsicos y hasta matem\u00e1ticos. Se organizaron socialmente respetando costumbres, creencias y sobre todo un respeto muy marcado entre hombres y mujeres. Se desarroll\u00f3 la cer\u00e1mica y el arte representado en figurillas, tallados e instrumentos musicales y m\u00e1s.<\/p>\n<p>Per\u00fa, hace m\u00e1s de 3,000 a.C., se convirti\u00f3 en el centro de Am\u00e9rica, pues se hallaron objetos tra\u00eddos desde fuera de nuestro actual territorio. Un complejo y sorprendente desarrollo que a\u00fan no deja de maravillarnos.<\/p>\n<p><strong>\u2028RUTA CARAL<\/strong><\/p>\n<p>La ruta Caral se enmarca en este crecimiento social, que involucra a muchos centros urbanos, y hoy ponemos a disposici\u00f3n de todo el p\u00fablico tres: La Ciudad Sagrada de Caral; \u00c1spero, la Ciudad Pesquera de Caral; y Vichama, la ciudad Agropesquera de Caral.<\/p>\n<p>La Zona Arqueol\u00f3gica de Caral, UE 003 del Ministerio de Cultura, te invita a conocer nuestro or\u00edgenes como civilizaci\u00f3n visitando Caral, ubicado a cuatro horas de viaje, en Supe-Barranca. All\u00ed conocer\u00e1s las pir\u00e1mides que hasta hoy se mantienen, conocer\u00e1s su historia, sus costumbres, lo que se encontr\u00f3, en 24 a\u00f1os de investigaci\u00f3n, y en la Plaza de la Huanca podr\u00e1s recargarte de energ\u00eda.<\/p>\n<p>Adem\u00e1s, conocer\u00e1s el Bosque de Los Huarangos, los Huertos Agroecol\u00f3gicos de Supe, caminar cerca al r\u00edo Supe. Hasta puedes acampar en el espacio acondicionado en el sitio o alojarte en los lugares aleda\u00f1os a la zona.<\/p>\n<p>Luego, a 45 minutos de Caral, hacia al norte, encontrar\u00e1s cerca al mar a \u00c1spero. Habr\u00eda funcionado como puerto pesquero de la \u00e9poca donde se captaba la Anchoveta, principal recurso marino. Aqu\u00ed podr\u00e1s visitar la playa \u201cLa Isla del Fara\u00f3n\u201d, a donde podr\u00e1s llegar caminando desde la orilla. Recuerda que antes de irte debes pasar por el Museo Comunitario de Supe.<\/p>\n<p>Ya de regreso a Lima, a 30 minutos de \u00c1spero, encontrar\u00e1s a Vichama. Est\u00e1 ubicada en el distrito de V\u00e9gueta, Huaura-Huacho. Aqu\u00ed hay juego de colores: un valle verde, un mar azul y unas tierras cremas. D\u00e9jate sorprender por sus tallados humanos hechos en las paredes de su plaza principal y para que complementes tus conocimientos hemos no olvides visitar el Museo Comunitario de V\u00e9gueta.<\/p>\n<p><strong>DATO\u2028<\/strong><\/p>\n<p>La gastronom\u00eda en estos lugares puede ser: para el desayuno un tradicional tamal supano o degustar de las salchichas de Supe y Huacho. Tambi\u00e9n podr\u00edas considerar los chicharrones acompa\u00f1ados de pan, jugo o una bebida caliente. Para el almuerzo puedes preguntar por un delicioso ceviche de corvina dorada, lenguado y lisa, hasta un ceviche de pato, entre otros platos propios del lugar.<\/p>\n<p>Los sitios arqueol\u00f3gicos de Caral, \u00c1spero y Vichama, cuentan con un sendero interpretativo habilitado, circuito para personas con discapacidad motora, gu\u00edas locales, centros de esparcimiento debidamente se\u00f1alizado que cuentan con centros de interpretaci\u00f3n e informes, comedores, servicios b\u00e1sicos, expo venta de productos artesanales y otros.<\/p>\n<p>Los centros poblados cuentan con colectivos, taxis y restaurantes a sus alrededores, buses y otros servicios.<\/p>\n<p><iframe src=\"https:\/\/www.facebook.com\/plugins\/video.php?href=https%3A%2F%2Fwww.facebook.com%2FCARALPERU%2Fvideos%2F1932055386833314%2F&#038;show_text=0&#038;width=560\" width=\"560\" height=\"400\" style=\"border:none;overflow:hidden\" scrolling=\"no\" frameborder=\"0\" allowtransparency=\"true\" allowfullscreen=\"true\"><\/iframe><\/p>\n<p style=\"text-align: justify;\"><span style=\"color: #993300;\"><strong>Fuente<\/strong><strong>: Prensa ZAC<\/strong><\/span><\/p>\n<div style=\"color: #1f1f1f;\">\n<p style=\"text-align: justify;\">Fecha de publicaci\u00f3n: 16\/07\/2018<\/p>\n<\/div>","protected":false},"excerpt":{"rendered":"<p>Caral, \u00c1spero y Vichama, tres sitios arqueol\u00f3gicos cerca de Lima, lugares donde se inici\u00f3 la Civilizaci\u00f3n en toda Am\u00e9rica, la [&hellip;]<\/p>\n","protected":false},"author":1,"featured_media":12966,"comment_status":"closed","ping_status":"open","sticky":false,"template":"","format":"standard","meta":{"_acf_changed":false,"site-sidebar-layout":"default","site-content-layout":"","ast-site-content-layout":"default","site-content-style":"default","site-sidebar-style":"default","ast-global-header-display":"","ast-banner-title-visibility":"","ast-main-header-display":"","ast-hfb-above-header-display":"","ast-hfb-below-header-display":"","ast-hfb-mobile-header-display":"","site-post-title":"","ast-breadcrumbs-content":"","ast-featured-img":"","footer-sml-layout":"","ast-disable-related-posts":"","theme-transparent-header-meta":"","adv-header-id-meta":"","stick-header-meta":"","header-above-stick-meta":"","header-main-stick-meta":"","header-below-stick-meta":"","astra-migrate-meta-layouts":"default","ast-page-background-enabled":"default","ast-page-background-meta":{"desktop":{"background-color":"var(--ast-global-color-5)","background-image":"","background-repeat":"repeat","background-position":"center center","background-size":"auto","background-attachment":"scroll","background-type":"","background-media":"","overlay-type":"","overlay-color":"","overlay-opacity":"","overlay-gradient":""},"tablet":{"background-color":"","background-image":"","background-repeat":"repeat","background-position":"center center","background-size":"auto","background-attachment":"scroll","background-type":"","background-media":"","overlay-type":"","overlay-color":"","overlay-opacity":"","overlay-gradient":""},"mobile":{"background-color":"","background-image":"","background-repeat":"repeat","background-position":"center center","background-size":"auto","background-attachment":"scroll","background-type":"","background-media":"","overlay-type":"","overlay-color":"","overlay-opacity":"","overlay-gradient":""}},"ast-content-background-meta":{"desktop":{"background-color":"var(--ast-global-color-4)","background-image":"","background-repeat":"repeat","background-position":"center center","background-size":"auto","background-attachment":"scroll","background-type":"","background-media":"","overlay-type":"","overlay-color":"","overlay-opacity":"","overlay-gradient":""},"tablet":{"background-color":"var(--ast-global-color-4)","background-image":"","background-repeat":"repeat","background-position":"center center","background-size":"auto","background-attachment":"scroll","background-type":"","background-media":"","overlay-type":"","overlay-color":"","overlay-opacity":"","overlay-gradient":""},"mobile":{"background-color":"var(--ast-global-color-4)","background-image":"","background-repeat":"repeat","background-position":"center center","background-size":"auto","background-attachment":"scroll","background-type":"","background-media":"","overlay-type":"","overlay-color":"","overlay-opacity":"","overlay-gradient":""}},"footnotes":""},"categories":[208],"tags":[55,106],"class_list":["post-12968","post","type-post","status-publish","format-standard","has-post-thumbnail","hentry","category-noticias","tag-caral","tag-turismo"],"acf":[],"yoast_head":"<!-- This site is optimized with the Yoast SEO plugin v27.3 - https:\/\/yoast.com\/product\/yoast-seo-wordpress\/ -->\n<title>Ruta tur\u00edstica, los or\u00edgenes de la Civilizaci\u00f3n Caral<\/title>\n<meta name=\"description\" content=\"Caral, \u00c1spero y Vichama, tres sitios arqueol\u00f3gicos cerca de Lima, lugares donde se inici\u00f3 la Civilizaci\u00f3n en toda Am\u00e9rica, la segunda en el mundo, despu\u00e9s de Mesopotamia.\" \/>\n<meta name=\"robots\" content=\"index, follow, max-snippet:-1, max-image-preview:large, max-video-preview:-1\" \/>\n<link rel=\"canonical\" href=\"https:\/\/zonacaral.gob.pe\/en\/noticias\/ruta-turistica-los-origenes-de-la-civilizacion-caral-2\/\" \/>\n<meta property=\"og:locale\" content=\"en_US\" \/>\n<meta property=\"og:type\" content=\"article\" \/>\n<meta property=\"og:title\" content=\"Ruta tur\u00edstica, los or\u00edgenes de la Civilizaci\u00f3n Caral\" \/>\n<meta property=\"og:description\" content=\"Caral, \u00c1spero y Vichama, tres sitios arqueol\u00f3gicos cerca de Lima, lugares donde se inici\u00f3 la Civilizaci\u00f3n en toda Am\u00e9rica, la segunda en el mundo, despu\u00e9s de Mesopotamia.\" \/>\n<meta property=\"og:url\" content=\"https:\/\/zonacaral.gob.pe\/en\/noticias\/ruta-turistica-los-origenes-de-la-civilizacion-caral-2\/\" \/>\n<meta property=\"og:site_name\" content=\"Zona Caral\" \/>\n<meta property=\"article:published_time\" content=\"2018-07-16T22:11:42+00:00\" \/>\n<meta property=\"og:image\" content=\"https:\/\/zonacaral.gob.pe\/wp-content\/uploads\/2018\/07\/Turismo-Caral.jpg\" \/>\n\t<meta property=\"og:image:width\" content=\"810\" \/>\n\t<meta property=\"og:image:height\" content=\"410\" \/>\n\t<meta property=\"og:image:type\" content=\"image\/jpeg\" \/>\n<meta name=\"author\" content=\"Zona Caral Administrador\" \/>\n<meta name=\"twitter:card\" content=\"summary_large_image\" \/>\n<meta name=\"twitter:label1\" content=\"Written by\" \/>\n\t<meta name=\"twitter:data1\" content=\"Zona Caral Administrador\" \/>\n\t<meta name=\"twitter:label2\" content=\"Est. reading time\" \/>\n\t<meta name=\"twitter:data2\" content=\"3 minutes\" \/>\n<script type=\"application\/ld+json\" class=\"yoast-schema-graph\">{\"@context\":\"https:\\\/\\\/schema.org\",\"@graph\":[{\"@type\":\"Article\",\"@id\":\"https:\\\/\\\/zonacaral.gob.pe\\\/es\\\/noticias\\\/ruta-turistica-los-origenes-de-la-civilizacion-caral-2\\\/#article\",\"isPartOf\":{\"@id\":\"https:\\\/\\\/zonacaral.gob.pe\\\/es\\\/noticias\\\/ruta-turistica-los-origenes-de-la-civilizacion-caral-2\\\/\"},\"author\":{\"name\":\"Zona Caral Administrador\",\"@id\":\"https:\\\/\\\/zonacaral.gob.pe\\\/es\\\/#\\\/schema\\\/person\\\/beddb4d22f71a7230c5b90913270a0ee\"},\"headline\":\"Ruta tur\u00edstica, los or\u00edgenes de la Civilizaci\u00f3n Caral\",\"datePublished\":\"2018-07-16T22:11:42+00:00\",\"mainEntityOfPage\":{\"@id\":\"https:\\\/\\\/zonacaral.gob.pe\\\/es\\\/noticias\\\/ruta-turistica-los-origenes-de-la-civilizacion-caral-2\\\/\"},\"wordCount\":633,\"image\":{\"@id\":\"https:\\\/\\\/zonacaral.gob.pe\\\/es\\\/noticias\\\/ruta-turistica-los-origenes-de-la-civilizacion-caral-2\\\/#primaryimage\"},\"thumbnailUrl\":\"https:\\\/\\\/zonacaral.gob.pe\\\/wp-content\\\/uploads\\\/2018\\\/07\\\/Turismo-Caral.jpg\",\"keywords\":[\"caral\",\"turismo\"],\"articleSection\":[\"noticias\"],\"inLanguage\":\"en-US\"},{\"@type\":\"WebPage\",\"@id\":\"https:\\\/\\\/zonacaral.gob.pe\\\/es\\\/noticias\\\/ruta-turistica-los-origenes-de-la-civilizacion-caral-2\\\/\",\"url\":\"https:\\\/\\\/zonacaral.gob.pe\\\/es\\\/noticias\\\/ruta-turistica-los-origenes-de-la-civilizacion-caral-2\\\/\",\"name\":\"Ruta tur\u00edstica, los or\u00edgenes de la Civilizaci\u00f3n Caral\",\"isPartOf\":{\"@id\":\"https:\\\/\\\/zonacaral.gob.pe\\\/es\\\/#website\"},\"primaryImageOfPage\":{\"@id\":\"https:\\\/\\\/zonacaral.gob.pe\\\/es\\\/noticias\\\/ruta-turistica-los-origenes-de-la-civilizacion-caral-2\\\/#primaryimage\"},\"image\":{\"@id\":\"https:\\\/\\\/zonacaral.gob.pe\\\/es\\\/noticias\\\/ruta-turistica-los-origenes-de-la-civilizacion-caral-2\\\/#primaryimage\"},\"thumbnailUrl\":\"https:\\\/\\\/zonacaral.gob.pe\\\/wp-content\\\/uploads\\\/2018\\\/07\\\/Turismo-Caral.jpg\",\"datePublished\":\"2018-07-16T22:11:42+00:00\",\"author\":{\"@id\":\"https:\\\/\\\/zonacaral.gob.pe\\\/es\\\/#\\\/schema\\\/person\\\/beddb4d22f71a7230c5b90913270a0ee\"},\"description\":\"Caral, \u00c1spero y Vichama, tres sitios arqueol\u00f3gicos cerca de Lima, lugares donde se inici\u00f3 la Civilizaci\u00f3n en toda Am\u00e9rica, la segunda en el mundo, despu\u00e9s de Mesopotamia.\",\"breadcrumb\":{\"@id\":\"https:\\\/\\\/zonacaral.gob.pe\\\/es\\\/noticias\\\/ruta-turistica-los-origenes-de-la-civilizacion-caral-2\\\/#breadcrumb\"},\"inLanguage\":\"en-US\",\"potentialAction\":[{\"@type\":\"ReadAction\",\"target\":[\"https:\\\/\\\/zonacaral.gob.pe\\\/es\\\/noticias\\\/ruta-turistica-los-origenes-de-la-civilizacion-caral-2\\\/\"]}]},{\"@type\":\"ImageObject\",\"inLanguage\":\"en-US\",\"@id\":\"https:\\\/\\\/zonacaral.gob.pe\\\/es\\\/noticias\\\/ruta-turistica-los-origenes-de-la-civilizacion-caral-2\\\/#primaryimage\",\"url\":\"https:\\\/\\\/zonacaral.gob.pe\\\/wp-content\\\/uploads\\\/2018\\\/07\\\/Turismo-Caral.jpg\",\"contentUrl\":\"https:\\\/\\\/zonacaral.gob.pe\\\/wp-content\\\/uploads\\\/2018\\\/07\\\/Turismo-Caral.jpg\",\"width\":810,\"height\":410},{\"@type\":\"BreadcrumbList\",\"@id\":\"https:\\\/\\\/zonacaral.gob.pe\\\/es\\\/noticias\\\/ruta-turistica-los-origenes-de-la-civilizacion-caral-2\\\/#breadcrumb\",\"itemListElement\":[{\"@type\":\"ListItem\",\"position\":1,\"name\":\"Portada\",\"item\":\"https:\\\/\\\/zonacaral.gob.pe\\\/\"},{\"@type\":\"ListItem\",\"position\":2,\"name\":\"Ruta tur\u00edstica, los or\u00edgenes de la Civilizaci\u00f3n Caral\"}]},{\"@type\":\"WebSite\",\"@id\":\"https:\\\/\\\/zonacaral.gob.pe\\\/es\\\/#website\",\"url\":\"https:\\\/\\\/zonacaral.gob.pe\\\/es\\\/\",\"name\":\"Zona Caral\",\"description\":\"Investigamos, conservamos y difundimos el patrimonio cultural de la Civilizaci\u00f3n Caral, la m\u00e1s antigua de Am\u00e9rica.\",\"potentialAction\":[{\"@type\":\"SearchAction\",\"target\":{\"@type\":\"EntryPoint\",\"urlTemplate\":\"https:\\\/\\\/zonacaral.gob.pe\\\/es\\\/?s={search_term_string}\"},\"query-input\":{\"@type\":\"PropertyValueSpecification\",\"valueRequired\":true,\"valueName\":\"search_term_string\"}}],\"inLanguage\":\"en-US\"},{\"@type\":\"Person\",\"@id\":\"https:\\\/\\\/zonacaral.gob.pe\\\/es\\\/#\\\/schema\\\/person\\\/beddb4d22f71a7230c5b90913270a0ee\",\"name\":\"Zona Caral Administrador\",\"image\":{\"@type\":\"ImageObject\",\"inLanguage\":\"en-US\",\"@id\":\"https:\\\/\\\/secure.gravatar.com\\\/avatar\\\/e4be162918a696358376de6446614e0f0f4062bdc5d170d6d540ada3d8b58c12?s=96&d=mm&r=g\",\"url\":\"https:\\\/\\\/secure.gravatar.com\\\/avatar\\\/e4be162918a696358376de6446614e0f0f4062bdc5d170d6d540ada3d8b58c12?s=96&d=mm&r=g\",\"contentUrl\":\"https:\\\/\\\/secure.gravatar.com\\\/avatar\\\/e4be162918a696358376de6446614e0f0f4062bdc5d170d6d540ada3d8b58c12?s=96&d=mm&r=g\",\"caption\":\"Zona Caral Administrador\"},\"sameAs\":[\"https:\\\/\\\/zonacaral.gob.pe\"],\"url\":\"https:\\\/\\\/zonacaral.gob.pe\\\/en\\\/noticias\\\/author\\\/ad_zonacaral\\\/\"}]}<\/script>\n<!-- \/ Yoast SEO plugin. -->","yoast_head_json":{"title":"Ruta tur\u00edstica, los or\u00edgenes de la Civilizaci\u00f3n Caral","description":"Caral, \u00c1spero y Vichama, tres sitios arqueol\u00f3gicos cerca de Lima, lugares donde se inici\u00f3 la Civilizaci\u00f3n en toda Am\u00e9rica, la segunda en el mundo, despu\u00e9s de Mesopotamia.","robots":{"index":"index","follow":"follow","max-snippet":"max-snippet:-1","max-image-preview":"max-image-preview:large","max-video-preview":"max-video-preview:-1"},"canonical":"https:\/\/zonacaral.gob.pe\/en\/noticias\/ruta-turistica-los-origenes-de-la-civilizacion-caral-2\/","og_locale":"en_US","og_type":"article","og_title":"Ruta tur\u00edstica, los or\u00edgenes de la Civilizaci\u00f3n Caral","og_description":"Caral, \u00c1spero y Vichama, tres sitios arqueol\u00f3gicos cerca de Lima, lugares donde se inici\u00f3 la Civilizaci\u00f3n en toda Am\u00e9rica, la segunda en el mundo, despu\u00e9s de Mesopotamia.","og_url":"https:\/\/zonacaral.gob.pe\/en\/noticias\/ruta-turistica-los-origenes-de-la-civilizacion-caral-2\/","og_site_name":"Zona Caral","article_published_time":"2018-07-16T22:11:42+00:00","og_image":[{"width":810,"height":410,"url":"https:\/\/zonacaral.gob.pe\/wp-content\/uploads\/2018\/07\/Turismo-Caral.jpg","type":"image\/jpeg"}],"author":"Zona Caral Administrador","twitter_card":"summary_large_image","twitter_misc":{"Written by":"Zona Caral Administrador","Est. reading time":"3 minutes"},"schema":{"@context":"https:\/\/schema.org","@graph":[{"@type":"Article","@id":"https:\/\/zonacaral.gob.pe\/es\/noticias\/ruta-turistica-los-origenes-de-la-civilizacion-caral-2\/#article","isPartOf":{"@id":"https:\/\/zonacaral.gob.pe\/es\/noticias\/ruta-turistica-los-origenes-de-la-civilizacion-caral-2\/"},"author":{"name":"Zona Caral Administrador","@id":"https:\/\/zonacaral.gob.pe\/es\/#\/schema\/person\/beddb4d22f71a7230c5b90913270a0ee"},"headline":"Ruta tur\u00edstica, los or\u00edgenes de la Civilizaci\u00f3n Caral","datePublished":"2018-07-16T22:11:42+00:00","mainEntityOfPage":{"@id":"https:\/\/zonacaral.gob.pe\/es\/noticias\/ruta-turistica-los-origenes-de-la-civilizacion-caral-2\/"},"wordCount":633,"image":{"@id":"https:\/\/zonacaral.gob.pe\/es\/noticias\/ruta-turistica-los-origenes-de-la-civilizacion-caral-2\/#primaryimage"},"thumbnailUrl":"https:\/\/zonacaral.gob.pe\/wp-content\/uploads\/2018\/07\/Turismo-Caral.jpg","keywords":["caral","turismo"],"articleSection":["noticias"],"inLanguage":"en-US"},{"@type":"WebPage","@id":"https:\/\/zonacaral.gob.pe\/es\/noticias\/ruta-turistica-los-origenes-de-la-civilizacion-caral-2\/","url":"https:\/\/zonacaral.gob.pe\/es\/noticias\/ruta-turistica-los-origenes-de-la-civilizacion-caral-2\/","name":"Ruta tur\u00edstica, los or\u00edgenes de la Civilizaci\u00f3n Caral","isPartOf":{"@id":"https:\/\/zonacaral.gob.pe\/es\/#website"},"primaryImageOfPage":{"@id":"https:\/\/zonacaral.gob.pe\/es\/noticias\/ruta-turistica-los-origenes-de-la-civilizacion-caral-2\/#primaryimage"},"image":{"@id":"https:\/\/zonacaral.gob.pe\/es\/noticias\/ruta-turistica-los-origenes-de-la-civilizacion-caral-2\/#primaryimage"},"thumbnailUrl":"https:\/\/zonacaral.gob.pe\/wp-content\/uploads\/2018\/07\/Turismo-Caral.jpg","datePublished":"2018-07-16T22:11:42+00:00","author":{"@id":"https:\/\/zonacaral.gob.pe\/es\/#\/schema\/person\/beddb4d22f71a7230c5b90913270a0ee"},"description":"Caral, \u00c1spero y Vichama, tres sitios arqueol\u00f3gicos cerca de Lima, lugares donde se inici\u00f3 la Civilizaci\u00f3n en toda Am\u00e9rica, la segunda en el mundo, despu\u00e9s de Mesopotamia.","breadcrumb":{"@id":"https:\/\/zonacaral.gob.pe\/es\/noticias\/ruta-turistica-los-origenes-de-la-civilizacion-caral-2\/#breadcrumb"},"inLanguage":"en-US","potentialAction":[{"@type":"ReadAction","target":["https:\/\/zonacaral.gob.pe\/es\/noticias\/ruta-turistica-los-origenes-de-la-civilizacion-caral-2\/"]}]},{"@type":"ImageObject","inLanguage":"en-US","@id":"https:\/\/zonacaral.gob.pe\/es\/noticias\/ruta-turistica-los-origenes-de-la-civilizacion-caral-2\/#primaryimage","url":"https:\/\/zonacaral.gob.pe\/wp-content\/uploads\/2018\/07\/Turismo-Caral.jpg","contentUrl":"https:\/\/zonacaral.gob.pe\/wp-content\/uploads\/2018\/07\/Turismo-Caral.jpg","width":810,"height":410},{"@type":"BreadcrumbList","@id":"https:\/\/zonacaral.gob.pe\/es\/noticias\/ruta-turistica-los-origenes-de-la-civilizacion-caral-2\/#breadcrumb","itemListElement":[{"@type":"ListItem","position":1,"name":"Portada","item":"https:\/\/zonacaral.gob.pe\/"},{"@type":"ListItem","position":2,"name":"Ruta tur\u00edstica, los or\u00edgenes de la Civilizaci\u00f3n Caral"}]},{"@type":"WebSite","@id":"https:\/\/zonacaral.gob.pe\/es\/#website","url":"https:\/\/zonacaral.gob.pe\/es\/","name":"Zona Caral","description":"Investigamos, conservamos y difundimos el patrimonio cultural de la Civilizaci\u00f3n Caral, la m\u00e1s antigua de Am\u00e9rica.","potentialAction":[{"@type":"SearchAction","target":{"@type":"EntryPoint","urlTemplate":"https:\/\/zonacaral.gob.pe\/es\/?s={search_term_string}"},"query-input":{"@type":"PropertyValueSpecification","valueRequired":true,"valueName":"search_term_string"}}],"inLanguage":"en-US"},{"@type":"Person","@id":"https:\/\/zonacaral.gob.pe\/es\/#\/schema\/person\/beddb4d22f71a7230c5b90913270a0ee","name":"Zona Caral Administrador","image":{"@type":"ImageObject","inLanguage":"en-US","@id":"https:\/\/secure.gravatar.com\/avatar\/e4be162918a696358376de6446614e0f0f4062bdc5d170d6d540ada3d8b58c12?s=96&d=mm&r=g","url":"https:\/\/secure.gravatar.com\/avatar\/e4be162918a696358376de6446614e0f0f4062bdc5d170d6d540ada3d8b58c12?s=96&d=mm&r=g","contentUrl":"https:\/\/secure.gravatar.com\/avatar\/e4be162918a696358376de6446614e0f0f4062bdc5d170d6d540ada3d8b58c12?s=96&d=mm&r=g","caption":"Zona Caral Administrador"},"sameAs":["https:\/\/zonacaral.gob.pe"],"url":"https:\/\/zonacaral.gob.pe\/en\/noticias\/author\/ad_zonacaral\/"}]}},"_links":{"self":[{"href":"https:\/\/zonacaral.gob.pe\/en\/wp-json\/wp\/v2\/posts\/12968","targetHints":{"allow":["GET"]}}],"collection":[{"href":"https:\/\/zonacaral.gob.pe\/en\/wp-json\/wp\/v2\/posts"}],"about":[{"href":"https:\/\/zonacaral.gob.pe\/en\/wp-json\/wp\/v2\/types\/post"}],"author":[{"embeddable":true,"href":"https:\/\/zonacaral.gob.pe\/en\/wp-json\/wp\/v2\/users\/1"}],"replies":[{"embeddable":true,"href":"https:\/\/zonacaral.gob.pe\/en\/wp-json\/wp\/v2\/comments?post=12968"}],"version-history":[{"count":0,"href":"https:\/\/zonacaral.gob.pe\/en\/wp-json\/wp\/v2\/posts\/12968\/revisions"}],"wp:featuredmedia":[{"embeddable":true,"href":"https:\/\/zonacaral.gob.pe\/en\/wp-json\/wp\/v2\/media\/12966"}],"wp:attachment":[{"href":"https:\/\/zonacaral.gob.pe\/en\/wp-json\/wp\/v2\/media?parent=12968"}],"wp:term":[{"taxonomy":"category","embeddable":true,"href":"https:\/\/zonacaral.gob.pe\/en\/wp-json\/wp\/v2\/categories?post=12968"},{"taxonomy":"post_tag","embeddable":true,"href":"https:\/\/zonacaral.gob.pe\/en\/wp-json\/wp\/v2\/tags?post=12968"}],"curies":[{"name":"wp","href":"https:\/\/api.w.org\/{rel}","templated":true}]}}